{"id":47075,"date":"2021-06-17T13:02:35","date_gmt":"2021-06-17T11:02:35","guid":{"rendered":"https:\/\/kunmedierne.dk\/mors\/?p=47075"},"modified":"2024-08-07T14:45:40","modified_gmt":"2024-08-07T12:45:40","slug":"svar-til-hans-ejner-bertelsen","status":"publish","type":"post","link":"https:\/\/kunmedierne.dk\/mors\/svar-til-hans-ejner-bertelsen\/","title":{"rendered":"Svar til Hans Ejner Bertelsen"},"content":{"rendered":"<p><em>Pia Thorsen, kandidat for Enhedslisten til efter\u00e5rets kommunal- og regionsr\u00e5dsvalg, har sendt dette debatindl\u00e6g som et svar p\u00e5 et debatindl\u00e6g <a href=\"https:\/\/kunmedierne.dk\/mors\/oerodde-igen\/\" target=\"_blank\" rel=\"noopener\">tidligere i dag<\/a> af borgmester Hans Ejner Bertelsen (V):<\/em><\/p>\n<hr \/>\n<p><strong>MORS<\/strong>: Jeg kan godt forst\u00e5, at medarbejderne var stolte af at pr\u00e6sentere deres arbejde med kommuneplanen p\u00e5 borgerm\u00f8det. De havde udf\u00f8rt deres arbejde godt. Udf\u00f8rt inden for de rammer som politikerne havde udstedt.<\/p>\n<p>Hvilke rammer havde politikerne udstedt Hans Ejnar?<\/p>\n<p>Medarbejderne kan s\u00e5 sandelig ikke g\u00f8re for, at rammerne var, som de var. Det er ene og alene politikernes ansvar.<\/p>\n<p>Derefter kniber det lidt med forst\u00e5elsen fra min side. <a href=\"https:\/\/www.sparv.dk\/\"><img loading=\"lazy\" decoding=\"async\" class=\"alignright size-full wp-image-46602\" src=\"https:\/\/kunmedierne.dk\/mors\/wp-content\/uploads\/2021\/06\/t11.jpg\" alt=\"\" width=\"1400\" height=\"125\" srcset=\"https:\/\/kunmedierne.dk\/mors\/wp-content\/uploads\/2021\/06\/t11.jpg 1400w, https:\/\/kunmedierne.dk\/mors\/wp-content\/uploads\/2021\/06\/t11-300x27.jpg 300w, https:\/\/kunmedierne.dk\/mors\/wp-content\/uploads\/2021\/06\/t11-1024x91.jpg 1024w, https:\/\/kunmedierne.dk\/mors\/wp-content\/uploads\/2021\/06\/t11-768x69.jpg 768w, https:\/\/kunmedierne.dk\/mors\/wp-content\/uploads\/2021\/06\/t11-600x54.jpg 600w\" sizes=\"auto, (max-width: 1400px) 100vw, 1400px\" \/><\/a><\/p>\n<p>Det er besk\u00e6mmende, at toppen i Venstre lader medarbejderne pr\u00e6sentere en s\u00e5 kontroversiel plan.<\/p>\n<p>Det er besk\u00e6mmende, at toppen i Venstre uds\u00e6tter medarbejderne for at skulle st\u00e5 p\u00e5 m\u00e5l for et politisk udspil.<\/p>\n<p>Det er besk\u00e6mmende, at der blandt de 13 fra Venstre og DF ikke findes \u00e9n eneste, der hverken kunne eller turde freml\u00e6gge planen eller svare p\u00e5 sp\u00f8rgsm\u00e5l fra borgerne.<\/p>\n<p>Processen i arbejdet med denne kommuneplan viser med tydelighed, hvor vigtig borgerinddragelse er. Borgerne i Mors\u00f8 Kommune vil have indflydelse p\u00e5 deres \u00f8. <a href=\"https:\/\/thistedkloakservice.dk\/\"><img loading=\"lazy\" decoding=\"async\" class=\"alignright size-full wp-image-46603\" src=\"https:\/\/kunmedierne.dk\/mors\/wp-content\/uploads\/2021\/06\/t12.jpg\" alt=\"\" width=\"1400\" height=\"125\" srcset=\"https:\/\/kunmedierne.dk\/mors\/wp-content\/uploads\/2021\/06\/t12.jpg 1400w, https:\/\/kunmedierne.dk\/mors\/wp-content\/uploads\/2021\/06\/t12-300x27.jpg 300w, https:\/\/kunmedierne.dk\/mors\/wp-content\/uploads\/2021\/06\/t12-1024x91.jpg 1024w, https:\/\/kunmedierne.dk\/mors\/wp-content\/uploads\/2021\/06\/t12-768x69.jpg 768w, https:\/\/kunmedierne.dk\/mors\/wp-content\/uploads\/2021\/06\/t12-600x54.jpg 600w\" sizes=\"auto, (max-width: 1400px) 100vw, 1400px\" \/><\/a><\/p>\n<p>Jeg kan godt forst\u00e5, at Hans Ejnar gl\u00e6der sig til h\u00f8ringen. S\u00e5 kan han jo f\u00e5 den indsigt i borgernes \u00f8nsker, som han tydeligvis mangler.<\/p>\n<p>Nu kan Hans Ejnar i \u00f8vrigt ogs\u00e5 stoppe med at dr\u00f8mme om at sove i telt hos boligministeren for at f\u00e5 gr\u00f8nt lys til byggegrunde p\u00e5 \u00d8rodde.<\/p>\n<hr \/>\n<p><em>Har du et bidrag til den lokale debat? Send det til os p\u00e5 e-mail: debat@kunmedierne.dk\/mors. Husk at l\u00e6se korrektur inden afsendelse p\u00e5 indl\u00e6gget.<\/em><\/p>\n","protected":false},"excerpt":{"rendered":"<p>Pia Thorsen, kandidat for Enhedslisten til efter\u00e5rets kommunal- og regionsr\u00e5dsvalg, har sendt dette debatindl\u00e6g som et svar p\u00e5 et debatindl\u00e6g tidligere i dag af borgmester Hans Ejner Bertelsen (V): MORS: Jeg kan godt forst\u00e5, at medarbejderne var stolte af at pr\u00e6sentere deres arbejde med kommuneplanen p\u00e5 borgerm\u00f8det. De havde udf\u00f8rt deres arbejde godt. Udf\u00f8rt inden [&hellip;]<\/p>\n","protected":false},"author":11,"featured_media":47076,"comment_status":"open","ping_status":"open","sticky":false,"template":"","format":"standard","meta":{"_acf_changed":false,"footnotes":""},"categories":[56],"tags":[167],"class_list":["post-47075","post","type-post","status-publish","format-standard","has-post-thumbnail","hentry","category-debat","tag-politik"],"acf":[],"yoast_head":"<!-- This site is optimized with the Yoast SEO plugin v26.8 - https:\/\/yoast.com\/product\/yoast-seo-wordpress\/ -->\n<title>Svar til Hans Ejner Bertelsen - Mors<\/title>\n<meta name=\"robots\" content=\"index, follow, max-snippet:-1, max-image-preview:large, max-video-preview:-1\" \/>\n<link rel=\"canonical\" href=\"https:\/\/kunmedierne.dk\/mors\/svar-til-hans-ejner-bertelsen\/\" \/>\n<meta property=\"og:locale\" content=\"da_DK\" \/>\n<meta property=\"og:type\" content=\"article\" \/>\n<meta property=\"og:title\" content=\"Svar til Hans Ejner Bertelsen - Mors\" \/>\n<meta property=\"og:description\" content=\"Pia Thorsen, kandidat for Enhedslisten til efter\u00e5rets kommunal- og regionsr\u00e5dsvalg, har sendt dette debatindl\u00e6g som et svar p\u00e5 et debatindl\u00e6g tidligere i dag af borgmester Hans Ejner Bertelsen (V): MORS: Jeg kan godt forst\u00e5, at medarbejderne var stolte af at pr\u00e6sentere deres arbejde med kommuneplanen p\u00e5 borgerm\u00f8det. De havde udf\u00f8rt deres arbejde godt. Udf\u00f8rt inden [&hellip;]\" \/>\n<meta property=\"og:url\" content=\"https:\/\/kunmedierne.dk\/mors\/svar-til-hans-ejner-bertelsen\/\" \/>\n<meta property=\"og:site_name\" content=\"Mors\" \/>\n<meta property=\"article:published_time\" content=\"2021-06-17T11:02:35+00:00\" \/>\n<meta property=\"article:modified_time\" content=\"2024-08-07T12:45:40+00:00\" \/>\n<meta property=\"og:image\" content=\"https:\/\/kunmedierne.dk\/mors\/wp-content\/uploads\/2021\/06\/pia-thorsen.jpg\" \/>\n\t<meta property=\"og:image:width\" content=\"770\" \/>\n\t<meta property=\"og:image:height\" content=\"513\" \/>\n\t<meta property=\"og:image:type\" content=\"image\/jpeg\" \/>\n<meta name=\"author\" content=\"Debat\" \/>\n<meta name=\"twitter:card\" content=\"summary_large_image\" \/>\n<meta name=\"twitter:label1\" content=\"Skrevet af\" \/>\n\t<meta name=\"twitter:data1\" content=\"Debat\" \/>\n\t<meta name=\"twitter:label2\" content=\"Estimeret l\u00e6setid\" \/>\n\t<meta name=\"twitter:data2\" content=\"2 minutter\" \/>\n<script type=\"application\/ld+json\" class=\"yoast-schema-graph\">{\"@context\":\"https:\/\/schema.org\",\"@graph\":[{\"@type\":\"Article\",\"@id\":\"https:\/\/kunmedierne.dk\/mors\/svar-til-hans-ejner-bertelsen\/#article\",\"isPartOf\":{\"@id\":\"https:\/\/kunmedierne.dk\/mors\/svar-til-hans-ejner-bertelsen\/\"},\"author\":{\"name\":\"Debat\",\"@id\":\"https:\/\/kunmedierne.dk\/mors\/#\/schema\/person\/84c1391bce0b43b9bb3a49736bc0ad78\"},\"headline\":\"Svar til Hans Ejner Bertelsen\",\"datePublished\":\"2021-06-17T11:02:35+00:00\",\"dateModified\":\"2024-08-07T12:45:40+00:00\",\"mainEntityOfPage\":{\"@id\":\"https:\/\/kunmedierne.dk\/mors\/svar-til-hans-ejner-bertelsen\/\"},\"wordCount\":289,\"commentCount\":0,\"publisher\":{\"@id\":\"https:\/\/kunmedierne.dk\/mors\/#organization\"},\"image\":{\"@id\":\"https:\/\/kunmedierne.dk\/mors\/svar-til-hans-ejner-bertelsen\/#primaryimage\"},\"thumbnailUrl\":\"https:\/\/kunmedierne.dk\/mors\/wp-content\/uploads\/2021\/06\/pia-thorsen.jpg\",\"keywords\":[\"Politik\"],\"articleSection\":[\"Debat\"],\"inLanguage\":\"da-DK\",\"potentialAction\":[{\"@type\":\"CommentAction\",\"name\":\"Comment\",\"target\":[\"https:\/\/kunmedierne.dk\/mors\/svar-til-hans-ejner-bertelsen\/#respond\"]}]},{\"@type\":\"WebPage\",\"@id\":\"https:\/\/kunmedierne.dk\/mors\/svar-til-hans-ejner-bertelsen\/\",\"url\":\"https:\/\/kunmedierne.dk\/mors\/svar-til-hans-ejner-bertelsen\/\",\"name\":\"Svar til Hans Ejner Bertelsen - Mors\",\"isPartOf\":{\"@id\":\"https:\/\/kunmedierne.dk\/mors\/#website\"},\"primaryImageOfPage\":{\"@id\":\"https:\/\/kunmedierne.dk\/mors\/svar-til-hans-ejner-bertelsen\/#primaryimage\"},\"image\":{\"@id\":\"https:\/\/kunmedierne.dk\/mors\/svar-til-hans-ejner-bertelsen\/#primaryimage\"},\"thumbnailUrl\":\"https:\/\/kunmedierne.dk\/mors\/wp-content\/uploads\/2021\/06\/pia-thorsen.jpg\",\"datePublished\":\"2021-06-17T11:02:35+00:00\",\"dateModified\":\"2024-08-07T12:45:40+00:00\",\"breadcrumb\":{\"@id\":\"https:\/\/kunmedierne.dk\/mors\/svar-til-hans-ejner-bertelsen\/#breadcrumb\"},\"inLanguage\":\"da-DK\",\"potentialAction\":[{\"@type\":\"ReadAction\",\"target\":[\"https:\/\/kunmedierne.dk\/mors\/svar-til-hans-ejner-bertelsen\/\"]}]},{\"@type\":\"ImageObject\",\"inLanguage\":\"da-DK\",\"@id\":\"https:\/\/kunmedierne.dk\/mors\/svar-til-hans-ejner-bertelsen\/#primaryimage\",\"url\":\"https:\/\/kunmedierne.dk\/mors\/wp-content\/uploads\/2021\/06\/pia-thorsen.jpg\",\"contentUrl\":\"https:\/\/kunmedierne.dk\/mors\/wp-content\/uploads\/2021\/06\/pia-thorsen.jpg\",\"width\":770,\"height\":513,\"caption\":\"Pia Thorsen, Enhedslisten. Privatfoto.\"},{\"@type\":\"BreadcrumbList\",\"@id\":\"https:\/\/kunmedierne.dk\/mors\/svar-til-hans-ejner-bertelsen\/#breadcrumb\",\"itemListElement\":[{\"@type\":\"ListItem\",\"position\":1,\"name\":\"Hjem\",\"item\":\"https:\/\/kunmedierne.dk\/mors\/\"},{\"@type\":\"ListItem\",\"position\":2,\"name\":\"Svar til Hans Ejner Bertelsen\"}]},{\"@type\":\"WebSite\",\"@id\":\"https:\/\/kunmedierne.dk\/mors\/#website\",\"url\":\"https:\/\/kunmedierne.dk\/mors\/\",\"name\":\"Mors\",\"description\":\"et netmedie med journalistik om livet p\u00e5 Mors\",\"publisher\":{\"@id\":\"https:\/\/kunmedierne.dk\/mors\/#organization\"},\"potentialAction\":[{\"@type\":\"SearchAction\",\"target\":{\"@type\":\"EntryPoint\",\"urlTemplate\":\"https:\/\/kunmedierne.dk\/mors\/?s={search_term_string}\"},\"query-input\":{\"@type\":\"PropertyValueSpecification\",\"valueRequired\":true,\"valueName\":\"search_term_string\"}}],\"inLanguage\":\"da-DK\"},{\"@type\":\"Organization\",\"@id\":\"https:\/\/kunmedierne.dk\/mors\/#organization\",\"name\":\"Mors\",\"url\":\"https:\/\/kunmedierne.dk\/mors\/\",\"logo\":{\"@type\":\"ImageObject\",\"inLanguage\":\"da-DK\",\"@id\":\"https:\/\/kunmedierne.dk\/mors\/#\/schema\/logo\/image\/\",\"url\":\"https:\/\/kunmedierne.dk\/mors\/wp-content\/uploads\/2024\/08\/kunmors-logo.svg\",\"contentUrl\":\"https:\/\/kunmedierne.dk\/mors\/wp-content\/uploads\/2024\/08\/kunmors-logo.svg\",\"caption\":\"Mors\"},\"image\":{\"@id\":\"https:\/\/kunmedierne.dk\/mors\/#\/schema\/logo\/image\/\"}},{\"@type\":\"Person\",\"@id\":\"https:\/\/kunmedierne.dk\/mors\/#\/schema\/person\/84c1391bce0b43b9bb3a49736bc0ad78\",\"name\":\"Debat\",\"image\":{\"@type\":\"ImageObject\",\"inLanguage\":\"da-DK\",\"@id\":\"https:\/\/kunmedierne.dk\/mors\/#\/schema\/person\/image\/\",\"url\":\"https:\/\/secure.gravatar.com\/avatar\/b0fb2e221d618f7c65162ab0d49c7e8a0b580c871ca03af90e42b47b4150654c?s=96&d=mm&r=g\",\"contentUrl\":\"https:\/\/secure.gravatar.com\/avatar\/b0fb2e221d618f7c65162ab0d49c7e8a0b580c871ca03af90e42b47b4150654c?s=96&d=mm&r=g\",\"caption\":\"Debat\"},\"url\":\"https:\/\/kunmedierne.dk\/mors\/author\/debat\/\"}]}<\/script>\n<!-- \/ Yoast SEO plugin. -->","yoast_head_json":{"title":"Svar til Hans Ejner Bertelsen - Mors","robots":{"index":"index","follow":"follow","max-snippet":"max-snippet:-1","max-image-preview":"max-image-preview:large","max-video-preview":"max-video-preview:-1"},"canonical":"https:\/\/kunmedierne.dk\/mors\/svar-til-hans-ejner-bertelsen\/","og_locale":"da_DK","og_type":"article","og_title":"Svar til Hans Ejner Bertelsen - Mors","og_description":"Pia Thorsen, kandidat for Enhedslisten til efter\u00e5rets kommunal- og regionsr\u00e5dsvalg, har sendt dette debatindl\u00e6g som et svar p\u00e5 et debatindl\u00e6g tidligere i dag af borgmester Hans Ejner Bertelsen (V): MORS: Jeg kan godt forst\u00e5, at medarbejderne var stolte af at pr\u00e6sentere deres arbejde med kommuneplanen p\u00e5 borgerm\u00f8det. De havde udf\u00f8rt deres arbejde godt. Udf\u00f8rt inden [&hellip;]","og_url":"https:\/\/kunmedierne.dk\/mors\/svar-til-hans-ejner-bertelsen\/","og_site_name":"Mors","article_published_time":"2021-06-17T11:02:35+00:00","article_modified_time":"2024-08-07T12:45:40+00:00","og_image":[{"width":770,"height":513,"url":"https:\/\/kunmedierne.dk\/mors\/wp-content\/uploads\/2021\/06\/pia-thorsen.jpg","type":"image\/jpeg"}],"author":"Debat","twitter_card":"summary_large_image","twitter_misc":{"Skrevet af":"Debat","Estimeret l\u00e6setid":"2 minutter"},"schema":{"@context":"https:\/\/schema.org","@graph":[{"@type":"Article","@id":"https:\/\/kunmedierne.dk\/mors\/svar-til-hans-ejner-bertelsen\/#article","isPartOf":{"@id":"https:\/\/kunmedierne.dk\/mors\/svar-til-hans-ejner-bertelsen\/"},"author":{"name":"Debat","@id":"https:\/\/kunmedierne.dk\/mors\/#\/schema\/person\/84c1391bce0b43b9bb3a49736bc0ad78"},"headline":"Svar til Hans Ejner Bertelsen","datePublished":"2021-06-17T11:02:35+00:00","dateModified":"2024-08-07T12:45:40+00:00","mainEntityOfPage":{"@id":"https:\/\/kunmedierne.dk\/mors\/svar-til-hans-ejner-bertelsen\/"},"wordCount":289,"commentCount":0,"publisher":{"@id":"https:\/\/kunmedierne.dk\/mors\/#organization"},"image":{"@id":"https:\/\/kunmedierne.dk\/mors\/svar-til-hans-ejner-bertelsen\/#primaryimage"},"thumbnailUrl":"https:\/\/kunmedierne.dk\/mors\/wp-content\/uploads\/2021\/06\/pia-thorsen.jpg","keywords":["Politik"],"articleSection":["Debat"],"inLanguage":"da-DK","potentialAction":[{"@type":"CommentAction","name":"Comment","target":["https:\/\/kunmedierne.dk\/mors\/svar-til-hans-ejner-bertelsen\/#respond"]}]},{"@type":"WebPage","@id":"https:\/\/kunmedierne.dk\/mors\/svar-til-hans-ejner-bertelsen\/","url":"https:\/\/kunmedierne.dk\/mors\/svar-til-hans-ejner-bertelsen\/","name":"Svar til Hans Ejner Bertelsen - Mors","isPartOf":{"@id":"https:\/\/kunmedierne.dk\/mors\/#website"},"primaryImageOfPage":{"@id":"https:\/\/kunmedierne.dk\/mors\/svar-til-hans-ejner-bertelsen\/#primaryimage"},"image":{"@id":"https:\/\/kunmedierne.dk\/mors\/svar-til-hans-ejner-bertelsen\/#primaryimage"},"thumbnailUrl":"https:\/\/kunmedierne.dk\/mors\/wp-content\/uploads\/2021\/06\/pia-thorsen.jpg","datePublished":"2021-06-17T11:02:35+00:00","dateModified":"2024-08-07T12:45:40+00:00","breadcrumb":{"@id":"https:\/\/kunmedierne.dk\/mors\/svar-til-hans-ejner-bertelsen\/#breadcrumb"},"inLanguage":"da-DK","potentialAction":[{"@type":"ReadAction","target":["https:\/\/kunmedierne.dk\/mors\/svar-til-hans-ejner-bertelsen\/"]}]},{"@type":"ImageObject","inLanguage":"da-DK","@id":"https:\/\/kunmedierne.dk\/mors\/svar-til-hans-ejner-bertelsen\/#primaryimage","url":"https:\/\/kunmedierne.dk\/mors\/wp-content\/uploads\/2021\/06\/pia-thorsen.jpg","contentUrl":"https:\/\/kunmedierne.dk\/mors\/wp-content\/uploads\/2021\/06\/pia-thorsen.jpg","width":770,"height":513,"caption":"Pia Thorsen, Enhedslisten. Privatfoto."},{"@type":"BreadcrumbList","@id":"https:\/\/kunmedierne.dk\/mors\/svar-til-hans-ejner-bertelsen\/#breadcrumb","itemListElement":[{"@type":"ListItem","position":1,"name":"Hjem","item":"https:\/\/kunmedierne.dk\/mors\/"},{"@type":"ListItem","position":2,"name":"Svar til Hans Ejner Bertelsen"}]},{"@type":"WebSite","@id":"https:\/\/kunmedierne.dk\/mors\/#website","url":"https:\/\/kunmedierne.dk\/mors\/","name":"Mors","description":"et netmedie med journalistik om livet p\u00e5 Mors","publisher":{"@id":"https:\/\/kunmedierne.dk\/mors\/#organization"},"potentialAction":[{"@type":"SearchAction","target":{"@type":"EntryPoint","urlTemplate":"https:\/\/kunmedierne.dk\/mors\/?s={search_term_string}"},"query-input":{"@type":"PropertyValueSpecification","valueRequired":true,"valueName":"search_term_string"}}],"inLanguage":"da-DK"},{"@type":"Organization","@id":"https:\/\/kunmedierne.dk\/mors\/#organization","name":"Mors","url":"https:\/\/kunmedierne.dk\/mors\/","logo":{"@type":"ImageObject","inLanguage":"da-DK","@id":"https:\/\/kunmedierne.dk\/mors\/#\/schema\/logo\/image\/","url":"https:\/\/kunmedierne.dk\/mors\/wp-content\/uploads\/2024\/08\/kunmors-logo.svg","contentUrl":"https:\/\/kunmedierne.dk\/mors\/wp-content\/uploads\/2024\/08\/kunmors-logo.svg","caption":"Mors"},"image":{"@id":"https:\/\/kunmedierne.dk\/mors\/#\/schema\/logo\/image\/"}},{"@type":"Person","@id":"https:\/\/kunmedierne.dk\/mors\/#\/schema\/person\/84c1391bce0b43b9bb3a49736bc0ad78","name":"Debat","image":{"@type":"ImageObject","inLanguage":"da-DK","@id":"https:\/\/kunmedierne.dk\/mors\/#\/schema\/person\/image\/","url":"https:\/\/secure.gravatar.com\/avatar\/b0fb2e221d618f7c65162ab0d49c7e8a0b580c871ca03af90e42b47b4150654c?s=96&d=mm&r=g","contentUrl":"https:\/\/secure.gravatar.com\/avatar\/b0fb2e221d618f7c65162ab0d49c7e8a0b580c871ca03af90e42b47b4150654c?s=96&d=mm&r=g","caption":"Debat"},"url":"https:\/\/kunmedierne.dk\/mors\/author\/debat\/"}]}},"_links":{"self":[{"href":"https:\/\/kunmedierne.dk\/mors\/wp-json\/wp\/v2\/posts\/47075","targetHints":{"allow":["GET"]}}],"collection":[{"href":"https:\/\/kunmedierne.dk\/mors\/wp-json\/wp\/v2\/posts"}],"about":[{"href":"https:\/\/kunmedierne.dk\/mors\/wp-json\/wp\/v2\/types\/post"}],"author":[{"embeddable":true,"href":"https:\/\/kunmedierne.dk\/mors\/wp-json\/wp\/v2\/users\/11"}],"replies":[{"embeddable":true,"href":"https:\/\/kunmedierne.dk\/mors\/wp-json\/wp\/v2\/comments?post=47075"}],"version-history":[{"count":3,"href":"https:\/\/kunmedierne.dk\/mors\/wp-json\/wp\/v2\/posts\/47075\/revisions"}],"predecessor-version":[{"id":56238,"href":"https:\/\/kunmedierne.dk\/mors\/wp-json\/wp\/v2\/posts\/47075\/revisions\/56238"}],"wp:featuredmedia":[{"embeddable":true,"href":"https:\/\/kunmedierne.dk\/mors\/wp-json\/wp\/v2\/media\/47076"}],"wp:attachment":[{"href":"https:\/\/kunmedierne.dk\/mors\/wp-json\/wp\/v2\/media?parent=47075"}],"wp:term":[{"taxonomy":"category","embeddable":true,"href":"https:\/\/kunmedierne.dk\/mors\/wp-json\/wp\/v2\/categories?post=47075"},{"taxonomy":"post_tag","embeddable":true,"href":"https:\/\/kunmedierne.dk\/mors\/wp-json\/wp\/v2\/tags?post=47075"}],"curies":[{"name":"wp","href":"https:\/\/api.w.org\/{rel}","templated":true}]}}