{"id":47070,"date":"2021-06-18T08:35:06","date_gmt":"2021-06-18T06:35:06","guid":{"rendered":"https:\/\/kunmedierne.dk\/mors\/?p=47070"},"modified":"2024-08-07T14:45:39","modified_gmt":"2024-08-07T12:45:39","slug":"konservative-har-tre-kandidater-klar-til-kommunalvalget","status":"publish","type":"post","link":"https:\/\/kunmedierne.dk\/mors\/konservative-har-tre-kandidater-klar-til-kommunalvalget\/","title":{"rendered":"Konservative har tre kandidater klar til kommunalvalget"},"content":{"rendered":"<p><strong>MORS<\/strong>: Thomas Jensen, Henrik Markm\u00f8ller Bro og Jens Peter Zacho.<\/p>\n<p>Det er de tre kandidater til efter\u00e5rets kommunalvalg, Det Konservative Folkeparti p\u00e5 Mors onsdag aften kunne pr\u00e6sentere p\u00e5 sin generalforsamling.<\/p>\n<p>De to f\u00f8rstn\u00e6vnte stiller ogs\u00e5 op til regiongsr\u00e5dsvalget, som desuden har Kim Frost som kandidat.<\/p>\n<p>&#8220;Der er pt tre kandidater p\u00e5 listen til kommunalvalget i november, men listen er stadig \u00e5ben, og vi forventer, at der kommer flere p\u00e5, inden den lukker i slutningen af september,&#8221; l\u00f8d det fra Thomas Jensen p\u00e5 en generalforsamling, der i \u00f8vrigt b\u00f8d p\u00e5 formandsskifte. <a href=\"https:\/\/konpap.dk\/\"><img loading=\"lazy\" decoding=\"async\" class=\"alignright size-full wp-image-46601\" src=\"https:\/\/kunmedierne.dk\/mors\/wp-content\/uploads\/2021\/06\/t10.jpg\" alt=\"\" width=\"1400\" height=\"125\" srcset=\"https:\/\/kunmedierne.dk\/mors\/wp-content\/uploads\/2021\/06\/t10.jpg 1400w, https:\/\/kunmedierne.dk\/mors\/wp-content\/uploads\/2021\/06\/t10-300x27.jpg 300w, https:\/\/kunmedierne.dk\/mors\/wp-content\/uploads\/2021\/06\/t10-1024x91.jpg 1024w, https:\/\/kunmedierne.dk\/mors\/wp-content\/uploads\/2021\/06\/t10-768x69.jpg 768w, https:\/\/kunmedierne.dk\/mors\/wp-content\/uploads\/2021\/06\/t10-600x54.jpg 600w\" sizes=\"auto, (max-width: 1400px) 100vw, 1400px\" \/><\/a><\/p>\n<p>Tidligere formand Poul Roesen er tilbage p\u00e5 posten, fordi Thomas Jensen har valgt at forlade den for at koncentrere sig om valget.<\/p>\n<p>Det er anden gang, han stiller op, og selv om han i 2017 fik n\u00e6stflest personlige stemmer af alle kandidater p\u00e5 Mors, var det ikke nok til en plads i kommunalbestyrelsen. Den h\u00e5ber han at erobre denne gang &#8211;\u00a0 blandt andet med fokus p\u00e5 \u00f8get bos\u00e6tning p\u00e5 Mors til gavn for virksomhederne og p\u00e5 den gr\u00f8nne omstilling.<\/p>\n<p>\u201dMors er s\u00e5dan en dejlig \u00f8 med sk\u00f8n natur, og det skal vi g\u00f8re alt for at passe p\u00e5. Den gr\u00f8nne omstilling er ikke kun n\u00f8dvendig, men vi ved, at der er sat klimam\u00e5l b\u00e5de for 2030 og 2050, s\u00e5 jeg vil arbejde for at Mors\u00f8 Kommune er s\u00e5 langt fremme som muligt i omstillingen til den gr\u00f8nne linje,<em>\u201d <\/em>siger Thomas Jensen. <a href=\"https:\/\/www.sparv.dk\/\"><img loading=\"lazy\" decoding=\"async\" class=\"alignright size-full wp-image-46602\" src=\"https:\/\/kunmedierne.dk\/mors\/wp-content\/uploads\/2021\/06\/t11.jpg\" alt=\"\" width=\"1400\" height=\"125\" srcset=\"https:\/\/kunmedierne.dk\/mors\/wp-content\/uploads\/2021\/06\/t11.jpg 1400w, https:\/\/kunmedierne.dk\/mors\/wp-content\/uploads\/2021\/06\/t11-300x27.jpg 300w, https:\/\/kunmedierne.dk\/mors\/wp-content\/uploads\/2021\/06\/t11-1024x91.jpg 1024w, https:\/\/kunmedierne.dk\/mors\/wp-content\/uploads\/2021\/06\/t11-768x69.jpg 768w, https:\/\/kunmedierne.dk\/mors\/wp-content\/uploads\/2021\/06\/t11-600x54.jpg 600w\" sizes=\"auto, (max-width: 1400px) 100vw, 1400px\" \/><\/a><\/p>\n<p>Henrik Markm\u00f8ller Bro, til daglig ansat hos EUC Nordvest, hvor han udvikler og afholder kurser for virksomheder, ledere og medarbejdere, er blandt andet kendt fra sit foreningsarbejde p\u00e5 Mors &#8211; og i \u00f8jeblikket som formand for bestyrelsen p\u00e5 Sports College Mors.<\/p>\n<p>Han pr\u00e6senterer sig selv som en kandidat, der vil have hele \u00f8en i tankerne.<\/p>\n<p>\u201dNyk\u00f8bing er den st\u00f8rste by p\u00e5 \u00f8en, og her bor over en tredjedel af indbyggerne, det skal vi huske. Men derfor m\u00e5 vi jo ikke glemme de to tredjedele af befolkningen, som bor p\u00e5 resten af \u00f8en. Vi har et \u00d8-samfund, og det, mener jeg, er en styrke, det handler om hele den gr\u00f8nne \u00f8,\u201d siger Henrik Markm\u00f8ller Bro.<\/p>\n<p>Han fremh\u00e6ver ogs\u00e5\u00a0demokratiet, som noget vi skal v\u00e6re stolte af i Danmark. Og han anf\u00f8rer, at det er vigtigt at inddrage og involvere s\u00e5 mange som muligt i det.<\/p>\n<p>&#8220;Og det g\u00f8r ikke noget, at man nogle gange skal b\u00f8je nogle kanter, for at n\u00e5 i m\u00e5l. Aller vigtigst er det, at man kan se sig selv i \u00f8jnene, hvis man altid bruger sin fornuft og sin samvittighed kommer man rigtig langt,&#8221; lyder det.<a href=\"https:\/\/thistedkloakservice.dk\/\"><img loading=\"lazy\" decoding=\"async\" class=\"alignright size-full wp-image-46603\" src=\"https:\/\/kunmedierne.dk\/mors\/wp-content\/uploads\/2021\/06\/t12.jpg\" alt=\"\" width=\"1400\" height=\"125\" srcset=\"https:\/\/kunmedierne.dk\/mors\/wp-content\/uploads\/2021\/06\/t12.jpg 1400w, https:\/\/kunmedierne.dk\/mors\/wp-content\/uploads\/2021\/06\/t12-300x27.jpg 300w, https:\/\/kunmedierne.dk\/mors\/wp-content\/uploads\/2021\/06\/t12-1024x91.jpg 1024w, https:\/\/kunmedierne.dk\/mors\/wp-content\/uploads\/2021\/06\/t12-768x69.jpg 768w, https:\/\/kunmedierne.dk\/mors\/wp-content\/uploads\/2021\/06\/t12-600x54.jpg 600w\" sizes=\"auto, (max-width: 1400px) 100vw, 1400px\" \/><\/a><\/p>\n<p>&nbsp;<\/p>\n<p>Jens Peter Zacho er aktiv pensionist. Efter 50 \u00e5r p\u00e5\u00a0arbejdsmarkedet gik han p\u00e5 efterl\u00f8n og derefter p\u00e5 pension.<\/p>\n<p>Nu spiller han golf og har gennem flere \u00e5r v\u00e6ret meget aktiv indenfor idr\u00e6tten \u2013 som fodbolddommer, bokser, boksetr\u00e6ner og leder inden for boksesporten b\u00e5de p\u00e5 lokalt og national plan.<\/p>\n<p>&#8220;Jens Peter f\u00f8lger foreningslivet p\u00e5 Mors og gl\u00e6der sig over, at mange g\u00f8r et utrolig godt stykke arbejde for idr\u00e6tten og foreningslivet p\u00e5 Mors,&#8221; lyder det i en pressemeddelelse fra Det Konservative Folkeparti p\u00e5 Mors.<\/p>\n<p>Jens Peter Zacho har tidligere siddet i kommunalbestyrelsen i en enkelt periode, hvor han var n\u00e6stformand i socialudvalget og medlem af teknisk udvalg. <a href=\"https:\/\/www.fmspks.dk\/\"><img loading=\"lazy\" decoding=\"async\" class=\"alignright size-full wp-image-46592\" src=\"https:\/\/kunmedierne.dk\/mors\/wp-content\/uploads\/2021\/06\/t01.jpg\" alt=\"\" width=\"1400\" height=\"125\" srcset=\"https:\/\/kunmedierne.dk\/mors\/wp-content\/uploads\/2021\/06\/t01.jpg 1400w, https:\/\/kunmedierne.dk\/mors\/wp-content\/uploads\/2021\/06\/t01-300x27.jpg 300w, https:\/\/kunmedierne.dk\/mors\/wp-content\/uploads\/2021\/06\/t01-1024x91.jpg 1024w, https:\/\/kunmedierne.dk\/mors\/wp-content\/uploads\/2021\/06\/t01-768x69.jpg 768w, https:\/\/kunmedierne.dk\/mors\/wp-content\/uploads\/2021\/06\/t01-600x54.jpg 600w\" sizes=\"auto, (max-width: 1400px) 100vw, 1400px\" \/><\/a><\/p>\n<p>Kim Frost er\u00a0uddannet l\u00e6ge og speciall\u00e6ge i \u00f8jensygdomme. Han har arbejdet som \u00f8jenl\u00e6ge og som lektor ved Universitets\u00f8jenafdelingen p\u00e5 \u00c5rhus Kommunehospital og efterf\u00f8lgende som overl\u00e6ge\u00a0p\u00e5 Thisted sygehus.<\/p>\n<p>Kim Frost har ligeledes haft egen \u00f8jenklinik i Nyk\u00f8bing og beskriver sig selv som politisk interesseret lige siden de unge gymnasie\u00e5r.<\/p>\n<p>&#8220;Som f\u00f8lge af en meget stor arbejdsbyrde n\u00e6sten siden min l\u00e6geeksamen og mine faglige tillidshverv har jeg aldrig haft tid til at yde et arbejde for Det Konservative Folkeparti udover \u00f8konomisk st\u00f8tte. Men det har jeg til geng\u00e6ld nu som pensionist og vil g\u00e5 &#8216;all in&#8217; i mit kandidatur til regionr\u00e5dsvalget og er indstillet p\u00e5 at yde et dedikeret arbejde i regionsr\u00e5det &#8211; f\u00f8rst og fremmest p\u00e5 sundhedsomr\u00e5det, hvor jeg s\u00e6rligt vil arbejde for yderligere styrkelse af specialerne i det nordjyske sundhedsv\u00e6sen og en mere sammenh\u00e6ngende betjening fra sygehus til prim\u00e6rsektor,\u201d siger Kim Frost.<\/p>\n","protected":false},"excerpt":{"rendered":"<p>MORS: Thomas Jensen, Henrik Markm\u00f8ller Bro og Jens Peter Zacho. Det er de tre kandidater til efter\u00e5rets kommunalvalg, Det Konservative Folkeparti p\u00e5 Mors onsdag aften kunne pr\u00e6sentere p\u00e5 sin generalforsamling. De to f\u00f8rstn\u00e6vnte stiller ogs\u00e5 op til regiongsr\u00e5dsvalget, som desuden har Kim Frost som kandidat. &#8220;Der er pt tre kandidater p\u00e5 listen til kommunalvalget i [&hellip;]<\/p>\n","protected":false},"author":8,"featured_media":47081,"comment_status":"open","ping_status":"open","sticky":false,"template":"","format":"standard","meta":{"_acf_changed":false,"footnotes":""},"categories":[51],"tags":[167],"class_list":["post-47070","post","type-post","status-publish","format-standard","has-post-thumbnail","hentry","category-lokalt","tag-politik"],"acf":[],"yoast_head":"<!-- This site is optimized with the Yoast SEO plugin v26.8 - https:\/\/yoast.com\/product\/yoast-seo-wordpress\/ -->\n<title>Konservative har tre kandidater klar til kommunalvalget - Mors<\/title>\n<meta name=\"robots\" content=\"index, follow, max-snippet:-1, max-image-preview:large, max-video-preview:-1\" \/>\n<link rel=\"canonical\" href=\"https:\/\/kunmedierne.dk\/mors\/konservative-har-tre-kandidater-klar-til-kommunalvalget\/\" \/>\n<meta property=\"og:locale\" content=\"da_DK\" \/>\n<meta property=\"og:type\" content=\"article\" \/>\n<meta property=\"og:title\" content=\"Konservative har tre kandidater klar til kommunalvalget - Mors\" \/>\n<meta property=\"og:description\" content=\"MORS: Thomas Jensen, Henrik Markm\u00f8ller Bro og Jens Peter Zacho. Det er de tre kandidater til efter\u00e5rets kommunalvalg, Det Konservative Folkeparti p\u00e5 Mors onsdag aften kunne pr\u00e6sentere p\u00e5 sin generalforsamling. De to f\u00f8rstn\u00e6vnte stiller ogs\u00e5 op til regiongsr\u00e5dsvalget, som desuden har Kim Frost som kandidat. &#8220;Der er pt tre kandidater p\u00e5 listen til kommunalvalget i [&hellip;]\" \/>\n<meta property=\"og:url\" content=\"https:\/\/kunmedierne.dk\/mors\/konservative-har-tre-kandidater-klar-til-kommunalvalget\/\" \/>\n<meta property=\"og:site_name\" content=\"Mors\" \/>\n<meta property=\"article:published_time\" content=\"2021-06-18T06:35:06+00:00\" \/>\n<meta property=\"article:modified_time\" content=\"2024-08-07T12:45:39+00:00\" \/>\n<meta property=\"og:image\" content=\"https:\/\/kunmedierne.dk\/mors\/wp-content\/uploads\/2021\/06\/20210602_164950.jpg\" \/>\n\t<meta property=\"og:image:width\" content=\"770\" \/>\n\t<meta property=\"og:image:height\" content=\"514\" \/>\n\t<meta property=\"og:image:type\" content=\"image\/jpeg\" \/>\n<meta name=\"author\" content=\"David H\u00f8jmark\" \/>\n<meta name=\"twitter:card\" content=\"summary_large_image\" \/>\n<meta name=\"twitter:label1\" content=\"Skrevet af\" \/>\n\t<meta name=\"twitter:data1\" content=\"David H\u00f8jmark\" \/>\n\t<meta name=\"twitter:label2\" content=\"Estimeret l\u00e6setid\" \/>\n\t<meta name=\"twitter:data2\" content=\"4 minutter\" \/>\n<script type=\"application\/ld+json\" class=\"yoast-schema-graph\">{\"@context\":\"https:\/\/schema.org\",\"@graph\":[{\"@type\":\"Article\",\"@id\":\"https:\/\/kunmedierne.dk\/mors\/konservative-har-tre-kandidater-klar-til-kommunalvalget\/#article\",\"isPartOf\":{\"@id\":\"https:\/\/kunmedierne.dk\/mors\/konservative-har-tre-kandidater-klar-til-kommunalvalget\/\"},\"author\":{\"name\":\"David H\u00f8jmark\",\"@id\":\"https:\/\/kunmedierne.dk\/mors\/#\/schema\/person\/5fe23251bf1d0abbcdc6f7896579d548\"},\"headline\":\"Konservative har tre kandidater klar til kommunalvalget\",\"datePublished\":\"2021-06-18T06:35:06+00:00\",\"dateModified\":\"2024-08-07T12:45:39+00:00\",\"mainEntityOfPage\":{\"@id\":\"https:\/\/kunmedierne.dk\/mors\/konservative-har-tre-kandidater-klar-til-kommunalvalget\/\"},\"wordCount\":735,\"commentCount\":0,\"publisher\":{\"@id\":\"https:\/\/kunmedierne.dk\/mors\/#organization\"},\"image\":{\"@id\":\"https:\/\/kunmedierne.dk\/mors\/konservative-har-tre-kandidater-klar-til-kommunalvalget\/#primaryimage\"},\"thumbnailUrl\":\"https:\/\/kunmedierne.dk\/mors\/wp-content\/uploads\/2021\/06\/20210602_164950.jpg\",\"keywords\":[\"Politik\"],\"articleSection\":[\"Lokalt\"],\"inLanguage\":\"da-DK\",\"potentialAction\":[{\"@type\":\"CommentAction\",\"name\":\"Comment\",\"target\":[\"https:\/\/kunmedierne.dk\/mors\/konservative-har-tre-kandidater-klar-til-kommunalvalget\/#respond\"]}]},{\"@type\":\"WebPage\",\"@id\":\"https:\/\/kunmedierne.dk\/mors\/konservative-har-tre-kandidater-klar-til-kommunalvalget\/\",\"url\":\"https:\/\/kunmedierne.dk\/mors\/konservative-har-tre-kandidater-klar-til-kommunalvalget\/\",\"name\":\"Konservative har tre kandidater klar til kommunalvalget - Mors\",\"isPartOf\":{\"@id\":\"https:\/\/kunmedierne.dk\/mors\/#website\"},\"primaryImageOfPage\":{\"@id\":\"https:\/\/kunmedierne.dk\/mors\/konservative-har-tre-kandidater-klar-til-kommunalvalget\/#primaryimage\"},\"image\":{\"@id\":\"https:\/\/kunmedierne.dk\/mors\/konservative-har-tre-kandidater-klar-til-kommunalvalget\/#primaryimage\"},\"thumbnailUrl\":\"https:\/\/kunmedierne.dk\/mors\/wp-content\/uploads\/2021\/06\/20210602_164950.jpg\",\"datePublished\":\"2021-06-18T06:35:06+00:00\",\"dateModified\":\"2024-08-07T12:45:39+00:00\",\"breadcrumb\":{\"@id\":\"https:\/\/kunmedierne.dk\/mors\/konservative-har-tre-kandidater-klar-til-kommunalvalget\/#breadcrumb\"},\"inLanguage\":\"da-DK\",\"potentialAction\":[{\"@type\":\"ReadAction\",\"target\":[\"https:\/\/kunmedierne.dk\/mors\/konservative-har-tre-kandidater-klar-til-kommunalvalget\/\"]}]},{\"@type\":\"ImageObject\",\"inLanguage\":\"da-DK\",\"@id\":\"https:\/\/kunmedierne.dk\/mors\/konservative-har-tre-kandidater-klar-til-kommunalvalget\/#primaryimage\",\"url\":\"https:\/\/kunmedierne.dk\/mors\/wp-content\/uploads\/2021\/06\/20210602_164950.jpg\",\"contentUrl\":\"https:\/\/kunmedierne.dk\/mors\/wp-content\/uploads\/2021\/06\/20210602_164950.jpg\",\"width\":770,\"height\":514,\"caption\":\"Det konservative hold til kommunal- og regionsr\u00e5dsvalget. Fra venstre: Jens Peter Zacho, Kim Frost, Thomas Jensen og Henrik Markm\u00f8ller Bro. Privatfoto.\"},{\"@type\":\"BreadcrumbList\",\"@id\":\"https:\/\/kunmedierne.dk\/mors\/konservative-har-tre-kandidater-klar-til-kommunalvalget\/#breadcrumb\",\"itemListElement\":[{\"@type\":\"ListItem\",\"position\":1,\"name\":\"Hjem\",\"item\":\"https:\/\/kunmedierne.dk\/mors\/\"},{\"@type\":\"ListItem\",\"position\":2,\"name\":\"Konservative har tre kandidater klar til kommunalvalget\"}]},{\"@type\":\"WebSite\",\"@id\":\"https:\/\/kunmedierne.dk\/mors\/#website\",\"url\":\"https:\/\/kunmedierne.dk\/mors\/\",\"name\":\"Mors\",\"description\":\"et netmedie med journalistik om livet p\u00e5 Mors\",\"publisher\":{\"@id\":\"https:\/\/kunmedierne.dk\/mors\/#organization\"},\"potentialAction\":[{\"@type\":\"SearchAction\",\"target\":{\"@type\":\"EntryPoint\",\"urlTemplate\":\"https:\/\/kunmedierne.dk\/mors\/?s={search_term_string}\"},\"query-input\":{\"@type\":\"PropertyValueSpecification\",\"valueRequired\":true,\"valueName\":\"search_term_string\"}}],\"inLanguage\":\"da-DK\"},{\"@type\":\"Organization\",\"@id\":\"https:\/\/kunmedierne.dk\/mors\/#organization\",\"name\":\"Mors\",\"url\":\"https:\/\/kunmedierne.dk\/mors\/\",\"logo\":{\"@type\":\"ImageObject\",\"inLanguage\":\"da-DK\",\"@id\":\"https:\/\/kunmedierne.dk\/mors\/#\/schema\/logo\/image\/\",\"url\":\"https:\/\/kunmedierne.dk\/mors\/wp-content\/uploads\/2024\/08\/kunmors-logo.svg\",\"contentUrl\":\"https:\/\/kunmedierne.dk\/mors\/wp-content\/uploads\/2024\/08\/kunmors-logo.svg\",\"caption\":\"Mors\"},\"image\":{\"@id\":\"https:\/\/kunmedierne.dk\/mors\/#\/schema\/logo\/image\/\"}},{\"@type\":\"Person\",\"@id\":\"https:\/\/kunmedierne.dk\/mors\/#\/schema\/person\/5fe23251bf1d0abbcdc6f7896579d548\",\"name\":\"David H\u00f8jmark\",\"image\":{\"@type\":\"ImageObject\",\"inLanguage\":\"da-DK\",\"@id\":\"https:\/\/kunmedierne.dk\/mors\/#\/schema\/person\/image\/\",\"url\":\"https:\/\/secure.gravatar.com\/avatar\/4315d6fb9ef244d729989f5f90268eb08d5bf8a3d84402f595fa194bb35784fd?s=96&d=mm&r=g\",\"contentUrl\":\"https:\/\/secure.gravatar.com\/avatar\/4315d6fb9ef244d729989f5f90268eb08d5bf8a3d84402f595fa194bb35784fd?s=96&d=mm&r=g\",\"caption\":\"David H\u00f8jmark\"},\"sameAs\":[\"https:\/\/www.kunmedierne.dk\"],\"url\":\"https:\/\/kunmedierne.dk\/mors\/author\/david\/\"}]}<\/script>\n<!-- \/ Yoast SEO plugin. -->","yoast_head_json":{"title":"Konservative har tre kandidater klar til kommunalvalget - Mors","robots":{"index":"index","follow":"follow","max-snippet":"max-snippet:-1","max-image-preview":"max-image-preview:large","max-video-preview":"max-video-preview:-1"},"canonical":"https:\/\/kunmedierne.dk\/mors\/konservative-har-tre-kandidater-klar-til-kommunalvalget\/","og_locale":"da_DK","og_type":"article","og_title":"Konservative har tre kandidater klar til kommunalvalget - Mors","og_description":"MORS: Thomas Jensen, Henrik Markm\u00f8ller Bro og Jens Peter Zacho. Det er de tre kandidater til efter\u00e5rets kommunalvalg, Det Konservative Folkeparti p\u00e5 Mors onsdag aften kunne pr\u00e6sentere p\u00e5 sin generalforsamling. De to f\u00f8rstn\u00e6vnte stiller ogs\u00e5 op til regiongsr\u00e5dsvalget, som desuden har Kim Frost som kandidat. &#8220;Der er pt tre kandidater p\u00e5 listen til kommunalvalget i [&hellip;]","og_url":"https:\/\/kunmedierne.dk\/mors\/konservative-har-tre-kandidater-klar-til-kommunalvalget\/","og_site_name":"Mors","article_published_time":"2021-06-18T06:35:06+00:00","article_modified_time":"2024-08-07T12:45:39+00:00","og_image":[{"width":770,"height":514,"url":"https:\/\/kunmedierne.dk\/mors\/wp-content\/uploads\/2021\/06\/20210602_164950.jpg","type":"image\/jpeg"}],"author":"David H\u00f8jmark","twitter_card":"summary_large_image","twitter_misc":{"Skrevet af":"David H\u00f8jmark","Estimeret l\u00e6setid":"4 minutter"},"schema":{"@context":"https:\/\/schema.org","@graph":[{"@type":"Article","@id":"https:\/\/kunmedierne.dk\/mors\/konservative-har-tre-kandidater-klar-til-kommunalvalget\/#article","isPartOf":{"@id":"https:\/\/kunmedierne.dk\/mors\/konservative-har-tre-kandidater-klar-til-kommunalvalget\/"},"author":{"name":"David H\u00f8jmark","@id":"https:\/\/kunmedierne.dk\/mors\/#\/schema\/person\/5fe23251bf1d0abbcdc6f7896579d548"},"headline":"Konservative har tre kandidater klar til kommunalvalget","datePublished":"2021-06-18T06:35:06+00:00","dateModified":"2024-08-07T12:45:39+00:00","mainEntityOfPage":{"@id":"https:\/\/kunmedierne.dk\/mors\/konservative-har-tre-kandidater-klar-til-kommunalvalget\/"},"wordCount":735,"commentCount":0,"publisher":{"@id":"https:\/\/kunmedierne.dk\/mors\/#organization"},"image":{"@id":"https:\/\/kunmedierne.dk\/mors\/konservative-har-tre-kandidater-klar-til-kommunalvalget\/#primaryimage"},"thumbnailUrl":"https:\/\/kunmedierne.dk\/mors\/wp-content\/uploads\/2021\/06\/20210602_164950.jpg","keywords":["Politik"],"articleSection":["Lokalt"],"inLanguage":"da-DK","potentialAction":[{"@type":"CommentAction","name":"Comment","target":["https:\/\/kunmedierne.dk\/mors\/konservative-har-tre-kandidater-klar-til-kommunalvalget\/#respond"]}]},{"@type":"WebPage","@id":"https:\/\/kunmedierne.dk\/mors\/konservative-har-tre-kandidater-klar-til-kommunalvalget\/","url":"https:\/\/kunmedierne.dk\/mors\/konservative-har-tre-kandidater-klar-til-kommunalvalget\/","name":"Konservative har tre kandidater klar til kommunalvalget - Mors","isPartOf":{"@id":"https:\/\/kunmedierne.dk\/mors\/#website"},"primaryImageOfPage":{"@id":"https:\/\/kunmedierne.dk\/mors\/konservative-har-tre-kandidater-klar-til-kommunalvalget\/#primaryimage"},"image":{"@id":"https:\/\/kunmedierne.dk\/mors\/konservative-har-tre-kandidater-klar-til-kommunalvalget\/#primaryimage"},"thumbnailUrl":"https:\/\/kunmedierne.dk\/mors\/wp-content\/uploads\/2021\/06\/20210602_164950.jpg","datePublished":"2021-06-18T06:35:06+00:00","dateModified":"2024-08-07T12:45:39+00:00","breadcrumb":{"@id":"https:\/\/kunmedierne.dk\/mors\/konservative-har-tre-kandidater-klar-til-kommunalvalget\/#breadcrumb"},"inLanguage":"da-DK","potentialAction":[{"@type":"ReadAction","target":["https:\/\/kunmedierne.dk\/mors\/konservative-har-tre-kandidater-klar-til-kommunalvalget\/"]}]},{"@type":"ImageObject","inLanguage":"da-DK","@id":"https:\/\/kunmedierne.dk\/mors\/konservative-har-tre-kandidater-klar-til-kommunalvalget\/#primaryimage","url":"https:\/\/kunmedierne.dk\/mors\/wp-content\/uploads\/2021\/06\/20210602_164950.jpg","contentUrl":"https:\/\/kunmedierne.dk\/mors\/wp-content\/uploads\/2021\/06\/20210602_164950.jpg","width":770,"height":514,"caption":"Det konservative hold til kommunal- og regionsr\u00e5dsvalget. Fra venstre: Jens Peter Zacho, Kim Frost, Thomas Jensen og Henrik Markm\u00f8ller Bro. Privatfoto."},{"@type":"BreadcrumbList","@id":"https:\/\/kunmedierne.dk\/mors\/konservative-har-tre-kandidater-klar-til-kommunalvalget\/#breadcrumb","itemListElement":[{"@type":"ListItem","position":1,"name":"Hjem","item":"https:\/\/kunmedierne.dk\/mors\/"},{"@type":"ListItem","position":2,"name":"Konservative har tre kandidater klar til kommunalvalget"}]},{"@type":"WebSite","@id":"https:\/\/kunmedierne.dk\/mors\/#website","url":"https:\/\/kunmedierne.dk\/mors\/","name":"Mors","description":"et netmedie med journalistik om livet p\u00e5 Mors","publisher":{"@id":"https:\/\/kunmedierne.dk\/mors\/#organization"},"potentialAction":[{"@type":"SearchAction","target":{"@type":"EntryPoint","urlTemplate":"https:\/\/kunmedierne.dk\/mors\/?s={search_term_string}"},"query-input":{"@type":"PropertyValueSpecification","valueRequired":true,"valueName":"search_term_string"}}],"inLanguage":"da-DK"},{"@type":"Organization","@id":"https:\/\/kunmedierne.dk\/mors\/#organization","name":"Mors","url":"https:\/\/kunmedierne.dk\/mors\/","logo":{"@type":"ImageObject","inLanguage":"da-DK","@id":"https:\/\/kunmedierne.dk\/mors\/#\/schema\/logo\/image\/","url":"https:\/\/kunmedierne.dk\/mors\/wp-content\/uploads\/2024\/08\/kunmors-logo.svg","contentUrl":"https:\/\/kunmedierne.dk\/mors\/wp-content\/uploads\/2024\/08\/kunmors-logo.svg","caption":"Mors"},"image":{"@id":"https:\/\/kunmedierne.dk\/mors\/#\/schema\/logo\/image\/"}},{"@type":"Person","@id":"https:\/\/kunmedierne.dk\/mors\/#\/schema\/person\/5fe23251bf1d0abbcdc6f7896579d548","name":"David H\u00f8jmark","image":{"@type":"ImageObject","inLanguage":"da-DK","@id":"https:\/\/kunmedierne.dk\/mors\/#\/schema\/person\/image\/","url":"https:\/\/secure.gravatar.com\/avatar\/4315d6fb9ef244d729989f5f90268eb08d5bf8a3d84402f595fa194bb35784fd?s=96&d=mm&r=g","contentUrl":"https:\/\/secure.gravatar.com\/avatar\/4315d6fb9ef244d729989f5f90268eb08d5bf8a3d84402f595fa194bb35784fd?s=96&d=mm&r=g","caption":"David H\u00f8jmark"},"sameAs":["https:\/\/www.kunmedierne.dk"],"url":"https:\/\/kunmedierne.dk\/mors\/author\/david\/"}]}},"_links":{"self":[{"href":"https:\/\/kunmedierne.dk\/mors\/wp-json\/wp\/v2\/posts\/47070","targetHints":{"allow":["GET"]}}],"collection":[{"href":"https:\/\/kunmedierne.dk\/mors\/wp-json\/wp\/v2\/posts"}],"about":[{"href":"https:\/\/kunmedierne.dk\/mors\/wp-json\/wp\/v2\/types\/post"}],"author":[{"embeddable":true,"href":"https:\/\/kunmedierne.dk\/mors\/wp-json\/wp\/v2\/users\/8"}],"replies":[{"embeddable":true,"href":"https:\/\/kunmedierne.dk\/mors\/wp-json\/wp\/v2\/comments?post=47070"}],"version-history":[{"count":2,"href":"https:\/\/kunmedierne.dk\/mors\/wp-json\/wp\/v2\/posts\/47070\/revisions"}],"predecessor-version":[{"id":47097,"href":"https:\/\/kunmedierne.dk\/mors\/wp-json\/wp\/v2\/posts\/47070\/revisions\/47097"}],"wp:featuredmedia":[{"embeddable":true,"href":"https:\/\/kunmedierne.dk\/mors\/wp-json\/wp\/v2\/media\/47081"}],"wp:attachment":[{"href":"https:\/\/kunmedierne.dk\/mors\/wp-json\/wp\/v2\/media?parent=47070"}],"wp:term":[{"taxonomy":"category","embeddable":true,"href":"https:\/\/kunmedierne.dk\/mors\/wp-json\/wp\/v2\/categories?post=47070"},{"taxonomy":"post_tag","embeddable":true,"href":"https:\/\/kunmedierne.dk\/mors\/wp-json\/wp\/v2\/tags?post=47070"}],"curies":[{"name":"wp","href":"https:\/\/api.w.org\/{rel}","templated":true}]}}