{"id":47056,"date":"2021-06-17T09:19:32","date_gmt":"2021-06-17T07:19:32","guid":{"rendered":"https:\/\/kunmedierne.dk\/mors\/?p=47056"},"modified":"2024-08-07T14:45:40","modified_gmt":"2024-08-07T12:45:40","slug":"oerodde-igen","status":"publish","type":"post","link":"https:\/\/kunmedierne.dk\/mors\/oerodde-igen\/","title":{"rendered":"\u00d8rodde igen"},"content":{"rendered":"<p><em>Hans Ejner Bertelsen (V), borgmester i Mors\u00f8 Kommune, har sendt dette debatindl\u00e6g:<\/em><\/p>\n<hr \/>\n<p><strong>NYK\u00d8BING<\/strong>: S\u00e5 kom der atter fokus p\u00e5 \u00d8rodde, og det er dejligt, for omr\u00e5det er en usleben diamant, som rummer mange muligheder. Muligheder, vi i f\u00e6llesskab skal udnytte vel at m\u00e6rke med omtanke. Med disse ord startede jeg mit indl\u00e6g tilbage i september 2020.<\/p>\n<p>Jeg har aldrig m\u00f8dt nogen, som har ytret \u00f8nske om at asfaltere og bebygge \u00d8rodde. Og jeg vil gerne sl\u00e5 fast, at det aldrig har v\u00e6ret et \u00f8nske fra min og fra Venstres side, at noget s\u00e5dant skulle ske. I det kommuneplanforslag, der ligger, og som er p\u00e5 vej i h\u00f8ring, var dele af \u00d8rodde udlagt som udviklingsomr\u00e5de med mulighed for bebyggelse. Det er samme tekst som i kommuneplanen fra 2017, som dengang blev vedtaget af en enig kommunalbestyrelse \u2013 jeg gentager: en enig kommunalbestyrelse. <a href=\"https:\/\/www.braendselsforeningen.dk\/\"><img loading=\"lazy\" decoding=\"async\" class=\"alignright size-full wp-image-46597\" src=\"https:\/\/kunmedierne.dk\/mors\/wp-content\/uploads\/2021\/06\/t06.jpg\" alt=\"\" width=\"1425\" height=\"127\" srcset=\"https:\/\/kunmedierne.dk\/mors\/wp-content\/uploads\/2021\/06\/t06.jpg 1425w, https:\/\/kunmedierne.dk\/mors\/wp-content\/uploads\/2021\/06\/t06-300x27.jpg 300w, https:\/\/kunmedierne.dk\/mors\/wp-content\/uploads\/2021\/06\/t06-1024x91.jpg 1024w, https:\/\/kunmedierne.dk\/mors\/wp-content\/uploads\/2021\/06\/t06-768x68.jpg 768w, https:\/\/kunmedierne.dk\/mors\/wp-content\/uploads\/2021\/06\/t06-600x53.jpg 600w\" sizes=\"auto, (max-width: 1425px) 100vw, 1425px\" \/><\/a><\/p>\n<p>Formuleringen er skrevet ind ud fra et \u00f8nske om at give os lokalpolitikere st\u00f8rst mulighed for at udvikle p\u00e5 omr\u00e5det. Formuleringen har givet anledning til bekymring og usikkerhed hos mange. Derfor valgte Venstre i samarbejde med Dansk Folkeparti at foresl\u00e5 den \u00e6ndring, som blev vedtaget p\u00e5 seneste m\u00f8de i Teknisk Udvalg.<\/p>\n<p>N\u00e5r der ingen politisk interesse er i at bebygge omr\u00e5det, og det skaber bekymringer hos mange, giver det jo ingen mening at fastholde muligheden og formuleringen. S\u00e5 i stedet for at skrive krasse kommentarer p\u00e5 Facebook og bruge sin energi der, valgte vi at foresl\u00e5 den \u00e6ndring, som fjerner bekymringerne, men som stadig rummer mulighed for udvikling med nye tiltag for turisme og rekreative oplevelser. <a href=\"https:\/\/morsoe-begravelsesforretning.dk\/\"><img loading=\"lazy\" decoding=\"async\" class=\"alignright size-full wp-image-46598\" src=\"https:\/\/kunmedierne.dk\/mors\/wp-content\/uploads\/2021\/06\/t07.jpg\" alt=\"\" width=\"1425\" height=\"127\" srcset=\"https:\/\/kunmedierne.dk\/mors\/wp-content\/uploads\/2021\/06\/t07.jpg 1425w, https:\/\/kunmedierne.dk\/mors\/wp-content\/uploads\/2021\/06\/t07-300x27.jpg 300w, https:\/\/kunmedierne.dk\/mors\/wp-content\/uploads\/2021\/06\/t07-1024x91.jpg 1024w, https:\/\/kunmedierne.dk\/mors\/wp-content\/uploads\/2021\/06\/t07-768x68.jpg 768w, https:\/\/kunmedierne.dk\/mors\/wp-content\/uploads\/2021\/06\/t07-600x53.jpg 600w\" sizes=\"auto, (max-width: 1425px) 100vw, 1425px\" \/><\/a><\/p>\n<p>Det har v\u00e6ret vigtigt for mig og for Venstre gennem de sidste to perioder at sikre driften og en stabil \u00f8konomi for hele kommunen. Men det har v\u00e6ret lige s\u00e5 vigtigt, at vi hele tiden har haft plads og \u00f8konomi til at underst\u00f8tte en udviklingsdagsorden. Det er vigtigt, s\u00e5 Mors fremst\u00e5r som en attraktiv kommune b\u00e5de for bos\u00e6tning og for vores erhvervsliv. Det h\u00e5ber jeg stadig, der er enighed om i kommunalbestyrelsen.<\/p>\n<p>Der ligger et stort og et godt arbejde bag kommuneplanforslaget. Og planen er, som titlen siger, en plan for kommunen, alts\u00e5 for hele Mors. S\u00e5 den rummer mange flere emner end \u00d8rodde. Vi vil gerne lytte til gode kommentarer og bidrag, og derfor har der allerede v\u00e6ret afholdt et digitalt borgerm\u00f8de. Nu g\u00e5r planen i h\u00f8ring, og h\u00f8ringssvar er velkomne. <a href=\"https:\/\/www.sparthy.dk\/\"><img loading=\"lazy\" decoding=\"async\" class=\"alignright size-full wp-image-46599\" src=\"https:\/\/kunmedierne.dk\/mors\/wp-content\/uploads\/2021\/06\/t08.jpg\" alt=\"\" width=\"1400\" height=\"125\" srcset=\"https:\/\/kunmedierne.dk\/mors\/wp-content\/uploads\/2021\/06\/t08.jpg 1400w, https:\/\/kunmedierne.dk\/mors\/wp-content\/uploads\/2021\/06\/t08-300x27.jpg 300w, https:\/\/kunmedierne.dk\/mors\/wp-content\/uploads\/2021\/06\/t08-1024x91.jpg 1024w, https:\/\/kunmedierne.dk\/mors\/wp-content\/uploads\/2021\/06\/t08-768x69.jpg 768w, https:\/\/kunmedierne.dk\/mors\/wp-content\/uploads\/2021\/06\/t08-600x54.jpg 600w\" sizes=\"auto, (max-width: 1400px) 100vw, 1400px\" \/><\/a><\/p>\n<p>Jeg vil gerne tilf\u00f8je, at jeg finder det besk\u00e6mmende, n\u00e5r et parti p\u00e5 den yderste venstrefl\u00f8j forfalder til facebookangreb p\u00e5 vore medarbejdere, s\u00e5gar til at kritisere, hvor de har valgt at bos\u00e6tte sig. Vi har utroligt dygtige og engagerede medarbejdere ved Mors\u00f8 Kommune, der m\u00f8der ind hver eneste dag og leverer et flot og et godt stykke arbejde. Det g\u00f8r de inden for rammerne af lovgivningen og inden for de rammer, vi som politikere har udstedt. N\u00e5r den type kommentarer og den form for kritik af vore medarbejdere fremkommer, ja, s\u00e5 har debatten n\u00e5et et absolut lavpunkt.<\/p>\n<p>Jeg gl\u00e6der mig til, at kommuneplanen sendes i h\u00f8ring. Og jeg gl\u00e6der mig til at l\u00e6se h\u00f8ringssvarene og h\u00e5ber, at vi kan leve op til vores slogan om, at sammen er vi bedst og kan vedtage en robust og vision\u00e6r kommuneplan for Mors.<\/p>\n<p>For mig og for Venstre er det vigtigt, at vi arbejder sammen for det Mors, vi holder af.<\/p>\n<hr \/>\n<p><em>Har du et bidrag til den lokale debat? Send det til os p\u00e5 e-mail: debat@kunmedierne.dk\/mors. Husk at l\u00e6se korrektur inden afsendelse p\u00e5 indl\u00e6gget.<\/em><\/p>\n","protected":false},"excerpt":{"rendered":"<p>Hans Ejner Bertelsen (V), borgmester i Mors\u00f8 Kommune, har sendt dette debatindl\u00e6g: NYK\u00d8BING: S\u00e5 kom der atter fokus p\u00e5 \u00d8rodde, og det er dejligt, for omr\u00e5det er en usleben diamant, som rummer mange muligheder. Muligheder, vi i f\u00e6llesskab skal udnytte vel at m\u00e6rke med omtanke. Med disse ord startede jeg mit indl\u00e6g tilbage i september [&hellip;]<\/p>\n","protected":false},"author":11,"featured_media":13995,"comment_status":"open","ping_status":"open","sticky":false,"template":"","format":"standard","meta":{"_acf_changed":false,"footnotes":""},"categories":[56],"tags":[167],"class_list":["post-47056","post","type-post","status-publish","format-standard","has-post-thumbnail","hentry","category-debat","tag-politik"],"acf":[],"yoast_head":"<!-- This site is optimized with the Yoast SEO plugin v26.8 - https:\/\/yoast.com\/product\/yoast-seo-wordpress\/ -->\n<title>\u00d8rodde igen - Mors<\/title>\n<meta name=\"robots\" content=\"index, follow, max-snippet:-1, max-image-preview:large, max-video-preview:-1\" \/>\n<link rel=\"canonical\" href=\"https:\/\/kunmedierne.dk\/mors\/oerodde-igen\/\" \/>\n<meta property=\"og:locale\" content=\"da_DK\" \/>\n<meta property=\"og:type\" content=\"article\" \/>\n<meta property=\"og:title\" content=\"\u00d8rodde igen - Mors\" \/>\n<meta property=\"og:description\" content=\"Hans Ejner Bertelsen (V), borgmester i Mors\u00f8 Kommune, har sendt dette debatindl\u00e6g: NYK\u00d8BING: S\u00e5 kom der atter fokus p\u00e5 \u00d8rodde, og det er dejligt, for omr\u00e5det er en usleben diamant, som rummer mange muligheder. Muligheder, vi i f\u00e6llesskab skal udnytte vel at m\u00e6rke med omtanke. Med disse ord startede jeg mit indl\u00e6g tilbage i september [&hellip;]\" \/>\n<meta property=\"og:url\" content=\"https:\/\/kunmedierne.dk\/mors\/oerodde-igen\/\" \/>\n<meta property=\"og:site_name\" content=\"Mors\" \/>\n<meta property=\"article:published_time\" content=\"2021-06-17T07:19:32+00:00\" \/>\n<meta property=\"article:modified_time\" content=\"2024-08-07T12:45:40+00:00\" \/>\n<meta property=\"og:image\" content=\"https:\/\/kunmedierne.dk\/mors\/wp-content\/uploads\/2020\/03\/200101-hans-ejner-bertelsen-V.jpg\" \/>\n\t<meta property=\"og:image:width\" content=\"770\" \/>\n\t<meta property=\"og:image:height\" content=\"513\" \/>\n\t<meta property=\"og:image:type\" content=\"image\/jpeg\" \/>\n<meta name=\"author\" content=\"Debat\" \/>\n<meta name=\"twitter:card\" content=\"summary_large_image\" \/>\n<meta name=\"twitter:label1\" content=\"Skrevet af\" \/>\n\t<meta name=\"twitter:data1\" content=\"Debat\" \/>\n\t<meta name=\"twitter:label2\" content=\"Estimeret l\u00e6setid\" \/>\n\t<meta name=\"twitter:data2\" content=\"4 minutter\" \/>\n<script type=\"application\/ld+json\" class=\"yoast-schema-graph\">{\"@context\":\"https:\/\/schema.org\",\"@graph\":[{\"@type\":\"Article\",\"@id\":\"https:\/\/kunmedierne.dk\/mors\/oerodde-igen\/#article\",\"isPartOf\":{\"@id\":\"https:\/\/kunmedierne.dk\/mors\/oerodde-igen\/\"},\"author\":{\"name\":\"Debat\",\"@id\":\"https:\/\/kunmedierne.dk\/mors\/#\/schema\/person\/84c1391bce0b43b9bb3a49736bc0ad78\"},\"headline\":\"\u00d8rodde igen\",\"datePublished\":\"2021-06-17T07:19:32+00:00\",\"dateModified\":\"2024-08-07T12:45:40+00:00\",\"mainEntityOfPage\":{\"@id\":\"https:\/\/kunmedierne.dk\/mors\/oerodde-igen\/\"},\"wordCount\":619,\"commentCount\":0,\"publisher\":{\"@id\":\"https:\/\/kunmedierne.dk\/mors\/#organization\"},\"image\":{\"@id\":\"https:\/\/kunmedierne.dk\/mors\/oerodde-igen\/#primaryimage\"},\"thumbnailUrl\":\"https:\/\/kunmedierne.dk\/mors\/wp-content\/uploads\/2020\/03\/200101-hans-ejner-bertelsen-V.jpg\",\"keywords\":[\"Politik\"],\"articleSection\":[\"Debat\"],\"inLanguage\":\"da-DK\",\"potentialAction\":[{\"@type\":\"CommentAction\",\"name\":\"Comment\",\"target\":[\"https:\/\/kunmedierne.dk\/mors\/oerodde-igen\/#respond\"]}]},{\"@type\":\"WebPage\",\"@id\":\"https:\/\/kunmedierne.dk\/mors\/oerodde-igen\/\",\"url\":\"https:\/\/kunmedierne.dk\/mors\/oerodde-igen\/\",\"name\":\"\u00d8rodde igen - Mors\",\"isPartOf\":{\"@id\":\"https:\/\/kunmedierne.dk\/mors\/#website\"},\"primaryImageOfPage\":{\"@id\":\"https:\/\/kunmedierne.dk\/mors\/oerodde-igen\/#primaryimage\"},\"image\":{\"@id\":\"https:\/\/kunmedierne.dk\/mors\/oerodde-igen\/#primaryimage\"},\"thumbnailUrl\":\"https:\/\/kunmedierne.dk\/mors\/wp-content\/uploads\/2020\/03\/200101-hans-ejner-bertelsen-V.jpg\",\"datePublished\":\"2021-06-17T07:19:32+00:00\",\"dateModified\":\"2024-08-07T12:45:40+00:00\",\"breadcrumb\":{\"@id\":\"https:\/\/kunmedierne.dk\/mors\/oerodde-igen\/#breadcrumb\"},\"inLanguage\":\"da-DK\",\"potentialAction\":[{\"@type\":\"ReadAction\",\"target\":[\"https:\/\/kunmedierne.dk\/mors\/oerodde-igen\/\"]}]},{\"@type\":\"ImageObject\",\"inLanguage\":\"da-DK\",\"@id\":\"https:\/\/kunmedierne.dk\/mors\/oerodde-igen\/#primaryimage\",\"url\":\"https:\/\/kunmedierne.dk\/mors\/wp-content\/uploads\/2020\/03\/200101-hans-ejner-bertelsen-V.jpg\",\"contentUrl\":\"https:\/\/kunmedierne.dk\/mors\/wp-content\/uploads\/2020\/03\/200101-hans-ejner-bertelsen-V.jpg\",\"width\":770,\"height\":513,\"caption\":\"Borgmester Hans Ejner Bertelsen (V). Foto: Per Bech\/Mors\u00f8 Kommune.\"},{\"@type\":\"BreadcrumbList\",\"@id\":\"https:\/\/kunmedierne.dk\/mors\/oerodde-igen\/#breadcrumb\",\"itemListElement\":[{\"@type\":\"ListItem\",\"position\":1,\"name\":\"Hjem\",\"item\":\"https:\/\/kunmedierne.dk\/mors\/\"},{\"@type\":\"ListItem\",\"position\":2,\"name\":\"\u00d8rodde igen\"}]},{\"@type\":\"WebSite\",\"@id\":\"https:\/\/kunmedierne.dk\/mors\/#website\",\"url\":\"https:\/\/kunmedierne.dk\/mors\/\",\"name\":\"Mors\",\"description\":\"et netmedie med journalistik om livet p\u00e5 Mors\",\"publisher\":{\"@id\":\"https:\/\/kunmedierne.dk\/mors\/#organization\"},\"potentialAction\":[{\"@type\":\"SearchAction\",\"target\":{\"@type\":\"EntryPoint\",\"urlTemplate\":\"https:\/\/kunmedierne.dk\/mors\/?s={search_term_string}\"},\"query-input\":{\"@type\":\"PropertyValueSpecification\",\"valueRequired\":true,\"valueName\":\"search_term_string\"}}],\"inLanguage\":\"da-DK\"},{\"@type\":\"Organization\",\"@id\":\"https:\/\/kunmedierne.dk\/mors\/#organization\",\"name\":\"Mors\",\"url\":\"https:\/\/kunmedierne.dk\/mors\/\",\"logo\":{\"@type\":\"ImageObject\",\"inLanguage\":\"da-DK\",\"@id\":\"https:\/\/kunmedierne.dk\/mors\/#\/schema\/logo\/image\/\",\"url\":\"https:\/\/kunmedierne.dk\/mors\/wp-content\/uploads\/2024\/08\/kunmors-logo.svg\",\"contentUrl\":\"https:\/\/kunmedierne.dk\/mors\/wp-content\/uploads\/2024\/08\/kunmors-logo.svg\",\"caption\":\"Mors\"},\"image\":{\"@id\":\"https:\/\/kunmedierne.dk\/mors\/#\/schema\/logo\/image\/\"}},{\"@type\":\"Person\",\"@id\":\"https:\/\/kunmedierne.dk\/mors\/#\/schema\/person\/84c1391bce0b43b9bb3a49736bc0ad78\",\"name\":\"Debat\",\"image\":{\"@type\":\"ImageObject\",\"inLanguage\":\"da-DK\",\"@id\":\"https:\/\/kunmedierne.dk\/mors\/#\/schema\/person\/image\/\",\"url\":\"https:\/\/secure.gravatar.com\/avatar\/b0fb2e221d618f7c65162ab0d49c7e8a0b580c871ca03af90e42b47b4150654c?s=96&d=mm&r=g\",\"contentUrl\":\"https:\/\/secure.gravatar.com\/avatar\/b0fb2e221d618f7c65162ab0d49c7e8a0b580c871ca03af90e42b47b4150654c?s=96&d=mm&r=g\",\"caption\":\"Debat\"},\"url\":\"https:\/\/kunmedierne.dk\/mors\/author\/debat\/\"}]}<\/script>\n<!-- \/ Yoast SEO plugin. -->","yoast_head_json":{"title":"\u00d8rodde igen - Mors","robots":{"index":"index","follow":"follow","max-snippet":"max-snippet:-1","max-image-preview":"max-image-preview:large","max-video-preview":"max-video-preview:-1"},"canonical":"https:\/\/kunmedierne.dk\/mors\/oerodde-igen\/","og_locale":"da_DK","og_type":"article","og_title":"\u00d8rodde igen - Mors","og_description":"Hans Ejner Bertelsen (V), borgmester i Mors\u00f8 Kommune, har sendt dette debatindl\u00e6g: NYK\u00d8BING: S\u00e5 kom der atter fokus p\u00e5 \u00d8rodde, og det er dejligt, for omr\u00e5det er en usleben diamant, som rummer mange muligheder. Muligheder, vi i f\u00e6llesskab skal udnytte vel at m\u00e6rke med omtanke. Med disse ord startede jeg mit indl\u00e6g tilbage i september [&hellip;]","og_url":"https:\/\/kunmedierne.dk\/mors\/oerodde-igen\/","og_site_name":"Mors","article_published_time":"2021-06-17T07:19:32+00:00","article_modified_time":"2024-08-07T12:45:40+00:00","og_image":[{"width":770,"height":513,"url":"https:\/\/kunmedierne.dk\/mors\/wp-content\/uploads\/2020\/03\/200101-hans-ejner-bertelsen-V.jpg","type":"image\/jpeg"}],"author":"Debat","twitter_card":"summary_large_image","twitter_misc":{"Skrevet af":"Debat","Estimeret l\u00e6setid":"4 minutter"},"schema":{"@context":"https:\/\/schema.org","@graph":[{"@type":"Article","@id":"https:\/\/kunmedierne.dk\/mors\/oerodde-igen\/#article","isPartOf":{"@id":"https:\/\/kunmedierne.dk\/mors\/oerodde-igen\/"},"author":{"name":"Debat","@id":"https:\/\/kunmedierne.dk\/mors\/#\/schema\/person\/84c1391bce0b43b9bb3a49736bc0ad78"},"headline":"\u00d8rodde igen","datePublished":"2021-06-17T07:19:32+00:00","dateModified":"2024-08-07T12:45:40+00:00","mainEntityOfPage":{"@id":"https:\/\/kunmedierne.dk\/mors\/oerodde-igen\/"},"wordCount":619,"commentCount":0,"publisher":{"@id":"https:\/\/kunmedierne.dk\/mors\/#organization"},"image":{"@id":"https:\/\/kunmedierne.dk\/mors\/oerodde-igen\/#primaryimage"},"thumbnailUrl":"https:\/\/kunmedierne.dk\/mors\/wp-content\/uploads\/2020\/03\/200101-hans-ejner-bertelsen-V.jpg","keywords":["Politik"],"articleSection":["Debat"],"inLanguage":"da-DK","potentialAction":[{"@type":"CommentAction","name":"Comment","target":["https:\/\/kunmedierne.dk\/mors\/oerodde-igen\/#respond"]}]},{"@type":"WebPage","@id":"https:\/\/kunmedierne.dk\/mors\/oerodde-igen\/","url":"https:\/\/kunmedierne.dk\/mors\/oerodde-igen\/","name":"\u00d8rodde igen - Mors","isPartOf":{"@id":"https:\/\/kunmedierne.dk\/mors\/#website"},"primaryImageOfPage":{"@id":"https:\/\/kunmedierne.dk\/mors\/oerodde-igen\/#primaryimage"},"image":{"@id":"https:\/\/kunmedierne.dk\/mors\/oerodde-igen\/#primaryimage"},"thumbnailUrl":"https:\/\/kunmedierne.dk\/mors\/wp-content\/uploads\/2020\/03\/200101-hans-ejner-bertelsen-V.jpg","datePublished":"2021-06-17T07:19:32+00:00","dateModified":"2024-08-07T12:45:40+00:00","breadcrumb":{"@id":"https:\/\/kunmedierne.dk\/mors\/oerodde-igen\/#breadcrumb"},"inLanguage":"da-DK","potentialAction":[{"@type":"ReadAction","target":["https:\/\/kunmedierne.dk\/mors\/oerodde-igen\/"]}]},{"@type":"ImageObject","inLanguage":"da-DK","@id":"https:\/\/kunmedierne.dk\/mors\/oerodde-igen\/#primaryimage","url":"https:\/\/kunmedierne.dk\/mors\/wp-content\/uploads\/2020\/03\/200101-hans-ejner-bertelsen-V.jpg","contentUrl":"https:\/\/kunmedierne.dk\/mors\/wp-content\/uploads\/2020\/03\/200101-hans-ejner-bertelsen-V.jpg","width":770,"height":513,"caption":"Borgmester Hans Ejner Bertelsen (V). Foto: Per Bech\/Mors\u00f8 Kommune."},{"@type":"BreadcrumbList","@id":"https:\/\/kunmedierne.dk\/mors\/oerodde-igen\/#breadcrumb","itemListElement":[{"@type":"ListItem","position":1,"name":"Hjem","item":"https:\/\/kunmedierne.dk\/mors\/"},{"@type":"ListItem","position":2,"name":"\u00d8rodde igen"}]},{"@type":"WebSite","@id":"https:\/\/kunmedierne.dk\/mors\/#website","url":"https:\/\/kunmedierne.dk\/mors\/","name":"Mors","description":"et netmedie med journalistik om livet p\u00e5 Mors","publisher":{"@id":"https:\/\/kunmedierne.dk\/mors\/#organization"},"potentialAction":[{"@type":"SearchAction","target":{"@type":"EntryPoint","urlTemplate":"https:\/\/kunmedierne.dk\/mors\/?s={search_term_string}"},"query-input":{"@type":"PropertyValueSpecification","valueRequired":true,"valueName":"search_term_string"}}],"inLanguage":"da-DK"},{"@type":"Organization","@id":"https:\/\/kunmedierne.dk\/mors\/#organization","name":"Mors","url":"https:\/\/kunmedierne.dk\/mors\/","logo":{"@type":"ImageObject","inLanguage":"da-DK","@id":"https:\/\/kunmedierne.dk\/mors\/#\/schema\/logo\/image\/","url":"https:\/\/kunmedierne.dk\/mors\/wp-content\/uploads\/2024\/08\/kunmors-logo.svg","contentUrl":"https:\/\/kunmedierne.dk\/mors\/wp-content\/uploads\/2024\/08\/kunmors-logo.svg","caption":"Mors"},"image":{"@id":"https:\/\/kunmedierne.dk\/mors\/#\/schema\/logo\/image\/"}},{"@type":"Person","@id":"https:\/\/kunmedierne.dk\/mors\/#\/schema\/person\/84c1391bce0b43b9bb3a49736bc0ad78","name":"Debat","image":{"@type":"ImageObject","inLanguage":"da-DK","@id":"https:\/\/kunmedierne.dk\/mors\/#\/schema\/person\/image\/","url":"https:\/\/secure.gravatar.com\/avatar\/b0fb2e221d618f7c65162ab0d49c7e8a0b580c871ca03af90e42b47b4150654c?s=96&d=mm&r=g","contentUrl":"https:\/\/secure.gravatar.com\/avatar\/b0fb2e221d618f7c65162ab0d49c7e8a0b580c871ca03af90e42b47b4150654c?s=96&d=mm&r=g","caption":"Debat"},"url":"https:\/\/kunmedierne.dk\/mors\/author\/debat\/"}]}},"_links":{"self":[{"href":"https:\/\/kunmedierne.dk\/mors\/wp-json\/wp\/v2\/posts\/47056","targetHints":{"allow":["GET"]}}],"collection":[{"href":"https:\/\/kunmedierne.dk\/mors\/wp-json\/wp\/v2\/posts"}],"about":[{"href":"https:\/\/kunmedierne.dk\/mors\/wp-json\/wp\/v2\/types\/post"}],"author":[{"embeddable":true,"href":"https:\/\/kunmedierne.dk\/mors\/wp-json\/wp\/v2\/users\/11"}],"replies":[{"embeddable":true,"href":"https:\/\/kunmedierne.dk\/mors\/wp-json\/wp\/v2\/comments?post=47056"}],"version-history":[{"count":1,"href":"https:\/\/kunmedierne.dk\/mors\/wp-json\/wp\/v2\/posts\/47056\/revisions"}],"predecessor-version":[{"id":47057,"href":"https:\/\/kunmedierne.dk\/mors\/wp-json\/wp\/v2\/posts\/47056\/revisions\/47057"}],"wp:featuredmedia":[{"embeddable":true,"href":"https:\/\/kunmedierne.dk\/mors\/wp-json\/wp\/v2\/media\/13995"}],"wp:attachment":[{"href":"https:\/\/kunmedierne.dk\/mors\/wp-json\/wp\/v2\/media?parent=47056"}],"wp:term":[{"taxonomy":"category","embeddable":true,"href":"https:\/\/kunmedierne.dk\/mors\/wp-json\/wp\/v2\/categories?post=47056"},{"taxonomy":"post_tag","embeddable":true,"href":"https:\/\/kunmedierne.dk\/mors\/wp-json\/wp\/v2\/tags?post=47056"}],"curies":[{"name":"wp","href":"https:\/\/api.w.org\/{rel}","templated":true}]}}