{"id":47003,"date":"2021-06-16T10:41:51","date_gmt":"2021-06-16T08:41:51","guid":{"rendered":"https:\/\/kunmedierne.dk\/mors\/?p=47003"},"modified":"2024-08-07T14:45:40","modified_gmt":"2024-08-07T12:45:40","slug":"hans-ejner-bertelsen-valgkampen-begynder-foerst-efter-sommerferien","status":"publish","type":"post","link":"https:\/\/kunmedierne.dk\/mors\/hans-ejner-bertelsen-valgkampen-begynder-foerst-efter-sommerferien\/","title":{"rendered":"Hans Ejner Bertelsen: Valgkampen begynder f\u00f8rst efter sommerferien"},"content":{"rendered":"<p><strong>MORS<\/strong>: Det ulmer i den lokalpolitiske br\u00e6ndeovn, og i l\u00f8bet af de kommende m\u00e5neder vil gl\u00f8der blive til flammer.<\/p>\n<p>Naturen p\u00e5 Mors. B\u00f8rn, unge og \u00e6ldre. \u00d8rodde. Og alt det andet vil komme op til overfladen og blive fixpunkter for politiske slag i kamp om v\u00e6lgernes gunst.<\/p>\n<p>Og nu har Venstre sat sit hold til Kommunalvalg 2021. 19 kandidater er p\u00e5 plads &#8211; med det forbehold, at et par stykker mere kan n\u00e5 at komme det.<\/p>\n<p>&#8220;Vi lukker f\u00f8rst listen midt i august. S\u00e5 man kan stadig n\u00e5 at beslutte sig, og vi har to, der t\u00e6nker lidt over det. Det er jo en stor beslutning at tr\u00e6ffe,&#8221; siger Hans Ejner Bertelsen, borgmester i Mors\u00f8 Kommune og spidskandidat for Venstre for tredje gang. <a href=\"https:\/\/www.braendselsforeningen.dk\/\"><img loading=\"lazy\" decoding=\"async\" class=\"alignright size-full wp-image-46597\" src=\"https:\/\/kunmedierne.dk\/mors\/wp-content\/uploads\/2021\/06\/t06.jpg\" alt=\"\" width=\"1425\" height=\"127\" srcset=\"https:\/\/kunmedierne.dk\/mors\/wp-content\/uploads\/2021\/06\/t06.jpg 1425w, https:\/\/kunmedierne.dk\/mors\/wp-content\/uploads\/2021\/06\/t06-300x27.jpg 300w, https:\/\/kunmedierne.dk\/mors\/wp-content\/uploads\/2021\/06\/t06-1024x91.jpg 1024w, https:\/\/kunmedierne.dk\/mors\/wp-content\/uploads\/2021\/06\/t06-768x68.jpg 768w, https:\/\/kunmedierne.dk\/mors\/wp-content\/uploads\/2021\/06\/t06-600x53.jpg 600w\" sizes=\"auto, (max-width: 1425px) 100vw, 1425px\" \/><\/a><\/p>\n<p>Han har brugt de seneste efterh\u00e5nden mange m\u00e5neder p\u00e5 at rekruttere kandidater for sit parti, og lige foran m\u00e5lstregen erkl\u00e6rer han sig tilfreds med udbyttet.<\/p>\n<p>&#8220;Vi var 16 for otte \u00e5r siden og 19 for fire \u00e5r siden, s\u00e5 det er et fint antal. Og det, jeg is\u00e6r er glad for, er, at vi har f\u00e5et en ung VU&#8217;er med, vi har f\u00e5et fire kandidater i 30&#8217;erne, og nogle af vores kandidater skal b\u00e5de aflevere og hente b\u00f8rn en gang imellem &#8211; og det giver alts\u00e5 en anden diskussion i gruppen,&#8221; siger han.<\/p>\n<p>&#8220;Geografisk er vi godt fordelt, og aldersm\u00e6ssigt er vi godt fordelt. Og p\u00e5 fritidsinteresser og erhverv er vi ogs\u00e5 forskellige. S\u00e5 jeg ser frem til nogle gode diskussioner i en ny Venstre-gruppe, og det gl\u00e6der jeg mig til. Det er sundt at blive udfordret,&#8221; siger han.<\/p>\n<p>Som omtalt mandag har han m\u00e5ttet sige farvel til gruppeformand <a href=\"https:\/\/kunmedierne.dk\/mors\/hanne-haldrup-stopper-i-politik\/\" target=\"_blank\" rel=\"noopener\">Hanne Haldrup<\/a>. Ogs\u00e5 <a href=\"https:\/\/kunmedierne.dk\/mors\/lene-svenningsen-om-politisk-stop-jeg-har-mange-aar-i-politik-endnu\/\" target=\"_blank\" rel=\"noopener\">Lene Svenningsen<\/a> og <a href=\"https:\/\/kunmedierne.dk\/mors\/venstre-politiker-siger-stop-flyt-udvalgsmoeder-vaek-fra-normal-arbejdstid\/\" target=\"_blank\" rel=\"noopener\">Henrik Jensen<\/a> fra den nuv\u00e6rende Venstre-gruppe siger farvel til kommunalbestyrelsen. <a href=\"https:\/\/morsoe-begravelsesforretning.dk\/\"><img loading=\"lazy\" decoding=\"async\" class=\"alignright size-full wp-image-46598\" src=\"https:\/\/kunmedierne.dk\/mors\/wp-content\/uploads\/2021\/06\/t07.jpg\" alt=\"\" width=\"1425\" height=\"127\" srcset=\"https:\/\/kunmedierne.dk\/mors\/wp-content\/uploads\/2021\/06\/t07.jpg 1425w, https:\/\/kunmedierne.dk\/mors\/wp-content\/uploads\/2021\/06\/t07-300x27.jpg 300w, https:\/\/kunmedierne.dk\/mors\/wp-content\/uploads\/2021\/06\/t07-1024x91.jpg 1024w, https:\/\/kunmedierne.dk\/mors\/wp-content\/uploads\/2021\/06\/t07-768x68.jpg 768w, https:\/\/kunmedierne.dk\/mors\/wp-content\/uploads\/2021\/06\/t07-600x53.jpg 600w\" sizes=\"auto, (max-width: 1425px) 100vw, 1425px\" \/><\/a><\/p>\n<p>Sidstn\u00e6vnte gjorde det med en klar henvisning til, at det er sv\u00e6rt at forene civilt arbejde med det politiske. Og han opfordrede til, at man i stedet flytter udvalgsm\u00f8der uden for normal arbejdstid.<\/p>\n<p><em>Er det en diskussion, I skal til at tage igen?<\/em><\/p>\n<p>&#8220;Det er en diskussion, vi skal tage. Men det er jo s\u00e5dan, at det er udvalgene selv, der bestemmer, hvordan de vil placere deres m\u00f8der,&#8221; siger Hans Ejner Bertelsen og henviser til l\u00f8sninger i andre kommuner, hvor udvalgene har tilrettelagt deres arbejde s\u00e5ledes, at nogle m\u00f8der ligger klokken syv og andre klokken 17.<\/p>\n<p>&#8220;Det kunne ogs\u00e5 v\u00e6re en t\u00e6nke,&#8221; siger han. <img loading=\"lazy\" decoding=\"async\" class=\"alignright size-full wp-image-46599\" src=\"https:\/\/kunmedierne.dk\/mors\/wp-content\/uploads\/2021\/06\/t08.jpg\" alt=\"\" width=\"1400\" height=\"125\" srcset=\"https:\/\/kunmedierne.dk\/mors\/wp-content\/uploads\/2021\/06\/t08.jpg 1400w, https:\/\/kunmedierne.dk\/mors\/wp-content\/uploads\/2021\/06\/t08-300x27.jpg 300w, https:\/\/kunmedierne.dk\/mors\/wp-content\/uploads\/2021\/06\/t08-1024x91.jpg 1024w, https:\/\/kunmedierne.dk\/mors\/wp-content\/uploads\/2021\/06\/t08-768x69.jpg 768w, https:\/\/kunmedierne.dk\/mors\/wp-content\/uploads\/2021\/06\/t08-600x54.jpg 600w\" sizes=\"auto, (max-width: 1400px) 100vw, 1400px\" \/><\/p>\n<p>En anden er, at der i dag er pr\u00e6cis fem m\u00e5neder til Kommunalvalg 2021. Og at \u00f8ens regerende parti, der ved sidste valg fik s\u00e5 mange mandater i kommunalbestyrelsen, at det i sig selv ogs\u00e5 har v\u00e6ret et tema tidligere i \u00e5r, nu har holdet p\u00e5 plads.<\/p>\n<p><em>Og s\u00e5 er der ellers valgkamp nu &#8211; eller hvordan?<\/em><\/p>\n<p>&#8220;Nej, det tror jeg ikke,&#8221; siger Hans Ejner Bertelsen.<\/p>\n<p>&#8220;Jeg tror, at n\u00e5r vi kommer p\u00e5 den anden side af sommerferien, begynder tingene at boble. Og n\u00e5r vi n\u00e5r hen i september og oktober, tror jeg, at valgkampen kommer til at k\u00f8re. Det er i hvert fald det, vi har oplevet tidligere,&#8221; siger han.<\/p>\n<p><em>S\u00e5 I skal ikke ud og markere jer p\u00e5 noget natur, lige som Socialdemokratiet og Radikale Venstre har gjort p\u00e5 det seneste?<\/em><\/p>\n<p>&#8220;Vi vil gerne markere os p\u00e5 hele det politiske spisekort, og det skal nok komme,&#8221; siger han. <img loading=\"lazy\" decoding=\"async\" class=\"alignright size-full wp-image-46600\" src=\"https:\/\/kunmedierne.dk\/mors\/wp-content\/uploads\/2021\/06\/t09.jpg\" alt=\"\" width=\"1400\" height=\"125\" srcset=\"https:\/\/kunmedierne.dk\/mors\/wp-content\/uploads\/2021\/06\/t09.jpg 1400w, https:\/\/kunmedierne.dk\/mors\/wp-content\/uploads\/2021\/06\/t09-300x27.jpg 300w, https:\/\/kunmedierne.dk\/mors\/wp-content\/uploads\/2021\/06\/t09-1024x91.jpg 1024w, https:\/\/kunmedierne.dk\/mors\/wp-content\/uploads\/2021\/06\/t09-768x69.jpg 768w, https:\/\/kunmedierne.dk\/mors\/wp-content\/uploads\/2021\/06\/t09-600x54.jpg 600w\" sizes=\"auto, (max-width: 1400px) 100vw, 1400px\" \/><\/p>\n<blockquote>\n<h3>F\u00e5 KunMors som din lokale avis!<\/h3>\n<h4>Tilmeld dig nyhedsbrevet nederst p\u00e5 siden. S\u00e5 modtager du hver dag lige efter klokken 17 en e-mail med overblik over det seneste d\u00f8gns artikler.<\/h4>\n<h4>Nyhedsbrevet er gratis for b\u00e5de abonnenter og ikke-abonnenter.<\/h4>\n<\/blockquote>\n","protected":false},"excerpt":{"rendered":"<p>MORS: Det ulmer i den lokalpolitiske br\u00e6ndeovn, og i l\u00f8bet af de kommende m\u00e5neder vil gl\u00f8der blive til flammer. Naturen p\u00e5 Mors. B\u00f8rn, unge og \u00e6ldre. \u00d8rodde. Og alt det andet vil komme op til overfladen og blive fixpunkter for politiske slag i kamp om v\u00e6lgernes gunst. Og nu har Venstre sat sit hold til [&hellip;]<\/p>\n","protected":false},"author":8,"featured_media":47004,"comment_status":"open","ping_status":"open","sticky":false,"template":"","format":"standard","meta":{"_acf_changed":false,"footnotes":""},"categories":[51],"tags":[167],"class_list":["post-47003","post","type-post","status-publish","format-standard","has-post-thumbnail","hentry","category-lokalt","tag-politik"],"acf":[],"yoast_head":"<!-- This site is optimized with the Yoast SEO plugin v26.8 - https:\/\/yoast.com\/product\/yoast-seo-wordpress\/ -->\n<title>Hans Ejner Bertelsen: Valgkampen begynder f\u00f8rst efter sommerferien - Mors<\/title>\n<meta name=\"robots\" content=\"index, follow, max-snippet:-1, max-image-preview:large, max-video-preview:-1\" \/>\n<link rel=\"canonical\" href=\"https:\/\/kunmedierne.dk\/mors\/hans-ejner-bertelsen-valgkampen-begynder-foerst-efter-sommerferien\/\" \/>\n<meta property=\"og:locale\" content=\"da_DK\" \/>\n<meta property=\"og:type\" content=\"article\" \/>\n<meta property=\"og:title\" content=\"Hans Ejner Bertelsen: Valgkampen begynder f\u00f8rst efter sommerferien - Mors\" \/>\n<meta property=\"og:description\" content=\"MORS: Det ulmer i den lokalpolitiske br\u00e6ndeovn, og i l\u00f8bet af de kommende m\u00e5neder vil gl\u00f8der blive til flammer. Naturen p\u00e5 Mors. B\u00f8rn, unge og \u00e6ldre. \u00d8rodde. Og alt det andet vil komme op til overfladen og blive fixpunkter for politiske slag i kamp om v\u00e6lgernes gunst. Og nu har Venstre sat sit hold til [&hellip;]\" \/>\n<meta property=\"og:url\" content=\"https:\/\/kunmedierne.dk\/mors\/hans-ejner-bertelsen-valgkampen-begynder-foerst-efter-sommerferien\/\" \/>\n<meta property=\"og:site_name\" content=\"Mors\" \/>\n<meta property=\"article:published_time\" content=\"2021-06-16T08:41:51+00:00\" \/>\n<meta property=\"article:modified_time\" content=\"2024-08-07T12:45:40+00:00\" \/>\n<meta property=\"og:image\" content=\"https:\/\/kunmedierne.dk\/mors\/wp-content\/uploads\/2021\/06\/venstre-2021.jpg\" \/>\n\t<meta property=\"og:image:width\" content=\"770\" \/>\n\t<meta property=\"og:image:height\" content=\"513\" \/>\n\t<meta property=\"og:image:type\" content=\"image\/jpeg\" \/>\n<meta name=\"author\" content=\"David H\u00f8jmark\" \/>\n<meta name=\"twitter:card\" content=\"summary_large_image\" \/>\n<meta name=\"twitter:label1\" content=\"Skrevet af\" \/>\n\t<meta name=\"twitter:data1\" content=\"David H\u00f8jmark\" \/>\n\t<meta name=\"twitter:label2\" content=\"Estimeret l\u00e6setid\" \/>\n\t<meta name=\"twitter:data2\" content=\"4 minutter\" \/>\n<script type=\"application\/ld+json\" class=\"yoast-schema-graph\">{\"@context\":\"https:\/\/schema.org\",\"@graph\":[{\"@type\":\"Article\",\"@id\":\"https:\/\/kunmedierne.dk\/mors\/hans-ejner-bertelsen-valgkampen-begynder-foerst-efter-sommerferien\/#article\",\"isPartOf\":{\"@id\":\"https:\/\/kunmedierne.dk\/mors\/hans-ejner-bertelsen-valgkampen-begynder-foerst-efter-sommerferien\/\"},\"author\":{\"name\":\"David H\u00f8jmark\",\"@id\":\"https:\/\/kunmedierne.dk\/mors\/#\/schema\/person\/5fe23251bf1d0abbcdc6f7896579d548\"},\"headline\":\"Hans Ejner Bertelsen: Valgkampen begynder f\u00f8rst efter sommerferien\",\"datePublished\":\"2021-06-16T08:41:51+00:00\",\"dateModified\":\"2024-08-07T12:45:40+00:00\",\"mainEntityOfPage\":{\"@id\":\"https:\/\/kunmedierne.dk\/mors\/hans-ejner-bertelsen-valgkampen-begynder-foerst-efter-sommerferien\/\"},\"wordCount\":624,\"commentCount\":0,\"publisher\":{\"@id\":\"https:\/\/kunmedierne.dk\/mors\/#organization\"},\"image\":{\"@id\":\"https:\/\/kunmedierne.dk\/mors\/hans-ejner-bertelsen-valgkampen-begynder-foerst-efter-sommerferien\/#primaryimage\"},\"thumbnailUrl\":\"https:\/\/kunmedierne.dk\/mors\/wp-content\/uploads\/2021\/06\/venstre-2021.jpg\",\"keywords\":[\"Politik\"],\"articleSection\":[\"Lokalt\"],\"inLanguage\":\"da-DK\",\"potentialAction\":[{\"@type\":\"CommentAction\",\"name\":\"Comment\",\"target\":[\"https:\/\/kunmedierne.dk\/mors\/hans-ejner-bertelsen-valgkampen-begynder-foerst-efter-sommerferien\/#respond\"]}]},{\"@type\":\"WebPage\",\"@id\":\"https:\/\/kunmedierne.dk\/mors\/hans-ejner-bertelsen-valgkampen-begynder-foerst-efter-sommerferien\/\",\"url\":\"https:\/\/kunmedierne.dk\/mors\/hans-ejner-bertelsen-valgkampen-begynder-foerst-efter-sommerferien\/\",\"name\":\"Hans Ejner Bertelsen: Valgkampen begynder f\u00f8rst efter sommerferien - Mors\",\"isPartOf\":{\"@id\":\"https:\/\/kunmedierne.dk\/mors\/#website\"},\"primaryImageOfPage\":{\"@id\":\"https:\/\/kunmedierne.dk\/mors\/hans-ejner-bertelsen-valgkampen-begynder-foerst-efter-sommerferien\/#primaryimage\"},\"image\":{\"@id\":\"https:\/\/kunmedierne.dk\/mors\/hans-ejner-bertelsen-valgkampen-begynder-foerst-efter-sommerferien\/#primaryimage\"},\"thumbnailUrl\":\"https:\/\/kunmedierne.dk\/mors\/wp-content\/uploads\/2021\/06\/venstre-2021.jpg\",\"datePublished\":\"2021-06-16T08:41:51+00:00\",\"dateModified\":\"2024-08-07T12:45:40+00:00\",\"breadcrumb\":{\"@id\":\"https:\/\/kunmedierne.dk\/mors\/hans-ejner-bertelsen-valgkampen-begynder-foerst-efter-sommerferien\/#breadcrumb\"},\"inLanguage\":\"da-DK\",\"potentialAction\":[{\"@type\":\"ReadAction\",\"target\":[\"https:\/\/kunmedierne.dk\/mors\/hans-ejner-bertelsen-valgkampen-begynder-foerst-efter-sommerferien\/\"]}]},{\"@type\":\"ImageObject\",\"inLanguage\":\"da-DK\",\"@id\":\"https:\/\/kunmedierne.dk\/mors\/hans-ejner-bertelsen-valgkampen-begynder-foerst-efter-sommerferien\/#primaryimage\",\"url\":\"https:\/\/kunmedierne.dk\/mors\/wp-content\/uploads\/2021\/06\/venstre-2021.jpg\",\"contentUrl\":\"https:\/\/kunmedierne.dk\/mors\/wp-content\/uploads\/2021\/06\/venstre-2021.jpg\",\"width\":770,\"height\":513,\"caption\":\"De 19, der har sagt ja til at stille op for Venstre til efter\u00e5rets kommunalvalg. Bagest fra venstre: Peter Therkildsen, Ansgar Nygaard, Henning S\u00f8rensen, Henrik \\\"Sivert\\\" Kristensen, S\u00f8ren Goul, Jesper Balle Kristensen, Peter Lilleb\u00e6k, Chris Dahl og Allan S\u00f8rensen. Forrest fra venstre: Klaus Hvidtfeld Larsen, Tage Andersen, Hans Henrik Ebbesen, Jytte Foldberg, Hans Ejner Bertelsen, Anja Birch Als\u00f8er, Charlotte Amalie Holm, Mette K\u00e6rgaard Iversen, Thomas Dahlgaard og Rasmus Christensen. Foto: Venstre Mors\"},{\"@type\":\"BreadcrumbList\",\"@id\":\"https:\/\/kunmedierne.dk\/mors\/hans-ejner-bertelsen-valgkampen-begynder-foerst-efter-sommerferien\/#breadcrumb\",\"itemListElement\":[{\"@type\":\"ListItem\",\"position\":1,\"name\":\"Hjem\",\"item\":\"https:\/\/kunmedierne.dk\/mors\/\"},{\"@type\":\"ListItem\",\"position\":2,\"name\":\"Hans Ejner Bertelsen: Valgkampen begynder f\u00f8rst efter sommerferien\"}]},{\"@type\":\"WebSite\",\"@id\":\"https:\/\/kunmedierne.dk\/mors\/#website\",\"url\":\"https:\/\/kunmedierne.dk\/mors\/\",\"name\":\"Mors\",\"description\":\"et netmedie med journalistik om livet p\u00e5 Mors\",\"publisher\":{\"@id\":\"https:\/\/kunmedierne.dk\/mors\/#organization\"},\"potentialAction\":[{\"@type\":\"SearchAction\",\"target\":{\"@type\":\"EntryPoint\",\"urlTemplate\":\"https:\/\/kunmedierne.dk\/mors\/?s={search_term_string}\"},\"query-input\":{\"@type\":\"PropertyValueSpecification\",\"valueRequired\":true,\"valueName\":\"search_term_string\"}}],\"inLanguage\":\"da-DK\"},{\"@type\":\"Organization\",\"@id\":\"https:\/\/kunmedierne.dk\/mors\/#organization\",\"name\":\"Mors\",\"url\":\"https:\/\/kunmedierne.dk\/mors\/\",\"logo\":{\"@type\":\"ImageObject\",\"inLanguage\":\"da-DK\",\"@id\":\"https:\/\/kunmedierne.dk\/mors\/#\/schema\/logo\/image\/\",\"url\":\"https:\/\/kunmedierne.dk\/mors\/wp-content\/uploads\/2024\/08\/kunmors-logo.svg\",\"contentUrl\":\"https:\/\/kunmedierne.dk\/mors\/wp-content\/uploads\/2024\/08\/kunmors-logo.svg\",\"caption\":\"Mors\"},\"image\":{\"@id\":\"https:\/\/kunmedierne.dk\/mors\/#\/schema\/logo\/image\/\"}},{\"@type\":\"Person\",\"@id\":\"https:\/\/kunmedierne.dk\/mors\/#\/schema\/person\/5fe23251bf1d0abbcdc6f7896579d548\",\"name\":\"David H\u00f8jmark\",\"image\":{\"@type\":\"ImageObject\",\"inLanguage\":\"da-DK\",\"@id\":\"https:\/\/kunmedierne.dk\/mors\/#\/schema\/person\/image\/\",\"url\":\"https:\/\/secure.gravatar.com\/avatar\/4315d6fb9ef244d729989f5f90268eb08d5bf8a3d84402f595fa194bb35784fd?s=96&d=mm&r=g\",\"contentUrl\":\"https:\/\/secure.gravatar.com\/avatar\/4315d6fb9ef244d729989f5f90268eb08d5bf8a3d84402f595fa194bb35784fd?s=96&d=mm&r=g\",\"caption\":\"David H\u00f8jmark\"},\"sameAs\":[\"https:\/\/www.kunmedierne.dk\"],\"url\":\"https:\/\/kunmedierne.dk\/mors\/author\/david\/\"}]}<\/script>\n<!-- \/ Yoast SEO plugin. -->","yoast_head_json":{"title":"Hans Ejner Bertelsen: Valgkampen begynder f\u00f8rst efter sommerferien - Mors","robots":{"index":"index","follow":"follow","max-snippet":"max-snippet:-1","max-image-preview":"max-image-preview:large","max-video-preview":"max-video-preview:-1"},"canonical":"https:\/\/kunmedierne.dk\/mors\/hans-ejner-bertelsen-valgkampen-begynder-foerst-efter-sommerferien\/","og_locale":"da_DK","og_type":"article","og_title":"Hans Ejner Bertelsen: Valgkampen begynder f\u00f8rst efter sommerferien - Mors","og_description":"MORS: Det ulmer i den lokalpolitiske br\u00e6ndeovn, og i l\u00f8bet af de kommende m\u00e5neder vil gl\u00f8der blive til flammer. Naturen p\u00e5 Mors. B\u00f8rn, unge og \u00e6ldre. \u00d8rodde. Og alt det andet vil komme op til overfladen og blive fixpunkter for politiske slag i kamp om v\u00e6lgernes gunst. Og nu har Venstre sat sit hold til [&hellip;]","og_url":"https:\/\/kunmedierne.dk\/mors\/hans-ejner-bertelsen-valgkampen-begynder-foerst-efter-sommerferien\/","og_site_name":"Mors","article_published_time":"2021-06-16T08:41:51+00:00","article_modified_time":"2024-08-07T12:45:40+00:00","og_image":[{"width":770,"height":513,"url":"https:\/\/kunmedierne.dk\/mors\/wp-content\/uploads\/2021\/06\/venstre-2021.jpg","type":"image\/jpeg"}],"author":"David H\u00f8jmark","twitter_card":"summary_large_image","twitter_misc":{"Skrevet af":"David H\u00f8jmark","Estimeret l\u00e6setid":"4 minutter"},"schema":{"@context":"https:\/\/schema.org","@graph":[{"@type":"Article","@id":"https:\/\/kunmedierne.dk\/mors\/hans-ejner-bertelsen-valgkampen-begynder-foerst-efter-sommerferien\/#article","isPartOf":{"@id":"https:\/\/kunmedierne.dk\/mors\/hans-ejner-bertelsen-valgkampen-begynder-foerst-efter-sommerferien\/"},"author":{"name":"David H\u00f8jmark","@id":"https:\/\/kunmedierne.dk\/mors\/#\/schema\/person\/5fe23251bf1d0abbcdc6f7896579d548"},"headline":"Hans Ejner Bertelsen: Valgkampen begynder f\u00f8rst efter sommerferien","datePublished":"2021-06-16T08:41:51+00:00","dateModified":"2024-08-07T12:45:40+00:00","mainEntityOfPage":{"@id":"https:\/\/kunmedierne.dk\/mors\/hans-ejner-bertelsen-valgkampen-begynder-foerst-efter-sommerferien\/"},"wordCount":624,"commentCount":0,"publisher":{"@id":"https:\/\/kunmedierne.dk\/mors\/#organization"},"image":{"@id":"https:\/\/kunmedierne.dk\/mors\/hans-ejner-bertelsen-valgkampen-begynder-foerst-efter-sommerferien\/#primaryimage"},"thumbnailUrl":"https:\/\/kunmedierne.dk\/mors\/wp-content\/uploads\/2021\/06\/venstre-2021.jpg","keywords":["Politik"],"articleSection":["Lokalt"],"inLanguage":"da-DK","potentialAction":[{"@type":"CommentAction","name":"Comment","target":["https:\/\/kunmedierne.dk\/mors\/hans-ejner-bertelsen-valgkampen-begynder-foerst-efter-sommerferien\/#respond"]}]},{"@type":"WebPage","@id":"https:\/\/kunmedierne.dk\/mors\/hans-ejner-bertelsen-valgkampen-begynder-foerst-efter-sommerferien\/","url":"https:\/\/kunmedierne.dk\/mors\/hans-ejner-bertelsen-valgkampen-begynder-foerst-efter-sommerferien\/","name":"Hans Ejner Bertelsen: Valgkampen begynder f\u00f8rst efter sommerferien - Mors","isPartOf":{"@id":"https:\/\/kunmedierne.dk\/mors\/#website"},"primaryImageOfPage":{"@id":"https:\/\/kunmedierne.dk\/mors\/hans-ejner-bertelsen-valgkampen-begynder-foerst-efter-sommerferien\/#primaryimage"},"image":{"@id":"https:\/\/kunmedierne.dk\/mors\/hans-ejner-bertelsen-valgkampen-begynder-foerst-efter-sommerferien\/#primaryimage"},"thumbnailUrl":"https:\/\/kunmedierne.dk\/mors\/wp-content\/uploads\/2021\/06\/venstre-2021.jpg","datePublished":"2021-06-16T08:41:51+00:00","dateModified":"2024-08-07T12:45:40+00:00","breadcrumb":{"@id":"https:\/\/kunmedierne.dk\/mors\/hans-ejner-bertelsen-valgkampen-begynder-foerst-efter-sommerferien\/#breadcrumb"},"inLanguage":"da-DK","potentialAction":[{"@type":"ReadAction","target":["https:\/\/kunmedierne.dk\/mors\/hans-ejner-bertelsen-valgkampen-begynder-foerst-efter-sommerferien\/"]}]},{"@type":"ImageObject","inLanguage":"da-DK","@id":"https:\/\/kunmedierne.dk\/mors\/hans-ejner-bertelsen-valgkampen-begynder-foerst-efter-sommerferien\/#primaryimage","url":"https:\/\/kunmedierne.dk\/mors\/wp-content\/uploads\/2021\/06\/venstre-2021.jpg","contentUrl":"https:\/\/kunmedierne.dk\/mors\/wp-content\/uploads\/2021\/06\/venstre-2021.jpg","width":770,"height":513,"caption":"De 19, der har sagt ja til at stille op for Venstre til efter\u00e5rets kommunalvalg. Bagest fra venstre: Peter Therkildsen, Ansgar Nygaard, Henning S\u00f8rensen, Henrik \"Sivert\" Kristensen, S\u00f8ren Goul, Jesper Balle Kristensen, Peter Lilleb\u00e6k, Chris Dahl og Allan S\u00f8rensen. Forrest fra venstre: Klaus Hvidtfeld Larsen, Tage Andersen, Hans Henrik Ebbesen, Jytte Foldberg, Hans Ejner Bertelsen, Anja Birch Als\u00f8er, Charlotte Amalie Holm, Mette K\u00e6rgaard Iversen, Thomas Dahlgaard og Rasmus Christensen. Foto: Venstre Mors"},{"@type":"BreadcrumbList","@id":"https:\/\/kunmedierne.dk\/mors\/hans-ejner-bertelsen-valgkampen-begynder-foerst-efter-sommerferien\/#breadcrumb","itemListElement":[{"@type":"ListItem","position":1,"name":"Hjem","item":"https:\/\/kunmedierne.dk\/mors\/"},{"@type":"ListItem","position":2,"name":"Hans Ejner Bertelsen: Valgkampen begynder f\u00f8rst efter sommerferien"}]},{"@type":"WebSite","@id":"https:\/\/kunmedierne.dk\/mors\/#website","url":"https:\/\/kunmedierne.dk\/mors\/","name":"Mors","description":"et netmedie med journalistik om livet p\u00e5 Mors","publisher":{"@id":"https:\/\/kunmedierne.dk\/mors\/#organization"},"potentialAction":[{"@type":"SearchAction","target":{"@type":"EntryPoint","urlTemplate":"https:\/\/kunmedierne.dk\/mors\/?s={search_term_string}"},"query-input":{"@type":"PropertyValueSpecification","valueRequired":true,"valueName":"search_term_string"}}],"inLanguage":"da-DK"},{"@type":"Organization","@id":"https:\/\/kunmedierne.dk\/mors\/#organization","name":"Mors","url":"https:\/\/kunmedierne.dk\/mors\/","logo":{"@type":"ImageObject","inLanguage":"da-DK","@id":"https:\/\/kunmedierne.dk\/mors\/#\/schema\/logo\/image\/","url":"https:\/\/kunmedierne.dk\/mors\/wp-content\/uploads\/2024\/08\/kunmors-logo.svg","contentUrl":"https:\/\/kunmedierne.dk\/mors\/wp-content\/uploads\/2024\/08\/kunmors-logo.svg","caption":"Mors"},"image":{"@id":"https:\/\/kunmedierne.dk\/mors\/#\/schema\/logo\/image\/"}},{"@type":"Person","@id":"https:\/\/kunmedierne.dk\/mors\/#\/schema\/person\/5fe23251bf1d0abbcdc6f7896579d548","name":"David H\u00f8jmark","image":{"@type":"ImageObject","inLanguage":"da-DK","@id":"https:\/\/kunmedierne.dk\/mors\/#\/schema\/person\/image\/","url":"https:\/\/secure.gravatar.com\/avatar\/4315d6fb9ef244d729989f5f90268eb08d5bf8a3d84402f595fa194bb35784fd?s=96&d=mm&r=g","contentUrl":"https:\/\/secure.gravatar.com\/avatar\/4315d6fb9ef244d729989f5f90268eb08d5bf8a3d84402f595fa194bb35784fd?s=96&d=mm&r=g","caption":"David H\u00f8jmark"},"sameAs":["https:\/\/www.kunmedierne.dk"],"url":"https:\/\/kunmedierne.dk\/mors\/author\/david\/"}]}},"_links":{"self":[{"href":"https:\/\/kunmedierne.dk\/mors\/wp-json\/wp\/v2\/posts\/47003","targetHints":{"allow":["GET"]}}],"collection":[{"href":"https:\/\/kunmedierne.dk\/mors\/wp-json\/wp\/v2\/posts"}],"about":[{"href":"https:\/\/kunmedierne.dk\/mors\/wp-json\/wp\/v2\/types\/post"}],"author":[{"embeddable":true,"href":"https:\/\/kunmedierne.dk\/mors\/wp-json\/wp\/v2\/users\/8"}],"replies":[{"embeddable":true,"href":"https:\/\/kunmedierne.dk\/mors\/wp-json\/wp\/v2\/comments?post=47003"}],"version-history":[{"count":1,"href":"https:\/\/kunmedierne.dk\/mors\/wp-json\/wp\/v2\/posts\/47003\/revisions"}],"predecessor-version":[{"id":47005,"href":"https:\/\/kunmedierne.dk\/mors\/wp-json\/wp\/v2\/posts\/47003\/revisions\/47005"}],"wp:featuredmedia":[{"embeddable":true,"href":"https:\/\/kunmedierne.dk\/mors\/wp-json\/wp\/v2\/media\/47004"}],"wp:attachment":[{"href":"https:\/\/kunmedierne.dk\/mors\/wp-json\/wp\/v2\/media?parent=47003"}],"wp:term":[{"taxonomy":"category","embeddable":true,"href":"https:\/\/kunmedierne.dk\/mors\/wp-json\/wp\/v2\/categories?post=47003"},{"taxonomy":"post_tag","embeddable":true,"href":"https:\/\/kunmedierne.dk\/mors\/wp-json\/wp\/v2\/tags?post=47003"}],"curies":[{"name":"wp","href":"https:\/\/api.w.org\/{rel}","templated":true}]}}