{"id":46962,"date":"2021-06-15T18:12:27","date_gmt":"2021-06-15T16:12:27","guid":{"rendered":"https:\/\/kunmedierne.dk\/mors\/?p=46962"},"modified":"2024-08-07T14:45:40","modified_gmt":"2024-08-07T12:45:40","slug":"et-hurtigt-nej-blev-aendret-til-et-ja","status":"publish","type":"post","link":"https:\/\/kunmedierne.dk\/mors\/et-hurtigt-nej-blev-aendret-til-et-ja\/","title":{"rendered":"Et hurtigt nej blev \u00e6ndret til et ja"},"content":{"rendered":"<p><strong>MORS<\/strong>: F\u00f8rst fik borgmesteren en afvisning. Men s\u00e5 blev han ringet op igen.<\/p>\n<p>S\u00e5dan var forl\u00f8bet, da S\u00f8ren Goul fra Sundby gik ind i politik. Den 61-\u00e5rige medejer af Champost og Thy Tr\u00e6piller var i f\u00f8rste omgang ikke indstillet p\u00e5 at supplere den civile karriere med et kandidatur til kommunalvalget, da borgmester Hans Ejner Bertelsen (V) foreslog ham at g\u00f8re det.<\/p>\n<p>&#8220;Da Hans Ejner ringede, stod jeg p\u00e5 en demostand p\u00e5 en planteskole, og jeg sagde hurtigt nej tak. Derefter spekulerede jeg alligevel en del over det og kom s\u00e5 frem til, at der var flere plusser end minusser, og at det det ville v\u00e6re sp\u00e6ndende at v\u00e6re med til at udvikle kommunen,&#8221; fort\u00e6ller S\u00f8ren Goul.<\/p>\n<p>S\u00e5 han ringede op til Hans Ejner Bertelsen og \u00e6ndrede sit svar. <a href=\"https:\/\/www.sparthy.dk\/\"><img loading=\"lazy\" decoding=\"async\" class=\"alignright size-full wp-image-46599\" src=\"https:\/\/kunmedierne.dk\/mors\/wp-content\/uploads\/2021\/06\/t08.jpg\" alt=\"\" width=\"1400\" height=\"125\" srcset=\"https:\/\/kunmedierne.dk\/mors\/wp-content\/uploads\/2021\/06\/t08.jpg 1400w, https:\/\/kunmedierne.dk\/mors\/wp-content\/uploads\/2021\/06\/t08-300x27.jpg 300w, https:\/\/kunmedierne.dk\/mors\/wp-content\/uploads\/2021\/06\/t08-1024x91.jpg 1024w, https:\/\/kunmedierne.dk\/mors\/wp-content\/uploads\/2021\/06\/t08-768x69.jpg 768w, https:\/\/kunmedierne.dk\/mors\/wp-content\/uploads\/2021\/06\/t08-600x54.jpg 600w\" sizes=\"auto, (max-width: 1400px) 100vw, 1400px\" \/><\/a><\/p>\n<p>Derfor forbereder han sig nu p\u00e5 et valg og n\u00e6vner klima samt teknik og milj\u00f8 som omr\u00e5der med st\u00f8rste interesse &#8211; men\u00a0ogs\u00e5 erhverv og bos\u00e6tning samt b\u00f8rn og kultur finder han det interessant at besk\u00e6ftige sig med.<\/p>\n<p>Samtidig h\u00e5ber han at kunne bidrage med erfaring fra arbejde i idr\u00e6tsforeninger, som arbejdsgiver for mange ansatte og som medlem af arbejdsgiverforening.<img loading=\"lazy\" decoding=\"async\" class=\"alignright size-full wp-image-46600\" src=\"https:\/\/kunmedierne.dk\/mors\/wp-content\/uploads\/2021\/06\/t09.jpg\" alt=\"\" width=\"1400\" height=\"125\" srcset=\"https:\/\/kunmedierne.dk\/mors\/wp-content\/uploads\/2021\/06\/t09.jpg 1400w, https:\/\/kunmedierne.dk\/mors\/wp-content\/uploads\/2021\/06\/t09-300x27.jpg 300w, https:\/\/kunmedierne.dk\/mors\/wp-content\/uploads\/2021\/06\/t09-1024x91.jpg 1024w, https:\/\/kunmedierne.dk\/mors\/wp-content\/uploads\/2021\/06\/t09-768x69.jpg 768w, https:\/\/kunmedierne.dk\/mors\/wp-content\/uploads\/2021\/06\/t09-600x54.jpg 600w\" sizes=\"auto, (max-width: 1400px) 100vw, 1400px\" \/><\/p>\n<p>S\u00f8ren Goul blev pr\u00e6senteret p\u00e5 generalforsamlingen for Venstre Mors mandag aften. Han er partiets 11. nye kandidat og en af forel\u00f8big 19 i alt.<\/p>\n<p>S\u00f8ren Goul er 61 \u00e5r og er gift med Bodil. Sammen har de b\u00f8rnene Morten, Jane og Henrik.<\/p>\n<p>Fritiden bruger han p\u00e5 b\u00f8rneb\u00f8rn samt l\u00f8be- og cykelture.<\/p>\n","protected":false},"excerpt":{"rendered":"<p>MORS: F\u00f8rst fik borgmesteren en afvisning. Men s\u00e5 blev han ringet op igen. S\u00e5dan var forl\u00f8bet, da S\u00f8ren Goul fra Sundby gik ind i politik. Den 61-\u00e5rige medejer af Champost og Thy Tr\u00e6piller var i f\u00f8rste omgang ikke indstillet p\u00e5 at supplere den civile karriere med et kandidatur til kommunalvalget, da borgmester Hans Ejner Bertelsen [&hellip;]<\/p>\n","protected":false},"author":8,"featured_media":46963,"comment_status":"open","ping_status":"open","sticky":false,"template":"","format":"standard","meta":{"_acf_changed":false,"footnotes":""},"categories":[51],"tags":[167],"class_list":["post-46962","post","type-post","status-publish","format-standard","has-post-thumbnail","hentry","category-lokalt","tag-politik"],"acf":[],"yoast_head":"<!-- This site is optimized with the Yoast SEO plugin v26.8 - https:\/\/yoast.com\/product\/yoast-seo-wordpress\/ -->\n<title>Et hurtigt nej blev \u00e6ndret til et ja - Mors<\/title>\n<meta name=\"robots\" content=\"index, follow, max-snippet:-1, max-image-preview:large, max-video-preview:-1\" \/>\n<link rel=\"canonical\" href=\"https:\/\/kunmedierne.dk\/mors\/et-hurtigt-nej-blev-aendret-til-et-ja\/\" \/>\n<meta property=\"og:locale\" content=\"da_DK\" \/>\n<meta property=\"og:type\" content=\"article\" \/>\n<meta property=\"og:title\" content=\"Et hurtigt nej blev \u00e6ndret til et ja - Mors\" \/>\n<meta property=\"og:description\" content=\"MORS: F\u00f8rst fik borgmesteren en afvisning. Men s\u00e5 blev han ringet op igen. S\u00e5dan var forl\u00f8bet, da S\u00f8ren Goul fra Sundby gik ind i politik. Den 61-\u00e5rige medejer af Champost og Thy Tr\u00e6piller var i f\u00f8rste omgang ikke indstillet p\u00e5 at supplere den civile karriere med et kandidatur til kommunalvalget, da borgmester Hans Ejner Bertelsen [&hellip;]\" \/>\n<meta property=\"og:url\" content=\"https:\/\/kunmedierne.dk\/mors\/et-hurtigt-nej-blev-aendret-til-et-ja\/\" \/>\n<meta property=\"og:site_name\" content=\"Mors\" \/>\n<meta property=\"article:published_time\" content=\"2021-06-15T16:12:27+00:00\" \/>\n<meta property=\"article:modified_time\" content=\"2024-08-07T12:45:40+00:00\" \/>\n<meta property=\"og:image\" content=\"https:\/\/kunmedierne.dk\/mors\/wp-content\/uploads\/2021\/06\/Soeren-Goul.jpg\" \/>\n\t<meta property=\"og:image:width\" content=\"770\" \/>\n\t<meta property=\"og:image:height\" content=\"513\" \/>\n\t<meta property=\"og:image:type\" content=\"image\/jpeg\" \/>\n<meta name=\"author\" content=\"David H\u00f8jmark\" \/>\n<meta name=\"twitter:card\" content=\"summary_large_image\" \/>\n<meta name=\"twitter:label1\" content=\"Skrevet af\" \/>\n\t<meta name=\"twitter:data1\" content=\"David H\u00f8jmark\" \/>\n\t<meta name=\"twitter:label2\" content=\"Estimeret l\u00e6setid\" \/>\n\t<meta name=\"twitter:data2\" content=\"2 minutter\" \/>\n<script type=\"application\/ld+json\" class=\"yoast-schema-graph\">{\"@context\":\"https:\/\/schema.org\",\"@graph\":[{\"@type\":\"Article\",\"@id\":\"https:\/\/kunmedierne.dk\/mors\/et-hurtigt-nej-blev-aendret-til-et-ja\/#article\",\"isPartOf\":{\"@id\":\"https:\/\/kunmedierne.dk\/mors\/et-hurtigt-nej-blev-aendret-til-et-ja\/\"},\"author\":{\"name\":\"David H\u00f8jmark\",\"@id\":\"https:\/\/kunmedierne.dk\/mors\/#\/schema\/person\/5fe23251bf1d0abbcdc6f7896579d548\"},\"headline\":\"Et hurtigt nej blev \u00e6ndret til et ja\",\"datePublished\":\"2021-06-15T16:12:27+00:00\",\"dateModified\":\"2024-08-07T12:45:40+00:00\",\"mainEntityOfPage\":{\"@id\":\"https:\/\/kunmedierne.dk\/mors\/et-hurtigt-nej-blev-aendret-til-et-ja\/\"},\"wordCount\":273,\"commentCount\":0,\"publisher\":{\"@id\":\"https:\/\/kunmedierne.dk\/mors\/#organization\"},\"image\":{\"@id\":\"https:\/\/kunmedierne.dk\/mors\/et-hurtigt-nej-blev-aendret-til-et-ja\/#primaryimage\"},\"thumbnailUrl\":\"https:\/\/kunmedierne.dk\/mors\/wp-content\/uploads\/2021\/06\/Soeren-Goul.jpg\",\"keywords\":[\"Politik\"],\"articleSection\":[\"Lokalt\"],\"inLanguage\":\"da-DK\",\"potentialAction\":[{\"@type\":\"CommentAction\",\"name\":\"Comment\",\"target\":[\"https:\/\/kunmedierne.dk\/mors\/et-hurtigt-nej-blev-aendret-til-et-ja\/#respond\"]}]},{\"@type\":\"WebPage\",\"@id\":\"https:\/\/kunmedierne.dk\/mors\/et-hurtigt-nej-blev-aendret-til-et-ja\/\",\"url\":\"https:\/\/kunmedierne.dk\/mors\/et-hurtigt-nej-blev-aendret-til-et-ja\/\",\"name\":\"Et hurtigt nej blev \u00e6ndret til et ja - Mors\",\"isPartOf\":{\"@id\":\"https:\/\/kunmedierne.dk\/mors\/#website\"},\"primaryImageOfPage\":{\"@id\":\"https:\/\/kunmedierne.dk\/mors\/et-hurtigt-nej-blev-aendret-til-et-ja\/#primaryimage\"},\"image\":{\"@id\":\"https:\/\/kunmedierne.dk\/mors\/et-hurtigt-nej-blev-aendret-til-et-ja\/#primaryimage\"},\"thumbnailUrl\":\"https:\/\/kunmedierne.dk\/mors\/wp-content\/uploads\/2021\/06\/Soeren-Goul.jpg\",\"datePublished\":\"2021-06-15T16:12:27+00:00\",\"dateModified\":\"2024-08-07T12:45:40+00:00\",\"breadcrumb\":{\"@id\":\"https:\/\/kunmedierne.dk\/mors\/et-hurtigt-nej-blev-aendret-til-et-ja\/#breadcrumb\"},\"inLanguage\":\"da-DK\",\"potentialAction\":[{\"@type\":\"ReadAction\",\"target\":[\"https:\/\/kunmedierne.dk\/mors\/et-hurtigt-nej-blev-aendret-til-et-ja\/\"]}]},{\"@type\":\"ImageObject\",\"inLanguage\":\"da-DK\",\"@id\":\"https:\/\/kunmedierne.dk\/mors\/et-hurtigt-nej-blev-aendret-til-et-ja\/#primaryimage\",\"url\":\"https:\/\/kunmedierne.dk\/mors\/wp-content\/uploads\/2021\/06\/Soeren-Goul.jpg\",\"contentUrl\":\"https:\/\/kunmedierne.dk\/mors\/wp-content\/uploads\/2021\/06\/Soeren-Goul.jpg\",\"width\":770,\"height\":513,\"caption\":\"S\u00f8ren Goul stiller op for Venstre. Privatfoto\"},{\"@type\":\"BreadcrumbList\",\"@id\":\"https:\/\/kunmedierne.dk\/mors\/et-hurtigt-nej-blev-aendret-til-et-ja\/#breadcrumb\",\"itemListElement\":[{\"@type\":\"ListItem\",\"position\":1,\"name\":\"Hjem\",\"item\":\"https:\/\/kunmedierne.dk\/mors\/\"},{\"@type\":\"ListItem\",\"position\":2,\"name\":\"Et hurtigt nej blev \u00e6ndret til et ja\"}]},{\"@type\":\"WebSite\",\"@id\":\"https:\/\/kunmedierne.dk\/mors\/#website\",\"url\":\"https:\/\/kunmedierne.dk\/mors\/\",\"name\":\"Mors\",\"description\":\"et netmedie med journalistik om livet p\u00e5 Mors\",\"publisher\":{\"@id\":\"https:\/\/kunmedierne.dk\/mors\/#organization\"},\"potentialAction\":[{\"@type\":\"SearchAction\",\"target\":{\"@type\":\"EntryPoint\",\"urlTemplate\":\"https:\/\/kunmedierne.dk\/mors\/?s={search_term_string}\"},\"query-input\":{\"@type\":\"PropertyValueSpecification\",\"valueRequired\":true,\"valueName\":\"search_term_string\"}}],\"inLanguage\":\"da-DK\"},{\"@type\":\"Organization\",\"@id\":\"https:\/\/kunmedierne.dk\/mors\/#organization\",\"name\":\"Mors\",\"url\":\"https:\/\/kunmedierne.dk\/mors\/\",\"logo\":{\"@type\":\"ImageObject\",\"inLanguage\":\"da-DK\",\"@id\":\"https:\/\/kunmedierne.dk\/mors\/#\/schema\/logo\/image\/\",\"url\":\"https:\/\/kunmedierne.dk\/mors\/wp-content\/uploads\/2024\/08\/kunmors-logo.svg\",\"contentUrl\":\"https:\/\/kunmedierne.dk\/mors\/wp-content\/uploads\/2024\/08\/kunmors-logo.svg\",\"caption\":\"Mors\"},\"image\":{\"@id\":\"https:\/\/kunmedierne.dk\/mors\/#\/schema\/logo\/image\/\"}},{\"@type\":\"Person\",\"@id\":\"https:\/\/kunmedierne.dk\/mors\/#\/schema\/person\/5fe23251bf1d0abbcdc6f7896579d548\",\"name\":\"David H\u00f8jmark\",\"image\":{\"@type\":\"ImageObject\",\"inLanguage\":\"da-DK\",\"@id\":\"https:\/\/kunmedierne.dk\/mors\/#\/schema\/person\/image\/\",\"url\":\"https:\/\/secure.gravatar.com\/avatar\/4315d6fb9ef244d729989f5f90268eb08d5bf8a3d84402f595fa194bb35784fd?s=96&d=mm&r=g\",\"contentUrl\":\"https:\/\/secure.gravatar.com\/avatar\/4315d6fb9ef244d729989f5f90268eb08d5bf8a3d84402f595fa194bb35784fd?s=96&d=mm&r=g\",\"caption\":\"David H\u00f8jmark\"},\"sameAs\":[\"https:\/\/www.kunmedierne.dk\"],\"url\":\"https:\/\/kunmedierne.dk\/mors\/author\/david\/\"}]}<\/script>\n<!-- \/ Yoast SEO plugin. -->","yoast_head_json":{"title":"Et hurtigt nej blev \u00e6ndret til et ja - Mors","robots":{"index":"index","follow":"follow","max-snippet":"max-snippet:-1","max-image-preview":"max-image-preview:large","max-video-preview":"max-video-preview:-1"},"canonical":"https:\/\/kunmedierne.dk\/mors\/et-hurtigt-nej-blev-aendret-til-et-ja\/","og_locale":"da_DK","og_type":"article","og_title":"Et hurtigt nej blev \u00e6ndret til et ja - Mors","og_description":"MORS: F\u00f8rst fik borgmesteren en afvisning. Men s\u00e5 blev han ringet op igen. S\u00e5dan var forl\u00f8bet, da S\u00f8ren Goul fra Sundby gik ind i politik. Den 61-\u00e5rige medejer af Champost og Thy Tr\u00e6piller var i f\u00f8rste omgang ikke indstillet p\u00e5 at supplere den civile karriere med et kandidatur til kommunalvalget, da borgmester Hans Ejner Bertelsen [&hellip;]","og_url":"https:\/\/kunmedierne.dk\/mors\/et-hurtigt-nej-blev-aendret-til-et-ja\/","og_site_name":"Mors","article_published_time":"2021-06-15T16:12:27+00:00","article_modified_time":"2024-08-07T12:45:40+00:00","og_image":[{"width":770,"height":513,"url":"https:\/\/kunmedierne.dk\/mors\/wp-content\/uploads\/2021\/06\/Soeren-Goul.jpg","type":"image\/jpeg"}],"author":"David H\u00f8jmark","twitter_card":"summary_large_image","twitter_misc":{"Skrevet af":"David H\u00f8jmark","Estimeret l\u00e6setid":"2 minutter"},"schema":{"@context":"https:\/\/schema.org","@graph":[{"@type":"Article","@id":"https:\/\/kunmedierne.dk\/mors\/et-hurtigt-nej-blev-aendret-til-et-ja\/#article","isPartOf":{"@id":"https:\/\/kunmedierne.dk\/mors\/et-hurtigt-nej-blev-aendret-til-et-ja\/"},"author":{"name":"David H\u00f8jmark","@id":"https:\/\/kunmedierne.dk\/mors\/#\/schema\/person\/5fe23251bf1d0abbcdc6f7896579d548"},"headline":"Et hurtigt nej blev \u00e6ndret til et ja","datePublished":"2021-06-15T16:12:27+00:00","dateModified":"2024-08-07T12:45:40+00:00","mainEntityOfPage":{"@id":"https:\/\/kunmedierne.dk\/mors\/et-hurtigt-nej-blev-aendret-til-et-ja\/"},"wordCount":273,"commentCount":0,"publisher":{"@id":"https:\/\/kunmedierne.dk\/mors\/#organization"},"image":{"@id":"https:\/\/kunmedierne.dk\/mors\/et-hurtigt-nej-blev-aendret-til-et-ja\/#primaryimage"},"thumbnailUrl":"https:\/\/kunmedierne.dk\/mors\/wp-content\/uploads\/2021\/06\/Soeren-Goul.jpg","keywords":["Politik"],"articleSection":["Lokalt"],"inLanguage":"da-DK","potentialAction":[{"@type":"CommentAction","name":"Comment","target":["https:\/\/kunmedierne.dk\/mors\/et-hurtigt-nej-blev-aendret-til-et-ja\/#respond"]}]},{"@type":"WebPage","@id":"https:\/\/kunmedierne.dk\/mors\/et-hurtigt-nej-blev-aendret-til-et-ja\/","url":"https:\/\/kunmedierne.dk\/mors\/et-hurtigt-nej-blev-aendret-til-et-ja\/","name":"Et hurtigt nej blev \u00e6ndret til et ja - Mors","isPartOf":{"@id":"https:\/\/kunmedierne.dk\/mors\/#website"},"primaryImageOfPage":{"@id":"https:\/\/kunmedierne.dk\/mors\/et-hurtigt-nej-blev-aendret-til-et-ja\/#primaryimage"},"image":{"@id":"https:\/\/kunmedierne.dk\/mors\/et-hurtigt-nej-blev-aendret-til-et-ja\/#primaryimage"},"thumbnailUrl":"https:\/\/kunmedierne.dk\/mors\/wp-content\/uploads\/2021\/06\/Soeren-Goul.jpg","datePublished":"2021-06-15T16:12:27+00:00","dateModified":"2024-08-07T12:45:40+00:00","breadcrumb":{"@id":"https:\/\/kunmedierne.dk\/mors\/et-hurtigt-nej-blev-aendret-til-et-ja\/#breadcrumb"},"inLanguage":"da-DK","potentialAction":[{"@type":"ReadAction","target":["https:\/\/kunmedierne.dk\/mors\/et-hurtigt-nej-blev-aendret-til-et-ja\/"]}]},{"@type":"ImageObject","inLanguage":"da-DK","@id":"https:\/\/kunmedierne.dk\/mors\/et-hurtigt-nej-blev-aendret-til-et-ja\/#primaryimage","url":"https:\/\/kunmedierne.dk\/mors\/wp-content\/uploads\/2021\/06\/Soeren-Goul.jpg","contentUrl":"https:\/\/kunmedierne.dk\/mors\/wp-content\/uploads\/2021\/06\/Soeren-Goul.jpg","width":770,"height":513,"caption":"S\u00f8ren Goul stiller op for Venstre. Privatfoto"},{"@type":"BreadcrumbList","@id":"https:\/\/kunmedierne.dk\/mors\/et-hurtigt-nej-blev-aendret-til-et-ja\/#breadcrumb","itemListElement":[{"@type":"ListItem","position":1,"name":"Hjem","item":"https:\/\/kunmedierne.dk\/mors\/"},{"@type":"ListItem","position":2,"name":"Et hurtigt nej blev \u00e6ndret til et ja"}]},{"@type":"WebSite","@id":"https:\/\/kunmedierne.dk\/mors\/#website","url":"https:\/\/kunmedierne.dk\/mors\/","name":"Mors","description":"et netmedie med journalistik om livet p\u00e5 Mors","publisher":{"@id":"https:\/\/kunmedierne.dk\/mors\/#organization"},"potentialAction":[{"@type":"SearchAction","target":{"@type":"EntryPoint","urlTemplate":"https:\/\/kunmedierne.dk\/mors\/?s={search_term_string}"},"query-input":{"@type":"PropertyValueSpecification","valueRequired":true,"valueName":"search_term_string"}}],"inLanguage":"da-DK"},{"@type":"Organization","@id":"https:\/\/kunmedierne.dk\/mors\/#organization","name":"Mors","url":"https:\/\/kunmedierne.dk\/mors\/","logo":{"@type":"ImageObject","inLanguage":"da-DK","@id":"https:\/\/kunmedierne.dk\/mors\/#\/schema\/logo\/image\/","url":"https:\/\/kunmedierne.dk\/mors\/wp-content\/uploads\/2024\/08\/kunmors-logo.svg","contentUrl":"https:\/\/kunmedierne.dk\/mors\/wp-content\/uploads\/2024\/08\/kunmors-logo.svg","caption":"Mors"},"image":{"@id":"https:\/\/kunmedierne.dk\/mors\/#\/schema\/logo\/image\/"}},{"@type":"Person","@id":"https:\/\/kunmedierne.dk\/mors\/#\/schema\/person\/5fe23251bf1d0abbcdc6f7896579d548","name":"David H\u00f8jmark","image":{"@type":"ImageObject","inLanguage":"da-DK","@id":"https:\/\/kunmedierne.dk\/mors\/#\/schema\/person\/image\/","url":"https:\/\/secure.gravatar.com\/avatar\/4315d6fb9ef244d729989f5f90268eb08d5bf8a3d84402f595fa194bb35784fd?s=96&d=mm&r=g","contentUrl":"https:\/\/secure.gravatar.com\/avatar\/4315d6fb9ef244d729989f5f90268eb08d5bf8a3d84402f595fa194bb35784fd?s=96&d=mm&r=g","caption":"David H\u00f8jmark"},"sameAs":["https:\/\/www.kunmedierne.dk"],"url":"https:\/\/kunmedierne.dk\/mors\/author\/david\/"}]}},"_links":{"self":[{"href":"https:\/\/kunmedierne.dk\/mors\/wp-json\/wp\/v2\/posts\/46962","targetHints":{"allow":["GET"]}}],"collection":[{"href":"https:\/\/kunmedierne.dk\/mors\/wp-json\/wp\/v2\/posts"}],"about":[{"href":"https:\/\/kunmedierne.dk\/mors\/wp-json\/wp\/v2\/types\/post"}],"author":[{"embeddable":true,"href":"https:\/\/kunmedierne.dk\/mors\/wp-json\/wp\/v2\/users\/8"}],"replies":[{"embeddable":true,"href":"https:\/\/kunmedierne.dk\/mors\/wp-json\/wp\/v2\/comments?post=46962"}],"version-history":[{"count":1,"href":"https:\/\/kunmedierne.dk\/mors\/wp-json\/wp\/v2\/posts\/46962\/revisions"}],"predecessor-version":[{"id":46966,"href":"https:\/\/kunmedierne.dk\/mors\/wp-json\/wp\/v2\/posts\/46962\/revisions\/46966"}],"wp:featuredmedia":[{"embeddable":true,"href":"https:\/\/kunmedierne.dk\/mors\/wp-json\/wp\/v2\/media\/46963"}],"wp:attachment":[{"href":"https:\/\/kunmedierne.dk\/mors\/wp-json\/wp\/v2\/media?parent=46962"}],"wp:term":[{"taxonomy":"category","embeddable":true,"href":"https:\/\/kunmedierne.dk\/mors\/wp-json\/wp\/v2\/categories?post=46962"},{"taxonomy":"post_tag","embeddable":true,"href":"https:\/\/kunmedierne.dk\/mors\/wp-json\/wp\/v2\/tags?post=46962"}],"curies":[{"name":"wp","href":"https:\/\/api.w.org\/{rel}","templated":true}]}}