{"id":46673,"date":"2021-06-14T11:52:19","date_gmt":"2021-06-14T09:52:19","guid":{"rendered":"https:\/\/kunmedierne.dk\/mors\/?p=46673"},"modified":"2025-04-03T15:34:06","modified_gmt":"2025-04-03T13:34:06","slug":"peder-dal-bliver-aeresmedlem-i-venstre","status":"publish","type":"post","link":"https:\/\/kunmedierne.dk\/mors\/peder-dal-bliver-aeresmedlem-i-venstre\/","title":{"rendered":"Peder Dal bliver \u00e6resmedlem i Venstre"},"content":{"rendered":"<p><strong>MORS<\/strong>: Det handler om mere end \u00e5rets gang og pr\u00e6sentation af kandidater til efter\u00e5rets kommunalvalg, n\u00e5r Venstre Mors i aften har generalforsamling.<\/p>\n<p>Et nyt \u00e6resmedlem bliver det ogs\u00e5 til, for Peder Dal, 91-\u00e5rig morsingbo, f\u00e5r h\u00e6deren &#8211; &#8220;p\u00e5 baggrund af de mange \u00e5r i landbrugets og dermed ogs\u00e5 i Venstres tjeneste,&#8221; som det formuleres i en tekst om ham.<\/p>\n<p>Den er skrevet af Peter Therkildsen, som fort\u00e6ller, at Peder Dal er f\u00f8dt 3. april 1930, og at han blev medlem af Venstres Ungdom i 1955 og stort set har v\u00e6ret medlem lige siden.<\/p>\n<a class=\"dvrt-link\" onClick=\"cdmtrack_click(116504,jQuery(this));return false\" href=\"https:\/\/www.nybolig.dk\/ejendomsmaeglere\/nordvestjylland\/nybolig-morsoe-nykoebing-mors\"><img decoding=\"async\" style=\"width:100%;\" src=\"https:\/\/kunmedierne.dk\/mors\/wp-content\/uploads\/2024\/04\/250825Nybolig.jpg\"><\/a><script>cdmtrack_view(116504);<\/script>\n<p>&#8220;Vi har en mistanke om, at Peder fandt sin hustru til et arrangement i Venstres Ungdom,&#8221; fort\u00e6ller Peter Therkildsen.<\/p>\n<p class=\"v1v1msonormal\">Det blev imidlertid inden for det landbrugsfaglige og organisatoriske arbejde her, Peder Dal havde sit virke uden for den m\u00f8nsterbedrift, han drev i J\u00f8rsby, og som han ejede fra 1963 til 1991.<\/p>\n<p class=\"v1v1msonormal\">&#8220;Medlemskabet i Venstre var vel n\u00e6sten en naturlov, men i Landboforeningen skulle der v\u00e6re plads til alle. S\u00e5dan opfattedes Peder i disse \u00e5r,&#8221; fort\u00e6ller Peter Therkildsen.<\/p>\n<a class=\"dvrt-link\" onClick=\"cdmtrack_click(169437,jQuery(this));return false\" href=\"https:\/\/thymors.dk\/sponsorater\/15-til-faellesskabet?utm_source=kunmors&amp;utm_medium=annonce&amp;utm_campaign=sponsorater\"><img decoding=\"async\" style=\"width:100%;\" src=\"https:\/\/kunmedierne.dk\/mors\/wp-content\/uploads\/2026\/03\/260407ThyMors-energi_faellesskab_generel-1.jpg\"><\/a><script>cdmtrack_view(169437);<\/script>\n<p>Peder Dal var formand for Mors\u00f8 Landboforening fra 1973 til 1984, vel at m\u00e6rke ul\u00f8nnet. Han var bestyrelsesmedlem i De Danske Landboforeninger, og var med til at etablere Landbrugsskolen p\u00e5 Mors og var med i bestyrelsen fra 1984 til 1994.<\/p>\n<p>Det blev ogs\u00e5 til positioner som viceformand i Jordbrugskommissionen i Viborg Amt, vurderingsmand og en plads i bestyrelsen for\u00a0Mors\u00f8 Frimenighed fra 1985 til 1996.<\/p>\n<p>Han blev \u00e6resbonde i 1985 &#8211; og fra i aften kan han desuden kalde sig \u00e6resmedlem i Venstre Mors.<\/p>\n<p class=\"v1v1msonormal\"><img loading=\"lazy\" decoding=\"async\" class=\"alignright size-full wp-image-46869\" src=\"https:\/\/kunmedierne.dk\/mors\/wp-content\/uploads\/2021\/06\/peder-dal2.jpg\" alt=\"\" width=\"770\" height=\"1154\" srcset=\"https:\/\/kunmedierne.dk\/mors\/wp-content\/uploads\/2021\/06\/peder-dal2.jpg 770w, https:\/\/kunmedierne.dk\/mors\/wp-content\/uploads\/2021\/06\/peder-dal2-200x300.jpg 200w, https:\/\/kunmedierne.dk\/mors\/wp-content\/uploads\/2021\/06\/peder-dal2-683x1024.jpg 683w, https:\/\/kunmedierne.dk\/mors\/wp-content\/uploads\/2021\/06\/peder-dal2-768x1151.jpg 768w, https:\/\/kunmedierne.dk\/mors\/wp-content\/uploads\/2021\/06\/peder-dal2-600x899.jpg 600w\" sizes=\"auto, (max-width: 770px) 100vw, 770px\" \/><\/p>\n","protected":false},"excerpt":{"rendered":"<p>MORS: Det handler om mere end \u00e5rets gang og pr\u00e6sentation af kandidater til efter\u00e5rets kommunalvalg, n\u00e5r Venstre Mors i aften har generalforsamling. Et nyt \u00e6resmedlem bliver det ogs\u00e5 til, for Peder Dal, 91-\u00e5rig morsingbo, f\u00e5r h\u00e6deren &#8211; &#8220;p\u00e5 baggrund af de mange \u00e5r i landbrugets og dermed ogs\u00e5 i Venstres tjeneste,&#8221; som det formuleres i [&hellip;]<\/p>\n","protected":false},"author":8,"featured_media":46868,"comment_status":"closed","ping_status":"closed","sticky":false,"template":"","format":"standard","meta":{"_acf_changed":false,"footnotes":""},"categories":[52],"tags":[167],"class_list":["post-46673","post","type-post","status-publish","format-standard","has-post-thumbnail","hentry","category-navne","tag-politik"],"acf":[],"yoast_head":"<!-- This site is optimized with the Yoast SEO plugin v26.8 - https:\/\/yoast.com\/product\/yoast-seo-wordpress\/ -->\n<title>Peder Dal bliver \u00e6resmedlem i Venstre - Mors<\/title>\n<meta name=\"robots\" content=\"index, follow, max-snippet:-1, max-image-preview:large, max-video-preview:-1\" \/>\n<link rel=\"canonical\" href=\"https:\/\/kunmedierne.dk\/mors\/peder-dal-bliver-aeresmedlem-i-venstre\/\" \/>\n<meta property=\"og:locale\" content=\"da_DK\" \/>\n<meta property=\"og:type\" content=\"article\" \/>\n<meta property=\"og:title\" content=\"Peder Dal bliver \u00e6resmedlem i Venstre - Mors\" \/>\n<meta property=\"og:description\" content=\"MORS: Det handler om mere end \u00e5rets gang og pr\u00e6sentation af kandidater til efter\u00e5rets kommunalvalg, n\u00e5r Venstre Mors i aften har generalforsamling. Et nyt \u00e6resmedlem bliver det ogs\u00e5 til, for Peder Dal, 91-\u00e5rig morsingbo, f\u00e5r h\u00e6deren &#8211; &#8220;p\u00e5 baggrund af de mange \u00e5r i landbrugets og dermed ogs\u00e5 i Venstres tjeneste,&#8221; som det formuleres i [&hellip;]\" \/>\n<meta property=\"og:url\" content=\"https:\/\/kunmedierne.dk\/mors\/peder-dal-bliver-aeresmedlem-i-venstre\/\" \/>\n<meta property=\"og:site_name\" content=\"Mors\" \/>\n<meta property=\"article:published_time\" content=\"2021-06-14T09:52:19+00:00\" \/>\n<meta property=\"article:modified_time\" content=\"2025-04-03T13:34:06+00:00\" \/>\n<meta property=\"og:image\" content=\"https:\/\/kunmedierne.dk\/mors\/wp-content\/uploads\/2021\/06\/peder-dal.jpg\" \/>\n\t<meta property=\"og:image:width\" content=\"770\" \/>\n\t<meta property=\"og:image:height\" content=\"514\" \/>\n\t<meta property=\"og:image:type\" content=\"image\/jpeg\" \/>\n<meta name=\"author\" content=\"David H\u00f8jmark\" \/>\n<meta name=\"twitter:card\" content=\"summary_large_image\" \/>\n<meta name=\"twitter:label1\" content=\"Skrevet af\" \/>\n\t<meta name=\"twitter:data1\" content=\"David H\u00f8jmark\" \/>\n\t<meta name=\"twitter:label2\" content=\"Estimeret l\u00e6setid\" \/>\n\t<meta name=\"twitter:data2\" content=\"2 minutter\" \/>\n<script type=\"application\/ld+json\" class=\"yoast-schema-graph\">{\"@context\":\"https:\/\/schema.org\",\"@graph\":[{\"@type\":\"Article\",\"@id\":\"https:\/\/kunmedierne.dk\/mors\/peder-dal-bliver-aeresmedlem-i-venstre\/#article\",\"isPartOf\":{\"@id\":\"https:\/\/kunmedierne.dk\/mors\/peder-dal-bliver-aeresmedlem-i-venstre\/\"},\"author\":{\"name\":\"David H\u00f8jmark\",\"@id\":\"https:\/\/kunmedierne.dk\/mors\/#\/schema\/person\/5fe23251bf1d0abbcdc6f7896579d548\"},\"headline\":\"Peder Dal bliver \u00e6resmedlem i Venstre\",\"datePublished\":\"2021-06-14T09:52:19+00:00\",\"dateModified\":\"2025-04-03T13:34:06+00:00\",\"mainEntityOfPage\":{\"@id\":\"https:\/\/kunmedierne.dk\/mors\/peder-dal-bliver-aeresmedlem-i-venstre\/\"},\"wordCount\":270,\"publisher\":{\"@id\":\"https:\/\/kunmedierne.dk\/mors\/#organization\"},\"image\":{\"@id\":\"https:\/\/kunmedierne.dk\/mors\/peder-dal-bliver-aeresmedlem-i-venstre\/#primaryimage\"},\"thumbnailUrl\":\"https:\/\/kunmedierne.dk\/mors\/wp-content\/uploads\/2021\/06\/peder-dal.jpg\",\"keywords\":[\"Politik\"],\"articleSection\":[\"Navne\"],\"inLanguage\":\"da-DK\"},{\"@type\":\"WebPage\",\"@id\":\"https:\/\/kunmedierne.dk\/mors\/peder-dal-bliver-aeresmedlem-i-venstre\/\",\"url\":\"https:\/\/kunmedierne.dk\/mors\/peder-dal-bliver-aeresmedlem-i-venstre\/\",\"name\":\"Peder Dal bliver \u00e6resmedlem i Venstre - Mors\",\"isPartOf\":{\"@id\":\"https:\/\/kunmedierne.dk\/mors\/#website\"},\"primaryImageOfPage\":{\"@id\":\"https:\/\/kunmedierne.dk\/mors\/peder-dal-bliver-aeresmedlem-i-venstre\/#primaryimage\"},\"image\":{\"@id\":\"https:\/\/kunmedierne.dk\/mors\/peder-dal-bliver-aeresmedlem-i-venstre\/#primaryimage\"},\"thumbnailUrl\":\"https:\/\/kunmedierne.dk\/mors\/wp-content\/uploads\/2021\/06\/peder-dal.jpg\",\"datePublished\":\"2021-06-14T09:52:19+00:00\",\"dateModified\":\"2025-04-03T13:34:06+00:00\",\"breadcrumb\":{\"@id\":\"https:\/\/kunmedierne.dk\/mors\/peder-dal-bliver-aeresmedlem-i-venstre\/#breadcrumb\"},\"inLanguage\":\"da-DK\",\"potentialAction\":[{\"@type\":\"ReadAction\",\"target\":[\"https:\/\/kunmedierne.dk\/mors\/peder-dal-bliver-aeresmedlem-i-venstre\/\"]}]},{\"@type\":\"ImageObject\",\"inLanguage\":\"da-DK\",\"@id\":\"https:\/\/kunmedierne.dk\/mors\/peder-dal-bliver-aeresmedlem-i-venstre\/#primaryimage\",\"url\":\"https:\/\/kunmedierne.dk\/mors\/wp-content\/uploads\/2021\/06\/peder-dal.jpg\",\"contentUrl\":\"https:\/\/kunmedierne.dk\/mors\/wp-content\/uploads\/2021\/06\/peder-dal.jpg\",\"width\":770,\"height\":514,\"caption\":\"Peder Dal bliver \u00e6resmedlem af Venstre Mors i aften. Privatfoto\"},{\"@type\":\"BreadcrumbList\",\"@id\":\"https:\/\/kunmedierne.dk\/mors\/peder-dal-bliver-aeresmedlem-i-venstre\/#breadcrumb\",\"itemListElement\":[{\"@type\":\"ListItem\",\"position\":1,\"name\":\"Hjem\",\"item\":\"https:\/\/kunmedierne.dk\/mors\/\"},{\"@type\":\"ListItem\",\"position\":2,\"name\":\"Peder Dal bliver \u00e6resmedlem i Venstre\"}]},{\"@type\":\"WebSite\",\"@id\":\"https:\/\/kunmedierne.dk\/mors\/#website\",\"url\":\"https:\/\/kunmedierne.dk\/mors\/\",\"name\":\"Mors\",\"description\":\"et netmedie med journalistik om livet p\u00e5 Mors\",\"publisher\":{\"@id\":\"https:\/\/kunmedierne.dk\/mors\/#organization\"},\"potentialAction\":[{\"@type\":\"SearchAction\",\"target\":{\"@type\":\"EntryPoint\",\"urlTemplate\":\"https:\/\/kunmedierne.dk\/mors\/?s={search_term_string}\"},\"query-input\":{\"@type\":\"PropertyValueSpecification\",\"valueRequired\":true,\"valueName\":\"search_term_string\"}}],\"inLanguage\":\"da-DK\"},{\"@type\":\"Organization\",\"@id\":\"https:\/\/kunmedierne.dk\/mors\/#organization\",\"name\":\"Mors\",\"url\":\"https:\/\/kunmedierne.dk\/mors\/\",\"logo\":{\"@type\":\"ImageObject\",\"inLanguage\":\"da-DK\",\"@id\":\"https:\/\/kunmedierne.dk\/mors\/#\/schema\/logo\/image\/\",\"url\":\"https:\/\/kunmedierne.dk\/mors\/wp-content\/uploads\/2024\/08\/kunmors-logo.svg\",\"contentUrl\":\"https:\/\/kunmedierne.dk\/mors\/wp-content\/uploads\/2024\/08\/kunmors-logo.svg\",\"caption\":\"Mors\"},\"image\":{\"@id\":\"https:\/\/kunmedierne.dk\/mors\/#\/schema\/logo\/image\/\"}},{\"@type\":\"Person\",\"@id\":\"https:\/\/kunmedierne.dk\/mors\/#\/schema\/person\/5fe23251bf1d0abbcdc6f7896579d548\",\"name\":\"David H\u00f8jmark\",\"image\":{\"@type\":\"ImageObject\",\"inLanguage\":\"da-DK\",\"@id\":\"https:\/\/kunmedierne.dk\/mors\/#\/schema\/person\/image\/\",\"url\":\"https:\/\/secure.gravatar.com\/avatar\/4315d6fb9ef244d729989f5f90268eb08d5bf8a3d84402f595fa194bb35784fd?s=96&d=mm&r=g\",\"contentUrl\":\"https:\/\/secure.gravatar.com\/avatar\/4315d6fb9ef244d729989f5f90268eb08d5bf8a3d84402f595fa194bb35784fd?s=96&d=mm&r=g\",\"caption\":\"David H\u00f8jmark\"},\"sameAs\":[\"https:\/\/www.kunmedierne.dk\"],\"url\":\"https:\/\/kunmedierne.dk\/mors\/author\/david\/\"}]}<\/script>\n<!-- \/ Yoast SEO plugin. -->","yoast_head_json":{"title":"Peder Dal bliver \u00e6resmedlem i Venstre - Mors","robots":{"index":"index","follow":"follow","max-snippet":"max-snippet:-1","max-image-preview":"max-image-preview:large","max-video-preview":"max-video-preview:-1"},"canonical":"https:\/\/kunmedierne.dk\/mors\/peder-dal-bliver-aeresmedlem-i-venstre\/","og_locale":"da_DK","og_type":"article","og_title":"Peder Dal bliver \u00e6resmedlem i Venstre - Mors","og_description":"MORS: Det handler om mere end \u00e5rets gang og pr\u00e6sentation af kandidater til efter\u00e5rets kommunalvalg, n\u00e5r Venstre Mors i aften har generalforsamling. Et nyt \u00e6resmedlem bliver det ogs\u00e5 til, for Peder Dal, 91-\u00e5rig morsingbo, f\u00e5r h\u00e6deren &#8211; &#8220;p\u00e5 baggrund af de mange \u00e5r i landbrugets og dermed ogs\u00e5 i Venstres tjeneste,&#8221; som det formuleres i [&hellip;]","og_url":"https:\/\/kunmedierne.dk\/mors\/peder-dal-bliver-aeresmedlem-i-venstre\/","og_site_name":"Mors","article_published_time":"2021-06-14T09:52:19+00:00","article_modified_time":"2025-04-03T13:34:06+00:00","og_image":[{"width":770,"height":514,"url":"https:\/\/kunmedierne.dk\/mors\/wp-content\/uploads\/2021\/06\/peder-dal.jpg","type":"image\/jpeg"}],"author":"David H\u00f8jmark","twitter_card":"summary_large_image","twitter_misc":{"Skrevet af":"David H\u00f8jmark","Estimeret l\u00e6setid":"2 minutter"},"schema":{"@context":"https:\/\/schema.org","@graph":[{"@type":"Article","@id":"https:\/\/kunmedierne.dk\/mors\/peder-dal-bliver-aeresmedlem-i-venstre\/#article","isPartOf":{"@id":"https:\/\/kunmedierne.dk\/mors\/peder-dal-bliver-aeresmedlem-i-venstre\/"},"author":{"name":"David H\u00f8jmark","@id":"https:\/\/kunmedierne.dk\/mors\/#\/schema\/person\/5fe23251bf1d0abbcdc6f7896579d548"},"headline":"Peder Dal bliver \u00e6resmedlem i Venstre","datePublished":"2021-06-14T09:52:19+00:00","dateModified":"2025-04-03T13:34:06+00:00","mainEntityOfPage":{"@id":"https:\/\/kunmedierne.dk\/mors\/peder-dal-bliver-aeresmedlem-i-venstre\/"},"wordCount":270,"publisher":{"@id":"https:\/\/kunmedierne.dk\/mors\/#organization"},"image":{"@id":"https:\/\/kunmedierne.dk\/mors\/peder-dal-bliver-aeresmedlem-i-venstre\/#primaryimage"},"thumbnailUrl":"https:\/\/kunmedierne.dk\/mors\/wp-content\/uploads\/2021\/06\/peder-dal.jpg","keywords":["Politik"],"articleSection":["Navne"],"inLanguage":"da-DK"},{"@type":"WebPage","@id":"https:\/\/kunmedierne.dk\/mors\/peder-dal-bliver-aeresmedlem-i-venstre\/","url":"https:\/\/kunmedierne.dk\/mors\/peder-dal-bliver-aeresmedlem-i-venstre\/","name":"Peder Dal bliver \u00e6resmedlem i Venstre - Mors","isPartOf":{"@id":"https:\/\/kunmedierne.dk\/mors\/#website"},"primaryImageOfPage":{"@id":"https:\/\/kunmedierne.dk\/mors\/peder-dal-bliver-aeresmedlem-i-venstre\/#primaryimage"},"image":{"@id":"https:\/\/kunmedierne.dk\/mors\/peder-dal-bliver-aeresmedlem-i-venstre\/#primaryimage"},"thumbnailUrl":"https:\/\/kunmedierne.dk\/mors\/wp-content\/uploads\/2021\/06\/peder-dal.jpg","datePublished":"2021-06-14T09:52:19+00:00","dateModified":"2025-04-03T13:34:06+00:00","breadcrumb":{"@id":"https:\/\/kunmedierne.dk\/mors\/peder-dal-bliver-aeresmedlem-i-venstre\/#breadcrumb"},"inLanguage":"da-DK","potentialAction":[{"@type":"ReadAction","target":["https:\/\/kunmedierne.dk\/mors\/peder-dal-bliver-aeresmedlem-i-venstre\/"]}]},{"@type":"ImageObject","inLanguage":"da-DK","@id":"https:\/\/kunmedierne.dk\/mors\/peder-dal-bliver-aeresmedlem-i-venstre\/#primaryimage","url":"https:\/\/kunmedierne.dk\/mors\/wp-content\/uploads\/2021\/06\/peder-dal.jpg","contentUrl":"https:\/\/kunmedierne.dk\/mors\/wp-content\/uploads\/2021\/06\/peder-dal.jpg","width":770,"height":514,"caption":"Peder Dal bliver \u00e6resmedlem af Venstre Mors i aften. Privatfoto"},{"@type":"BreadcrumbList","@id":"https:\/\/kunmedierne.dk\/mors\/peder-dal-bliver-aeresmedlem-i-venstre\/#breadcrumb","itemListElement":[{"@type":"ListItem","position":1,"name":"Hjem","item":"https:\/\/kunmedierne.dk\/mors\/"},{"@type":"ListItem","position":2,"name":"Peder Dal bliver \u00e6resmedlem i Venstre"}]},{"@type":"WebSite","@id":"https:\/\/kunmedierne.dk\/mors\/#website","url":"https:\/\/kunmedierne.dk\/mors\/","name":"Mors","description":"et netmedie med journalistik om livet p\u00e5 Mors","publisher":{"@id":"https:\/\/kunmedierne.dk\/mors\/#organization"},"potentialAction":[{"@type":"SearchAction","target":{"@type":"EntryPoint","urlTemplate":"https:\/\/kunmedierne.dk\/mors\/?s={search_term_string}"},"query-input":{"@type":"PropertyValueSpecification","valueRequired":true,"valueName":"search_term_string"}}],"inLanguage":"da-DK"},{"@type":"Organization","@id":"https:\/\/kunmedierne.dk\/mors\/#organization","name":"Mors","url":"https:\/\/kunmedierne.dk\/mors\/","logo":{"@type":"ImageObject","inLanguage":"da-DK","@id":"https:\/\/kunmedierne.dk\/mors\/#\/schema\/logo\/image\/","url":"https:\/\/kunmedierne.dk\/mors\/wp-content\/uploads\/2024\/08\/kunmors-logo.svg","contentUrl":"https:\/\/kunmedierne.dk\/mors\/wp-content\/uploads\/2024\/08\/kunmors-logo.svg","caption":"Mors"},"image":{"@id":"https:\/\/kunmedierne.dk\/mors\/#\/schema\/logo\/image\/"}},{"@type":"Person","@id":"https:\/\/kunmedierne.dk\/mors\/#\/schema\/person\/5fe23251bf1d0abbcdc6f7896579d548","name":"David H\u00f8jmark","image":{"@type":"ImageObject","inLanguage":"da-DK","@id":"https:\/\/kunmedierne.dk\/mors\/#\/schema\/person\/image\/","url":"https:\/\/secure.gravatar.com\/avatar\/4315d6fb9ef244d729989f5f90268eb08d5bf8a3d84402f595fa194bb35784fd?s=96&d=mm&r=g","contentUrl":"https:\/\/secure.gravatar.com\/avatar\/4315d6fb9ef244d729989f5f90268eb08d5bf8a3d84402f595fa194bb35784fd?s=96&d=mm&r=g","caption":"David H\u00f8jmark"},"sameAs":["https:\/\/www.kunmedierne.dk"],"url":"https:\/\/kunmedierne.dk\/mors\/author\/david\/"}]}},"_links":{"self":[{"href":"https:\/\/kunmedierne.dk\/mors\/wp-json\/wp\/v2\/posts\/46673","targetHints":{"allow":["GET"]}}],"collection":[{"href":"https:\/\/kunmedierne.dk\/mors\/wp-json\/wp\/v2\/posts"}],"about":[{"href":"https:\/\/kunmedierne.dk\/mors\/wp-json\/wp\/v2\/types\/post"}],"author":[{"embeddable":true,"href":"https:\/\/kunmedierne.dk\/mors\/wp-json\/wp\/v2\/users\/8"}],"replies":[{"embeddable":true,"href":"https:\/\/kunmedierne.dk\/mors\/wp-json\/wp\/v2\/comments?post=46673"}],"version-history":[{"count":3,"href":"https:\/\/kunmedierne.dk\/mors\/wp-json\/wp\/v2\/posts\/46673\/revisions"}],"predecessor-version":[{"id":143031,"href":"https:\/\/kunmedierne.dk\/mors\/wp-json\/wp\/v2\/posts\/46673\/revisions\/143031"}],"wp:featuredmedia":[{"embeddable":true,"href":"https:\/\/kunmedierne.dk\/mors\/wp-json\/wp\/v2\/media\/46868"}],"wp:attachment":[{"href":"https:\/\/kunmedierne.dk\/mors\/wp-json\/wp\/v2\/media?parent=46673"}],"wp:term":[{"taxonomy":"category","embeddable":true,"href":"https:\/\/kunmedierne.dk\/mors\/wp-json\/wp\/v2\/categories?post=46673"},{"taxonomy":"post_tag","embeddable":true,"href":"https:\/\/kunmedierne.dk\/mors\/wp-json\/wp\/v2\/tags?post=46673"}],"curies":[{"name":"wp","href":"https:\/\/api.w.org\/{rel}","templated":true}]}}