{"id":46587,"date":"2021-06-10T11:50:07","date_gmt":"2021-06-10T09:50:07","guid":{"rendered":"https:\/\/kunmedierne.dk\/mors\/?p=46587"},"modified":"2024-08-07T14:45:42","modified_gmt":"2024-08-07T12:45:42","slug":"ny-kandidat-for-enhedslisten-jeg-er-ikke-saa-meget-for-at-slaas","status":"publish","type":"post","link":"https:\/\/kunmedierne.dk\/mors\/ny-kandidat-for-enhedslisten-jeg-er-ikke-saa-meget-for-at-slaas\/","title":{"rendered":"Ny kandidat for Enhedslisten: &#8211; Jeg er ikke s\u00e5 meget for at sl\u00e5s"},"content":{"rendered":"<p class=\"paragraph\" style=\"margin: 0cm; vertical-align: baseline;\"><strong>MORS<\/strong>: Landbruget, og is\u00e6r dets produktion af grise, skal udvikles.<\/p>\n<p>S\u00e5dan lyder en af ambitionerne hos Poul Noppenau S\u00f8rensen, som Enhedslisten p\u00e5 Mors onsdag pr\u00e6senterede som kandidat til efter\u00e5rets kommunalvalg.<\/p>\n<p>Den 49-\u00e5rige morsingbo n\u00e6vner natur og milj\u00f8 som noget af det, han vil kaste sig over, hvis han bliver valgt ind. Og det er ikke s\u00e5 overraskende, eftersom han helt tilbage i 2005 gik til valg med sit eget parti: Mors\u00f8 Milj\u00f8 og Natur.<\/p>\n<p>Det gav kun 23 stemmer &#8211; men det gav noget erfaring, han tog med sig videre. Og som han ogs\u00e5 vil g\u00f8re brug af i valgkampen 2021, for som han lader forst\u00e5, da KunMors fanger ham p\u00e5 telefonen, er han en mere afd\u00e6mpet kandidat nu end for 16 \u00e5r siden. <a href=\"https:\/\/www.braendselsforeningen.dk\/\"><img loading=\"lazy\" decoding=\"async\" class=\"alignright size-full wp-image-46597\" src=\"https:\/\/kunmedierne.dk\/mors\/wp-content\/uploads\/2021\/06\/t06.jpg\" alt=\"\" width=\"1425\" height=\"127\" srcset=\"https:\/\/kunmedierne.dk\/mors\/wp-content\/uploads\/2021\/06\/t06.jpg 1425w, https:\/\/kunmedierne.dk\/mors\/wp-content\/uploads\/2021\/06\/t06-300x27.jpg 300w, https:\/\/kunmedierne.dk\/mors\/wp-content\/uploads\/2021\/06\/t06-1024x91.jpg 1024w, https:\/\/kunmedierne.dk\/mors\/wp-content\/uploads\/2021\/06\/t06-768x68.jpg 768w, https:\/\/kunmedierne.dk\/mors\/wp-content\/uploads\/2021\/06\/t06-600x53.jpg 600w\" sizes=\"auto, (max-width: 1425px) 100vw, 1425px\" \/><\/a><\/p>\n<p>&#8220;Da jeg stillede op for Mors\u00f8 Natur og Milj\u00f8, var jeg m\u00e5ske den, der bare r\u00e5bte op og ville have det stoppet. Men det dur jo heller ikke,&#8221; siger han om det landbrug, han ellers stadig har et skarpt \u00f8je p\u00e5.<\/p>\n<p>&#8220;Jeg vil gerne udvikle landbruget &#8211; specielt inden for griseproduktionen, der st\u00e5r for en stor del af forureningen med CO2 og kv\u00e6lstof. Der er stor fare for nye pandemier, og der er ingen styr p\u00e5 MRSA og ingen behandling for det. Transporten med grise b\u00f8r straks begr\u00e6nses,&#8221; siger han eksempelvis i pr\u00e6sentationen af sig selv og tilf\u00f8jer, at m\u00e5let er at f\u00e5 et slagteri p\u00e5 Mors, lokalt producerede f\u00f8devarer og en lokalplan for minimering af store svinefabrikker.<\/p>\n<p>Til KunMors fort\u00e6ller Poul N. S\u00f8rensen dog, at han ikke ser sig selv som en, der skal i kamp mod landbruget.<\/p>\n<p>&#8220;Jeg er ikke s\u00e5 meget for at sl\u00e5s, jeg er mere for at f\u00f8re en konstruktiv dialog. Jeg er ikke ude p\u00e5 at afvikle landbruget, jeg er ude p\u00e5 at udvikle det. Og det tror jeg, at vi er n\u00f8dt til,&#8221; siger han og \u00f8nsker sig tilstande som i 1970&#8217;erne.<\/p>\n<p>&#8220;Vi har haft slagterier her p\u00e5 \u00f8en, og vi har haft mejerier. Det vil jeg meget gerne have tilbage igen,&#8221; siger han. <a href=\"https:\/\/morsoe-begravelsesforretning.dk\/\"><img loading=\"lazy\" decoding=\"async\" class=\"alignright size-full wp-image-46598\" src=\"https:\/\/kunmedierne.dk\/mors\/wp-content\/uploads\/2021\/06\/t07.jpg\" alt=\"\" width=\"1425\" height=\"127\" srcset=\"https:\/\/kunmedierne.dk\/mors\/wp-content\/uploads\/2021\/06\/t07.jpg 1425w, https:\/\/kunmedierne.dk\/mors\/wp-content\/uploads\/2021\/06\/t07-300x27.jpg 300w, https:\/\/kunmedierne.dk\/mors\/wp-content\/uploads\/2021\/06\/t07-1024x91.jpg 1024w, https:\/\/kunmedierne.dk\/mors\/wp-content\/uploads\/2021\/06\/t07-768x68.jpg 768w, https:\/\/kunmedierne.dk\/mors\/wp-content\/uploads\/2021\/06\/t07-600x53.jpg 600w\" sizes=\"auto, (max-width: 1425px) 100vw, 1425px\" \/><\/a><\/p>\n<p>Han lufter ogs\u00e5 tanker om vildsvineproduktion p\u00e5 Mors. Om at eje de svin, der bliver produceret. Svin som kan g\u00e5 ude.<\/p>\n<p>Men han understreger, at han ikke g\u00e5r til valg p\u00e5 et nedl\u00e6gge landbruget.<\/p>\n<p>&#8220;Jeg er absolut ikke imod landbrug. Og jeg er absolut ikke veganer. Jeg elsker min b\u00f8f, og det kan man ogs\u00e5 se p\u00e5 min st\u00f8rrelse. Vi skal bare g\u00f8re det ordentligt,&#8221; siger han.<\/p>\n<p>&nbsp;<\/p>\n<p><strong>S\u00e5 far p\u00e5 tv med Anker J\u00f8rgensen<\/strong><\/p>\n<p>Poul N. S\u00f8rensen bor i Sejerslev og har efter eget udsagn v\u00e6ret politiker, siden han p\u00e5 sort-hvid tv s\u00e5 sin far i TV-Avisen &#8211; sammen med Anker J\u00f8rgensen, statsminister i Danmark i to perioder fra 1972 til 1982.<\/p>\n<p>Han fort\u00e6ller, at b\u00e5de hans far og Anker J\u00f8rgensen inspirerede ham politisk &#8211; og at hans far, der var landpostbud p\u00e5 Nordmors af den slags, man m\u00f8dte i gamle dage, nok ikke ville v\u00e6re tilfreds med Socialdemokratiets standpunkter i dag. <a href=\"https:\/\/www.sparthy.dk\/\"><img loading=\"lazy\" decoding=\"async\" class=\"alignright size-full wp-image-46599\" src=\"https:\/\/kunmedierne.dk\/mors\/wp-content\/uploads\/2021\/06\/t08.jpg\" alt=\"\" width=\"1400\" height=\"125\" srcset=\"https:\/\/kunmedierne.dk\/mors\/wp-content\/uploads\/2021\/06\/t08.jpg 1400w, https:\/\/kunmedierne.dk\/mors\/wp-content\/uploads\/2021\/06\/t08-300x27.jpg 300w, https:\/\/kunmedierne.dk\/mors\/wp-content\/uploads\/2021\/06\/t08-1024x91.jpg 1024w, https:\/\/kunmedierne.dk\/mors\/wp-content\/uploads\/2021\/06\/t08-768x69.jpg 768w, https:\/\/kunmedierne.dk\/mors\/wp-content\/uploads\/2021\/06\/t08-600x54.jpg 600w\" sizes=\"auto, (max-width: 1400px) 100vw, 1400px\" \/><\/a><\/p>\n<p>Men de to socialdemokrater fik engageret politikeren i den unge morsingbo.<\/p>\n<p>&#8220;Jeg startede i elevr\u00e5det, og jeg blev bev\u00e6get, da jeg blev valg i ungdomsr\u00e5det i sin tid, hvor Mors\u00f8s unge gav mig det ansvar at v\u00e6re deres stemme i kommunen,&#8221; siger Poul N. S\u00f8rensen, der som voksen, udover sit eget Natur og Milj\u00f8-parti, ogs\u00e5 har v\u00e6ret aktiv for SF.<\/p>\n<p>Det var i 2009, da han stillede op sammen med blandt andre Tore M\u00fcller og Michael Dahlgaard, men m\u00e5tte n\u00f8jes med fem stemmer<\/p>\n<p>&nbsp;<\/p>\n<p><strong>Asfalt til de unge<\/strong><\/p>\n<p>Sjovere var det utvivlsomt, da han i 1999 var med til at arrangere koncert med TV-2 i Jesperhus &#8211; og senere med Kashmir i Nyk\u00f8bing Hallen.<\/p>\n<p>Poul N. S\u00f8rensen, der har taget uddannelser som sosu-assistent, kontorassistent og vagtfunktioner, har nemlig ogs\u00e5 v\u00e6ret noget ved musikken, da han med sit eget cvr-registrerede firma gav den som &#8216;head of production&#8217; i forbindelse med bes\u00f8gende fra TV-2 og Kashmir. <img loading=\"lazy\" decoding=\"async\" class=\"alignright size-full wp-image-46600\" src=\"https:\/\/kunmedierne.dk\/mors\/wp-content\/uploads\/2021\/06\/t09.jpg\" alt=\"\" width=\"1400\" height=\"125\" srcset=\"https:\/\/kunmedierne.dk\/mors\/wp-content\/uploads\/2021\/06\/t09.jpg 1400w, https:\/\/kunmedierne.dk\/mors\/wp-content\/uploads\/2021\/06\/t09-300x27.jpg 300w, https:\/\/kunmedierne.dk\/mors\/wp-content\/uploads\/2021\/06\/t09-1024x91.jpg 1024w, https:\/\/kunmedierne.dk\/mors\/wp-content\/uploads\/2021\/06\/t09-768x69.jpg 768w, https:\/\/kunmedierne.dk\/mors\/wp-content\/uploads\/2021\/06\/t09-600x54.jpg 600w\" sizes=\"auto, (max-width: 1400px) 100vw, 1400px\" \/><\/p>\n<p>&#8220;Det var stort. De er nok de to st\u00f8rste navne i min musikverden. Jeg er en en rock-pop-ting, s\u00e5 b\u00e5de Steffen Brandt og Kasper Eistrup stod meget h\u00f8jt i min personlige bog,&#8221; mindes Poul N. S\u00f8rensen tiden, mens han stadig var ung.<\/p>\n<p>Nu er det s\u00e5 nutidens unge, han fors\u00f8ger at blive politiker for.<\/p>\n<p>&#8220;Unge p\u00e5 Mors skal have mere plads, mere frihed,&#8221; siger han og forts\u00e6tter, at der skal skabes de rigtige rammer ved at give dem rum til at f\u00e6rdes.<\/p>\n<p>&#8220;Et sted, hvor de kan rode og regere, selvf\u00f8lgelig gennem ansvar, men det ansvar kommer gennem inddragelse,&#8221; siger Poul N. S\u00f8rensen, som helt konkret foresl\u00e5r en halv kilometer asfalt til afbr\u00e6nding af d\u00e6k.<\/p>\n<p>&#8220;S\u00e5 de kan afreagere p\u00e5 sikker grund. Jeg vil fremme de unges adgang til politisk indflydelse,&#8221; siger han.\u00a0 <a href=\"https:\/\/konpap.dk\/\"><img loading=\"lazy\" decoding=\"async\" class=\"alignright size-full wp-image-46601\" src=\"https:\/\/kunmedierne.dk\/mors\/wp-content\/uploads\/2021\/06\/t10.jpg\" alt=\"\" width=\"1400\" height=\"125\" srcset=\"https:\/\/kunmedierne.dk\/mors\/wp-content\/uploads\/2021\/06\/t10.jpg 1400w, https:\/\/kunmedierne.dk\/mors\/wp-content\/uploads\/2021\/06\/t10-300x27.jpg 300w, https:\/\/kunmedierne.dk\/mors\/wp-content\/uploads\/2021\/06\/t10-1024x91.jpg 1024w, https:\/\/kunmedierne.dk\/mors\/wp-content\/uploads\/2021\/06\/t10-768x69.jpg 768w, https:\/\/kunmedierne.dk\/mors\/wp-content\/uploads\/2021\/06\/t10-600x54.jpg 600w\" sizes=\"auto, (max-width: 1400px) 100vw, 1400px\" \/><\/a><\/p>\n<p>Poul N. S\u00f8rensen n\u00e6vner desuden et \u00f8nske om at sikre \u00e6ldre og handicappede adgang til naturen. Og at man skal sikre, at de ansatte i sundhedssektoren trives og kan sikre en ordentlig og stabil pleje af \u00e6ldre og syge.<\/p>\n<p>Og s\u00e5 retter han sit fokus mod livet i yderomr\u00e5derne, hvor han vil forhindre flere skolelukninger.<\/p>\n<p>&#8220;Der m\u00e5 ikke p\u00e5l\u00e6gges for\u00e6ldre i yderomr\u00e5der ekstra omkostninger ved at skulle i friskole\/privatskole, for at deres barn kan komme i skole i n\u00e6romr\u00e5det,&#8221; siger han.<\/p>\n","protected":false},"excerpt":{"rendered":"<p>MORS: Landbruget, og is\u00e6r dets produktion af grise, skal udvikles. S\u00e5dan lyder en af ambitionerne hos Poul Noppenau S\u00f8rensen, som Enhedslisten p\u00e5 Mors onsdag pr\u00e6senterede som kandidat til efter\u00e5rets kommunalvalg. Den 49-\u00e5rige morsingbo n\u00e6vner natur og milj\u00f8 som noget af det, han vil kaste sig over, hvis han bliver valgt ind. Og det er ikke [&hellip;]<\/p>\n","protected":false},"author":8,"featured_media":46589,"comment_status":"open","ping_status":"open","sticky":false,"template":"","format":"standard","meta":{"_acf_changed":false,"footnotes":""},"categories":[51],"tags":[167],"class_list":["post-46587","post","type-post","status-publish","format-standard","has-post-thumbnail","hentry","category-lokalt","tag-politik"],"acf":[],"yoast_head":"<!-- This site is optimized with the Yoast SEO plugin v26.8 - https:\/\/yoast.com\/product\/yoast-seo-wordpress\/ -->\n<title>Ny kandidat for Enhedslisten: - Jeg er ikke s\u00e5 meget for at sl\u00e5s - Mors<\/title>\n<meta name=\"robots\" content=\"index, follow, max-snippet:-1, max-image-preview:large, max-video-preview:-1\" \/>\n<link rel=\"canonical\" href=\"https:\/\/kunmedierne.dk\/mors\/ny-kandidat-for-enhedslisten-jeg-er-ikke-saa-meget-for-at-slaas\/\" \/>\n<meta property=\"og:locale\" content=\"da_DK\" \/>\n<meta property=\"og:type\" content=\"article\" \/>\n<meta property=\"og:title\" content=\"Ny kandidat for Enhedslisten: - Jeg er ikke s\u00e5 meget for at sl\u00e5s - Mors\" \/>\n<meta property=\"og:description\" content=\"MORS: Landbruget, og is\u00e6r dets produktion af grise, skal udvikles. S\u00e5dan lyder en af ambitionerne hos Poul Noppenau S\u00f8rensen, som Enhedslisten p\u00e5 Mors onsdag pr\u00e6senterede som kandidat til efter\u00e5rets kommunalvalg. Den 49-\u00e5rige morsingbo n\u00e6vner natur og milj\u00f8 som noget af det, han vil kaste sig over, hvis han bliver valgt ind. Og det er ikke [&hellip;]\" \/>\n<meta property=\"og:url\" content=\"https:\/\/kunmedierne.dk\/mors\/ny-kandidat-for-enhedslisten-jeg-er-ikke-saa-meget-for-at-slaas\/\" \/>\n<meta property=\"og:site_name\" content=\"Mors\" \/>\n<meta property=\"article:published_time\" content=\"2021-06-10T09:50:07+00:00\" \/>\n<meta property=\"article:modified_time\" content=\"2024-08-07T12:45:42+00:00\" \/>\n<meta property=\"og:image\" content=\"https:\/\/kunmedierne.dk\/mors\/wp-content\/uploads\/2021\/06\/0-debat-poul-n-soerensen.png\" \/>\n\t<meta property=\"og:image:width\" content=\"770\" \/>\n\t<meta property=\"og:image:height\" content=\"513\" \/>\n\t<meta property=\"og:image:type\" content=\"image\/png\" \/>\n<meta name=\"author\" content=\"David H\u00f8jmark\" \/>\n<meta name=\"twitter:card\" content=\"summary_large_image\" \/>\n<meta name=\"twitter:label1\" content=\"Skrevet af\" \/>\n\t<meta name=\"twitter:data1\" content=\"David H\u00f8jmark\" \/>\n\t<meta name=\"twitter:label2\" content=\"Estimeret l\u00e6setid\" \/>\n\t<meta name=\"twitter:data2\" content=\"5 minutter\" \/>\n<script type=\"application\/ld+json\" class=\"yoast-schema-graph\">{\"@context\":\"https:\/\/schema.org\",\"@graph\":[{\"@type\":\"Article\",\"@id\":\"https:\/\/kunmedierne.dk\/mors\/ny-kandidat-for-enhedslisten-jeg-er-ikke-saa-meget-for-at-slaas\/#article\",\"isPartOf\":{\"@id\":\"https:\/\/kunmedierne.dk\/mors\/ny-kandidat-for-enhedslisten-jeg-er-ikke-saa-meget-for-at-slaas\/\"},\"author\":{\"name\":\"David H\u00f8jmark\",\"@id\":\"https:\/\/kunmedierne.dk\/mors\/#\/schema\/person\/5fe23251bf1d0abbcdc6f7896579d548\"},\"headline\":\"Ny kandidat for Enhedslisten: &#8211; Jeg er ikke s\u00e5 meget for at sl\u00e5s\",\"datePublished\":\"2021-06-10T09:50:07+00:00\",\"dateModified\":\"2024-08-07T12:45:42+00:00\",\"mainEntityOfPage\":{\"@id\":\"https:\/\/kunmedierne.dk\/mors\/ny-kandidat-for-enhedslisten-jeg-er-ikke-saa-meget-for-at-slaas\/\"},\"wordCount\":937,\"commentCount\":0,\"publisher\":{\"@id\":\"https:\/\/kunmedierne.dk\/mors\/#organization\"},\"image\":{\"@id\":\"https:\/\/kunmedierne.dk\/mors\/ny-kandidat-for-enhedslisten-jeg-er-ikke-saa-meget-for-at-slaas\/#primaryimage\"},\"thumbnailUrl\":\"https:\/\/kunmedierne.dk\/mors\/wp-content\/uploads\/2021\/06\/0-debat-poul-n-soerensen.png\",\"keywords\":[\"Politik\"],\"articleSection\":[\"Lokalt\"],\"inLanguage\":\"da-DK\",\"potentialAction\":[{\"@type\":\"CommentAction\",\"name\":\"Comment\",\"target\":[\"https:\/\/kunmedierne.dk\/mors\/ny-kandidat-for-enhedslisten-jeg-er-ikke-saa-meget-for-at-slaas\/#respond\"]}]},{\"@type\":\"WebPage\",\"@id\":\"https:\/\/kunmedierne.dk\/mors\/ny-kandidat-for-enhedslisten-jeg-er-ikke-saa-meget-for-at-slaas\/\",\"url\":\"https:\/\/kunmedierne.dk\/mors\/ny-kandidat-for-enhedslisten-jeg-er-ikke-saa-meget-for-at-slaas\/\",\"name\":\"Ny kandidat for Enhedslisten: - Jeg er ikke s\u00e5 meget for at sl\u00e5s - Mors\",\"isPartOf\":{\"@id\":\"https:\/\/kunmedierne.dk\/mors\/#website\"},\"primaryImageOfPage\":{\"@id\":\"https:\/\/kunmedierne.dk\/mors\/ny-kandidat-for-enhedslisten-jeg-er-ikke-saa-meget-for-at-slaas\/#primaryimage\"},\"image\":{\"@id\":\"https:\/\/kunmedierne.dk\/mors\/ny-kandidat-for-enhedslisten-jeg-er-ikke-saa-meget-for-at-slaas\/#primaryimage\"},\"thumbnailUrl\":\"https:\/\/kunmedierne.dk\/mors\/wp-content\/uploads\/2021\/06\/0-debat-poul-n-soerensen.png\",\"datePublished\":\"2021-06-10T09:50:07+00:00\",\"dateModified\":\"2024-08-07T12:45:42+00:00\",\"breadcrumb\":{\"@id\":\"https:\/\/kunmedierne.dk\/mors\/ny-kandidat-for-enhedslisten-jeg-er-ikke-saa-meget-for-at-slaas\/#breadcrumb\"},\"inLanguage\":\"da-DK\",\"potentialAction\":[{\"@type\":\"ReadAction\",\"target\":[\"https:\/\/kunmedierne.dk\/mors\/ny-kandidat-for-enhedslisten-jeg-er-ikke-saa-meget-for-at-slaas\/\"]}]},{\"@type\":\"ImageObject\",\"inLanguage\":\"da-DK\",\"@id\":\"https:\/\/kunmedierne.dk\/mors\/ny-kandidat-for-enhedslisten-jeg-er-ikke-saa-meget-for-at-slaas\/#primaryimage\",\"url\":\"https:\/\/kunmedierne.dk\/mors\/wp-content\/uploads\/2021\/06\/0-debat-poul-n-soerensen.png\",\"contentUrl\":\"https:\/\/kunmedierne.dk\/mors\/wp-content\/uploads\/2021\/06\/0-debat-poul-n-soerensen.png\",\"width\":770,\"height\":513,\"caption\":\"Poul S\u00f8rensen, kandidat for Enhedslisten ved Kommunalvalg 2021.\"},{\"@type\":\"BreadcrumbList\",\"@id\":\"https:\/\/kunmedierne.dk\/mors\/ny-kandidat-for-enhedslisten-jeg-er-ikke-saa-meget-for-at-slaas\/#breadcrumb\",\"itemListElement\":[{\"@type\":\"ListItem\",\"position\":1,\"name\":\"Hjem\",\"item\":\"https:\/\/kunmedierne.dk\/mors\/\"},{\"@type\":\"ListItem\",\"position\":2,\"name\":\"Ny kandidat for Enhedslisten: &#8211; Jeg er ikke s\u00e5 meget for at sl\u00e5s\"}]},{\"@type\":\"WebSite\",\"@id\":\"https:\/\/kunmedierne.dk\/mors\/#website\",\"url\":\"https:\/\/kunmedierne.dk\/mors\/\",\"name\":\"Mors\",\"description\":\"et netmedie med journalistik om livet p\u00e5 Mors\",\"publisher\":{\"@id\":\"https:\/\/kunmedierne.dk\/mors\/#organization\"},\"potentialAction\":[{\"@type\":\"SearchAction\",\"target\":{\"@type\":\"EntryPoint\",\"urlTemplate\":\"https:\/\/kunmedierne.dk\/mors\/?s={search_term_string}\"},\"query-input\":{\"@type\":\"PropertyValueSpecification\",\"valueRequired\":true,\"valueName\":\"search_term_string\"}}],\"inLanguage\":\"da-DK\"},{\"@type\":\"Organization\",\"@id\":\"https:\/\/kunmedierne.dk\/mors\/#organization\",\"name\":\"Mors\",\"url\":\"https:\/\/kunmedierne.dk\/mors\/\",\"logo\":{\"@type\":\"ImageObject\",\"inLanguage\":\"da-DK\",\"@id\":\"https:\/\/kunmedierne.dk\/mors\/#\/schema\/logo\/image\/\",\"url\":\"https:\/\/kunmedierne.dk\/mors\/wp-content\/uploads\/2024\/08\/kunmors-logo.svg\",\"contentUrl\":\"https:\/\/kunmedierne.dk\/mors\/wp-content\/uploads\/2024\/08\/kunmors-logo.svg\",\"caption\":\"Mors\"},\"image\":{\"@id\":\"https:\/\/kunmedierne.dk\/mors\/#\/schema\/logo\/image\/\"}},{\"@type\":\"Person\",\"@id\":\"https:\/\/kunmedierne.dk\/mors\/#\/schema\/person\/5fe23251bf1d0abbcdc6f7896579d548\",\"name\":\"David H\u00f8jmark\",\"image\":{\"@type\":\"ImageObject\",\"inLanguage\":\"da-DK\",\"@id\":\"https:\/\/kunmedierne.dk\/mors\/#\/schema\/person\/image\/\",\"url\":\"https:\/\/secure.gravatar.com\/avatar\/4315d6fb9ef244d729989f5f90268eb08d5bf8a3d84402f595fa194bb35784fd?s=96&d=mm&r=g\",\"contentUrl\":\"https:\/\/secure.gravatar.com\/avatar\/4315d6fb9ef244d729989f5f90268eb08d5bf8a3d84402f595fa194bb35784fd?s=96&d=mm&r=g\",\"caption\":\"David H\u00f8jmark\"},\"sameAs\":[\"https:\/\/www.kunmedierne.dk\"],\"url\":\"https:\/\/kunmedierne.dk\/mors\/author\/david\/\"}]}<\/script>\n<!-- \/ Yoast SEO plugin. -->","yoast_head_json":{"title":"Ny kandidat for Enhedslisten: - Jeg er ikke s\u00e5 meget for at sl\u00e5s - Mors","robots":{"index":"index","follow":"follow","max-snippet":"max-snippet:-1","max-image-preview":"max-image-preview:large","max-video-preview":"max-video-preview:-1"},"canonical":"https:\/\/kunmedierne.dk\/mors\/ny-kandidat-for-enhedslisten-jeg-er-ikke-saa-meget-for-at-slaas\/","og_locale":"da_DK","og_type":"article","og_title":"Ny kandidat for Enhedslisten: - Jeg er ikke s\u00e5 meget for at sl\u00e5s - Mors","og_description":"MORS: Landbruget, og is\u00e6r dets produktion af grise, skal udvikles. S\u00e5dan lyder en af ambitionerne hos Poul Noppenau S\u00f8rensen, som Enhedslisten p\u00e5 Mors onsdag pr\u00e6senterede som kandidat til efter\u00e5rets kommunalvalg. Den 49-\u00e5rige morsingbo n\u00e6vner natur og milj\u00f8 som noget af det, han vil kaste sig over, hvis han bliver valgt ind. Og det er ikke [&hellip;]","og_url":"https:\/\/kunmedierne.dk\/mors\/ny-kandidat-for-enhedslisten-jeg-er-ikke-saa-meget-for-at-slaas\/","og_site_name":"Mors","article_published_time":"2021-06-10T09:50:07+00:00","article_modified_time":"2024-08-07T12:45:42+00:00","og_image":[{"width":770,"height":513,"url":"https:\/\/kunmedierne.dk\/mors\/wp-content\/uploads\/2021\/06\/0-debat-poul-n-soerensen.png","type":"image\/png"}],"author":"David H\u00f8jmark","twitter_card":"summary_large_image","twitter_misc":{"Skrevet af":"David H\u00f8jmark","Estimeret l\u00e6setid":"5 minutter"},"schema":{"@context":"https:\/\/schema.org","@graph":[{"@type":"Article","@id":"https:\/\/kunmedierne.dk\/mors\/ny-kandidat-for-enhedslisten-jeg-er-ikke-saa-meget-for-at-slaas\/#article","isPartOf":{"@id":"https:\/\/kunmedierne.dk\/mors\/ny-kandidat-for-enhedslisten-jeg-er-ikke-saa-meget-for-at-slaas\/"},"author":{"name":"David H\u00f8jmark","@id":"https:\/\/kunmedierne.dk\/mors\/#\/schema\/person\/5fe23251bf1d0abbcdc6f7896579d548"},"headline":"Ny kandidat for Enhedslisten: &#8211; Jeg er ikke s\u00e5 meget for at sl\u00e5s","datePublished":"2021-06-10T09:50:07+00:00","dateModified":"2024-08-07T12:45:42+00:00","mainEntityOfPage":{"@id":"https:\/\/kunmedierne.dk\/mors\/ny-kandidat-for-enhedslisten-jeg-er-ikke-saa-meget-for-at-slaas\/"},"wordCount":937,"commentCount":0,"publisher":{"@id":"https:\/\/kunmedierne.dk\/mors\/#organization"},"image":{"@id":"https:\/\/kunmedierne.dk\/mors\/ny-kandidat-for-enhedslisten-jeg-er-ikke-saa-meget-for-at-slaas\/#primaryimage"},"thumbnailUrl":"https:\/\/kunmedierne.dk\/mors\/wp-content\/uploads\/2021\/06\/0-debat-poul-n-soerensen.png","keywords":["Politik"],"articleSection":["Lokalt"],"inLanguage":"da-DK","potentialAction":[{"@type":"CommentAction","name":"Comment","target":["https:\/\/kunmedierne.dk\/mors\/ny-kandidat-for-enhedslisten-jeg-er-ikke-saa-meget-for-at-slaas\/#respond"]}]},{"@type":"WebPage","@id":"https:\/\/kunmedierne.dk\/mors\/ny-kandidat-for-enhedslisten-jeg-er-ikke-saa-meget-for-at-slaas\/","url":"https:\/\/kunmedierne.dk\/mors\/ny-kandidat-for-enhedslisten-jeg-er-ikke-saa-meget-for-at-slaas\/","name":"Ny kandidat for Enhedslisten: - Jeg er ikke s\u00e5 meget for at sl\u00e5s - Mors","isPartOf":{"@id":"https:\/\/kunmedierne.dk\/mors\/#website"},"primaryImageOfPage":{"@id":"https:\/\/kunmedierne.dk\/mors\/ny-kandidat-for-enhedslisten-jeg-er-ikke-saa-meget-for-at-slaas\/#primaryimage"},"image":{"@id":"https:\/\/kunmedierne.dk\/mors\/ny-kandidat-for-enhedslisten-jeg-er-ikke-saa-meget-for-at-slaas\/#primaryimage"},"thumbnailUrl":"https:\/\/kunmedierne.dk\/mors\/wp-content\/uploads\/2021\/06\/0-debat-poul-n-soerensen.png","datePublished":"2021-06-10T09:50:07+00:00","dateModified":"2024-08-07T12:45:42+00:00","breadcrumb":{"@id":"https:\/\/kunmedierne.dk\/mors\/ny-kandidat-for-enhedslisten-jeg-er-ikke-saa-meget-for-at-slaas\/#breadcrumb"},"inLanguage":"da-DK","potentialAction":[{"@type":"ReadAction","target":["https:\/\/kunmedierne.dk\/mors\/ny-kandidat-for-enhedslisten-jeg-er-ikke-saa-meget-for-at-slaas\/"]}]},{"@type":"ImageObject","inLanguage":"da-DK","@id":"https:\/\/kunmedierne.dk\/mors\/ny-kandidat-for-enhedslisten-jeg-er-ikke-saa-meget-for-at-slaas\/#primaryimage","url":"https:\/\/kunmedierne.dk\/mors\/wp-content\/uploads\/2021\/06\/0-debat-poul-n-soerensen.png","contentUrl":"https:\/\/kunmedierne.dk\/mors\/wp-content\/uploads\/2021\/06\/0-debat-poul-n-soerensen.png","width":770,"height":513,"caption":"Poul S\u00f8rensen, kandidat for Enhedslisten ved Kommunalvalg 2021."},{"@type":"BreadcrumbList","@id":"https:\/\/kunmedierne.dk\/mors\/ny-kandidat-for-enhedslisten-jeg-er-ikke-saa-meget-for-at-slaas\/#breadcrumb","itemListElement":[{"@type":"ListItem","position":1,"name":"Hjem","item":"https:\/\/kunmedierne.dk\/mors\/"},{"@type":"ListItem","position":2,"name":"Ny kandidat for Enhedslisten: &#8211; Jeg er ikke s\u00e5 meget for at sl\u00e5s"}]},{"@type":"WebSite","@id":"https:\/\/kunmedierne.dk\/mors\/#website","url":"https:\/\/kunmedierne.dk\/mors\/","name":"Mors","description":"et netmedie med journalistik om livet p\u00e5 Mors","publisher":{"@id":"https:\/\/kunmedierne.dk\/mors\/#organization"},"potentialAction":[{"@type":"SearchAction","target":{"@type":"EntryPoint","urlTemplate":"https:\/\/kunmedierne.dk\/mors\/?s={search_term_string}"},"query-input":{"@type":"PropertyValueSpecification","valueRequired":true,"valueName":"search_term_string"}}],"inLanguage":"da-DK"},{"@type":"Organization","@id":"https:\/\/kunmedierne.dk\/mors\/#organization","name":"Mors","url":"https:\/\/kunmedierne.dk\/mors\/","logo":{"@type":"ImageObject","inLanguage":"da-DK","@id":"https:\/\/kunmedierne.dk\/mors\/#\/schema\/logo\/image\/","url":"https:\/\/kunmedierne.dk\/mors\/wp-content\/uploads\/2024\/08\/kunmors-logo.svg","contentUrl":"https:\/\/kunmedierne.dk\/mors\/wp-content\/uploads\/2024\/08\/kunmors-logo.svg","caption":"Mors"},"image":{"@id":"https:\/\/kunmedierne.dk\/mors\/#\/schema\/logo\/image\/"}},{"@type":"Person","@id":"https:\/\/kunmedierne.dk\/mors\/#\/schema\/person\/5fe23251bf1d0abbcdc6f7896579d548","name":"David H\u00f8jmark","image":{"@type":"ImageObject","inLanguage":"da-DK","@id":"https:\/\/kunmedierne.dk\/mors\/#\/schema\/person\/image\/","url":"https:\/\/secure.gravatar.com\/avatar\/4315d6fb9ef244d729989f5f90268eb08d5bf8a3d84402f595fa194bb35784fd?s=96&d=mm&r=g","contentUrl":"https:\/\/secure.gravatar.com\/avatar\/4315d6fb9ef244d729989f5f90268eb08d5bf8a3d84402f595fa194bb35784fd?s=96&d=mm&r=g","caption":"David H\u00f8jmark"},"sameAs":["https:\/\/www.kunmedierne.dk"],"url":"https:\/\/kunmedierne.dk\/mors\/author\/david\/"}]}},"_links":{"self":[{"href":"https:\/\/kunmedierne.dk\/mors\/wp-json\/wp\/v2\/posts\/46587","targetHints":{"allow":["GET"]}}],"collection":[{"href":"https:\/\/kunmedierne.dk\/mors\/wp-json\/wp\/v2\/posts"}],"about":[{"href":"https:\/\/kunmedierne.dk\/mors\/wp-json\/wp\/v2\/types\/post"}],"author":[{"embeddable":true,"href":"https:\/\/kunmedierne.dk\/mors\/wp-json\/wp\/v2\/users\/8"}],"replies":[{"embeddable":true,"href":"https:\/\/kunmedierne.dk\/mors\/wp-json\/wp\/v2\/comments?post=46587"}],"version-history":[{"count":9,"href":"https:\/\/kunmedierne.dk\/mors\/wp-json\/wp\/v2\/posts\/46587\/revisions"}],"predecessor-version":[{"id":46663,"href":"https:\/\/kunmedierne.dk\/mors\/wp-json\/wp\/v2\/posts\/46587\/revisions\/46663"}],"wp:featuredmedia":[{"embeddable":true,"href":"https:\/\/kunmedierne.dk\/mors\/wp-json\/wp\/v2\/media\/46589"}],"wp:attachment":[{"href":"https:\/\/kunmedierne.dk\/mors\/wp-json\/wp\/v2\/media?parent=46587"}],"wp:term":[{"taxonomy":"category","embeddable":true,"href":"https:\/\/kunmedierne.dk\/mors\/wp-json\/wp\/v2\/categories?post=46587"},{"taxonomy":"post_tag","embeddable":true,"href":"https:\/\/kunmedierne.dk\/mors\/wp-json\/wp\/v2\/tags?post=46587"}],"curies":[{"name":"wp","href":"https:\/\/api.w.org\/{rel}","templated":true}]}}