{"id":46574,"date":"2021-06-09T10:47:27","date_gmt":"2021-06-09T08:47:27","guid":{"rendered":"https:\/\/kunmedierne.dk\/mors\/?p=46574"},"modified":"2024-08-07T14:45:42","modified_gmt":"2024-08-07T12:45:42","slug":"venstre-politiker-siger-stop-flyt-udvalgsmoeder-vaek-fra-normal-arbejdstid","status":"publish","type":"post","link":"https:\/\/kunmedierne.dk\/mors\/venstre-politiker-siger-stop-flyt-udvalgsmoeder-vaek-fra-normal-arbejdstid\/","title":{"rendered":"Venstre-politiker siger stop: &#8211; Flyt udvalgsm\u00f8der v\u00e6k fra normal arbejdstid"},"content":{"rendered":"<p><strong>MORS<\/strong>: Kommunalvalget 2021 bliver uden Venstre-politikeren Henrik Jensen.<\/p>\n<p>Efter to perioder i kommunalbestyrelsen har han valgt ikke at stille op til en tredje &#8211; i hvert fald ikke i denne omgang.<\/p>\n<p>&#8220;Det er p\u00e5 grund af mit arbejde. Jeg arbejder i Herning, og det tager en time og 20 minutter hver vej. S\u00e5 det forstyrrer meget, n\u00e5r jeg har et lederjob, hvor jeg egentlig gerne skal v\u00e6re hele tiden,&#8221; siger Henrik Jensen.<\/p>\n<p>Han forklarer sin beslutning med, at han ikke kan f\u00e5 sit arbejdsliv til at h\u00e6nge sammen med udvalgsm\u00f8derne som politiker. Henrik Jensen sidder i udvalget for teknik og milj\u00f8 og i besk\u00e6ftigelses- og erhvervsudvalget. Og han fort\u00e6ller om uger, hvor han m\u00e5 tage fri fra arbejde op til tre dage for at passe sine pligter som lokalpolitiker.<\/p>\n<p>&#8220;Ligger der udvalgsm\u00f8der midt p\u00e5 dagen eller klokken ni, kan jeg ikke n\u00e5 at komme p\u00e5 arbejde igen,&#8221; siger han. <a href=\"https:\/\/www.sparv.dk\/\"><img loading=\"lazy\" decoding=\"async\" class=\"alignright size-full wp-image-42461\" src=\"https:\/\/kunmedierne.dk\/mors\/wp-content\/uploads\/2021\/03\/te11.jpg\" alt=\"\" width=\"1400\" height=\"125\" srcset=\"https:\/\/kunmedierne.dk\/mors\/wp-content\/uploads\/2021\/03\/te11.jpg 1400w, https:\/\/kunmedierne.dk\/mors\/wp-content\/uploads\/2021\/03\/te11-300x27.jpg 300w, https:\/\/kunmedierne.dk\/mors\/wp-content\/uploads\/2021\/03\/te11-1024x91.jpg 1024w, https:\/\/kunmedierne.dk\/mors\/wp-content\/uploads\/2021\/03\/te11-768x69.jpg 768w, https:\/\/kunmedierne.dk\/mors\/wp-content\/uploads\/2021\/03\/te11-600x54.jpg 600w\" sizes=\"auto, (max-width: 1400px) 100vw, 1400px\" \/><\/a><\/p>\n<p>&#8220;S\u00e5 det har fyldt for meget, og jeg synes ikke, jeg kan v\u00e6re bekendt at v\u00e6re s\u00e5 meget v\u00e6k. Der er mange, der gerne vil have, at jeg er her, n\u00e5r jeg ikke er her,&#8221; siger Henrik Jensen.<\/p>\n<p>&#8220;Det er selvf\u00f8lgelig \u00e6rgerligt, for jeg har v\u00e6ret meget glad for at v\u00e6re i kommunalbestyrelsen og ville gerne have haft en periode mere,&#8221; tilf\u00f8jer han.<\/p>\n<p>&nbsp;<\/p>\n<p><strong>\u00d8nsker nye m\u00f8detider<\/strong><\/p>\n<p>Henrik Jensen blev valgt ind i kommunalbestyrelsen som nummer syv ud af otte Venstre-folk til kommunalvalget i 2013. Det var med 204 stemmer.<\/p>\n<p>Fire \u00e5r senere fik han med 203 stemmer sjetteflest af de 12 mandater, Venstre fik valgt ind i byr\u00e5det.<\/p>\n<p>Og if\u00f8lge Henrik Jensen har han i l\u00f8bet af sine otte \u00e5r som lokalpolitiker flere gange argumenteret for at flytte udvalgsm\u00f8derne, s\u00e5 de ikke kolliderer med normal arbejdstid.<\/p>\n<p>&#8220;Andre kommuner holder deres m\u00f8der efter fyraften, s\u00e5 de for eksempel kan have dem med, der er i erhvervslivet. Det har jeg ogs\u00e5 k\u00e6mpet for i de otte \u00e5r, jeg har v\u00e6ret med, men der skal v\u00e6re et flertal for, at det kan lykkes,&#8221; siger han. <a href=\"https:\/\/thistedkloakservice.dk\/\"><img loading=\"lazy\" decoding=\"async\" class=\"alignright size-full wp-image-46119\" src=\"https:\/\/kunmedierne.dk\/mors\/wp-content\/uploads\/2021\/06\/te12.jpg\" alt=\"\" width=\"1400\" height=\"125\" srcset=\"https:\/\/kunmedierne.dk\/mors\/wp-content\/uploads\/2021\/06\/te12.jpg 1400w, https:\/\/kunmedierne.dk\/mors\/wp-content\/uploads\/2021\/06\/te12-300x27.jpg 300w, https:\/\/kunmedierne.dk\/mors\/wp-content\/uploads\/2021\/06\/te12-1024x91.jpg 1024w, https:\/\/kunmedierne.dk\/mors\/wp-content\/uploads\/2021\/06\/te12-768x69.jpg 768w, https:\/\/kunmedierne.dk\/mors\/wp-content\/uploads\/2021\/06\/te12-600x54.jpg 600w\" sizes=\"auto, (max-width: 1400px) 100vw, 1400px\" \/><\/a><\/p>\n<p>Da m\u00f8dekalenderen til besk\u00e6ftigelses- og erhvervsudvalget for 2020 skulle vedtages, stemte Henrik Jensen s\u00e5ledes imod et forslag om at rykke udvalgets m\u00f8detidspunkter til fra klokken 16 til klokken 13.30 p\u00e5 tirsdage. Det samme gjorde partikollegaen Anja Birch Als\u00f8er, mens tre andre udvalgsmedlemmer, Ellen Philipsen Dahl (DB), John Christiansen (S) og Pia Storm (S), stemte for den tidligere m\u00f8detid.<\/p>\n<p>Klaus Hvidtfeldt Larsen (V) og Lene Svenningsen (V) undlod at stemme, og s\u00e5dan var forl\u00f8bet ogs\u00e5, da sagen blev f\u00f8rt i kommunalbestyrelsen, hvor den igen blev afgjort med stemmerne 3-2 til fordel for klokken 13.30 &#8211; mens de 16 \u00f8vrige medlemmer af byr\u00e5det undlod at stemme.<\/p>\n<p>Og Henrik Jensen forestiller sig ikke, at holdningen har \u00e6ndret sig.<\/p>\n<p>&#8220;Jeg har opgivet kampen. Jeg st\u00e5r meget alene med, at det passer mig d\u00e5rligt. De andre vil gerne have, at det ligger i normal arbejdstid,&#8221; siger Henrik Jensen, som vurderer, at den valgte m\u00f8destruktur i Mors\u00f8 Kommune kan v\u00e6re med til at afholde nogle fra at stille op.<\/p>\n<p>Og at det ikke kun g\u00e6lder i forhold til borgere i lederstillinger. <a href=\"https:\/\/www.fmspks.dk\/\"><img loading=\"lazy\" decoding=\"async\" class=\"alignright size-full wp-image-42295\" src=\"https:\/\/kunmedierne.dk\/mors\/wp-content\/uploads\/2021\/03\/te1.jpg\" alt=\"\" width=\"1400\" height=\"125\" srcset=\"https:\/\/kunmedierne.dk\/mors\/wp-content\/uploads\/2021\/03\/te1.jpg 1400w, https:\/\/kunmedierne.dk\/mors\/wp-content\/uploads\/2021\/03\/te1-300x27.jpg 300w, https:\/\/kunmedierne.dk\/mors\/wp-content\/uploads\/2021\/03\/te1-1024x91.jpg 1024w, https:\/\/kunmedierne.dk\/mors\/wp-content\/uploads\/2021\/03\/te1-768x69.jpg 768w, https:\/\/kunmedierne.dk\/mors\/wp-content\/uploads\/2021\/03\/te1-600x54.jpg 600w\" sizes=\"auto, (max-width: 1400px) 100vw, 1400px\" \/><\/a><\/p>\n<p>&#8220;Jeg skal ikke g\u00f8re min stilling vigtigere end andres. Der er jo ogs\u00e5 mange, der st\u00e5r ved nogle maskiner, som er lige s\u00e5 vigtige i deres job,&#8221; siger han og supplerer, at det kr\u00e6ver tid som lokalpolitiker at s\u00e6tte sig ind i de sager, der skal behandles i udvalgsm\u00f8derne.<\/p>\n<p>&#8220;Og hvis man s\u00e5 ikke er der til m\u00f8derne, er man tabt,&#8221; siger han.<\/p>\n<p>&nbsp;<\/p>\n<p><strong>Foresl\u00e5r Teams-forbindelse<\/strong><\/p>\n<p>Lene Svenningsen (V), den ene af de to fra besk\u00e6ftigelses- og erhvervsudvalget, der undlod at stemme, da punktet var p\u00e5 dagsordenen ved \u00e5rsskiftet til 2020, har ogs\u00e5 valgt at takke nej til en periode mere.<\/p>\n<p>Hun angiver blandt andet sit arbejde i Thisted FC som \u00e5rsag til sin beslutning, men afviser, at det handler om m\u00f8detiden til udvalgsm\u00f8der.<\/p>\n<p>&#8220;Det har ikke haft indflydelse &#8211; men jeg t\u00e6nker, at hvis jeg havde v\u00e6ret p\u00e5 arbejde en hel dag, ville jeg egentlig v\u00e6re tr\u00e6t, hvis jeg skulle sidde til udvalgsm\u00f8de i fire timer bagefter,&#8221; siger hun og forholder sig stadig neutral i forhold til sp\u00f8rgsm\u00e5let om m\u00f8detider til udvalgsm\u00f8der.<\/p>\n<p>&#8220;Hvordan man skal g\u00f8re det, ved jeg ikke, men det har ikke v\u00e6ret et issue for mig. Jeg har egentlig haft det fint med, at det har v\u00e6ret midt p\u00e5 dagen,&#8221; siger hun. <a href=\"https:\/\/vester-begr.dk\"><img loading=\"lazy\" decoding=\"async\" class=\"alignright size-full wp-image-44958\" src=\"https:\/\/kunmedierne.dk\/mors\/wp-content\/uploads\/2021\/05\/te2ny.jpg\" alt=\"\" width=\"1400\" height=\"125\" srcset=\"https:\/\/kunmedierne.dk\/mors\/wp-content\/uploads\/2021\/05\/te2ny.jpg 1400w, https:\/\/kunmedierne.dk\/mors\/wp-content\/uploads\/2021\/05\/te2ny-300x27.jpg 300w, https:\/\/kunmedierne.dk\/mors\/wp-content\/uploads\/2021\/05\/te2ny-1024x91.jpg 1024w, https:\/\/kunmedierne.dk\/mors\/wp-content\/uploads\/2021\/05\/te2ny-768x69.jpg 768w, https:\/\/kunmedierne.dk\/mors\/wp-content\/uploads\/2021\/05\/te2ny-600x54.jpg 600w\" sizes=\"auto, (max-width: 1400px) 100vw, 1400px\" \/><\/a><\/p>\n<p>I 2020 var Lene Svenningsen i f\u00f8rste omgang indstillet p\u00e5 at bakke op om \u00f8nsket om at holde udvalgsm\u00f8der uden for normal arbejdstid.<\/p>\n<p>&#8220;P\u00e5 dav\u00e6rende tidspunkt ville jeg gerne bakke op om det. Men jeg er egentlig fuldst\u00e6ndig ligeglad med, hvorn\u00e5r m\u00f8derne ligger &#8211; og jeg m\u00f8der op, om det er klokken syv eller klokken 14. Det er mig fuldst\u00e6ndig ligegyldigt &#8211; og s\u00e5 ville jeg egentlig gerne bakke op om dem, som havde anmodet om, at det skulle flyttes, men valgte s\u00e5 ikke at stemme, da vi skulle have den igennem,&#8221; siger hun.<\/p>\n<p>&#8220;Jeg er sgu nok lidt radikal her &#8211; kan man tillade sig at sige det?&#8221;, lyder det fra Lene Svenningsen, som godt kan se id\u00e9en for nogle i, at det politiske ikke kolliderer med det civile &#8211; men som p\u00e5peger, at det ogs\u00e5 vil f\u00e5 indflydelse p\u00e5 de administrative medarbejderes arbejdstid. <a href=\"https:\/\/vognmand-filtenborg.dk\/\"><img loading=\"lazy\" decoding=\"async\" class=\"alignright size-full wp-image-42300\" src=\"https:\/\/kunmedierne.dk\/mors\/wp-content\/uploads\/2021\/03\/te3.jpg\" alt=\"\" width=\"1400\" height=\"125\" srcset=\"https:\/\/kunmedierne.dk\/mors\/wp-content\/uploads\/2021\/03\/te3.jpg 1400w, https:\/\/kunmedierne.dk\/mors\/wp-content\/uploads\/2021\/03\/te3-300x27.jpg 300w, https:\/\/kunmedierne.dk\/mors\/wp-content\/uploads\/2021\/03\/te3-1024x91.jpg 1024w, https:\/\/kunmedierne.dk\/mors\/wp-content\/uploads\/2021\/03\/te3-768x69.jpg 768w, https:\/\/kunmedierne.dk\/mors\/wp-content\/uploads\/2021\/03\/te3-600x54.jpg 600w\" sizes=\"auto, (max-width: 1400px) 100vw, 1400px\" \/><\/a><\/p>\n<p>&#8220;Den er lidt sv\u00e6r, og jeg kan forst\u00e5 begge sider. Det er ogs\u00e5 derfor, jeg var neutral, da vi stemte,&#8221; siger hun.<\/p>\n<p>Lene Svenningsen foresl\u00e5r i stedet, at man tager ved l\u00e6re af h\u00e5ndteringen af m\u00f8der under coronaen, hvor Teamsforbindelser har vist sig at fungere godt.<\/p>\n<p>&#8220;Det skal selvf\u00f8lgelig ikke v\u00e6re hver gang, men er man presset i en periode, synes jeg godt, at man kan v\u00e6re med p\u00e5 Teams,&#8221; siger hun.<\/p>\n<p>&nbsp;<\/p>\n<p><strong>Sundbyvej uden betydning<\/strong><\/p>\n<p>Henrik Jensen har i det seneste \u00e5r is\u00e6r gjort sig bem\u00e6rket politisk som medlem af udvalget for teknik og milj\u00f8, da sagen om fortov i Sundby skabte stor debat.<\/p>\n<p>Her bor han selv, og undervejs fik han <a href=\"https:\/\/kunmedierne.dk\/mors\/vi-har-kun-et-sted-at-klage-og-det-er-hos-kommunen\/\" target=\"_blank\" rel=\"noopener\">sk\u00e6ld ud<\/a> af nogle af sine medborgere, da han havde v\u00e6ret med til at indg\u00e5 et <a href=\"https:\/\/kunmedierne.dk\/mors\/politikere-under-beskydning-det-var-et-kompromis\/\" target=\"_blank\" rel=\"noopener\">kompromis<\/a> om sagen.<\/p>\n<p>Henrik Jensen afviser dog, at kritikken fra borgere i Sundby ogs\u00e5 har v\u00e6ret med til p\u00e5virke hans beslutning om ikke at stille op igen. <a href=\"https:\/\/www.sparnord.dk\/filialer\/nykoebing-mors\/\"><img loading=\"lazy\" decoding=\"async\" class=\"alignright size-full wp-image-42301\" src=\"https:\/\/kunmedierne.dk\/mors\/wp-content\/uploads\/2021\/03\/te4.jpg\" alt=\"\" width=\"1400\" height=\"123\" srcset=\"https:\/\/kunmedierne.dk\/mors\/wp-content\/uploads\/2021\/03\/te4.jpg 1400w, https:\/\/kunmedierne.dk\/mors\/wp-content\/uploads\/2021\/03\/te4-300x26.jpg 300w, https:\/\/kunmedierne.dk\/mors\/wp-content\/uploads\/2021\/03\/te4-1024x90.jpg 1024w, https:\/\/kunmedierne.dk\/mors\/wp-content\/uploads\/2021\/03\/te4-768x67.jpg 768w, https:\/\/kunmedierne.dk\/mors\/wp-content\/uploads\/2021\/03\/te4-600x53.jpg 600w\" sizes=\"auto, (max-width: 1400px) 100vw, 1400px\" \/><\/a><\/p>\n<p>&#8220;Overhovedet ikke. Fra starten holdt jeg mig lidt fra sagen, fordi jeg vidste, at det var en, man ikke kunne vinde. Man har jo h\u00f8rt s\u00e5 mange gange f\u00f8r, at man gerne vil have fortov, bare det ligger ovre ved naboen,&#8221; siger han.<\/p>\n<p>&#8220;Jeg er ikke blevet overfaldet af nogen overhovedet. Det gik forholdsvist smertefrit,&#8221; griner han.<\/p>\n<p>L\u00e6s senere i dag en mere uddybende forklaring fra Lene Svenningsen om, hvorfor hun mindre end fire m\u00e5neder efter <a href=\"https:\/\/kunmedierne.dk\/mors\/lene-svenningsen-vil-i-regionsraadet\/\" target=\"_blank\" rel=\"noopener\">denne artikel<\/a>, alligevel ikke stiller op til hverken kommunalvalg eller regionsr\u00e5dsvalg.<\/p>\n<blockquote>\n<h3>F\u00e5 KunMors som din lokale avis!<\/h3>\n<h4>Tilmeld dig nyhedsbrevet nederst p\u00e5 siden. S\u00e5 modtager du hver dag lige efter klokken 17 en e-mail med overblik over det seneste d\u00f8gns artikler.<\/h4>\n<h4>Nyhedsbrevet er gratis for b\u00e5de abonnenter og ikke-abonnenter.<\/h4>\n<\/blockquote>\n","protected":false},"excerpt":{"rendered":"<p>MORS: Kommunalvalget 2021 bliver uden Venstre-politikeren Henrik Jensen. Efter to perioder i kommunalbestyrelsen har han valgt ikke at stille op til en tredje &#8211; i hvert fald ikke i denne omgang. &#8220;Det er p\u00e5 grund af mit arbejde. Jeg arbejder i Herning, og det tager en time og 20 minutter hver vej. S\u00e5 det forstyrrer [&hellip;]<\/p>\n","protected":false},"author":8,"featured_media":46580,"comment_status":"open","ping_status":"open","sticky":false,"template":"","format":"standard","meta":{"_acf_changed":false,"footnotes":""},"categories":[51],"tags":[167],"class_list":["post-46574","post","type-post","status-publish","format-standard","has-post-thumbnail","hentry","category-lokalt","tag-politik"],"acf":[],"yoast_head":"<!-- This site is optimized with the Yoast SEO plugin v26.8 - https:\/\/yoast.com\/product\/yoast-seo-wordpress\/ -->\n<title>Venstre-politiker siger stop: - Flyt udvalgsm\u00f8der v\u00e6k fra normal arbejdstid - Mors<\/title>\n<meta name=\"robots\" content=\"index, follow, max-snippet:-1, max-image-preview:large, max-video-preview:-1\" \/>\n<link rel=\"canonical\" href=\"https:\/\/kunmedierne.dk\/mors\/venstre-politiker-siger-stop-flyt-udvalgsmoeder-vaek-fra-normal-arbejdstid\/\" \/>\n<meta property=\"og:locale\" content=\"da_DK\" \/>\n<meta property=\"og:type\" content=\"article\" \/>\n<meta property=\"og:title\" content=\"Venstre-politiker siger stop: - Flyt udvalgsm\u00f8der v\u00e6k fra normal arbejdstid - Mors\" \/>\n<meta property=\"og:description\" content=\"MORS: Kommunalvalget 2021 bliver uden Venstre-politikeren Henrik Jensen. Efter to perioder i kommunalbestyrelsen har han valgt ikke at stille op til en tredje &#8211; i hvert fald ikke i denne omgang. &#8220;Det er p\u00e5 grund af mit arbejde. Jeg arbejder i Herning, og det tager en time og 20 minutter hver vej. S\u00e5 det forstyrrer [&hellip;]\" \/>\n<meta property=\"og:url\" content=\"https:\/\/kunmedierne.dk\/mors\/venstre-politiker-siger-stop-flyt-udvalgsmoeder-vaek-fra-normal-arbejdstid\/\" \/>\n<meta property=\"og:site_name\" content=\"Mors\" \/>\n<meta property=\"article:published_time\" content=\"2021-06-09T08:47:27+00:00\" \/>\n<meta property=\"article:modified_time\" content=\"2024-08-07T12:45:42+00:00\" \/>\n<meta property=\"og:image\" content=\"https:\/\/kunmedierne.dk\/mors\/wp-content\/uploads\/2021\/06\/0-debat-henrik-jensen.jpg\" \/>\n\t<meta property=\"og:image:width\" content=\"770\" \/>\n\t<meta property=\"og:image:height\" content=\"513\" \/>\n\t<meta property=\"og:image:type\" content=\"image\/jpeg\" \/>\n<meta name=\"author\" content=\"David H\u00f8jmark\" \/>\n<meta name=\"twitter:card\" content=\"summary_large_image\" \/>\n<meta name=\"twitter:label1\" content=\"Skrevet af\" \/>\n\t<meta name=\"twitter:data1\" content=\"David H\u00f8jmark\" \/>\n\t<meta name=\"twitter:label2\" content=\"Estimeret l\u00e6setid\" \/>\n\t<meta name=\"twitter:data2\" content=\"6 minutter\" \/>\n<script type=\"application\/ld+json\" class=\"yoast-schema-graph\">{\"@context\":\"https:\/\/schema.org\",\"@graph\":[{\"@type\":\"Article\",\"@id\":\"https:\/\/kunmedierne.dk\/mors\/venstre-politiker-siger-stop-flyt-udvalgsmoeder-vaek-fra-normal-arbejdstid\/#article\",\"isPartOf\":{\"@id\":\"https:\/\/kunmedierne.dk\/mors\/venstre-politiker-siger-stop-flyt-udvalgsmoeder-vaek-fra-normal-arbejdstid\/\"},\"author\":{\"name\":\"David H\u00f8jmark\",\"@id\":\"https:\/\/kunmedierne.dk\/mors\/#\/schema\/person\/5fe23251bf1d0abbcdc6f7896579d548\"},\"headline\":\"Venstre-politiker siger stop: &#8211; Flyt udvalgsm\u00f8der v\u00e6k fra normal arbejdstid\",\"datePublished\":\"2021-06-09T08:47:27+00:00\",\"dateModified\":\"2024-08-07T12:45:42+00:00\",\"mainEntityOfPage\":{\"@id\":\"https:\/\/kunmedierne.dk\/mors\/venstre-politiker-siger-stop-flyt-udvalgsmoeder-vaek-fra-normal-arbejdstid\/\"},\"wordCount\":1228,\"commentCount\":0,\"publisher\":{\"@id\":\"https:\/\/kunmedierne.dk\/mors\/#organization\"},\"image\":{\"@id\":\"https:\/\/kunmedierne.dk\/mors\/venstre-politiker-siger-stop-flyt-udvalgsmoeder-vaek-fra-normal-arbejdstid\/#primaryimage\"},\"thumbnailUrl\":\"https:\/\/kunmedierne.dk\/mors\/wp-content\/uploads\/2021\/06\/0-debat-henrik-jensen.jpg\",\"keywords\":[\"Politik\"],\"articleSection\":[\"Lokalt\"],\"inLanguage\":\"da-DK\",\"potentialAction\":[{\"@type\":\"CommentAction\",\"name\":\"Comment\",\"target\":[\"https:\/\/kunmedierne.dk\/mors\/venstre-politiker-siger-stop-flyt-udvalgsmoeder-vaek-fra-normal-arbejdstid\/#respond\"]}]},{\"@type\":\"WebPage\",\"@id\":\"https:\/\/kunmedierne.dk\/mors\/venstre-politiker-siger-stop-flyt-udvalgsmoeder-vaek-fra-normal-arbejdstid\/\",\"url\":\"https:\/\/kunmedierne.dk\/mors\/venstre-politiker-siger-stop-flyt-udvalgsmoeder-vaek-fra-normal-arbejdstid\/\",\"name\":\"Venstre-politiker siger stop: - Flyt udvalgsm\u00f8der v\u00e6k fra normal arbejdstid - Mors\",\"isPartOf\":{\"@id\":\"https:\/\/kunmedierne.dk\/mors\/#website\"},\"primaryImageOfPage\":{\"@id\":\"https:\/\/kunmedierne.dk\/mors\/venstre-politiker-siger-stop-flyt-udvalgsmoeder-vaek-fra-normal-arbejdstid\/#primaryimage\"},\"image\":{\"@id\":\"https:\/\/kunmedierne.dk\/mors\/venstre-politiker-siger-stop-flyt-udvalgsmoeder-vaek-fra-normal-arbejdstid\/#primaryimage\"},\"thumbnailUrl\":\"https:\/\/kunmedierne.dk\/mors\/wp-content\/uploads\/2021\/06\/0-debat-henrik-jensen.jpg\",\"datePublished\":\"2021-06-09T08:47:27+00:00\",\"dateModified\":\"2024-08-07T12:45:42+00:00\",\"breadcrumb\":{\"@id\":\"https:\/\/kunmedierne.dk\/mors\/venstre-politiker-siger-stop-flyt-udvalgsmoeder-vaek-fra-normal-arbejdstid\/#breadcrumb\"},\"inLanguage\":\"da-DK\",\"potentialAction\":[{\"@type\":\"ReadAction\",\"target\":[\"https:\/\/kunmedierne.dk\/mors\/venstre-politiker-siger-stop-flyt-udvalgsmoeder-vaek-fra-normal-arbejdstid\/\"]}]},{\"@type\":\"ImageObject\",\"inLanguage\":\"da-DK\",\"@id\":\"https:\/\/kunmedierne.dk\/mors\/venstre-politiker-siger-stop-flyt-udvalgsmoeder-vaek-fra-normal-arbejdstid\/#primaryimage\",\"url\":\"https:\/\/kunmedierne.dk\/mors\/wp-content\/uploads\/2021\/06\/0-debat-henrik-jensen.jpg\",\"contentUrl\":\"https:\/\/kunmedierne.dk\/mors\/wp-content\/uploads\/2021\/06\/0-debat-henrik-jensen.jpg\",\"width\":770,\"height\":513,\"caption\":\"Henrik Jensen. Foto: Per Bech\/Mors\u00f8 Kommune.\"},{\"@type\":\"BreadcrumbList\",\"@id\":\"https:\/\/kunmedierne.dk\/mors\/venstre-politiker-siger-stop-flyt-udvalgsmoeder-vaek-fra-normal-arbejdstid\/#breadcrumb\",\"itemListElement\":[{\"@type\":\"ListItem\",\"position\":1,\"name\":\"Hjem\",\"item\":\"https:\/\/kunmedierne.dk\/mors\/\"},{\"@type\":\"ListItem\",\"position\":2,\"name\":\"Venstre-politiker siger stop: &#8211; Flyt udvalgsm\u00f8der v\u00e6k fra normal arbejdstid\"}]},{\"@type\":\"WebSite\",\"@id\":\"https:\/\/kunmedierne.dk\/mors\/#website\",\"url\":\"https:\/\/kunmedierne.dk\/mors\/\",\"name\":\"Mors\",\"description\":\"et netmedie med journalistik om livet p\u00e5 Mors\",\"publisher\":{\"@id\":\"https:\/\/kunmedierne.dk\/mors\/#organization\"},\"potentialAction\":[{\"@type\":\"SearchAction\",\"target\":{\"@type\":\"EntryPoint\",\"urlTemplate\":\"https:\/\/kunmedierne.dk\/mors\/?s={search_term_string}\"},\"query-input\":{\"@type\":\"PropertyValueSpecification\",\"valueRequired\":true,\"valueName\":\"search_term_string\"}}],\"inLanguage\":\"da-DK\"},{\"@type\":\"Organization\",\"@id\":\"https:\/\/kunmedierne.dk\/mors\/#organization\",\"name\":\"Mors\",\"url\":\"https:\/\/kunmedierne.dk\/mors\/\",\"logo\":{\"@type\":\"ImageObject\",\"inLanguage\":\"da-DK\",\"@id\":\"https:\/\/kunmedierne.dk\/mors\/#\/schema\/logo\/image\/\",\"url\":\"https:\/\/kunmedierne.dk\/mors\/wp-content\/uploads\/2024\/08\/kunmors-logo.svg\",\"contentUrl\":\"https:\/\/kunmedierne.dk\/mors\/wp-content\/uploads\/2024\/08\/kunmors-logo.svg\",\"caption\":\"Mors\"},\"image\":{\"@id\":\"https:\/\/kunmedierne.dk\/mors\/#\/schema\/logo\/image\/\"}},{\"@type\":\"Person\",\"@id\":\"https:\/\/kunmedierne.dk\/mors\/#\/schema\/person\/5fe23251bf1d0abbcdc6f7896579d548\",\"name\":\"David H\u00f8jmark\",\"image\":{\"@type\":\"ImageObject\",\"inLanguage\":\"da-DK\",\"@id\":\"https:\/\/kunmedierne.dk\/mors\/#\/schema\/person\/image\/\",\"url\":\"https:\/\/secure.gravatar.com\/avatar\/4315d6fb9ef244d729989f5f90268eb08d5bf8a3d84402f595fa194bb35784fd?s=96&d=mm&r=g\",\"contentUrl\":\"https:\/\/secure.gravatar.com\/avatar\/4315d6fb9ef244d729989f5f90268eb08d5bf8a3d84402f595fa194bb35784fd?s=96&d=mm&r=g\",\"caption\":\"David H\u00f8jmark\"},\"sameAs\":[\"https:\/\/www.kunmedierne.dk\"],\"url\":\"https:\/\/kunmedierne.dk\/mors\/author\/david\/\"}]}<\/script>\n<!-- \/ Yoast SEO plugin. -->","yoast_head_json":{"title":"Venstre-politiker siger stop: - Flyt udvalgsm\u00f8der v\u00e6k fra normal arbejdstid - Mors","robots":{"index":"index","follow":"follow","max-snippet":"max-snippet:-1","max-image-preview":"max-image-preview:large","max-video-preview":"max-video-preview:-1"},"canonical":"https:\/\/kunmedierne.dk\/mors\/venstre-politiker-siger-stop-flyt-udvalgsmoeder-vaek-fra-normal-arbejdstid\/","og_locale":"da_DK","og_type":"article","og_title":"Venstre-politiker siger stop: - Flyt udvalgsm\u00f8der v\u00e6k fra normal arbejdstid - Mors","og_description":"MORS: Kommunalvalget 2021 bliver uden Venstre-politikeren Henrik Jensen. Efter to perioder i kommunalbestyrelsen har han valgt ikke at stille op til en tredje &#8211; i hvert fald ikke i denne omgang. &#8220;Det er p\u00e5 grund af mit arbejde. Jeg arbejder i Herning, og det tager en time og 20 minutter hver vej. S\u00e5 det forstyrrer [&hellip;]","og_url":"https:\/\/kunmedierne.dk\/mors\/venstre-politiker-siger-stop-flyt-udvalgsmoeder-vaek-fra-normal-arbejdstid\/","og_site_name":"Mors","article_published_time":"2021-06-09T08:47:27+00:00","article_modified_time":"2024-08-07T12:45:42+00:00","og_image":[{"width":770,"height":513,"url":"https:\/\/kunmedierne.dk\/mors\/wp-content\/uploads\/2021\/06\/0-debat-henrik-jensen.jpg","type":"image\/jpeg"}],"author":"David H\u00f8jmark","twitter_card":"summary_large_image","twitter_misc":{"Skrevet af":"David H\u00f8jmark","Estimeret l\u00e6setid":"6 minutter"},"schema":{"@context":"https:\/\/schema.org","@graph":[{"@type":"Article","@id":"https:\/\/kunmedierne.dk\/mors\/venstre-politiker-siger-stop-flyt-udvalgsmoeder-vaek-fra-normal-arbejdstid\/#article","isPartOf":{"@id":"https:\/\/kunmedierne.dk\/mors\/venstre-politiker-siger-stop-flyt-udvalgsmoeder-vaek-fra-normal-arbejdstid\/"},"author":{"name":"David H\u00f8jmark","@id":"https:\/\/kunmedierne.dk\/mors\/#\/schema\/person\/5fe23251bf1d0abbcdc6f7896579d548"},"headline":"Venstre-politiker siger stop: &#8211; Flyt udvalgsm\u00f8der v\u00e6k fra normal arbejdstid","datePublished":"2021-06-09T08:47:27+00:00","dateModified":"2024-08-07T12:45:42+00:00","mainEntityOfPage":{"@id":"https:\/\/kunmedierne.dk\/mors\/venstre-politiker-siger-stop-flyt-udvalgsmoeder-vaek-fra-normal-arbejdstid\/"},"wordCount":1228,"commentCount":0,"publisher":{"@id":"https:\/\/kunmedierne.dk\/mors\/#organization"},"image":{"@id":"https:\/\/kunmedierne.dk\/mors\/venstre-politiker-siger-stop-flyt-udvalgsmoeder-vaek-fra-normal-arbejdstid\/#primaryimage"},"thumbnailUrl":"https:\/\/kunmedierne.dk\/mors\/wp-content\/uploads\/2021\/06\/0-debat-henrik-jensen.jpg","keywords":["Politik"],"articleSection":["Lokalt"],"inLanguage":"da-DK","potentialAction":[{"@type":"CommentAction","name":"Comment","target":["https:\/\/kunmedierne.dk\/mors\/venstre-politiker-siger-stop-flyt-udvalgsmoeder-vaek-fra-normal-arbejdstid\/#respond"]}]},{"@type":"WebPage","@id":"https:\/\/kunmedierne.dk\/mors\/venstre-politiker-siger-stop-flyt-udvalgsmoeder-vaek-fra-normal-arbejdstid\/","url":"https:\/\/kunmedierne.dk\/mors\/venstre-politiker-siger-stop-flyt-udvalgsmoeder-vaek-fra-normal-arbejdstid\/","name":"Venstre-politiker siger stop: - Flyt udvalgsm\u00f8der v\u00e6k fra normal arbejdstid - Mors","isPartOf":{"@id":"https:\/\/kunmedierne.dk\/mors\/#website"},"primaryImageOfPage":{"@id":"https:\/\/kunmedierne.dk\/mors\/venstre-politiker-siger-stop-flyt-udvalgsmoeder-vaek-fra-normal-arbejdstid\/#primaryimage"},"image":{"@id":"https:\/\/kunmedierne.dk\/mors\/venstre-politiker-siger-stop-flyt-udvalgsmoeder-vaek-fra-normal-arbejdstid\/#primaryimage"},"thumbnailUrl":"https:\/\/kunmedierne.dk\/mors\/wp-content\/uploads\/2021\/06\/0-debat-henrik-jensen.jpg","datePublished":"2021-06-09T08:47:27+00:00","dateModified":"2024-08-07T12:45:42+00:00","breadcrumb":{"@id":"https:\/\/kunmedierne.dk\/mors\/venstre-politiker-siger-stop-flyt-udvalgsmoeder-vaek-fra-normal-arbejdstid\/#breadcrumb"},"inLanguage":"da-DK","potentialAction":[{"@type":"ReadAction","target":["https:\/\/kunmedierne.dk\/mors\/venstre-politiker-siger-stop-flyt-udvalgsmoeder-vaek-fra-normal-arbejdstid\/"]}]},{"@type":"ImageObject","inLanguage":"da-DK","@id":"https:\/\/kunmedierne.dk\/mors\/venstre-politiker-siger-stop-flyt-udvalgsmoeder-vaek-fra-normal-arbejdstid\/#primaryimage","url":"https:\/\/kunmedierne.dk\/mors\/wp-content\/uploads\/2021\/06\/0-debat-henrik-jensen.jpg","contentUrl":"https:\/\/kunmedierne.dk\/mors\/wp-content\/uploads\/2021\/06\/0-debat-henrik-jensen.jpg","width":770,"height":513,"caption":"Henrik Jensen. Foto: Per Bech\/Mors\u00f8 Kommune."},{"@type":"BreadcrumbList","@id":"https:\/\/kunmedierne.dk\/mors\/venstre-politiker-siger-stop-flyt-udvalgsmoeder-vaek-fra-normal-arbejdstid\/#breadcrumb","itemListElement":[{"@type":"ListItem","position":1,"name":"Hjem","item":"https:\/\/kunmedierne.dk\/mors\/"},{"@type":"ListItem","position":2,"name":"Venstre-politiker siger stop: &#8211; Flyt udvalgsm\u00f8der v\u00e6k fra normal arbejdstid"}]},{"@type":"WebSite","@id":"https:\/\/kunmedierne.dk\/mors\/#website","url":"https:\/\/kunmedierne.dk\/mors\/","name":"Mors","description":"et netmedie med journalistik om livet p\u00e5 Mors","publisher":{"@id":"https:\/\/kunmedierne.dk\/mors\/#organization"},"potentialAction":[{"@type":"SearchAction","target":{"@type":"EntryPoint","urlTemplate":"https:\/\/kunmedierne.dk\/mors\/?s={search_term_string}"},"query-input":{"@type":"PropertyValueSpecification","valueRequired":true,"valueName":"search_term_string"}}],"inLanguage":"da-DK"},{"@type":"Organization","@id":"https:\/\/kunmedierne.dk\/mors\/#organization","name":"Mors","url":"https:\/\/kunmedierne.dk\/mors\/","logo":{"@type":"ImageObject","inLanguage":"da-DK","@id":"https:\/\/kunmedierne.dk\/mors\/#\/schema\/logo\/image\/","url":"https:\/\/kunmedierne.dk\/mors\/wp-content\/uploads\/2024\/08\/kunmors-logo.svg","contentUrl":"https:\/\/kunmedierne.dk\/mors\/wp-content\/uploads\/2024\/08\/kunmors-logo.svg","caption":"Mors"},"image":{"@id":"https:\/\/kunmedierne.dk\/mors\/#\/schema\/logo\/image\/"}},{"@type":"Person","@id":"https:\/\/kunmedierne.dk\/mors\/#\/schema\/person\/5fe23251bf1d0abbcdc6f7896579d548","name":"David H\u00f8jmark","image":{"@type":"ImageObject","inLanguage":"da-DK","@id":"https:\/\/kunmedierne.dk\/mors\/#\/schema\/person\/image\/","url":"https:\/\/secure.gravatar.com\/avatar\/4315d6fb9ef244d729989f5f90268eb08d5bf8a3d84402f595fa194bb35784fd?s=96&d=mm&r=g","contentUrl":"https:\/\/secure.gravatar.com\/avatar\/4315d6fb9ef244d729989f5f90268eb08d5bf8a3d84402f595fa194bb35784fd?s=96&d=mm&r=g","caption":"David H\u00f8jmark"},"sameAs":["https:\/\/www.kunmedierne.dk"],"url":"https:\/\/kunmedierne.dk\/mors\/author\/david\/"}]}},"_links":{"self":[{"href":"https:\/\/kunmedierne.dk\/mors\/wp-json\/wp\/v2\/posts\/46574","targetHints":{"allow":["GET"]}}],"collection":[{"href":"https:\/\/kunmedierne.dk\/mors\/wp-json\/wp\/v2\/posts"}],"about":[{"href":"https:\/\/kunmedierne.dk\/mors\/wp-json\/wp\/v2\/types\/post"}],"author":[{"embeddable":true,"href":"https:\/\/kunmedierne.dk\/mors\/wp-json\/wp\/v2\/users\/8"}],"replies":[{"embeddable":true,"href":"https:\/\/kunmedierne.dk\/mors\/wp-json\/wp\/v2\/comments?post=46574"}],"version-history":[{"count":4,"href":"https:\/\/kunmedierne.dk\/mors\/wp-json\/wp\/v2\/posts\/46574\/revisions"}],"predecessor-version":[{"id":46630,"href":"https:\/\/kunmedierne.dk\/mors\/wp-json\/wp\/v2\/posts\/46574\/revisions\/46630"}],"wp:featuredmedia":[{"embeddable":true,"href":"https:\/\/kunmedierne.dk\/mors\/wp-json\/wp\/v2\/media\/46580"}],"wp:attachment":[{"href":"https:\/\/kunmedierne.dk\/mors\/wp-json\/wp\/v2\/media?parent=46574"}],"wp:term":[{"taxonomy":"category","embeddable":true,"href":"https:\/\/kunmedierne.dk\/mors\/wp-json\/wp\/v2\/categories?post=46574"},{"taxonomy":"post_tag","embeddable":true,"href":"https:\/\/kunmedierne.dk\/mors\/wp-json\/wp\/v2\/tags?post=46574"}],"curies":[{"name":"wp","href":"https:\/\/api.w.org\/{rel}","templated":true}]}}