{"id":46489,"date":"2021-06-07T15:55:53","date_gmt":"2021-06-07T13:55:53","guid":{"rendered":"https:\/\/kunmedierne.dk\/mors\/?p=46489"},"modified":"2024-08-07T14:45:43","modified_gmt":"2024-08-07T12:45:43","slug":"borgmester-i-grundlovstale-har-vi-mistet-troen-paa-at-det-nytter-at-raabe-op","status":"publish","type":"post","link":"https:\/\/kunmedierne.dk\/mors\/borgmester-i-grundlovstale-har-vi-mistet-troen-paa-at-det-nytter-at-raabe-op\/","title":{"rendered":"Borgmester i grundlovstale: &#8211; Har vi mistet troen p\u00e5, at det nytter at r\u00e5be op?"},"content":{"rendered":"<p><strong>EJERSLEV<\/strong>:\u00a0Er den frie presse ved at miste mulighed for at kigge magthaverne over skuldrene i en stramt styret medieverden?<\/p>\n<p>Det var et af sp\u00f8rgsm\u00e5lene, borgmester Hans Ejner Bertelsen (V) stillede sig selv og de fremm\u00f8dte, da Venstre Mors l\u00f8rdag markerede grundlovsdag ved Ejerslev Havn.<\/p>\n<p>I sin ottende grundlovstale som \u00f8ens borgmester \u00e5bnede Hans Ejner Bertelsen med at tale om coronaen og dens konsekvenser \u2013 og tog s\u00e5 udgangspunkt i en personlig observation, han havde gjort sig, da han en dag stod i k\u00f8 til en coronatest.<\/p>\n<p>Et ungt par havde af en poder f\u00e5et h\u00f8jlydt besked p\u00e5 at placere sig p\u00e5 hvert sit kryds, hvilket de havde adlydt med \u00f8jeblikkelig omhu. <a href=\"https:\/\/konpap.dk\/\"><img loading=\"lazy\" decoding=\"async\" class=\"alignright size-full wp-image-42326\" src=\"https:\/\/kunmedierne.dk\/mors\/wp-content\/uploads\/2021\/03\/te10.jpg\" alt=\"\" width=\"1400\" height=\"125\" srcset=\"https:\/\/kunmedierne.dk\/mors\/wp-content\/uploads\/2021\/03\/te10.jpg 1400w, https:\/\/kunmedierne.dk\/mors\/wp-content\/uploads\/2021\/03\/te10-300x27.jpg 300w, https:\/\/kunmedierne.dk\/mors\/wp-content\/uploads\/2021\/03\/te10-1024x91.jpg 1024w, https:\/\/kunmedierne.dk\/mors\/wp-content\/uploads\/2021\/03\/te10-768x69.jpg 768w, https:\/\/kunmedierne.dk\/mors\/wp-content\/uploads\/2021\/03\/te10-600x54.jpg 600w\" sizes=\"auto, (max-width: 1400px) 100vw, 1400px\" \/><\/a><\/p>\n<p>\u201dHvis vi lige t\u00e6nker efter, er situationen jo n\u00e6rmest grotesk: Et ungt par, som \u2013 helt tydeligt \u2013 er vant til at v\u00e6re i n\u00e6rkontakt, hopper pludselig rundt og stiller sig artigt p\u00e5 et kryds, lavet af malertape p\u00e5 gulvet. Uden at kny, for regler er jo regler,\u201d sagde Hans Ejner Bertelsen, som erkl\u00e6rede sig enig i, at s\u00e5dan var det \u2013 og at coronarestriktionerne har f\u00f8rt nationen igennem de mest kritiske faser i pandemien.<\/p>\n<p>\u201dMen t\u00e6nk lige p\u00e5, hvor hurtigt vi som frihedselskende mennesker underl\u00e6gger os restriktioner og regels\u00e6t uden s\u00e5 meget som at l\u00f8fte et \u00f8jenbryn. Det er n\u00e6sten skr\u00e6mmende,\u201d l\u00f8d det.<\/p>\n<p>&nbsp;<\/p>\n<p><strong>En meget uhyggelig tanke<\/strong><\/p>\n<p>Talen gik derefter over i, hvad det kan f\u00f8re til, hvis en befolkning f\u00f8lger regler og anvisninger alene p\u00e5 grund af et h\u00f8jere form\u00e5l, som er besluttet af magthaverne.<\/p>\n<p>\u201dI yderste konsekvens en meget uhyggelig tanke,\u201d sagde Hans Ejner Bertelsen, som ikke med n\u00e6vnte konkrete eksempler p\u00e5 regeringens h\u00e5ndtering af coronakrisen, men som alligevel lod det skinne igennem, at han ikke s\u00e5 alle tiltag som v\u00e6rende skabt i samme \u00e5nd som det demokrati, man fejrer hvert \u00e5r p\u00e5 grundlovsdag. <a href=\"https:\/\/www.sparv.dk\/\"><img loading=\"lazy\" decoding=\"async\" class=\"alignright size-full wp-image-42461\" src=\"https:\/\/kunmedierne.dk\/mors\/wp-content\/uploads\/2021\/03\/te11.jpg\" alt=\"\" width=\"1400\" height=\"125\" srcset=\"https:\/\/kunmedierne.dk\/mors\/wp-content\/uploads\/2021\/03\/te11.jpg 1400w, https:\/\/kunmedierne.dk\/mors\/wp-content\/uploads\/2021\/03\/te11-300x27.jpg 300w, https:\/\/kunmedierne.dk\/mors\/wp-content\/uploads\/2021\/03\/te11-1024x91.jpg 1024w, https:\/\/kunmedierne.dk\/mors\/wp-content\/uploads\/2021\/03\/te11-768x69.jpg 768w, https:\/\/kunmedierne.dk\/mors\/wp-content\/uploads\/2021\/03\/te11-600x54.jpg 600w\" sizes=\"auto, (max-width: 1400px) 100vw, 1400px\" \/><\/a><\/p>\n<p>\u201dVi har under corona-pandemien alligevel oplevet, at der blev truffet hurtige, politiske beslutninger, som har haft enorme konsekvenser for mange mennesker, og som efter min vurdering ikke altid er blevet tilstr\u00e6kkeligt grundigt debatteret af vores folketing. Ja, i flere enkelte tilf\u00e6lde har beslutningerne heller ikke har v\u00e6ret tilstr\u00e6kkeligt funderet i de relevante love og regler,\u201d l\u00f8d det.<\/p>\n<p>&nbsp;<\/p>\n<p><strong>Stramt styret medieverden<\/strong><\/p>\n<p>Mod sin tales slutning fandt Hans Ejner Bertelsen et historisk perspektiv, da han udtalte sig imponeret over, hvordan fremsynede mennesker i 1849 havde formuleret regler, der ogs\u00e5 er rettesnor for demokratiet i dag.<\/p>\n<p>Men han advarede ogs\u00e5 om situation med en fri presse i en stramt styret medieverden med pressemeddelelser frem for fri adgang til magthaverne. <a href=\"https:\/\/thistedkloakservice.dk\/\"><img loading=\"lazy\" decoding=\"async\" class=\"alignright size-full wp-image-46119\" src=\"https:\/\/kunmedierne.dk\/mors\/wp-content\/uploads\/2021\/06\/te12.jpg\" alt=\"\" width=\"1400\" height=\"125\" srcset=\"https:\/\/kunmedierne.dk\/mors\/wp-content\/uploads\/2021\/06\/te12.jpg 1400w, https:\/\/kunmedierne.dk\/mors\/wp-content\/uploads\/2021\/06\/te12-300x27.jpg 300w, https:\/\/kunmedierne.dk\/mors\/wp-content\/uploads\/2021\/06\/te12-1024x91.jpg 1024w, https:\/\/kunmedierne.dk\/mors\/wp-content\/uploads\/2021\/06\/te12-768x69.jpg 768w, https:\/\/kunmedierne.dk\/mors\/wp-content\/uploads\/2021\/06\/te12-600x54.jpg 600w\" sizes=\"auto, (max-width: 1400px) 100vw, 1400px\" \/><\/a><\/p>\n<p>Det gjorde han med sp\u00f8rgsm\u00e5lene:<\/p>\n<p>&#8220;Har vi mistet troen p\u00e5, at det nytter at r\u00e5be op? Er der her et omr\u00e5de, de m\u00e6nd og kvinder, der skrev grundloven, ikke kunne forudse ville blive muligt og blive en realitet?&#8221;<\/p>\n<p>Du kan l\u00e6se Hans Ejner Bertelsens grundlovstale i sin fulde l\u00e6ngde l\u00e6ngere nede p\u00e5 siden.<\/p>\n<p><img loading=\"lazy\" decoding=\"async\" class=\"alignright size-full wp-image-46491\" src=\"https:\/\/kunmedierne.dk\/mors\/wp-content\/uploads\/2021\/06\/Grundlovsdag-2021-Nr-01.jpg\" alt=\"\" width=\"770\" height=\"514\" srcset=\"https:\/\/kunmedierne.dk\/mors\/wp-content\/uploads\/2021\/06\/Grundlovsdag-2021-Nr-01.jpg 770w, https:\/\/kunmedierne.dk\/mors\/wp-content\/uploads\/2021\/06\/Grundlovsdag-2021-Nr-01-300x200.jpg 300w, https:\/\/kunmedierne.dk\/mors\/wp-content\/uploads\/2021\/06\/Grundlovsdag-2021-Nr-01-768x513.jpg 768w, https:\/\/kunmedierne.dk\/mors\/wp-content\/uploads\/2021\/06\/Grundlovsdag-2021-Nr-01-360x240.jpg 360w, https:\/\/kunmedierne.dk\/mors\/wp-content\/uploads\/2021\/06\/Grundlovsdag-2021-Nr-01-600x401.jpg 600w\" sizes=\"auto, (max-width: 770px) 100vw, 770px\" \/><\/p>\n<hr \/>\n<h4><\/h4>\n<h4>Grundlovstalen 2021 fra borgmester Hans Ejner Bertelsen (V).<\/h4>\n<p>Tak for invitationen og for muligheden for at holde tale p\u00e5 denne demokratiets festdag.<\/p>\n<p>Den 4. maj, den 23. juni og den 5. juni har vi st\u00e6rke traditioner.<\/p>\n<p>Den 4. maj mindes vi stille de tapre d\u00f8de. Dem vi skylder, at vi i dag kan fejre VORES grundlov.<\/p>\n<p>Den 23. juni hygger vi os ved en tradition, der egentlig er alvorlig nok, og som jo egentlig burde minde os om, at selv i Danmark har vi brutale henrettelser p\u00e5 b\u00e5let p\u00e5 samvittigheden.<\/p>\n<p>Men den 5. juni, grundlovsdag, er dagen, hvor vi s\u00e6tter fokus p\u00e5 vor frihed og sk\u00e6rper bevidstheden om, at det absolut ikke er en selvf\u00f8lge, at vi har ret til frit at t\u00e6nke, tro og tale.<\/p>\n<p>Hvis man bare \u00e9n dag om \u00e5ret skal have lov til at f\u00f8le sig heldig \u2013 s\u00e5 er det i dag. <a href=\"https:\/\/www.fmspks.dk\/\"><img loading=\"lazy\" decoding=\"async\" class=\"alignright size-full wp-image-42295\" src=\"https:\/\/kunmedierne.dk\/mors\/wp-content\/uploads\/2021\/03\/te1.jpg\" alt=\"\" width=\"1400\" height=\"125\" srcset=\"https:\/\/kunmedierne.dk\/mors\/wp-content\/uploads\/2021\/03\/te1.jpg 1400w, https:\/\/kunmedierne.dk\/mors\/wp-content\/uploads\/2021\/03\/te1-300x27.jpg 300w, https:\/\/kunmedierne.dk\/mors\/wp-content\/uploads\/2021\/03\/te1-1024x91.jpg 1024w, https:\/\/kunmedierne.dk\/mors\/wp-content\/uploads\/2021\/03\/te1-768x69.jpg 768w, https:\/\/kunmedierne.dk\/mors\/wp-content\/uploads\/2021\/03\/te1-600x54.jpg 600w\" sizes=\"auto, (max-width: 1400px) 100vw, 1400px\" \/><\/a><\/p>\n<p>Grundlovsdag er dagen, hvor vi som borgere i et frit, demokratisk land skal minde os selv og andre om, at vores frihed ikke er en selvf\u00f8lge.<\/p>\n<p>Vi bor i et land, hvor vi som noget helt grundl\u00e6ggende har frihedsrettigheder, borgere i andre lande m\u00e5 k\u00e6mpe for. Frihedsrettigheder, som tr\u00e6des under fode mange steder, n\u00e5r valgte magthavere ikke forst\u00e5r eller glemmer, at magten forpligter.<\/p>\n<p>Og her er det vigtigt at l\u00e6gge m\u00e6rke til ordet <em>grundl\u00e6ggende<\/em>. For vi har godt nok de n\u00e6vnte friheder \u2013 men de har v\u00e6ret sat p\u00e5 pr\u00f8ve i mere end et \u00e5r. Et \u00e5r, hvor vi som samfund har v\u00e6ret voldsomt udfordret af en modstander, vi aldrig har m\u00f8dt f\u00f8r, men som p\u00e5 kort tid kom til at s\u00e6tte pr\u00e6g p\u00e5 n\u00e6sten alle aspekter af vores hverdag. For os alle har corona-epidemien betydet omv\u00e6ltninger, og for mange har pandemien v\u00e6ret en trussel mod liv og helbred. For andre har det betydet lukning af virksomheder og mistede jobs.<\/p>\n<p>Ingen her er ukendt med konsekvenserne af corona-pandemien. De har fyldt medierne og vores samtaler i m\u00e5nedsvis. <a href=\"https:\/\/vester-begr.dk\"><img loading=\"lazy\" decoding=\"async\" class=\"alignright size-full wp-image-44958\" src=\"https:\/\/kunmedierne.dk\/mors\/wp-content\/uploads\/2021\/05\/te2ny.jpg\" alt=\"\" width=\"1400\" height=\"125\" srcset=\"https:\/\/kunmedierne.dk\/mors\/wp-content\/uploads\/2021\/05\/te2ny.jpg 1400w, https:\/\/kunmedierne.dk\/mors\/wp-content\/uploads\/2021\/05\/te2ny-300x27.jpg 300w, https:\/\/kunmedierne.dk\/mors\/wp-content\/uploads\/2021\/05\/te2ny-1024x91.jpg 1024w, https:\/\/kunmedierne.dk\/mors\/wp-content\/uploads\/2021\/05\/te2ny-768x69.jpg 768w, https:\/\/kunmedierne.dk\/mors\/wp-content\/uploads\/2021\/05\/te2ny-600x54.jpg 600w\" sizes=\"auto, (max-width: 1400px) 100vw, 1400px\" \/><\/a><\/p>\n<p>Jeg ville egentlig ikke give coronaen en s\u00e5 tydelig plads i min grundlovstale, men m\u00e5 erkende, at det ikke kan undg\u00e5s.<\/p>\n<p>En mere skjult konsekvens af corona-tiden har optaget mig gennem nogen tid, og den mener jeg ogs\u00e5 er v\u00e6rd at dv\u00e6le ved i dag.<\/p>\n<p>Jeg stod i k\u00f8 til en test, da det slog mig, hvordan vores almindelige adf\u00e6rd n\u00e6sten um\u00e6rkeligt er blevet p\u00e5virket af de mange restriktioner, der er v\u00e6ltet ned over os i mere end et \u00e5r. Foran mig stod et ungt par, som n\u00e5ede frem der, hvor man bliver kaldt hen til poderne. De stod sammen \u2013 men fik af en ung poder h\u00f8jlydt at vide, at de \u201dskulle stille sig p\u00e5 hver sit kryds p\u00e5 gulvet\u201d. Det fik de to unge til n\u00e6rmest at springe fra hinanden og artigt stille sig som anvist.<\/p>\n<p>Hvis vi lige t\u00e6nker efter, er situationen jo n\u00e6rmest grotesk: Et ungt par, som \u2013 helt tydeligt \u2013 er vant til at v\u00e6re i n\u00e6rkontakt, hopper pludselig rundt og stiller sig artigt p\u00e5 et kryds lavet af malertape p\u00e5 gulvet. Uden at kny, for regler er jo regler. <a href=\"https:\/\/vognmand-filtenborg.dk\/\"><img loading=\"lazy\" decoding=\"async\" class=\"alignright size-full wp-image-42300\" src=\"https:\/\/kunmedierne.dk\/mors\/wp-content\/uploads\/2021\/03\/te3.jpg\" alt=\"\" width=\"1400\" height=\"125\" srcset=\"https:\/\/kunmedierne.dk\/mors\/wp-content\/uploads\/2021\/03\/te3.jpg 1400w, https:\/\/kunmedierne.dk\/mors\/wp-content\/uploads\/2021\/03\/te3-300x27.jpg 300w, https:\/\/kunmedierne.dk\/mors\/wp-content\/uploads\/2021\/03\/te3-1024x91.jpg 1024w, https:\/\/kunmedierne.dk\/mors\/wp-content\/uploads\/2021\/03\/te3-768x69.jpg 768w, https:\/\/kunmedierne.dk\/mors\/wp-content\/uploads\/2021\/03\/te3-600x54.jpg 600w\" sizes=\"auto, (max-width: 1400px) 100vw, 1400px\" \/><\/a><\/p>\n<p>Det sidste er jeg enig i. Og jeg er ikke i tvivl om, at restriktionerne har v\u00e6ret med til \u2013 trods alt \u2013 at f\u00e5 os gennem pandemiens mest kritiske faser uden helt fatale sundhedsm\u00e6ssige katastrofer.<\/p>\n<p>Men t\u00e6nk lige p\u00e5, hvor hurtigt vi som frihedselskende mennesker underl\u00e6gger os restriktioner og regels\u00e6t uden s\u00e5 meget som at l\u00f8fte et \u00f8jenbryn. Det er n\u00e6sten skr\u00e6mmende.<\/p>\n<p>Vi g\u00f8r det selvf\u00f8lgelig i f\u00e6lles interesse og for samfundets bedste. Fordi det tjener et h\u00f8jere form\u00e5l. Et form\u00e5l, som er besluttet af magthavere og myndigheder, der her p\u00e5tager sig et enormt ansvar.<\/p>\n<p>T\u00e6nk p\u00e5, hvad magthavere, der er knap s\u00e5 ansvarlige, kan s\u00e6tte i gang i en befolkning, som f\u00f8lger regler og anvisninger \u201dfordi magthaverne fort\u00e6ller dem, det tjener et h\u00f8jere form\u00e5l\u201d. Eller at det er p\u00e5 grund af en uden v\u00e6lds fjende. Det synger vi faktisk selv om i midsommervisen. <a href=\"https:\/\/www.sparnord.dk\/filialer\/nykoebing-mors\/\"><img loading=\"lazy\" decoding=\"async\" class=\"alignright size-full wp-image-42301\" src=\"https:\/\/kunmedierne.dk\/mors\/wp-content\/uploads\/2021\/03\/te4.jpg\" alt=\"\" width=\"1400\" height=\"123\" srcset=\"https:\/\/kunmedierne.dk\/mors\/wp-content\/uploads\/2021\/03\/te4.jpg 1400w, https:\/\/kunmedierne.dk\/mors\/wp-content\/uploads\/2021\/03\/te4-300x26.jpg 300w, https:\/\/kunmedierne.dk\/mors\/wp-content\/uploads\/2021\/03\/te4-1024x90.jpg 1024w, https:\/\/kunmedierne.dk\/mors\/wp-content\/uploads\/2021\/03\/te4-768x67.jpg 768w, https:\/\/kunmedierne.dk\/mors\/wp-content\/uploads\/2021\/03\/te4-600x53.jpg 600w\" sizes=\"auto, (max-width: 1400px) 100vw, 1400px\" \/><\/a><\/p>\n<p>I yderste konsekvens en meget uhyggelig tanke.<\/p>\n<p>Der er vi heldigvis ikke i Danmark. Slet ikke. Men vi har under corona-pandemien alligevel oplevet, at der blev truffet hurtige, politiske beslutninger, som har haft enorme konsekvenser for mange mennesker, og som efter min vurdering ikke altid er blevet tilstr\u00e6kkeligt grundigt debatteret af vores Folketing. Ja, i flere enkelte tilf\u00e6lde har beslutningerne heller ikke har v\u00e6ret tilstr\u00e6kkeligt funderet i de relevante love og regler. Og selv en borgmester har v\u00e6ret udstyret med udvidede bef\u00f8jelser under pandemien. P\u00e5 et lavt niveau, men alligevel. Vi har endda oplevet meget store, n\u00e6sten epokeg\u00f8rende politiske beslutninger, som efter nogens vurdering end ikke har v\u00e6ret i pagt med Danmarks Riges Grundlov.<\/p>\n<p>Nu kan vi heldigvis begynde at se tilbage p\u00e5 de sv\u00e6reste m\u00e5neder og fornemme, at vi er p\u00e5 vej mod normale tilstande. <a href=\"http:\/\/www.limfjordsteatret.dk\/#front\"><img loading=\"lazy\" decoding=\"async\" class=\"alignright size-full wp-image-42313\" src=\"https:\/\/kunmedierne.dk\/mors\/wp-content\/uploads\/2021\/03\/te5.jpg\" alt=\"\" width=\"1400\" height=\"125\" srcset=\"https:\/\/kunmedierne.dk\/mors\/wp-content\/uploads\/2021\/03\/te5.jpg 1400w, https:\/\/kunmedierne.dk\/mors\/wp-content\/uploads\/2021\/03\/te5-300x27.jpg 300w, https:\/\/kunmedierne.dk\/mors\/wp-content\/uploads\/2021\/03\/te5-1024x91.jpg 1024w, https:\/\/kunmedierne.dk\/mors\/wp-content\/uploads\/2021\/03\/te5-768x69.jpg 768w, https:\/\/kunmedierne.dk\/mors\/wp-content\/uploads\/2021\/03\/te5-600x54.jpg 600w\" sizes=\"auto, (max-width: 1400px) 100vw, 1400px\" \/><\/a><\/p>\n<p>For mig st\u00e5r det seneste \u00e5r p\u00e5 mange m\u00e5der i et lidt uvirkeligt sk\u00e6r, i hvert fald rent politisk. Normale beslutningsprocesser og kutymer har til dels v\u00e6ret sat ud af kraft, vi har som befolkning i h\u00f8j grad v\u00e6ret styret af restriktioner og af stramme regler, som vi har fulgt uden altid at forst\u00e5 meningen med dem. Og vi har ikke vidst, om det, vi gjorde, var tilstr\u00e6kkeligt til at bek\u00e6mpe coronaen. Den slags skaber utryghed, ja ligefrem frygt, og det kan f\u00e5 os til at vogte p\u00e5 hinanden p\u00e5 en temmelig \u201du-dansk\u201d m\u00e5de. En meget anderledes tid, kan man vist roligt sige.<\/p>\n<p>S\u00e5 der er p\u00e5 mange m\u00e5der vendt op og ned p\u00e5 vores m\u00e5de at leve og omg\u00e5s hinanden p\u00e5, og i dag, hvor vi hylder den frihed, vi har som borgere i Danmark, skal vi m\u00e5ske ogs\u00e5 t\u00e6nke p\u00e5, hvor langt vi som enkeltindivider kan og vil g\u00e5. Min f\u00f8rste reaktion var \u201dNEJ, d\u00e6l\u2019me nej\u201d, da der p\u00e5 et tidspunkt var forlydender om, at regeringen ville indf\u00f8re et udgangsforbud i Danmark. D\u00e9r gik min gr\u00e6nse!<\/p>\n<p>Jeg kan naturligvis ikke som hverken borgmester eller ansvarlig samfundsborger opfordre til civil ulydighed eller selvt\u00e6gt. Slet ikke. Men jeg synes, vi skylder os selv at overveje, <em>hvorn\u00e5r<\/em> vi siger fra over for et system, som \u2013 i den velkendte bedste mening \u2013 piller alvorligt ved de frihedsgrader, vi som borgere i Danmark tager for givet. <a href=\"https:\/\/www.braendselsforeningen.dk\/\"><img loading=\"lazy\" decoding=\"async\" class=\"alignright size-full wp-image-42314\" src=\"https:\/\/kunmedierne.dk\/mors\/wp-content\/uploads\/2021\/03\/te6.jpg\" alt=\"\" width=\"1425\" height=\"127\" srcset=\"https:\/\/kunmedierne.dk\/mors\/wp-content\/uploads\/2021\/03\/te6.jpg 1425w, https:\/\/kunmedierne.dk\/mors\/wp-content\/uploads\/2021\/03\/te6-300x27.jpg 300w, https:\/\/kunmedierne.dk\/mors\/wp-content\/uploads\/2021\/03\/te6-1024x91.jpg 1024w, https:\/\/kunmedierne.dk\/mors\/wp-content\/uploads\/2021\/03\/te6-768x68.jpg 768w, https:\/\/kunmedierne.dk\/mors\/wp-content\/uploads\/2021\/03\/te6-600x53.jpg 600w\" sizes=\"auto, (max-width: 1425px) 100vw, 1425px\" \/><\/a><\/p>\n<p>Og her er vi ved et andet kernepunkt: Vi tager jo netop vores frihed for givet. Det kan de ikke i mange andre lande, hvor borgere med liv og f\u00f8rlighed som indsats siger fra over for et system, der tromler den enkelte. Vi har for nylig set et eksempel i Hviderusland, hvor et ungt menneske har fundet sin personlige gr\u00e6nse og har sagt fra. Han kommer til at betale en h\u00f8j pris i kampen for den frihed, vi her i Danmark tager som en selvf\u00f8lge. Hans \u2013 og mange andres \u2013 eksempel viser os, hvad vi har at miste i Danmark.<\/p>\n<p>I Danmark er vi ikke i n\u00e6rheden af de politiske magt-demonstrationer, vi her taler om. Men det seneste \u00e5rs tid har &#8211; ogs\u00e5 i vores fredelige land &#8211; tydeliggjort den magt, der kan ligge i det politiske system, n\u00e5r og hvis man som politiker \u00f8nsker at <em>bruge<\/em> magten.<\/p>\n<p>Forl\u00f8bet under coronaen f\u00e5r det ogs\u00e5 til at st\u00e5 klart, at det at blive udstyret med bef\u00f8jelser og magt kr\u00e6ver ydmyghed og forst\u00e5else for det meget store ansvar, der er forbundet med at f\u00e5 magten lagt i h\u00e6nderne.<\/p>\n<p>Toppolitikere i et demokratisk land er forpligtet af ansvaret for, at alle kan blive h\u00f8rt og af ansvaret for, at magten ud\u00f8ves med ordentlighed og \u00e5benhed. Ogs\u00e5 n\u00e5r kriser truer, og der skal tr\u00e6ffes hurtige beslutninger. Her m\u00e5 man ikke forfalde til effektive genveje gennem den demokratiske proces. G\u00f8r man det, kan man som politiker v\u00e6re p\u00e5 vej ud ad en glidebane, der kan f\u00f8re til magt-blindhed og til manglende respekt for v\u00e6lgerne, ja for selve demokratiet. <a href=\"https:\/\/morsoe-begravelsesforretning.dk\/\"><img loading=\"lazy\" decoding=\"async\" class=\"alignright size-full wp-image-42315\" src=\"https:\/\/kunmedierne.dk\/mors\/wp-content\/uploads\/2021\/03\/te7.jpg\" alt=\"\" width=\"1425\" height=\"127\" srcset=\"https:\/\/kunmedierne.dk\/mors\/wp-content\/uploads\/2021\/03\/te7.jpg 1425w, https:\/\/kunmedierne.dk\/mors\/wp-content\/uploads\/2021\/03\/te7-300x27.jpg 300w, https:\/\/kunmedierne.dk\/mors\/wp-content\/uploads\/2021\/03\/te7-1024x91.jpg 1024w, https:\/\/kunmedierne.dk\/mors\/wp-content\/uploads\/2021\/03\/te7-768x68.jpg 768w, https:\/\/kunmedierne.dk\/mors\/wp-content\/uploads\/2021\/03\/te7-600x53.jpg 600w\" sizes=\"auto, (max-width: 1425px) 100vw, 1425px\" \/><\/a><\/p>\n<p>I 1849 blev Grundloven \u00e6ndret, s\u00e5 vi gik fra enev\u00e6lde til folkestyre.<\/p>\n<p>Der var 80 paragraffer, da man startede forhandlingerne. Der var 100, da man fandt sammen i et forlig, som kongen kunne underskrive den 5. juni 1849.<\/p>\n<p>Vi justerede den i 1915, s\u00e5 kvinder og tjenestefolk fik stemmeret, og samtidig gjorde vi det vanskeligere at \u00e6ndre i grundloven fremadrettet.<\/p>\n<p>Igen i 1920 \u00e6ndrede vi grundloven, da vi fik S\u00f8nderjylland tilbage og samtidig indlemmede en del af Slesvig.<\/p>\n<p>Det er vist sidste gang, Danmark har f\u00e5et nye territorier under vore vinger.<\/p>\n<p>Og igen i 1953 skete der \u00e6ndringer. Is\u00e6r husker vi indf\u00f8relsen af kvindelig arveret til tronen, men vi afskaffede faktisk ogs\u00e5 Landsstinget og fjernede Gr\u00f8nlands kolonistatus og gjorde det til et amt i stedet.<\/p>\n<p>1849-loven havde D.G. Monrad og Orla Lehmann som hovedforfattere, men andre kloge og indsigtsfulde personer har utvivlsomt bidraget.<\/p>\n<p>Og jeg t\u00e6nker, at ved de efterf\u00f8lgende \u00e6ndringer er det ogs\u00e5 kloge og dygtige og forudseende personer, der st\u00e5r bag. <a href=\"https:\/\/www.sparthy.dk\/\"><img loading=\"lazy\" decoding=\"async\" class=\"alignright size-full wp-image-42323\" src=\"https:\/\/kunmedierne.dk\/mors\/wp-content\/uploads\/2021\/03\/te8.jpg\" alt=\"\" width=\"1400\" height=\"125\" srcset=\"https:\/\/kunmedierne.dk\/mors\/wp-content\/uploads\/2021\/03\/te8.jpg 1400w, https:\/\/kunmedierne.dk\/mors\/wp-content\/uploads\/2021\/03\/te8-300x27.jpg 300w, https:\/\/kunmedierne.dk\/mors\/wp-content\/uploads\/2021\/03\/te8-1024x91.jpg 1024w, https:\/\/kunmedierne.dk\/mors\/wp-content\/uploads\/2021\/03\/te8-768x69.jpg 768w, https:\/\/kunmedierne.dk\/mors\/wp-content\/uploads\/2021\/03\/te8-600x54.jpg 600w\" sizes=\"auto, (max-width: 1400px) 100vw, 1400px\" \/><\/a><\/p>\n<p>Og hvorfor n\u00e6vner jeg s\u00e5 det?<\/p>\n<p>Det g\u00f8r jeg, fordi de har p\u00e5taget sig en k\u00e6mpestor opgave og et k\u00e6mpestort ansvar, da de gik i gang med opgaven.<\/p>\n<p>T\u00e6nk at de turde. Uden en h\u00e6r af spindoktorer og r\u00e5dgivere \u2013 og uden meningsm\u00e5linger om, hvad der er popul\u00e6rt lige akkurat i dag, uden kendskab til Twitter og likes p\u00e5 Facebook.<\/p>\n<p>De tog fat p\u00e5 opgaven med en lyst og mod til at skabe det bedste grundlag for Danmark og danskerne i mange \u00e5r frem.<\/p>\n<p>Jeg misunder dem ikke for opgaven, men s\u00e5 meget desto mere beundrer jeg dem for at turde og ville g\u00f8re det.<\/p>\n<p>Og t\u00e6nk en fremsynethed. T\u00e6nk, at de dengang kunne udf\u00e6rdige et regels\u00e6t, som den dag i dag er en rettesnor og styrende for det politiske arbejde i vores folketing. Og t\u00e6nk, at de endda kunne t\u00e6nke sig frem til, hvad man som politiker m\u00e5 st\u00e5 stille op til, hvis et flertal af ens kolleger mener, man har overtr\u00e5dt reglerne. En rigsret er fint instrument \u2013 men ogs\u00e5 meget tungt og alvorligt skridt at tage. Et v\u00e6rkt\u00f8j, der ikke m\u00e5 sv\u00e6kkes og som skal bruges med objektivitet og stor varsomhed. <img loading=\"lazy\" decoding=\"async\" class=\"alignright size-full wp-image-42324\" src=\"https:\/\/kunmedierne.dk\/mors\/wp-content\/uploads\/2021\/03\/te9.jpg\" alt=\"\" width=\"1400\" height=\"125\" srcset=\"https:\/\/kunmedierne.dk\/mors\/wp-content\/uploads\/2021\/03\/te9.jpg 1400w, https:\/\/kunmedierne.dk\/mors\/wp-content\/uploads\/2021\/03\/te9-300x27.jpg 300w, https:\/\/kunmedierne.dk\/mors\/wp-content\/uploads\/2021\/03\/te9-1024x91.jpg 1024w, https:\/\/kunmedierne.dk\/mors\/wp-content\/uploads\/2021\/03\/te9-768x69.jpg 768w, https:\/\/kunmedierne.dk\/mors\/wp-content\/uploads\/2021\/03\/te9-600x54.jpg 600w\" sizes=\"auto, (max-width: 1400px) 100vw, 1400px\" \/><\/p>\n<p>Og g\u00e5r vi udenlands, m\u00e5 man nok sige, at f\u00e6drene til den amerikanske grundlov m\u00e5 have v\u00e6ret mere end almindeligt forudseende, n\u00e5r de kunne skrive, s\u00e5 selv en Trump m\u00e5tte erkende at tweets og Fake News kom til kort til sidst. Han m\u00e5tte, om ikke erkende nederlaget, s\u00e5 erkende at hans dage i Det Hvide Hus var talte.<\/p>\n<p>En vigtig del af et frit samfund og et \u00e5bent samfund er en fri og uafh\u00e6ngig presse.<\/p>\n<p>En presse, der har adgang til magthaverne, og som ikke spises af med en pressemeddelelse stukket i h\u00e5nden eller i indbakken. Eller med tilladelse til to sp\u00f8rgsm\u00e5l p\u00e5 en stramt styret pressekonference.<\/p>\n<p>Nej, en fri presse, der kan kigge magthaverne over skulderen, og som kan m\u00f8de magthaverne uden sn\u00e6rende regler.<\/p>\n<p>Er vi ved at miste den mulighed i en stram styret medieverden?<\/p>\n<p>Er vi ved at udvikle os til nyttige idioter, der k\u00f8ber p\u00e5stande der gentages s\u00e5 ofte, at de ender som sandheder?<\/p>\n<p>Har vi mistet troen p\u00e5, at det nytter at r\u00e5be op?<\/p>\n<p>Er der her et omr\u00e5de, de m\u00e6nd og kvinder, der skrev grundloven, ikke kunne forudse ville blive muligt og blive en realitet?<\/p>\n<p>Her er midlet m\u00e5ske ogs\u00e5, at s\u00e5vel mediefolk som politikere tager en snak med sig selv om, hvad de vil v\u00e6re med til. Hvor deres gr\u00e6nse g\u00e5r. <a href=\"https:\/\/konpap.dk\/\"><img loading=\"lazy\" decoding=\"async\" class=\"alignright size-full wp-image-42326\" src=\"https:\/\/kunmedierne.dk\/mors\/wp-content\/uploads\/2021\/03\/te10.jpg\" alt=\"\" width=\"1400\" height=\"125\" srcset=\"https:\/\/kunmedierne.dk\/mors\/wp-content\/uploads\/2021\/03\/te10.jpg 1400w, https:\/\/kunmedierne.dk\/mors\/wp-content\/uploads\/2021\/03\/te10-300x27.jpg 300w, https:\/\/kunmedierne.dk\/mors\/wp-content\/uploads\/2021\/03\/te10-1024x91.jpg 1024w, https:\/\/kunmedierne.dk\/mors\/wp-content\/uploads\/2021\/03\/te10-768x69.jpg 768w, https:\/\/kunmedierne.dk\/mors\/wp-content\/uploads\/2021\/03\/te10-600x54.jpg 600w\" sizes=\"auto, (max-width: 1400px) 100vw, 1400px\" \/><\/a><\/p>\n<p>Det vil v\u00e6re sundt, hvis politikerne generobrede dagsordenen og ikke lod medierne bestemme, hvad vi skal dr\u00f8fte i dag. Og det vil v\u00e6re gavnligt for demokratiet, hvis mediefolkene mindede ministrene om, at ordet \u201dminister\u201d betyder \u201dtjener\u201d \u2013 og at man som minister altid skal have modet stille sig op foran medierne for at tale til borgerne.<\/p>\n<p>For mit vedkommende vil den enkeltes frihed, det at vi s\u00e6tter mennesket f\u00f8r systemet, og at vi arbejder for at placere ansvaret i det yderste b\u00e6redygtige led, aldrig kunne overtrumfes af nok s\u00e5 meget spin.<\/p>\n<p>Selv om det m\u00e5ske er gammeldags og ikke passer ret godt til moderne, spin-drevet politik, h\u00e5ber jeg \u2013 som jeg har sagt f\u00f8r \u2013 at dyder som mod, m\u00e5dehold, visdom og retf\u00e6rdighed stadig og for altid vil v\u00e6re ledetr\u00e5de for de politikere, der f\u00e5r ansvar og f\u00e5r lov til at arbejde inden for rammerne af en klog og st\u00e6rk grundlov. <a href=\"https:\/\/www.sparv.dk\/\"><img loading=\"lazy\" decoding=\"async\" class=\"alignright size-full wp-image-46119\" src=\"https:\/\/kunmedierne.dk\/mors\/wp-content\/uploads\/2021\/06\/te12.jpg\" alt=\"\" width=\"1400\" height=\"125\" srcset=\"https:\/\/kunmedierne.dk\/mors\/wp-content\/uploads\/2021\/06\/te12.jpg 1400w, https:\/\/kunmedierne.dk\/mors\/wp-content\/uploads\/2021\/06\/te12-300x27.jpg 300w, https:\/\/kunmedierne.dk\/mors\/wp-content\/uploads\/2021\/06\/te12-1024x91.jpg 1024w, https:\/\/kunmedierne.dk\/mors\/wp-content\/uploads\/2021\/06\/te12-768x69.jpg 768w, https:\/\/kunmedierne.dk\/mors\/wp-content\/uploads\/2021\/06\/te12-600x54.jpg 600w\" sizes=\"auto, (max-width: 1400px) 100vw, 1400px\" \/><\/a><\/p>\n<p>&nbsp;<\/p>\n<blockquote>\n<h3>F\u00e5 KunMors som din lokale avis!<\/h3>\n<h4>Tilmeld dig nyhedsbrevet nederst p\u00e5 siden. S\u00e5 modtager du hver dag lige efter klokken 17 en e-mail med overblik over det seneste d\u00f8gns artikler.<\/h4>\n<h4>Nyhedsbrevet er gratis for b\u00e5de abonnenter og ikke-abonnenter.<\/h4>\n<\/blockquote>\n","protected":false},"excerpt":{"rendered":"<p>EJERSLEV:\u00a0Er den frie presse ved at miste mulighed for at kigge magthaverne over skuldrene i en stramt styret medieverden? Det var et af sp\u00f8rgsm\u00e5lene, borgmester Hans Ejner Bertelsen (V) stillede sig selv og de fremm\u00f8dte, da Venstre Mors l\u00f8rdag markerede grundlovsdag ved Ejerslev Havn. I sin ottende grundlovstale som \u00f8ens borgmester \u00e5bnede Hans Ejner Bertelsen [&hellip;]<\/p>\n","protected":false},"author":8,"featured_media":46490,"comment_status":"open","ping_status":"open","sticky":false,"template":"","format":"standard","meta":{"_acf_changed":false,"footnotes":""},"categories":[51],"tags":[167],"class_list":["post-46489","post","type-post","status-publish","format-standard","has-post-thumbnail","hentry","category-lokalt","tag-politik"],"acf":[],"yoast_head":"<!-- This site is optimized with the Yoast SEO plugin v26.8 - https:\/\/yoast.com\/product\/yoast-seo-wordpress\/ -->\n<title>Borgmester i grundlovstale: - Har vi mistet troen p\u00e5, at det nytter at r\u00e5be op? - Mors<\/title>\n<meta name=\"robots\" content=\"index, follow, max-snippet:-1, max-image-preview:large, max-video-preview:-1\" \/>\n<link rel=\"canonical\" href=\"https:\/\/kunmedierne.dk\/mors\/borgmester-i-grundlovstale-har-vi-mistet-troen-paa-at-det-nytter-at-raabe-op\/\" \/>\n<meta property=\"og:locale\" content=\"da_DK\" \/>\n<meta property=\"og:type\" content=\"article\" \/>\n<meta property=\"og:title\" content=\"Borgmester i grundlovstale: - Har vi mistet troen p\u00e5, at det nytter at r\u00e5be op? - Mors\" \/>\n<meta property=\"og:description\" content=\"EJERSLEV:\u00a0Er den frie presse ved at miste mulighed for at kigge magthaverne over skuldrene i en stramt styret medieverden? Det var et af sp\u00f8rgsm\u00e5lene, borgmester Hans Ejner Bertelsen (V) stillede sig selv og de fremm\u00f8dte, da Venstre Mors l\u00f8rdag markerede grundlovsdag ved Ejerslev Havn. I sin ottende grundlovstale som \u00f8ens borgmester \u00e5bnede Hans Ejner Bertelsen [&hellip;]\" \/>\n<meta property=\"og:url\" content=\"https:\/\/kunmedierne.dk\/mors\/borgmester-i-grundlovstale-har-vi-mistet-troen-paa-at-det-nytter-at-raabe-op\/\" \/>\n<meta property=\"og:site_name\" content=\"Mors\" \/>\n<meta property=\"article:published_time\" content=\"2021-06-07T13:55:53+00:00\" \/>\n<meta property=\"article:modified_time\" content=\"2024-08-07T12:45:43+00:00\" \/>\n<meta property=\"og:image\" content=\"https:\/\/kunmedierne.dk\/mors\/wp-content\/uploads\/2021\/06\/Grundlovsdag-2021-Nr-05.jpg\" \/>\n\t<meta property=\"og:image:width\" content=\"770\" \/>\n\t<meta property=\"og:image:height\" content=\"514\" \/>\n\t<meta property=\"og:image:type\" content=\"image\/jpeg\" \/>\n<meta name=\"author\" content=\"David H\u00f8jmark\" \/>\n<meta name=\"twitter:card\" content=\"summary_large_image\" \/>\n<meta name=\"twitter:label1\" content=\"Skrevet af\" \/>\n\t<meta name=\"twitter:data1\" content=\"David H\u00f8jmark\" \/>\n\t<meta name=\"twitter:label2\" content=\"Estimeret l\u00e6setid\" \/>\n\t<meta name=\"twitter:data2\" content=\"14 minutter\" \/>\n<script type=\"application\/ld+json\" class=\"yoast-schema-graph\">{\"@context\":\"https:\/\/schema.org\",\"@graph\":[{\"@type\":\"Article\",\"@id\":\"https:\/\/kunmedierne.dk\/mors\/borgmester-i-grundlovstale-har-vi-mistet-troen-paa-at-det-nytter-at-raabe-op\/#article\",\"isPartOf\":{\"@id\":\"https:\/\/kunmedierne.dk\/mors\/borgmester-i-grundlovstale-har-vi-mistet-troen-paa-at-det-nytter-at-raabe-op\/\"},\"author\":{\"name\":\"David H\u00f8jmark\",\"@id\":\"https:\/\/kunmedierne.dk\/mors\/#\/schema\/person\/5fe23251bf1d0abbcdc6f7896579d548\"},\"headline\":\"Borgmester i grundlovstale: &#8211; Har vi mistet troen p\u00e5, at det nytter at r\u00e5be op?\",\"datePublished\":\"2021-06-07T13:55:53+00:00\",\"dateModified\":\"2024-08-07T12:45:43+00:00\",\"mainEntityOfPage\":{\"@id\":\"https:\/\/kunmedierne.dk\/mors\/borgmester-i-grundlovstale-har-vi-mistet-troen-paa-at-det-nytter-at-raabe-op\/\"},\"wordCount\":2733,\"commentCount\":0,\"publisher\":{\"@id\":\"https:\/\/kunmedierne.dk\/mors\/#organization\"},\"image\":{\"@id\":\"https:\/\/kunmedierne.dk\/mors\/borgmester-i-grundlovstale-har-vi-mistet-troen-paa-at-det-nytter-at-raabe-op\/#primaryimage\"},\"thumbnailUrl\":\"https:\/\/kunmedierne.dk\/mors\/wp-content\/uploads\/2021\/06\/Grundlovsdag-2021-Nr-05.jpg\",\"keywords\":[\"Politik\"],\"articleSection\":[\"Lokalt\"],\"inLanguage\":\"da-DK\",\"potentialAction\":[{\"@type\":\"CommentAction\",\"name\":\"Comment\",\"target\":[\"https:\/\/kunmedierne.dk\/mors\/borgmester-i-grundlovstale-har-vi-mistet-troen-paa-at-det-nytter-at-raabe-op\/#respond\"]}]},{\"@type\":\"WebPage\",\"@id\":\"https:\/\/kunmedierne.dk\/mors\/borgmester-i-grundlovstale-har-vi-mistet-troen-paa-at-det-nytter-at-raabe-op\/\",\"url\":\"https:\/\/kunmedierne.dk\/mors\/borgmester-i-grundlovstale-har-vi-mistet-troen-paa-at-det-nytter-at-raabe-op\/\",\"name\":\"Borgmester i grundlovstale: - Har vi mistet troen p\u00e5, at det nytter at r\u00e5be op? - Mors\",\"isPartOf\":{\"@id\":\"https:\/\/kunmedierne.dk\/mors\/#website\"},\"primaryImageOfPage\":{\"@id\":\"https:\/\/kunmedierne.dk\/mors\/borgmester-i-grundlovstale-har-vi-mistet-troen-paa-at-det-nytter-at-raabe-op\/#primaryimage\"},\"image\":{\"@id\":\"https:\/\/kunmedierne.dk\/mors\/borgmester-i-grundlovstale-har-vi-mistet-troen-paa-at-det-nytter-at-raabe-op\/#primaryimage\"},\"thumbnailUrl\":\"https:\/\/kunmedierne.dk\/mors\/wp-content\/uploads\/2021\/06\/Grundlovsdag-2021-Nr-05.jpg\",\"datePublished\":\"2021-06-07T13:55:53+00:00\",\"dateModified\":\"2024-08-07T12:45:43+00:00\",\"breadcrumb\":{\"@id\":\"https:\/\/kunmedierne.dk\/mors\/borgmester-i-grundlovstale-har-vi-mistet-troen-paa-at-det-nytter-at-raabe-op\/#breadcrumb\"},\"inLanguage\":\"da-DK\",\"potentialAction\":[{\"@type\":\"ReadAction\",\"target\":[\"https:\/\/kunmedierne.dk\/mors\/borgmester-i-grundlovstale-har-vi-mistet-troen-paa-at-det-nytter-at-raabe-op\/\"]}]},{\"@type\":\"ImageObject\",\"inLanguage\":\"da-DK\",\"@id\":\"https:\/\/kunmedierne.dk\/mors\/borgmester-i-grundlovstale-har-vi-mistet-troen-paa-at-det-nytter-at-raabe-op\/#primaryimage\",\"url\":\"https:\/\/kunmedierne.dk\/mors\/wp-content\/uploads\/2021\/06\/Grundlovsdag-2021-Nr-05.jpg\",\"contentUrl\":\"https:\/\/kunmedierne.dk\/mors\/wp-content\/uploads\/2021\/06\/Grundlovsdag-2021-Nr-05.jpg\",\"width\":770,\"height\":514,\"caption\":\"Borgmester Hans Ejner Bertelsen (V) holdt sin grundlovstale 2021 ved Ejerslev Havn.\"},{\"@type\":\"BreadcrumbList\",\"@id\":\"https:\/\/kunmedierne.dk\/mors\/borgmester-i-grundlovstale-har-vi-mistet-troen-paa-at-det-nytter-at-raabe-op\/#breadcrumb\",\"itemListElement\":[{\"@type\":\"ListItem\",\"position\":1,\"name\":\"Hjem\",\"item\":\"https:\/\/kunmedierne.dk\/mors\/\"},{\"@type\":\"ListItem\",\"position\":2,\"name\":\"Borgmester i grundlovstale: &#8211; Har vi mistet troen p\u00e5, at det nytter at r\u00e5be op?\"}]},{\"@type\":\"WebSite\",\"@id\":\"https:\/\/kunmedierne.dk\/mors\/#website\",\"url\":\"https:\/\/kunmedierne.dk\/mors\/\",\"name\":\"Mors\",\"description\":\"et netmedie med journalistik om livet p\u00e5 Mors\",\"publisher\":{\"@id\":\"https:\/\/kunmedierne.dk\/mors\/#organization\"},\"potentialAction\":[{\"@type\":\"SearchAction\",\"target\":{\"@type\":\"EntryPoint\",\"urlTemplate\":\"https:\/\/kunmedierne.dk\/mors\/?s={search_term_string}\"},\"query-input\":{\"@type\":\"PropertyValueSpecification\",\"valueRequired\":true,\"valueName\":\"search_term_string\"}}],\"inLanguage\":\"da-DK\"},{\"@type\":\"Organization\",\"@id\":\"https:\/\/kunmedierne.dk\/mors\/#organization\",\"name\":\"Mors\",\"url\":\"https:\/\/kunmedierne.dk\/mors\/\",\"logo\":{\"@type\":\"ImageObject\",\"inLanguage\":\"da-DK\",\"@id\":\"https:\/\/kunmedierne.dk\/mors\/#\/schema\/logo\/image\/\",\"url\":\"https:\/\/kunmedierne.dk\/mors\/wp-content\/uploads\/2024\/08\/kunmors-logo.svg\",\"contentUrl\":\"https:\/\/kunmedierne.dk\/mors\/wp-content\/uploads\/2024\/08\/kunmors-logo.svg\",\"caption\":\"Mors\"},\"image\":{\"@id\":\"https:\/\/kunmedierne.dk\/mors\/#\/schema\/logo\/image\/\"}},{\"@type\":\"Person\",\"@id\":\"https:\/\/kunmedierne.dk\/mors\/#\/schema\/person\/5fe23251bf1d0abbcdc6f7896579d548\",\"name\":\"David H\u00f8jmark\",\"image\":{\"@type\":\"ImageObject\",\"inLanguage\":\"da-DK\",\"@id\":\"https:\/\/kunmedierne.dk\/mors\/#\/schema\/person\/image\/\",\"url\":\"https:\/\/secure.gravatar.com\/avatar\/4315d6fb9ef244d729989f5f90268eb08d5bf8a3d84402f595fa194bb35784fd?s=96&d=mm&r=g\",\"contentUrl\":\"https:\/\/secure.gravatar.com\/avatar\/4315d6fb9ef244d729989f5f90268eb08d5bf8a3d84402f595fa194bb35784fd?s=96&d=mm&r=g\",\"caption\":\"David H\u00f8jmark\"},\"sameAs\":[\"https:\/\/www.kunmedierne.dk\"],\"url\":\"https:\/\/kunmedierne.dk\/mors\/author\/david\/\"}]}<\/script>\n<!-- \/ Yoast SEO plugin. -->","yoast_head_json":{"title":"Borgmester i grundlovstale: - Har vi mistet troen p\u00e5, at det nytter at r\u00e5be op? - Mors","robots":{"index":"index","follow":"follow","max-snippet":"max-snippet:-1","max-image-preview":"max-image-preview:large","max-video-preview":"max-video-preview:-1"},"canonical":"https:\/\/kunmedierne.dk\/mors\/borgmester-i-grundlovstale-har-vi-mistet-troen-paa-at-det-nytter-at-raabe-op\/","og_locale":"da_DK","og_type":"article","og_title":"Borgmester i grundlovstale: - Har vi mistet troen p\u00e5, at det nytter at r\u00e5be op? - Mors","og_description":"EJERSLEV:\u00a0Er den frie presse ved at miste mulighed for at kigge magthaverne over skuldrene i en stramt styret medieverden? Det var et af sp\u00f8rgsm\u00e5lene, borgmester Hans Ejner Bertelsen (V) stillede sig selv og de fremm\u00f8dte, da Venstre Mors l\u00f8rdag markerede grundlovsdag ved Ejerslev Havn. I sin ottende grundlovstale som \u00f8ens borgmester \u00e5bnede Hans Ejner Bertelsen [&hellip;]","og_url":"https:\/\/kunmedierne.dk\/mors\/borgmester-i-grundlovstale-har-vi-mistet-troen-paa-at-det-nytter-at-raabe-op\/","og_site_name":"Mors","article_published_time":"2021-06-07T13:55:53+00:00","article_modified_time":"2024-08-07T12:45:43+00:00","og_image":[{"width":770,"height":514,"url":"https:\/\/kunmedierne.dk\/mors\/wp-content\/uploads\/2021\/06\/Grundlovsdag-2021-Nr-05.jpg","type":"image\/jpeg"}],"author":"David H\u00f8jmark","twitter_card":"summary_large_image","twitter_misc":{"Skrevet af":"David H\u00f8jmark","Estimeret l\u00e6setid":"14 minutter"},"schema":{"@context":"https:\/\/schema.org","@graph":[{"@type":"Article","@id":"https:\/\/kunmedierne.dk\/mors\/borgmester-i-grundlovstale-har-vi-mistet-troen-paa-at-det-nytter-at-raabe-op\/#article","isPartOf":{"@id":"https:\/\/kunmedierne.dk\/mors\/borgmester-i-grundlovstale-har-vi-mistet-troen-paa-at-det-nytter-at-raabe-op\/"},"author":{"name":"David H\u00f8jmark","@id":"https:\/\/kunmedierne.dk\/mors\/#\/schema\/person\/5fe23251bf1d0abbcdc6f7896579d548"},"headline":"Borgmester i grundlovstale: &#8211; Har vi mistet troen p\u00e5, at det nytter at r\u00e5be op?","datePublished":"2021-06-07T13:55:53+00:00","dateModified":"2024-08-07T12:45:43+00:00","mainEntityOfPage":{"@id":"https:\/\/kunmedierne.dk\/mors\/borgmester-i-grundlovstale-har-vi-mistet-troen-paa-at-det-nytter-at-raabe-op\/"},"wordCount":2733,"commentCount":0,"publisher":{"@id":"https:\/\/kunmedierne.dk\/mors\/#organization"},"image":{"@id":"https:\/\/kunmedierne.dk\/mors\/borgmester-i-grundlovstale-har-vi-mistet-troen-paa-at-det-nytter-at-raabe-op\/#primaryimage"},"thumbnailUrl":"https:\/\/kunmedierne.dk\/mors\/wp-content\/uploads\/2021\/06\/Grundlovsdag-2021-Nr-05.jpg","keywords":["Politik"],"articleSection":["Lokalt"],"inLanguage":"da-DK","potentialAction":[{"@type":"CommentAction","name":"Comment","target":["https:\/\/kunmedierne.dk\/mors\/borgmester-i-grundlovstale-har-vi-mistet-troen-paa-at-det-nytter-at-raabe-op\/#respond"]}]},{"@type":"WebPage","@id":"https:\/\/kunmedierne.dk\/mors\/borgmester-i-grundlovstale-har-vi-mistet-troen-paa-at-det-nytter-at-raabe-op\/","url":"https:\/\/kunmedierne.dk\/mors\/borgmester-i-grundlovstale-har-vi-mistet-troen-paa-at-det-nytter-at-raabe-op\/","name":"Borgmester i grundlovstale: - Har vi mistet troen p\u00e5, at det nytter at r\u00e5be op? - Mors","isPartOf":{"@id":"https:\/\/kunmedierne.dk\/mors\/#website"},"primaryImageOfPage":{"@id":"https:\/\/kunmedierne.dk\/mors\/borgmester-i-grundlovstale-har-vi-mistet-troen-paa-at-det-nytter-at-raabe-op\/#primaryimage"},"image":{"@id":"https:\/\/kunmedierne.dk\/mors\/borgmester-i-grundlovstale-har-vi-mistet-troen-paa-at-det-nytter-at-raabe-op\/#primaryimage"},"thumbnailUrl":"https:\/\/kunmedierne.dk\/mors\/wp-content\/uploads\/2021\/06\/Grundlovsdag-2021-Nr-05.jpg","datePublished":"2021-06-07T13:55:53+00:00","dateModified":"2024-08-07T12:45:43+00:00","breadcrumb":{"@id":"https:\/\/kunmedierne.dk\/mors\/borgmester-i-grundlovstale-har-vi-mistet-troen-paa-at-det-nytter-at-raabe-op\/#breadcrumb"},"inLanguage":"da-DK","potentialAction":[{"@type":"ReadAction","target":["https:\/\/kunmedierne.dk\/mors\/borgmester-i-grundlovstale-har-vi-mistet-troen-paa-at-det-nytter-at-raabe-op\/"]}]},{"@type":"ImageObject","inLanguage":"da-DK","@id":"https:\/\/kunmedierne.dk\/mors\/borgmester-i-grundlovstale-har-vi-mistet-troen-paa-at-det-nytter-at-raabe-op\/#primaryimage","url":"https:\/\/kunmedierne.dk\/mors\/wp-content\/uploads\/2021\/06\/Grundlovsdag-2021-Nr-05.jpg","contentUrl":"https:\/\/kunmedierne.dk\/mors\/wp-content\/uploads\/2021\/06\/Grundlovsdag-2021-Nr-05.jpg","width":770,"height":514,"caption":"Borgmester Hans Ejner Bertelsen (V) holdt sin grundlovstale 2021 ved Ejerslev Havn."},{"@type":"BreadcrumbList","@id":"https:\/\/kunmedierne.dk\/mors\/borgmester-i-grundlovstale-har-vi-mistet-troen-paa-at-det-nytter-at-raabe-op\/#breadcrumb","itemListElement":[{"@type":"ListItem","position":1,"name":"Hjem","item":"https:\/\/kunmedierne.dk\/mors\/"},{"@type":"ListItem","position":2,"name":"Borgmester i grundlovstale: &#8211; Har vi mistet troen p\u00e5, at det nytter at r\u00e5be op?"}]},{"@type":"WebSite","@id":"https:\/\/kunmedierne.dk\/mors\/#website","url":"https:\/\/kunmedierne.dk\/mors\/","name":"Mors","description":"et netmedie med journalistik om livet p\u00e5 Mors","publisher":{"@id":"https:\/\/kunmedierne.dk\/mors\/#organization"},"potentialAction":[{"@type":"SearchAction","target":{"@type":"EntryPoint","urlTemplate":"https:\/\/kunmedierne.dk\/mors\/?s={search_term_string}"},"query-input":{"@type":"PropertyValueSpecification","valueRequired":true,"valueName":"search_term_string"}}],"inLanguage":"da-DK"},{"@type":"Organization","@id":"https:\/\/kunmedierne.dk\/mors\/#organization","name":"Mors","url":"https:\/\/kunmedierne.dk\/mors\/","logo":{"@type":"ImageObject","inLanguage":"da-DK","@id":"https:\/\/kunmedierne.dk\/mors\/#\/schema\/logo\/image\/","url":"https:\/\/kunmedierne.dk\/mors\/wp-content\/uploads\/2024\/08\/kunmors-logo.svg","contentUrl":"https:\/\/kunmedierne.dk\/mors\/wp-content\/uploads\/2024\/08\/kunmors-logo.svg","caption":"Mors"},"image":{"@id":"https:\/\/kunmedierne.dk\/mors\/#\/schema\/logo\/image\/"}},{"@type":"Person","@id":"https:\/\/kunmedierne.dk\/mors\/#\/schema\/person\/5fe23251bf1d0abbcdc6f7896579d548","name":"David H\u00f8jmark","image":{"@type":"ImageObject","inLanguage":"da-DK","@id":"https:\/\/kunmedierne.dk\/mors\/#\/schema\/person\/image\/","url":"https:\/\/secure.gravatar.com\/avatar\/4315d6fb9ef244d729989f5f90268eb08d5bf8a3d84402f595fa194bb35784fd?s=96&d=mm&r=g","contentUrl":"https:\/\/secure.gravatar.com\/avatar\/4315d6fb9ef244d729989f5f90268eb08d5bf8a3d84402f595fa194bb35784fd?s=96&d=mm&r=g","caption":"David H\u00f8jmark"},"sameAs":["https:\/\/www.kunmedierne.dk"],"url":"https:\/\/kunmedierne.dk\/mors\/author\/david\/"}]}},"_links":{"self":[{"href":"https:\/\/kunmedierne.dk\/mors\/wp-json\/wp\/v2\/posts\/46489","targetHints":{"allow":["GET"]}}],"collection":[{"href":"https:\/\/kunmedierne.dk\/mors\/wp-json\/wp\/v2\/posts"}],"about":[{"href":"https:\/\/kunmedierne.dk\/mors\/wp-json\/wp\/v2\/types\/post"}],"author":[{"embeddable":true,"href":"https:\/\/kunmedierne.dk\/mors\/wp-json\/wp\/v2\/users\/8"}],"replies":[{"embeddable":true,"href":"https:\/\/kunmedierne.dk\/mors\/wp-json\/wp\/v2\/comments?post=46489"}],"version-history":[{"count":5,"href":"https:\/\/kunmedierne.dk\/mors\/wp-json\/wp\/v2\/posts\/46489\/revisions"}],"predecessor-version":[{"id":46502,"href":"https:\/\/kunmedierne.dk\/mors\/wp-json\/wp\/v2\/posts\/46489\/revisions\/46502"}],"wp:featuredmedia":[{"embeddable":true,"href":"https:\/\/kunmedierne.dk\/mors\/wp-json\/wp\/v2\/media\/46490"}],"wp:attachment":[{"href":"https:\/\/kunmedierne.dk\/mors\/wp-json\/wp\/v2\/media?parent=46489"}],"wp:term":[{"taxonomy":"category","embeddable":true,"href":"https:\/\/kunmedierne.dk\/mors\/wp-json\/wp\/v2\/categories?post=46489"},{"taxonomy":"post_tag","embeddable":true,"href":"https:\/\/kunmedierne.dk\/mors\/wp-json\/wp\/v2\/tags?post=46489"}],"curies":[{"name":"wp","href":"https:\/\/api.w.org\/{rel}","templated":true}]}}