{"id":46406,"date":"2021-06-06T14:30:06","date_gmt":"2021-06-06T12:30:06","guid":{"rendered":"https:\/\/kunmedierne.dk\/mors\/?p=46406"},"modified":"2024-08-07T14:45:43","modified_gmt":"2024-08-07T12:45:43","slug":"jette-jepsen-jeg-kan-sagtens-pege-paa-hans-ejner-bertelsen-som-borgmester","status":"publish","type":"post","link":"https:\/\/kunmedierne.dk\/mors\/jette-jepsen-jeg-kan-sagtens-pege-paa-hans-ejner-bertelsen-som-borgmester\/","title":{"rendered":"Jette Jepsen: &#8211; Jeg kan sagtens pege p\u00e5 Hans Ejner Bertelsen som borgmester"},"content":{"rendered":"<p><strong>MORS<\/strong>: Man kunne n\u00e6sten tro, at der kun var to partier i den lokale valgkamp: Venstre og Socialdemokratiet.<\/p>\n<p>I hvert fald n\u00e5r man kigger p\u00e5 den seneste tids afsl\u00f8ring af kandidater til efter\u00e5rets valg. For de to store partier har valgt samme mediem\u00e6ssige strategi: Pr\u00e6sentation af kandidaterne en for en &#8211; med hyppige pressemeddelelser og erobring af opm\u00e6rksomheden p\u00e5 i hvert fald d\u00e9t omr\u00e5de.<\/p>\n<p>Mere stille er der omkring de \u00f8vrige partier &#8211; for eksempel Radikale Venstre, som ellers er repr\u00e6senteret i kommunalbestyrelsen ved Jette Jepsen. Og som helt tilbage i august sidste \u00e5r <a href=\"https:\/\/kunmedierne.dk\/mors\/tilbage-paa-stemmesedlen-efter-en-pause-paa-16-aar\/\" target=\"_blank\" rel=\"noopener\">pr\u00e6senterede sit hold<\/a> til Kommunalvalg 2021.<\/p>\n<p>&#8220;Det var lige s\u00e5 meget for at sige, at der er liv i de radikale &#8211; og at vi stiller op,&#8221; lyder det fra Jette Jepsen, da KunMors ringer s\u00f8ndag formiddag &#8211; i f\u00f8rste omgang for h\u00f8re, om de radikale har fortrudt, at de ikke g\u00f8r som de to store partier for at skabe lidt mere opm\u00e6rksomhed om deres kandidater. <a href=\"https:\/\/morsoe-begravelsesforretning.dk\/\"><img loading=\"lazy\" decoding=\"async\" class=\"alignright size-full wp-image-42315\" src=\"https:\/\/kunmedierne.dk\/mors\/wp-content\/uploads\/2021\/03\/te7.jpg\" alt=\"\" width=\"1425\" height=\"127\" srcset=\"https:\/\/kunmedierne.dk\/mors\/wp-content\/uploads\/2021\/03\/te7.jpg 1425w, https:\/\/kunmedierne.dk\/mors\/wp-content\/uploads\/2021\/03\/te7-300x27.jpg 300w, https:\/\/kunmedierne.dk\/mors\/wp-content\/uploads\/2021\/03\/te7-1024x91.jpg 1024w, https:\/\/kunmedierne.dk\/mors\/wp-content\/uploads\/2021\/03\/te7-768x68.jpg 768w, https:\/\/kunmedierne.dk\/mors\/wp-content\/uploads\/2021\/03\/te7-600x53.jpg 600w\" sizes=\"auto, (max-width: 1425px) 100vw, 1425px\" \/><\/a><\/p>\n<p>&#8220;Det kunne vi jo godt g\u00f8re, for det er en god m\u00e5de at pr\u00e6sentere hver enkelt. Men vi er jo ikke n\u00f8dvendigvis helt f\u00e6rdige,&#8221; siger hun.<\/p>\n<p>Sagen er nemlig, at en af de fem kandidater fra august sidste \u00e5r, Steen Asgeir Petersen, siden er flyttet til Thisted og derfor ikke stiller op p\u00e5 Mors. S\u00e5 Jette Jepsen vil ikke afvise, at der hen over sommeren kan komme en nyhed fra de radikale p\u00e5 Mors med en ny kandidat.<\/p>\n<p>&#8220;Det kunne der godt g\u00f8re.\u00a0Vi har nogen i kikkerten, som vi g\u00e5r og bager p\u00e5,&#8221; siger hun.<\/p>\n<p>&nbsp;<\/p>\n<p><b>Som store han-hjorte i kamp<\/b><\/p>\n<p>Samtidig fort\u00e6ller hun, at partiet lige s\u00e5 stille arbejder p\u00e5 sit valgprogram &#8211; og at hun s\u00e5dan set har det fint med den m\u00e5de, de to store partier har valgt at pr\u00e6sentere kandidater.<\/p>\n<p>&#8220;Jeg synes, det er en god m\u00e5de, b\u00e5de Venstre og Socialdemokratiet har gjort det. Og det kunne vi godt bruge. Men vi har ikke haft travlt med at g\u00f8re det p\u00e5 nuv\u00e6rende tidspunkt,&#8221; siger hun.<\/p>\n<p><em>Kunne I finde p\u00e5 at g\u00f8re det s\u00e5dan n\u00e6ste gang?<\/em><\/p>\n<p>&#8220;Der er mange m\u00e5der at g\u00f8re det p\u00e5, men jeg har det ogs\u00e5 s\u00e5dan, at man godt kan m\u00e6rke, at de to store partier skruer bissen p\u00e5 over for hinanden i forhold til kandidater. S\u00e5dan har jeg mere set det. Og jeg er jo godt klar over, at det er mest der, borgmestervalget traditionelt set ligger.&#8221; <a href=\"https:\/\/konpap.dk\/\"><img loading=\"lazy\" decoding=\"async\" class=\"alignright size-full wp-image-42326\" src=\"https:\/\/kunmedierne.dk\/mors\/wp-content\/uploads\/2021\/03\/te10.jpg\" alt=\"\" width=\"1400\" height=\"125\" srcset=\"https:\/\/kunmedierne.dk\/mors\/wp-content\/uploads\/2021\/03\/te10.jpg 1400w, https:\/\/kunmedierne.dk\/mors\/wp-content\/uploads\/2021\/03\/te10-300x27.jpg 300w, https:\/\/kunmedierne.dk\/mors\/wp-content\/uploads\/2021\/03\/te10-1024x91.jpg 1024w, https:\/\/kunmedierne.dk\/mors\/wp-content\/uploads\/2021\/03\/te10-768x69.jpg 768w, https:\/\/kunmedierne.dk\/mors\/wp-content\/uploads\/2021\/03\/te10-600x54.jpg 600w\" sizes=\"auto, (max-width: 1400px) 100vw, 1400px\" \/><\/a><\/p>\n<p><em>Er du ikke bange for, at I drukner i det, n\u00e5r de v\u00e6lter frem med den ene kandidat efter den anden &#8211; og at folk glemmer, at I ogs\u00e5 har nogen?<\/em><\/p>\n<p>&#8220;I forhold til, at Radikale Venstre er et lille parti, synes jeg egentlig, vi har v\u00e6ret meget synlige &#8211; b\u00e5de i kommunalbestyrelsen, i forhold til l\u00e6serbreve og i offentligheden. Men det er jo to store partier, og jeg kan godt m\u00e6rke, efter at v\u00e6re g\u00e5et fra et stort parti til et lille, at det er meget anderledes. Det er anden rolle, man kommer til at spille,&#8221; siger Jette Jepsen.<\/p>\n<p>&#8220;Det er lige som hjortene med de store handyr, der skal k\u00e6mpe om borgmesterposten. Det er ikke det, jeg skal, s\u00e5 det er en anden rolle nu,&#8221; siger hun.<\/p>\n<p>&nbsp;<\/p>\n<p><strong>Langer ud efter Socialdemokratiet<\/strong><\/p>\n<p>Jette Jepsen blev valgt ind i kommunalbestyrelsen i 2013. Med 341 stemmer fik hun n\u00e6stflest af de otte Venstre-politikere, der fik plads i kommunalbestyrelsen &#8211; kun overg\u00e5et af borgmester Hans Ejner Bertelsen.<\/p>\n<p>R\u00e6kkef\u00f8lgen gentog sig i 2017, da hun med 434 stemmer fik n\u00e6stflest af denne gang 11 Venstre-mandater. Det var ikke mindst takket v\u00e6re stor opbakning i Karby, hvor hun med 188 stemmer snuppede 64 procent af stemmerne p\u00e5 i alt 19 Venstre-kandidater &#8211; 102 flere end Hans Ejner Bertelsen. <a href=\"https:\/\/www.sparv.dk\/\"><img loading=\"lazy\" decoding=\"async\" class=\"alignright size-full wp-image-42461\" src=\"https:\/\/kunmedierne.dk\/mors\/wp-content\/uploads\/2021\/03\/te11.jpg\" alt=\"\" width=\"1400\" height=\"125\" srcset=\"https:\/\/kunmedierne.dk\/mors\/wp-content\/uploads\/2021\/03\/te11.jpg 1400w, https:\/\/kunmedierne.dk\/mors\/wp-content\/uploads\/2021\/03\/te11-300x27.jpg 300w, https:\/\/kunmedierne.dk\/mors\/wp-content\/uploads\/2021\/03\/te11-1024x91.jpg 1024w, https:\/\/kunmedierne.dk\/mors\/wp-content\/uploads\/2021\/03\/te11-768x69.jpg 768w, https:\/\/kunmedierne.dk\/mors\/wp-content\/uploads\/2021\/03\/te11-600x54.jpg 600w\" sizes=\"auto, (max-width: 1400px) 100vw, 1400px\" \/><\/a><\/p>\n<p>Men to \u00e5r senere fik ikke mindst udl\u00e6ndingepolitikken p\u00e5 landsplan Jette Jepsen til at bryde med sit parti for at blive radikal. Og lige som politik har det med at sl\u00e5 nye drejninger, g\u00f8r interviewet med KunMors det ogs\u00e5, da Jette Jepsen afviser, at Radikale Venstre er overset p\u00e5 grund af de mange pr\u00e6sentationer fra Venstre og Socialdemokratiet.<\/p>\n<p>&#8220;Nej, jeg er ikke bange for, at vi drukner i det, for jeg synes, at vi spiller den rolle, de radikale altid har spillet &#8211; som et st\u00f8tteparti med vores egen politik. Og jeg synes, vi har v\u00e6ret synlige i forhold til den vilde natur. Nu ved jeg godt, at Socialdemokratiet k\u00f8rer p\u00e5 den, men det var jo ikke Tore (Socialdemokratiets gruppeformand Tore M\u00fcller, red.), der syntes, at det var en god ide at v\u00e6re med i &#8216;Danmarks vildeste kommune&#8217; (<a href=\"https:\/\/kunmedierne.dk\/mors\/ros-og-ris-til-borgmesteren-efter-tilmelding-til-konkurrence-om-vild-natur\/\" target=\"_blank\" rel=\"noopener\">national konkurrence om natur<\/a>, red.), da vi italesatte det f\u00f8rste gang p\u00e5 gruppeformandsm\u00f8det. Og i forhold til spr\u00f8jtemidler er det jo ikke det, de har haft for travlt med. S\u00e5 jeg synes, vi har vores egen stemme,&#8221; siger hun. <a href=\"https:\/\/thistedkloakservice.dk\/\"><img loading=\"lazy\" decoding=\"async\" class=\"alignright size-full wp-image-46119\" src=\"https:\/\/kunmedierne.dk\/mors\/wp-content\/uploads\/2021\/06\/te12.jpg\" alt=\"\" width=\"1400\" height=\"125\" srcset=\"https:\/\/kunmedierne.dk\/mors\/wp-content\/uploads\/2021\/06\/te12.jpg 1400w, https:\/\/kunmedierne.dk\/mors\/wp-content\/uploads\/2021\/06\/te12-300x27.jpg 300w, https:\/\/kunmedierne.dk\/mors\/wp-content\/uploads\/2021\/06\/te12-1024x91.jpg 1024w, https:\/\/kunmedierne.dk\/mors\/wp-content\/uploads\/2021\/06\/te12-768x69.jpg 768w, https:\/\/kunmedierne.dk\/mors\/wp-content\/uploads\/2021\/06\/te12-600x54.jpg 600w\" sizes=\"auto, (max-width: 1400px) 100vw, 1400px\" \/><\/a><\/p>\n<p>Jette Jepsen uddyber, at det efter hendes mening er sent, at Socialdemokratiet er kommet med p\u00e5 vognen med natur som valgtema.<\/p>\n<p>&#8220;Jeg tror, at valgkampen rigtig mange steder kommer til at k\u00f8re p\u00e5 natur &#8211; og jeg tror, at rigtig mange partier tager den til sig. Men jeg kan godt undre mig over, at den bliver s\u00e5 stor i deres valgkamp, n\u00e5r den ikke har v\u00e6ret stor i deres politiske arbejde. Det, t\u00e6nker jeg, er lidt sjovt,&#8221; siger hun.<\/p>\n<p>&nbsp;<\/p>\n<p><strong>Burde forlade Socialdemokratiet<\/strong><\/p>\n<p>P\u00e5 samme m\u00e5de langer hun ud efter socialdemokraterne i forhold til politikken p\u00e5 flygtningeomr\u00e5det. Et omr\u00e5de, Tore M\u00fcller for nylig har markeret sig p\u00e5, da han <a href=\"https:\/\/kunmedierne.dk\/mors\/tore-muller-gaar-imod-den-socialdemokratiske-top\/\" target=\"_blank\" rel=\"noopener\">over for KunMors<\/a> sagde fra over for sit partis politik p\u00e5 landsplan.<\/p>\n<p>&#8220;Der har Radikale Venstre jo et st\u00e5sted, hvor vi ikke har flyttet os. Og der synes jeg, at socialdemokraterne flytter sig,&#8221; siger Jette Jepsen og tager udgangspunkt i sit eget farvel til Venstre.<\/p>\n<p>&#8220;Der var jeg jo den, der satte h\u00e6lene i, da Venstre blev mere og mere DF,&#8221; siger hun og beskriver udl\u00e6ndingepolitikken som en af de afg\u00f8rende \u00e5rsager til sit partiskifte. <a href=\"https:\/\/www.fmspks.dk\/\"><img loading=\"lazy\" decoding=\"async\" class=\"alignright size-full wp-image-42295\" src=\"https:\/\/kunmedierne.dk\/mors\/wp-content\/uploads\/2021\/03\/te1.jpg\" alt=\"\" width=\"1400\" height=\"125\" srcset=\"https:\/\/kunmedierne.dk\/mors\/wp-content\/uploads\/2021\/03\/te1.jpg 1400w, https:\/\/kunmedierne.dk\/mors\/wp-content\/uploads\/2021\/03\/te1-300x27.jpg 300w, https:\/\/kunmedierne.dk\/mors\/wp-content\/uploads\/2021\/03\/te1-1024x91.jpg 1024w, https:\/\/kunmedierne.dk\/mors\/wp-content\/uploads\/2021\/03\/te1-768x69.jpg 768w, https:\/\/kunmedierne.dk\/mors\/wp-content\/uploads\/2021\/03\/te1-600x54.jpg 600w\" sizes=\"auto, (max-width: 1400px) 100vw, 1400px\" \/><\/a><\/p>\n<p>&#8220;Det var en meget afg\u00f8rende ting, at jeg havde sv\u00e6rt ved at se mig selv st\u00e5 p\u00e5 m\u00e5l for Venstres v\u00e6rdier, n\u00e5r det ikke var mine v\u00e6rdier &#8211; blandt andet over for vores flygtninge og vores andre medborgere. Der har Socialdemokratiet skiftet paradigme. Og s\u00e5 bliver jeg lidt forvirret, n\u00e5r kandidaterne i kommunalvalget ikke er enige med linjen hos Socialdemokratiet. S\u00e5 bliver jeg forvirret: Hvad er Socialdemokratiet? Og hvad er det, de mener?&#8221;<\/p>\n<p><em>S\u00e5 det er ikke nok for dig, at Tore M\u00fcller g\u00e5r ud og l\u00e6gger klar afstand til flygtningepolitikken?<\/em><\/p>\n<p>&#8220;Nej, jeg har sv\u00e6rt ved at finde ud af, hvad der er vigtigt. For s\u00e5 er det jo en lille ting, som man kan t\u00e5le, n\u00e5r man stadig er socialdemokrat. Det kan ogs\u00e5 v\u00e6re, at man siger det for at beholde nogle stemmer til kommunalvalget, men stadig vil v\u00e6re socialdemokrat og bakke 100 procent op om den socialdemokratiske politik,&#8221; siger Jette Jepsen og forts\u00e6tter: <a href=\"https:\/\/vester-begr.dk\"><img loading=\"lazy\" decoding=\"async\" class=\"alignright size-full wp-image-44958\" src=\"https:\/\/kunmedierne.dk\/mors\/wp-content\/uploads\/2021\/05\/te2ny.jpg\" alt=\"\" width=\"1400\" height=\"125\" srcset=\"https:\/\/kunmedierne.dk\/mors\/wp-content\/uploads\/2021\/05\/te2ny.jpg 1400w, https:\/\/kunmedierne.dk\/mors\/wp-content\/uploads\/2021\/05\/te2ny-300x27.jpg 300w, https:\/\/kunmedierne.dk\/mors\/wp-content\/uploads\/2021\/05\/te2ny-1024x91.jpg 1024w, https:\/\/kunmedierne.dk\/mors\/wp-content\/uploads\/2021\/05\/te2ny-768x69.jpg 768w, https:\/\/kunmedierne.dk\/mors\/wp-content\/uploads\/2021\/05\/te2ny-600x54.jpg 600w\" sizes=\"auto, (max-width: 1400px) 100vw, 1400px\" \/><\/a><\/p>\n<p>&#8220;Man ved jo ogs\u00e5, at de store partier har brug for deres bagland. Og det er der, man virkelig kan presse folketingsgruppen, hvis man som bagland melder fra. Og det synes jeg m\u00e5ske, man skulle g\u00f8re. Det var det, jeg selv gjorde, og det, der er det mest tydelige.&#8221;<\/p>\n<p><em>Alts\u00e5 simpelthen melde sig ud?<\/em><\/p>\n<p>&#8220;Ja, det synes jeg, man skulle.<\/p>\n<p><em>Tore M\u00fcller siger jo, at flygtningepolitikken bare er et af mange politiske omr\u00e5der i partiet &#8211; og at han er enig med partiet p\u00e5 de andre.<\/em><\/p>\n<p>&#8220;Ja, og det er jo hans valg. Nu er jeg jo ikke socialdemokrat, men jeg bliver ikke overbevist. Det \u00e6ndrer ikke den socialdemokratiske linje, at de har et bagland, der&#8230; Jamen, de kan pippe lidt omkring det, men de k\u00f8rer jo derudaf alligevel. Og der synes jeg, at Radikale som st\u00f8tteparti nationalt har en st\u00e6rkere stemme at presse med. Og det er den vej, jeg har valgt at g\u00e5 &#8211; og som jeg er rigtig glad for, at jeg er g\u00e5et.&#8221; <a href=\"https:\/\/vognmand-filtenborg.dk\/\"><img loading=\"lazy\" decoding=\"async\" class=\"alignright size-full wp-image-42300\" src=\"https:\/\/kunmedierne.dk\/mors\/wp-content\/uploads\/2021\/03\/te3.jpg\" alt=\"\" width=\"1400\" height=\"125\" srcset=\"https:\/\/kunmedierne.dk\/mors\/wp-content\/uploads\/2021\/03\/te3.jpg 1400w, https:\/\/kunmedierne.dk\/mors\/wp-content\/uploads\/2021\/03\/te3-300x27.jpg 300w, https:\/\/kunmedierne.dk\/mors\/wp-content\/uploads\/2021\/03\/te3-1024x91.jpg 1024w, https:\/\/kunmedierne.dk\/mors\/wp-content\/uploads\/2021\/03\/te3-768x69.jpg 768w, https:\/\/kunmedierne.dk\/mors\/wp-content\/uploads\/2021\/03\/te3-600x54.jpg 600w\" sizes=\"auto, (max-width: 1400px) 100vw, 1400px\" \/><\/a><\/p>\n<p><em>Du sagde f\u00f8r, at det er en anden rolle, du nu skal spille i et mindre parti. Men det kan jo ogs\u00e5 blive en meget afg\u00f8rende rolle. Det lyder, som om det m\u00e5ske ikke er Socialdemokratiet, du vil pege p\u00e5 til borgmesterposten?<\/em><\/p>\n<p>&#8220;Der vil jeg sige, at jeg er meget radikal. Det vil jeg simpelthen ikke sige p\u00e5 forh\u00e5nd. Det kommer an p\u00e5, hvordan mandaterne og stemmerne falder. Jeg vil kunne pege p\u00e5, hvor jeg synes, vores politik kan f\u00e5 mest indflydelse &#8211; s\u00e5 intet er udelukket p\u00e5 forh\u00e5nd.&#8221;<\/p>\n<p><em>S\u00e5 du vil ogs\u00e5 kunne pege p\u00e5 Hans Ejner Bertelsen, selv om I ikke skiltes helt uden gnidninger?<\/em><\/p>\n<p>&#8220;Det er sj\u00e6ldent, at skilsmisser er lykkelige, men man kan godt blive gode venner senere. Jeg ville sagtens kunne pege p\u00e5 Hans Ejner igen, hvis det kommer dertil. Jeg kunne ogs\u00e5 pege p\u00e5 Tore, hvis det er der, stemmerne falder. Der er jeg en typisk radikal.&#8221;<\/p>\n<p>&nbsp;<\/p>\n<p><strong>Modstander af blokpolitik<\/strong><\/p>\n<p>Jette Jepsen forklarer, at hun foretr\u00e6kker en politisk dagsorden, der er pr\u00e6get af h\u00e5ndv\u00e6rk og vurderinger fra sag til sag &#8211; og at hun har det sv\u00e6rt med blokpolitik.<\/p>\n<p>&#8220;Det kunne jeg ogs\u00e5 m\u00e6rke, da jeg var i Venstre. Selv om man er socialdemokrat, er det ikke altid dumt, hvad der kommer ud af munden p\u00e5 en,&#8221; siger hun.<\/p>\n<p>&#8220;Derfor er jeg s\u00e5 glad for at v\u00e6re radikal. Jeg kan sagtens v\u00e6re enig i en sag med Socialdemokratiet og ikke med Venstre &#8211; men det kan ogs\u00e5 sagtens v\u00e6re fuldst\u00e6ndig omvendt. Det er der ikke noget forkert i. Jeg er modstander af den der blokting med, at man ikke kan arbejde, fordi man enten er bl\u00e5 eller r\u00f8d,&#8221; siger hun. <a href=\"https:\/\/www.sparnord.dk\/filialer\/nykoebing-mors\/\"><img loading=\"lazy\" decoding=\"async\" class=\"alignright size-full wp-image-42301\" src=\"https:\/\/kunmedierne.dk\/mors\/wp-content\/uploads\/2021\/03\/te4.jpg\" alt=\"\" width=\"1400\" height=\"123\" srcset=\"https:\/\/kunmedierne.dk\/mors\/wp-content\/uploads\/2021\/03\/te4.jpg 1400w, https:\/\/kunmedierne.dk\/mors\/wp-content\/uploads\/2021\/03\/te4-300x26.jpg 300w, https:\/\/kunmedierne.dk\/mors\/wp-content\/uploads\/2021\/03\/te4-1024x90.jpg 1024w, https:\/\/kunmedierne.dk\/mors\/wp-content\/uploads\/2021\/03\/te4-768x67.jpg 768w, https:\/\/kunmedierne.dk\/mors\/wp-content\/uploads\/2021\/03\/te4-600x53.jpg 600w\" sizes=\"auto, (max-width: 1400px) 100vw, 1400px\" \/><\/a><\/p>\n<p>&#8220;Det var noget af det, der var irriterende. Fordi man var Venstremand, kunne kan ikke synes, at det var en rigtig god ide, som en socialdemokrat kom med,&#8221; tilf\u00f8jer hun og lader det v\u00e6re et \u00e5bent sp\u00f8rgsm\u00e5l, hvem Radikale Venstre vil st\u00f8tte som borgmester i Mors\u00f8 Kommune i n\u00e6ste valgperiode.<\/p>\n<p>&#8220;Vi ser, hvor det kommer hen p\u00e5 valgnatten &#8211; og hvilke aftaler, vi kan lave,&#8221; siger hun.<\/p>\n<p>L\u00e6s Tore M\u00fcllers svar p\u00e5 Jette Jepsens kritik <a href=\"https:\/\/kunmedierne.dk\/mors\/tore-muller-det-er-noget-eklatant-vroevl\/\" target=\"_blank\" rel=\"noopener\">her<\/a>.<\/p>\n<blockquote>\n<h3>F\u00e5 KunMors som din lokale avis!<\/h3>\n<h4>Tilmeld dig nyhedsbrevet nederst p\u00e5 siden. S\u00e5 modtager du hver dag lige efter klokken 17 en e-mail med overblik over det seneste d\u00f8gns artikler.<\/h4>\n<h4>Nyhedsbrevet er gratis for b\u00e5de abonnenter og ikke-abonnenter.<\/h4>\n<\/blockquote>\n","protected":false},"excerpt":{"rendered":"<p>MORS: Man kunne n\u00e6sten tro, at der kun var to partier i den lokale valgkamp: Venstre og Socialdemokratiet. I hvert fald n\u00e5r man kigger p\u00e5 den seneste tids afsl\u00f8ring af kandidater til efter\u00e5rets valg. For de to store partier har valgt samme mediem\u00e6ssige strategi: Pr\u00e6sentation af kandidaterne en for en &#8211; med hyppige pressemeddelelser og [&hellip;]<\/p>\n","protected":false},"author":8,"featured_media":18975,"comment_status":"open","ping_status":"open","sticky":false,"template":"","format":"standard","meta":{"_acf_changed":false,"footnotes":""},"categories":[51],"tags":[167],"class_list":["post-46406","post","type-post","status-publish","format-standard","has-post-thumbnail","hentry","category-lokalt","tag-politik"],"acf":[],"yoast_head":"<!-- This site is optimized with the Yoast SEO plugin v26.8 - https:\/\/yoast.com\/product\/yoast-seo-wordpress\/ -->\n<title>Jette Jepsen: - Jeg kan sagtens pege p\u00e5 Hans Ejner Bertelsen som borgmester - Mors<\/title>\n<meta name=\"robots\" content=\"index, follow, max-snippet:-1, max-image-preview:large, max-video-preview:-1\" \/>\n<link rel=\"canonical\" href=\"https:\/\/kunmedierne.dk\/mors\/jette-jepsen-jeg-kan-sagtens-pege-paa-hans-ejner-bertelsen-som-borgmester\/\" \/>\n<meta property=\"og:locale\" content=\"da_DK\" \/>\n<meta property=\"og:type\" content=\"article\" \/>\n<meta property=\"og:title\" content=\"Jette Jepsen: - Jeg kan sagtens pege p\u00e5 Hans Ejner Bertelsen som borgmester - Mors\" \/>\n<meta property=\"og:description\" content=\"MORS: Man kunne n\u00e6sten tro, at der kun var to partier i den lokale valgkamp: Venstre og Socialdemokratiet. I hvert fald n\u00e5r man kigger p\u00e5 den seneste tids afsl\u00f8ring af kandidater til efter\u00e5rets valg. For de to store partier har valgt samme mediem\u00e6ssige strategi: Pr\u00e6sentation af kandidaterne en for en &#8211; med hyppige pressemeddelelser og [&hellip;]\" \/>\n<meta property=\"og:url\" content=\"https:\/\/kunmedierne.dk\/mors\/jette-jepsen-jeg-kan-sagtens-pege-paa-hans-ejner-bertelsen-som-borgmester\/\" \/>\n<meta property=\"og:site_name\" content=\"Mors\" \/>\n<meta property=\"article:published_time\" content=\"2021-06-06T12:30:06+00:00\" \/>\n<meta property=\"article:modified_time\" content=\"2024-08-07T12:45:43+00:00\" \/>\n<meta property=\"og:image\" content=\"https:\/\/kunmedierne.dk\/mors\/wp-content\/uploads\/2020\/01\/0-debat-jette-jepsen-R.jpg\" \/>\n\t<meta property=\"og:image:width\" content=\"770\" \/>\n\t<meta property=\"og:image:height\" content=\"513\" \/>\n\t<meta property=\"og:image:type\" content=\"image\/jpeg\" \/>\n<meta name=\"author\" content=\"David H\u00f8jmark\" \/>\n<meta name=\"twitter:card\" content=\"summary_large_image\" \/>\n<meta name=\"twitter:label1\" content=\"Skrevet af\" \/>\n\t<meta name=\"twitter:data1\" content=\"David H\u00f8jmark\" \/>\n\t<meta name=\"twitter:label2\" content=\"Estimeret l\u00e6setid\" \/>\n\t<meta name=\"twitter:data2\" content=\"9 minutter\" \/>\n<script type=\"application\/ld+json\" class=\"yoast-schema-graph\">{\"@context\":\"https:\/\/schema.org\",\"@graph\":[{\"@type\":\"Article\",\"@id\":\"https:\/\/kunmedierne.dk\/mors\/jette-jepsen-jeg-kan-sagtens-pege-paa-hans-ejner-bertelsen-som-borgmester\/#article\",\"isPartOf\":{\"@id\":\"https:\/\/kunmedierne.dk\/mors\/jette-jepsen-jeg-kan-sagtens-pege-paa-hans-ejner-bertelsen-som-borgmester\/\"},\"author\":{\"name\":\"David H\u00f8jmark\",\"@id\":\"https:\/\/kunmedierne.dk\/mors\/#\/schema\/person\/5fe23251bf1d0abbcdc6f7896579d548\"},\"headline\":\"Jette Jepsen: &#8211; Jeg kan sagtens pege p\u00e5 Hans Ejner Bertelsen som borgmester\",\"datePublished\":\"2021-06-06T12:30:06+00:00\",\"dateModified\":\"2024-08-07T12:45:43+00:00\",\"mainEntityOfPage\":{\"@id\":\"https:\/\/kunmedierne.dk\/mors\/jette-jepsen-jeg-kan-sagtens-pege-paa-hans-ejner-bertelsen-som-borgmester\/\"},\"wordCount\":1814,\"commentCount\":0,\"publisher\":{\"@id\":\"https:\/\/kunmedierne.dk\/mors\/#organization\"},\"image\":{\"@id\":\"https:\/\/kunmedierne.dk\/mors\/jette-jepsen-jeg-kan-sagtens-pege-paa-hans-ejner-bertelsen-som-borgmester\/#primaryimage\"},\"thumbnailUrl\":\"https:\/\/kunmedierne.dk\/mors\/wp-content\/uploads\/2020\/01\/0-debat-jette-jepsen-R.jpg\",\"keywords\":[\"Politik\"],\"articleSection\":[\"Lokalt\"],\"inLanguage\":\"da-DK\",\"potentialAction\":[{\"@type\":\"CommentAction\",\"name\":\"Comment\",\"target\":[\"https:\/\/kunmedierne.dk\/mors\/jette-jepsen-jeg-kan-sagtens-pege-paa-hans-ejner-bertelsen-som-borgmester\/#respond\"]}]},{\"@type\":\"WebPage\",\"@id\":\"https:\/\/kunmedierne.dk\/mors\/jette-jepsen-jeg-kan-sagtens-pege-paa-hans-ejner-bertelsen-som-borgmester\/\",\"url\":\"https:\/\/kunmedierne.dk\/mors\/jette-jepsen-jeg-kan-sagtens-pege-paa-hans-ejner-bertelsen-som-borgmester\/\",\"name\":\"Jette Jepsen: - Jeg kan sagtens pege p\u00e5 Hans Ejner Bertelsen som borgmester - Mors\",\"isPartOf\":{\"@id\":\"https:\/\/kunmedierne.dk\/mors\/#website\"},\"primaryImageOfPage\":{\"@id\":\"https:\/\/kunmedierne.dk\/mors\/jette-jepsen-jeg-kan-sagtens-pege-paa-hans-ejner-bertelsen-som-borgmester\/#primaryimage\"},\"image\":{\"@id\":\"https:\/\/kunmedierne.dk\/mors\/jette-jepsen-jeg-kan-sagtens-pege-paa-hans-ejner-bertelsen-som-borgmester\/#primaryimage\"},\"thumbnailUrl\":\"https:\/\/kunmedierne.dk\/mors\/wp-content\/uploads\/2020\/01\/0-debat-jette-jepsen-R.jpg\",\"datePublished\":\"2021-06-06T12:30:06+00:00\",\"dateModified\":\"2024-08-07T12:45:43+00:00\",\"breadcrumb\":{\"@id\":\"https:\/\/kunmedierne.dk\/mors\/jette-jepsen-jeg-kan-sagtens-pege-paa-hans-ejner-bertelsen-som-borgmester\/#breadcrumb\"},\"inLanguage\":\"da-DK\",\"potentialAction\":[{\"@type\":\"ReadAction\",\"target\":[\"https:\/\/kunmedierne.dk\/mors\/jette-jepsen-jeg-kan-sagtens-pege-paa-hans-ejner-bertelsen-som-borgmester\/\"]}]},{\"@type\":\"ImageObject\",\"inLanguage\":\"da-DK\",\"@id\":\"https:\/\/kunmedierne.dk\/mors\/jette-jepsen-jeg-kan-sagtens-pege-paa-hans-ejner-bertelsen-som-borgmester\/#primaryimage\",\"url\":\"https:\/\/kunmedierne.dk\/mors\/wp-content\/uploads\/2020\/01\/0-debat-jette-jepsen-R.jpg\",\"contentUrl\":\"https:\/\/kunmedierne.dk\/mors\/wp-content\/uploads\/2020\/01\/0-debat-jette-jepsen-R.jpg\",\"width\":770,\"height\":513,\"caption\":\"Jette Jepsen (RV). Foto: Per Bech\/Mors\u00f8 Kommune.\"},{\"@type\":\"BreadcrumbList\",\"@id\":\"https:\/\/kunmedierne.dk\/mors\/jette-jepsen-jeg-kan-sagtens-pege-paa-hans-ejner-bertelsen-som-borgmester\/#breadcrumb\",\"itemListElement\":[{\"@type\":\"ListItem\",\"position\":1,\"name\":\"Hjem\",\"item\":\"https:\/\/kunmedierne.dk\/mors\/\"},{\"@type\":\"ListItem\",\"position\":2,\"name\":\"Jette Jepsen: &#8211; Jeg kan sagtens pege p\u00e5 Hans Ejner Bertelsen som borgmester\"}]},{\"@type\":\"WebSite\",\"@id\":\"https:\/\/kunmedierne.dk\/mors\/#website\",\"url\":\"https:\/\/kunmedierne.dk\/mors\/\",\"name\":\"Mors\",\"description\":\"et netmedie med journalistik om livet p\u00e5 Mors\",\"publisher\":{\"@id\":\"https:\/\/kunmedierne.dk\/mors\/#organization\"},\"potentialAction\":[{\"@type\":\"SearchAction\",\"target\":{\"@type\":\"EntryPoint\",\"urlTemplate\":\"https:\/\/kunmedierne.dk\/mors\/?s={search_term_string}\"},\"query-input\":{\"@type\":\"PropertyValueSpecification\",\"valueRequired\":true,\"valueName\":\"search_term_string\"}}],\"inLanguage\":\"da-DK\"},{\"@type\":\"Organization\",\"@id\":\"https:\/\/kunmedierne.dk\/mors\/#organization\",\"name\":\"Mors\",\"url\":\"https:\/\/kunmedierne.dk\/mors\/\",\"logo\":{\"@type\":\"ImageObject\",\"inLanguage\":\"da-DK\",\"@id\":\"https:\/\/kunmedierne.dk\/mors\/#\/schema\/logo\/image\/\",\"url\":\"https:\/\/kunmedierne.dk\/mors\/wp-content\/uploads\/2024\/08\/kunmors-logo.svg\",\"contentUrl\":\"https:\/\/kunmedierne.dk\/mors\/wp-content\/uploads\/2024\/08\/kunmors-logo.svg\",\"caption\":\"Mors\"},\"image\":{\"@id\":\"https:\/\/kunmedierne.dk\/mors\/#\/schema\/logo\/image\/\"}},{\"@type\":\"Person\",\"@id\":\"https:\/\/kunmedierne.dk\/mors\/#\/schema\/person\/5fe23251bf1d0abbcdc6f7896579d548\",\"name\":\"David H\u00f8jmark\",\"image\":{\"@type\":\"ImageObject\",\"inLanguage\":\"da-DK\",\"@id\":\"https:\/\/kunmedierne.dk\/mors\/#\/schema\/person\/image\/\",\"url\":\"https:\/\/secure.gravatar.com\/avatar\/4315d6fb9ef244d729989f5f90268eb08d5bf8a3d84402f595fa194bb35784fd?s=96&d=mm&r=g\",\"contentUrl\":\"https:\/\/secure.gravatar.com\/avatar\/4315d6fb9ef244d729989f5f90268eb08d5bf8a3d84402f595fa194bb35784fd?s=96&d=mm&r=g\",\"caption\":\"David H\u00f8jmark\"},\"sameAs\":[\"https:\/\/www.kunmedierne.dk\"],\"url\":\"https:\/\/kunmedierne.dk\/mors\/author\/david\/\"}]}<\/script>\n<!-- \/ Yoast SEO plugin. -->","yoast_head_json":{"title":"Jette Jepsen: - Jeg kan sagtens pege p\u00e5 Hans Ejner Bertelsen som borgmester - Mors","robots":{"index":"index","follow":"follow","max-snippet":"max-snippet:-1","max-image-preview":"max-image-preview:large","max-video-preview":"max-video-preview:-1"},"canonical":"https:\/\/kunmedierne.dk\/mors\/jette-jepsen-jeg-kan-sagtens-pege-paa-hans-ejner-bertelsen-som-borgmester\/","og_locale":"da_DK","og_type":"article","og_title":"Jette Jepsen: - Jeg kan sagtens pege p\u00e5 Hans Ejner Bertelsen som borgmester - Mors","og_description":"MORS: Man kunne n\u00e6sten tro, at der kun var to partier i den lokale valgkamp: Venstre og Socialdemokratiet. I hvert fald n\u00e5r man kigger p\u00e5 den seneste tids afsl\u00f8ring af kandidater til efter\u00e5rets valg. For de to store partier har valgt samme mediem\u00e6ssige strategi: Pr\u00e6sentation af kandidaterne en for en &#8211; med hyppige pressemeddelelser og [&hellip;]","og_url":"https:\/\/kunmedierne.dk\/mors\/jette-jepsen-jeg-kan-sagtens-pege-paa-hans-ejner-bertelsen-som-borgmester\/","og_site_name":"Mors","article_published_time":"2021-06-06T12:30:06+00:00","article_modified_time":"2024-08-07T12:45:43+00:00","og_image":[{"width":770,"height":513,"url":"https:\/\/kunmedierne.dk\/mors\/wp-content\/uploads\/2020\/01\/0-debat-jette-jepsen-R.jpg","type":"image\/jpeg"}],"author":"David H\u00f8jmark","twitter_card":"summary_large_image","twitter_misc":{"Skrevet af":"David H\u00f8jmark","Estimeret l\u00e6setid":"9 minutter"},"schema":{"@context":"https:\/\/schema.org","@graph":[{"@type":"Article","@id":"https:\/\/kunmedierne.dk\/mors\/jette-jepsen-jeg-kan-sagtens-pege-paa-hans-ejner-bertelsen-som-borgmester\/#article","isPartOf":{"@id":"https:\/\/kunmedierne.dk\/mors\/jette-jepsen-jeg-kan-sagtens-pege-paa-hans-ejner-bertelsen-som-borgmester\/"},"author":{"name":"David H\u00f8jmark","@id":"https:\/\/kunmedierne.dk\/mors\/#\/schema\/person\/5fe23251bf1d0abbcdc6f7896579d548"},"headline":"Jette Jepsen: &#8211; Jeg kan sagtens pege p\u00e5 Hans Ejner Bertelsen som borgmester","datePublished":"2021-06-06T12:30:06+00:00","dateModified":"2024-08-07T12:45:43+00:00","mainEntityOfPage":{"@id":"https:\/\/kunmedierne.dk\/mors\/jette-jepsen-jeg-kan-sagtens-pege-paa-hans-ejner-bertelsen-som-borgmester\/"},"wordCount":1814,"commentCount":0,"publisher":{"@id":"https:\/\/kunmedierne.dk\/mors\/#organization"},"image":{"@id":"https:\/\/kunmedierne.dk\/mors\/jette-jepsen-jeg-kan-sagtens-pege-paa-hans-ejner-bertelsen-som-borgmester\/#primaryimage"},"thumbnailUrl":"https:\/\/kunmedierne.dk\/mors\/wp-content\/uploads\/2020\/01\/0-debat-jette-jepsen-R.jpg","keywords":["Politik"],"articleSection":["Lokalt"],"inLanguage":"da-DK","potentialAction":[{"@type":"CommentAction","name":"Comment","target":["https:\/\/kunmedierne.dk\/mors\/jette-jepsen-jeg-kan-sagtens-pege-paa-hans-ejner-bertelsen-som-borgmester\/#respond"]}]},{"@type":"WebPage","@id":"https:\/\/kunmedierne.dk\/mors\/jette-jepsen-jeg-kan-sagtens-pege-paa-hans-ejner-bertelsen-som-borgmester\/","url":"https:\/\/kunmedierne.dk\/mors\/jette-jepsen-jeg-kan-sagtens-pege-paa-hans-ejner-bertelsen-som-borgmester\/","name":"Jette Jepsen: - Jeg kan sagtens pege p\u00e5 Hans Ejner Bertelsen som borgmester - Mors","isPartOf":{"@id":"https:\/\/kunmedierne.dk\/mors\/#website"},"primaryImageOfPage":{"@id":"https:\/\/kunmedierne.dk\/mors\/jette-jepsen-jeg-kan-sagtens-pege-paa-hans-ejner-bertelsen-som-borgmester\/#primaryimage"},"image":{"@id":"https:\/\/kunmedierne.dk\/mors\/jette-jepsen-jeg-kan-sagtens-pege-paa-hans-ejner-bertelsen-som-borgmester\/#primaryimage"},"thumbnailUrl":"https:\/\/kunmedierne.dk\/mors\/wp-content\/uploads\/2020\/01\/0-debat-jette-jepsen-R.jpg","datePublished":"2021-06-06T12:30:06+00:00","dateModified":"2024-08-07T12:45:43+00:00","breadcrumb":{"@id":"https:\/\/kunmedierne.dk\/mors\/jette-jepsen-jeg-kan-sagtens-pege-paa-hans-ejner-bertelsen-som-borgmester\/#breadcrumb"},"inLanguage":"da-DK","potentialAction":[{"@type":"ReadAction","target":["https:\/\/kunmedierne.dk\/mors\/jette-jepsen-jeg-kan-sagtens-pege-paa-hans-ejner-bertelsen-som-borgmester\/"]}]},{"@type":"ImageObject","inLanguage":"da-DK","@id":"https:\/\/kunmedierne.dk\/mors\/jette-jepsen-jeg-kan-sagtens-pege-paa-hans-ejner-bertelsen-som-borgmester\/#primaryimage","url":"https:\/\/kunmedierne.dk\/mors\/wp-content\/uploads\/2020\/01\/0-debat-jette-jepsen-R.jpg","contentUrl":"https:\/\/kunmedierne.dk\/mors\/wp-content\/uploads\/2020\/01\/0-debat-jette-jepsen-R.jpg","width":770,"height":513,"caption":"Jette Jepsen (RV). Foto: Per Bech\/Mors\u00f8 Kommune."},{"@type":"BreadcrumbList","@id":"https:\/\/kunmedierne.dk\/mors\/jette-jepsen-jeg-kan-sagtens-pege-paa-hans-ejner-bertelsen-som-borgmester\/#breadcrumb","itemListElement":[{"@type":"ListItem","position":1,"name":"Hjem","item":"https:\/\/kunmedierne.dk\/mors\/"},{"@type":"ListItem","position":2,"name":"Jette Jepsen: &#8211; Jeg kan sagtens pege p\u00e5 Hans Ejner Bertelsen som borgmester"}]},{"@type":"WebSite","@id":"https:\/\/kunmedierne.dk\/mors\/#website","url":"https:\/\/kunmedierne.dk\/mors\/","name":"Mors","description":"et netmedie med journalistik om livet p\u00e5 Mors","publisher":{"@id":"https:\/\/kunmedierne.dk\/mors\/#organization"},"potentialAction":[{"@type":"SearchAction","target":{"@type":"EntryPoint","urlTemplate":"https:\/\/kunmedierne.dk\/mors\/?s={search_term_string}"},"query-input":{"@type":"PropertyValueSpecification","valueRequired":true,"valueName":"search_term_string"}}],"inLanguage":"da-DK"},{"@type":"Organization","@id":"https:\/\/kunmedierne.dk\/mors\/#organization","name":"Mors","url":"https:\/\/kunmedierne.dk\/mors\/","logo":{"@type":"ImageObject","inLanguage":"da-DK","@id":"https:\/\/kunmedierne.dk\/mors\/#\/schema\/logo\/image\/","url":"https:\/\/kunmedierne.dk\/mors\/wp-content\/uploads\/2024\/08\/kunmors-logo.svg","contentUrl":"https:\/\/kunmedierne.dk\/mors\/wp-content\/uploads\/2024\/08\/kunmors-logo.svg","caption":"Mors"},"image":{"@id":"https:\/\/kunmedierne.dk\/mors\/#\/schema\/logo\/image\/"}},{"@type":"Person","@id":"https:\/\/kunmedierne.dk\/mors\/#\/schema\/person\/5fe23251bf1d0abbcdc6f7896579d548","name":"David H\u00f8jmark","image":{"@type":"ImageObject","inLanguage":"da-DK","@id":"https:\/\/kunmedierne.dk\/mors\/#\/schema\/person\/image\/","url":"https:\/\/secure.gravatar.com\/avatar\/4315d6fb9ef244d729989f5f90268eb08d5bf8a3d84402f595fa194bb35784fd?s=96&d=mm&r=g","contentUrl":"https:\/\/secure.gravatar.com\/avatar\/4315d6fb9ef244d729989f5f90268eb08d5bf8a3d84402f595fa194bb35784fd?s=96&d=mm&r=g","caption":"David H\u00f8jmark"},"sameAs":["https:\/\/www.kunmedierne.dk"],"url":"https:\/\/kunmedierne.dk\/mors\/author\/david\/"}]}},"_links":{"self":[{"href":"https:\/\/kunmedierne.dk\/mors\/wp-json\/wp\/v2\/posts\/46406","targetHints":{"allow":["GET"]}}],"collection":[{"href":"https:\/\/kunmedierne.dk\/mors\/wp-json\/wp\/v2\/posts"}],"about":[{"href":"https:\/\/kunmedierne.dk\/mors\/wp-json\/wp\/v2\/types\/post"}],"author":[{"embeddable":true,"href":"https:\/\/kunmedierne.dk\/mors\/wp-json\/wp\/v2\/users\/8"}],"replies":[{"embeddable":true,"href":"https:\/\/kunmedierne.dk\/mors\/wp-json\/wp\/v2\/comments?post=46406"}],"version-history":[{"count":9,"href":"https:\/\/kunmedierne.dk\/mors\/wp-json\/wp\/v2\/posts\/46406\/revisions"}],"predecessor-version":[{"id":46440,"href":"https:\/\/kunmedierne.dk\/mors\/wp-json\/wp\/v2\/posts\/46406\/revisions\/46440"}],"wp:featuredmedia":[{"embeddable":true,"href":"https:\/\/kunmedierne.dk\/mors\/wp-json\/wp\/v2\/media\/18975"}],"wp:attachment":[{"href":"https:\/\/kunmedierne.dk\/mors\/wp-json\/wp\/v2\/media?parent=46406"}],"wp:term":[{"taxonomy":"category","embeddable":true,"href":"https:\/\/kunmedierne.dk\/mors\/wp-json\/wp\/v2\/categories?post=46406"},{"taxonomy":"post_tag","embeddable":true,"href":"https:\/\/kunmedierne.dk\/mors\/wp-json\/wp\/v2\/tags?post=46406"}],"curies":[{"name":"wp","href":"https:\/\/api.w.org\/{rel}","templated":true}]}}