{"id":46230,"date":"2021-06-03T13:05:09","date_gmt":"2021-06-03T11:05:09","guid":{"rendered":"https:\/\/kunmedierne.dk\/mors\/?p=46230"},"modified":"2024-08-07T14:45:44","modified_gmt":"2024-08-07T12:45:44","slug":"mindeord-for-finn-noergaard-andersen","status":"publish","type":"post","link":"https:\/\/kunmedierne.dk\/mors\/mindeord-for-finn-noergaard-andersen\/","title":{"rendered":"Mindeord for Finn N\u00f8rgaard Andersen"},"content":{"rendered":"<p><em>Mindeord for Finn N\u00f8rgaard Andersen, \u00d8rding.<\/em><\/p>\n<hr \/>\n<p>K\u00e6re Far<\/p>\n<p>S\u00e5 kom tiden hvor du skulle forlade vores dejlige jord.<\/p>\n<p>Du blev f\u00f8dt i Vejerslev p\u00e5 Kj\u00e6rstedg\u00e5rd. Hvor du boede i 73 \u00e5r. I flyttede derefter til \u00d8rding i det sommerhus, I selv havde tegnet og bygget, og har boet der i 13 \u00e5r.<\/p>\n<p>Det hus, du elskede s\u00e5 h\u00f8jt. Huset med den bedste udsigt p\u00e5 Mors, n\u00e5r du selv skulle sige det.<\/p>\n<p>Her tog du dit sidste \u00e5ndedrag med os omkring dig.<\/p>\n<p>Tak for alle de gode minder, vi har. Dem kan ingen tage fra os.<\/p>\n<p>Du vil blive savnet.<\/p>\n<p>Du har l\u00e6rt os s\u00e5 meget:<\/p>\n<ul>\n<li>L\u00e6rt os at elske og respektere naturen.<\/li>\n<li>L\u00e6rt os at elske fugle og dyrelivet samt s\u00f8rge for, at de f\u00e5r mad.<\/li>\n<li>L\u00e6rt os at v\u00e6re arbejdsom som dig (landmand, forsikringsmand, menighedsr\u00e5det, Sct. Georgs-gilderne og selv pensionsalderen blev brugt i Jesperhus som chauff\u00f8r p\u00e5 Jernhesten \u2013 der har du gjort mange turister glade med dit altid gode hum\u00f8r og altid tid til en snak).<\/li>\n<li>L\u00e6rt os at v\u00e6re glade, smilende og positive trods bump p\u00e5 vejen. Selv da Hans Erik gik bort f\u00e5 dage f\u00f8r bryllup\/barned\u00e5b, s\u00e5 du muligheder for barned\u00e5b, bryllup og begravelse p\u00e5 samme weekend, for s\u00e5dan er livets gang. (Det blev dog ikke fuldf\u00f8rt, k\u00e6re Far).<\/li>\n<li>L\u00e6rt os at v\u00e6re sociale, g\u00e6stfrie, im\u00f8dekommende og altid byde p\u00e5 kaffe. Selv p\u00e5 din sidste aften form\u00e5ede du at sp\u00f8rge, om den s\u00f8de hjemmesygeplejerske ikke skulle have en kop kaffe.<\/li>\n<\/ul>\n<p>Alt i alt har du v\u00e6ret en person, som alle i familien s\u00e5 op til. Du har et barnebarn, der ville v\u00e6re garder, fordi morfar var det.<\/p>\n<p>Dine soldaterkammerater holdt du kontakt med hele livet. Du havde et godt og langt \u00e6gteskab med mor, I n\u00e5ede at fejre diamantbryllup.<\/p>\n<p>Du fulgte meget med i dine b\u00f8rneb\u00f8rn og oldeb\u00f8rns liv. De gl\u00e6dede sig altid til at bes\u00f8ge jer og n\u00f8d jeres samv\u00e6r. Hos dem vil du ogs\u00e5 blive savnet.<\/p>\n<p>Far, vi er sikre p\u00e5, at hvis du kunne h\u00f8re, hvad pr\u00e6sten Tabitta sagde om dig i l\u00f8rdags, ville du v\u00e6re tilfreds.<\/p>\n<p>Hun n\u00e6vnte at:<\/p>\n<p>\u201cLivet er som en dejlig have, den skal blomstre, den skal gro, det er op til dig at f\u00e5 den til at vokse. Du skal dyrke livets have med din vilje og din tro, den skal dyrkes med k\u00e6rlighed og ro.\u201c<\/p>\n<p>Det har du v\u00e6ret rigtig god til &#8211; b\u00e5de hvad ang\u00e5r mor, familien, venner, livet og ogs\u00e5 din have.<\/p>\n<p>Du n\u00e6vnte flere gange, at du havde haft et godt og langt liv og oplevet mange ting. Det var du meget taknemlig for.<\/p>\n<p>Endnu engang tak, Far \u2013 tak, fordi du kom med alt det, der var dig.<\/p>\n<p>Om lidt bliver her stille, om lidt er det forbi, men for os vil du leve videre i vore hjerter &#8211; TAK.<\/p>\n<p>De k\u00e6rligste hilsner fra dine d\u00f8tre, Jette og Lisa.<\/p>\n","protected":false},"excerpt":{"rendered":"<p>Mindeord for Finn N\u00f8rgaard Andersen, \u00d8rding. K\u00e6re Far S\u00e5 kom tiden hvor du skulle forlade vores dejlige jord. Du blev f\u00f8dt i Vejerslev p\u00e5 Kj\u00e6rstedg\u00e5rd. Hvor du boede i 73 \u00e5r. I flyttede derefter til \u00d8rding i det sommerhus, I selv havde tegnet og bygget, og har boet der i 13 \u00e5r. Det hus, du [&hellip;]<\/p>\n","protected":false},"author":264,"featured_media":46239,"comment_status":"open","ping_status":"open","sticky":false,"template":"","format":"standard","meta":{"_acf_changed":false,"footnotes":""},"categories":[52],"tags":[],"class_list":["post-46230","post","type-post","status-publish","format-standard","has-post-thumbnail","hentry","category-navne"],"acf":[],"yoast_head":"<!-- This site is optimized with the Yoast SEO plugin v26.8 - https:\/\/yoast.com\/product\/yoast-seo-wordpress\/ -->\n<title>Mindeord for Finn N\u00f8rgaard Andersen - Mors<\/title>\n<meta name=\"robots\" content=\"index, follow, max-snippet:-1, max-image-preview:large, max-video-preview:-1\" \/>\n<link rel=\"canonical\" href=\"https:\/\/kunmedierne.dk\/mors\/mindeord-for-finn-noergaard-andersen\/\" \/>\n<meta property=\"og:locale\" content=\"da_DK\" \/>\n<meta property=\"og:type\" content=\"article\" \/>\n<meta property=\"og:title\" content=\"Mindeord for Finn N\u00f8rgaard Andersen - Mors\" \/>\n<meta property=\"og:description\" content=\"Mindeord for Finn N\u00f8rgaard Andersen, \u00d8rding. K\u00e6re Far S\u00e5 kom tiden hvor du skulle forlade vores dejlige jord. Du blev f\u00f8dt i Vejerslev p\u00e5 Kj\u00e6rstedg\u00e5rd. Hvor du boede i 73 \u00e5r. I flyttede derefter til \u00d8rding i det sommerhus, I selv havde tegnet og bygget, og har boet der i 13 \u00e5r. Det hus, du [&hellip;]\" \/>\n<meta property=\"og:url\" content=\"https:\/\/kunmedierne.dk\/mors\/mindeord-for-finn-noergaard-andersen\/\" \/>\n<meta property=\"og:site_name\" content=\"Mors\" \/>\n<meta property=\"article:published_time\" content=\"2021-06-03T11:05:09+00:00\" \/>\n<meta property=\"article:modified_time\" content=\"2024-08-07T12:45:44+00:00\" \/>\n<meta property=\"og:image\" content=\"https:\/\/kunmedierne.dk\/mors\/wp-content\/uploads\/2021\/06\/mindeord1.jpg\" \/>\n\t<meta property=\"og:image:width\" content=\"770\" \/>\n\t<meta property=\"og:image:height\" content=\"513\" \/>\n\t<meta property=\"og:image:type\" content=\"image\/jpeg\" \/>\n<meta name=\"author\" content=\"Navne\" \/>\n<meta name=\"twitter:card\" content=\"summary_large_image\" \/>\n<meta name=\"twitter:label1\" content=\"Skrevet af\" \/>\n\t<meta name=\"twitter:data1\" content=\"Navne\" \/>\n\t<meta name=\"twitter:label2\" content=\"Estimeret l\u00e6setid\" \/>\n\t<meta name=\"twitter:data2\" content=\"3 minutter\" \/>\n<script type=\"application\/ld+json\" class=\"yoast-schema-graph\">{\"@context\":\"https:\/\/schema.org\",\"@graph\":[{\"@type\":\"Article\",\"@id\":\"https:\/\/kunmedierne.dk\/mors\/mindeord-for-finn-noergaard-andersen\/#article\",\"isPartOf\":{\"@id\":\"https:\/\/kunmedierne.dk\/mors\/mindeord-for-finn-noergaard-andersen\/\"},\"author\":{\"name\":\"Navne\",\"@id\":\"https:\/\/kunmedierne.dk\/mors\/#\/schema\/person\/f084885f8161963bb583d8604763a6b7\"},\"headline\":\"Mindeord for Finn N\u00f8rgaard Andersen\",\"datePublished\":\"2021-06-03T11:05:09+00:00\",\"dateModified\":\"2024-08-07T12:45:44+00:00\",\"mainEntityOfPage\":{\"@id\":\"https:\/\/kunmedierne.dk\/mors\/mindeord-for-finn-noergaard-andersen\/\"},\"wordCount\":533,\"commentCount\":0,\"publisher\":{\"@id\":\"https:\/\/kunmedierne.dk\/mors\/#organization\"},\"image\":{\"@id\":\"https:\/\/kunmedierne.dk\/mors\/mindeord-for-finn-noergaard-andersen\/#primaryimage\"},\"thumbnailUrl\":\"https:\/\/kunmedierne.dk\/mors\/wp-content\/uploads\/2021\/06\/mindeord1.jpg\",\"articleSection\":[\"Navne\"],\"inLanguage\":\"da-DK\",\"potentialAction\":[{\"@type\":\"CommentAction\",\"name\":\"Comment\",\"target\":[\"https:\/\/kunmedierne.dk\/mors\/mindeord-for-finn-noergaard-andersen\/#respond\"]}]},{\"@type\":\"WebPage\",\"@id\":\"https:\/\/kunmedierne.dk\/mors\/mindeord-for-finn-noergaard-andersen\/\",\"url\":\"https:\/\/kunmedierne.dk\/mors\/mindeord-for-finn-noergaard-andersen\/\",\"name\":\"Mindeord for Finn N\u00f8rgaard Andersen - Mors\",\"isPartOf\":{\"@id\":\"https:\/\/kunmedierne.dk\/mors\/#website\"},\"primaryImageOfPage\":{\"@id\":\"https:\/\/kunmedierne.dk\/mors\/mindeord-for-finn-noergaard-andersen\/#primaryimage\"},\"image\":{\"@id\":\"https:\/\/kunmedierne.dk\/mors\/mindeord-for-finn-noergaard-andersen\/#primaryimage\"},\"thumbnailUrl\":\"https:\/\/kunmedierne.dk\/mors\/wp-content\/uploads\/2021\/06\/mindeord1.jpg\",\"datePublished\":\"2021-06-03T11:05:09+00:00\",\"dateModified\":\"2024-08-07T12:45:44+00:00\",\"breadcrumb\":{\"@id\":\"https:\/\/kunmedierne.dk\/mors\/mindeord-for-finn-noergaard-andersen\/#breadcrumb\"},\"inLanguage\":\"da-DK\",\"potentialAction\":[{\"@type\":\"ReadAction\",\"target\":[\"https:\/\/kunmedierne.dk\/mors\/mindeord-for-finn-noergaard-andersen\/\"]}]},{\"@type\":\"ImageObject\",\"inLanguage\":\"da-DK\",\"@id\":\"https:\/\/kunmedierne.dk\/mors\/mindeord-for-finn-noergaard-andersen\/#primaryimage\",\"url\":\"https:\/\/kunmedierne.dk\/mors\/wp-content\/uploads\/2021\/06\/mindeord1.jpg\",\"contentUrl\":\"https:\/\/kunmedierne.dk\/mors\/wp-content\/uploads\/2021\/06\/mindeord1.jpg\",\"width\":770,\"height\":513},{\"@type\":\"BreadcrumbList\",\"@id\":\"https:\/\/kunmedierne.dk\/mors\/mindeord-for-finn-noergaard-andersen\/#breadcrumb\",\"itemListElement\":[{\"@type\":\"ListItem\",\"position\":1,\"name\":\"Hjem\",\"item\":\"https:\/\/kunmedierne.dk\/mors\/\"},{\"@type\":\"ListItem\",\"position\":2,\"name\":\"Mindeord for Finn N\u00f8rgaard Andersen\"}]},{\"@type\":\"WebSite\",\"@id\":\"https:\/\/kunmedierne.dk\/mors\/#website\",\"url\":\"https:\/\/kunmedierne.dk\/mors\/\",\"name\":\"Mors\",\"description\":\"et netmedie med journalistik om livet p\u00e5 Mors\",\"publisher\":{\"@id\":\"https:\/\/kunmedierne.dk\/mors\/#organization\"},\"potentialAction\":[{\"@type\":\"SearchAction\",\"target\":{\"@type\":\"EntryPoint\",\"urlTemplate\":\"https:\/\/kunmedierne.dk\/mors\/?s={search_term_string}\"},\"query-input\":{\"@type\":\"PropertyValueSpecification\",\"valueRequired\":true,\"valueName\":\"search_term_string\"}}],\"inLanguage\":\"da-DK\"},{\"@type\":\"Organization\",\"@id\":\"https:\/\/kunmedierne.dk\/mors\/#organization\",\"name\":\"Mors\",\"url\":\"https:\/\/kunmedierne.dk\/mors\/\",\"logo\":{\"@type\":\"ImageObject\",\"inLanguage\":\"da-DK\",\"@id\":\"https:\/\/kunmedierne.dk\/mors\/#\/schema\/logo\/image\/\",\"url\":\"https:\/\/kunmedierne.dk\/mors\/wp-content\/uploads\/2024\/08\/kunmors-logo.svg\",\"contentUrl\":\"https:\/\/kunmedierne.dk\/mors\/wp-content\/uploads\/2024\/08\/kunmors-logo.svg\",\"caption\":\"Mors\"},\"image\":{\"@id\":\"https:\/\/kunmedierne.dk\/mors\/#\/schema\/logo\/image\/\"}},{\"@type\":\"Person\",\"@id\":\"https:\/\/kunmedierne.dk\/mors\/#\/schema\/person\/f084885f8161963bb583d8604763a6b7\",\"name\":\"Navne\",\"image\":{\"@type\":\"ImageObject\",\"inLanguage\":\"da-DK\",\"@id\":\"https:\/\/kunmedierne.dk\/mors\/#\/schema\/person\/image\/\",\"url\":\"https:\/\/secure.gravatar.com\/avatar\/6f0953307eaee87813e8e3c90223d5589b093e56e7cc66b5575f901f7b5868a5?s=96&d=mm&r=g\",\"contentUrl\":\"https:\/\/secure.gravatar.com\/avatar\/6f0953307eaee87813e8e3c90223d5589b093e56e7cc66b5575f901f7b5868a5?s=96&d=mm&r=g\",\"caption\":\"Navne\"},\"url\":\"https:\/\/kunmedierne.dk\/mors\/author\/navne\/\"}]}<\/script>\n<!-- \/ Yoast SEO plugin. -->","yoast_head_json":{"title":"Mindeord for Finn N\u00f8rgaard Andersen - Mors","robots":{"index":"index","follow":"follow","max-snippet":"max-snippet:-1","max-image-preview":"max-image-preview:large","max-video-preview":"max-video-preview:-1"},"canonical":"https:\/\/kunmedierne.dk\/mors\/mindeord-for-finn-noergaard-andersen\/","og_locale":"da_DK","og_type":"article","og_title":"Mindeord for Finn N\u00f8rgaard Andersen - Mors","og_description":"Mindeord for Finn N\u00f8rgaard Andersen, \u00d8rding. K\u00e6re Far S\u00e5 kom tiden hvor du skulle forlade vores dejlige jord. Du blev f\u00f8dt i Vejerslev p\u00e5 Kj\u00e6rstedg\u00e5rd. Hvor du boede i 73 \u00e5r. I flyttede derefter til \u00d8rding i det sommerhus, I selv havde tegnet og bygget, og har boet der i 13 \u00e5r. Det hus, du [&hellip;]","og_url":"https:\/\/kunmedierne.dk\/mors\/mindeord-for-finn-noergaard-andersen\/","og_site_name":"Mors","article_published_time":"2021-06-03T11:05:09+00:00","article_modified_time":"2024-08-07T12:45:44+00:00","og_image":[{"width":770,"height":513,"url":"https:\/\/kunmedierne.dk\/mors\/wp-content\/uploads\/2021\/06\/mindeord1.jpg","type":"image\/jpeg"}],"author":"Navne","twitter_card":"summary_large_image","twitter_misc":{"Skrevet af":"Navne","Estimeret l\u00e6setid":"3 minutter"},"schema":{"@context":"https:\/\/schema.org","@graph":[{"@type":"Article","@id":"https:\/\/kunmedierne.dk\/mors\/mindeord-for-finn-noergaard-andersen\/#article","isPartOf":{"@id":"https:\/\/kunmedierne.dk\/mors\/mindeord-for-finn-noergaard-andersen\/"},"author":{"name":"Navne","@id":"https:\/\/kunmedierne.dk\/mors\/#\/schema\/person\/f084885f8161963bb583d8604763a6b7"},"headline":"Mindeord for Finn N\u00f8rgaard Andersen","datePublished":"2021-06-03T11:05:09+00:00","dateModified":"2024-08-07T12:45:44+00:00","mainEntityOfPage":{"@id":"https:\/\/kunmedierne.dk\/mors\/mindeord-for-finn-noergaard-andersen\/"},"wordCount":533,"commentCount":0,"publisher":{"@id":"https:\/\/kunmedierne.dk\/mors\/#organization"},"image":{"@id":"https:\/\/kunmedierne.dk\/mors\/mindeord-for-finn-noergaard-andersen\/#primaryimage"},"thumbnailUrl":"https:\/\/kunmedierne.dk\/mors\/wp-content\/uploads\/2021\/06\/mindeord1.jpg","articleSection":["Navne"],"inLanguage":"da-DK","potentialAction":[{"@type":"CommentAction","name":"Comment","target":["https:\/\/kunmedierne.dk\/mors\/mindeord-for-finn-noergaard-andersen\/#respond"]}]},{"@type":"WebPage","@id":"https:\/\/kunmedierne.dk\/mors\/mindeord-for-finn-noergaard-andersen\/","url":"https:\/\/kunmedierne.dk\/mors\/mindeord-for-finn-noergaard-andersen\/","name":"Mindeord for Finn N\u00f8rgaard Andersen - Mors","isPartOf":{"@id":"https:\/\/kunmedierne.dk\/mors\/#website"},"primaryImageOfPage":{"@id":"https:\/\/kunmedierne.dk\/mors\/mindeord-for-finn-noergaard-andersen\/#primaryimage"},"image":{"@id":"https:\/\/kunmedierne.dk\/mors\/mindeord-for-finn-noergaard-andersen\/#primaryimage"},"thumbnailUrl":"https:\/\/kunmedierne.dk\/mors\/wp-content\/uploads\/2021\/06\/mindeord1.jpg","datePublished":"2021-06-03T11:05:09+00:00","dateModified":"2024-08-07T12:45:44+00:00","breadcrumb":{"@id":"https:\/\/kunmedierne.dk\/mors\/mindeord-for-finn-noergaard-andersen\/#breadcrumb"},"inLanguage":"da-DK","potentialAction":[{"@type":"ReadAction","target":["https:\/\/kunmedierne.dk\/mors\/mindeord-for-finn-noergaard-andersen\/"]}]},{"@type":"ImageObject","inLanguage":"da-DK","@id":"https:\/\/kunmedierne.dk\/mors\/mindeord-for-finn-noergaard-andersen\/#primaryimage","url":"https:\/\/kunmedierne.dk\/mors\/wp-content\/uploads\/2021\/06\/mindeord1.jpg","contentUrl":"https:\/\/kunmedierne.dk\/mors\/wp-content\/uploads\/2021\/06\/mindeord1.jpg","width":770,"height":513},{"@type":"BreadcrumbList","@id":"https:\/\/kunmedierne.dk\/mors\/mindeord-for-finn-noergaard-andersen\/#breadcrumb","itemListElement":[{"@type":"ListItem","position":1,"name":"Hjem","item":"https:\/\/kunmedierne.dk\/mors\/"},{"@type":"ListItem","position":2,"name":"Mindeord for Finn N\u00f8rgaard Andersen"}]},{"@type":"WebSite","@id":"https:\/\/kunmedierne.dk\/mors\/#website","url":"https:\/\/kunmedierne.dk\/mors\/","name":"Mors","description":"et netmedie med journalistik om livet p\u00e5 Mors","publisher":{"@id":"https:\/\/kunmedierne.dk\/mors\/#organization"},"potentialAction":[{"@type":"SearchAction","target":{"@type":"EntryPoint","urlTemplate":"https:\/\/kunmedierne.dk\/mors\/?s={search_term_string}"},"query-input":{"@type":"PropertyValueSpecification","valueRequired":true,"valueName":"search_term_string"}}],"inLanguage":"da-DK"},{"@type":"Organization","@id":"https:\/\/kunmedierne.dk\/mors\/#organization","name":"Mors","url":"https:\/\/kunmedierne.dk\/mors\/","logo":{"@type":"ImageObject","inLanguage":"da-DK","@id":"https:\/\/kunmedierne.dk\/mors\/#\/schema\/logo\/image\/","url":"https:\/\/kunmedierne.dk\/mors\/wp-content\/uploads\/2024\/08\/kunmors-logo.svg","contentUrl":"https:\/\/kunmedierne.dk\/mors\/wp-content\/uploads\/2024\/08\/kunmors-logo.svg","caption":"Mors"},"image":{"@id":"https:\/\/kunmedierne.dk\/mors\/#\/schema\/logo\/image\/"}},{"@type":"Person","@id":"https:\/\/kunmedierne.dk\/mors\/#\/schema\/person\/f084885f8161963bb583d8604763a6b7","name":"Navne","image":{"@type":"ImageObject","inLanguage":"da-DK","@id":"https:\/\/kunmedierne.dk\/mors\/#\/schema\/person\/image\/","url":"https:\/\/secure.gravatar.com\/avatar\/6f0953307eaee87813e8e3c90223d5589b093e56e7cc66b5575f901f7b5868a5?s=96&d=mm&r=g","contentUrl":"https:\/\/secure.gravatar.com\/avatar\/6f0953307eaee87813e8e3c90223d5589b093e56e7cc66b5575f901f7b5868a5?s=96&d=mm&r=g","caption":"Navne"},"url":"https:\/\/kunmedierne.dk\/mors\/author\/navne\/"}]}},"_links":{"self":[{"href":"https:\/\/kunmedierne.dk\/mors\/wp-json\/wp\/v2\/posts\/46230","targetHints":{"allow":["GET"]}}],"collection":[{"href":"https:\/\/kunmedierne.dk\/mors\/wp-json\/wp\/v2\/posts"}],"about":[{"href":"https:\/\/kunmedierne.dk\/mors\/wp-json\/wp\/v2\/types\/post"}],"author":[{"embeddable":true,"href":"https:\/\/kunmedierne.dk\/mors\/wp-json\/wp\/v2\/users\/264"}],"replies":[{"embeddable":true,"href":"https:\/\/kunmedierne.dk\/mors\/wp-json\/wp\/v2\/comments?post=46230"}],"version-history":[{"count":5,"href":"https:\/\/kunmedierne.dk\/mors\/wp-json\/wp\/v2\/posts\/46230\/revisions"}],"predecessor-version":[{"id":46254,"href":"https:\/\/kunmedierne.dk\/mors\/wp-json\/wp\/v2\/posts\/46230\/revisions\/46254"}],"wp:featuredmedia":[{"embeddable":true,"href":"https:\/\/kunmedierne.dk\/mors\/wp-json\/wp\/v2\/media\/46239"}],"wp:attachment":[{"href":"https:\/\/kunmedierne.dk\/mors\/wp-json\/wp\/v2\/media?parent=46230"}],"wp:term":[{"taxonomy":"category","embeddable":true,"href":"https:\/\/kunmedierne.dk\/mors\/wp-json\/wp\/v2\/categories?post=46230"},{"taxonomy":"post_tag","embeddable":true,"href":"https:\/\/kunmedierne.dk\/mors\/wp-json\/wp\/v2\/tags?post=46230"}],"curies":[{"name":"wp","href":"https:\/\/api.w.org\/{rel}","templated":true}]}}