{"id":46175,"date":"2021-06-02T16:55:46","date_gmt":"2021-06-02T14:55:46","guid":{"rendered":"https:\/\/kunmedierne.dk\/mors\/?p=46175"},"modified":"2024-08-07T14:45:44","modified_gmt":"2024-08-07T12:45:44","slug":"kommunalbestyrelsen-nedlagde-et-af-sine-udvalg","status":"publish","type":"post","link":"https:\/\/kunmedierne.dk\/mors\/kommunalbestyrelsen-nedlagde-et-af-sine-udvalg\/","title":{"rendered":"Kommunalbestyrelsen nedlagde et af sine udvalg"},"content":{"rendered":"<p><strong>MORS<\/strong>: Fem udvalg bliver til fire, n\u00e5r den kommunalbestyrelse, der bliver valgt til november, skal i arbejdst\u00f8jet fra januar.<\/p>\n<p>Det vedtog en enig kommunalbestyrelse p\u00e5 sit m\u00f8de tirsdag, da man besluttede et nedl\u00e6gge besk\u00e6ftigelses- og erhvervsudvalget.<\/p>\n<p>Den nye udvalgsstruktur har baggrund i budget 2021, da det blev besluttet i 2022 at spare 200.000 kroner ved nedl\u00e6ggelse af et st\u00e5ende udvalg og omplacering af opgaver imellem udvalgene. Og den f\u00f8rste politiker, der tog ordet i behandlingen af punktet, lagde da ogs\u00e5 v\u00e6gt p\u00e5, at politikerne denne gang sparer p\u00e5 politik.<\/p>\n<p>&#8220;Det er godt stil, at vi i denne sag kigger p\u00e5 os selv. At vi kigger p\u00e5 \u00f8konomiske effektiviseringer,&#8221; sagde Tore M\u00fcller (S) og kaldte det et godt signal at sende til borgerne.<\/p>\n<p>&#8220;Og samtidig laver vi det snit, at forvaltningens opgaveportef\u00f8lje begynder at f\u00f8lge udvalgenes politiske arbejdsomr\u00e5der. Det kan jeg kun v\u00e6rds\u00e6tte,&#8221; sagde han. <a href=\"https:\/\/konpap.dk\/\"><img loading=\"lazy\" decoding=\"async\" class=\"alignright size-full wp-image-42326\" src=\"https:\/\/kunmedierne.dk\/mors\/wp-content\/uploads\/2021\/03\/te10.jpg\" alt=\"\" width=\"1400\" height=\"125\" srcset=\"https:\/\/kunmedierne.dk\/mors\/wp-content\/uploads\/2021\/03\/te10.jpg 1400w, https:\/\/kunmedierne.dk\/mors\/wp-content\/uploads\/2021\/03\/te10-300x27.jpg 300w, https:\/\/kunmedierne.dk\/mors\/wp-content\/uploads\/2021\/03\/te10-1024x91.jpg 1024w, https:\/\/kunmedierne.dk\/mors\/wp-content\/uploads\/2021\/03\/te10-768x69.jpg 768w, https:\/\/kunmedierne.dk\/mors\/wp-content\/uploads\/2021\/03\/te10-600x54.jpg 600w\" sizes=\"auto, (max-width: 1400px) 100vw, 1400px\" \/><\/a><\/p>\n<p>Hanne Haldrup (V) var enig og p\u00e5pegede, at det som oftest er i administration og forvaltning, man sk\u00e6rer ned p\u00e5 udgifter.<\/p>\n<p>&#8220;Nu kigger vi s\u00e5 indad og forholder os til, hvor vi p\u00e5 politikeromr\u00e5det ogs\u00e5 kan finde besparelse,&#8221; sagde hun og p\u00e5pegede, at besk\u00e6ftigelses- og erhvervsudvalget har den mindste opgaveportef\u00f8lje af de st\u00e5ende udvalg i kommunalbestyrelsen.<\/p>\n<p>Samtidig lagde hun v\u00e6gt p\u00e5 muligheden for at neds\u00e6tte de s\u00e5kaldte \u00a717, stk. 4-udvalg, som er midlertidige politiske udvalg, en kommunalbestyrelse kan neds\u00e6tte til at varetage en bestemt politisk opgave.<\/p>\n<p>&#8220;Der kan v\u00e6re god fornuft i at neds\u00e6tte politiske udvalg til konkrete opgaver eller projekter, der skal l\u00f8ftes. Udvalg, der vil best\u00e5 af politikere, der virkelig br\u00e6nder for en sag, og hvor det ogs\u00e5 er muligt at inddrage eksterne partnere &#8211; for eksempel fagpersoner som medlemmer. Det kan v\u00e6re med til at l\u00f8fte kvaliteten af udvalgets arbejdere yderligere,&#8221; sagde Hanne Haldrup.\u00a0 <a href=\"https:\/\/www.sparv.dk\/\"><img loading=\"lazy\" decoding=\"async\" class=\"alignright size-full wp-image-42461\" src=\"https:\/\/kunmedierne.dk\/mors\/wp-content\/uploads\/2021\/03\/te11.jpg\" alt=\"\" width=\"1400\" height=\"125\" srcset=\"https:\/\/kunmedierne.dk\/mors\/wp-content\/uploads\/2021\/03\/te11.jpg 1400w, https:\/\/kunmedierne.dk\/mors\/wp-content\/uploads\/2021\/03\/te11-300x27.jpg 300w, https:\/\/kunmedierne.dk\/mors\/wp-content\/uploads\/2021\/03\/te11-1024x91.jpg 1024w, https:\/\/kunmedierne.dk\/mors\/wp-content\/uploads\/2021\/03\/te11-768x69.jpg 768w, https:\/\/kunmedierne.dk\/mors\/wp-content\/uploads\/2021\/03\/te11-600x54.jpg 600w\" sizes=\"auto, (max-width: 1400px) 100vw, 1400px\" \/><\/a><\/p>\n<p>Ogs\u00e5 Meiner N\u00f8rgaard (DF) bifaldt beslutningen.<\/p>\n<p>&#8220;Det er jo en budgetbeslutning, der bliver udm\u00f8ntet, og den st\u00f8tter vi selvf\u00f8lgelig op om i Dansk Folkeparti. Vi f\u00e5r en lidt mere str\u00f8mlinet politisk organisation,&#8221; sagde han og tilf\u00f8jede, at opgaverne fra besk\u00e6ftigelses- og erhvervsudvalget bliver placeret rigtigt.<\/p>\n<p>&nbsp;<\/p>\n<p><strong>En m\u00e6rkelig f\u00f8lelse<\/strong><\/p>\n<p>Forinden havde Ellen Philipsen Dahl (DB) haft ordet. Som formand for besk\u00e6ftigelses- og erhvervsudvalget beskrev hun det som en m\u00e6rkelig f\u00f8lelse at nedl\u00e6gge det &#8211; ogs\u00e5 selv om hun bifalder beslutningen.<\/p>\n<p>I en gennemgang af udvalgets arbejde og resultater beskrev hun det som et vigtigt politisk fundament for Mors\u00f8 Kommune, som har medvirket til at stabilisere kommunens \u00f8konomi med baggrund i p\u00e5passelighed og udvikling.<\/p>\n<p>&#8220;Et m\u00e5lrettet fokus p\u00e5 sammenspillet mellem besk\u00e6ftigelse, erhverv og udvikling har betydet m\u00e6rkbare strukturelle og organisatoriske \u00e6ndringer, der igen har v\u00e6ret retningsgivende for det arbejde og de gode resultater inden for udvalgets resortomr\u00e5de,&#8221; sagde Ellen Philipsen Dahl. <a href=\"https:\/\/thistedkloakservice.dk\/\"><img loading=\"lazy\" decoding=\"async\" class=\"alignright size-full wp-image-46119\" src=\"https:\/\/kunmedierne.dk\/mors\/wp-content\/uploads\/2021\/06\/te12.jpg\" alt=\"\" width=\"1400\" height=\"125\" srcset=\"https:\/\/kunmedierne.dk\/mors\/wp-content\/uploads\/2021\/06\/te12.jpg 1400w, https:\/\/kunmedierne.dk\/mors\/wp-content\/uploads\/2021\/06\/te12-300x27.jpg 300w, https:\/\/kunmedierne.dk\/mors\/wp-content\/uploads\/2021\/06\/te12-1024x91.jpg 1024w, https:\/\/kunmedierne.dk\/mors\/wp-content\/uploads\/2021\/06\/te12-768x69.jpg 768w, https:\/\/kunmedierne.dk\/mors\/wp-content\/uploads\/2021\/06\/te12-600x54.jpg 600w\" sizes=\"auto, (max-width: 1400px) 100vw, 1400px\" \/><\/a><\/p>\n<p>Hun fortsatte, at da udvalget, som hun i g\u00e5r havde v\u00e6ret formand for i pr\u00e6cis syv og et halvt \u00e5r, i sin tid blev oprettet, var det blandt andet med det sigte at minimere ledigheden og etablere et t\u00e6t og konstruktiv samarbejde med \u00f8ens erhverv omkring v\u00e6kst og udvikling &#8211; p\u00e5 hele \u00f8en.<\/p>\n<p>&#8220;Det vil jeg vove og p\u00e5st\u00e5, at vi er lykkedes med langt hen ad vejen,&#8221; sagde hun og fremh\u00e6vede blandt andet en ledighed langt under landsgennemsnittet, Jobcenter Mors, de erhvervsfaglige uddannelser og etableringen af et erhvervsm\u00e6ssigt kompetencehus i Holgersgade, Nyk\u00f8bing.<\/p>\n<p>&nbsp;<\/p>\n<p><strong>Der kan ske meget i et valg\u00e5r<\/strong><\/p>\n<p>Alligevel beskrev Ellen Philipsen Dahl det som meningsfyldt at nedl\u00e6gge det udvalg, hun er formand for, og at fordele opgaverne p\u00e5 \u00f8vrige udvalg.<\/p>\n<p>Selv om det gjorde en smule ondt.<\/p>\n<p>&#8220;Men p\u00e5 falderebet bliver jeg ogs\u00e5 n\u00f8dt til at understrege, at tr\u00e6erne ikke vokser ikke helt ind i himlen. Selv om vi er kommet langt p\u00e5 mange af BEU&#8217;s omr\u00e5der, er vi s\u00e5 langt fra i m\u00e5l, n\u00e5r vi t\u00e6nker udvikling af Mors,&#8221; sagde hun og understregede, at der ville blive h\u00e5rdt brug for det tidligere n\u00e6vnte \u00a717, stk. 4-udvalg.<\/p>\n<p>&#8220;Turisme, kultur, erhverv og events skal i den grad underst\u00f8ttes i helt konkrete udviklingsfora- og udvalg,&#8221; sagde Ellen Philipsen Dahl.<\/p>\n<p>Hun sluttede med ogs\u00e5 at f\u00e5 smilene frem, da hun rundede af med at kalde det for en tidlig beslutning at nedl\u00e6gge besk\u00e6ftigelses- og erhvervsudvalget &#8211; men at det var godt at v\u00e6re p\u00e5 forkant.<\/p>\n<p>Og med tilf\u00f8jelsen:<\/p>\n<p>&#8220;Der kan jo ske meget i et valg\u00e5r.&#8221; <a href=\"https:\/\/www.fmspks.dk\/\"><img loading=\"lazy\" decoding=\"async\" class=\"alignright size-full wp-image-42295\" src=\"https:\/\/kunmedierne.dk\/mors\/wp-content\/uploads\/2021\/03\/te1.jpg\" alt=\"\" width=\"1400\" height=\"125\" srcset=\"https:\/\/kunmedierne.dk\/mors\/wp-content\/uploads\/2021\/03\/te1.jpg 1400w, https:\/\/kunmedierne.dk\/mors\/wp-content\/uploads\/2021\/03\/te1-300x27.jpg 300w, https:\/\/kunmedierne.dk\/mors\/wp-content\/uploads\/2021\/03\/te1-1024x91.jpg 1024w, https:\/\/kunmedierne.dk\/mors\/wp-content\/uploads\/2021\/03\/te1-768x69.jpg 768w, https:\/\/kunmedierne.dk\/mors\/wp-content\/uploads\/2021\/03\/te1-600x54.jpg 600w\" sizes=\"auto, (max-width: 1400px) 100vw, 1400px\" \/><\/a><\/p>\n<blockquote>\n<h2>FAKTA<\/h2>\n<h4>Opgaverne for besk\u00e6ftigelses- og erhvervsudvalget bliver fordelt s\u00e5ledes:<\/h4>\n<ul>\n<li>Besk\u00e6ftigelse flyttes til det sociale udvalg, der bliver til udvalget for social, sundhed og besk\u00e6ftigelse.<\/li>\n<li>Turisme flyttes til b\u00f8rne- og kulturudvalget, der bliver til udvalget for b\u00f8rn, kultur og turisme.<\/li>\n<li>Erhverv og bos\u00e6tning flyttes til \u00f8konomiudvalget.<\/li>\n<\/ul>\n<\/blockquote>\n","protected":false},"excerpt":{"rendered":"<p>MORS: Fem udvalg bliver til fire, n\u00e5r den kommunalbestyrelse, der bliver valgt til november, skal i arbejdst\u00f8jet fra januar. Det vedtog en enig kommunalbestyrelse p\u00e5 sit m\u00f8de tirsdag, da man besluttede et nedl\u00e6gge besk\u00e6ftigelses- og erhvervsudvalget. Den nye udvalgsstruktur har baggrund i budget 2021, da det blev besluttet i 2022 at spare 200.000 kroner ved [&hellip;]<\/p>\n","protected":false},"author":8,"featured_media":18974,"comment_status":"open","ping_status":"open","sticky":false,"template":"","format":"standard","meta":{"_acf_changed":false,"footnotes":""},"categories":[51],"tags":[167],"class_list":["post-46175","post","type-post","status-publish","format-standard","has-post-thumbnail","hentry","category-lokalt","tag-politik"],"acf":[],"yoast_head":"<!-- This site is optimized with the Yoast SEO plugin v26.8 - https:\/\/yoast.com\/product\/yoast-seo-wordpress\/ -->\n<title>Kommunalbestyrelsen nedlagde et af sine udvalg - Mors<\/title>\n<meta name=\"robots\" content=\"index, follow, max-snippet:-1, max-image-preview:large, max-video-preview:-1\" \/>\n<link rel=\"canonical\" href=\"https:\/\/kunmedierne.dk\/mors\/kommunalbestyrelsen-nedlagde-et-af-sine-udvalg\/\" \/>\n<meta property=\"og:locale\" content=\"da_DK\" \/>\n<meta property=\"og:type\" content=\"article\" \/>\n<meta property=\"og:title\" content=\"Kommunalbestyrelsen nedlagde et af sine udvalg - Mors\" \/>\n<meta property=\"og:description\" content=\"MORS: Fem udvalg bliver til fire, n\u00e5r den kommunalbestyrelse, der bliver valgt til november, skal i arbejdst\u00f8jet fra januar. Det vedtog en enig kommunalbestyrelse p\u00e5 sit m\u00f8de tirsdag, da man besluttede et nedl\u00e6gge besk\u00e6ftigelses- og erhvervsudvalget. Den nye udvalgsstruktur har baggrund i budget 2021, da det blev besluttet i 2022 at spare 200.000 kroner ved [&hellip;]\" \/>\n<meta property=\"og:url\" content=\"https:\/\/kunmedierne.dk\/mors\/kommunalbestyrelsen-nedlagde-et-af-sine-udvalg\/\" \/>\n<meta property=\"og:site_name\" content=\"Mors\" \/>\n<meta property=\"article:published_time\" content=\"2021-06-02T14:55:46+00:00\" \/>\n<meta property=\"article:modified_time\" content=\"2024-08-07T12:45:44+00:00\" \/>\n<meta property=\"og:image\" content=\"https:\/\/kunmedierne.dk\/mors\/wp-content\/uploads\/2020\/04\/0-debat-ellen-philipsen-dahl-M.jpg\" \/>\n\t<meta property=\"og:image:width\" content=\"770\" \/>\n\t<meta property=\"og:image:height\" content=\"513\" \/>\n\t<meta property=\"og:image:type\" content=\"image\/jpeg\" \/>\n<meta name=\"author\" content=\"David H\u00f8jmark\" \/>\n<meta name=\"twitter:card\" content=\"summary_large_image\" \/>\n<meta name=\"twitter:label1\" content=\"Skrevet af\" \/>\n\t<meta name=\"twitter:data1\" content=\"David H\u00f8jmark\" \/>\n\t<meta name=\"twitter:label2\" content=\"Estimeret l\u00e6setid\" \/>\n\t<meta name=\"twitter:data2\" content=\"4 minutter\" \/>\n<script type=\"application\/ld+json\" class=\"yoast-schema-graph\">{\"@context\":\"https:\/\/schema.org\",\"@graph\":[{\"@type\":\"Article\",\"@id\":\"https:\/\/kunmedierne.dk\/mors\/kommunalbestyrelsen-nedlagde-et-af-sine-udvalg\/#article\",\"isPartOf\":{\"@id\":\"https:\/\/kunmedierne.dk\/mors\/kommunalbestyrelsen-nedlagde-et-af-sine-udvalg\/\"},\"author\":{\"name\":\"David H\u00f8jmark\",\"@id\":\"https:\/\/kunmedierne.dk\/mors\/#\/schema\/person\/5fe23251bf1d0abbcdc6f7896579d548\"},\"headline\":\"Kommunalbestyrelsen nedlagde et af sine udvalg\",\"datePublished\":\"2021-06-02T14:55:46+00:00\",\"dateModified\":\"2024-08-07T12:45:44+00:00\",\"mainEntityOfPage\":{\"@id\":\"https:\/\/kunmedierne.dk\/mors\/kommunalbestyrelsen-nedlagde-et-af-sine-udvalg\/\"},\"wordCount\":829,\"commentCount\":0,\"publisher\":{\"@id\":\"https:\/\/kunmedierne.dk\/mors\/#organization\"},\"image\":{\"@id\":\"https:\/\/kunmedierne.dk\/mors\/kommunalbestyrelsen-nedlagde-et-af-sine-udvalg\/#primaryimage\"},\"thumbnailUrl\":\"https:\/\/kunmedierne.dk\/mors\/wp-content\/uploads\/2020\/04\/0-debat-ellen-philipsen-dahl-M.jpg\",\"keywords\":[\"Politik\"],\"articleSection\":[\"Lokalt\"],\"inLanguage\":\"da-DK\",\"potentialAction\":[{\"@type\":\"CommentAction\",\"name\":\"Comment\",\"target\":[\"https:\/\/kunmedierne.dk\/mors\/kommunalbestyrelsen-nedlagde-et-af-sine-udvalg\/#respond\"]}]},{\"@type\":\"WebPage\",\"@id\":\"https:\/\/kunmedierne.dk\/mors\/kommunalbestyrelsen-nedlagde-et-af-sine-udvalg\/\",\"url\":\"https:\/\/kunmedierne.dk\/mors\/kommunalbestyrelsen-nedlagde-et-af-sine-udvalg\/\",\"name\":\"Kommunalbestyrelsen nedlagde et af sine udvalg - Mors\",\"isPartOf\":{\"@id\":\"https:\/\/kunmedierne.dk\/mors\/#website\"},\"primaryImageOfPage\":{\"@id\":\"https:\/\/kunmedierne.dk\/mors\/kommunalbestyrelsen-nedlagde-et-af-sine-udvalg\/#primaryimage\"},\"image\":{\"@id\":\"https:\/\/kunmedierne.dk\/mors\/kommunalbestyrelsen-nedlagde-et-af-sine-udvalg\/#primaryimage\"},\"thumbnailUrl\":\"https:\/\/kunmedierne.dk\/mors\/wp-content\/uploads\/2020\/04\/0-debat-ellen-philipsen-dahl-M.jpg\",\"datePublished\":\"2021-06-02T14:55:46+00:00\",\"dateModified\":\"2024-08-07T12:45:44+00:00\",\"breadcrumb\":{\"@id\":\"https:\/\/kunmedierne.dk\/mors\/kommunalbestyrelsen-nedlagde-et-af-sine-udvalg\/#breadcrumb\"},\"inLanguage\":\"da-DK\",\"potentialAction\":[{\"@type\":\"ReadAction\",\"target\":[\"https:\/\/kunmedierne.dk\/mors\/kommunalbestyrelsen-nedlagde-et-af-sine-udvalg\/\"]}]},{\"@type\":\"ImageObject\",\"inLanguage\":\"da-DK\",\"@id\":\"https:\/\/kunmedierne.dk\/mors\/kommunalbestyrelsen-nedlagde-et-af-sine-udvalg\/#primaryimage\",\"url\":\"https:\/\/kunmedierne.dk\/mors\/wp-content\/uploads\/2020\/04\/0-debat-ellen-philipsen-dahl-M.jpg\",\"contentUrl\":\"https:\/\/kunmedierne.dk\/mors\/wp-content\/uploads\/2020\/04\/0-debat-ellen-philipsen-dahl-M.jpg\",\"width\":770,\"height\":513,\"caption\":\"Ellen Philipsen Dahl. Foto: Per Bech\/Mors\u00f8 Kommune.\"},{\"@type\":\"BreadcrumbList\",\"@id\":\"https:\/\/kunmedierne.dk\/mors\/kommunalbestyrelsen-nedlagde-et-af-sine-udvalg\/#breadcrumb\",\"itemListElement\":[{\"@type\":\"ListItem\",\"position\":1,\"name\":\"Hjem\",\"item\":\"https:\/\/kunmedierne.dk\/mors\/\"},{\"@type\":\"ListItem\",\"position\":2,\"name\":\"Kommunalbestyrelsen nedlagde et af sine udvalg\"}]},{\"@type\":\"WebSite\",\"@id\":\"https:\/\/kunmedierne.dk\/mors\/#website\",\"url\":\"https:\/\/kunmedierne.dk\/mors\/\",\"name\":\"Mors\",\"description\":\"et netmedie med journalistik om livet p\u00e5 Mors\",\"publisher\":{\"@id\":\"https:\/\/kunmedierne.dk\/mors\/#organization\"},\"potentialAction\":[{\"@type\":\"SearchAction\",\"target\":{\"@type\":\"EntryPoint\",\"urlTemplate\":\"https:\/\/kunmedierne.dk\/mors\/?s={search_term_string}\"},\"query-input\":{\"@type\":\"PropertyValueSpecification\",\"valueRequired\":true,\"valueName\":\"search_term_string\"}}],\"inLanguage\":\"da-DK\"},{\"@type\":\"Organization\",\"@id\":\"https:\/\/kunmedierne.dk\/mors\/#organization\",\"name\":\"Mors\",\"url\":\"https:\/\/kunmedierne.dk\/mors\/\",\"logo\":{\"@type\":\"ImageObject\",\"inLanguage\":\"da-DK\",\"@id\":\"https:\/\/kunmedierne.dk\/mors\/#\/schema\/logo\/image\/\",\"url\":\"https:\/\/kunmedierne.dk\/mors\/wp-content\/uploads\/2024\/08\/kunmors-logo.svg\",\"contentUrl\":\"https:\/\/kunmedierne.dk\/mors\/wp-content\/uploads\/2024\/08\/kunmors-logo.svg\",\"caption\":\"Mors\"},\"image\":{\"@id\":\"https:\/\/kunmedierne.dk\/mors\/#\/schema\/logo\/image\/\"}},{\"@type\":\"Person\",\"@id\":\"https:\/\/kunmedierne.dk\/mors\/#\/schema\/person\/5fe23251bf1d0abbcdc6f7896579d548\",\"name\":\"David H\u00f8jmark\",\"image\":{\"@type\":\"ImageObject\",\"inLanguage\":\"da-DK\",\"@id\":\"https:\/\/kunmedierne.dk\/mors\/#\/schema\/person\/image\/\",\"url\":\"https:\/\/secure.gravatar.com\/avatar\/4315d6fb9ef244d729989f5f90268eb08d5bf8a3d84402f595fa194bb35784fd?s=96&d=mm&r=g\",\"contentUrl\":\"https:\/\/secure.gravatar.com\/avatar\/4315d6fb9ef244d729989f5f90268eb08d5bf8a3d84402f595fa194bb35784fd?s=96&d=mm&r=g\",\"caption\":\"David H\u00f8jmark\"},\"sameAs\":[\"https:\/\/www.kunmedierne.dk\"],\"url\":\"https:\/\/kunmedierne.dk\/mors\/author\/david\/\"}]}<\/script>\n<!-- \/ Yoast SEO plugin. -->","yoast_head_json":{"title":"Kommunalbestyrelsen nedlagde et af sine udvalg - Mors","robots":{"index":"index","follow":"follow","max-snippet":"max-snippet:-1","max-image-preview":"max-image-preview:large","max-video-preview":"max-video-preview:-1"},"canonical":"https:\/\/kunmedierne.dk\/mors\/kommunalbestyrelsen-nedlagde-et-af-sine-udvalg\/","og_locale":"da_DK","og_type":"article","og_title":"Kommunalbestyrelsen nedlagde et af sine udvalg - Mors","og_description":"MORS: Fem udvalg bliver til fire, n\u00e5r den kommunalbestyrelse, der bliver valgt til november, skal i arbejdst\u00f8jet fra januar. Det vedtog en enig kommunalbestyrelse p\u00e5 sit m\u00f8de tirsdag, da man besluttede et nedl\u00e6gge besk\u00e6ftigelses- og erhvervsudvalget. Den nye udvalgsstruktur har baggrund i budget 2021, da det blev besluttet i 2022 at spare 200.000 kroner ved [&hellip;]","og_url":"https:\/\/kunmedierne.dk\/mors\/kommunalbestyrelsen-nedlagde-et-af-sine-udvalg\/","og_site_name":"Mors","article_published_time":"2021-06-02T14:55:46+00:00","article_modified_time":"2024-08-07T12:45:44+00:00","og_image":[{"width":770,"height":513,"url":"https:\/\/kunmedierne.dk\/mors\/wp-content\/uploads\/2020\/04\/0-debat-ellen-philipsen-dahl-M.jpg","type":"image\/jpeg"}],"author":"David H\u00f8jmark","twitter_card":"summary_large_image","twitter_misc":{"Skrevet af":"David H\u00f8jmark","Estimeret l\u00e6setid":"4 minutter"},"schema":{"@context":"https:\/\/schema.org","@graph":[{"@type":"Article","@id":"https:\/\/kunmedierne.dk\/mors\/kommunalbestyrelsen-nedlagde-et-af-sine-udvalg\/#article","isPartOf":{"@id":"https:\/\/kunmedierne.dk\/mors\/kommunalbestyrelsen-nedlagde-et-af-sine-udvalg\/"},"author":{"name":"David H\u00f8jmark","@id":"https:\/\/kunmedierne.dk\/mors\/#\/schema\/person\/5fe23251bf1d0abbcdc6f7896579d548"},"headline":"Kommunalbestyrelsen nedlagde et af sine udvalg","datePublished":"2021-06-02T14:55:46+00:00","dateModified":"2024-08-07T12:45:44+00:00","mainEntityOfPage":{"@id":"https:\/\/kunmedierne.dk\/mors\/kommunalbestyrelsen-nedlagde-et-af-sine-udvalg\/"},"wordCount":829,"commentCount":0,"publisher":{"@id":"https:\/\/kunmedierne.dk\/mors\/#organization"},"image":{"@id":"https:\/\/kunmedierne.dk\/mors\/kommunalbestyrelsen-nedlagde-et-af-sine-udvalg\/#primaryimage"},"thumbnailUrl":"https:\/\/kunmedierne.dk\/mors\/wp-content\/uploads\/2020\/04\/0-debat-ellen-philipsen-dahl-M.jpg","keywords":["Politik"],"articleSection":["Lokalt"],"inLanguage":"da-DK","potentialAction":[{"@type":"CommentAction","name":"Comment","target":["https:\/\/kunmedierne.dk\/mors\/kommunalbestyrelsen-nedlagde-et-af-sine-udvalg\/#respond"]}]},{"@type":"WebPage","@id":"https:\/\/kunmedierne.dk\/mors\/kommunalbestyrelsen-nedlagde-et-af-sine-udvalg\/","url":"https:\/\/kunmedierne.dk\/mors\/kommunalbestyrelsen-nedlagde-et-af-sine-udvalg\/","name":"Kommunalbestyrelsen nedlagde et af sine udvalg - Mors","isPartOf":{"@id":"https:\/\/kunmedierne.dk\/mors\/#website"},"primaryImageOfPage":{"@id":"https:\/\/kunmedierne.dk\/mors\/kommunalbestyrelsen-nedlagde-et-af-sine-udvalg\/#primaryimage"},"image":{"@id":"https:\/\/kunmedierne.dk\/mors\/kommunalbestyrelsen-nedlagde-et-af-sine-udvalg\/#primaryimage"},"thumbnailUrl":"https:\/\/kunmedierne.dk\/mors\/wp-content\/uploads\/2020\/04\/0-debat-ellen-philipsen-dahl-M.jpg","datePublished":"2021-06-02T14:55:46+00:00","dateModified":"2024-08-07T12:45:44+00:00","breadcrumb":{"@id":"https:\/\/kunmedierne.dk\/mors\/kommunalbestyrelsen-nedlagde-et-af-sine-udvalg\/#breadcrumb"},"inLanguage":"da-DK","potentialAction":[{"@type":"ReadAction","target":["https:\/\/kunmedierne.dk\/mors\/kommunalbestyrelsen-nedlagde-et-af-sine-udvalg\/"]}]},{"@type":"ImageObject","inLanguage":"da-DK","@id":"https:\/\/kunmedierne.dk\/mors\/kommunalbestyrelsen-nedlagde-et-af-sine-udvalg\/#primaryimage","url":"https:\/\/kunmedierne.dk\/mors\/wp-content\/uploads\/2020\/04\/0-debat-ellen-philipsen-dahl-M.jpg","contentUrl":"https:\/\/kunmedierne.dk\/mors\/wp-content\/uploads\/2020\/04\/0-debat-ellen-philipsen-dahl-M.jpg","width":770,"height":513,"caption":"Ellen Philipsen Dahl. Foto: Per Bech\/Mors\u00f8 Kommune."},{"@type":"BreadcrumbList","@id":"https:\/\/kunmedierne.dk\/mors\/kommunalbestyrelsen-nedlagde-et-af-sine-udvalg\/#breadcrumb","itemListElement":[{"@type":"ListItem","position":1,"name":"Hjem","item":"https:\/\/kunmedierne.dk\/mors\/"},{"@type":"ListItem","position":2,"name":"Kommunalbestyrelsen nedlagde et af sine udvalg"}]},{"@type":"WebSite","@id":"https:\/\/kunmedierne.dk\/mors\/#website","url":"https:\/\/kunmedierne.dk\/mors\/","name":"Mors","description":"et netmedie med journalistik om livet p\u00e5 Mors","publisher":{"@id":"https:\/\/kunmedierne.dk\/mors\/#organization"},"potentialAction":[{"@type":"SearchAction","target":{"@type":"EntryPoint","urlTemplate":"https:\/\/kunmedierne.dk\/mors\/?s={search_term_string}"},"query-input":{"@type":"PropertyValueSpecification","valueRequired":true,"valueName":"search_term_string"}}],"inLanguage":"da-DK"},{"@type":"Organization","@id":"https:\/\/kunmedierne.dk\/mors\/#organization","name":"Mors","url":"https:\/\/kunmedierne.dk\/mors\/","logo":{"@type":"ImageObject","inLanguage":"da-DK","@id":"https:\/\/kunmedierne.dk\/mors\/#\/schema\/logo\/image\/","url":"https:\/\/kunmedierne.dk\/mors\/wp-content\/uploads\/2024\/08\/kunmors-logo.svg","contentUrl":"https:\/\/kunmedierne.dk\/mors\/wp-content\/uploads\/2024\/08\/kunmors-logo.svg","caption":"Mors"},"image":{"@id":"https:\/\/kunmedierne.dk\/mors\/#\/schema\/logo\/image\/"}},{"@type":"Person","@id":"https:\/\/kunmedierne.dk\/mors\/#\/schema\/person\/5fe23251bf1d0abbcdc6f7896579d548","name":"David H\u00f8jmark","image":{"@type":"ImageObject","inLanguage":"da-DK","@id":"https:\/\/kunmedierne.dk\/mors\/#\/schema\/person\/image\/","url":"https:\/\/secure.gravatar.com\/avatar\/4315d6fb9ef244d729989f5f90268eb08d5bf8a3d84402f595fa194bb35784fd?s=96&d=mm&r=g","contentUrl":"https:\/\/secure.gravatar.com\/avatar\/4315d6fb9ef244d729989f5f90268eb08d5bf8a3d84402f595fa194bb35784fd?s=96&d=mm&r=g","caption":"David H\u00f8jmark"},"sameAs":["https:\/\/www.kunmedierne.dk"],"url":"https:\/\/kunmedierne.dk\/mors\/author\/david\/"}]}},"_links":{"self":[{"href":"https:\/\/kunmedierne.dk\/mors\/wp-json\/wp\/v2\/posts\/46175","targetHints":{"allow":["GET"]}}],"collection":[{"href":"https:\/\/kunmedierne.dk\/mors\/wp-json\/wp\/v2\/posts"}],"about":[{"href":"https:\/\/kunmedierne.dk\/mors\/wp-json\/wp\/v2\/types\/post"}],"author":[{"embeddable":true,"href":"https:\/\/kunmedierne.dk\/mors\/wp-json\/wp\/v2\/users\/8"}],"replies":[{"embeddable":true,"href":"https:\/\/kunmedierne.dk\/mors\/wp-json\/wp\/v2\/comments?post=46175"}],"version-history":[{"count":8,"href":"https:\/\/kunmedierne.dk\/mors\/wp-json\/wp\/v2\/posts\/46175\/revisions"}],"predecessor-version":[{"id":46184,"href":"https:\/\/kunmedierne.dk\/mors\/wp-json\/wp\/v2\/posts\/46175\/revisions\/46184"}],"wp:featuredmedia":[{"embeddable":true,"href":"https:\/\/kunmedierne.dk\/mors\/wp-json\/wp\/v2\/media\/18974"}],"wp:attachment":[{"href":"https:\/\/kunmedierne.dk\/mors\/wp-json\/wp\/v2\/media?parent=46175"}],"wp:term":[{"taxonomy":"category","embeddable":true,"href":"https:\/\/kunmedierne.dk\/mors\/wp-json\/wp\/v2\/categories?post=46175"},{"taxonomy":"post_tag","embeddable":true,"href":"https:\/\/kunmedierne.dk\/mors\/wp-json\/wp\/v2\/tags?post=46175"}],"curies":[{"name":"wp","href":"https:\/\/api.w.org\/{rel}","templated":true}]}}