{"id":46131,"date":"2021-06-01T19:52:53","date_gmt":"2021-06-01T17:52:53","guid":{"rendered":"https:\/\/kunmedierne.dk\/mors\/?p=46131"},"modified":"2024-08-07T14:45:44","modified_gmt":"2024-08-07T12:45:44","slug":"ridderkorset-til-peter-therkildsen","status":"publish","type":"post","link":"https:\/\/kunmedierne.dk\/mors\/ridderkorset-til-peter-therkildsen\/","title":{"rendered":"Ridderkorset til Peter Therkildsen"},"content":{"rendered":"<p><strong>NYK\u00d8BING<\/strong>: Peter Therkildsen fra Erslev har modtaget Dannebrogsordenens ridderkors.<\/p>\n<p>Det gjorde han ved \u00e5bningen af tirsdagens m\u00f8de i kommunalbestyrelsen, da borgmester Hans Ejner Bertelsen (V) indledte med at overr\u00e6kke sin partif\u00e6lle den fine orden.<\/p>\n<p>Det gjorde han p\u00e5 vegne af alle, der igennem \u00e5rene har arbejdet sammen med den rutinerede politiker, der har siddet 23 \u00e5r i kommunalbestyrelsen og desuden repr\u00e6senteret Mors i Viborg Amtsr\u00e5d og i regionsr\u00e5det for Region Nordjylland.<\/p>\n<p>&#8220;I indstillingen til ridderkorset har vi blandt andet skrevet, at du har varetaget alle dine poster med interesse og samarbejdsvilje. Du er pligtopfyldende og engageret &#8211; og s\u00e5 har jeg tilf\u00f8jet: &#8216;vedholdende&#8217;,&#8221; sagde Hans Ejner Bertelsen. <a href=\"https:\/\/vester-begr.dk\"><img loading=\"lazy\" decoding=\"async\" class=\"alignright size-full wp-image-44958\" src=\"https:\/\/kunmedierne.dk\/mors\/wp-content\/uploads\/2021\/05\/te2ny.jpg\" alt=\"\" width=\"1400\" height=\"125\" srcset=\"https:\/\/kunmedierne.dk\/mors\/wp-content\/uploads\/2021\/05\/te2ny.jpg 1400w, https:\/\/kunmedierne.dk\/mors\/wp-content\/uploads\/2021\/05\/te2ny-300x27.jpg 300w, https:\/\/kunmedierne.dk\/mors\/wp-content\/uploads\/2021\/05\/te2ny-1024x91.jpg 1024w, https:\/\/kunmedierne.dk\/mors\/wp-content\/uploads\/2021\/05\/te2ny-768x69.jpg 768w, https:\/\/kunmedierne.dk\/mors\/wp-content\/uploads\/2021\/05\/te2ny-600x54.jpg 600w\" sizes=\"auto, (max-width: 1400px) 100vw, 1400px\" \/><\/a><\/p>\n<p>Han beskrev Peter Therkildsen som lydh\u00f8r og im\u00f8dekommende over for henvendelser fra borgere, og s\u00e5 fremh\u00e6vede han ordensmodtageren for den store m\u00e6ngde frivillige arbejde, han har gjort, og det store engagement for veteranerne i Thy, Mors og Salling.<\/p>\n<p>&#8220;S\u00e5 jeg vil bare sige et rigtig stort og hjerteligt tillykke p\u00e5 vegne af Mors\u00f8 Kommune og ogs\u00e5 af mig personligt,&#8221; sagde Hans Ejner Bertesen.<\/p>\n<p>&nbsp;<\/p>\n<p><strong>Stolt, be\u00e6ret og ydmyg<\/strong><\/p>\n<p>Peter Therkildsen tog ordet og takkede alle i den t\u00e6tpakkede byr\u00e5dssal for opm\u00e6rksomheden.<\/p>\n<p>&#8220;Jeg l\u00e6ste i Livskunstens almanak i dag, at der st\u00e5r: &#8216;Grib lykken i farten og nyd den, mens du har den.&#8217; Man m\u00e5 jo godt v\u00e6re lidt stolt og be\u00e6ret, n\u00e5r man f\u00e5r ridderkorset. Det kommer jo ikke af sig selv, men m\u00e5ske kommer det lidt tilf\u00e6ldigt,&#8221; sagde han med tilf\u00f8jelsen, at de s\u00e6rlige vurderinger, der ligger hans modtagelse af ridderkorset, allerede var n\u00e6vnt af borgmesteren.<\/p>\n<p>&#8220;Og n\u00e5r det s\u00e5 kommer til mig, er jeg b\u00e5de stolt og ydmyg,&#8221; sagde Peter Therkildsen &#8211; m\u00e5ske med baggrund i en opv\u00e6kst med fattige for\u00e6ldre.\u00a0 <img loading=\"lazy\" decoding=\"async\" class=\"alignright size-full wp-image-42300\" src=\"https:\/\/kunmedierne.dk\/mors\/wp-content\/uploads\/2021\/03\/te3.jpg\" alt=\"\" width=\"1400\" height=\"125\" srcset=\"https:\/\/kunmedierne.dk\/mors\/wp-content\/uploads\/2021\/03\/te3.jpg 1400w, https:\/\/kunmedierne.dk\/mors\/wp-content\/uploads\/2021\/03\/te3-300x27.jpg 300w, https:\/\/kunmedierne.dk\/mors\/wp-content\/uploads\/2021\/03\/te3-1024x91.jpg 1024w, https:\/\/kunmedierne.dk\/mors\/wp-content\/uploads\/2021\/03\/te3-768x69.jpg 768w, https:\/\/kunmedierne.dk\/mors\/wp-content\/uploads\/2021\/03\/te3-600x54.jpg 600w\" sizes=\"auto, (max-width: 1400px) 100vw, 1400px\" \/><\/p>\n<p>Som voksen er det, udover det politiske arbejde, blevet til n\u00e6sten 40 \u00e5r i Forsvaret og en stor bunke frivilligt arbejde &#8211; blandt andet som formand for Mors\u00f8 HK.<\/p>\n<p>Og s\u00e5 er det blevet til utallige m\u00f8der i velkl\u00e6dt form &#8211; ikke mindst takket v\u00e6re hustruen Anna Marie, som Peter Therkildsen gav en s\u00e6rlig tak.<\/p>\n<p>Ogs\u00e5 i en helt konkret betydning.<\/p>\n<p>&#8220;Jeg tror aldrig, der har v\u00e6ret et m\u00f8de, uden at jeg har m\u00f8dt i en renvasket og nystr\u00f8get skjorte. Og jeg har aldrig selv gjort det,&#8221; sagde han.<\/p>\n<p>L\u00e6s mere om Peter Therkildsens modtagelse af Dannebrogsordenens ridderkors p\u00e5 KunMors onsdag.<\/p>\n<div id=\"attachment_46138\" style=\"width: 780px\" class=\"wp-caption alignright\"><img loading=\"lazy\" decoding=\"async\" aria-describedby=\"caption-attachment-46138\" class=\"size-full wp-image-46138\" src=\"https:\/\/kunmedierne.dk\/mors\/wp-content\/uploads\/2021\/06\/ridderkors2.jpg\" alt=\"\" width=\"770\" height=\"514\" srcset=\"https:\/\/kunmedierne.dk\/mors\/wp-content\/uploads\/2021\/06\/ridderkors2.jpg 770w, https:\/\/kunmedierne.dk\/mors\/wp-content\/uploads\/2021\/06\/ridderkors2-300x200.jpg 300w, https:\/\/kunmedierne.dk\/mors\/wp-content\/uploads\/2021\/06\/ridderkors2-768x513.jpg 768w, https:\/\/kunmedierne.dk\/mors\/wp-content\/uploads\/2021\/06\/ridderkors2-360x240.jpg 360w, https:\/\/kunmedierne.dk\/mors\/wp-content\/uploads\/2021\/06\/ridderkors2-600x401.jpg 600w\" sizes=\"auto, (max-width: 770px) 100vw, 770px\" \/><p id=\"caption-attachment-46138\" class=\"wp-caption-text\">Der var st\u00e5ende klapsalver i byr\u00e5dssalen efter modtagelsen.<\/p><\/div>\n","protected":false},"excerpt":{"rendered":"<p>NYK\u00d8BING: Peter Therkildsen fra Erslev har modtaget Dannebrogsordenens ridderkors. Det gjorde han ved \u00e5bningen af tirsdagens m\u00f8de i kommunalbestyrelsen, da borgmester Hans Ejner Bertelsen (V) indledte med at overr\u00e6kke sin partif\u00e6lle den fine orden. Det gjorde han p\u00e5 vegne af alle, der igennem \u00e5rene har arbejdet sammen med den rutinerede politiker, der har siddet 23 [&hellip;]<\/p>\n","protected":false},"author":8,"featured_media":46137,"comment_status":"open","ping_status":"open","sticky":false,"template":"","format":"standard","meta":{"_acf_changed":false,"footnotes":""},"categories":[51],"tags":[167],"class_list":["post-46131","post","type-post","status-publish","format-standard","has-post-thumbnail","hentry","category-lokalt","tag-politik"],"acf":[],"yoast_head":"<!-- This site is optimized with the Yoast SEO plugin v26.8 - https:\/\/yoast.com\/product\/yoast-seo-wordpress\/ -->\n<title>Ridderkorset til Peter Therkildsen - Mors<\/title>\n<meta name=\"robots\" content=\"index, follow, max-snippet:-1, max-image-preview:large, max-video-preview:-1\" \/>\n<link rel=\"canonical\" href=\"https:\/\/kunmedierne.dk\/mors\/ridderkorset-til-peter-therkildsen\/\" \/>\n<meta property=\"og:locale\" content=\"da_DK\" \/>\n<meta property=\"og:type\" content=\"article\" \/>\n<meta property=\"og:title\" content=\"Ridderkorset til Peter Therkildsen - Mors\" \/>\n<meta property=\"og:description\" content=\"NYK\u00d8BING: Peter Therkildsen fra Erslev har modtaget Dannebrogsordenens ridderkors. Det gjorde han ved \u00e5bningen af tirsdagens m\u00f8de i kommunalbestyrelsen, da borgmester Hans Ejner Bertelsen (V) indledte med at overr\u00e6kke sin partif\u00e6lle den fine orden. Det gjorde han p\u00e5 vegne af alle, der igennem \u00e5rene har arbejdet sammen med den rutinerede politiker, der har siddet 23 [&hellip;]\" \/>\n<meta property=\"og:url\" content=\"https:\/\/kunmedierne.dk\/mors\/ridderkorset-til-peter-therkildsen\/\" \/>\n<meta property=\"og:site_name\" content=\"Mors\" \/>\n<meta property=\"article:published_time\" content=\"2021-06-01T17:52:53+00:00\" \/>\n<meta property=\"article:modified_time\" content=\"2024-08-07T12:45:44+00:00\" \/>\n<meta property=\"og:image\" content=\"https:\/\/kunmedierne.dk\/mors\/wp-content\/uploads\/2021\/06\/ridderkors1.jpg\" \/>\n\t<meta property=\"og:image:width\" content=\"770\" \/>\n\t<meta property=\"og:image:height\" content=\"514\" \/>\n\t<meta property=\"og:image:type\" content=\"image\/jpeg\" \/>\n<meta name=\"author\" content=\"David H\u00f8jmark\" \/>\n<meta name=\"twitter:card\" content=\"summary_large_image\" \/>\n<meta name=\"twitter:label1\" content=\"Skrevet af\" \/>\n\t<meta name=\"twitter:data1\" content=\"David H\u00f8jmark\" \/>\n\t<meta name=\"twitter:label2\" content=\"Estimeret l\u00e6setid\" \/>\n\t<meta name=\"twitter:data2\" content=\"2 minutter\" \/>\n<script type=\"application\/ld+json\" class=\"yoast-schema-graph\">{\"@context\":\"https:\/\/schema.org\",\"@graph\":[{\"@type\":\"Article\",\"@id\":\"https:\/\/kunmedierne.dk\/mors\/ridderkorset-til-peter-therkildsen\/#article\",\"isPartOf\":{\"@id\":\"https:\/\/kunmedierne.dk\/mors\/ridderkorset-til-peter-therkildsen\/\"},\"author\":{\"name\":\"David H\u00f8jmark\",\"@id\":\"https:\/\/kunmedierne.dk\/mors\/#\/schema\/person\/5fe23251bf1d0abbcdc6f7896579d548\"},\"headline\":\"Ridderkorset til Peter Therkildsen\",\"datePublished\":\"2021-06-01T17:52:53+00:00\",\"dateModified\":\"2024-08-07T12:45:44+00:00\",\"mainEntityOfPage\":{\"@id\":\"https:\/\/kunmedierne.dk\/mors\/ridderkorset-til-peter-therkildsen\/\"},\"wordCount\":442,\"commentCount\":0,\"publisher\":{\"@id\":\"https:\/\/kunmedierne.dk\/mors\/#organization\"},\"image\":{\"@id\":\"https:\/\/kunmedierne.dk\/mors\/ridderkorset-til-peter-therkildsen\/#primaryimage\"},\"thumbnailUrl\":\"https:\/\/kunmedierne.dk\/mors\/wp-content\/uploads\/2021\/06\/ridderkors1.jpg\",\"keywords\":[\"Politik\"],\"articleSection\":[\"Lokalt\"],\"inLanguage\":\"da-DK\",\"potentialAction\":[{\"@type\":\"CommentAction\",\"name\":\"Comment\",\"target\":[\"https:\/\/kunmedierne.dk\/mors\/ridderkorset-til-peter-therkildsen\/#respond\"]}]},{\"@type\":\"WebPage\",\"@id\":\"https:\/\/kunmedierne.dk\/mors\/ridderkorset-til-peter-therkildsen\/\",\"url\":\"https:\/\/kunmedierne.dk\/mors\/ridderkorset-til-peter-therkildsen\/\",\"name\":\"Ridderkorset til Peter Therkildsen - Mors\",\"isPartOf\":{\"@id\":\"https:\/\/kunmedierne.dk\/mors\/#website\"},\"primaryImageOfPage\":{\"@id\":\"https:\/\/kunmedierne.dk\/mors\/ridderkorset-til-peter-therkildsen\/#primaryimage\"},\"image\":{\"@id\":\"https:\/\/kunmedierne.dk\/mors\/ridderkorset-til-peter-therkildsen\/#primaryimage\"},\"thumbnailUrl\":\"https:\/\/kunmedierne.dk\/mors\/wp-content\/uploads\/2021\/06\/ridderkors1.jpg\",\"datePublished\":\"2021-06-01T17:52:53+00:00\",\"dateModified\":\"2024-08-07T12:45:44+00:00\",\"breadcrumb\":{\"@id\":\"https:\/\/kunmedierne.dk\/mors\/ridderkorset-til-peter-therkildsen\/#breadcrumb\"},\"inLanguage\":\"da-DK\",\"potentialAction\":[{\"@type\":\"ReadAction\",\"target\":[\"https:\/\/kunmedierne.dk\/mors\/ridderkorset-til-peter-therkildsen\/\"]}]},{\"@type\":\"ImageObject\",\"inLanguage\":\"da-DK\",\"@id\":\"https:\/\/kunmedierne.dk\/mors\/ridderkorset-til-peter-therkildsen\/#primaryimage\",\"url\":\"https:\/\/kunmedierne.dk\/mors\/wp-content\/uploads\/2021\/06\/ridderkors1.jpg\",\"contentUrl\":\"https:\/\/kunmedierne.dk\/mors\/wp-content\/uploads\/2021\/06\/ridderkors1.jpg\",\"width\":770,\"height\":514,\"caption\":\"Peter Therkildsen fik overrakt ridderkorset af borgmester Hans Ejner Bertelsen.\"},{\"@type\":\"BreadcrumbList\",\"@id\":\"https:\/\/kunmedierne.dk\/mors\/ridderkorset-til-peter-therkildsen\/#breadcrumb\",\"itemListElement\":[{\"@type\":\"ListItem\",\"position\":1,\"name\":\"Hjem\",\"item\":\"https:\/\/kunmedierne.dk\/mors\/\"},{\"@type\":\"ListItem\",\"position\":2,\"name\":\"Ridderkorset til Peter Therkildsen\"}]},{\"@type\":\"WebSite\",\"@id\":\"https:\/\/kunmedierne.dk\/mors\/#website\",\"url\":\"https:\/\/kunmedierne.dk\/mors\/\",\"name\":\"Mors\",\"description\":\"et netmedie med journalistik om livet p\u00e5 Mors\",\"publisher\":{\"@id\":\"https:\/\/kunmedierne.dk\/mors\/#organization\"},\"potentialAction\":[{\"@type\":\"SearchAction\",\"target\":{\"@type\":\"EntryPoint\",\"urlTemplate\":\"https:\/\/kunmedierne.dk\/mors\/?s={search_term_string}\"},\"query-input\":{\"@type\":\"PropertyValueSpecification\",\"valueRequired\":true,\"valueName\":\"search_term_string\"}}],\"inLanguage\":\"da-DK\"},{\"@type\":\"Organization\",\"@id\":\"https:\/\/kunmedierne.dk\/mors\/#organization\",\"name\":\"Mors\",\"url\":\"https:\/\/kunmedierne.dk\/mors\/\",\"logo\":{\"@type\":\"ImageObject\",\"inLanguage\":\"da-DK\",\"@id\":\"https:\/\/kunmedierne.dk\/mors\/#\/schema\/logo\/image\/\",\"url\":\"https:\/\/kunmedierne.dk\/mors\/wp-content\/uploads\/2024\/08\/kunmors-logo.svg\",\"contentUrl\":\"https:\/\/kunmedierne.dk\/mors\/wp-content\/uploads\/2024\/08\/kunmors-logo.svg\",\"caption\":\"Mors\"},\"image\":{\"@id\":\"https:\/\/kunmedierne.dk\/mors\/#\/schema\/logo\/image\/\"}},{\"@type\":\"Person\",\"@id\":\"https:\/\/kunmedierne.dk\/mors\/#\/schema\/person\/5fe23251bf1d0abbcdc6f7896579d548\",\"name\":\"David H\u00f8jmark\",\"image\":{\"@type\":\"ImageObject\",\"inLanguage\":\"da-DK\",\"@id\":\"https:\/\/kunmedierne.dk\/mors\/#\/schema\/person\/image\/\",\"url\":\"https:\/\/secure.gravatar.com\/avatar\/4315d6fb9ef244d729989f5f90268eb08d5bf8a3d84402f595fa194bb35784fd?s=96&d=mm&r=g\",\"contentUrl\":\"https:\/\/secure.gravatar.com\/avatar\/4315d6fb9ef244d729989f5f90268eb08d5bf8a3d84402f595fa194bb35784fd?s=96&d=mm&r=g\",\"caption\":\"David H\u00f8jmark\"},\"sameAs\":[\"https:\/\/www.kunmedierne.dk\"],\"url\":\"https:\/\/kunmedierne.dk\/mors\/author\/david\/\"}]}<\/script>\n<!-- \/ Yoast SEO plugin. -->","yoast_head_json":{"title":"Ridderkorset til Peter Therkildsen - Mors","robots":{"index":"index","follow":"follow","max-snippet":"max-snippet:-1","max-image-preview":"max-image-preview:large","max-video-preview":"max-video-preview:-1"},"canonical":"https:\/\/kunmedierne.dk\/mors\/ridderkorset-til-peter-therkildsen\/","og_locale":"da_DK","og_type":"article","og_title":"Ridderkorset til Peter Therkildsen - Mors","og_description":"NYK\u00d8BING: Peter Therkildsen fra Erslev har modtaget Dannebrogsordenens ridderkors. Det gjorde han ved \u00e5bningen af tirsdagens m\u00f8de i kommunalbestyrelsen, da borgmester Hans Ejner Bertelsen (V) indledte med at overr\u00e6kke sin partif\u00e6lle den fine orden. Det gjorde han p\u00e5 vegne af alle, der igennem \u00e5rene har arbejdet sammen med den rutinerede politiker, der har siddet 23 [&hellip;]","og_url":"https:\/\/kunmedierne.dk\/mors\/ridderkorset-til-peter-therkildsen\/","og_site_name":"Mors","article_published_time":"2021-06-01T17:52:53+00:00","article_modified_time":"2024-08-07T12:45:44+00:00","og_image":[{"width":770,"height":514,"url":"https:\/\/kunmedierne.dk\/mors\/wp-content\/uploads\/2021\/06\/ridderkors1.jpg","type":"image\/jpeg"}],"author":"David H\u00f8jmark","twitter_card":"summary_large_image","twitter_misc":{"Skrevet af":"David H\u00f8jmark","Estimeret l\u00e6setid":"2 minutter"},"schema":{"@context":"https:\/\/schema.org","@graph":[{"@type":"Article","@id":"https:\/\/kunmedierne.dk\/mors\/ridderkorset-til-peter-therkildsen\/#article","isPartOf":{"@id":"https:\/\/kunmedierne.dk\/mors\/ridderkorset-til-peter-therkildsen\/"},"author":{"name":"David H\u00f8jmark","@id":"https:\/\/kunmedierne.dk\/mors\/#\/schema\/person\/5fe23251bf1d0abbcdc6f7896579d548"},"headline":"Ridderkorset til Peter Therkildsen","datePublished":"2021-06-01T17:52:53+00:00","dateModified":"2024-08-07T12:45:44+00:00","mainEntityOfPage":{"@id":"https:\/\/kunmedierne.dk\/mors\/ridderkorset-til-peter-therkildsen\/"},"wordCount":442,"commentCount":0,"publisher":{"@id":"https:\/\/kunmedierne.dk\/mors\/#organization"},"image":{"@id":"https:\/\/kunmedierne.dk\/mors\/ridderkorset-til-peter-therkildsen\/#primaryimage"},"thumbnailUrl":"https:\/\/kunmedierne.dk\/mors\/wp-content\/uploads\/2021\/06\/ridderkors1.jpg","keywords":["Politik"],"articleSection":["Lokalt"],"inLanguage":"da-DK","potentialAction":[{"@type":"CommentAction","name":"Comment","target":["https:\/\/kunmedierne.dk\/mors\/ridderkorset-til-peter-therkildsen\/#respond"]}]},{"@type":"WebPage","@id":"https:\/\/kunmedierne.dk\/mors\/ridderkorset-til-peter-therkildsen\/","url":"https:\/\/kunmedierne.dk\/mors\/ridderkorset-til-peter-therkildsen\/","name":"Ridderkorset til Peter Therkildsen - Mors","isPartOf":{"@id":"https:\/\/kunmedierne.dk\/mors\/#website"},"primaryImageOfPage":{"@id":"https:\/\/kunmedierne.dk\/mors\/ridderkorset-til-peter-therkildsen\/#primaryimage"},"image":{"@id":"https:\/\/kunmedierne.dk\/mors\/ridderkorset-til-peter-therkildsen\/#primaryimage"},"thumbnailUrl":"https:\/\/kunmedierne.dk\/mors\/wp-content\/uploads\/2021\/06\/ridderkors1.jpg","datePublished":"2021-06-01T17:52:53+00:00","dateModified":"2024-08-07T12:45:44+00:00","breadcrumb":{"@id":"https:\/\/kunmedierne.dk\/mors\/ridderkorset-til-peter-therkildsen\/#breadcrumb"},"inLanguage":"da-DK","potentialAction":[{"@type":"ReadAction","target":["https:\/\/kunmedierne.dk\/mors\/ridderkorset-til-peter-therkildsen\/"]}]},{"@type":"ImageObject","inLanguage":"da-DK","@id":"https:\/\/kunmedierne.dk\/mors\/ridderkorset-til-peter-therkildsen\/#primaryimage","url":"https:\/\/kunmedierne.dk\/mors\/wp-content\/uploads\/2021\/06\/ridderkors1.jpg","contentUrl":"https:\/\/kunmedierne.dk\/mors\/wp-content\/uploads\/2021\/06\/ridderkors1.jpg","width":770,"height":514,"caption":"Peter Therkildsen fik overrakt ridderkorset af borgmester Hans Ejner Bertelsen."},{"@type":"BreadcrumbList","@id":"https:\/\/kunmedierne.dk\/mors\/ridderkorset-til-peter-therkildsen\/#breadcrumb","itemListElement":[{"@type":"ListItem","position":1,"name":"Hjem","item":"https:\/\/kunmedierne.dk\/mors\/"},{"@type":"ListItem","position":2,"name":"Ridderkorset til Peter Therkildsen"}]},{"@type":"WebSite","@id":"https:\/\/kunmedierne.dk\/mors\/#website","url":"https:\/\/kunmedierne.dk\/mors\/","name":"Mors","description":"et netmedie med journalistik om livet p\u00e5 Mors","publisher":{"@id":"https:\/\/kunmedierne.dk\/mors\/#organization"},"potentialAction":[{"@type":"SearchAction","target":{"@type":"EntryPoint","urlTemplate":"https:\/\/kunmedierne.dk\/mors\/?s={search_term_string}"},"query-input":{"@type":"PropertyValueSpecification","valueRequired":true,"valueName":"search_term_string"}}],"inLanguage":"da-DK"},{"@type":"Organization","@id":"https:\/\/kunmedierne.dk\/mors\/#organization","name":"Mors","url":"https:\/\/kunmedierne.dk\/mors\/","logo":{"@type":"ImageObject","inLanguage":"da-DK","@id":"https:\/\/kunmedierne.dk\/mors\/#\/schema\/logo\/image\/","url":"https:\/\/kunmedierne.dk\/mors\/wp-content\/uploads\/2024\/08\/kunmors-logo.svg","contentUrl":"https:\/\/kunmedierne.dk\/mors\/wp-content\/uploads\/2024\/08\/kunmors-logo.svg","caption":"Mors"},"image":{"@id":"https:\/\/kunmedierne.dk\/mors\/#\/schema\/logo\/image\/"}},{"@type":"Person","@id":"https:\/\/kunmedierne.dk\/mors\/#\/schema\/person\/5fe23251bf1d0abbcdc6f7896579d548","name":"David H\u00f8jmark","image":{"@type":"ImageObject","inLanguage":"da-DK","@id":"https:\/\/kunmedierne.dk\/mors\/#\/schema\/person\/image\/","url":"https:\/\/secure.gravatar.com\/avatar\/4315d6fb9ef244d729989f5f90268eb08d5bf8a3d84402f595fa194bb35784fd?s=96&d=mm&r=g","contentUrl":"https:\/\/secure.gravatar.com\/avatar\/4315d6fb9ef244d729989f5f90268eb08d5bf8a3d84402f595fa194bb35784fd?s=96&d=mm&r=g","caption":"David H\u00f8jmark"},"sameAs":["https:\/\/www.kunmedierne.dk"],"url":"https:\/\/kunmedierne.dk\/mors\/author\/david\/"}]}},"_links":{"self":[{"href":"https:\/\/kunmedierne.dk\/mors\/wp-json\/wp\/v2\/posts\/46131","targetHints":{"allow":["GET"]}}],"collection":[{"href":"https:\/\/kunmedierne.dk\/mors\/wp-json\/wp\/v2\/posts"}],"about":[{"href":"https:\/\/kunmedierne.dk\/mors\/wp-json\/wp\/v2\/types\/post"}],"author":[{"embeddable":true,"href":"https:\/\/kunmedierne.dk\/mors\/wp-json\/wp\/v2\/users\/8"}],"replies":[{"embeddable":true,"href":"https:\/\/kunmedierne.dk\/mors\/wp-json\/wp\/v2\/comments?post=46131"}],"version-history":[{"count":1,"href":"https:\/\/kunmedierne.dk\/mors\/wp-json\/wp\/v2\/posts\/46131\/revisions"}],"predecessor-version":[{"id":46139,"href":"https:\/\/kunmedierne.dk\/mors\/wp-json\/wp\/v2\/posts\/46131\/revisions\/46139"}],"wp:featuredmedia":[{"embeddable":true,"href":"https:\/\/kunmedierne.dk\/mors\/wp-json\/wp\/v2\/media\/46137"}],"wp:attachment":[{"href":"https:\/\/kunmedierne.dk\/mors\/wp-json\/wp\/v2\/media?parent=46131"}],"wp:term":[{"taxonomy":"category","embeddable":true,"href":"https:\/\/kunmedierne.dk\/mors\/wp-json\/wp\/v2\/categories?post=46131"},{"taxonomy":"post_tag","embeddable":true,"href":"https:\/\/kunmedierne.dk\/mors\/wp-json\/wp\/v2\/tags?post=46131"}],"curies":[{"name":"wp","href":"https:\/\/api.w.org\/{rel}","templated":true}]}}