{"id":45372,"date":"2021-05-20T17:29:40","date_gmt":"2021-05-20T15:29:40","guid":{"rendered":"https:\/\/kunmedierne.dk\/mors\/?p=45372"},"modified":"2024-08-07T14:45:47","modified_gmt":"2024-08-07T12:45:47","slug":"niels-kr-oestergaard-vil-tilbage-i-kommunalbestyrelsen","status":"publish","type":"post","link":"https:\/\/kunmedierne.dk\/mors\/niels-kr-oestergaard-vil-tilbage-i-kommunalbestyrelsen\/","title":{"rendered":"Niels Kr. \u00d8stergaard vil tilbage i kommunalbestyrelsen"},"content":{"rendered":"<p><strong>MORS<\/strong>: To tidligere perioder skal blive til en tredje, lyder ambitionen fra Niels Kr. \u00d8stergaard.<\/p>\n<p>Den 54-\u00e5rige morsingbo fra Sdr. Dr\u00e5by stiller ogs\u00e5 i \u00e5r op til kommunalvalget &#8211; fire \u00e5r efter, at han lige n\u00f8jagtig ikke fik stemmer nok til en tredje periode i tr\u00e6k.<\/p>\n<p>Det fort\u00e6ller han i en pressemeddelelse fra Socialdemokratiet Mors.<\/p>\n<p>&#8220;Politikken, som bliver f\u00f8rt p\u00e5 Mors, har indflydelse p\u00e5 os alle. Jeg vil gerne v\u00e6re med til at bestemme, hvad \u00e5rets budget bliver brugt til,&#8221; siger han. <a href=\"https:\/\/morsoe-begravelsesforretning.dk\/\"><img loading=\"lazy\" decoding=\"async\" class=\"alignright size-full wp-image-42315\" src=\"https:\/\/kunmedierne.dk\/mors\/wp-content\/uploads\/2021\/03\/te7.jpg\" alt=\"\" width=\"1425\" height=\"127\" srcset=\"https:\/\/kunmedierne.dk\/mors\/wp-content\/uploads\/2021\/03\/te7.jpg 1425w, https:\/\/kunmedierne.dk\/mors\/wp-content\/uploads\/2021\/03\/te7-300x27.jpg 300w, https:\/\/kunmedierne.dk\/mors\/wp-content\/uploads\/2021\/03\/te7-1024x91.jpg 1024w, https:\/\/kunmedierne.dk\/mors\/wp-content\/uploads\/2021\/03\/te7-768x68.jpg 768w, https:\/\/kunmedierne.dk\/mors\/wp-content\/uploads\/2021\/03\/te7-600x53.jpg 600w\" sizes=\"auto, (max-width: 1425px) 100vw, 1425px\" \/><\/a><\/p>\n<p>Niels Kr. \u00d8stergaard er 54 \u00e5r og har i cirka 20 \u00e5r arbejdet som faglig sekret\u00e6r i fagforeningen 3F Thy-Mors.<\/p>\n<p>&#8220;Derfor har jeg en rimelig god fornemmelse for, hvad der foreg\u00e5r p\u00e5 Mors b\u00e5de for l\u00f8nmodtageren og for arbejdsgiveren,&#8221; siger han.<\/p>\n<p>Niels Kr. \u00d8stergaard stillede f\u00f8rste gang op i 2005 og fik dengang 64 stemmer &#8211; tre f\u00e6rre end Vagn Kidmose, der blev en af de 10 socialdemokrater i den n\u00e6ste kommunalbestyrelse. Og siden har fulgt den lokale politik p\u00e5 t\u00e6t hold.<\/p>\n<p>Som sine politiske m\u00e6rkesager n\u00e6vner han \u00e6ldreomr\u00e5det.<\/p>\n<p>&#8220;Jeg vil arbejde for, at omr\u00e5det ikke bliver nednormeret. N\u00e5r der bliver flere \u00e6ldre borgere, er det som udgangspunkt ikke der, vi skal spare penge,&#8221; sl\u00e5r han fast. <a href=\"https:\/\/www.sparthy.dk\/\"><img loading=\"lazy\" decoding=\"async\" class=\"alignright size-full wp-image-42323\" src=\"https:\/\/kunmedierne.dk\/mors\/wp-content\/uploads\/2021\/03\/te8.jpg\" alt=\"\" width=\"1400\" height=\"125\" srcset=\"https:\/\/kunmedierne.dk\/mors\/wp-content\/uploads\/2021\/03\/te8.jpg 1400w, https:\/\/kunmedierne.dk\/mors\/wp-content\/uploads\/2021\/03\/te8-300x27.jpg 300w, https:\/\/kunmedierne.dk\/mors\/wp-content\/uploads\/2021\/03\/te8-1024x91.jpg 1024w, https:\/\/kunmedierne.dk\/mors\/wp-content\/uploads\/2021\/03\/te8-768x69.jpg 768w, https:\/\/kunmedierne.dk\/mors\/wp-content\/uploads\/2021\/03\/te8-600x54.jpg 600w\" sizes=\"auto, (max-width: 1400px) 100vw, 1400px\" \/><\/a><\/p>\n<p>Han vil ogs\u00e5 arbejde for, at b\u00f8rn og unge f\u00e5r en god opv\u00e6kst p\u00e5 Mors.<\/p>\n<p>&#8220;Hvis vi giver de unge mennesker en god start p\u00e5 deres lange skoleliv og et fritidsliv, hvor der er plads til alle, s\u00e5 har jeg en tro p\u00e5, at virksomhederne p\u00e5 Mors kan f\u00e5 den arbejdskraft, de har behov for, og hvis det basale &#8211; kommunens k\u00e6rneopgaver &#8211; er i top 10 i Danmark, s\u00e5 vil Mors ikke have problemer med at tiltr\u00e6kke de unge mennesker, der har l\u00e6st uden for \u00f8en,&#8221; siger Niels Kr. \u00d8stergaard, som ogs\u00e5 vil arbejde politisk for, at erhvervslivet p\u00e5 Mors kan f\u00e5 den arbejdskraft, der er brug for.<\/p>\n<p>Klimaet er ogs\u00e5 en m\u00e6rkesag for ham.<\/p>\n<p>&#8220;N\u00e6ste generation skal ogs\u00e5 have mulighed for at fange fisk i fjorden,&#8221; siger Niels Kr. \u00d8stergaard, som selv bruger fritiden p\u00e5 fiskeri p\u00e5 fjorden samt i hus og have og sammen med familien.<\/p>\n<p>&#8220;Og s\u00e5 vil jeg arbejde for, at kommunens \u00f8konomi er i balance,&#8221; tilf\u00f8jer han.<img loading=\"lazy\" decoding=\"async\" class=\"alignright size-full wp-image-42324\" src=\"https:\/\/kunmedierne.dk\/mors\/wp-content\/uploads\/2021\/03\/te9.jpg\" alt=\"\" width=\"1400\" height=\"125\" srcset=\"https:\/\/kunmedierne.dk\/mors\/wp-content\/uploads\/2021\/03\/te9.jpg 1400w, https:\/\/kunmedierne.dk\/mors\/wp-content\/uploads\/2021\/03\/te9-300x27.jpg 300w, https:\/\/kunmedierne.dk\/mors\/wp-content\/uploads\/2021\/03\/te9-1024x91.jpg 1024w, https:\/\/kunmedierne.dk\/mors\/wp-content\/uploads\/2021\/03\/te9-768x69.jpg 768w, https:\/\/kunmedierne.dk\/mors\/wp-content\/uploads\/2021\/03\/te9-600x54.jpg 600w\" sizes=\"auto, (max-width: 1400px) 100vw, 1400px\" \/><\/p>\n<p>Privat bor han sammen med Lone, og de har tre s\u00f8nner, hvor den yngste stadig bor hjemme,<\/p>\n<p>&#8220;Jeg er ogs\u00e5 en stolt bedstefar,&#8221; siger han.<\/p>\n<p>Niels Kr. \u00d8stergaard har desuden v\u00e6ret aktiv i flere bestyrelser<\/p>\n<p>&#8220;Jeg har en stor ber\u00f8ringsflade, er t\u00e6t p\u00e5 virkeligheden, og jeg mener, at vi sammen kan meget mere,&#8221; siger han.<\/p>\n<blockquote><p>Husk, at du kan modtage KunMors p\u00e5 samme m\u00e5de som en daglig avis. Hvis du tilmelder dig vores daglige nyhedsbrev nederst p\u00e5 siden, f\u00e5r du hver dag en e-mail med direkte links til det seneste d\u00f8gns artikler. Nyhedsbrevet er gratis for b\u00e5de abonnenter og ikke-abonnenter.<\/p><\/blockquote>\n<div id=\"attachment_45375\" style=\"width: 780px\" class=\"wp-caption alignright\"><img loading=\"lazy\" decoding=\"async\" aria-describedby=\"caption-attachment-45375\" class=\"size-full wp-image-45375\" src=\"https:\/\/kunmedierne.dk\/mors\/wp-content\/uploads\/2021\/05\/niels-kr-oestergaard2.jpg\" alt=\"\" width=\"770\" height=\"513\" srcset=\"https:\/\/kunmedierne.dk\/mors\/wp-content\/uploads\/2021\/05\/niels-kr-oestergaard2.jpg 770w, https:\/\/kunmedierne.dk\/mors\/wp-content\/uploads\/2021\/05\/niels-kr-oestergaard2-300x200.jpg 300w, https:\/\/kunmedierne.dk\/mors\/wp-content\/uploads\/2021\/05\/niels-kr-oestergaard2-768x512.jpg 768w, https:\/\/kunmedierne.dk\/mors\/wp-content\/uploads\/2021\/05\/niels-kr-oestergaard2-360x240.jpg 360w, https:\/\/kunmedierne.dk\/mors\/wp-content\/uploads\/2021\/05\/niels-kr-oestergaard2-600x400.jpg 600w\" sizes=\"auto, (max-width: 770px) 100vw, 770px\" \/><p id=\"caption-attachment-45375\" class=\"wp-caption-text\">Niels Kr. \u00d8stergaard (tv.) med Tore M\u00fcller, borgmesterkandidat for Socialdemokratiet. Foto: Socialdemokratiet Mors<\/p><\/div>\n","protected":false},"excerpt":{"rendered":"<p>MORS: To tidligere perioder skal blive til en tredje, lyder ambitionen fra Niels Kr. \u00d8stergaard. Den 54-\u00e5rige morsingbo fra Sdr. Dr\u00e5by stiller ogs\u00e5 i \u00e5r op til kommunalvalget &#8211; fire \u00e5r efter, at han lige n\u00f8jagtig ikke fik stemmer nok til en tredje periode i tr\u00e6k. Det fort\u00e6ller han i en pressemeddelelse fra Socialdemokratiet Mors. [&hellip;]<\/p>\n","protected":false},"author":8,"featured_media":45379,"comment_status":"open","ping_status":"open","sticky":false,"template":"","format":"standard","meta":{"_acf_changed":false,"footnotes":""},"categories":[51],"tags":[167],"class_list":["post-45372","post","type-post","status-publish","format-standard","has-post-thumbnail","hentry","category-lokalt","tag-politik"],"acf":[],"yoast_head":"<!-- This site is optimized with the Yoast SEO plugin v26.8 - https:\/\/yoast.com\/product\/yoast-seo-wordpress\/ -->\n<title>Niels Kr. \u00d8stergaard vil tilbage i kommunalbestyrelsen - Mors<\/title>\n<meta name=\"robots\" content=\"index, follow, max-snippet:-1, max-image-preview:large, max-video-preview:-1\" \/>\n<link rel=\"canonical\" href=\"https:\/\/kunmedierne.dk\/mors\/niels-kr-oestergaard-vil-tilbage-i-kommunalbestyrelsen\/\" \/>\n<meta property=\"og:locale\" content=\"da_DK\" \/>\n<meta property=\"og:type\" content=\"article\" \/>\n<meta property=\"og:title\" content=\"Niels Kr. \u00d8stergaard vil tilbage i kommunalbestyrelsen - Mors\" \/>\n<meta property=\"og:description\" content=\"MORS: To tidligere perioder skal blive til en tredje, lyder ambitionen fra Niels Kr. \u00d8stergaard. Den 54-\u00e5rige morsingbo fra Sdr. Dr\u00e5by stiller ogs\u00e5 i \u00e5r op til kommunalvalget &#8211; fire \u00e5r efter, at han lige n\u00f8jagtig ikke fik stemmer nok til en tredje periode i tr\u00e6k. Det fort\u00e6ller han i en pressemeddelelse fra Socialdemokratiet Mors. [&hellip;]\" \/>\n<meta property=\"og:url\" content=\"https:\/\/kunmedierne.dk\/mors\/niels-kr-oestergaard-vil-tilbage-i-kommunalbestyrelsen\/\" \/>\n<meta property=\"og:site_name\" content=\"Mors\" \/>\n<meta property=\"article:published_time\" content=\"2021-05-20T15:29:40+00:00\" \/>\n<meta property=\"article:modified_time\" content=\"2024-08-07T12:45:47+00:00\" \/>\n<meta property=\"og:image\" content=\"https:\/\/kunmedierne.dk\/mors\/wp-content\/uploads\/2021\/05\/niels-kr-oestergaard.jpg\" \/>\n\t<meta property=\"og:image:width\" content=\"770\" \/>\n\t<meta property=\"og:image:height\" content=\"513\" \/>\n\t<meta property=\"og:image:type\" content=\"image\/jpeg\" \/>\n<meta name=\"author\" content=\"David H\u00f8jmark\" \/>\n<meta name=\"twitter:card\" content=\"summary_large_image\" \/>\n<meta name=\"twitter:label1\" content=\"Skrevet af\" \/>\n\t<meta name=\"twitter:data1\" content=\"David H\u00f8jmark\" \/>\n\t<meta name=\"twitter:label2\" content=\"Estimeret l\u00e6setid\" \/>\n\t<meta name=\"twitter:data2\" content=\"3 minutter\" \/>\n<script type=\"application\/ld+json\" class=\"yoast-schema-graph\">{\"@context\":\"https:\/\/schema.org\",\"@graph\":[{\"@type\":\"Article\",\"@id\":\"https:\/\/kunmedierne.dk\/mors\/niels-kr-oestergaard-vil-tilbage-i-kommunalbestyrelsen\/#article\",\"isPartOf\":{\"@id\":\"https:\/\/kunmedierne.dk\/mors\/niels-kr-oestergaard-vil-tilbage-i-kommunalbestyrelsen\/\"},\"author\":{\"name\":\"David H\u00f8jmark\",\"@id\":\"https:\/\/kunmedierne.dk\/mors\/#\/schema\/person\/5fe23251bf1d0abbcdc6f7896579d548\"},\"headline\":\"Niels Kr. \u00d8stergaard vil tilbage i kommunalbestyrelsen\",\"datePublished\":\"2021-05-20T15:29:40+00:00\",\"dateModified\":\"2024-08-07T12:45:47+00:00\",\"mainEntityOfPage\":{\"@id\":\"https:\/\/kunmedierne.dk\/mors\/niels-kr-oestergaard-vil-tilbage-i-kommunalbestyrelsen\/\"},\"wordCount\":522,\"commentCount\":0,\"publisher\":{\"@id\":\"https:\/\/kunmedierne.dk\/mors\/#organization\"},\"image\":{\"@id\":\"https:\/\/kunmedierne.dk\/mors\/niels-kr-oestergaard-vil-tilbage-i-kommunalbestyrelsen\/#primaryimage\"},\"thumbnailUrl\":\"https:\/\/kunmedierne.dk\/mors\/wp-content\/uploads\/2021\/05\/niels-kr-oestergaard.jpg\",\"keywords\":[\"Politik\"],\"articleSection\":[\"Lokalt\"],\"inLanguage\":\"da-DK\",\"potentialAction\":[{\"@type\":\"CommentAction\",\"name\":\"Comment\",\"target\":[\"https:\/\/kunmedierne.dk\/mors\/niels-kr-oestergaard-vil-tilbage-i-kommunalbestyrelsen\/#respond\"]}]},{\"@type\":\"WebPage\",\"@id\":\"https:\/\/kunmedierne.dk\/mors\/niels-kr-oestergaard-vil-tilbage-i-kommunalbestyrelsen\/\",\"url\":\"https:\/\/kunmedierne.dk\/mors\/niels-kr-oestergaard-vil-tilbage-i-kommunalbestyrelsen\/\",\"name\":\"Niels Kr. \u00d8stergaard vil tilbage i kommunalbestyrelsen - Mors\",\"isPartOf\":{\"@id\":\"https:\/\/kunmedierne.dk\/mors\/#website\"},\"primaryImageOfPage\":{\"@id\":\"https:\/\/kunmedierne.dk\/mors\/niels-kr-oestergaard-vil-tilbage-i-kommunalbestyrelsen\/#primaryimage\"},\"image\":{\"@id\":\"https:\/\/kunmedierne.dk\/mors\/niels-kr-oestergaard-vil-tilbage-i-kommunalbestyrelsen\/#primaryimage\"},\"thumbnailUrl\":\"https:\/\/kunmedierne.dk\/mors\/wp-content\/uploads\/2021\/05\/niels-kr-oestergaard.jpg\",\"datePublished\":\"2021-05-20T15:29:40+00:00\",\"dateModified\":\"2024-08-07T12:45:47+00:00\",\"breadcrumb\":{\"@id\":\"https:\/\/kunmedierne.dk\/mors\/niels-kr-oestergaard-vil-tilbage-i-kommunalbestyrelsen\/#breadcrumb\"},\"inLanguage\":\"da-DK\",\"potentialAction\":[{\"@type\":\"ReadAction\",\"target\":[\"https:\/\/kunmedierne.dk\/mors\/niels-kr-oestergaard-vil-tilbage-i-kommunalbestyrelsen\/\"]}]},{\"@type\":\"ImageObject\",\"inLanguage\":\"da-DK\",\"@id\":\"https:\/\/kunmedierne.dk\/mors\/niels-kr-oestergaard-vil-tilbage-i-kommunalbestyrelsen\/#primaryimage\",\"url\":\"https:\/\/kunmedierne.dk\/mors\/wp-content\/uploads\/2021\/05\/niels-kr-oestergaard.jpg\",\"contentUrl\":\"https:\/\/kunmedierne.dk\/mors\/wp-content\/uploads\/2021\/05\/niels-kr-oestergaard.jpg\",\"width\":770,\"height\":513,\"caption\":\"Niels Kr. \u00d8stergaard, kandidat for Socialdemokratiet ved Kommunalvalg 2021.\"},{\"@type\":\"BreadcrumbList\",\"@id\":\"https:\/\/kunmedierne.dk\/mors\/niels-kr-oestergaard-vil-tilbage-i-kommunalbestyrelsen\/#breadcrumb\",\"itemListElement\":[{\"@type\":\"ListItem\",\"position\":1,\"name\":\"Hjem\",\"item\":\"https:\/\/kunmedierne.dk\/mors\/\"},{\"@type\":\"ListItem\",\"position\":2,\"name\":\"Niels Kr. \u00d8stergaard vil tilbage i kommunalbestyrelsen\"}]},{\"@type\":\"WebSite\",\"@id\":\"https:\/\/kunmedierne.dk\/mors\/#website\",\"url\":\"https:\/\/kunmedierne.dk\/mors\/\",\"name\":\"Mors\",\"description\":\"et netmedie med journalistik om livet p\u00e5 Mors\",\"publisher\":{\"@id\":\"https:\/\/kunmedierne.dk\/mors\/#organization\"},\"potentialAction\":[{\"@type\":\"SearchAction\",\"target\":{\"@type\":\"EntryPoint\",\"urlTemplate\":\"https:\/\/kunmedierne.dk\/mors\/?s={search_term_string}\"},\"query-input\":{\"@type\":\"PropertyValueSpecification\",\"valueRequired\":true,\"valueName\":\"search_term_string\"}}],\"inLanguage\":\"da-DK\"},{\"@type\":\"Organization\",\"@id\":\"https:\/\/kunmedierne.dk\/mors\/#organization\",\"name\":\"Mors\",\"url\":\"https:\/\/kunmedierne.dk\/mors\/\",\"logo\":{\"@type\":\"ImageObject\",\"inLanguage\":\"da-DK\",\"@id\":\"https:\/\/kunmedierne.dk\/mors\/#\/schema\/logo\/image\/\",\"url\":\"https:\/\/kunmedierne.dk\/mors\/wp-content\/uploads\/2024\/08\/kunmors-logo.svg\",\"contentUrl\":\"https:\/\/kunmedierne.dk\/mors\/wp-content\/uploads\/2024\/08\/kunmors-logo.svg\",\"caption\":\"Mors\"},\"image\":{\"@id\":\"https:\/\/kunmedierne.dk\/mors\/#\/schema\/logo\/image\/\"}},{\"@type\":\"Person\",\"@id\":\"https:\/\/kunmedierne.dk\/mors\/#\/schema\/person\/5fe23251bf1d0abbcdc6f7896579d548\",\"name\":\"David H\u00f8jmark\",\"image\":{\"@type\":\"ImageObject\",\"inLanguage\":\"da-DK\",\"@id\":\"https:\/\/kunmedierne.dk\/mors\/#\/schema\/person\/image\/\",\"url\":\"https:\/\/secure.gravatar.com\/avatar\/4315d6fb9ef244d729989f5f90268eb08d5bf8a3d84402f595fa194bb35784fd?s=96&d=mm&r=g\",\"contentUrl\":\"https:\/\/secure.gravatar.com\/avatar\/4315d6fb9ef244d729989f5f90268eb08d5bf8a3d84402f595fa194bb35784fd?s=96&d=mm&r=g\",\"caption\":\"David H\u00f8jmark\"},\"sameAs\":[\"https:\/\/www.kunmedierne.dk\"],\"url\":\"https:\/\/kunmedierne.dk\/mors\/author\/david\/\"}]}<\/script>\n<!-- \/ Yoast SEO plugin. -->","yoast_head_json":{"title":"Niels Kr. \u00d8stergaard vil tilbage i kommunalbestyrelsen - Mors","robots":{"index":"index","follow":"follow","max-snippet":"max-snippet:-1","max-image-preview":"max-image-preview:large","max-video-preview":"max-video-preview:-1"},"canonical":"https:\/\/kunmedierne.dk\/mors\/niels-kr-oestergaard-vil-tilbage-i-kommunalbestyrelsen\/","og_locale":"da_DK","og_type":"article","og_title":"Niels Kr. \u00d8stergaard vil tilbage i kommunalbestyrelsen - Mors","og_description":"MORS: To tidligere perioder skal blive til en tredje, lyder ambitionen fra Niels Kr. \u00d8stergaard. Den 54-\u00e5rige morsingbo fra Sdr. Dr\u00e5by stiller ogs\u00e5 i \u00e5r op til kommunalvalget &#8211; fire \u00e5r efter, at han lige n\u00f8jagtig ikke fik stemmer nok til en tredje periode i tr\u00e6k. Det fort\u00e6ller han i en pressemeddelelse fra Socialdemokratiet Mors. [&hellip;]","og_url":"https:\/\/kunmedierne.dk\/mors\/niels-kr-oestergaard-vil-tilbage-i-kommunalbestyrelsen\/","og_site_name":"Mors","article_published_time":"2021-05-20T15:29:40+00:00","article_modified_time":"2024-08-07T12:45:47+00:00","og_image":[{"width":770,"height":513,"url":"https:\/\/kunmedierne.dk\/mors\/wp-content\/uploads\/2021\/05\/niels-kr-oestergaard.jpg","type":"image\/jpeg"}],"author":"David H\u00f8jmark","twitter_card":"summary_large_image","twitter_misc":{"Skrevet af":"David H\u00f8jmark","Estimeret l\u00e6setid":"3 minutter"},"schema":{"@context":"https:\/\/schema.org","@graph":[{"@type":"Article","@id":"https:\/\/kunmedierne.dk\/mors\/niels-kr-oestergaard-vil-tilbage-i-kommunalbestyrelsen\/#article","isPartOf":{"@id":"https:\/\/kunmedierne.dk\/mors\/niels-kr-oestergaard-vil-tilbage-i-kommunalbestyrelsen\/"},"author":{"name":"David H\u00f8jmark","@id":"https:\/\/kunmedierne.dk\/mors\/#\/schema\/person\/5fe23251bf1d0abbcdc6f7896579d548"},"headline":"Niels Kr. \u00d8stergaard vil tilbage i kommunalbestyrelsen","datePublished":"2021-05-20T15:29:40+00:00","dateModified":"2024-08-07T12:45:47+00:00","mainEntityOfPage":{"@id":"https:\/\/kunmedierne.dk\/mors\/niels-kr-oestergaard-vil-tilbage-i-kommunalbestyrelsen\/"},"wordCount":522,"commentCount":0,"publisher":{"@id":"https:\/\/kunmedierne.dk\/mors\/#organization"},"image":{"@id":"https:\/\/kunmedierne.dk\/mors\/niels-kr-oestergaard-vil-tilbage-i-kommunalbestyrelsen\/#primaryimage"},"thumbnailUrl":"https:\/\/kunmedierne.dk\/mors\/wp-content\/uploads\/2021\/05\/niels-kr-oestergaard.jpg","keywords":["Politik"],"articleSection":["Lokalt"],"inLanguage":"da-DK","potentialAction":[{"@type":"CommentAction","name":"Comment","target":["https:\/\/kunmedierne.dk\/mors\/niels-kr-oestergaard-vil-tilbage-i-kommunalbestyrelsen\/#respond"]}]},{"@type":"WebPage","@id":"https:\/\/kunmedierne.dk\/mors\/niels-kr-oestergaard-vil-tilbage-i-kommunalbestyrelsen\/","url":"https:\/\/kunmedierne.dk\/mors\/niels-kr-oestergaard-vil-tilbage-i-kommunalbestyrelsen\/","name":"Niels Kr. \u00d8stergaard vil tilbage i kommunalbestyrelsen - Mors","isPartOf":{"@id":"https:\/\/kunmedierne.dk\/mors\/#website"},"primaryImageOfPage":{"@id":"https:\/\/kunmedierne.dk\/mors\/niels-kr-oestergaard-vil-tilbage-i-kommunalbestyrelsen\/#primaryimage"},"image":{"@id":"https:\/\/kunmedierne.dk\/mors\/niels-kr-oestergaard-vil-tilbage-i-kommunalbestyrelsen\/#primaryimage"},"thumbnailUrl":"https:\/\/kunmedierne.dk\/mors\/wp-content\/uploads\/2021\/05\/niels-kr-oestergaard.jpg","datePublished":"2021-05-20T15:29:40+00:00","dateModified":"2024-08-07T12:45:47+00:00","breadcrumb":{"@id":"https:\/\/kunmedierne.dk\/mors\/niels-kr-oestergaard-vil-tilbage-i-kommunalbestyrelsen\/#breadcrumb"},"inLanguage":"da-DK","potentialAction":[{"@type":"ReadAction","target":["https:\/\/kunmedierne.dk\/mors\/niels-kr-oestergaard-vil-tilbage-i-kommunalbestyrelsen\/"]}]},{"@type":"ImageObject","inLanguage":"da-DK","@id":"https:\/\/kunmedierne.dk\/mors\/niels-kr-oestergaard-vil-tilbage-i-kommunalbestyrelsen\/#primaryimage","url":"https:\/\/kunmedierne.dk\/mors\/wp-content\/uploads\/2021\/05\/niels-kr-oestergaard.jpg","contentUrl":"https:\/\/kunmedierne.dk\/mors\/wp-content\/uploads\/2021\/05\/niels-kr-oestergaard.jpg","width":770,"height":513,"caption":"Niels Kr. \u00d8stergaard, kandidat for Socialdemokratiet ved Kommunalvalg 2021."},{"@type":"BreadcrumbList","@id":"https:\/\/kunmedierne.dk\/mors\/niels-kr-oestergaard-vil-tilbage-i-kommunalbestyrelsen\/#breadcrumb","itemListElement":[{"@type":"ListItem","position":1,"name":"Hjem","item":"https:\/\/kunmedierne.dk\/mors\/"},{"@type":"ListItem","position":2,"name":"Niels Kr. \u00d8stergaard vil tilbage i kommunalbestyrelsen"}]},{"@type":"WebSite","@id":"https:\/\/kunmedierne.dk\/mors\/#website","url":"https:\/\/kunmedierne.dk\/mors\/","name":"Mors","description":"et netmedie med journalistik om livet p\u00e5 Mors","publisher":{"@id":"https:\/\/kunmedierne.dk\/mors\/#organization"},"potentialAction":[{"@type":"SearchAction","target":{"@type":"EntryPoint","urlTemplate":"https:\/\/kunmedierne.dk\/mors\/?s={search_term_string}"},"query-input":{"@type":"PropertyValueSpecification","valueRequired":true,"valueName":"search_term_string"}}],"inLanguage":"da-DK"},{"@type":"Organization","@id":"https:\/\/kunmedierne.dk\/mors\/#organization","name":"Mors","url":"https:\/\/kunmedierne.dk\/mors\/","logo":{"@type":"ImageObject","inLanguage":"da-DK","@id":"https:\/\/kunmedierne.dk\/mors\/#\/schema\/logo\/image\/","url":"https:\/\/kunmedierne.dk\/mors\/wp-content\/uploads\/2024\/08\/kunmors-logo.svg","contentUrl":"https:\/\/kunmedierne.dk\/mors\/wp-content\/uploads\/2024\/08\/kunmors-logo.svg","caption":"Mors"},"image":{"@id":"https:\/\/kunmedierne.dk\/mors\/#\/schema\/logo\/image\/"}},{"@type":"Person","@id":"https:\/\/kunmedierne.dk\/mors\/#\/schema\/person\/5fe23251bf1d0abbcdc6f7896579d548","name":"David H\u00f8jmark","image":{"@type":"ImageObject","inLanguage":"da-DK","@id":"https:\/\/kunmedierne.dk\/mors\/#\/schema\/person\/image\/","url":"https:\/\/secure.gravatar.com\/avatar\/4315d6fb9ef244d729989f5f90268eb08d5bf8a3d84402f595fa194bb35784fd?s=96&d=mm&r=g","contentUrl":"https:\/\/secure.gravatar.com\/avatar\/4315d6fb9ef244d729989f5f90268eb08d5bf8a3d84402f595fa194bb35784fd?s=96&d=mm&r=g","caption":"David H\u00f8jmark"},"sameAs":["https:\/\/www.kunmedierne.dk"],"url":"https:\/\/kunmedierne.dk\/mors\/author\/david\/"}]}},"_links":{"self":[{"href":"https:\/\/kunmedierne.dk\/mors\/wp-json\/wp\/v2\/posts\/45372","targetHints":{"allow":["GET"]}}],"collection":[{"href":"https:\/\/kunmedierne.dk\/mors\/wp-json\/wp\/v2\/posts"}],"about":[{"href":"https:\/\/kunmedierne.dk\/mors\/wp-json\/wp\/v2\/types\/post"}],"author":[{"embeddable":true,"href":"https:\/\/kunmedierne.dk\/mors\/wp-json\/wp\/v2\/users\/8"}],"replies":[{"embeddable":true,"href":"https:\/\/kunmedierne.dk\/mors\/wp-json\/wp\/v2\/comments?post=45372"}],"version-history":[{"count":2,"href":"https:\/\/kunmedierne.dk\/mors\/wp-json\/wp\/v2\/posts\/45372\/revisions"}],"predecessor-version":[{"id":45380,"href":"https:\/\/kunmedierne.dk\/mors\/wp-json\/wp\/v2\/posts\/45372\/revisions\/45380"}],"wp:featuredmedia":[{"embeddable":true,"href":"https:\/\/kunmedierne.dk\/mors\/wp-json\/wp\/v2\/media\/45379"}],"wp:attachment":[{"href":"https:\/\/kunmedierne.dk\/mors\/wp-json\/wp\/v2\/media?parent=45372"}],"wp:term":[{"taxonomy":"category","embeddable":true,"href":"https:\/\/kunmedierne.dk\/mors\/wp-json\/wp\/v2\/categories?post=45372"},{"taxonomy":"post_tag","embeddable":true,"href":"https:\/\/kunmedierne.dk\/mors\/wp-json\/wp\/v2\/tags?post=45372"}],"curies":[{"name":"wp","href":"https:\/\/api.w.org\/{rel}","templated":true}]}}