{"id":45320,"date":"2021-05-19T16:58:46","date_gmt":"2021-05-19T14:58:46","guid":{"rendered":"https:\/\/kunmedierne.dk\/mors\/?p=45320"},"modified":"2024-08-07T14:45:48","modified_gmt":"2024-08-07T12:45:48","slug":"morsoe-kommune-vil-klaede-nye-politikere-paa","status":"publish","type":"post","link":"https:\/\/kunmedierne.dk\/mors\/morsoe-kommune-vil-klaede-nye-politikere-paa\/","title":{"rendered":"Mors\u00f8 Kommune vil kl\u00e6de nye politikere p\u00e5"},"content":{"rendered":"<p><strong>MORS<\/strong>: Man skal nok have pr\u00f8vet det, f\u00f8r man rigtig ved, hvordan det er at arbejde som kommunalpolitiker.\u00a0<b><\/b><\/p>\n<p>Men nu kan man f\u00e5 en fornemmelse af det, for Mors\u00f8 Kommune inviterer alle, som har besluttet sig for at v\u00e6re kandidat til efter\u00e5rets kommunalvalg, eller som overvejer at blive det, til et m\u00f8de om, hvordan det er.<\/p>\n<p>Det sker tirsdag 8. juni fra 16.30 og halvanden time frem p\u00e5 Jernbanevej i Nyk\u00f8bing, hvor deltagerne vil kunne blive kl\u00e6dt p\u00e5 med viden om kommunen som en politisk styret arbejdsplads.<\/p>\n<p class=\"v1Default\">&#8220;Vi g\u00f8r det her, s\u00e5 man f\u00e5r en unik mulighed for at l\u00e6re mere om, hvad vi laver, og hvordan vi t\u00e6nker p\u00e5 en politisk styret arbejdsplads. Arbejdet i kommunalbestyrelsen er sp\u00e6ndende og udfordrende. Derfor h\u00e5ber vi, at mange har lyst til at bruge halvanden time p\u00e5 at f\u00e5 mere forst\u00e5else for vores organisation, og hvordan vi sammen kan udvikle Mors,&#8221; fort\u00e6ller Rikke W\u00fcrtz, kommunaldirekt\u00f8r i Mors\u00f8 Kommune, om programmet. <a href=\"https:\/\/morsoe-begravelsesforretning.dk\/\"><img loading=\"lazy\" decoding=\"async\" class=\"alignright size-full wp-image-42315\" src=\"https:\/\/kunmedierne.dk\/mors\/wp-content\/uploads\/2021\/03\/te7.jpg\" alt=\"\" width=\"1425\" height=\"127\" srcset=\"https:\/\/kunmedierne.dk\/mors\/wp-content\/uploads\/2021\/03\/te7.jpg 1425w, https:\/\/kunmedierne.dk\/mors\/wp-content\/uploads\/2021\/03\/te7-300x27.jpg 300w, https:\/\/kunmedierne.dk\/mors\/wp-content\/uploads\/2021\/03\/te7-1024x91.jpg 1024w, https:\/\/kunmedierne.dk\/mors\/wp-content\/uploads\/2021\/03\/te7-768x68.jpg 768w, https:\/\/kunmedierne.dk\/mors\/wp-content\/uploads\/2021\/03\/te7-600x53.jpg 600w\" sizes=\"auto, (max-width: 1425px) 100vw, 1425px\" \/><\/a><\/p>\n<p class=\"v1Default\">Ogs\u00e5 borgmester Hans Ejner Bertelsen (V) er blandt de personer, man kan m\u00f8de til arrangementet, der ogs\u00e5 vil komme ind p\u00e5\u00a0politiske m\u00e5ls\u00e6tninger, serviceomr\u00e5dernes opgaver og kommunens \u00f8konomi.<\/p>\n<p>Mors\u00f8 Kommune oplyser, at der vil v\u00e6re kaffe, te og lidt s\u00f8dt til deltagerne. Det kr\u00e6ver tilmelding at deltage, og kommunen opfordrer interesserede til at v\u00e6re i besiddelse af et gyldigt coronapas\/negativ test eller bevis for immunitet.<\/p>\n","protected":false},"excerpt":{"rendered":"<p>MORS: Man skal nok have pr\u00f8vet det, f\u00f8r man rigtig ved, hvordan det er at arbejde som kommunalpolitiker.\u00a0 Men nu kan man f\u00e5 en fornemmelse af det, for Mors\u00f8 Kommune inviterer alle, som har besluttet sig for at v\u00e6re kandidat til efter\u00e5rets kommunalvalg, eller som overvejer at blive det, til et m\u00f8de om, hvordan det [&hellip;]<\/p>\n","protected":false},"author":8,"featured_media":20393,"comment_status":"open","ping_status":"open","sticky":false,"template":"","format":"standard","meta":{"_acf_changed":false,"footnotes":""},"categories":[51],"tags":[167],"class_list":["post-45320","post","type-post","status-publish","format-standard","has-post-thumbnail","hentry","category-lokalt","tag-politik"],"acf":[],"yoast_head":"<!-- This site is optimized with the Yoast SEO plugin v26.8 - https:\/\/yoast.com\/product\/yoast-seo-wordpress\/ -->\n<title>Mors\u00f8 Kommune vil kl\u00e6de nye politikere p\u00e5 - Mors<\/title>\n<meta name=\"robots\" content=\"index, follow, max-snippet:-1, max-image-preview:large, max-video-preview:-1\" \/>\n<link rel=\"canonical\" href=\"https:\/\/kunmedierne.dk\/mors\/morsoe-kommune-vil-klaede-nye-politikere-paa\/\" \/>\n<meta property=\"og:locale\" content=\"da_DK\" \/>\n<meta property=\"og:type\" content=\"article\" \/>\n<meta property=\"og:title\" content=\"Mors\u00f8 Kommune vil kl\u00e6de nye politikere p\u00e5 - Mors\" \/>\n<meta property=\"og:description\" content=\"MORS: Man skal nok have pr\u00f8vet det, f\u00f8r man rigtig ved, hvordan det er at arbejde som kommunalpolitiker.\u00a0 Men nu kan man f\u00e5 en fornemmelse af det, for Mors\u00f8 Kommune inviterer alle, som har besluttet sig for at v\u00e6re kandidat til efter\u00e5rets kommunalvalg, eller som overvejer at blive det, til et m\u00f8de om, hvordan det [&hellip;]\" \/>\n<meta property=\"og:url\" content=\"https:\/\/kunmedierne.dk\/mors\/morsoe-kommune-vil-klaede-nye-politikere-paa\/\" \/>\n<meta property=\"og:site_name\" content=\"Mors\" \/>\n<meta property=\"article:published_time\" content=\"2021-05-19T14:58:46+00:00\" \/>\n<meta property=\"article:modified_time\" content=\"2024-08-07T12:45:48+00:00\" \/>\n<meta property=\"og:image\" content=\"https:\/\/kunmedierne.dk\/mors\/wp-content\/uploads\/2020\/05\/0-byr\u00e5dssalen.jpg\" \/>\n\t<meta property=\"og:image:width\" content=\"770\" \/>\n\t<meta property=\"og:image:height\" content=\"513\" \/>\n\t<meta property=\"og:image:type\" content=\"image\/jpeg\" \/>\n<meta name=\"author\" content=\"David H\u00f8jmark\" \/>\n<meta name=\"twitter:card\" content=\"summary_large_image\" \/>\n<meta name=\"twitter:label1\" content=\"Skrevet af\" \/>\n\t<meta name=\"twitter:data1\" content=\"David H\u00f8jmark\" \/>\n\t<meta name=\"twitter:label2\" content=\"Estimeret l\u00e6setid\" \/>\n\t<meta name=\"twitter:data2\" content=\"1 minut\" \/>\n<script type=\"application\/ld+json\" class=\"yoast-schema-graph\">{\"@context\":\"https:\/\/schema.org\",\"@graph\":[{\"@type\":\"Article\",\"@id\":\"https:\/\/kunmedierne.dk\/mors\/morsoe-kommune-vil-klaede-nye-politikere-paa\/#article\",\"isPartOf\":{\"@id\":\"https:\/\/kunmedierne.dk\/mors\/morsoe-kommune-vil-klaede-nye-politikere-paa\/\"},\"author\":{\"name\":\"David H\u00f8jmark\",\"@id\":\"https:\/\/kunmedierne.dk\/mors\/#\/schema\/person\/5fe23251bf1d0abbcdc6f7896579d548\"},\"headline\":\"Mors\u00f8 Kommune vil kl\u00e6de nye politikere p\u00e5\",\"datePublished\":\"2021-05-19T14:58:46+00:00\",\"dateModified\":\"2024-08-07T12:45:48+00:00\",\"mainEntityOfPage\":{\"@id\":\"https:\/\/kunmedierne.dk\/mors\/morsoe-kommune-vil-klaede-nye-politikere-paa\/\"},\"wordCount\":254,\"commentCount\":0,\"publisher\":{\"@id\":\"https:\/\/kunmedierne.dk\/mors\/#organization\"},\"image\":{\"@id\":\"https:\/\/kunmedierne.dk\/mors\/morsoe-kommune-vil-klaede-nye-politikere-paa\/#primaryimage\"},\"thumbnailUrl\":\"https:\/\/kunmedierne.dk\/mors\/wp-content\/uploads\/2020\/05\/0-byr\u00e5dssalen.jpg\",\"keywords\":[\"Politik\"],\"articleSection\":[\"Lokalt\"],\"inLanguage\":\"da-DK\",\"potentialAction\":[{\"@type\":\"CommentAction\",\"name\":\"Comment\",\"target\":[\"https:\/\/kunmedierne.dk\/mors\/morsoe-kommune-vil-klaede-nye-politikere-paa\/#respond\"]}]},{\"@type\":\"WebPage\",\"@id\":\"https:\/\/kunmedierne.dk\/mors\/morsoe-kommune-vil-klaede-nye-politikere-paa\/\",\"url\":\"https:\/\/kunmedierne.dk\/mors\/morsoe-kommune-vil-klaede-nye-politikere-paa\/\",\"name\":\"Mors\u00f8 Kommune vil kl\u00e6de nye politikere p\u00e5 - Mors\",\"isPartOf\":{\"@id\":\"https:\/\/kunmedierne.dk\/mors\/#website\"},\"primaryImageOfPage\":{\"@id\":\"https:\/\/kunmedierne.dk\/mors\/morsoe-kommune-vil-klaede-nye-politikere-paa\/#primaryimage\"},\"image\":{\"@id\":\"https:\/\/kunmedierne.dk\/mors\/morsoe-kommune-vil-klaede-nye-politikere-paa\/#primaryimage\"},\"thumbnailUrl\":\"https:\/\/kunmedierne.dk\/mors\/wp-content\/uploads\/2020\/05\/0-byr\u00e5dssalen.jpg\",\"datePublished\":\"2021-05-19T14:58:46+00:00\",\"dateModified\":\"2024-08-07T12:45:48+00:00\",\"breadcrumb\":{\"@id\":\"https:\/\/kunmedierne.dk\/mors\/morsoe-kommune-vil-klaede-nye-politikere-paa\/#breadcrumb\"},\"inLanguage\":\"da-DK\",\"potentialAction\":[{\"@type\":\"ReadAction\",\"target\":[\"https:\/\/kunmedierne.dk\/mors\/morsoe-kommune-vil-klaede-nye-politikere-paa\/\"]}]},{\"@type\":\"ImageObject\",\"inLanguage\":\"da-DK\",\"@id\":\"https:\/\/kunmedierne.dk\/mors\/morsoe-kommune-vil-klaede-nye-politikere-paa\/#primaryimage\",\"url\":\"https:\/\/kunmedierne.dk\/mors\/wp-content\/uploads\/2020\/05\/0-byr\u00e5dssalen.jpg\",\"contentUrl\":\"https:\/\/kunmedierne.dk\/mors\/wp-content\/uploads\/2020\/05\/0-byr\u00e5dssalen.jpg\",\"width\":770,\"height\":513,\"caption\":\"Byr\u00e5dssalen. Foto: Mors\u00f8 Kommune.\"},{\"@type\":\"BreadcrumbList\",\"@id\":\"https:\/\/kunmedierne.dk\/mors\/morsoe-kommune-vil-klaede-nye-politikere-paa\/#breadcrumb\",\"itemListElement\":[{\"@type\":\"ListItem\",\"position\":1,\"name\":\"Hjem\",\"item\":\"https:\/\/kunmedierne.dk\/mors\/\"},{\"@type\":\"ListItem\",\"position\":2,\"name\":\"Mors\u00f8 Kommune vil kl\u00e6de nye politikere p\u00e5\"}]},{\"@type\":\"WebSite\",\"@id\":\"https:\/\/kunmedierne.dk\/mors\/#website\",\"url\":\"https:\/\/kunmedierne.dk\/mors\/\",\"name\":\"Mors\",\"description\":\"et netmedie med journalistik om livet p\u00e5 Mors\",\"publisher\":{\"@id\":\"https:\/\/kunmedierne.dk\/mors\/#organization\"},\"potentialAction\":[{\"@type\":\"SearchAction\",\"target\":{\"@type\":\"EntryPoint\",\"urlTemplate\":\"https:\/\/kunmedierne.dk\/mors\/?s={search_term_string}\"},\"query-input\":{\"@type\":\"PropertyValueSpecification\",\"valueRequired\":true,\"valueName\":\"search_term_string\"}}],\"inLanguage\":\"da-DK\"},{\"@type\":\"Organization\",\"@id\":\"https:\/\/kunmedierne.dk\/mors\/#organization\",\"name\":\"Mors\",\"url\":\"https:\/\/kunmedierne.dk\/mors\/\",\"logo\":{\"@type\":\"ImageObject\",\"inLanguage\":\"da-DK\",\"@id\":\"https:\/\/kunmedierne.dk\/mors\/#\/schema\/logo\/image\/\",\"url\":\"https:\/\/kunmedierne.dk\/mors\/wp-content\/uploads\/2024\/08\/kunmors-logo.svg\",\"contentUrl\":\"https:\/\/kunmedierne.dk\/mors\/wp-content\/uploads\/2024\/08\/kunmors-logo.svg\",\"caption\":\"Mors\"},\"image\":{\"@id\":\"https:\/\/kunmedierne.dk\/mors\/#\/schema\/logo\/image\/\"}},{\"@type\":\"Person\",\"@id\":\"https:\/\/kunmedierne.dk\/mors\/#\/schema\/person\/5fe23251bf1d0abbcdc6f7896579d548\",\"name\":\"David H\u00f8jmark\",\"image\":{\"@type\":\"ImageObject\",\"inLanguage\":\"da-DK\",\"@id\":\"https:\/\/kunmedierne.dk\/mors\/#\/schema\/person\/image\/\",\"url\":\"https:\/\/secure.gravatar.com\/avatar\/4315d6fb9ef244d729989f5f90268eb08d5bf8a3d84402f595fa194bb35784fd?s=96&d=mm&r=g\",\"contentUrl\":\"https:\/\/secure.gravatar.com\/avatar\/4315d6fb9ef244d729989f5f90268eb08d5bf8a3d84402f595fa194bb35784fd?s=96&d=mm&r=g\",\"caption\":\"David H\u00f8jmark\"},\"sameAs\":[\"https:\/\/www.kunmedierne.dk\"],\"url\":\"https:\/\/kunmedierne.dk\/mors\/author\/david\/\"}]}<\/script>\n<!-- \/ Yoast SEO plugin. -->","yoast_head_json":{"title":"Mors\u00f8 Kommune vil kl\u00e6de nye politikere p\u00e5 - Mors","robots":{"index":"index","follow":"follow","max-snippet":"max-snippet:-1","max-image-preview":"max-image-preview:large","max-video-preview":"max-video-preview:-1"},"canonical":"https:\/\/kunmedierne.dk\/mors\/morsoe-kommune-vil-klaede-nye-politikere-paa\/","og_locale":"da_DK","og_type":"article","og_title":"Mors\u00f8 Kommune vil kl\u00e6de nye politikere p\u00e5 - Mors","og_description":"MORS: Man skal nok have pr\u00f8vet det, f\u00f8r man rigtig ved, hvordan det er at arbejde som kommunalpolitiker.\u00a0 Men nu kan man f\u00e5 en fornemmelse af det, for Mors\u00f8 Kommune inviterer alle, som har besluttet sig for at v\u00e6re kandidat til efter\u00e5rets kommunalvalg, eller som overvejer at blive det, til et m\u00f8de om, hvordan det [&hellip;]","og_url":"https:\/\/kunmedierne.dk\/mors\/morsoe-kommune-vil-klaede-nye-politikere-paa\/","og_site_name":"Mors","article_published_time":"2021-05-19T14:58:46+00:00","article_modified_time":"2024-08-07T12:45:48+00:00","og_image":[{"width":770,"height":513,"url":"https:\/\/kunmedierne.dk\/mors\/wp-content\/uploads\/2020\/05\/0-byr\u00e5dssalen.jpg","type":"image\/jpeg"}],"author":"David H\u00f8jmark","twitter_card":"summary_large_image","twitter_misc":{"Skrevet af":"David H\u00f8jmark","Estimeret l\u00e6setid":"1 minut"},"schema":{"@context":"https:\/\/schema.org","@graph":[{"@type":"Article","@id":"https:\/\/kunmedierne.dk\/mors\/morsoe-kommune-vil-klaede-nye-politikere-paa\/#article","isPartOf":{"@id":"https:\/\/kunmedierne.dk\/mors\/morsoe-kommune-vil-klaede-nye-politikere-paa\/"},"author":{"name":"David H\u00f8jmark","@id":"https:\/\/kunmedierne.dk\/mors\/#\/schema\/person\/5fe23251bf1d0abbcdc6f7896579d548"},"headline":"Mors\u00f8 Kommune vil kl\u00e6de nye politikere p\u00e5","datePublished":"2021-05-19T14:58:46+00:00","dateModified":"2024-08-07T12:45:48+00:00","mainEntityOfPage":{"@id":"https:\/\/kunmedierne.dk\/mors\/morsoe-kommune-vil-klaede-nye-politikere-paa\/"},"wordCount":254,"commentCount":0,"publisher":{"@id":"https:\/\/kunmedierne.dk\/mors\/#organization"},"image":{"@id":"https:\/\/kunmedierne.dk\/mors\/morsoe-kommune-vil-klaede-nye-politikere-paa\/#primaryimage"},"thumbnailUrl":"https:\/\/kunmedierne.dk\/mors\/wp-content\/uploads\/2020\/05\/0-byr\u00e5dssalen.jpg","keywords":["Politik"],"articleSection":["Lokalt"],"inLanguage":"da-DK","potentialAction":[{"@type":"CommentAction","name":"Comment","target":["https:\/\/kunmedierne.dk\/mors\/morsoe-kommune-vil-klaede-nye-politikere-paa\/#respond"]}]},{"@type":"WebPage","@id":"https:\/\/kunmedierne.dk\/mors\/morsoe-kommune-vil-klaede-nye-politikere-paa\/","url":"https:\/\/kunmedierne.dk\/mors\/morsoe-kommune-vil-klaede-nye-politikere-paa\/","name":"Mors\u00f8 Kommune vil kl\u00e6de nye politikere p\u00e5 - Mors","isPartOf":{"@id":"https:\/\/kunmedierne.dk\/mors\/#website"},"primaryImageOfPage":{"@id":"https:\/\/kunmedierne.dk\/mors\/morsoe-kommune-vil-klaede-nye-politikere-paa\/#primaryimage"},"image":{"@id":"https:\/\/kunmedierne.dk\/mors\/morsoe-kommune-vil-klaede-nye-politikere-paa\/#primaryimage"},"thumbnailUrl":"https:\/\/kunmedierne.dk\/mors\/wp-content\/uploads\/2020\/05\/0-byr\u00e5dssalen.jpg","datePublished":"2021-05-19T14:58:46+00:00","dateModified":"2024-08-07T12:45:48+00:00","breadcrumb":{"@id":"https:\/\/kunmedierne.dk\/mors\/morsoe-kommune-vil-klaede-nye-politikere-paa\/#breadcrumb"},"inLanguage":"da-DK","potentialAction":[{"@type":"ReadAction","target":["https:\/\/kunmedierne.dk\/mors\/morsoe-kommune-vil-klaede-nye-politikere-paa\/"]}]},{"@type":"ImageObject","inLanguage":"da-DK","@id":"https:\/\/kunmedierne.dk\/mors\/morsoe-kommune-vil-klaede-nye-politikere-paa\/#primaryimage","url":"https:\/\/kunmedierne.dk\/mors\/wp-content\/uploads\/2020\/05\/0-byr\u00e5dssalen.jpg","contentUrl":"https:\/\/kunmedierne.dk\/mors\/wp-content\/uploads\/2020\/05\/0-byr\u00e5dssalen.jpg","width":770,"height":513,"caption":"Byr\u00e5dssalen. Foto: Mors\u00f8 Kommune."},{"@type":"BreadcrumbList","@id":"https:\/\/kunmedierne.dk\/mors\/morsoe-kommune-vil-klaede-nye-politikere-paa\/#breadcrumb","itemListElement":[{"@type":"ListItem","position":1,"name":"Hjem","item":"https:\/\/kunmedierne.dk\/mors\/"},{"@type":"ListItem","position":2,"name":"Mors\u00f8 Kommune vil kl\u00e6de nye politikere p\u00e5"}]},{"@type":"WebSite","@id":"https:\/\/kunmedierne.dk\/mors\/#website","url":"https:\/\/kunmedierne.dk\/mors\/","name":"Mors","description":"et netmedie med journalistik om livet p\u00e5 Mors","publisher":{"@id":"https:\/\/kunmedierne.dk\/mors\/#organization"},"potentialAction":[{"@type":"SearchAction","target":{"@type":"EntryPoint","urlTemplate":"https:\/\/kunmedierne.dk\/mors\/?s={search_term_string}"},"query-input":{"@type":"PropertyValueSpecification","valueRequired":true,"valueName":"search_term_string"}}],"inLanguage":"da-DK"},{"@type":"Organization","@id":"https:\/\/kunmedierne.dk\/mors\/#organization","name":"Mors","url":"https:\/\/kunmedierne.dk\/mors\/","logo":{"@type":"ImageObject","inLanguage":"da-DK","@id":"https:\/\/kunmedierne.dk\/mors\/#\/schema\/logo\/image\/","url":"https:\/\/kunmedierne.dk\/mors\/wp-content\/uploads\/2024\/08\/kunmors-logo.svg","contentUrl":"https:\/\/kunmedierne.dk\/mors\/wp-content\/uploads\/2024\/08\/kunmors-logo.svg","caption":"Mors"},"image":{"@id":"https:\/\/kunmedierne.dk\/mors\/#\/schema\/logo\/image\/"}},{"@type":"Person","@id":"https:\/\/kunmedierne.dk\/mors\/#\/schema\/person\/5fe23251bf1d0abbcdc6f7896579d548","name":"David H\u00f8jmark","image":{"@type":"ImageObject","inLanguage":"da-DK","@id":"https:\/\/kunmedierne.dk\/mors\/#\/schema\/person\/image\/","url":"https:\/\/secure.gravatar.com\/avatar\/4315d6fb9ef244d729989f5f90268eb08d5bf8a3d84402f595fa194bb35784fd?s=96&d=mm&r=g","contentUrl":"https:\/\/secure.gravatar.com\/avatar\/4315d6fb9ef244d729989f5f90268eb08d5bf8a3d84402f595fa194bb35784fd?s=96&d=mm&r=g","caption":"David H\u00f8jmark"},"sameAs":["https:\/\/www.kunmedierne.dk"],"url":"https:\/\/kunmedierne.dk\/mors\/author\/david\/"}]}},"_links":{"self":[{"href":"https:\/\/kunmedierne.dk\/mors\/wp-json\/wp\/v2\/posts\/45320","targetHints":{"allow":["GET"]}}],"collection":[{"href":"https:\/\/kunmedierne.dk\/mors\/wp-json\/wp\/v2\/posts"}],"about":[{"href":"https:\/\/kunmedierne.dk\/mors\/wp-json\/wp\/v2\/types\/post"}],"author":[{"embeddable":true,"href":"https:\/\/kunmedierne.dk\/mors\/wp-json\/wp\/v2\/users\/8"}],"replies":[{"embeddable":true,"href":"https:\/\/kunmedierne.dk\/mors\/wp-json\/wp\/v2\/comments?post=45320"}],"version-history":[{"count":1,"href":"https:\/\/kunmedierne.dk\/mors\/wp-json\/wp\/v2\/posts\/45320\/revisions"}],"predecessor-version":[{"id":45322,"href":"https:\/\/kunmedierne.dk\/mors\/wp-json\/wp\/v2\/posts\/45320\/revisions\/45322"}],"wp:featuredmedia":[{"embeddable":true,"href":"https:\/\/kunmedierne.dk\/mors\/wp-json\/wp\/v2\/media\/20393"}],"wp:attachment":[{"href":"https:\/\/kunmedierne.dk\/mors\/wp-json\/wp\/v2\/media?parent=45320"}],"wp:term":[{"taxonomy":"category","embeddable":true,"href":"https:\/\/kunmedierne.dk\/mors\/wp-json\/wp\/v2\/categories?post=45320"},{"taxonomy":"post_tag","embeddable":true,"href":"https:\/\/kunmedierne.dk\/mors\/wp-json\/wp\/v2\/tags?post=45320"}],"curies":[{"name":"wp","href":"https:\/\/api.w.org\/{rel}","templated":true}]}}