{"id":44867,"date":"2021-05-10T17:11:56","date_gmt":"2021-05-10T15:11:56","guid":{"rendered":"https:\/\/kunmedierne.dk\/mors\/?p=44867"},"modified":"2024-08-07T14:45:50","modified_gmt":"2024-08-07T12:45:50","slug":"fra-demokratisk-balance-til-socialdemokratiet","status":"publish","type":"post","link":"https:\/\/kunmedierne.dk\/mors\/fra-demokratisk-balance-til-socialdemokratiet\/","title":{"rendered":"Fra Demokratisk Balance til Socialdemokratiet"},"content":{"rendered":"<p><strong>MORS<\/strong>: Poul Kristensen vil tilbage i kommunalbestyrelsen.<\/p>\n<p>Den 61-\u00e5rige morsingbo med 32 \u00e5r i Fr\u00f8slev bag sig er i en pressemeddelelse fra Socialdemokratiet i dag blevet pr\u00e6senteret som ny kandidat for partiet &#8211; efter to gange at have g\u00e5et til valg for Demokratisk Balance.<\/p>\n<p>I 2013 blev Poul Kristensen valgt ind med 149 stemmer &#8211; flere end b\u00e5de Jens Dahlgaard (109) og Tore M\u00fcller (100), der tidligere end ham skiftede til Socialdemokratiet.<\/p>\n<p>Fire \u00e5r senere blev det til 129 stemmer og ingen plads i kommunalbestyrelsen. Men nu har han skiftet parti &#8211; med meldingen om, at han stadig g\u00e5r ind for landsbyliv, energi og \u00f8konomi.<\/p>\n<p>&#8220;Det var fire rigtig sp\u00e6ndende \u00e5r, hvor jeg fik lov til virkelig at komme ned i kommunens maskinrum,&#8221; siger han om \u00e5rene efter valget i 2013. <a href=\"https:\/\/www.fmspks.dk\/\"><img loading=\"lazy\" decoding=\"async\" class=\"alignright size-full wp-image-42295\" src=\"https:\/\/kunmedierne.dk\/mors\/wp-content\/uploads\/2021\/03\/te1.jpg\" alt=\"\" width=\"1400\" height=\"125\" srcset=\"https:\/\/kunmedierne.dk\/mors\/wp-content\/uploads\/2021\/03\/te1.jpg 1400w, https:\/\/kunmedierne.dk\/mors\/wp-content\/uploads\/2021\/03\/te1-300x27.jpg 300w, https:\/\/kunmedierne.dk\/mors\/wp-content\/uploads\/2021\/03\/te1-1024x91.jpg 1024w, https:\/\/kunmedierne.dk\/mors\/wp-content\/uploads\/2021\/03\/te1-768x69.jpg 768w, https:\/\/kunmedierne.dk\/mors\/wp-content\/uploads\/2021\/03\/te1-600x54.jpg 600w\" sizes=\"auto, (max-width: 1400px) 100vw, 1400px\" \/><\/a><\/p>\n<p>Partiskiftet begrunder han med, at han altid har stemt socialdemokratisk ved folketingsvalgene, og at hans far var aktiv i arbejderbev\u00e6gelsen.<\/p>\n<p>&#8220;Dybest set er jeg socialdemokrat. At have et landsd\u00e6kkende parti i ryggen giver st\u00f8rre muskler, end jeg tidligere har v\u00e6ret med til, og det m\u00e5 v\u00e6re oplagt, at man som lokal valgt ogs\u00e5 fors\u00f8ger at udnytte regeringen for at f\u00e5 mere hj\u00e6lp til Mors,&#8221; siger han.<\/p>\n<p>Poul Kristensen tilf\u00f8jer, at det er vigtigere at have glade og tilfredse borgere end at f\u00f8re en forg\u00e6ves kamp for bos\u00e6tning.<\/p>\n<p>&#8220;Jeg tror faktisk, at glade og tilfredse morsingboer er de bedste ambassad\u00f8rer for \u00f8get bos\u00e6tning,&#8221; siger han.<\/p>\n<p>&nbsp;<\/p>\n<p><b>Landsbyerne er tr\u00e6ngte<\/b><\/p>\n<p>Poul Kristensen er f\u00f8dt i Solbjerg og har boet i Fr\u00f8slev i 32 \u00e5r, indtil familien i februar i \u00e5r valgte at rykke til Nyk\u00f8bing.<\/p>\n<p>&#8220;Men jeg synes stadig, at Fr\u00f8slev og omegn er et meget dejligt omr\u00e5de med et aktivt foreningsliv, som jeg tror, jeg altid vil f\u00f8le mig som en del af,&#8221; siger han.<\/p>\n<p>Netop landsbyudvikling har altid haft hans interesse.<\/p>\n<p>&#8220;M\u00e5ske fordi jeg selv er f\u00f8dt og opvokset i en landsby. Jeg har altid f\u00f8lt, at der skal v\u00e6re lige muligheder for at bo godt og trygt og blive serviceret b\u00e5de i de st\u00f8rre byer, men ogs\u00e5 derude hvor kragerne vender,&#8221; siger han.<\/p>\n<p>&#8220;Noget af det, jeg tager med mig, er, at der er utrolig mange midler til r\u00e5dighed, hvis landsbyer kan finde ud af at st\u00e5 sammen om at l\u00f8se opgaverne. At l\u00f8fte i flok er vigtigt,&#8221; siger Poul Kristensen. <a href=\"https:\/\/vester-begr.dk\"><img loading=\"lazy\" decoding=\"async\" class=\"alignright size-full wp-image-42312\" src=\"https:\/\/kunmedierne.dk\/mors\/wp-content\/uploads\/2021\/03\/te2.jpg\" alt=\"\" width=\"1400\" height=\"125\" srcset=\"https:\/\/kunmedierne.dk\/mors\/wp-content\/uploads\/2021\/03\/te2.jpg 1400w, https:\/\/kunmedierne.dk\/mors\/wp-content\/uploads\/2021\/03\/te2-300x27.jpg 300w, https:\/\/kunmedierne.dk\/mors\/wp-content\/uploads\/2021\/03\/te2-1024x91.jpg 1024w, https:\/\/kunmedierne.dk\/mors\/wp-content\/uploads\/2021\/03\/te2-768x69.jpg 768w, https:\/\/kunmedierne.dk\/mors\/wp-content\/uploads\/2021\/03\/te2-600x54.jpg 600w\" sizes=\"auto, (max-width: 1400px) 100vw, 1400px\" \/><\/a><\/p>\n<p>&#8220;De fleste landsbyer p\u00e5 Mors er tr\u00e6ngte. Nogle er h\u00e5rdere ramt end andre, men som kommune har vi en forpligtelse til at fors\u00f8ge at beskytte alle landsbyer mod helt at sygne hen. I dag laver man byfornyelse i en landsby ad gangen. Jeg er glad for andelstankerne, hvor man l\u00f8ser opgaverne i f\u00e6llesskab, og jeg ved, at man kan lave rigtig meget som hj\u00e6lp til selvhj\u00e6lp,&#8221; siger han og forts\u00e6tter:<\/p>\n<p>&#8220;Jeg synes, kommunen skal g\u00e5 aktivt ind og fors\u00f8ge at skabe en positiv udvikling. Jeg vil v\u00e6re garant for, at vi ikke flytter aktiviteter fra landsbyerne til Nyk\u00f8bing eller til de st\u00f8rre landsbyer p\u00e5 \u00f8en. Jeg vil bruge min stemme i kommunalbestyrelsen p\u00e5 at sikre, at der ikke sker lukning af institutioner i den kommende valgperiode, og at der skabes flere udviklingsprojekter i de landsbyer, som har det skidt.&#8221;<\/p>\n<p>&nbsp;<\/p>\n<p><strong>Vil styrke den gr\u00f8nne omstilling<\/strong><\/p>\n<p>Han er uddannet registreret revisor og har suppleret med en HD i regnskabsv\u00e6sen og skattefaglige kurser. I n\u00e6sten 25 \u00e5r var han ansat hos Mors\u00f8 Kommune, men i dag arbejder han i Skattestyrelsen med base i Skive. Her arbejder han med kontrol af mindre virksomheder, men tidligere har han arbejdet med selskabsbeskatning.<\/p>\n<p>&#8220;Jeg har altid set det som en vigtig opgave at s\u00f8rge for, at alle betaler den skat, de skal, til tiden og if\u00f8lge lovgivningen. Jeg er kort sagt med til at f\u00e5 penge i kassen, som blandt andet kan bruges til velf\u00e6rd,&#8221; siger han.<\/p>\n<p>I snart 30 \u00e5r har Poul Kristensen v\u00e6ret formand for Sdr. Herreds Kraftvarmev\u00e6rker, og i pressemeddelelsen fra Socialdemokratiet fort\u00e6ller det, at han ogs\u00e5 p\u00e5 landsplan har v\u00e6ret med til at k\u00e6mpe de mindre varmev\u00e6rkers sag med foretr\u00e6de for udvalg i Folketinget og m\u00f8der med folketingspolitikere. <a href=\"https:\/\/vognmand-filtenborg.dk\/\"><img loading=\"lazy\" decoding=\"async\" class=\"alignright size-full wp-image-42300\" src=\"https:\/\/kunmedierne.dk\/mors\/wp-content\/uploads\/2021\/03\/te3.jpg\" alt=\"\" width=\"1400\" height=\"125\" srcset=\"https:\/\/kunmedierne.dk\/mors\/wp-content\/uploads\/2021\/03\/te3.jpg 1400w, https:\/\/kunmedierne.dk\/mors\/wp-content\/uploads\/2021\/03\/te3-300x27.jpg 300w, https:\/\/kunmedierne.dk\/mors\/wp-content\/uploads\/2021\/03\/te3-1024x91.jpg 1024w, https:\/\/kunmedierne.dk\/mors\/wp-content\/uploads\/2021\/03\/te3-768x69.jpg 768w, https:\/\/kunmedierne.dk\/mors\/wp-content\/uploads\/2021\/03\/te3-600x54.jpg 600w\" sizes=\"auto, (max-width: 1400px) 100vw, 1400px\" \/><\/a><\/p>\n<p>&#8220;Jeg fors\u00f8ger at have fingeren p\u00e5 pulsen og arbejder for eksempel lige nu p\u00e5 at f\u00e5 fastsat en fornuftig afgift p\u00e5 Co2. N\u00e5r man r\u00e5ber h\u00f8jt l\u00e6nge nok, s\u00e5 sker der ofte det, at man bliver h\u00f8rt. Jeg er god til at danne netv\u00e6rk, og man kommer langt med at hj\u00e6lpe. P\u00e5 et senere tidspunkt kan man s\u00e5 f\u00e5 noget igen. \u00c6rlighed, ordentlighed og trov\u00e6rdighed betyder rigtig meget for mig. Alle skal have en fair behandling, uanset om det er den socialt udsatte eller direkt\u00f8ren for den store virksomhed. Det er ogs\u00e5 ligegyldigt, om man er udl\u00e6ndig eller dansker, eller hvilken trosretning, man har. \u00c5benhed i sagsbehandlingen er &#8216;et must&#8217; for mig. Man skal altid kunne st\u00e5 ved sine beslutninger og kunne begrunde dem &#8211; ogs\u00e5 de upopul\u00e6re,&#8221; lyder det.<\/p>\n<p>P\u00e5 klimaomr\u00e5det vil Poul Kristensen styrke den gr\u00f8nne omstilling.<\/p>\n<p>&#8220;Jeg vil k\u00e6mpe for, at vi p\u00e5 Mors kommer l\u00e6ngere frem i r\u00e6kken af kommuner med forbedrede klimahandlingsplaner med st\u00f8rre fokus p\u00e5 cirkul\u00e6r \u00f8konomi (\u00f8get genbrug) og b\u00e6redygtighed,&#8221; fort\u00e6ller han og n\u00e6vner ogs\u00e5 nedbringelsen af fossile br\u00e6ndstoffer som et indsatsomr\u00e5de &#8211; og at str\u00f8mmen skal produceres p\u00e5 havet eller der, hvor den skal bruges.<\/p>\n<p>&#8220;Lad os st\u00e5 som en Co2-neutral foregangskommune. Som \u00f8-samfund har vi store muligheder for at f\u00e5 st\u00f8tte til demonstrationsprojekter og skabe varige arbejdspladser. Landbruget er \u00f8ens st\u00f8rste erhverv, og ogs\u00e5 de \u00f8vrige erhverv vil givet blive m\u00f8dt med st\u00f8rre milj\u00f8krav og en Co2-afgift. Kommunen skal v\u00e6re klar til at hj\u00e6lpe og v\u00e6re en medspiller, n\u00e5r der skal findes l\u00f8sninger,&#8221; siger han.<\/p>\n<p>&nbsp;<\/p>\n<p><strong>FN&#8217;s verdensm\u00e5l skal t\u00e6nkes ind<\/strong><\/p>\n<p>Poul Kristensen n\u00e6vner ogs\u00e5 FN&#8217;s verdensm\u00e5l om at afskaffe fattigdom og \u00f8ge lighed, sundhed og uddannelse, anst\u00e6ndige jobs og en mere b\u00e6redygtig \u00f8konomisk v\u00e6kst.<\/p>\n<p>&#8220;Jeg vil arbejde for, at Mors\u00f8 Kommune anvender og t\u00e6nker disse 17 konkrete m\u00e5l og de 169 delm\u00e5l ind i den daglige drift, men ogs\u00e5 for, at de l\u00e6gges til grund ved alle beslutninger, som tages i kommunalbestyrelsen,&#8221; siger han. <a href=\"https:\/\/www.sparnord.dk\/filialer\/nykoebing-mors\/\"><img loading=\"lazy\" decoding=\"async\" class=\"alignright size-full wp-image-42301\" src=\"https:\/\/kunmedierne.dk\/mors\/wp-content\/uploads\/2021\/03\/te4.jpg\" alt=\"\" width=\"1400\" height=\"123\" srcset=\"https:\/\/kunmedierne.dk\/mors\/wp-content\/uploads\/2021\/03\/te4.jpg 1400w, https:\/\/kunmedierne.dk\/mors\/wp-content\/uploads\/2021\/03\/te4-300x26.jpg 300w, https:\/\/kunmedierne.dk\/mors\/wp-content\/uploads\/2021\/03\/te4-1024x90.jpg 1024w, https:\/\/kunmedierne.dk\/mors\/wp-content\/uploads\/2021\/03\/te4-768x67.jpg 768w, https:\/\/kunmedierne.dk\/mors\/wp-content\/uploads\/2021\/03\/te4-600x53.jpg 600w\" sizes=\"auto, (max-width: 1400px) 100vw, 1400px\" \/><\/a><\/p>\n<p>Privat blev han for otte \u00e5r siden gift med Bente, som han har boet sammen med i 33 \u00e5r. De har en s\u00f8n og en svigerdatter og to b\u00f8rneb\u00f8rn.<\/p>\n<p>Han n\u00e6vner sommerhuset og havearbejde som noget af det, fritiden g\u00e5r med &#8211; lige\u00a0han holder af god mad og et glas vin og af at l\u00e6se biografier &#8211; gerne om folk, der udvikler en virksomhed fra bunden.<\/p>\n<p>&#8220;Iv\u00e6rks\u00e6tter\u00e5nden er utrolig og ogs\u00e5 en meget vigtig brik her p\u00e5 Mors,&#8221; siger Poul Kristensen.<\/p>\n<div id=\"attachment_44870\" style=\"width: 780px\" class=\"wp-caption alignright\"><img loading=\"lazy\" decoding=\"async\" aria-describedby=\"caption-attachment-44870\" class=\"size-full wp-image-44870\" src=\"https:\/\/kunmedierne.dk\/mors\/wp-content\/uploads\/2021\/05\/poul-kristensen-tore-m\u00fcller.jpg\" alt=\"\" width=\"770\" height=\"499\" srcset=\"https:\/\/kunmedierne.dk\/mors\/wp-content\/uploads\/2021\/05\/poul-kristensen-tore-m\u00fcller.jpg 770w, https:\/\/kunmedierne.dk\/mors\/wp-content\/uploads\/2021\/05\/poul-kristensen-tore-m\u00fcller-300x194.jpg 300w, https:\/\/kunmedierne.dk\/mors\/wp-content\/uploads\/2021\/05\/poul-kristensen-tore-m\u00fcller-768x498.jpg 768w, https:\/\/kunmedierne.dk\/mors\/wp-content\/uploads\/2021\/05\/poul-kristensen-tore-m\u00fcller-600x389.jpg 600w\" sizes=\"auto, (max-width: 770px) 100vw, 770px\" \/><p id=\"caption-attachment-44870\" class=\"wp-caption-text\">Poul Kristensen sammen med Tore M\u00fcller, borgmesterkandidat for Socialdemokratiet.<\/p><\/div>\n","protected":false},"excerpt":{"rendered":"<p>MORS: Poul Kristensen vil tilbage i kommunalbestyrelsen. Den 61-\u00e5rige morsingbo med 32 \u00e5r i Fr\u00f8slev bag sig er i en pressemeddelelse fra Socialdemokratiet i dag blevet pr\u00e6senteret som ny kandidat for partiet &#8211; efter to gange at have g\u00e5et til valg for Demokratisk Balance. I 2013 blev Poul Kristensen valgt ind med 149 stemmer &#8211; [&hellip;]<\/p>\n","protected":false},"author":8,"featured_media":44869,"comment_status":"open","ping_status":"open","sticky":false,"template":"","format":"standard","meta":{"_acf_changed":false,"footnotes":""},"categories":[51],"tags":[167],"class_list":["post-44867","post","type-post","status-publish","format-standard","has-post-thumbnail","hentry","category-lokalt","tag-politik"],"acf":[],"yoast_head":"<!-- This site is optimized with the Yoast SEO plugin v26.8 - https:\/\/yoast.com\/product\/yoast-seo-wordpress\/ -->\n<title>Fra Demokratisk Balance til Socialdemokratiet - Mors<\/title>\n<meta name=\"robots\" content=\"index, follow, max-snippet:-1, max-image-preview:large, max-video-preview:-1\" \/>\n<link rel=\"canonical\" href=\"https:\/\/kunmedierne.dk\/mors\/fra-demokratisk-balance-til-socialdemokratiet\/\" \/>\n<meta property=\"og:locale\" content=\"da_DK\" \/>\n<meta property=\"og:type\" content=\"article\" \/>\n<meta property=\"og:title\" content=\"Fra Demokratisk Balance til Socialdemokratiet - Mors\" \/>\n<meta property=\"og:description\" content=\"MORS: Poul Kristensen vil tilbage i kommunalbestyrelsen. Den 61-\u00e5rige morsingbo med 32 \u00e5r i Fr\u00f8slev bag sig er i en pressemeddelelse fra Socialdemokratiet i dag blevet pr\u00e6senteret som ny kandidat for partiet &#8211; efter to gange at have g\u00e5et til valg for Demokratisk Balance. I 2013 blev Poul Kristensen valgt ind med 149 stemmer &#8211; [&hellip;]\" \/>\n<meta property=\"og:url\" content=\"https:\/\/kunmedierne.dk\/mors\/fra-demokratisk-balance-til-socialdemokratiet\/\" \/>\n<meta property=\"og:site_name\" content=\"Mors\" \/>\n<meta property=\"article:published_time\" content=\"2021-05-10T15:11:56+00:00\" \/>\n<meta property=\"article:modified_time\" content=\"2024-08-07T12:45:50+00:00\" \/>\n<meta property=\"og:image\" content=\"https:\/\/kunmedierne.dk\/mors\/wp-content\/uploads\/2021\/05\/poul-kristensen.jpg\" \/>\n\t<meta property=\"og:image:width\" content=\"770\" \/>\n\t<meta property=\"og:image:height\" content=\"513\" \/>\n\t<meta property=\"og:image:type\" content=\"image\/jpeg\" \/>\n<meta name=\"author\" content=\"David H\u00f8jmark\" \/>\n<meta name=\"twitter:card\" content=\"summary_large_image\" \/>\n<meta name=\"twitter:label1\" content=\"Skrevet af\" \/>\n\t<meta name=\"twitter:data1\" content=\"David H\u00f8jmark\" \/>\n\t<meta name=\"twitter:label2\" content=\"Estimeret l\u00e6setid\" \/>\n\t<meta name=\"twitter:data2\" content=\"6 minutter\" \/>\n<script type=\"application\/ld+json\" class=\"yoast-schema-graph\">{\"@context\":\"https:\/\/schema.org\",\"@graph\":[{\"@type\":\"Article\",\"@id\":\"https:\/\/kunmedierne.dk\/mors\/fra-demokratisk-balance-til-socialdemokratiet\/#article\",\"isPartOf\":{\"@id\":\"https:\/\/kunmedierne.dk\/mors\/fra-demokratisk-balance-til-socialdemokratiet\/\"},\"author\":{\"name\":\"David H\u00f8jmark\",\"@id\":\"https:\/\/kunmedierne.dk\/mors\/#\/schema\/person\/5fe23251bf1d0abbcdc6f7896579d548\"},\"headline\":\"Fra Demokratisk Balance til Socialdemokratiet\",\"datePublished\":\"2021-05-10T15:11:56+00:00\",\"dateModified\":\"2024-08-07T12:45:50+00:00\",\"mainEntityOfPage\":{\"@id\":\"https:\/\/kunmedierne.dk\/mors\/fra-demokratisk-balance-til-socialdemokratiet\/\"},\"wordCount\":1206,\"commentCount\":0,\"publisher\":{\"@id\":\"https:\/\/kunmedierne.dk\/mors\/#organization\"},\"image\":{\"@id\":\"https:\/\/kunmedierne.dk\/mors\/fra-demokratisk-balance-til-socialdemokratiet\/#primaryimage\"},\"thumbnailUrl\":\"https:\/\/kunmedierne.dk\/mors\/wp-content\/uploads\/2021\/05\/poul-kristensen.jpg\",\"keywords\":[\"Politik\"],\"articleSection\":[\"Lokalt\"],\"inLanguage\":\"da-DK\",\"potentialAction\":[{\"@type\":\"CommentAction\",\"name\":\"Comment\",\"target\":[\"https:\/\/kunmedierne.dk\/mors\/fra-demokratisk-balance-til-socialdemokratiet\/#respond\"]}]},{\"@type\":\"WebPage\",\"@id\":\"https:\/\/kunmedierne.dk\/mors\/fra-demokratisk-balance-til-socialdemokratiet\/\",\"url\":\"https:\/\/kunmedierne.dk\/mors\/fra-demokratisk-balance-til-socialdemokratiet\/\",\"name\":\"Fra Demokratisk Balance til Socialdemokratiet - Mors\",\"isPartOf\":{\"@id\":\"https:\/\/kunmedierne.dk\/mors\/#website\"},\"primaryImageOfPage\":{\"@id\":\"https:\/\/kunmedierne.dk\/mors\/fra-demokratisk-balance-til-socialdemokratiet\/#primaryimage\"},\"image\":{\"@id\":\"https:\/\/kunmedierne.dk\/mors\/fra-demokratisk-balance-til-socialdemokratiet\/#primaryimage\"},\"thumbnailUrl\":\"https:\/\/kunmedierne.dk\/mors\/wp-content\/uploads\/2021\/05\/poul-kristensen.jpg\",\"datePublished\":\"2021-05-10T15:11:56+00:00\",\"dateModified\":\"2024-08-07T12:45:50+00:00\",\"breadcrumb\":{\"@id\":\"https:\/\/kunmedierne.dk\/mors\/fra-demokratisk-balance-til-socialdemokratiet\/#breadcrumb\"},\"inLanguage\":\"da-DK\",\"potentialAction\":[{\"@type\":\"ReadAction\",\"target\":[\"https:\/\/kunmedierne.dk\/mors\/fra-demokratisk-balance-til-socialdemokratiet\/\"]}]},{\"@type\":\"ImageObject\",\"inLanguage\":\"da-DK\",\"@id\":\"https:\/\/kunmedierne.dk\/mors\/fra-demokratisk-balance-til-socialdemokratiet\/#primaryimage\",\"url\":\"https:\/\/kunmedierne.dk\/mors\/wp-content\/uploads\/2021\/05\/poul-kristensen.jpg\",\"contentUrl\":\"https:\/\/kunmedierne.dk\/mors\/wp-content\/uploads\/2021\/05\/poul-kristensen.jpg\",\"width\":770,\"height\":513,\"caption\":\"Poul Kristensen. Foto: Socialdemokratiet Mors.\"},{\"@type\":\"BreadcrumbList\",\"@id\":\"https:\/\/kunmedierne.dk\/mors\/fra-demokratisk-balance-til-socialdemokratiet\/#breadcrumb\",\"itemListElement\":[{\"@type\":\"ListItem\",\"position\":1,\"name\":\"Hjem\",\"item\":\"https:\/\/kunmedierne.dk\/mors\/\"},{\"@type\":\"ListItem\",\"position\":2,\"name\":\"Fra Demokratisk Balance til Socialdemokratiet\"}]},{\"@type\":\"WebSite\",\"@id\":\"https:\/\/kunmedierne.dk\/mors\/#website\",\"url\":\"https:\/\/kunmedierne.dk\/mors\/\",\"name\":\"Mors\",\"description\":\"et netmedie med journalistik om livet p\u00e5 Mors\",\"publisher\":{\"@id\":\"https:\/\/kunmedierne.dk\/mors\/#organization\"},\"potentialAction\":[{\"@type\":\"SearchAction\",\"target\":{\"@type\":\"EntryPoint\",\"urlTemplate\":\"https:\/\/kunmedierne.dk\/mors\/?s={search_term_string}\"},\"query-input\":{\"@type\":\"PropertyValueSpecification\",\"valueRequired\":true,\"valueName\":\"search_term_string\"}}],\"inLanguage\":\"da-DK\"},{\"@type\":\"Organization\",\"@id\":\"https:\/\/kunmedierne.dk\/mors\/#organization\",\"name\":\"Mors\",\"url\":\"https:\/\/kunmedierne.dk\/mors\/\",\"logo\":{\"@type\":\"ImageObject\",\"inLanguage\":\"da-DK\",\"@id\":\"https:\/\/kunmedierne.dk\/mors\/#\/schema\/logo\/image\/\",\"url\":\"https:\/\/kunmedierne.dk\/mors\/wp-content\/uploads\/2024\/08\/kunmors-logo.svg\",\"contentUrl\":\"https:\/\/kunmedierne.dk\/mors\/wp-content\/uploads\/2024\/08\/kunmors-logo.svg\",\"caption\":\"Mors\"},\"image\":{\"@id\":\"https:\/\/kunmedierne.dk\/mors\/#\/schema\/logo\/image\/\"}},{\"@type\":\"Person\",\"@id\":\"https:\/\/kunmedierne.dk\/mors\/#\/schema\/person\/5fe23251bf1d0abbcdc6f7896579d548\",\"name\":\"David H\u00f8jmark\",\"image\":{\"@type\":\"ImageObject\",\"inLanguage\":\"da-DK\",\"@id\":\"https:\/\/kunmedierne.dk\/mors\/#\/schema\/person\/image\/\",\"url\":\"https:\/\/secure.gravatar.com\/avatar\/4315d6fb9ef244d729989f5f90268eb08d5bf8a3d84402f595fa194bb35784fd?s=96&d=mm&r=g\",\"contentUrl\":\"https:\/\/secure.gravatar.com\/avatar\/4315d6fb9ef244d729989f5f90268eb08d5bf8a3d84402f595fa194bb35784fd?s=96&d=mm&r=g\",\"caption\":\"David H\u00f8jmark\"},\"sameAs\":[\"https:\/\/www.kunmedierne.dk\"],\"url\":\"https:\/\/kunmedierne.dk\/mors\/author\/david\/\"}]}<\/script>\n<!-- \/ Yoast SEO plugin. -->","yoast_head_json":{"title":"Fra Demokratisk Balance til Socialdemokratiet - Mors","robots":{"index":"index","follow":"follow","max-snippet":"max-snippet:-1","max-image-preview":"max-image-preview:large","max-video-preview":"max-video-preview:-1"},"canonical":"https:\/\/kunmedierne.dk\/mors\/fra-demokratisk-balance-til-socialdemokratiet\/","og_locale":"da_DK","og_type":"article","og_title":"Fra Demokratisk Balance til Socialdemokratiet - Mors","og_description":"MORS: Poul Kristensen vil tilbage i kommunalbestyrelsen. Den 61-\u00e5rige morsingbo med 32 \u00e5r i Fr\u00f8slev bag sig er i en pressemeddelelse fra Socialdemokratiet i dag blevet pr\u00e6senteret som ny kandidat for partiet &#8211; efter to gange at have g\u00e5et til valg for Demokratisk Balance. I 2013 blev Poul Kristensen valgt ind med 149 stemmer &#8211; [&hellip;]","og_url":"https:\/\/kunmedierne.dk\/mors\/fra-demokratisk-balance-til-socialdemokratiet\/","og_site_name":"Mors","article_published_time":"2021-05-10T15:11:56+00:00","article_modified_time":"2024-08-07T12:45:50+00:00","og_image":[{"width":770,"height":513,"url":"https:\/\/kunmedierne.dk\/mors\/wp-content\/uploads\/2021\/05\/poul-kristensen.jpg","type":"image\/jpeg"}],"author":"David H\u00f8jmark","twitter_card":"summary_large_image","twitter_misc":{"Skrevet af":"David H\u00f8jmark","Estimeret l\u00e6setid":"6 minutter"},"schema":{"@context":"https:\/\/schema.org","@graph":[{"@type":"Article","@id":"https:\/\/kunmedierne.dk\/mors\/fra-demokratisk-balance-til-socialdemokratiet\/#article","isPartOf":{"@id":"https:\/\/kunmedierne.dk\/mors\/fra-demokratisk-balance-til-socialdemokratiet\/"},"author":{"name":"David H\u00f8jmark","@id":"https:\/\/kunmedierne.dk\/mors\/#\/schema\/person\/5fe23251bf1d0abbcdc6f7896579d548"},"headline":"Fra Demokratisk Balance til Socialdemokratiet","datePublished":"2021-05-10T15:11:56+00:00","dateModified":"2024-08-07T12:45:50+00:00","mainEntityOfPage":{"@id":"https:\/\/kunmedierne.dk\/mors\/fra-demokratisk-balance-til-socialdemokratiet\/"},"wordCount":1206,"commentCount":0,"publisher":{"@id":"https:\/\/kunmedierne.dk\/mors\/#organization"},"image":{"@id":"https:\/\/kunmedierne.dk\/mors\/fra-demokratisk-balance-til-socialdemokratiet\/#primaryimage"},"thumbnailUrl":"https:\/\/kunmedierne.dk\/mors\/wp-content\/uploads\/2021\/05\/poul-kristensen.jpg","keywords":["Politik"],"articleSection":["Lokalt"],"inLanguage":"da-DK","potentialAction":[{"@type":"CommentAction","name":"Comment","target":["https:\/\/kunmedierne.dk\/mors\/fra-demokratisk-balance-til-socialdemokratiet\/#respond"]}]},{"@type":"WebPage","@id":"https:\/\/kunmedierne.dk\/mors\/fra-demokratisk-balance-til-socialdemokratiet\/","url":"https:\/\/kunmedierne.dk\/mors\/fra-demokratisk-balance-til-socialdemokratiet\/","name":"Fra Demokratisk Balance til Socialdemokratiet - Mors","isPartOf":{"@id":"https:\/\/kunmedierne.dk\/mors\/#website"},"primaryImageOfPage":{"@id":"https:\/\/kunmedierne.dk\/mors\/fra-demokratisk-balance-til-socialdemokratiet\/#primaryimage"},"image":{"@id":"https:\/\/kunmedierne.dk\/mors\/fra-demokratisk-balance-til-socialdemokratiet\/#primaryimage"},"thumbnailUrl":"https:\/\/kunmedierne.dk\/mors\/wp-content\/uploads\/2021\/05\/poul-kristensen.jpg","datePublished":"2021-05-10T15:11:56+00:00","dateModified":"2024-08-07T12:45:50+00:00","breadcrumb":{"@id":"https:\/\/kunmedierne.dk\/mors\/fra-demokratisk-balance-til-socialdemokratiet\/#breadcrumb"},"inLanguage":"da-DK","potentialAction":[{"@type":"ReadAction","target":["https:\/\/kunmedierne.dk\/mors\/fra-demokratisk-balance-til-socialdemokratiet\/"]}]},{"@type":"ImageObject","inLanguage":"da-DK","@id":"https:\/\/kunmedierne.dk\/mors\/fra-demokratisk-balance-til-socialdemokratiet\/#primaryimage","url":"https:\/\/kunmedierne.dk\/mors\/wp-content\/uploads\/2021\/05\/poul-kristensen.jpg","contentUrl":"https:\/\/kunmedierne.dk\/mors\/wp-content\/uploads\/2021\/05\/poul-kristensen.jpg","width":770,"height":513,"caption":"Poul Kristensen. Foto: Socialdemokratiet Mors."},{"@type":"BreadcrumbList","@id":"https:\/\/kunmedierne.dk\/mors\/fra-demokratisk-balance-til-socialdemokratiet\/#breadcrumb","itemListElement":[{"@type":"ListItem","position":1,"name":"Hjem","item":"https:\/\/kunmedierne.dk\/mors\/"},{"@type":"ListItem","position":2,"name":"Fra Demokratisk Balance til Socialdemokratiet"}]},{"@type":"WebSite","@id":"https:\/\/kunmedierne.dk\/mors\/#website","url":"https:\/\/kunmedierne.dk\/mors\/","name":"Mors","description":"et netmedie med journalistik om livet p\u00e5 Mors","publisher":{"@id":"https:\/\/kunmedierne.dk\/mors\/#organization"},"potentialAction":[{"@type":"SearchAction","target":{"@type":"EntryPoint","urlTemplate":"https:\/\/kunmedierne.dk\/mors\/?s={search_term_string}"},"query-input":{"@type":"PropertyValueSpecification","valueRequired":true,"valueName":"search_term_string"}}],"inLanguage":"da-DK"},{"@type":"Organization","@id":"https:\/\/kunmedierne.dk\/mors\/#organization","name":"Mors","url":"https:\/\/kunmedierne.dk\/mors\/","logo":{"@type":"ImageObject","inLanguage":"da-DK","@id":"https:\/\/kunmedierne.dk\/mors\/#\/schema\/logo\/image\/","url":"https:\/\/kunmedierne.dk\/mors\/wp-content\/uploads\/2024\/08\/kunmors-logo.svg","contentUrl":"https:\/\/kunmedierne.dk\/mors\/wp-content\/uploads\/2024\/08\/kunmors-logo.svg","caption":"Mors"},"image":{"@id":"https:\/\/kunmedierne.dk\/mors\/#\/schema\/logo\/image\/"}},{"@type":"Person","@id":"https:\/\/kunmedierne.dk\/mors\/#\/schema\/person\/5fe23251bf1d0abbcdc6f7896579d548","name":"David H\u00f8jmark","image":{"@type":"ImageObject","inLanguage":"da-DK","@id":"https:\/\/kunmedierne.dk\/mors\/#\/schema\/person\/image\/","url":"https:\/\/secure.gravatar.com\/avatar\/4315d6fb9ef244d729989f5f90268eb08d5bf8a3d84402f595fa194bb35784fd?s=96&d=mm&r=g","contentUrl":"https:\/\/secure.gravatar.com\/avatar\/4315d6fb9ef244d729989f5f90268eb08d5bf8a3d84402f595fa194bb35784fd?s=96&d=mm&r=g","caption":"David H\u00f8jmark"},"sameAs":["https:\/\/www.kunmedierne.dk"],"url":"https:\/\/kunmedierne.dk\/mors\/author\/david\/"}]}},"_links":{"self":[{"href":"https:\/\/kunmedierne.dk\/mors\/wp-json\/wp\/v2\/posts\/44867","targetHints":{"allow":["GET"]}}],"collection":[{"href":"https:\/\/kunmedierne.dk\/mors\/wp-json\/wp\/v2\/posts"}],"about":[{"href":"https:\/\/kunmedierne.dk\/mors\/wp-json\/wp\/v2\/types\/post"}],"author":[{"embeddable":true,"href":"https:\/\/kunmedierne.dk\/mors\/wp-json\/wp\/v2\/users\/8"}],"replies":[{"embeddable":true,"href":"https:\/\/kunmedierne.dk\/mors\/wp-json\/wp\/v2\/comments?post=44867"}],"version-history":[{"count":1,"href":"https:\/\/kunmedierne.dk\/mors\/wp-json\/wp\/v2\/posts\/44867\/revisions"}],"predecessor-version":[{"id":44871,"href":"https:\/\/kunmedierne.dk\/mors\/wp-json\/wp\/v2\/posts\/44867\/revisions\/44871"}],"wp:featuredmedia":[{"embeddable":true,"href":"https:\/\/kunmedierne.dk\/mors\/wp-json\/wp\/v2\/media\/44869"}],"wp:attachment":[{"href":"https:\/\/kunmedierne.dk\/mors\/wp-json\/wp\/v2\/media?parent=44867"}],"wp:term":[{"taxonomy":"category","embeddable":true,"href":"https:\/\/kunmedierne.dk\/mors\/wp-json\/wp\/v2\/categories?post=44867"},{"taxonomy":"post_tag","embeddable":true,"href":"https:\/\/kunmedierne.dk\/mors\/wp-json\/wp\/v2\/tags?post=44867"}],"curies":[{"name":"wp","href":"https:\/\/api.w.org\/{rel}","templated":true}]}}