{"id":44549,"date":"2021-05-06T10:53:06","date_gmt":"2021-05-06T08:53:06","guid":{"rendered":"https:\/\/kunmedierne.dk\/mors\/?p=44549"},"modified":"2024-08-07T14:45:51","modified_gmt":"2024-08-07T12:45:51","slug":"nu-har-politikerne-faaet-regler-for-deres-besoeg","status":"publish","type":"post","link":"https:\/\/kunmedierne.dk\/mors\/nu-har-politikerne-faaet-regler-for-deres-besoeg\/","title":{"rendered":"Nu har politikerne f\u00e5et regler for deres bes\u00f8g"},"content":{"rendered":"<p><strong>MORS<\/strong>: Hvordan skal de lokale politikere agere, n\u00e5r de vil bes\u00f8ge en kommunale institution og arbejdsplads?<\/p>\n<p>Det er, m\u00e5ske is\u00e6r i et valg\u00e5r, en god ting at have styr p\u00e5 &#8211; og det er der nu i Mors\u00f8 Kommune.<\/p>\n<p>P\u00e5 tirsdagens m\u00f8de i kommunalbestyrelsen blev retningslinjer for politiske bes\u00f8g vedtaget i enighed. Dermed er de regler, der blev udarbejdet og godkendt i 2019, nu formaliseret med en tekst, der blandt andet har til form\u00e5l at sikre hensyn til brugere, beboere og ansatte p\u00e5 institutioner og arbejdspladser.<\/p>\n<p>Helt konkret hedder det i reglerne blandt andet, at en politiker, der vil p\u00e5 bes\u00f8g, i f\u00f8rste omgang skal rette henvendelse til direkt\u00f8ren for omr\u00e5det, som i samr\u00e5d med kommunaldirekt\u00f8ren derefter beslutter, om \u00f8nsket kan im\u00f8dekommes. <a href=\"https:\/\/www.sparv.dk\/\"><img loading=\"lazy\" decoding=\"async\" class=\"alignright size-full wp-image-42461\" src=\"https:\/\/kunmedierne.dk\/mors\/wp-content\/uploads\/2021\/03\/te11.jpg\" alt=\"\" width=\"1400\" height=\"125\" srcset=\"https:\/\/kunmedierne.dk\/mors\/wp-content\/uploads\/2021\/03\/te11.jpg 1400w, https:\/\/kunmedierne.dk\/mors\/wp-content\/uploads\/2021\/03\/te11-300x27.jpg 300w, https:\/\/kunmedierne.dk\/mors\/wp-content\/uploads\/2021\/03\/te11-1024x91.jpg 1024w, https:\/\/kunmedierne.dk\/mors\/wp-content\/uploads\/2021\/03\/te11-768x69.jpg 768w, https:\/\/kunmedierne.dk\/mors\/wp-content\/uploads\/2021\/03\/te11-600x54.jpg 600w\" sizes=\"auto, (max-width: 1400px) 100vw, 1400px\" \/><\/a><\/p>\n<p>De n\u00e6rmere rammer for bes\u00f8get bliver ogs\u00e5 fastsat, og blandt andet hedder det, at der ikke m\u00e5 tages billeder eller optages lyd fra bes\u00f8get uden skriftlig aftale om det med b\u00e5de direkt\u00f8ren og dem, der skal deltage i optagelserne.<\/p>\n<p>Og ingen form for stemmefiskeri til valg er tilladt.<\/p>\n<p>&#8220;Der m\u00e5 ikke finde valgagitation sted under bes\u00f8get eller uddeles valgmateriale eller lignende,&#8221; hedder det i retningslinjerne.<\/p>\n<p>&nbsp;<\/p>\n<p><strong>Burde ikke v\u00e6re n\u00f8dvendigt<\/strong><\/p>\n<p>De blev som n\u00e6vnt vedtaget af de folkevalgte i kommunalbestyrelsen. Henning S\u00f8rensen (V) gav dog udtryk for et forbehold:<\/p>\n<p>&#8220;Jeg m\u00e5 nok indr\u00f8mme, at min personlige holdning er, at s\u00e5dan et stykke papir ikke er det papir v\u00e6rd, det er skrevet p\u00e5. Vi ved jo godt, at n\u00e5r der bliver valgkamp, k\u00e6mper alle med n\u00e6b og kl\u00f8er,&#8221; sagde han og beskrev reglerne som overfl\u00f8dige.<\/p>\n<p>&#8220;P\u00e5 nogle omr\u00e5der kan jeg g\u00e5 med til, at vi skal beskytte vores medarbejdere &#8211; men ellers burde det ikke v\u00e6re n\u00f8dvendigt at have s\u00e5dan et stykke papir,&#8221; sagde formanden for det sociale udvalg. <a href=\"https:\/\/www.fmspks.dk\/\"><img loading=\"lazy\" decoding=\"async\" class=\"alignright size-full wp-image-42295\" src=\"https:\/\/kunmedierne.dk\/mors\/wp-content\/uploads\/2021\/03\/te1.jpg\" alt=\"\" width=\"1400\" height=\"125\" srcset=\"https:\/\/kunmedierne.dk\/mors\/wp-content\/uploads\/2021\/03\/te1.jpg 1400w, https:\/\/kunmedierne.dk\/mors\/wp-content\/uploads\/2021\/03\/te1-300x27.jpg 300w, https:\/\/kunmedierne.dk\/mors\/wp-content\/uploads\/2021\/03\/te1-1024x91.jpg 1024w, https:\/\/kunmedierne.dk\/mors\/wp-content\/uploads\/2021\/03\/te1-768x69.jpg 768w, https:\/\/kunmedierne.dk\/mors\/wp-content\/uploads\/2021\/03\/te1-600x54.jpg 600w\" sizes=\"auto, (max-width: 1400px) 100vw, 1400px\" \/><\/a><\/p>\n<p>Anette Svindborg (DF) fandt det derimod fint at have regler p\u00e5 omr\u00e5det.<\/p>\n<p>&#8220;P\u00e5 plejecentrene er det ikke bare medarbejderne, der bliver sk\u00e5net. Vi skal ogs\u00e5 t\u00e6nke p\u00e5 beboerne. Det er deres hjem, og har de ikke lyst til at v\u00e6re en del af valgkampen, skal de heller ikke det. Derfor synes jeg, det er en supergod id\u00e9, og det er noget, vi alle sammen b\u00f8r respektere,&#8221; sagde hun.<\/p>\n<p>Pia Storm (S) rundede af:<\/p>\n<p>&#8220;Jeg giver Henning ret. Det er dybt respektl\u00f8st at bruge de kommunalt ansatte og de virksomheder, der er i kommunen, i vores valgkamp. Men jeg kan heller ikke forestille mig, at nogen vil g\u00f8re det. Personligt har jeg aldrig selv gjort det, og jeg synes ogs\u00e5, det burde v\u00e6re overfl\u00f8digt at lave et stykke papir &#8211; men s\u00e5 har vi da i hvert fald nogle retningslinjer,&#8221; sagde hun.<\/p>\n<p>Retningslinjerne fort\u00e6ller om reglerne for bes\u00f8g af s\u00e5vel lokale politikere som af eksterne &#8211; eksempel folketingsmedlemmer. Du kan finde de vedtagne retningslinjer <a href=\"https:\/\/dagsordener.mors.dk\/vis\/pdf\/bilag\/5eea2b67-758f-4980-be51-c30e514821d6\/?redirectDirectlyToPdf=false\" target=\"_blank\" rel=\"noopener noreferrer\">her<\/a>.<a href=\"https:\/\/vester-begr.dk\"><img loading=\"lazy\" decoding=\"async\" class=\"alignright size-full wp-image-42312\" src=\"https:\/\/kunmedierne.dk\/mors\/wp-content\/uploads\/2021\/03\/te2.jpg\" alt=\"\" width=\"1400\" height=\"125\" srcset=\"https:\/\/kunmedierne.dk\/mors\/wp-content\/uploads\/2021\/03\/te2.jpg 1400w, https:\/\/kunmedierne.dk\/mors\/wp-content\/uploads\/2021\/03\/te2-300x27.jpg 300w, https:\/\/kunmedierne.dk\/mors\/wp-content\/uploads\/2021\/03\/te2-1024x91.jpg 1024w, https:\/\/kunmedierne.dk\/mors\/wp-content\/uploads\/2021\/03\/te2-768x69.jpg 768w, https:\/\/kunmedierne.dk\/mors\/wp-content\/uploads\/2021\/03\/te2-600x54.jpg 600w\" sizes=\"auto, (max-width: 1400px) 100vw, 1400px\" \/><\/a><\/p>\n<blockquote>\n<h2>Nem m\u00e5de at l\u00e6se KunMors<\/h2>\n<h4>Fremover vil du kunne modtage KunMors som en daglig avis.<\/h4>\n<h4>Hvis du tilmelder dig vores nyhedsbrev, f\u00e5r du hver dag ved 16-tiden en e-mail med direkte links til alle det seneste d\u00f8gns artikler. S\u00e5 kan du klikke dem frem en ad gangen \u2013 og surfe videre p\u00e5 KunMors, hvis du har lyst til det.<\/h4>\n<h4>Du tilmelder dig nyhedsbrevet ved at skrive din e-mail i boksen nederst p\u00e5 siden. Og du kan modtage nyhedsbrevet ogs\u00e5 uden at v\u00e6re abonnent.<\/h4>\n<\/blockquote>\n","protected":false},"excerpt":{"rendered":"<p>MORS: Hvordan skal de lokale politikere agere, n\u00e5r de vil bes\u00f8ge en kommunale institution og arbejdsplads? Det er, m\u00e5ske is\u00e6r i et valg\u00e5r, en god ting at have styr p\u00e5 &#8211; og det er der nu i Mors\u00f8 Kommune. P\u00e5 tirsdagens m\u00f8de i kommunalbestyrelsen blev retningslinjer for politiske bes\u00f8g vedtaget i enighed. Dermed er de [&hellip;]<\/p>\n","protected":false},"author":8,"featured_media":20393,"comment_status":"open","ping_status":"open","sticky":false,"template":"","format":"standard","meta":{"_acf_changed":false,"footnotes":""},"categories":[51],"tags":[167],"class_list":["post-44549","post","type-post","status-publish","format-standard","has-post-thumbnail","hentry","category-lokalt","tag-politik"],"acf":[],"yoast_head":"<!-- This site is optimized with the Yoast SEO plugin v26.8 - https:\/\/yoast.com\/product\/yoast-seo-wordpress\/ -->\n<title>Nu har politikerne f\u00e5et regler for deres bes\u00f8g - Mors<\/title>\n<meta name=\"robots\" content=\"index, follow, max-snippet:-1, max-image-preview:large, max-video-preview:-1\" \/>\n<link rel=\"canonical\" href=\"https:\/\/kunmedierne.dk\/mors\/nu-har-politikerne-faaet-regler-for-deres-besoeg\/\" \/>\n<meta property=\"og:locale\" content=\"da_DK\" \/>\n<meta property=\"og:type\" content=\"article\" \/>\n<meta property=\"og:title\" content=\"Nu har politikerne f\u00e5et regler for deres bes\u00f8g - Mors\" \/>\n<meta property=\"og:description\" content=\"MORS: Hvordan skal de lokale politikere agere, n\u00e5r de vil bes\u00f8ge en kommunale institution og arbejdsplads? Det er, m\u00e5ske is\u00e6r i et valg\u00e5r, en god ting at have styr p\u00e5 &#8211; og det er der nu i Mors\u00f8 Kommune. P\u00e5 tirsdagens m\u00f8de i kommunalbestyrelsen blev retningslinjer for politiske bes\u00f8g vedtaget i enighed. Dermed er de [&hellip;]\" \/>\n<meta property=\"og:url\" content=\"https:\/\/kunmedierne.dk\/mors\/nu-har-politikerne-faaet-regler-for-deres-besoeg\/\" \/>\n<meta property=\"og:site_name\" content=\"Mors\" \/>\n<meta property=\"article:published_time\" content=\"2021-05-06T08:53:06+00:00\" \/>\n<meta property=\"article:modified_time\" content=\"2024-08-07T12:45:51+00:00\" \/>\n<meta property=\"og:image\" content=\"https:\/\/kunmedierne.dk\/mors\/wp-content\/uploads\/2020\/05\/0-byr\u00e5dssalen.jpg\" \/>\n\t<meta property=\"og:image:width\" content=\"770\" \/>\n\t<meta property=\"og:image:height\" content=\"513\" \/>\n\t<meta property=\"og:image:type\" content=\"image\/jpeg\" \/>\n<meta name=\"author\" content=\"David H\u00f8jmark\" \/>\n<meta name=\"twitter:card\" content=\"summary_large_image\" \/>\n<meta name=\"twitter:label1\" content=\"Skrevet af\" \/>\n\t<meta name=\"twitter:data1\" content=\"David H\u00f8jmark\" \/>\n\t<meta name=\"twitter:label2\" content=\"Estimeret l\u00e6setid\" \/>\n\t<meta name=\"twitter:data2\" content=\"3 minutter\" \/>\n<script type=\"application\/ld+json\" class=\"yoast-schema-graph\">{\"@context\":\"https:\/\/schema.org\",\"@graph\":[{\"@type\":\"Article\",\"@id\":\"https:\/\/kunmedierne.dk\/mors\/nu-har-politikerne-faaet-regler-for-deres-besoeg\/#article\",\"isPartOf\":{\"@id\":\"https:\/\/kunmedierne.dk\/mors\/nu-har-politikerne-faaet-regler-for-deres-besoeg\/\"},\"author\":{\"name\":\"David H\u00f8jmark\",\"@id\":\"https:\/\/kunmedierne.dk\/mors\/#\/schema\/person\/5fe23251bf1d0abbcdc6f7896579d548\"},\"headline\":\"Nu har politikerne f\u00e5et regler for deres bes\u00f8g\",\"datePublished\":\"2021-05-06T08:53:06+00:00\",\"dateModified\":\"2024-08-07T12:45:51+00:00\",\"mainEntityOfPage\":{\"@id\":\"https:\/\/kunmedierne.dk\/mors\/nu-har-politikerne-faaet-regler-for-deres-besoeg\/\"},\"wordCount\":599,\"commentCount\":0,\"publisher\":{\"@id\":\"https:\/\/kunmedierne.dk\/mors\/#organization\"},\"image\":{\"@id\":\"https:\/\/kunmedierne.dk\/mors\/nu-har-politikerne-faaet-regler-for-deres-besoeg\/#primaryimage\"},\"thumbnailUrl\":\"https:\/\/kunmedierne.dk\/mors\/wp-content\/uploads\/2020\/05\/0-byr\u00e5dssalen.jpg\",\"keywords\":[\"Politik\"],\"articleSection\":[\"Lokalt\"],\"inLanguage\":\"da-DK\",\"potentialAction\":[{\"@type\":\"CommentAction\",\"name\":\"Comment\",\"target\":[\"https:\/\/kunmedierne.dk\/mors\/nu-har-politikerne-faaet-regler-for-deres-besoeg\/#respond\"]}]},{\"@type\":\"WebPage\",\"@id\":\"https:\/\/kunmedierne.dk\/mors\/nu-har-politikerne-faaet-regler-for-deres-besoeg\/\",\"url\":\"https:\/\/kunmedierne.dk\/mors\/nu-har-politikerne-faaet-regler-for-deres-besoeg\/\",\"name\":\"Nu har politikerne f\u00e5et regler for deres bes\u00f8g - Mors\",\"isPartOf\":{\"@id\":\"https:\/\/kunmedierne.dk\/mors\/#website\"},\"primaryImageOfPage\":{\"@id\":\"https:\/\/kunmedierne.dk\/mors\/nu-har-politikerne-faaet-regler-for-deres-besoeg\/#primaryimage\"},\"image\":{\"@id\":\"https:\/\/kunmedierne.dk\/mors\/nu-har-politikerne-faaet-regler-for-deres-besoeg\/#primaryimage\"},\"thumbnailUrl\":\"https:\/\/kunmedierne.dk\/mors\/wp-content\/uploads\/2020\/05\/0-byr\u00e5dssalen.jpg\",\"datePublished\":\"2021-05-06T08:53:06+00:00\",\"dateModified\":\"2024-08-07T12:45:51+00:00\",\"breadcrumb\":{\"@id\":\"https:\/\/kunmedierne.dk\/mors\/nu-har-politikerne-faaet-regler-for-deres-besoeg\/#breadcrumb\"},\"inLanguage\":\"da-DK\",\"potentialAction\":[{\"@type\":\"ReadAction\",\"target\":[\"https:\/\/kunmedierne.dk\/mors\/nu-har-politikerne-faaet-regler-for-deres-besoeg\/\"]}]},{\"@type\":\"ImageObject\",\"inLanguage\":\"da-DK\",\"@id\":\"https:\/\/kunmedierne.dk\/mors\/nu-har-politikerne-faaet-regler-for-deres-besoeg\/#primaryimage\",\"url\":\"https:\/\/kunmedierne.dk\/mors\/wp-content\/uploads\/2020\/05\/0-byr\u00e5dssalen.jpg\",\"contentUrl\":\"https:\/\/kunmedierne.dk\/mors\/wp-content\/uploads\/2020\/05\/0-byr\u00e5dssalen.jpg\",\"width\":770,\"height\":513,\"caption\":\"Byr\u00e5dssalen. Foto: Mors\u00f8 Kommune.\"},{\"@type\":\"BreadcrumbList\",\"@id\":\"https:\/\/kunmedierne.dk\/mors\/nu-har-politikerne-faaet-regler-for-deres-besoeg\/#breadcrumb\",\"itemListElement\":[{\"@type\":\"ListItem\",\"position\":1,\"name\":\"Hjem\",\"item\":\"https:\/\/kunmedierne.dk\/mors\/\"},{\"@type\":\"ListItem\",\"position\":2,\"name\":\"Nu har politikerne f\u00e5et regler for deres bes\u00f8g\"}]},{\"@type\":\"WebSite\",\"@id\":\"https:\/\/kunmedierne.dk\/mors\/#website\",\"url\":\"https:\/\/kunmedierne.dk\/mors\/\",\"name\":\"Mors\",\"description\":\"et netmedie med journalistik om livet p\u00e5 Mors\",\"publisher\":{\"@id\":\"https:\/\/kunmedierne.dk\/mors\/#organization\"},\"potentialAction\":[{\"@type\":\"SearchAction\",\"target\":{\"@type\":\"EntryPoint\",\"urlTemplate\":\"https:\/\/kunmedierne.dk\/mors\/?s={search_term_string}\"},\"query-input\":{\"@type\":\"PropertyValueSpecification\",\"valueRequired\":true,\"valueName\":\"search_term_string\"}}],\"inLanguage\":\"da-DK\"},{\"@type\":\"Organization\",\"@id\":\"https:\/\/kunmedierne.dk\/mors\/#organization\",\"name\":\"Mors\",\"url\":\"https:\/\/kunmedierne.dk\/mors\/\",\"logo\":{\"@type\":\"ImageObject\",\"inLanguage\":\"da-DK\",\"@id\":\"https:\/\/kunmedierne.dk\/mors\/#\/schema\/logo\/image\/\",\"url\":\"https:\/\/kunmedierne.dk\/mors\/wp-content\/uploads\/2024\/08\/kunmors-logo.svg\",\"contentUrl\":\"https:\/\/kunmedierne.dk\/mors\/wp-content\/uploads\/2024\/08\/kunmors-logo.svg\",\"caption\":\"Mors\"},\"image\":{\"@id\":\"https:\/\/kunmedierne.dk\/mors\/#\/schema\/logo\/image\/\"}},{\"@type\":\"Person\",\"@id\":\"https:\/\/kunmedierne.dk\/mors\/#\/schema\/person\/5fe23251bf1d0abbcdc6f7896579d548\",\"name\":\"David H\u00f8jmark\",\"image\":{\"@type\":\"ImageObject\",\"inLanguage\":\"da-DK\",\"@id\":\"https:\/\/kunmedierne.dk\/mors\/#\/schema\/person\/image\/\",\"url\":\"https:\/\/secure.gravatar.com\/avatar\/4315d6fb9ef244d729989f5f90268eb08d5bf8a3d84402f595fa194bb35784fd?s=96&d=mm&r=g\",\"contentUrl\":\"https:\/\/secure.gravatar.com\/avatar\/4315d6fb9ef244d729989f5f90268eb08d5bf8a3d84402f595fa194bb35784fd?s=96&d=mm&r=g\",\"caption\":\"David H\u00f8jmark\"},\"sameAs\":[\"https:\/\/www.kunmedierne.dk\"],\"url\":\"https:\/\/kunmedierne.dk\/mors\/author\/david\/\"}]}<\/script>\n<!-- \/ Yoast SEO plugin. -->","yoast_head_json":{"title":"Nu har politikerne f\u00e5et regler for deres bes\u00f8g - Mors","robots":{"index":"index","follow":"follow","max-snippet":"max-snippet:-1","max-image-preview":"max-image-preview:large","max-video-preview":"max-video-preview:-1"},"canonical":"https:\/\/kunmedierne.dk\/mors\/nu-har-politikerne-faaet-regler-for-deres-besoeg\/","og_locale":"da_DK","og_type":"article","og_title":"Nu har politikerne f\u00e5et regler for deres bes\u00f8g - Mors","og_description":"MORS: Hvordan skal de lokale politikere agere, n\u00e5r de vil bes\u00f8ge en kommunale institution og arbejdsplads? Det er, m\u00e5ske is\u00e6r i et valg\u00e5r, en god ting at have styr p\u00e5 &#8211; og det er der nu i Mors\u00f8 Kommune. P\u00e5 tirsdagens m\u00f8de i kommunalbestyrelsen blev retningslinjer for politiske bes\u00f8g vedtaget i enighed. Dermed er de [&hellip;]","og_url":"https:\/\/kunmedierne.dk\/mors\/nu-har-politikerne-faaet-regler-for-deres-besoeg\/","og_site_name":"Mors","article_published_time":"2021-05-06T08:53:06+00:00","article_modified_time":"2024-08-07T12:45:51+00:00","og_image":[{"width":770,"height":513,"url":"https:\/\/kunmedierne.dk\/mors\/wp-content\/uploads\/2020\/05\/0-byr\u00e5dssalen.jpg","type":"image\/jpeg"}],"author":"David H\u00f8jmark","twitter_card":"summary_large_image","twitter_misc":{"Skrevet af":"David H\u00f8jmark","Estimeret l\u00e6setid":"3 minutter"},"schema":{"@context":"https:\/\/schema.org","@graph":[{"@type":"Article","@id":"https:\/\/kunmedierne.dk\/mors\/nu-har-politikerne-faaet-regler-for-deres-besoeg\/#article","isPartOf":{"@id":"https:\/\/kunmedierne.dk\/mors\/nu-har-politikerne-faaet-regler-for-deres-besoeg\/"},"author":{"name":"David H\u00f8jmark","@id":"https:\/\/kunmedierne.dk\/mors\/#\/schema\/person\/5fe23251bf1d0abbcdc6f7896579d548"},"headline":"Nu har politikerne f\u00e5et regler for deres bes\u00f8g","datePublished":"2021-05-06T08:53:06+00:00","dateModified":"2024-08-07T12:45:51+00:00","mainEntityOfPage":{"@id":"https:\/\/kunmedierne.dk\/mors\/nu-har-politikerne-faaet-regler-for-deres-besoeg\/"},"wordCount":599,"commentCount":0,"publisher":{"@id":"https:\/\/kunmedierne.dk\/mors\/#organization"},"image":{"@id":"https:\/\/kunmedierne.dk\/mors\/nu-har-politikerne-faaet-regler-for-deres-besoeg\/#primaryimage"},"thumbnailUrl":"https:\/\/kunmedierne.dk\/mors\/wp-content\/uploads\/2020\/05\/0-byr\u00e5dssalen.jpg","keywords":["Politik"],"articleSection":["Lokalt"],"inLanguage":"da-DK","potentialAction":[{"@type":"CommentAction","name":"Comment","target":["https:\/\/kunmedierne.dk\/mors\/nu-har-politikerne-faaet-regler-for-deres-besoeg\/#respond"]}]},{"@type":"WebPage","@id":"https:\/\/kunmedierne.dk\/mors\/nu-har-politikerne-faaet-regler-for-deres-besoeg\/","url":"https:\/\/kunmedierne.dk\/mors\/nu-har-politikerne-faaet-regler-for-deres-besoeg\/","name":"Nu har politikerne f\u00e5et regler for deres bes\u00f8g - Mors","isPartOf":{"@id":"https:\/\/kunmedierne.dk\/mors\/#website"},"primaryImageOfPage":{"@id":"https:\/\/kunmedierne.dk\/mors\/nu-har-politikerne-faaet-regler-for-deres-besoeg\/#primaryimage"},"image":{"@id":"https:\/\/kunmedierne.dk\/mors\/nu-har-politikerne-faaet-regler-for-deres-besoeg\/#primaryimage"},"thumbnailUrl":"https:\/\/kunmedierne.dk\/mors\/wp-content\/uploads\/2020\/05\/0-byr\u00e5dssalen.jpg","datePublished":"2021-05-06T08:53:06+00:00","dateModified":"2024-08-07T12:45:51+00:00","breadcrumb":{"@id":"https:\/\/kunmedierne.dk\/mors\/nu-har-politikerne-faaet-regler-for-deres-besoeg\/#breadcrumb"},"inLanguage":"da-DK","potentialAction":[{"@type":"ReadAction","target":["https:\/\/kunmedierne.dk\/mors\/nu-har-politikerne-faaet-regler-for-deres-besoeg\/"]}]},{"@type":"ImageObject","inLanguage":"da-DK","@id":"https:\/\/kunmedierne.dk\/mors\/nu-har-politikerne-faaet-regler-for-deres-besoeg\/#primaryimage","url":"https:\/\/kunmedierne.dk\/mors\/wp-content\/uploads\/2020\/05\/0-byr\u00e5dssalen.jpg","contentUrl":"https:\/\/kunmedierne.dk\/mors\/wp-content\/uploads\/2020\/05\/0-byr\u00e5dssalen.jpg","width":770,"height":513,"caption":"Byr\u00e5dssalen. Foto: Mors\u00f8 Kommune."},{"@type":"BreadcrumbList","@id":"https:\/\/kunmedierne.dk\/mors\/nu-har-politikerne-faaet-regler-for-deres-besoeg\/#breadcrumb","itemListElement":[{"@type":"ListItem","position":1,"name":"Hjem","item":"https:\/\/kunmedierne.dk\/mors\/"},{"@type":"ListItem","position":2,"name":"Nu har politikerne f\u00e5et regler for deres bes\u00f8g"}]},{"@type":"WebSite","@id":"https:\/\/kunmedierne.dk\/mors\/#website","url":"https:\/\/kunmedierne.dk\/mors\/","name":"Mors","description":"et netmedie med journalistik om livet p\u00e5 Mors","publisher":{"@id":"https:\/\/kunmedierne.dk\/mors\/#organization"},"potentialAction":[{"@type":"SearchAction","target":{"@type":"EntryPoint","urlTemplate":"https:\/\/kunmedierne.dk\/mors\/?s={search_term_string}"},"query-input":{"@type":"PropertyValueSpecification","valueRequired":true,"valueName":"search_term_string"}}],"inLanguage":"da-DK"},{"@type":"Organization","@id":"https:\/\/kunmedierne.dk\/mors\/#organization","name":"Mors","url":"https:\/\/kunmedierne.dk\/mors\/","logo":{"@type":"ImageObject","inLanguage":"da-DK","@id":"https:\/\/kunmedierne.dk\/mors\/#\/schema\/logo\/image\/","url":"https:\/\/kunmedierne.dk\/mors\/wp-content\/uploads\/2024\/08\/kunmors-logo.svg","contentUrl":"https:\/\/kunmedierne.dk\/mors\/wp-content\/uploads\/2024\/08\/kunmors-logo.svg","caption":"Mors"},"image":{"@id":"https:\/\/kunmedierne.dk\/mors\/#\/schema\/logo\/image\/"}},{"@type":"Person","@id":"https:\/\/kunmedierne.dk\/mors\/#\/schema\/person\/5fe23251bf1d0abbcdc6f7896579d548","name":"David H\u00f8jmark","image":{"@type":"ImageObject","inLanguage":"da-DK","@id":"https:\/\/kunmedierne.dk\/mors\/#\/schema\/person\/image\/","url":"https:\/\/secure.gravatar.com\/avatar\/4315d6fb9ef244d729989f5f90268eb08d5bf8a3d84402f595fa194bb35784fd?s=96&d=mm&r=g","contentUrl":"https:\/\/secure.gravatar.com\/avatar\/4315d6fb9ef244d729989f5f90268eb08d5bf8a3d84402f595fa194bb35784fd?s=96&d=mm&r=g","caption":"David H\u00f8jmark"},"sameAs":["https:\/\/www.kunmedierne.dk"],"url":"https:\/\/kunmedierne.dk\/mors\/author\/david\/"}]}},"_links":{"self":[{"href":"https:\/\/kunmedierne.dk\/mors\/wp-json\/wp\/v2\/posts\/44549","targetHints":{"allow":["GET"]}}],"collection":[{"href":"https:\/\/kunmedierne.dk\/mors\/wp-json\/wp\/v2\/posts"}],"about":[{"href":"https:\/\/kunmedierne.dk\/mors\/wp-json\/wp\/v2\/types\/post"}],"author":[{"embeddable":true,"href":"https:\/\/kunmedierne.dk\/mors\/wp-json\/wp\/v2\/users\/8"}],"replies":[{"embeddable":true,"href":"https:\/\/kunmedierne.dk\/mors\/wp-json\/wp\/v2\/comments?post=44549"}],"version-history":[{"count":6,"href":"https:\/\/kunmedierne.dk\/mors\/wp-json\/wp\/v2\/posts\/44549\/revisions"}],"predecessor-version":[{"id":44573,"href":"https:\/\/kunmedierne.dk\/mors\/wp-json\/wp\/v2\/posts\/44549\/revisions\/44573"}],"wp:featuredmedia":[{"embeddable":true,"href":"https:\/\/kunmedierne.dk\/mors\/wp-json\/wp\/v2\/media\/20393"}],"wp:attachment":[{"href":"https:\/\/kunmedierne.dk\/mors\/wp-json\/wp\/v2\/media?parent=44549"}],"wp:term":[{"taxonomy":"category","embeddable":true,"href":"https:\/\/kunmedierne.dk\/mors\/wp-json\/wp\/v2\/categories?post=44549"},{"taxonomy":"post_tag","embeddable":true,"href":"https:\/\/kunmedierne.dk\/mors\/wp-json\/wp\/v2\/tags?post=44549"}],"curies":[{"name":"wp","href":"https:\/\/api.w.org\/{rel}","templated":true}]}}