{"id":44468,"date":"2021-05-05T13:05:23","date_gmt":"2021-05-05T11:05:23","guid":{"rendered":"https:\/\/kunmedierne.dk\/mors\/?p=44468"},"modified":"2024-08-07T14:45:51","modified_gmt":"2024-08-07T12:45:51","slug":"boligstrategi-med-fokus-paa-nye-boformer","status":"publish","type":"post","link":"https:\/\/kunmedierne.dk\/mors\/boligstrategi-med-fokus-paa-nye-boformer\/","title":{"rendered":"Boligstrategi med fokus p\u00e5 nye boformer"},"content":{"rendered":"<p><strong>MORS<\/strong>: Der bliver flere almene boliger p\u00e5 Mors i l\u00f8bet af det n\u00e6ste \u00e5rti &#8211; og de bliver bedre at bo i.<\/p>\n<p>Det besluttede en enig kommunalbestyrelse p\u00e5 sit m\u00f8de tirsdag aften, da en ny boligstrategi blev vedtaget n\u00e6sten helt uden anledning til debatm\u00e6ssige sv\u00e6rdslag.<\/p>\n<p>Kommunalbestyrelsesm\u00f8det var det f\u00f8rste med fremm\u00f8de i byr\u00e5dssalen siden november, og m\u00e5ske som en kombination af gensynsgl\u00e6de og det kommende valg var talelysten stor p\u00e5 flere af punkterne.<\/p>\n<p>Ikke mindst det om boligstrategien, der blev \u00e5bnet af Henning S\u00f8rensen (V):<\/p>\n<p>&#8220;Det er et rigtig godt stykke arbejde, der er lavet. Vi bliver f\u00e6rre og f\u00e6rre borgere p\u00e5 Mors, men vi s\u00f8ger stadig en for\u00f8gelse af vores almene boliger med cirka 100 boliger frem til 2030,&#8221; sagde han og tilf\u00f8jede, at boligorganisationerne er opm\u00e6rksomme p\u00e5, at boliger tr\u00e6nger til renovering &#8211; og at der vil ske en sammenl\u00e6gning af boliger samtidig med renovering.<\/p>\n<a class=\"dvrt-link\" onClick=\"cdmtrack_click(104778,jQuery(this));return false\" href=\"https:\/\/vester-begr.dk\/?gclid=CjwKCAjw5Kv7BRBSEiwAXGDElQB6WMfm9CgYVrruty-I1gaOkTkC3mlA4QRDtYNsxYgVC8sNzAJ7WhoCmBsQAvD_BwE\"><img decoding=\"async\" style=\"width:100%;\" src=\"https:\/\/kunmedierne.dk\/mors\/wp-content\/uploads\/2023\/10\/260203VesterHoukaer-02022026.jpg\"><\/a><script>cdmtrack_view(104778);<\/script>\n<p>Samtidig gl\u00e6dede han sig over, at projekter med seniorboliger og ungdomsboliger er i gang &#8211; ogs\u00e5 selv om det sidste har givet et \u00f8konomisk bump p\u00e5 vejen med en overskridelse af pristilbuddene p\u00e5 byggeri af de 49 ungdomsboliger ved Sports College Mors.<\/p>\n<p>Desuden fremh\u00e6vede Henning S\u00f8rensen, at FN&#8217;s verdensm\u00e5l i forhold til anvendelse af b\u00e6redygtige materialer er t\u00e6nkt i boligstrategien.<\/p>\n<p>&nbsp;<\/p>\n<p><strong>Fremtid med generationsboliger<\/strong><\/p>\n<p>Ellen Philipsen Dahl (DB) kaldte boligstrategien for &#8220;et godt stykke arbejde og et vigtigt redskab&#8221; for udviklingen af boligmassen p\u00e5 Mors &#8211; ogs\u00e5 i forhold til at tiltr\u00e6kke tilflyttere.<\/p>\n<p>Og s\u00e5 roste hun boligstrategien for sit fokus p\u00e5 at underst\u00f8tte alternative og b\u00e6redygtige boformer og f\u00e6llesskaber p\u00e5 tv\u00e6rs af generationer. Hun talte for en fornyelse af helheden i forhold til, at boformer, familieformer og samlivsformer hele tiden \u00e6ndrer sig.<\/p>\n<p>&#8220;Det ved vi jo, at de g\u00f8r. Bare p\u00e5 10 \u00e5r har det \u00e6ndret sig p\u00e5 rigtig mange m\u00e5der, hvordan folk \u00f8nsker at bo sammen,&#8221; sagde hun.<\/p>\n<a class=\"dvrt-link\" onClick=\"cdmtrack_click(104780,jQuery(this));return false\" href=\"https:\/\/www.spard.dk\/\"><img decoding=\"async\" style=\"width:100%;\" src=\"https:\/\/kunmedierne.dk\/mors\/wp-content\/uploads\/2023\/12\/sparekassen-dk-maj25.gif\"><\/a><script>cdmtrack_view(104780);<\/script>\n<p>&#8220;Jeg tror, der er rigtig meget brug for, at man ogs\u00e5 t\u00e6nker boliger p\u00e5 tv\u00e6rs af generationer. Hvis vi skal tiltr\u00e6kke unge mennesker, der skal flytte herop, s\u00e5 er det mange gange netv\u00e6rket, de mangler. At der ikke er en bedstefor\u00e6lder til at passe b\u00f8rn, n\u00e5r de bliver syge. At der ikke er netv\u00e6rket, n\u00e5r de sl\u00e5r sig ned,&#8221; sagde Ellen Philipsen Dahl, som ogs\u00e5 argumenterede for udstykning af attraktive grunde omkring v\u00e5domr\u00e5der som muligheder for den type boform.<\/p>\n<p>Den vil ogs\u00e5 kunne afhj\u00e6lpe nogle \u00e6ldres utryghed ved at bo p\u00e5 landet, mente hun.<\/p>\n<p>&nbsp;<\/p>\n<p><strong>En bred vifte af tilbud<\/strong><\/p>\n<p>Anette Svindborg (DF), der ogs\u00e5 er\u00a0formand for Boligselskabet Nyk\u00f8bing Mors, beskrev boligstrategien som rigtig flot.<\/p>\n<p>&#8220;Den lever rigtig godt op til de ting, der er ved at ske &#8211; eller ogs\u00e5 er det os fra boligselskaberne med mere, der lever rigtig godt op til boligstrategien. Det kan man jo s\u00e5 vende, som man vil,&#8221; sagde hun og orienterede derefter blandt andet om situationen med ungdomsboligerne ved Sports College Mors, hvor den forn\u00e6vnte overskridelse af pristilbud p\u00e5 byggeriet kan f\u00f8re til, at man skifter tr\u00e6elementer ud med elementer af beton.<\/p>\n<a class=\"dvrt-link\" onClick=\"cdmtrack_click(104780,jQuery(this));return false\" href=\"https:\/\/www.spard.dk\/\"><img decoding=\"async\" style=\"width:100%;\" src=\"https:\/\/kunmedierne.dk\/mors\/wp-content\/uploads\/2023\/12\/sparekassen-dk-maj25.gif\"><\/a><script>cdmtrack_view(104780);<\/script>\n<p>Tore M\u00fcller (S) tog derefter ordet for en kort bem\u00e6rkning med ros til boligstrategiens indhold, inden han p\u00e5pegede det vigtige i dynamikken i den.<\/p>\n<p>&#8220;Personligt er jeg selv en af lejerne i kommunen og ved godt, at vi er en uhomogen gruppe. Derfor er det ret vigtigt, at vi rammer s\u00e5 bredt som muligt og finder de huller i osten, vi gerne skal have fyldt ud med de ting, der skal v\u00e6re,&#8221; sagde Tore M\u00fcller, som ogs\u00e5 fremh\u00e6vede v\u00e6rdien i at forholde til fremtidens boformer.<\/p>\n<p>&#8220;Det er vigtigt med det brede spektre, vi skal have en vifte af tilbud. S\u00e5 vi hilser det meget velkomment og bakker det fuldst\u00e6ndig op,&#8221; sagde han.<\/p>\n<a class=\"dvrt-link\" onClick=\"cdmtrack_click(104783,jQuery(this));return false\" href=\"https:\/\/konpap.dk\/\"><img decoding=\"async\" style=\"width:100%;\" src=\"https:\/\/kunmedierne.dk\/mors\/wp-content\/uploads\/2023\/10\/Kun-Mors-banner.jpg\"><\/a><script>cdmtrack_view(104783);<\/script>\n<p>Partikollega Pia Storm slog lige som Ellen Philipsen ned p\u00e5 tanken om, at familier kan leje sig ind i fremtidens boliger p\u00e5 tv\u00e6rs af generationer.<\/p>\n<p>&#8220;Det nye og meget innovative er, at man indt\u00e6nker en anderledes m\u00e5de at have familier p\u00e5. Det har man jo set i st\u00f8rre byer, hvor flere generationer flytter sammen,&#8221; sagde hun og roste strategien for sin nyt\u00e6nkning i forhold til at tilbyde den slags boform som lejebolig.<\/p>\n<p>&#8220;Det er enormt godt. Jeg tror, at flere enten vil blive boende p\u00e5 Mors eller flytte hjem igen &#8211; ogs\u00e5 sammen med deres for\u00e6ldre,&#8221; sagde Pia Storm.<\/p>\n<p>&nbsp;<\/p>\n<p><strong>Opfordring til boligselskaber<\/strong><\/p>\n<p>Meiner N\u00f8rgaard (DF) anf\u00f8rte, at man skal v\u00e6re klar til at tage imod nye id\u00e9er, fordi det er m\u00e5den at udvikle et samfund. Og s\u00e5 understregede han vigtigheden i, at man ikke kun bygger nyt, men ogs\u00e5 holder det gamle ved lige.<\/p>\n<a class=\"dvrt-link\" onClick=\"cdmtrack_click(111725,jQuery(this));return false\" href=\"https:\/\/www.thistedforsikring.dk\/?utm_source=partnerskaber&amp;utm_campaign=kun_mors\"><img decoding=\"async\" style=\"width:100%;\" src=\"https:\/\/kunmedierne.dk\/mors\/wp-content\/uploads\/2024\/02\/269409KunMors-ThistedFor-1.png\"><\/a><script>cdmtrack_view(111725);<\/script>\n<p>&#8220;Det er rigtig godt, at der bliver renovereret, de steder der skal renoveres. For hvis der ikke bliver det, samtidig med at der bliver bygget nyt, vil der v\u00e6re noget, der kommer til at st\u00e5 tomt, fordi det er utidssvarende. S\u00e5 det er lige s\u00e5 vigtigt, at vi husker det,&#8221; sagde han.<\/p>\n<p>Formanden for udvalget for teknik og milj\u00f8 kom desuden med en direkte opfordring til dem, der har med boligselskaber at g\u00f8re, om ogs\u00e5 at t\u00e6nke i nybyggeri ude p\u00e5 \u00f8en &#8211; som for eksempel Nyk\u00f8bing Mors Andelsboligforening har gjort det med boliger i \u00d8ster J\u00f8lby.<\/p>\n<p>&#8220;Mange vil gerne bo uden for Nyk\u00f8bing. Boligerne skal bare v\u00e6re der. S\u00e5 jeg vil gerne opfordre boligselskaberne til at t\u00e6nke den tanke. Og n\u00e5r I har t\u00e6nkt over det i et par dage eller tre, s\u00e5 ring lige til mig, s\u00e5 finder vi ud af det,&#8221; sagde han.<\/p>\n<a class=\"dvrt-link\" onClick=\"cdmtrack_click(104783,jQuery(this));return false\" href=\"https:\/\/konpap.dk\/\"><img decoding=\"async\" style=\"width:100%;\" src=\"https:\/\/kunmedierne.dk\/mors\/wp-content\/uploads\/2023\/10\/Kun-Mors-banner.jpg\"><\/a><script>cdmtrack_view(104783);<\/script>\n<p>Jette Jepsen (RV) rettede ogs\u00e5 sit fokus mod at bygge p\u00e5 landet og noterede sig, at listen over mulige emner for bebyggelse kun er et \u00f8jebliksbillede, der kan \u00e6ndre sig.<\/p>\n<p>&#8220;Jeg tror, der er mange omr\u00e5der ud over dem, der er skitseret, hvor man kan lave nogle projekter. Blandt andet ude p\u00e5 landet, hvor der m\u00e5ske er nogle \u00e6ldre, der gerne vil blive boende &#8211; hvis der var nogle boliger og man kunne komme af med sit store, ejede hus,&#8221; sagde hun.<\/p>\n<p>&nbsp;<\/p>\n<p><strong>Forslag om sociale vicev\u00e6rter<\/strong><\/p>\n<p>Herefter tog Peter Therkildsen (V) ordet med en bem\u00e6rkning til Meiner N\u00f8rgaard.<\/p>\n<p>&#8220;Jeg minder lige om, at vi har haft \u00e6ldreboliger i T\u00e6bring, vi har haft Dr\u00e5by, vi har haft i Solbjerg og Fr\u00f8slev &#8211; og der st\u00e5r nogle i Redsted. S\u00e5 der er muligheder for at bos\u00e6tte sig i landomr\u00e5derne, Meiner. Det skal ogs\u00e5 tages med i betragtning,&#8221; sagde han.<\/p>\n<a class=\"dvrt-link\" onClick=\"cdmtrack_click(104780,jQuery(this));return false\" href=\"https:\/\/www.spard.dk\/\"><img decoding=\"async\" style=\"width:100%;\" src=\"https:\/\/kunmedierne.dk\/mors\/wp-content\/uploads\/2023\/12\/sparekassen-dk-maj25.gif\"><\/a><script>cdmtrack_view(104780);<\/script>\n<p>Peter Therkildsen, der er formand for Mors\u00f8 \u00c6ldreboligselskab, p\u00e5pegede desuden, at boligstrategien er et dynamisk stykke papir, og at ting kan \u00e6ndre sig &#8211; og s\u00e5 rettede han opm\u00e6rksomheden imod et omr\u00e5de, man kunne satse p\u00e5 for at g\u00f8re almene boliger mere attraktive for de \u00e6ldre.<\/p>\n<p>&#8220;Noget af det, de \u00e6ldre eftersp\u00f8rger, er s\u00e5dan noget som en social vicev\u00e6rt. Det kunne vi sagtens f\u00e5 plads til i vores budget,&#8221; sagde han.<\/p>\n<p>&nbsp;<\/p>\n<p><strong>Sluttede med kortvarig ordkamp<\/strong><\/p>\n<p>Viggo Vangsgaard (SF) opfordrede boligforeningerne til at t\u00e6nke byfornyelse samtidig med opf\u00f8relsen af boliger.<\/p>\n<p>&#8220;Der er nogle omr\u00e5der i Nyk\u00f8bing, og ogs\u00e5 i de st\u00f8rre landsbyer, hvor man godt kunne tr\u00e6nge til byfornyelse. Kunne man lave en kombination med at fjerne nogle af de \u00e6ldre og ikke s\u00e6rligt boligvenlige bygninger b\u00e5de i Nyk\u00f8bing og andre steder, og samtidig opf\u00f8re nogle nye boliger, kunne det v\u00e6re en win-win situation,&#8221; sagde han.<\/p>\n<a class=\"dvrt-link\" onClick=\"cdmtrack_click(116504,jQuery(this));return false\" href=\"https:\/\/www.nybolig.dk\/ejendomsmaeglere\/nordvestjylland\/nybolig-morsoe-nykoebing-mors\"><img decoding=\"async\" style=\"width:100%;\" src=\"https:\/\/kunmedierne.dk\/mors\/wp-content\/uploads\/2024\/04\/250825Nybolig.jpg\"><\/a><script>cdmtrack_view(116504);<\/script>\n<p>Ansgar Nygaard (V) var p\u00e5 banen med en bem\u00e6rkning om, at det er vigtigt at have befolkningen med rundt omkring, f\u00f8r man kan bygge i de enkelte omr\u00e5der. Og Anette Svindborg tog ordet igen for at erkl\u00e6re sig positiv over for Peter Therkildsens forslag om en social vicev\u00e6rt.<\/p>\n<p>Det sidste fik ogs\u00e5 et ord med p\u00e5 vejen fra Meiner N\u00f8rgaard i den eneste ordkamp i behandlingen af sagen, da han henvendte sig til formanden for Mors\u00f8 \u00c6ldreboligselskab:<\/p>\n<p>&#8220;Hvis du siger, at der er et k\u00e6mpe behov for en social vicev\u00e6rt, og at I har masser af penge til at ans\u00e6tte en, kan jeg ikke forst\u00e5, hvorfor I ikke har gjort det for l\u00e6ngst.&#8221;<\/p>\n<a class=\"dvrt-link\" onClick=\"cdmtrack_click(104781,jQuery(this));return false\" href=\"https:\/\/www.fmspks.dk\/\"><img decoding=\"async\" style=\"width:100%;\" src=\"https:\/\/kunmedierne.dk\/mors\/wp-content\/uploads\/2022\/02\/vip-froeslev-mollerup-sparekasse.jpg\"><\/a><script>cdmtrack_view(104781);<\/script>\n<p>Det fik Peter Therkildsen til at runde den 27 minutter lange behandling af boligstrategien med et svar.<\/p>\n<p>&#8220;Meiner, det er jo s\u00e5dan, at vi har haft nogle regler for, hvordan man kan udnytte s\u00e5dan noget. Vi har m\u00e5ske sk\u00e5ret ned p\u00e5 de medarbejdere, vi har p\u00e5 det gr\u00f8nne og f\u00e5et mere rummelighed til at kunne ans\u00e6tte s\u00e5dan nogle medarbejdere. Men pengene skal jo lige v\u00e6re der f\u00f8rst, det tror jeg, at vi to kan blive enige om.&#8221;<\/p>\n<p>Du kan finde hele den vedtagne boligstrategi for Mors p\u00e5 linket <a href=\"https:\/\/dagsordener.mors.dk\/vis\/pdf\/bilag\/09a5df48-424f-433f-8351-b8d9a8dc7ab6\/?redirectDirectlyToPdf=false\" target=\"_blank\" rel=\"noopener noreferrer\">her<\/a>.<\/p>\n","protected":false},"excerpt":{"rendered":"<p>MORS: Der bliver flere almene boliger p\u00e5 Mors i l\u00f8bet af det n\u00e6ste \u00e5rti &#8211; og de bliver bedre at bo i. Det besluttede en enig kommunalbestyrelse p\u00e5 sit m\u00f8de tirsdag aften, da en ny boligstrategi blev vedtaget n\u00e6sten helt uden anledning til debatm\u00e6ssige sv\u00e6rdslag. Kommunalbestyrelsesm\u00f8det var det f\u00f8rste med fremm\u00f8de i byr\u00e5dssalen siden november, [&hellip;]<\/p>\n","protected":false},"author":8,"featured_media":20464,"comment_status":"open","ping_status":"open","sticky":false,"template":"","format":"standard","meta":{"_acf_changed":false,"footnotes":""},"categories":[51],"tags":[167],"class_list":["post-44468","post","type-post","status-publish","format-standard","has-post-thumbnail","hentry","category-lokalt","tag-politik"],"acf":[],"yoast_head":"<!-- This site is optimized with the Yoast SEO plugin v26.8 - https:\/\/yoast.com\/product\/yoast-seo-wordpress\/ -->\n<title>Boligstrategi med fokus p\u00e5 nye boformer - Mors<\/title>\n<meta name=\"robots\" content=\"index, follow, max-snippet:-1, max-image-preview:large, max-video-preview:-1\" \/>\n<link rel=\"canonical\" href=\"https:\/\/kunmedierne.dk\/mors\/boligstrategi-med-fokus-paa-nye-boformer\/\" \/>\n<meta property=\"og:locale\" content=\"da_DK\" \/>\n<meta property=\"og:type\" content=\"article\" \/>\n<meta property=\"og:title\" content=\"Boligstrategi med fokus p\u00e5 nye boformer - Mors\" \/>\n<meta property=\"og:description\" content=\"MORS: Der bliver flere almene boliger p\u00e5 Mors i l\u00f8bet af det n\u00e6ste \u00e5rti &#8211; og de bliver bedre at bo i. Det besluttede en enig kommunalbestyrelse p\u00e5 sit m\u00f8de tirsdag aften, da en ny boligstrategi blev vedtaget n\u00e6sten helt uden anledning til debatm\u00e6ssige sv\u00e6rdslag. Kommunalbestyrelsesm\u00f8det var det f\u00f8rste med fremm\u00f8de i byr\u00e5dssalen siden november, [&hellip;]\" \/>\n<meta property=\"og:url\" content=\"https:\/\/kunmedierne.dk\/mors\/boligstrategi-med-fokus-paa-nye-boformer\/\" \/>\n<meta property=\"og:site_name\" content=\"Mors\" \/>\n<meta property=\"article:published_time\" content=\"2021-05-05T11:05:23+00:00\" \/>\n<meta property=\"article:modified_time\" content=\"2024-08-07T12:45:51+00:00\" \/>\n<meta property=\"og:image\" content=\"https:\/\/kunmedierne.dk\/mors\/wp-content\/uploads\/2020\/05\/200102-mors\u00f8-kommune2-1.jpg\" \/>\n\t<meta property=\"og:image:width\" content=\"770\" \/>\n\t<meta property=\"og:image:height\" content=\"513\" \/>\n\t<meta property=\"og:image:type\" content=\"image\/jpeg\" \/>\n<meta name=\"author\" content=\"David H\u00f8jmark\" \/>\n<meta name=\"twitter:card\" content=\"summary_large_image\" \/>\n<meta name=\"twitter:label1\" content=\"Skrevet af\" \/>\n\t<meta name=\"twitter:data1\" content=\"David H\u00f8jmark\" \/>\n\t<meta name=\"twitter:label2\" content=\"Estimeret l\u00e6setid\" \/>\n\t<meta name=\"twitter:data2\" content=\"8 minutter\" \/>\n<script type=\"application\/ld+json\" class=\"yoast-schema-graph\">{\"@context\":\"https:\/\/schema.org\",\"@graph\":[{\"@type\":\"Article\",\"@id\":\"https:\/\/kunmedierne.dk\/mors\/boligstrategi-med-fokus-paa-nye-boformer\/#article\",\"isPartOf\":{\"@id\":\"https:\/\/kunmedierne.dk\/mors\/boligstrategi-med-fokus-paa-nye-boformer\/\"},\"author\":{\"name\":\"David H\u00f8jmark\",\"@id\":\"https:\/\/kunmedierne.dk\/mors\/#\/schema\/person\/5fe23251bf1d0abbcdc6f7896579d548\"},\"headline\":\"Boligstrategi med fokus p\u00e5 nye boformer\",\"datePublished\":\"2021-05-05T11:05:23+00:00\",\"dateModified\":\"2024-08-07T12:45:51+00:00\",\"mainEntityOfPage\":{\"@id\":\"https:\/\/kunmedierne.dk\/mors\/boligstrategi-med-fokus-paa-nye-boformer\/\"},\"wordCount\":1545,\"commentCount\":0,\"publisher\":{\"@id\":\"https:\/\/kunmedierne.dk\/mors\/#organization\"},\"image\":{\"@id\":\"https:\/\/kunmedierne.dk\/mors\/boligstrategi-med-fokus-paa-nye-boformer\/#primaryimage\"},\"thumbnailUrl\":\"https:\/\/kunmedierne.dk\/mors\/wp-content\/uploads\/2020\/05\/200102-mors\u00f8-kommune2-1.jpg\",\"keywords\":[\"Politik\"],\"articleSection\":[\"Lokalt\"],\"inLanguage\":\"da-DK\",\"potentialAction\":[{\"@type\":\"CommentAction\",\"name\":\"Comment\",\"target\":[\"https:\/\/kunmedierne.dk\/mors\/boligstrategi-med-fokus-paa-nye-boformer\/#respond\"]}]},{\"@type\":\"WebPage\",\"@id\":\"https:\/\/kunmedierne.dk\/mors\/boligstrategi-med-fokus-paa-nye-boformer\/\",\"url\":\"https:\/\/kunmedierne.dk\/mors\/boligstrategi-med-fokus-paa-nye-boformer\/\",\"name\":\"Boligstrategi med fokus p\u00e5 nye boformer - Mors\",\"isPartOf\":{\"@id\":\"https:\/\/kunmedierne.dk\/mors\/#website\"},\"primaryImageOfPage\":{\"@id\":\"https:\/\/kunmedierne.dk\/mors\/boligstrategi-med-fokus-paa-nye-boformer\/#primaryimage\"},\"image\":{\"@id\":\"https:\/\/kunmedierne.dk\/mors\/boligstrategi-med-fokus-paa-nye-boformer\/#primaryimage\"},\"thumbnailUrl\":\"https:\/\/kunmedierne.dk\/mors\/wp-content\/uploads\/2020\/05\/200102-mors\u00f8-kommune2-1.jpg\",\"datePublished\":\"2021-05-05T11:05:23+00:00\",\"dateModified\":\"2024-08-07T12:45:51+00:00\",\"breadcrumb\":{\"@id\":\"https:\/\/kunmedierne.dk\/mors\/boligstrategi-med-fokus-paa-nye-boformer\/#breadcrumb\"},\"inLanguage\":\"da-DK\",\"potentialAction\":[{\"@type\":\"ReadAction\",\"target\":[\"https:\/\/kunmedierne.dk\/mors\/boligstrategi-med-fokus-paa-nye-boformer\/\"]}]},{\"@type\":\"ImageObject\",\"inLanguage\":\"da-DK\",\"@id\":\"https:\/\/kunmedierne.dk\/mors\/boligstrategi-med-fokus-paa-nye-boformer\/#primaryimage\",\"url\":\"https:\/\/kunmedierne.dk\/mors\/wp-content\/uploads\/2020\/05\/200102-mors\u00f8-kommune2-1.jpg\",\"contentUrl\":\"https:\/\/kunmedierne.dk\/mors\/wp-content\/uploads\/2020\/05\/200102-mors\u00f8-kommune2-1.jpg\",\"width\":770,\"height\":513},{\"@type\":\"BreadcrumbList\",\"@id\":\"https:\/\/kunmedierne.dk\/mors\/boligstrategi-med-fokus-paa-nye-boformer\/#breadcrumb\",\"itemListElement\":[{\"@type\":\"ListItem\",\"position\":1,\"name\":\"Hjem\",\"item\":\"https:\/\/kunmedierne.dk\/mors\/\"},{\"@type\":\"ListItem\",\"position\":2,\"name\":\"Boligstrategi med fokus p\u00e5 nye boformer\"}]},{\"@type\":\"WebSite\",\"@id\":\"https:\/\/kunmedierne.dk\/mors\/#website\",\"url\":\"https:\/\/kunmedierne.dk\/mors\/\",\"name\":\"Mors\",\"description\":\"et netmedie med journalistik om livet p\u00e5 Mors\",\"publisher\":{\"@id\":\"https:\/\/kunmedierne.dk\/mors\/#organization\"},\"potentialAction\":[{\"@type\":\"SearchAction\",\"target\":{\"@type\":\"EntryPoint\",\"urlTemplate\":\"https:\/\/kunmedierne.dk\/mors\/?s={search_term_string}\"},\"query-input\":{\"@type\":\"PropertyValueSpecification\",\"valueRequired\":true,\"valueName\":\"search_term_string\"}}],\"inLanguage\":\"da-DK\"},{\"@type\":\"Organization\",\"@id\":\"https:\/\/kunmedierne.dk\/mors\/#organization\",\"name\":\"Mors\",\"url\":\"https:\/\/kunmedierne.dk\/mors\/\",\"logo\":{\"@type\":\"ImageObject\",\"inLanguage\":\"da-DK\",\"@id\":\"https:\/\/kunmedierne.dk\/mors\/#\/schema\/logo\/image\/\",\"url\":\"https:\/\/kunmedierne.dk\/mors\/wp-content\/uploads\/2024\/08\/kunmors-logo.svg\",\"contentUrl\":\"https:\/\/kunmedierne.dk\/mors\/wp-content\/uploads\/2024\/08\/kunmors-logo.svg\",\"caption\":\"Mors\"},\"image\":{\"@id\":\"https:\/\/kunmedierne.dk\/mors\/#\/schema\/logo\/image\/\"}},{\"@type\":\"Person\",\"@id\":\"https:\/\/kunmedierne.dk\/mors\/#\/schema\/person\/5fe23251bf1d0abbcdc6f7896579d548\",\"name\":\"David H\u00f8jmark\",\"image\":{\"@type\":\"ImageObject\",\"inLanguage\":\"da-DK\",\"@id\":\"https:\/\/kunmedierne.dk\/mors\/#\/schema\/person\/image\/\",\"url\":\"https:\/\/secure.gravatar.com\/avatar\/4315d6fb9ef244d729989f5f90268eb08d5bf8a3d84402f595fa194bb35784fd?s=96&d=mm&r=g\",\"contentUrl\":\"https:\/\/secure.gravatar.com\/avatar\/4315d6fb9ef244d729989f5f90268eb08d5bf8a3d84402f595fa194bb35784fd?s=96&d=mm&r=g\",\"caption\":\"David H\u00f8jmark\"},\"sameAs\":[\"https:\/\/www.kunmedierne.dk\"],\"url\":\"https:\/\/kunmedierne.dk\/mors\/author\/david\/\"}]}<\/script>\n<!-- \/ Yoast SEO plugin. -->","yoast_head_json":{"title":"Boligstrategi med fokus p\u00e5 nye boformer - Mors","robots":{"index":"index","follow":"follow","max-snippet":"max-snippet:-1","max-image-preview":"max-image-preview:large","max-video-preview":"max-video-preview:-1"},"canonical":"https:\/\/kunmedierne.dk\/mors\/boligstrategi-med-fokus-paa-nye-boformer\/","og_locale":"da_DK","og_type":"article","og_title":"Boligstrategi med fokus p\u00e5 nye boformer - Mors","og_description":"MORS: Der bliver flere almene boliger p\u00e5 Mors i l\u00f8bet af det n\u00e6ste \u00e5rti &#8211; og de bliver bedre at bo i. Det besluttede en enig kommunalbestyrelse p\u00e5 sit m\u00f8de tirsdag aften, da en ny boligstrategi blev vedtaget n\u00e6sten helt uden anledning til debatm\u00e6ssige sv\u00e6rdslag. Kommunalbestyrelsesm\u00f8det var det f\u00f8rste med fremm\u00f8de i byr\u00e5dssalen siden november, [&hellip;]","og_url":"https:\/\/kunmedierne.dk\/mors\/boligstrategi-med-fokus-paa-nye-boformer\/","og_site_name":"Mors","article_published_time":"2021-05-05T11:05:23+00:00","article_modified_time":"2024-08-07T12:45:51+00:00","og_image":[{"width":770,"height":513,"url":"https:\/\/kunmedierne.dk\/mors\/wp-content\/uploads\/2020\/05\/200102-mors\u00f8-kommune2-1.jpg","type":"image\/jpeg"}],"author":"David H\u00f8jmark","twitter_card":"summary_large_image","twitter_misc":{"Skrevet af":"David H\u00f8jmark","Estimeret l\u00e6setid":"8 minutter"},"schema":{"@context":"https:\/\/schema.org","@graph":[{"@type":"Article","@id":"https:\/\/kunmedierne.dk\/mors\/boligstrategi-med-fokus-paa-nye-boformer\/#article","isPartOf":{"@id":"https:\/\/kunmedierne.dk\/mors\/boligstrategi-med-fokus-paa-nye-boformer\/"},"author":{"name":"David H\u00f8jmark","@id":"https:\/\/kunmedierne.dk\/mors\/#\/schema\/person\/5fe23251bf1d0abbcdc6f7896579d548"},"headline":"Boligstrategi med fokus p\u00e5 nye boformer","datePublished":"2021-05-05T11:05:23+00:00","dateModified":"2024-08-07T12:45:51+00:00","mainEntityOfPage":{"@id":"https:\/\/kunmedierne.dk\/mors\/boligstrategi-med-fokus-paa-nye-boformer\/"},"wordCount":1545,"commentCount":0,"publisher":{"@id":"https:\/\/kunmedierne.dk\/mors\/#organization"},"image":{"@id":"https:\/\/kunmedierne.dk\/mors\/boligstrategi-med-fokus-paa-nye-boformer\/#primaryimage"},"thumbnailUrl":"https:\/\/kunmedierne.dk\/mors\/wp-content\/uploads\/2020\/05\/200102-mors\u00f8-kommune2-1.jpg","keywords":["Politik"],"articleSection":["Lokalt"],"inLanguage":"da-DK","potentialAction":[{"@type":"CommentAction","name":"Comment","target":["https:\/\/kunmedierne.dk\/mors\/boligstrategi-med-fokus-paa-nye-boformer\/#respond"]}]},{"@type":"WebPage","@id":"https:\/\/kunmedierne.dk\/mors\/boligstrategi-med-fokus-paa-nye-boformer\/","url":"https:\/\/kunmedierne.dk\/mors\/boligstrategi-med-fokus-paa-nye-boformer\/","name":"Boligstrategi med fokus p\u00e5 nye boformer - Mors","isPartOf":{"@id":"https:\/\/kunmedierne.dk\/mors\/#website"},"primaryImageOfPage":{"@id":"https:\/\/kunmedierne.dk\/mors\/boligstrategi-med-fokus-paa-nye-boformer\/#primaryimage"},"image":{"@id":"https:\/\/kunmedierne.dk\/mors\/boligstrategi-med-fokus-paa-nye-boformer\/#primaryimage"},"thumbnailUrl":"https:\/\/kunmedierne.dk\/mors\/wp-content\/uploads\/2020\/05\/200102-mors\u00f8-kommune2-1.jpg","datePublished":"2021-05-05T11:05:23+00:00","dateModified":"2024-08-07T12:45:51+00:00","breadcrumb":{"@id":"https:\/\/kunmedierne.dk\/mors\/boligstrategi-med-fokus-paa-nye-boformer\/#breadcrumb"},"inLanguage":"da-DK","potentialAction":[{"@type":"ReadAction","target":["https:\/\/kunmedierne.dk\/mors\/boligstrategi-med-fokus-paa-nye-boformer\/"]}]},{"@type":"ImageObject","inLanguage":"da-DK","@id":"https:\/\/kunmedierne.dk\/mors\/boligstrategi-med-fokus-paa-nye-boformer\/#primaryimage","url":"https:\/\/kunmedierne.dk\/mors\/wp-content\/uploads\/2020\/05\/200102-mors\u00f8-kommune2-1.jpg","contentUrl":"https:\/\/kunmedierne.dk\/mors\/wp-content\/uploads\/2020\/05\/200102-mors\u00f8-kommune2-1.jpg","width":770,"height":513},{"@type":"BreadcrumbList","@id":"https:\/\/kunmedierne.dk\/mors\/boligstrategi-med-fokus-paa-nye-boformer\/#breadcrumb","itemListElement":[{"@type":"ListItem","position":1,"name":"Hjem","item":"https:\/\/kunmedierne.dk\/mors\/"},{"@type":"ListItem","position":2,"name":"Boligstrategi med fokus p\u00e5 nye boformer"}]},{"@type":"WebSite","@id":"https:\/\/kunmedierne.dk\/mors\/#website","url":"https:\/\/kunmedierne.dk\/mors\/","name":"Mors","description":"et netmedie med journalistik om livet p\u00e5 Mors","publisher":{"@id":"https:\/\/kunmedierne.dk\/mors\/#organization"},"potentialAction":[{"@type":"SearchAction","target":{"@type":"EntryPoint","urlTemplate":"https:\/\/kunmedierne.dk\/mors\/?s={search_term_string}"},"query-input":{"@type":"PropertyValueSpecification","valueRequired":true,"valueName":"search_term_string"}}],"inLanguage":"da-DK"},{"@type":"Organization","@id":"https:\/\/kunmedierne.dk\/mors\/#organization","name":"Mors","url":"https:\/\/kunmedierne.dk\/mors\/","logo":{"@type":"ImageObject","inLanguage":"da-DK","@id":"https:\/\/kunmedierne.dk\/mors\/#\/schema\/logo\/image\/","url":"https:\/\/kunmedierne.dk\/mors\/wp-content\/uploads\/2024\/08\/kunmors-logo.svg","contentUrl":"https:\/\/kunmedierne.dk\/mors\/wp-content\/uploads\/2024\/08\/kunmors-logo.svg","caption":"Mors"},"image":{"@id":"https:\/\/kunmedierne.dk\/mors\/#\/schema\/logo\/image\/"}},{"@type":"Person","@id":"https:\/\/kunmedierne.dk\/mors\/#\/schema\/person\/5fe23251bf1d0abbcdc6f7896579d548","name":"David H\u00f8jmark","image":{"@type":"ImageObject","inLanguage":"da-DK","@id":"https:\/\/kunmedierne.dk\/mors\/#\/schema\/person\/image\/","url":"https:\/\/secure.gravatar.com\/avatar\/4315d6fb9ef244d729989f5f90268eb08d5bf8a3d84402f595fa194bb35784fd?s=96&d=mm&r=g","contentUrl":"https:\/\/secure.gravatar.com\/avatar\/4315d6fb9ef244d729989f5f90268eb08d5bf8a3d84402f595fa194bb35784fd?s=96&d=mm&r=g","caption":"David H\u00f8jmark"},"sameAs":["https:\/\/www.kunmedierne.dk"],"url":"https:\/\/kunmedierne.dk\/mors\/author\/david\/"}]}},"_links":{"self":[{"href":"https:\/\/kunmedierne.dk\/mors\/wp-json\/wp\/v2\/posts\/44468","targetHints":{"allow":["GET"]}}],"collection":[{"href":"https:\/\/kunmedierne.dk\/mors\/wp-json\/wp\/v2\/posts"}],"about":[{"href":"https:\/\/kunmedierne.dk\/mors\/wp-json\/wp\/v2\/types\/post"}],"author":[{"embeddable":true,"href":"https:\/\/kunmedierne.dk\/mors\/wp-json\/wp\/v2\/users\/8"}],"replies":[{"embeddable":true,"href":"https:\/\/kunmedierne.dk\/mors\/wp-json\/wp\/v2\/comments?post=44468"}],"version-history":[{"count":12,"href":"https:\/\/kunmedierne.dk\/mors\/wp-json\/wp\/v2\/posts\/44468\/revisions"}],"predecessor-version":[{"id":70282,"href":"https:\/\/kunmedierne.dk\/mors\/wp-json\/wp\/v2\/posts\/44468\/revisions\/70282"}],"wp:featuredmedia":[{"embeddable":true,"href":"https:\/\/kunmedierne.dk\/mors\/wp-json\/wp\/v2\/media\/20464"}],"wp:attachment":[{"href":"https:\/\/kunmedierne.dk\/mors\/wp-json\/wp\/v2\/media?parent=44468"}],"wp:term":[{"taxonomy":"category","embeddable":true,"href":"https:\/\/kunmedierne.dk\/mors\/wp-json\/wp\/v2\/categories?post=44468"},{"taxonomy":"post_tag","embeddable":true,"href":"https:\/\/kunmedierne.dk\/mors\/wp-json\/wp\/v2\/tags?post=44468"}],"curies":[{"name":"wp","href":"https:\/\/api.w.org\/{rel}","templated":true}]}}