{"id":44273,"date":"2021-05-02T11:27:49","date_gmt":"2021-05-02T09:27:49","guid":{"rendered":"https:\/\/kunmedierne.dk\/mors\/?p=44273"},"modified":"2024-08-07T14:45:52","modified_gmt":"2024-08-07T12:45:52","slug":"1-maj-tale-der-er-stadig-kampe-at-kaempe","status":"publish","type":"post","link":"https:\/\/kunmedierne.dk\/mors\/1-maj-tale-der-er-stadig-kampe-at-kaempe\/","title":{"rendered":"1. maj-tale: &#8211; Der er stadig kampe at k\u00e6mpe"},"content":{"rendered":"<p><strong>MORS<\/strong>: Coronaen gjorde ogs\u00e5 i \u00e5r 1. maj til en mindre begivenhed end f\u00f8r pandemien, men for nogle lykkedes det alligevel at markere arbejdernes kampdag.<\/p>\n<p>Enhedslisten Mors fik afviklet en sammenkomst, og partiets spidskandidat til kommunalvalget 2021 holdt en 1. maj-tale med kig b\u00e5de tilbage og frem i tiden:<\/p>\n<p>Pia Thorsen sagde, at dagen skulle bruges p\u00e5 at fejre, hvad der var opn\u00e5et af fremskridt, men is\u00e6r p\u00e5 at s\u00e6tte fokus p\u00e5 de kampe, der stadig skal k\u00e6mpes.<\/p>\n<p>&#8220;I denne kamp har vi modstandere,&#8221; sagde Pia Thorsen <a href=\"https:\/\/www.fmspks.dk\/\"><img loading=\"lazy\" decoding=\"async\" class=\"alignright size-full wp-image-42295\" src=\"https:\/\/kunmedierne.dk\/mors\/wp-content\/uploads\/2021\/03\/te1.jpg\" alt=\"\" width=\"1400\" height=\"125\" srcset=\"https:\/\/kunmedierne.dk\/mors\/wp-content\/uploads\/2021\/03\/te1.jpg 1400w, https:\/\/kunmedierne.dk\/mors\/wp-content\/uploads\/2021\/03\/te1-300x27.jpg 300w, https:\/\/kunmedierne.dk\/mors\/wp-content\/uploads\/2021\/03\/te1-1024x91.jpg 1024w, https:\/\/kunmedierne.dk\/mors\/wp-content\/uploads\/2021\/03\/te1-768x69.jpg 768w, https:\/\/kunmedierne.dk\/mors\/wp-content\/uploads\/2021\/03\/te1-600x54.jpg 600w\" sizes=\"auto, (max-width: 1400px) 100vw, 1400px\" \/><\/a><\/p>\n<p>&#8220;Modstanderne er virksomheder og organisationer, der udpiner. Nogen udpiner arbejdskraften, andre udpiner jorden og naturen og andre igen udpiner svage og s\u00e5rbare mennesker,&#8221; fortsatte hun og n\u00e6vnte Amazon.com og Nemlig.com som virksomheder med kritisable arbejdsforhold.<\/p>\n<p>&#8220;I denne kamp st\u00e5r vi i Enhedslisten altid p\u00e5 den svage parts side. Det g\u00f8r vi ogs\u00e5, n\u00e5r sygeplejersker og p\u00e6dagoger slides op af et alt for h\u00f8jt tempo og for f\u00e5 ansatte,&#8221; sagde Pia Thorsen.<\/p>\n<p>Hun beskrev ogs\u00e5\u00a0TDC, DONG og K\u00f8benhavns lufthavn som eksempler p\u00e5, at &#8220;f\u00e6llesskabet har solgt ud til den gr\u00e5dige kapitalisme.&#8221;<\/p>\n<p>&#8220;Og i \u00f8jeblikket er udenlandsk kapital i gang med at opk\u00f8be danske landbrug, og de t\u00e6nker ikke p\u00e5 det danske milj\u00f8, men kun p\u00e5 at skaffe sig st\u00f8rst mulig fortjeneste,&#8221; sagde Pia Thorsen, der ogs\u00e5 opfordrede til solidaritet i fagbev\u00e6gelsen &#8211; og til en fagbev\u00e6gelse, der arbejder mere lokalt med st\u00f8rre appel for de unge som gevinst.<\/p>\n<p>Du kan l\u00e6se hele Pia Thorsens 1. maj-tale herunder. <a href=\"https:\/\/vester-begr.dk\"><img loading=\"lazy\" decoding=\"async\" class=\"alignright size-full wp-image-42312\" src=\"https:\/\/kunmedierne.dk\/mors\/wp-content\/uploads\/2021\/03\/te2.jpg\" alt=\"\" width=\"1400\" height=\"125\" srcset=\"https:\/\/kunmedierne.dk\/mors\/wp-content\/uploads\/2021\/03\/te2.jpg 1400w, https:\/\/kunmedierne.dk\/mors\/wp-content\/uploads\/2021\/03\/te2-300x27.jpg 300w, https:\/\/kunmedierne.dk\/mors\/wp-content\/uploads\/2021\/03\/te2-1024x91.jpg 1024w, https:\/\/kunmedierne.dk\/mors\/wp-content\/uploads\/2021\/03\/te2-768x69.jpg 768w, https:\/\/kunmedierne.dk\/mors\/wp-content\/uploads\/2021\/03\/te2-600x54.jpg 600w\" sizes=\"auto, (max-width: 1400px) 100vw, 1400px\" \/><\/a><\/p>\n<blockquote>\n<h2>Pia Thorsens 1. maj-tale 2021<\/h2>\n<h4>Jeg har fejret 1. maj siden jeg som 16-\u00e5rig gik gennem Nyk\u00f8bings gader for f\u00f8rste gang bagved de r\u00f8de faner.<\/h4>\n<h4>Jeg oplevede suset af f\u00e6llesskab og sammenhold i kampen mod uretf\u00e6rdighed.<\/h4>\n<h4>Siden 1889 har 1. maj v\u00e6ret fejret som symbolet p\u00e5\u00a0arbejdernes\u00a0kamp\u00a0for bedre vilk\u00e5r\u00a0og\u00a0for\u00a0solidaritet p\u00e5 tv\u00e6rs af gr\u00e6nser.<\/h4>\n<h4>Efterh\u00e5nden ikke kun blandt rigtige arbejdere, men af folk der har arbejdet for bedre vilk\u00e5r i mange forskellige sammenh\u00e6nge.<\/h4>\n<h4>Derfor er dagen vigtig for alle medlemmer af Enhedslisten som dagen, hvor vi b\u00e5de fejrer, hvad der er opn\u00e5et af fremskridt, men hvor vi is\u00e6r s\u00e6tter fokus p\u00e5 de\u00a0kampe, der stadig\u00a0skal k\u00e6mpes.<\/h4>\n<h4>I denne kamp har vi modstandere.<\/h4>\n<h4>Modstanderne er\u00a0virksomheder og organisationer, der udpiner. Nogen\u00a0udpiner arbejdskraften, andre udpiner jorden og naturen og\u00a0andre igen\u00a0udpiner svage og s\u00e5rbare mennesker.<\/h4>\n<h4>Amazon tjener styrtende p\u00e5, at de ansatte ikke m\u00e5 g\u00e5 p\u00e5 toilet i arbejdstiden, f\u00e5r ingen l\u00f8n under sygdom, og de m\u00e5 selv betale for de fejl de kommer til at beg\u00e5.<\/h4>\n<h4>Nemlig.com bruger chauff\u00f8rer som bliver straffet \u00f8konomisk, hvis de ikke overholder den stramme k\u00f8replan.<\/h4>\n<h4>Og i Padborg s\u00e5 vi, hvordan fillipinske chauff\u00f8rer boede under usle forhold i containere bag\u00a0en\u00a0indhegning.<\/h4>\n<h4>I denne kamp st\u00e5r\u00a0vi i\u00a0Enhedslisten altid p\u00e5 den svage parts side.<\/h4>\n<h4>Det g\u00f8r vi ogs\u00e5, n\u00e5r sygeplejersker og p\u00e6dagoger slides op af\u00a0et alt for\u00a0h\u00f8jt tempo og for f\u00e5 ansatte.<\/h4>\n<h4>Deres l\u00f8n\u00a0h\u00f8rer en anden tidsalder til. Vi skal have gjort op med den ulige l\u00f8n i de historiske kvindefag. Det er en kamp, som fagbev\u00e6gelsen skal st\u00e5 sammen om i solidaritet.<\/h4>\n<h4>De lavest l\u00f8nnede skal l\u00f8ftes mest.<\/h4>\n<h4>Vi er modstandere af, at udenlandsk kapital opk\u00f8ber og forringer danske arbejdspladser for bagefter at videres\u00e6lge med store fortjenester, der ikke bliver beskattet i Danmark.<\/h4>\n<h4>TDC, DONG og K\u00f8benhavns lufthavn er eksempler, hvor f\u00e6llesskabet har solgt ud\u00a0til den gr\u00e5dige kapitalisme.<\/h4>\n<h4>Og i \u00f8jeblikket er udenlandsk kapital i gang med at opk\u00f8be danske landbrug, og de t\u00e6nker ikke p\u00e5 det danske milj\u00f8, men\u00a0kun\u00a0p\u00e5 at skaffe sig\u00a0st\u00f8rst mulig fortjeneste.<\/h4>\n<h4>Enhedslisten st\u00f8tter alle, der\u00a0organiserer sig for at st\u00e5 sammen mod\u00a0kapitalens\u00a0st\u00e6rke kr\u00e6fter.<\/h4>\n<h4>Vi st\u00f8tter beboerforeninger, patientforeninger, andelsf\u00e6llesskaber, klima- og naturfork\u00e6mpere og andre, der arbejder for demokratiske f\u00e6llesskaber.<\/h4>\n<h4>Vi st\u00f8tter dem, der strejker p\u00e5 grund af uv\u00e6rdige\u00a0og ulige\u00a0forhold.\u00a0Tidligere generationer af arbejdere har givet os historiske sejre.<\/h4>\n<h4>N\u00e5r vi i dage har de forholdsvis gode forhold, er det fordi fagbev\u00e6gelsen har v\u00e6ret st\u00e6rk.<\/h4>\n<h4>Vi skal genopfinde den \u00e6ldre generations styrke.<\/h4>\n<h4>Solidariteten g\u00e5r tabt, n\u00e5r mange\u00a0v\u00e6lger ikke at v\u00e6re medlem af deres fagforening.<\/h4>\n<h4>De gule s\u00e5kaldte fagforeninger er forsikringsselskaber, som har overtaget organiseringen.\u00a0Medlemmerne forsvinder fra de rigtige fagforeninger.<\/h4>\n<h4>Solidariteten vokser ud af f\u00e6llesskaberne lokalt, derfor skal fagbev\u00e6gelsen arbejde meget mere lokalt for at ungdommen opdager fagbev\u00e6gelsens v\u00e6rdi.<\/h4>\n<h4>Det dur ikke, at unge skal sidde i fast i et\u00a0call-center, n\u00e5r de ringer.<\/h4>\n<h4>De skal bruge et rigtigt menneske, som de i tillid kan fort\u00e6lle om deres vilk\u00e5r, de skal m\u00f8des her og nu. Medlemmerne skal g\u00f8res aktive, blive tillidsfolk, arbejdsmilj\u00f8repr\u00e6sentanter og oprette faglige klubber.<\/h4>\n<h4>Kampen skal styrkes lokalt!<\/h4>\n<h4>Manglen p\u00e5 praktikpladser er alvorlig.\u00a0Vi skal arbejde p\u00e5 at b\u00e5de private og offentlige arbejdsgivere tager ansvar for uddannelse.\u00a0Kommunen skal have sociale klausuler, der skaber praktikpladser.<\/h4>\n<h4>De private arbejdsgivere, der ikke selv ans\u00e6tter l\u00e6rlinge, skal\u00a0solidarisk betale\u00a0mere\u00a0til dem, der\u00a0skaber\u00a0praktikpladser.<\/h4>\n<h4>De unges uddannelse er alles ansvar.<\/h4>\n<h4>N\u00e6ste \u00e5r, n\u00e5r covid19 har mistet kraft,\u00a0vil jeg gerne genoplive min ungdoms 1. maj med march under de r\u00f8de faner, taler og folkefest i Birkelunden sammen med alle dem, der\u00a0vil samme vej.<\/h4>\n<h4>God 1. maj til alle!<\/h4>\n<\/blockquote>\n","protected":false},"excerpt":{"rendered":"<p>MORS: Coronaen gjorde ogs\u00e5 i \u00e5r 1. maj til en mindre begivenhed end f\u00f8r pandemien, men for nogle lykkedes det alligevel at markere arbejdernes kampdag. Enhedslisten Mors fik afviklet en sammenkomst, og partiets spidskandidat til kommunalvalget 2021 holdt en 1. maj-tale med kig b\u00e5de tilbage og frem i tiden: Pia Thorsen sagde, at dagen skulle [&hellip;]<\/p>\n","protected":false},"author":8,"featured_media":44274,"comment_status":"open","ping_status":"open","sticky":false,"template":"","format":"standard","meta":{"_acf_changed":false,"footnotes":""},"categories":[51],"tags":[167],"class_list":["post-44273","post","type-post","status-publish","format-standard","has-post-thumbnail","hentry","category-lokalt","tag-politik"],"acf":[],"yoast_head":"<!-- This site is optimized with the Yoast SEO plugin v26.8 - https:\/\/yoast.com\/product\/yoast-seo-wordpress\/ -->\n<title>1. maj-tale: - Der er stadig kampe at k\u00e6mpe - Mors<\/title>\n<meta name=\"robots\" content=\"index, follow, max-snippet:-1, max-image-preview:large, max-video-preview:-1\" \/>\n<link rel=\"canonical\" href=\"https:\/\/kunmedierne.dk\/mors\/1-maj-tale-der-er-stadig-kampe-at-kaempe\/\" \/>\n<meta property=\"og:locale\" content=\"da_DK\" \/>\n<meta property=\"og:type\" content=\"article\" \/>\n<meta property=\"og:title\" content=\"1. maj-tale: - Der er stadig kampe at k\u00e6mpe - Mors\" \/>\n<meta property=\"og:description\" content=\"MORS: Coronaen gjorde ogs\u00e5 i \u00e5r 1. maj til en mindre begivenhed end f\u00f8r pandemien, men for nogle lykkedes det alligevel at markere arbejdernes kampdag. Enhedslisten Mors fik afviklet en sammenkomst, og partiets spidskandidat til kommunalvalget 2021 holdt en 1. maj-tale med kig b\u00e5de tilbage og frem i tiden: Pia Thorsen sagde, at dagen skulle [&hellip;]\" \/>\n<meta property=\"og:url\" content=\"https:\/\/kunmedierne.dk\/mors\/1-maj-tale-der-er-stadig-kampe-at-kaempe\/\" \/>\n<meta property=\"og:site_name\" content=\"Mors\" \/>\n<meta property=\"article:published_time\" content=\"2021-05-02T09:27:49+00:00\" \/>\n<meta property=\"article:modified_time\" content=\"2024-08-07T12:45:52+00:00\" \/>\n<meta property=\"og:image\" content=\"https:\/\/kunmedierne.dk\/mors\/wp-content\/uploads\/2021\/05\/pia-thorsen.jpg\" \/>\n\t<meta property=\"og:image:width\" content=\"770\" \/>\n\t<meta property=\"og:image:height\" content=\"513\" \/>\n\t<meta property=\"og:image:type\" content=\"image\/jpeg\" \/>\n<meta name=\"author\" content=\"David H\u00f8jmark\" \/>\n<meta name=\"twitter:card\" content=\"summary_large_image\" \/>\n<meta name=\"twitter:label1\" content=\"Skrevet af\" \/>\n\t<meta name=\"twitter:data1\" content=\"David H\u00f8jmark\" \/>\n\t<meta name=\"twitter:label2\" content=\"Estimeret l\u00e6setid\" \/>\n\t<meta name=\"twitter:data2\" content=\"5 minutter\" \/>\n<script type=\"application\/ld+json\" class=\"yoast-schema-graph\">{\"@context\":\"https:\/\/schema.org\",\"@graph\":[{\"@type\":\"Article\",\"@id\":\"https:\/\/kunmedierne.dk\/mors\/1-maj-tale-der-er-stadig-kampe-at-kaempe\/#article\",\"isPartOf\":{\"@id\":\"https:\/\/kunmedierne.dk\/mors\/1-maj-tale-der-er-stadig-kampe-at-kaempe\/\"},\"author\":{\"name\":\"David H\u00f8jmark\",\"@id\":\"https:\/\/kunmedierne.dk\/mors\/#\/schema\/person\/5fe23251bf1d0abbcdc6f7896579d548\"},\"headline\":\"1. maj-tale: &#8211; Der er stadig kampe at k\u00e6mpe\",\"datePublished\":\"2021-05-02T09:27:49+00:00\",\"dateModified\":\"2024-08-07T12:45:52+00:00\",\"mainEntityOfPage\":{\"@id\":\"https:\/\/kunmedierne.dk\/mors\/1-maj-tale-der-er-stadig-kampe-at-kaempe\/\"},\"wordCount\":952,\"commentCount\":0,\"publisher\":{\"@id\":\"https:\/\/kunmedierne.dk\/mors\/#organization\"},\"image\":{\"@id\":\"https:\/\/kunmedierne.dk\/mors\/1-maj-tale-der-er-stadig-kampe-at-kaempe\/#primaryimage\"},\"thumbnailUrl\":\"https:\/\/kunmedierne.dk\/mors\/wp-content\/uploads\/2021\/05\/pia-thorsen.jpg\",\"keywords\":[\"Politik\"],\"articleSection\":[\"Lokalt\"],\"inLanguage\":\"da-DK\",\"potentialAction\":[{\"@type\":\"CommentAction\",\"name\":\"Comment\",\"target\":[\"https:\/\/kunmedierne.dk\/mors\/1-maj-tale-der-er-stadig-kampe-at-kaempe\/#respond\"]}]},{\"@type\":\"WebPage\",\"@id\":\"https:\/\/kunmedierne.dk\/mors\/1-maj-tale-der-er-stadig-kampe-at-kaempe\/\",\"url\":\"https:\/\/kunmedierne.dk\/mors\/1-maj-tale-der-er-stadig-kampe-at-kaempe\/\",\"name\":\"1. maj-tale: - Der er stadig kampe at k\u00e6mpe - Mors\",\"isPartOf\":{\"@id\":\"https:\/\/kunmedierne.dk\/mors\/#website\"},\"primaryImageOfPage\":{\"@id\":\"https:\/\/kunmedierne.dk\/mors\/1-maj-tale-der-er-stadig-kampe-at-kaempe\/#primaryimage\"},\"image\":{\"@id\":\"https:\/\/kunmedierne.dk\/mors\/1-maj-tale-der-er-stadig-kampe-at-kaempe\/#primaryimage\"},\"thumbnailUrl\":\"https:\/\/kunmedierne.dk\/mors\/wp-content\/uploads\/2021\/05\/pia-thorsen.jpg\",\"datePublished\":\"2021-05-02T09:27:49+00:00\",\"dateModified\":\"2024-08-07T12:45:52+00:00\",\"breadcrumb\":{\"@id\":\"https:\/\/kunmedierne.dk\/mors\/1-maj-tale-der-er-stadig-kampe-at-kaempe\/#breadcrumb\"},\"inLanguage\":\"da-DK\",\"potentialAction\":[{\"@type\":\"ReadAction\",\"target\":[\"https:\/\/kunmedierne.dk\/mors\/1-maj-tale-der-er-stadig-kampe-at-kaempe\/\"]}]},{\"@type\":\"ImageObject\",\"inLanguage\":\"da-DK\",\"@id\":\"https:\/\/kunmedierne.dk\/mors\/1-maj-tale-der-er-stadig-kampe-at-kaempe\/#primaryimage\",\"url\":\"https:\/\/kunmedierne.dk\/mors\/wp-content\/uploads\/2021\/05\/pia-thorsen.jpg\",\"contentUrl\":\"https:\/\/kunmedierne.dk\/mors\/wp-content\/uploads\/2021\/05\/pia-thorsen.jpg\",\"width\":770,\"height\":513},{\"@type\":\"BreadcrumbList\",\"@id\":\"https:\/\/kunmedierne.dk\/mors\/1-maj-tale-der-er-stadig-kampe-at-kaempe\/#breadcrumb\",\"itemListElement\":[{\"@type\":\"ListItem\",\"position\":1,\"name\":\"Hjem\",\"item\":\"https:\/\/kunmedierne.dk\/mors\/\"},{\"@type\":\"ListItem\",\"position\":2,\"name\":\"1. maj-tale: &#8211; Der er stadig kampe at k\u00e6mpe\"}]},{\"@type\":\"WebSite\",\"@id\":\"https:\/\/kunmedierne.dk\/mors\/#website\",\"url\":\"https:\/\/kunmedierne.dk\/mors\/\",\"name\":\"Mors\",\"description\":\"et netmedie med journalistik om livet p\u00e5 Mors\",\"publisher\":{\"@id\":\"https:\/\/kunmedierne.dk\/mors\/#organization\"},\"potentialAction\":[{\"@type\":\"SearchAction\",\"target\":{\"@type\":\"EntryPoint\",\"urlTemplate\":\"https:\/\/kunmedierne.dk\/mors\/?s={search_term_string}\"},\"query-input\":{\"@type\":\"PropertyValueSpecification\",\"valueRequired\":true,\"valueName\":\"search_term_string\"}}],\"inLanguage\":\"da-DK\"},{\"@type\":\"Organization\",\"@id\":\"https:\/\/kunmedierne.dk\/mors\/#organization\",\"name\":\"Mors\",\"url\":\"https:\/\/kunmedierne.dk\/mors\/\",\"logo\":{\"@type\":\"ImageObject\",\"inLanguage\":\"da-DK\",\"@id\":\"https:\/\/kunmedierne.dk\/mors\/#\/schema\/logo\/image\/\",\"url\":\"https:\/\/kunmedierne.dk\/mors\/wp-content\/uploads\/2024\/08\/kunmors-logo.svg\",\"contentUrl\":\"https:\/\/kunmedierne.dk\/mors\/wp-content\/uploads\/2024\/08\/kunmors-logo.svg\",\"caption\":\"Mors\"},\"image\":{\"@id\":\"https:\/\/kunmedierne.dk\/mors\/#\/schema\/logo\/image\/\"}},{\"@type\":\"Person\",\"@id\":\"https:\/\/kunmedierne.dk\/mors\/#\/schema\/person\/5fe23251bf1d0abbcdc6f7896579d548\",\"name\":\"David H\u00f8jmark\",\"image\":{\"@type\":\"ImageObject\",\"inLanguage\":\"da-DK\",\"@id\":\"https:\/\/kunmedierne.dk\/mors\/#\/schema\/person\/image\/\",\"url\":\"https:\/\/secure.gravatar.com\/avatar\/4315d6fb9ef244d729989f5f90268eb08d5bf8a3d84402f595fa194bb35784fd?s=96&d=mm&r=g\",\"contentUrl\":\"https:\/\/secure.gravatar.com\/avatar\/4315d6fb9ef244d729989f5f90268eb08d5bf8a3d84402f595fa194bb35784fd?s=96&d=mm&r=g\",\"caption\":\"David H\u00f8jmark\"},\"sameAs\":[\"https:\/\/www.kunmedierne.dk\"],\"url\":\"https:\/\/kunmedierne.dk\/mors\/author\/david\/\"}]}<\/script>\n<!-- \/ Yoast SEO plugin. -->","yoast_head_json":{"title":"1. maj-tale: - Der er stadig kampe at k\u00e6mpe - Mors","robots":{"index":"index","follow":"follow","max-snippet":"max-snippet:-1","max-image-preview":"max-image-preview:large","max-video-preview":"max-video-preview:-1"},"canonical":"https:\/\/kunmedierne.dk\/mors\/1-maj-tale-der-er-stadig-kampe-at-kaempe\/","og_locale":"da_DK","og_type":"article","og_title":"1. maj-tale: - Der er stadig kampe at k\u00e6mpe - Mors","og_description":"MORS: Coronaen gjorde ogs\u00e5 i \u00e5r 1. maj til en mindre begivenhed end f\u00f8r pandemien, men for nogle lykkedes det alligevel at markere arbejdernes kampdag. Enhedslisten Mors fik afviklet en sammenkomst, og partiets spidskandidat til kommunalvalget 2021 holdt en 1. maj-tale med kig b\u00e5de tilbage og frem i tiden: Pia Thorsen sagde, at dagen skulle [&hellip;]","og_url":"https:\/\/kunmedierne.dk\/mors\/1-maj-tale-der-er-stadig-kampe-at-kaempe\/","og_site_name":"Mors","article_published_time":"2021-05-02T09:27:49+00:00","article_modified_time":"2024-08-07T12:45:52+00:00","og_image":[{"width":770,"height":513,"url":"https:\/\/kunmedierne.dk\/mors\/wp-content\/uploads\/2021\/05\/pia-thorsen.jpg","type":"image\/jpeg"}],"author":"David H\u00f8jmark","twitter_card":"summary_large_image","twitter_misc":{"Skrevet af":"David H\u00f8jmark","Estimeret l\u00e6setid":"5 minutter"},"schema":{"@context":"https:\/\/schema.org","@graph":[{"@type":"Article","@id":"https:\/\/kunmedierne.dk\/mors\/1-maj-tale-der-er-stadig-kampe-at-kaempe\/#article","isPartOf":{"@id":"https:\/\/kunmedierne.dk\/mors\/1-maj-tale-der-er-stadig-kampe-at-kaempe\/"},"author":{"name":"David H\u00f8jmark","@id":"https:\/\/kunmedierne.dk\/mors\/#\/schema\/person\/5fe23251bf1d0abbcdc6f7896579d548"},"headline":"1. maj-tale: &#8211; Der er stadig kampe at k\u00e6mpe","datePublished":"2021-05-02T09:27:49+00:00","dateModified":"2024-08-07T12:45:52+00:00","mainEntityOfPage":{"@id":"https:\/\/kunmedierne.dk\/mors\/1-maj-tale-der-er-stadig-kampe-at-kaempe\/"},"wordCount":952,"commentCount":0,"publisher":{"@id":"https:\/\/kunmedierne.dk\/mors\/#organization"},"image":{"@id":"https:\/\/kunmedierne.dk\/mors\/1-maj-tale-der-er-stadig-kampe-at-kaempe\/#primaryimage"},"thumbnailUrl":"https:\/\/kunmedierne.dk\/mors\/wp-content\/uploads\/2021\/05\/pia-thorsen.jpg","keywords":["Politik"],"articleSection":["Lokalt"],"inLanguage":"da-DK","potentialAction":[{"@type":"CommentAction","name":"Comment","target":["https:\/\/kunmedierne.dk\/mors\/1-maj-tale-der-er-stadig-kampe-at-kaempe\/#respond"]}]},{"@type":"WebPage","@id":"https:\/\/kunmedierne.dk\/mors\/1-maj-tale-der-er-stadig-kampe-at-kaempe\/","url":"https:\/\/kunmedierne.dk\/mors\/1-maj-tale-der-er-stadig-kampe-at-kaempe\/","name":"1. maj-tale: - Der er stadig kampe at k\u00e6mpe - Mors","isPartOf":{"@id":"https:\/\/kunmedierne.dk\/mors\/#website"},"primaryImageOfPage":{"@id":"https:\/\/kunmedierne.dk\/mors\/1-maj-tale-der-er-stadig-kampe-at-kaempe\/#primaryimage"},"image":{"@id":"https:\/\/kunmedierne.dk\/mors\/1-maj-tale-der-er-stadig-kampe-at-kaempe\/#primaryimage"},"thumbnailUrl":"https:\/\/kunmedierne.dk\/mors\/wp-content\/uploads\/2021\/05\/pia-thorsen.jpg","datePublished":"2021-05-02T09:27:49+00:00","dateModified":"2024-08-07T12:45:52+00:00","breadcrumb":{"@id":"https:\/\/kunmedierne.dk\/mors\/1-maj-tale-der-er-stadig-kampe-at-kaempe\/#breadcrumb"},"inLanguage":"da-DK","potentialAction":[{"@type":"ReadAction","target":["https:\/\/kunmedierne.dk\/mors\/1-maj-tale-der-er-stadig-kampe-at-kaempe\/"]}]},{"@type":"ImageObject","inLanguage":"da-DK","@id":"https:\/\/kunmedierne.dk\/mors\/1-maj-tale-der-er-stadig-kampe-at-kaempe\/#primaryimage","url":"https:\/\/kunmedierne.dk\/mors\/wp-content\/uploads\/2021\/05\/pia-thorsen.jpg","contentUrl":"https:\/\/kunmedierne.dk\/mors\/wp-content\/uploads\/2021\/05\/pia-thorsen.jpg","width":770,"height":513},{"@type":"BreadcrumbList","@id":"https:\/\/kunmedierne.dk\/mors\/1-maj-tale-der-er-stadig-kampe-at-kaempe\/#breadcrumb","itemListElement":[{"@type":"ListItem","position":1,"name":"Hjem","item":"https:\/\/kunmedierne.dk\/mors\/"},{"@type":"ListItem","position":2,"name":"1. maj-tale: &#8211; Der er stadig kampe at k\u00e6mpe"}]},{"@type":"WebSite","@id":"https:\/\/kunmedierne.dk\/mors\/#website","url":"https:\/\/kunmedierne.dk\/mors\/","name":"Mors","description":"et netmedie med journalistik om livet p\u00e5 Mors","publisher":{"@id":"https:\/\/kunmedierne.dk\/mors\/#organization"},"potentialAction":[{"@type":"SearchAction","target":{"@type":"EntryPoint","urlTemplate":"https:\/\/kunmedierne.dk\/mors\/?s={search_term_string}"},"query-input":{"@type":"PropertyValueSpecification","valueRequired":true,"valueName":"search_term_string"}}],"inLanguage":"da-DK"},{"@type":"Organization","@id":"https:\/\/kunmedierne.dk\/mors\/#organization","name":"Mors","url":"https:\/\/kunmedierne.dk\/mors\/","logo":{"@type":"ImageObject","inLanguage":"da-DK","@id":"https:\/\/kunmedierne.dk\/mors\/#\/schema\/logo\/image\/","url":"https:\/\/kunmedierne.dk\/mors\/wp-content\/uploads\/2024\/08\/kunmors-logo.svg","contentUrl":"https:\/\/kunmedierne.dk\/mors\/wp-content\/uploads\/2024\/08\/kunmors-logo.svg","caption":"Mors"},"image":{"@id":"https:\/\/kunmedierne.dk\/mors\/#\/schema\/logo\/image\/"}},{"@type":"Person","@id":"https:\/\/kunmedierne.dk\/mors\/#\/schema\/person\/5fe23251bf1d0abbcdc6f7896579d548","name":"David H\u00f8jmark","image":{"@type":"ImageObject","inLanguage":"da-DK","@id":"https:\/\/kunmedierne.dk\/mors\/#\/schema\/person\/image\/","url":"https:\/\/secure.gravatar.com\/avatar\/4315d6fb9ef244d729989f5f90268eb08d5bf8a3d84402f595fa194bb35784fd?s=96&d=mm&r=g","contentUrl":"https:\/\/secure.gravatar.com\/avatar\/4315d6fb9ef244d729989f5f90268eb08d5bf8a3d84402f595fa194bb35784fd?s=96&d=mm&r=g","caption":"David H\u00f8jmark"},"sameAs":["https:\/\/www.kunmedierne.dk"],"url":"https:\/\/kunmedierne.dk\/mors\/author\/david\/"}]}},"_links":{"self":[{"href":"https:\/\/kunmedierne.dk\/mors\/wp-json\/wp\/v2\/posts\/44273","targetHints":{"allow":["GET"]}}],"collection":[{"href":"https:\/\/kunmedierne.dk\/mors\/wp-json\/wp\/v2\/posts"}],"about":[{"href":"https:\/\/kunmedierne.dk\/mors\/wp-json\/wp\/v2\/types\/post"}],"author":[{"embeddable":true,"href":"https:\/\/kunmedierne.dk\/mors\/wp-json\/wp\/v2\/users\/8"}],"replies":[{"embeddable":true,"href":"https:\/\/kunmedierne.dk\/mors\/wp-json\/wp\/v2\/comments?post=44273"}],"version-history":[{"count":1,"href":"https:\/\/kunmedierne.dk\/mors\/wp-json\/wp\/v2\/posts\/44273\/revisions"}],"predecessor-version":[{"id":44275,"href":"https:\/\/kunmedierne.dk\/mors\/wp-json\/wp\/v2\/posts\/44273\/revisions\/44275"}],"wp:featuredmedia":[{"embeddable":true,"href":"https:\/\/kunmedierne.dk\/mors\/wp-json\/wp\/v2\/media\/44274"}],"wp:attachment":[{"href":"https:\/\/kunmedierne.dk\/mors\/wp-json\/wp\/v2\/media?parent=44273"}],"wp:term":[{"taxonomy":"category","embeddable":true,"href":"https:\/\/kunmedierne.dk\/mors\/wp-json\/wp\/v2\/categories?post=44273"},{"taxonomy":"post_tag","embeddable":true,"href":"https:\/\/kunmedierne.dk\/mors\/wp-json\/wp\/v2\/tags?post=44273"}],"curies":[{"name":"wp","href":"https:\/\/api.w.org\/{rel}","templated":true}]}}