{"id":44135,"date":"2021-04-28T21:17:05","date_gmt":"2021-04-28T19:17:05","guid":{"rendered":"https:\/\/kunmedierne.dk\/mors\/?p=44135"},"modified":"2024-08-07T14:45:53","modified_gmt":"2024-08-07T12:45:53","slug":"foedt-socialdemokrat-stiller-op-for-foerste-gang","status":"publish","type":"post","link":"https:\/\/kunmedierne.dk\/mors\/foedt-socialdemokrat-stiller-op-for-foerste-gang\/","title":{"rendered":"F\u00f8dt socialdemokrat stiller op for f\u00f8rste gang"},"content":{"rendered":"<p><strong>MORS<\/strong>: Lene Damgaard Leth Poulsen er \u00e5rgang 1956, og er g\u00e5et p\u00e5 efterl\u00f8n efter et langt arbejdsliv, men til november stiller hun op for f\u00f8rste gang til kommunalvalget p\u00e5 den socialdemokratiske liste A.<\/p>\n<p>&#8220;Jeg synes, politik er sp\u00e6ndende. Jeg har ingen erfaring inden for politik, men jeg vil meget gerne v\u00e6re med til at s\u00e6tte mit pr\u00e6g p\u00e5 de beslutninger, der tages i kommunalbestyrelsen. Det er min overbevisning, at de politiske visioner og v\u00e6rdier i socialdemokratiet rammer og rummer bredt til gavn for os alle p\u00e5 vores smukke \u00f8,&#8221; siger hun i en pressemeddelelse fra Socialdemokratiet Mors.<\/p>\n<p>Lene Poulsen har boet p\u00e5 Mors i hele sit liv. Hun voksede op i Nyk\u00f8bing som nummer fem i en s\u00f8skendeflok p\u00e5 seks i et hjem med en enkelt indt\u00e6gt.<\/p>\n<p>&#8220;Der var ikke penge til mange forn\u00f8jelser. Jeg l\u00e6rte tidligt: &#8216;G\u00f8r din pligt, og kr\u00e6v din ret&#8217;, &#8216;V\u00e6r mod andre, som du \u00f8nsker, de er mod dig&#8217;, og &#8216;Lev dit liv, mens du lever&#8217;. De v\u00e6rdier fik jeg med fra mine for\u00e6ldre, som begge stemte socialdemokratisk,&#8221; fort\u00e6ller hun.\u00a0 <a href=\"https:\/\/vester-begr.dk\"><img loading=\"lazy\" decoding=\"async\" class=\"alignright size-full wp-image-42312\" src=\"https:\/\/kunmedierne.dk\/mors\/wp-content\/uploads\/2021\/03\/te2.jpg\" alt=\"\" width=\"1400\" height=\"125\" srcset=\"https:\/\/kunmedierne.dk\/mors\/wp-content\/uploads\/2021\/03\/te2.jpg 1400w, https:\/\/kunmedierne.dk\/mors\/wp-content\/uploads\/2021\/03\/te2-300x27.jpg 300w, https:\/\/kunmedierne.dk\/mors\/wp-content\/uploads\/2021\/03\/te2-1024x91.jpg 1024w, https:\/\/kunmedierne.dk\/mors\/wp-content\/uploads\/2021\/03\/te2-768x69.jpg 768w, https:\/\/kunmedierne.dk\/mors\/wp-content\/uploads\/2021\/03\/te2-600x54.jpg 600w\" sizes=\"auto, (max-width: 1400px) 100vw, 1400px\" \/><\/a><\/p>\n<p>Sit arbejdsliv begyndte hun som avisbud og barnepige, og senere blev hun pelssyerske, butiksassistent, DJ rundt om i Danmark, inden hun arbejdede et \u00e5r p\u00e5 et alderdomshjem. Siden blev hun uddannet som p\u00e6dagog og har arbejdet med b\u00f8rn og familier, dels som dagplejer, st\u00f8ttep\u00e6dagog og b\u00f8rnehavep\u00e6dagog, leder i en b\u00f8rnehave, klassel\u00e6rer i modtagerklasse og familiekonsulent i Center for b\u00f8rn og unge.<\/p>\n<p>&#8220;Nu arbejder jeg som frivillig p\u00e5 Perlen Caf\u00e9 og V\u00e6rested. Her nyder jeg at kunne bidrage med min hj\u00e6lp og at v\u00e6re en del af et rummende og givende f\u00e6llesskab,&#8221; siger hun.<\/p>\n<p>&nbsp;<\/p>\n<p><strong>Solidaritet og retf\u00e6rdighed<\/strong><\/p>\n<p>Lene Poulsen er gift og har fire voksne b\u00f8rn, hvoraf de to bor p\u00e5 Mors. Hun har fem b\u00f8rneb\u00f8rn, og hendes mand har to voksne b\u00f8rn, hvoraf den ene bor p\u00e5 Mors.<\/p>\n<p>&#8220;S\u00e5 fritiden g\u00e5r blandt andet med at se mine b\u00f8rneb\u00f8rns h\u00e5ndboldhjemmekampe og hygge med de yngste b\u00f8rneb\u00f8rn. Jeg nyder ogs\u00e5 fritiden p\u00e5 ture rundt om p\u00e5 Mors, haven og hygge med sk\u00f8nne naboer og venner, at strikke, l\u00e6se en god bog og se en god film, god mad og et godt glas vin til,&#8221; fort\u00e6ller hun. <a href=\"https:\/\/vognmand-filtenborg.dk\/\"><img loading=\"lazy\" decoding=\"async\" class=\"alignright size-full wp-image-42300\" src=\"https:\/\/kunmedierne.dk\/mors\/wp-content\/uploads\/2021\/03\/te3.jpg\" alt=\"\" width=\"1400\" height=\"125\" srcset=\"https:\/\/kunmedierne.dk\/mors\/wp-content\/uploads\/2021\/03\/te3.jpg 1400w, https:\/\/kunmedierne.dk\/mors\/wp-content\/uploads\/2021\/03\/te3-300x27.jpg 300w, https:\/\/kunmedierne.dk\/mors\/wp-content\/uploads\/2021\/03\/te3-1024x91.jpg 1024w, https:\/\/kunmedierne.dk\/mors\/wp-content\/uploads\/2021\/03\/te3-768x69.jpg 768w, https:\/\/kunmedierne.dk\/mors\/wp-content\/uploads\/2021\/03\/te3-600x54.jpg 600w\" sizes=\"auto, (max-width: 1400px) 100vw, 1400px\" \/><\/a><\/p>\n<p>Som sine m\u00e6rkesager n\u00e6vner hun det sociale f\u00e6llesskab.<\/p>\n<p>&#8220;Alle p\u00e5 vores \u00f8 skal f\u00f8le sig som en del af f\u00e6llesskabet. Jeg br\u00e6nder for solidaritet og retf\u00e6rdighed,&#8221; sl\u00e5r hun fast.<\/p>\n<p>&#8220;I Danmark anerkender vi, at motion, sund kost og at rygning er usundt er afg\u00f8rende for vores fysiske velv\u00e6re. Men behovet for f\u00e6llesskaber og at h\u00f8re til er mindre kendte faktorer for den enkeltes trivsel og levealder. Vi m\u00e5 ikke glemme v\u00e6rdien af et st\u00e6rkt f\u00e6llesskab, hvor der er plads til alle uanset baggrund, uddannelse ressourcer og interesser. Jeg vil gerne bidrage med en indsats p\u00e5 det sociale omr\u00e5de. For eksempel ved at lave flere sociale tilbud rundt omkring p\u00e5 \u00f8en ad frivillighedens vej. Det kan v\u00e6re tilbud for b\u00f8rn og unge, som savner et sted at kunne m\u00f8des i stedet for at sidde alene hjemme eller &#8216;fr\u00e6se&#8217; rundt p\u00e5 knallert, m\u00e5ske f\u00e5 lidt hj\u00e6lp til lektier fra frivillige eller bare hygge sig,&#8221; siger Lene Poulsen.\u00a0 <a href=\"https:\/\/www.sparnord.dk\/filialer\/nykoebing-mors\/\"><img loading=\"lazy\" decoding=\"async\" class=\"alignright size-full wp-image-42301\" src=\"https:\/\/kunmedierne.dk\/mors\/wp-content\/uploads\/2021\/03\/te4.jpg\" alt=\"\" width=\"1400\" height=\"123\" srcset=\"https:\/\/kunmedierne.dk\/mors\/wp-content\/uploads\/2021\/03\/te4.jpg 1400w, https:\/\/kunmedierne.dk\/mors\/wp-content\/uploads\/2021\/03\/te4-300x26.jpg 300w, https:\/\/kunmedierne.dk\/mors\/wp-content\/uploads\/2021\/03\/te4-1024x90.jpg 1024w, https:\/\/kunmedierne.dk\/mors\/wp-content\/uploads\/2021\/03\/te4-768x67.jpg 768w, https:\/\/kunmedierne.dk\/mors\/wp-content\/uploads\/2021\/03\/te4-600x53.jpg 600w\" sizes=\"auto, (max-width: 1400px) 100vw, 1400px\" \/><\/a><\/p>\n<p>Hun \u00f8nsker ogs\u00e5 at arbejde politisk for, at hele Mors skal v\u00e6re for alle.<\/p>\n<p>&#8220;Vores \u00f8 skal h\u00e6nge sammen og ikke opleves opdelt i by og land. Vi h\u00f8rer sammen, uanset hvor p\u00e5 \u00f8en vi har besat os. Og \u00e5benhed og \u00e6rlighed er meget vigtigt, n\u00e5r der bliver besluttet noget om udviklingen p\u00e5 vores \u00f8. Alle skal have oplevelsen af, at det, der besluttes, er til gavn for os alle p\u00e5 Mors. Og jeg \u00f8nsker, at vores \u00f8 skal v\u00e6re attraktiv at flytte til for nye udefra eller for unge, som er flyttet herfra p\u00e5 grund af uddannelse eller arbejde. Jeg vil arbejde for, at alle deltager i at udvikle vores smukke \u00f8, s\u00e5 der bliver endnu bedre plads til mennesker, til mere vild natur, \u00f8kologi og dyrevelf\u00e6rd, siger,&#8221; siger Lene Poulsen med tilf\u00f8jelsen:<\/p>\n<p>&#8220;Jeg tror, der ligger mange skjulte kreative talenter gemt hos b\u00f8rn, unge og voksne, som endnu ikke f\u00f8ler sig integreret i det store f\u00e6llesskab, og som m\u00e5ske ikke har tillid til &#8216;systemet&#8217;. Vi skal have alle med.&#8221;<\/p>\n","protected":false},"excerpt":{"rendered":"<p>MORS: Lene Damgaard Leth Poulsen er \u00e5rgang 1956, og er g\u00e5et p\u00e5 efterl\u00f8n efter et langt arbejdsliv, men til november stiller hun op for f\u00f8rste gang til kommunalvalget p\u00e5 den socialdemokratiske liste A. &#8220;Jeg synes, politik er sp\u00e6ndende. Jeg har ingen erfaring inden for politik, men jeg vil meget gerne v\u00e6re med til at s\u00e6tte [&hellip;]<\/p>\n","protected":false},"author":8,"featured_media":44136,"comment_status":"open","ping_status":"open","sticky":false,"template":"","format":"standard","meta":{"_acf_changed":false,"footnotes":""},"categories":[51],"tags":[167],"class_list":["post-44135","post","type-post","status-publish","format-standard","has-post-thumbnail","hentry","category-lokalt","tag-politik"],"acf":[],"yoast_head":"<!-- This site is optimized with the Yoast SEO plugin v26.8 - https:\/\/yoast.com\/product\/yoast-seo-wordpress\/ -->\n<title>F\u00f8dt socialdemokrat stiller op for f\u00f8rste gang - Mors<\/title>\n<meta name=\"robots\" content=\"index, follow, max-snippet:-1, max-image-preview:large, max-video-preview:-1\" \/>\n<link rel=\"canonical\" href=\"https:\/\/kunmedierne.dk\/mors\/foedt-socialdemokrat-stiller-op-for-foerste-gang\/\" \/>\n<meta property=\"og:locale\" content=\"da_DK\" \/>\n<meta property=\"og:type\" content=\"article\" \/>\n<meta property=\"og:title\" content=\"F\u00f8dt socialdemokrat stiller op for f\u00f8rste gang - Mors\" \/>\n<meta property=\"og:description\" content=\"MORS: Lene Damgaard Leth Poulsen er \u00e5rgang 1956, og er g\u00e5et p\u00e5 efterl\u00f8n efter et langt arbejdsliv, men til november stiller hun op for f\u00f8rste gang til kommunalvalget p\u00e5 den socialdemokratiske liste A. &#8220;Jeg synes, politik er sp\u00e6ndende. Jeg har ingen erfaring inden for politik, men jeg vil meget gerne v\u00e6re med til at s\u00e6tte [&hellip;]\" \/>\n<meta property=\"og:url\" content=\"https:\/\/kunmedierne.dk\/mors\/foedt-socialdemokrat-stiller-op-for-foerste-gang\/\" \/>\n<meta property=\"og:site_name\" content=\"Mors\" \/>\n<meta property=\"article:published_time\" content=\"2021-04-28T19:17:05+00:00\" \/>\n<meta property=\"article:modified_time\" content=\"2024-08-07T12:45:53+00:00\" \/>\n<meta property=\"og:image\" content=\"https:\/\/kunmedierne.dk\/mors\/wp-content\/uploads\/2021\/04\/lene-leth-poulsen.jpg\" \/>\n\t<meta property=\"og:image:width\" content=\"770\" \/>\n\t<meta property=\"og:image:height\" content=\"513\" \/>\n\t<meta property=\"og:image:type\" content=\"image\/jpeg\" \/>\n<meta name=\"author\" content=\"David H\u00f8jmark\" \/>\n<meta name=\"twitter:card\" content=\"summary_large_image\" \/>\n<meta name=\"twitter:label1\" content=\"Skrevet af\" \/>\n\t<meta name=\"twitter:data1\" content=\"David H\u00f8jmark\" \/>\n\t<meta name=\"twitter:label2\" content=\"Estimeret l\u00e6setid\" \/>\n\t<meta name=\"twitter:data2\" content=\"4 minutter\" \/>\n<script type=\"application\/ld+json\" class=\"yoast-schema-graph\">{\"@context\":\"https:\/\/schema.org\",\"@graph\":[{\"@type\":\"Article\",\"@id\":\"https:\/\/kunmedierne.dk\/mors\/foedt-socialdemokrat-stiller-op-for-foerste-gang\/#article\",\"isPartOf\":{\"@id\":\"https:\/\/kunmedierne.dk\/mors\/foedt-socialdemokrat-stiller-op-for-foerste-gang\/\"},\"author\":{\"name\":\"David H\u00f8jmark\",\"@id\":\"https:\/\/kunmedierne.dk\/mors\/#\/schema\/person\/5fe23251bf1d0abbcdc6f7896579d548\"},\"headline\":\"F\u00f8dt socialdemokrat stiller op for f\u00f8rste gang\",\"datePublished\":\"2021-04-28T19:17:05+00:00\",\"dateModified\":\"2024-08-07T12:45:53+00:00\",\"mainEntityOfPage\":{\"@id\":\"https:\/\/kunmedierne.dk\/mors\/foedt-socialdemokrat-stiller-op-for-foerste-gang\/\"},\"wordCount\":767,\"commentCount\":0,\"publisher\":{\"@id\":\"https:\/\/kunmedierne.dk\/mors\/#organization\"},\"image\":{\"@id\":\"https:\/\/kunmedierne.dk\/mors\/foedt-socialdemokrat-stiller-op-for-foerste-gang\/#primaryimage\"},\"thumbnailUrl\":\"https:\/\/kunmedierne.dk\/mors\/wp-content\/uploads\/2021\/04\/lene-leth-poulsen.jpg\",\"keywords\":[\"Politik\"],\"articleSection\":[\"Lokalt\"],\"inLanguage\":\"da-DK\",\"potentialAction\":[{\"@type\":\"CommentAction\",\"name\":\"Comment\",\"target\":[\"https:\/\/kunmedierne.dk\/mors\/foedt-socialdemokrat-stiller-op-for-foerste-gang\/#respond\"]}]},{\"@type\":\"WebPage\",\"@id\":\"https:\/\/kunmedierne.dk\/mors\/foedt-socialdemokrat-stiller-op-for-foerste-gang\/\",\"url\":\"https:\/\/kunmedierne.dk\/mors\/foedt-socialdemokrat-stiller-op-for-foerste-gang\/\",\"name\":\"F\u00f8dt socialdemokrat stiller op for f\u00f8rste gang - Mors\",\"isPartOf\":{\"@id\":\"https:\/\/kunmedierne.dk\/mors\/#website\"},\"primaryImageOfPage\":{\"@id\":\"https:\/\/kunmedierne.dk\/mors\/foedt-socialdemokrat-stiller-op-for-foerste-gang\/#primaryimage\"},\"image\":{\"@id\":\"https:\/\/kunmedierne.dk\/mors\/foedt-socialdemokrat-stiller-op-for-foerste-gang\/#primaryimage\"},\"thumbnailUrl\":\"https:\/\/kunmedierne.dk\/mors\/wp-content\/uploads\/2021\/04\/lene-leth-poulsen.jpg\",\"datePublished\":\"2021-04-28T19:17:05+00:00\",\"dateModified\":\"2024-08-07T12:45:53+00:00\",\"breadcrumb\":{\"@id\":\"https:\/\/kunmedierne.dk\/mors\/foedt-socialdemokrat-stiller-op-for-foerste-gang\/#breadcrumb\"},\"inLanguage\":\"da-DK\",\"potentialAction\":[{\"@type\":\"ReadAction\",\"target\":[\"https:\/\/kunmedierne.dk\/mors\/foedt-socialdemokrat-stiller-op-for-foerste-gang\/\"]}]},{\"@type\":\"ImageObject\",\"inLanguage\":\"da-DK\",\"@id\":\"https:\/\/kunmedierne.dk\/mors\/foedt-socialdemokrat-stiller-op-for-foerste-gang\/#primaryimage\",\"url\":\"https:\/\/kunmedierne.dk\/mors\/wp-content\/uploads\/2021\/04\/lene-leth-poulsen.jpg\",\"contentUrl\":\"https:\/\/kunmedierne.dk\/mors\/wp-content\/uploads\/2021\/04\/lene-leth-poulsen.jpg\",\"width\":770,\"height\":513,\"caption\":\"Lene Leth Poulsen med den socialdemokratiske gruppeformand, Tore M\u00fcller. Foto: Socialdemokratiet p\u00e5 Mors\"},{\"@type\":\"BreadcrumbList\",\"@id\":\"https:\/\/kunmedierne.dk\/mors\/foedt-socialdemokrat-stiller-op-for-foerste-gang\/#breadcrumb\",\"itemListElement\":[{\"@type\":\"ListItem\",\"position\":1,\"name\":\"Hjem\",\"item\":\"https:\/\/kunmedierne.dk\/mors\/\"},{\"@type\":\"ListItem\",\"position\":2,\"name\":\"F\u00f8dt socialdemokrat stiller op for f\u00f8rste gang\"}]},{\"@type\":\"WebSite\",\"@id\":\"https:\/\/kunmedierne.dk\/mors\/#website\",\"url\":\"https:\/\/kunmedierne.dk\/mors\/\",\"name\":\"Mors\",\"description\":\"et netmedie med journalistik om livet p\u00e5 Mors\",\"publisher\":{\"@id\":\"https:\/\/kunmedierne.dk\/mors\/#organization\"},\"potentialAction\":[{\"@type\":\"SearchAction\",\"target\":{\"@type\":\"EntryPoint\",\"urlTemplate\":\"https:\/\/kunmedierne.dk\/mors\/?s={search_term_string}\"},\"query-input\":{\"@type\":\"PropertyValueSpecification\",\"valueRequired\":true,\"valueName\":\"search_term_string\"}}],\"inLanguage\":\"da-DK\"},{\"@type\":\"Organization\",\"@id\":\"https:\/\/kunmedierne.dk\/mors\/#organization\",\"name\":\"Mors\",\"url\":\"https:\/\/kunmedierne.dk\/mors\/\",\"logo\":{\"@type\":\"ImageObject\",\"inLanguage\":\"da-DK\",\"@id\":\"https:\/\/kunmedierne.dk\/mors\/#\/schema\/logo\/image\/\",\"url\":\"https:\/\/kunmedierne.dk\/mors\/wp-content\/uploads\/2024\/08\/kunmors-logo.svg\",\"contentUrl\":\"https:\/\/kunmedierne.dk\/mors\/wp-content\/uploads\/2024\/08\/kunmors-logo.svg\",\"caption\":\"Mors\"},\"image\":{\"@id\":\"https:\/\/kunmedierne.dk\/mors\/#\/schema\/logo\/image\/\"}},{\"@type\":\"Person\",\"@id\":\"https:\/\/kunmedierne.dk\/mors\/#\/schema\/person\/5fe23251bf1d0abbcdc6f7896579d548\",\"name\":\"David H\u00f8jmark\",\"image\":{\"@type\":\"ImageObject\",\"inLanguage\":\"da-DK\",\"@id\":\"https:\/\/kunmedierne.dk\/mors\/#\/schema\/person\/image\/\",\"url\":\"https:\/\/secure.gravatar.com\/avatar\/4315d6fb9ef244d729989f5f90268eb08d5bf8a3d84402f595fa194bb35784fd?s=96&d=mm&r=g\",\"contentUrl\":\"https:\/\/secure.gravatar.com\/avatar\/4315d6fb9ef244d729989f5f90268eb08d5bf8a3d84402f595fa194bb35784fd?s=96&d=mm&r=g\",\"caption\":\"David H\u00f8jmark\"},\"sameAs\":[\"https:\/\/www.kunmedierne.dk\"],\"url\":\"https:\/\/kunmedierne.dk\/mors\/author\/david\/\"}]}<\/script>\n<!-- \/ Yoast SEO plugin. -->","yoast_head_json":{"title":"F\u00f8dt socialdemokrat stiller op for f\u00f8rste gang - Mors","robots":{"index":"index","follow":"follow","max-snippet":"max-snippet:-1","max-image-preview":"max-image-preview:large","max-video-preview":"max-video-preview:-1"},"canonical":"https:\/\/kunmedierne.dk\/mors\/foedt-socialdemokrat-stiller-op-for-foerste-gang\/","og_locale":"da_DK","og_type":"article","og_title":"F\u00f8dt socialdemokrat stiller op for f\u00f8rste gang - Mors","og_description":"MORS: Lene Damgaard Leth Poulsen er \u00e5rgang 1956, og er g\u00e5et p\u00e5 efterl\u00f8n efter et langt arbejdsliv, men til november stiller hun op for f\u00f8rste gang til kommunalvalget p\u00e5 den socialdemokratiske liste A. &#8220;Jeg synes, politik er sp\u00e6ndende. Jeg har ingen erfaring inden for politik, men jeg vil meget gerne v\u00e6re med til at s\u00e6tte [&hellip;]","og_url":"https:\/\/kunmedierne.dk\/mors\/foedt-socialdemokrat-stiller-op-for-foerste-gang\/","og_site_name":"Mors","article_published_time":"2021-04-28T19:17:05+00:00","article_modified_time":"2024-08-07T12:45:53+00:00","og_image":[{"width":770,"height":513,"url":"https:\/\/kunmedierne.dk\/mors\/wp-content\/uploads\/2021\/04\/lene-leth-poulsen.jpg","type":"image\/jpeg"}],"author":"David H\u00f8jmark","twitter_card":"summary_large_image","twitter_misc":{"Skrevet af":"David H\u00f8jmark","Estimeret l\u00e6setid":"4 minutter"},"schema":{"@context":"https:\/\/schema.org","@graph":[{"@type":"Article","@id":"https:\/\/kunmedierne.dk\/mors\/foedt-socialdemokrat-stiller-op-for-foerste-gang\/#article","isPartOf":{"@id":"https:\/\/kunmedierne.dk\/mors\/foedt-socialdemokrat-stiller-op-for-foerste-gang\/"},"author":{"name":"David H\u00f8jmark","@id":"https:\/\/kunmedierne.dk\/mors\/#\/schema\/person\/5fe23251bf1d0abbcdc6f7896579d548"},"headline":"F\u00f8dt socialdemokrat stiller op for f\u00f8rste gang","datePublished":"2021-04-28T19:17:05+00:00","dateModified":"2024-08-07T12:45:53+00:00","mainEntityOfPage":{"@id":"https:\/\/kunmedierne.dk\/mors\/foedt-socialdemokrat-stiller-op-for-foerste-gang\/"},"wordCount":767,"commentCount":0,"publisher":{"@id":"https:\/\/kunmedierne.dk\/mors\/#organization"},"image":{"@id":"https:\/\/kunmedierne.dk\/mors\/foedt-socialdemokrat-stiller-op-for-foerste-gang\/#primaryimage"},"thumbnailUrl":"https:\/\/kunmedierne.dk\/mors\/wp-content\/uploads\/2021\/04\/lene-leth-poulsen.jpg","keywords":["Politik"],"articleSection":["Lokalt"],"inLanguage":"da-DK","potentialAction":[{"@type":"CommentAction","name":"Comment","target":["https:\/\/kunmedierne.dk\/mors\/foedt-socialdemokrat-stiller-op-for-foerste-gang\/#respond"]}]},{"@type":"WebPage","@id":"https:\/\/kunmedierne.dk\/mors\/foedt-socialdemokrat-stiller-op-for-foerste-gang\/","url":"https:\/\/kunmedierne.dk\/mors\/foedt-socialdemokrat-stiller-op-for-foerste-gang\/","name":"F\u00f8dt socialdemokrat stiller op for f\u00f8rste gang - Mors","isPartOf":{"@id":"https:\/\/kunmedierne.dk\/mors\/#website"},"primaryImageOfPage":{"@id":"https:\/\/kunmedierne.dk\/mors\/foedt-socialdemokrat-stiller-op-for-foerste-gang\/#primaryimage"},"image":{"@id":"https:\/\/kunmedierne.dk\/mors\/foedt-socialdemokrat-stiller-op-for-foerste-gang\/#primaryimage"},"thumbnailUrl":"https:\/\/kunmedierne.dk\/mors\/wp-content\/uploads\/2021\/04\/lene-leth-poulsen.jpg","datePublished":"2021-04-28T19:17:05+00:00","dateModified":"2024-08-07T12:45:53+00:00","breadcrumb":{"@id":"https:\/\/kunmedierne.dk\/mors\/foedt-socialdemokrat-stiller-op-for-foerste-gang\/#breadcrumb"},"inLanguage":"da-DK","potentialAction":[{"@type":"ReadAction","target":["https:\/\/kunmedierne.dk\/mors\/foedt-socialdemokrat-stiller-op-for-foerste-gang\/"]}]},{"@type":"ImageObject","inLanguage":"da-DK","@id":"https:\/\/kunmedierne.dk\/mors\/foedt-socialdemokrat-stiller-op-for-foerste-gang\/#primaryimage","url":"https:\/\/kunmedierne.dk\/mors\/wp-content\/uploads\/2021\/04\/lene-leth-poulsen.jpg","contentUrl":"https:\/\/kunmedierne.dk\/mors\/wp-content\/uploads\/2021\/04\/lene-leth-poulsen.jpg","width":770,"height":513,"caption":"Lene Leth Poulsen med den socialdemokratiske gruppeformand, Tore M\u00fcller. Foto: Socialdemokratiet p\u00e5 Mors"},{"@type":"BreadcrumbList","@id":"https:\/\/kunmedierne.dk\/mors\/foedt-socialdemokrat-stiller-op-for-foerste-gang\/#breadcrumb","itemListElement":[{"@type":"ListItem","position":1,"name":"Hjem","item":"https:\/\/kunmedierne.dk\/mors\/"},{"@type":"ListItem","position":2,"name":"F\u00f8dt socialdemokrat stiller op for f\u00f8rste gang"}]},{"@type":"WebSite","@id":"https:\/\/kunmedierne.dk\/mors\/#website","url":"https:\/\/kunmedierne.dk\/mors\/","name":"Mors","description":"et netmedie med journalistik om livet p\u00e5 Mors","publisher":{"@id":"https:\/\/kunmedierne.dk\/mors\/#organization"},"potentialAction":[{"@type":"SearchAction","target":{"@type":"EntryPoint","urlTemplate":"https:\/\/kunmedierne.dk\/mors\/?s={search_term_string}"},"query-input":{"@type":"PropertyValueSpecification","valueRequired":true,"valueName":"search_term_string"}}],"inLanguage":"da-DK"},{"@type":"Organization","@id":"https:\/\/kunmedierne.dk\/mors\/#organization","name":"Mors","url":"https:\/\/kunmedierne.dk\/mors\/","logo":{"@type":"ImageObject","inLanguage":"da-DK","@id":"https:\/\/kunmedierne.dk\/mors\/#\/schema\/logo\/image\/","url":"https:\/\/kunmedierne.dk\/mors\/wp-content\/uploads\/2024\/08\/kunmors-logo.svg","contentUrl":"https:\/\/kunmedierne.dk\/mors\/wp-content\/uploads\/2024\/08\/kunmors-logo.svg","caption":"Mors"},"image":{"@id":"https:\/\/kunmedierne.dk\/mors\/#\/schema\/logo\/image\/"}},{"@type":"Person","@id":"https:\/\/kunmedierne.dk\/mors\/#\/schema\/person\/5fe23251bf1d0abbcdc6f7896579d548","name":"David H\u00f8jmark","image":{"@type":"ImageObject","inLanguage":"da-DK","@id":"https:\/\/kunmedierne.dk\/mors\/#\/schema\/person\/image\/","url":"https:\/\/secure.gravatar.com\/avatar\/4315d6fb9ef244d729989f5f90268eb08d5bf8a3d84402f595fa194bb35784fd?s=96&d=mm&r=g","contentUrl":"https:\/\/secure.gravatar.com\/avatar\/4315d6fb9ef244d729989f5f90268eb08d5bf8a3d84402f595fa194bb35784fd?s=96&d=mm&r=g","caption":"David H\u00f8jmark"},"sameAs":["https:\/\/www.kunmedierne.dk"],"url":"https:\/\/kunmedierne.dk\/mors\/author\/david\/"}]}},"_links":{"self":[{"href":"https:\/\/kunmedierne.dk\/mors\/wp-json\/wp\/v2\/posts\/44135","targetHints":{"allow":["GET"]}}],"collection":[{"href":"https:\/\/kunmedierne.dk\/mors\/wp-json\/wp\/v2\/posts"}],"about":[{"href":"https:\/\/kunmedierne.dk\/mors\/wp-json\/wp\/v2\/types\/post"}],"author":[{"embeddable":true,"href":"https:\/\/kunmedierne.dk\/mors\/wp-json\/wp\/v2\/users\/8"}],"replies":[{"embeddable":true,"href":"https:\/\/kunmedierne.dk\/mors\/wp-json\/wp\/v2\/comments?post=44135"}],"version-history":[{"count":3,"href":"https:\/\/kunmedierne.dk\/mors\/wp-json\/wp\/v2\/posts\/44135\/revisions"}],"predecessor-version":[{"id":44139,"href":"https:\/\/kunmedierne.dk\/mors\/wp-json\/wp\/v2\/posts\/44135\/revisions\/44139"}],"wp:featuredmedia":[{"embeddable":true,"href":"https:\/\/kunmedierne.dk\/mors\/wp-json\/wp\/v2\/media\/44136"}],"wp:attachment":[{"href":"https:\/\/kunmedierne.dk\/mors\/wp-json\/wp\/v2\/media?parent=44135"}],"wp:term":[{"taxonomy":"category","embeddable":true,"href":"https:\/\/kunmedierne.dk\/mors\/wp-json\/wp\/v2\/categories?post=44135"},{"taxonomy":"post_tag","embeddable":true,"href":"https:\/\/kunmedierne.dk\/mors\/wp-json\/wp\/v2\/tags?post=44135"}],"curies":[{"name":"wp","href":"https:\/\/api.w.org\/{rel}","templated":true}]}}