{"id":44120,"date":"2021-04-28T12:45:31","date_gmt":"2021-04-28T10:45:31","guid":{"rendered":"https:\/\/kunmedierne.dk\/mors\/?p=44120"},"modified":"2024-08-07T14:45:53","modified_gmt":"2024-08-07T12:45:53","slug":"ingerliva-friioe-stiller-op-for-enhedslisten","status":"publish","type":"post","link":"https:\/\/kunmedierne.dk\/mors\/ingerliva-friioe-stiller-op-for-enhedslisten\/","title":{"rendered":"Ingerliva Frii\u00f8 stiller op for Enhedslisten"},"content":{"rendered":"<p><strong>MORS<\/strong>: Hun har allerede gjort sig bem\u00e6rket med debatindl\u00e6g om s\u00e5rbare og udsatte, og nu melder Ingerliva Frii\u00f8 sig ogs\u00e5 klar til at k\u00e6mpe for dem politisk.<\/p>\n<p>Enhedslisten Mors har onsdag pr\u00e6senteret hende som kandidat til efter\u00e5rets valg.<\/p>\n<p>\u201cDet er f\u00f8rst for nylig, at jeg er blevet aktiv i mit politiske parti. Jeg kunne ikke l\u00e6ngere forsvare over for mig selv kun at tale om, at velf\u00e6rdssamfundet &#8216;omsorgssvigter&#8217; borgere uden aktivt selv at arbejde p\u00e5 at \u00e6ndre det,&#8221; siger Ingerliva Frii\u00f8, som senest skrev <a href=\"https:\/\/kunmedierne.dk\/mors\/43866-2\/\" target=\"_blank\" rel=\"noopener noreferrer\">dette debatindl\u00e6g<\/a> som reaktion p\u00e5 <a href=\"https:\/\/kunmedierne.dk\/mors\/borgere-paa-socialomraadet-skal-i-hoejere-grad-klare-sig-selv\/\" target=\"_blank\" rel=\"noopener noreferrer\">denne nyhed<\/a> p\u00e5 KunMors. <a href=\"https:\/\/www.braendselsforeningen.dk\/\"><img loading=\"lazy\" decoding=\"async\" class=\"alignright size-full wp-image-42314\" src=\"https:\/\/kunmedierne.dk\/mors\/wp-content\/uploads\/2021\/03\/te6.jpg\" alt=\"\" width=\"1425\" height=\"127\" srcset=\"https:\/\/kunmedierne.dk\/mors\/wp-content\/uploads\/2021\/03\/te6.jpg 1425w, https:\/\/kunmedierne.dk\/mors\/wp-content\/uploads\/2021\/03\/te6-300x27.jpg 300w, https:\/\/kunmedierne.dk\/mors\/wp-content\/uploads\/2021\/03\/te6-1024x91.jpg 1024w, https:\/\/kunmedierne.dk\/mors\/wp-content\/uploads\/2021\/03\/te6-768x68.jpg 768w, https:\/\/kunmedierne.dk\/mors\/wp-content\/uploads\/2021\/03\/te6-600x53.jpg 600w\" sizes=\"auto, (max-width: 1425px) 100vw, 1425px\" \/><\/a><\/p>\n<p>I en pressemeddelelse fra Enhedslisten Mors bliver Ingerliva Frii\u00f8 beskrevet som fort\u00f8rnet p\u00e5 vegne af borgere, som kan &#8220;f\u00e5\u00a0frataget deres retsm\u00e6ssige hj\u00e6lp til et aktivitets- og samv\u00e6rstilbud, hvis de ikke bare sidder derhjemme, men ogs\u00e5 kommer i en forening.&#8221;<\/p>\n<p>Ingerliva Frii\u00f8 supplerer:<\/p>\n<p>\u201cJeg n\u00e6gter at acceptere argumenter om, at der ikke er r\u00e5d til at behandle andre mennesker anst\u00e6ndigt.\u201d<\/p>\n<p>&nbsp;<\/p>\n<p><strong>Fokus p\u00e5 psykiatrien<\/strong><\/p>\n<p>Den nye kandidat er selv frivillig i sociale foreninger og beskrives af Enhedslisten som en kandidat med &#8220;stor indsigt i s\u00e5rbare og udsattes problemer&#8221; &#8211; og som en &#8220;vagthund for, at Serviceloven og Sundhedsloven bliver overholdt.&#8221;<\/p>\n<p>\u201cJeg vil, i og udenfor lokalpolitik, altid k\u00e6mpe for bedre forhold og rettigheder til borgere, der af en eller anden grund, har sv\u00e6rt ved at klare sig i samfundet,\u201d siger hun.\u00a0 <a href=\"https:\/\/morsoe-begravelsesforretning.dk\/\"><img loading=\"lazy\" decoding=\"async\" class=\"alignright size-full wp-image-42315\" src=\"https:\/\/kunmedierne.dk\/mors\/wp-content\/uploads\/2021\/03\/te7.jpg\" alt=\"\" width=\"1425\" height=\"127\" srcset=\"https:\/\/kunmedierne.dk\/mors\/wp-content\/uploads\/2021\/03\/te7.jpg 1425w, https:\/\/kunmedierne.dk\/mors\/wp-content\/uploads\/2021\/03\/te7-300x27.jpg 300w, https:\/\/kunmedierne.dk\/mors\/wp-content\/uploads\/2021\/03\/te7-1024x91.jpg 1024w, https:\/\/kunmedierne.dk\/mors\/wp-content\/uploads\/2021\/03\/te7-768x68.jpg 768w, https:\/\/kunmedierne.dk\/mors\/wp-content\/uploads\/2021\/03\/te7-600x53.jpg 600w\" sizes=\"auto, (max-width: 1425px) 100vw, 1425px\" \/><\/a><\/p>\n<p>Ingerliva Frii\u00f8 stiller ogs\u00e5 op til regionsr\u00e5dsvalget for Enhedslisten og melder psykiatrien som sit fokusomr\u00e5de.<\/p>\n<p>\u201cMit helt store hjertebarn er arbejdet med socialt udsatte, navnlig psykisk s\u00e5rbare. Jeg ser denne gruppe borgere som den mest fors\u00f8mte og udskammede gruppe i hele vores sundhedsv\u00e6sen. Jeg vil gerne g\u00f8re op med stigmatiseringen og give dem meget mere selvbestemmelse og flere behandlingsformer,\u201c siger Ingerliva Frii\u00f8.<\/p>\n<p>&nbsp;<\/p>\n<p><strong>Selvl\u00e6rt fritidsmultikunstner<\/strong><\/p>\n<p>Hun retter ogs\u00e5 sit blik mod kultur &#8211; s\u00e6rligt den folkelige kultur og ungdomskulturen, som Ingerliva Frii\u00f8 mener, at der skal st\u00f8ttes mere op omkring.\u00a0 <img loading=\"lazy\" decoding=\"async\" class=\"alignright size-full wp-image-42323\" src=\"https:\/\/kunmedierne.dk\/mors\/wp-content\/uploads\/2021\/03\/te8.jpg\" alt=\"\" width=\"1400\" height=\"125\" srcset=\"https:\/\/kunmedierne.dk\/mors\/wp-content\/uploads\/2021\/03\/te8.jpg 1400w, https:\/\/kunmedierne.dk\/mors\/wp-content\/uploads\/2021\/03\/te8-300x27.jpg 300w, https:\/\/kunmedierne.dk\/mors\/wp-content\/uploads\/2021\/03\/te8-1024x91.jpg 1024w, https:\/\/kunmedierne.dk\/mors\/wp-content\/uploads\/2021\/03\/te8-768x69.jpg 768w, https:\/\/kunmedierne.dk\/mors\/wp-content\/uploads\/2021\/03\/te8-600x54.jpg 600w\" sizes=\"auto, (max-width: 1400px) 100vw, 1400px\" \/><\/p>\n<p>Hun er selvl\u00e6rt\u00a0fritidsmultikunstner og sine folder i den lokale cirkusklub, og Ingerliva Frii\u00f8 laver frivillige kunstprojekter p\u00e5 v\u00e6resteder eller hjemme i haven.<\/p>\n<p>\u201cDer er p\u00e5 Mors mange ildsj\u00e6le, som fors\u00f8ger at stable ting p\u00e5 benene, Vi skal underst\u00f8tte alle de mange kulturelle initiativer, som vokser op nedefra. Det skal vi ude i lokalomr\u00e5derne, og det skal vi i regionen, hvor kulturen skal skabe liv og aktivitet,&#8221; siger Ingerliva Frii\u00f8.<\/p>\n","protected":false},"excerpt":{"rendered":"<p>MORS: Hun har allerede gjort sig bem\u00e6rket med debatindl\u00e6g om s\u00e5rbare og udsatte, og nu melder Ingerliva Frii\u00f8 sig ogs\u00e5 klar til at k\u00e6mpe for dem politisk. Enhedslisten Mors har onsdag pr\u00e6senteret hende som kandidat til efter\u00e5rets valg. \u201cDet er f\u00f8rst for nylig, at jeg er blevet aktiv i mit politiske parti. Jeg kunne ikke [&hellip;]<\/p>\n","protected":false},"author":8,"featured_media":44123,"comment_status":"open","ping_status":"open","sticky":false,"template":"","format":"standard","meta":{"_acf_changed":false,"footnotes":""},"categories":[51],"tags":[167],"class_list":["post-44120","post","type-post","status-publish","format-standard","has-post-thumbnail","hentry","category-lokalt","tag-politik"],"acf":[],"yoast_head":"<!-- This site is optimized with the Yoast SEO plugin v26.8 - https:\/\/yoast.com\/product\/yoast-seo-wordpress\/ -->\n<title>Ingerliva Frii\u00f8 stiller op for Enhedslisten - Mors<\/title>\n<meta name=\"robots\" content=\"index, follow, max-snippet:-1, max-image-preview:large, max-video-preview:-1\" \/>\n<link rel=\"canonical\" href=\"https:\/\/kunmedierne.dk\/mors\/ingerliva-friioe-stiller-op-for-enhedslisten\/\" \/>\n<meta property=\"og:locale\" content=\"da_DK\" \/>\n<meta property=\"og:type\" content=\"article\" \/>\n<meta property=\"og:title\" content=\"Ingerliva Frii\u00f8 stiller op for Enhedslisten - Mors\" \/>\n<meta property=\"og:description\" content=\"MORS: Hun har allerede gjort sig bem\u00e6rket med debatindl\u00e6g om s\u00e5rbare og udsatte, og nu melder Ingerliva Frii\u00f8 sig ogs\u00e5 klar til at k\u00e6mpe for dem politisk. Enhedslisten Mors har onsdag pr\u00e6senteret hende som kandidat til efter\u00e5rets valg. \u201cDet er f\u00f8rst for nylig, at jeg er blevet aktiv i mit politiske parti. Jeg kunne ikke [&hellip;]\" \/>\n<meta property=\"og:url\" content=\"https:\/\/kunmedierne.dk\/mors\/ingerliva-friioe-stiller-op-for-enhedslisten\/\" \/>\n<meta property=\"og:site_name\" content=\"Mors\" \/>\n<meta property=\"article:published_time\" content=\"2021-04-28T10:45:31+00:00\" \/>\n<meta property=\"article:modified_time\" content=\"2024-08-07T12:45:53+00:00\" \/>\n<meta property=\"og:image\" content=\"https:\/\/kunmedierne.dk\/mors\/wp-content\/uploads\/2021\/04\/ingerliva-frii\u00f82-1.jpg\" \/>\n\t<meta property=\"og:image:width\" content=\"770\" \/>\n\t<meta property=\"og:image:height\" content=\"513\" \/>\n\t<meta property=\"og:image:type\" content=\"image\/jpeg\" \/>\n<meta name=\"author\" content=\"David H\u00f8jmark\" \/>\n<meta name=\"twitter:card\" content=\"summary_large_image\" \/>\n<meta name=\"twitter:label1\" content=\"Skrevet af\" \/>\n\t<meta name=\"twitter:data1\" content=\"David H\u00f8jmark\" \/>\n\t<meta name=\"twitter:label2\" content=\"Estimeret l\u00e6setid\" \/>\n\t<meta name=\"twitter:data2\" content=\"2 minutter\" \/>\n<script type=\"application\/ld+json\" class=\"yoast-schema-graph\">{\"@context\":\"https:\/\/schema.org\",\"@graph\":[{\"@type\":\"Article\",\"@id\":\"https:\/\/kunmedierne.dk\/mors\/ingerliva-friioe-stiller-op-for-enhedslisten\/#article\",\"isPartOf\":{\"@id\":\"https:\/\/kunmedierne.dk\/mors\/ingerliva-friioe-stiller-op-for-enhedslisten\/\"},\"author\":{\"name\":\"David H\u00f8jmark\",\"@id\":\"https:\/\/kunmedierne.dk\/mors\/#\/schema\/person\/5fe23251bf1d0abbcdc6f7896579d548\"},\"headline\":\"Ingerliva Frii\u00f8 stiller op for Enhedslisten\",\"datePublished\":\"2021-04-28T10:45:31+00:00\",\"dateModified\":\"2024-08-07T12:45:53+00:00\",\"mainEntityOfPage\":{\"@id\":\"https:\/\/kunmedierne.dk\/mors\/ingerliva-friioe-stiller-op-for-enhedslisten\/\"},\"wordCount\":425,\"commentCount\":0,\"publisher\":{\"@id\":\"https:\/\/kunmedierne.dk\/mors\/#organization\"},\"image\":{\"@id\":\"https:\/\/kunmedierne.dk\/mors\/ingerliva-friioe-stiller-op-for-enhedslisten\/#primaryimage\"},\"thumbnailUrl\":\"https:\/\/kunmedierne.dk\/mors\/wp-content\/uploads\/2021\/04\/ingerliva-frii\u00f82-1.jpg\",\"keywords\":[\"Politik\"],\"articleSection\":[\"Lokalt\"],\"inLanguage\":\"da-DK\",\"potentialAction\":[{\"@type\":\"CommentAction\",\"name\":\"Comment\",\"target\":[\"https:\/\/kunmedierne.dk\/mors\/ingerliva-friioe-stiller-op-for-enhedslisten\/#respond\"]}]},{\"@type\":\"WebPage\",\"@id\":\"https:\/\/kunmedierne.dk\/mors\/ingerliva-friioe-stiller-op-for-enhedslisten\/\",\"url\":\"https:\/\/kunmedierne.dk\/mors\/ingerliva-friioe-stiller-op-for-enhedslisten\/\",\"name\":\"Ingerliva Frii\u00f8 stiller op for Enhedslisten - Mors\",\"isPartOf\":{\"@id\":\"https:\/\/kunmedierne.dk\/mors\/#website\"},\"primaryImageOfPage\":{\"@id\":\"https:\/\/kunmedierne.dk\/mors\/ingerliva-friioe-stiller-op-for-enhedslisten\/#primaryimage\"},\"image\":{\"@id\":\"https:\/\/kunmedierne.dk\/mors\/ingerliva-friioe-stiller-op-for-enhedslisten\/#primaryimage\"},\"thumbnailUrl\":\"https:\/\/kunmedierne.dk\/mors\/wp-content\/uploads\/2021\/04\/ingerliva-frii\u00f82-1.jpg\",\"datePublished\":\"2021-04-28T10:45:31+00:00\",\"dateModified\":\"2024-08-07T12:45:53+00:00\",\"breadcrumb\":{\"@id\":\"https:\/\/kunmedierne.dk\/mors\/ingerliva-friioe-stiller-op-for-enhedslisten\/#breadcrumb\"},\"inLanguage\":\"da-DK\",\"potentialAction\":[{\"@type\":\"ReadAction\",\"target\":[\"https:\/\/kunmedierne.dk\/mors\/ingerliva-friioe-stiller-op-for-enhedslisten\/\"]}]},{\"@type\":\"ImageObject\",\"inLanguage\":\"da-DK\",\"@id\":\"https:\/\/kunmedierne.dk\/mors\/ingerliva-friioe-stiller-op-for-enhedslisten\/#primaryimage\",\"url\":\"https:\/\/kunmedierne.dk\/mors\/wp-content\/uploads\/2021\/04\/ingerliva-frii\u00f82-1.jpg\",\"contentUrl\":\"https:\/\/kunmedierne.dk\/mors\/wp-content\/uploads\/2021\/04\/ingerliva-frii\u00f82-1.jpg\",\"width\":770,\"height\":513,\"caption\":\"Ingerliva Frii\u00f8 vil i kommunalbestyrelsen.\"},{\"@type\":\"BreadcrumbList\",\"@id\":\"https:\/\/kunmedierne.dk\/mors\/ingerliva-friioe-stiller-op-for-enhedslisten\/#breadcrumb\",\"itemListElement\":[{\"@type\":\"ListItem\",\"position\":1,\"name\":\"Hjem\",\"item\":\"https:\/\/kunmedierne.dk\/mors\/\"},{\"@type\":\"ListItem\",\"position\":2,\"name\":\"Ingerliva Frii\u00f8 stiller op for Enhedslisten\"}]},{\"@type\":\"WebSite\",\"@id\":\"https:\/\/kunmedierne.dk\/mors\/#website\",\"url\":\"https:\/\/kunmedierne.dk\/mors\/\",\"name\":\"Mors\",\"description\":\"et netmedie med journalistik om livet p\u00e5 Mors\",\"publisher\":{\"@id\":\"https:\/\/kunmedierne.dk\/mors\/#organization\"},\"potentialAction\":[{\"@type\":\"SearchAction\",\"target\":{\"@type\":\"EntryPoint\",\"urlTemplate\":\"https:\/\/kunmedierne.dk\/mors\/?s={search_term_string}\"},\"query-input\":{\"@type\":\"PropertyValueSpecification\",\"valueRequired\":true,\"valueName\":\"search_term_string\"}}],\"inLanguage\":\"da-DK\"},{\"@type\":\"Organization\",\"@id\":\"https:\/\/kunmedierne.dk\/mors\/#organization\",\"name\":\"Mors\",\"url\":\"https:\/\/kunmedierne.dk\/mors\/\",\"logo\":{\"@type\":\"ImageObject\",\"inLanguage\":\"da-DK\",\"@id\":\"https:\/\/kunmedierne.dk\/mors\/#\/schema\/logo\/image\/\",\"url\":\"https:\/\/kunmedierne.dk\/mors\/wp-content\/uploads\/2024\/08\/kunmors-logo.svg\",\"contentUrl\":\"https:\/\/kunmedierne.dk\/mors\/wp-content\/uploads\/2024\/08\/kunmors-logo.svg\",\"caption\":\"Mors\"},\"image\":{\"@id\":\"https:\/\/kunmedierne.dk\/mors\/#\/schema\/logo\/image\/\"}},{\"@type\":\"Person\",\"@id\":\"https:\/\/kunmedierne.dk\/mors\/#\/schema\/person\/5fe23251bf1d0abbcdc6f7896579d548\",\"name\":\"David H\u00f8jmark\",\"image\":{\"@type\":\"ImageObject\",\"inLanguage\":\"da-DK\",\"@id\":\"https:\/\/kunmedierne.dk\/mors\/#\/schema\/person\/image\/\",\"url\":\"https:\/\/secure.gravatar.com\/avatar\/4315d6fb9ef244d729989f5f90268eb08d5bf8a3d84402f595fa194bb35784fd?s=96&d=mm&r=g\",\"contentUrl\":\"https:\/\/secure.gravatar.com\/avatar\/4315d6fb9ef244d729989f5f90268eb08d5bf8a3d84402f595fa194bb35784fd?s=96&d=mm&r=g\",\"caption\":\"David H\u00f8jmark\"},\"sameAs\":[\"https:\/\/www.kunmedierne.dk\"],\"url\":\"https:\/\/kunmedierne.dk\/mors\/author\/david\/\"}]}<\/script>\n<!-- \/ Yoast SEO plugin. -->","yoast_head_json":{"title":"Ingerliva Frii\u00f8 stiller op for Enhedslisten - Mors","robots":{"index":"index","follow":"follow","max-snippet":"max-snippet:-1","max-image-preview":"max-image-preview:large","max-video-preview":"max-video-preview:-1"},"canonical":"https:\/\/kunmedierne.dk\/mors\/ingerliva-friioe-stiller-op-for-enhedslisten\/","og_locale":"da_DK","og_type":"article","og_title":"Ingerliva Frii\u00f8 stiller op for Enhedslisten - Mors","og_description":"MORS: Hun har allerede gjort sig bem\u00e6rket med debatindl\u00e6g om s\u00e5rbare og udsatte, og nu melder Ingerliva Frii\u00f8 sig ogs\u00e5 klar til at k\u00e6mpe for dem politisk. Enhedslisten Mors har onsdag pr\u00e6senteret hende som kandidat til efter\u00e5rets valg. \u201cDet er f\u00f8rst for nylig, at jeg er blevet aktiv i mit politiske parti. Jeg kunne ikke [&hellip;]","og_url":"https:\/\/kunmedierne.dk\/mors\/ingerliva-friioe-stiller-op-for-enhedslisten\/","og_site_name":"Mors","article_published_time":"2021-04-28T10:45:31+00:00","article_modified_time":"2024-08-07T12:45:53+00:00","og_image":[{"width":770,"height":513,"url":"https:\/\/kunmedierne.dk\/mors\/wp-content\/uploads\/2021\/04\/ingerliva-frii\u00f82-1.jpg","type":"image\/jpeg"}],"author":"David H\u00f8jmark","twitter_card":"summary_large_image","twitter_misc":{"Skrevet af":"David H\u00f8jmark","Estimeret l\u00e6setid":"2 minutter"},"schema":{"@context":"https:\/\/schema.org","@graph":[{"@type":"Article","@id":"https:\/\/kunmedierne.dk\/mors\/ingerliva-friioe-stiller-op-for-enhedslisten\/#article","isPartOf":{"@id":"https:\/\/kunmedierne.dk\/mors\/ingerliva-friioe-stiller-op-for-enhedslisten\/"},"author":{"name":"David H\u00f8jmark","@id":"https:\/\/kunmedierne.dk\/mors\/#\/schema\/person\/5fe23251bf1d0abbcdc6f7896579d548"},"headline":"Ingerliva Frii\u00f8 stiller op for Enhedslisten","datePublished":"2021-04-28T10:45:31+00:00","dateModified":"2024-08-07T12:45:53+00:00","mainEntityOfPage":{"@id":"https:\/\/kunmedierne.dk\/mors\/ingerliva-friioe-stiller-op-for-enhedslisten\/"},"wordCount":425,"commentCount":0,"publisher":{"@id":"https:\/\/kunmedierne.dk\/mors\/#organization"},"image":{"@id":"https:\/\/kunmedierne.dk\/mors\/ingerliva-friioe-stiller-op-for-enhedslisten\/#primaryimage"},"thumbnailUrl":"https:\/\/kunmedierne.dk\/mors\/wp-content\/uploads\/2021\/04\/ingerliva-frii\u00f82-1.jpg","keywords":["Politik"],"articleSection":["Lokalt"],"inLanguage":"da-DK","potentialAction":[{"@type":"CommentAction","name":"Comment","target":["https:\/\/kunmedierne.dk\/mors\/ingerliva-friioe-stiller-op-for-enhedslisten\/#respond"]}]},{"@type":"WebPage","@id":"https:\/\/kunmedierne.dk\/mors\/ingerliva-friioe-stiller-op-for-enhedslisten\/","url":"https:\/\/kunmedierne.dk\/mors\/ingerliva-friioe-stiller-op-for-enhedslisten\/","name":"Ingerliva Frii\u00f8 stiller op for Enhedslisten - Mors","isPartOf":{"@id":"https:\/\/kunmedierne.dk\/mors\/#website"},"primaryImageOfPage":{"@id":"https:\/\/kunmedierne.dk\/mors\/ingerliva-friioe-stiller-op-for-enhedslisten\/#primaryimage"},"image":{"@id":"https:\/\/kunmedierne.dk\/mors\/ingerliva-friioe-stiller-op-for-enhedslisten\/#primaryimage"},"thumbnailUrl":"https:\/\/kunmedierne.dk\/mors\/wp-content\/uploads\/2021\/04\/ingerliva-frii\u00f82-1.jpg","datePublished":"2021-04-28T10:45:31+00:00","dateModified":"2024-08-07T12:45:53+00:00","breadcrumb":{"@id":"https:\/\/kunmedierne.dk\/mors\/ingerliva-friioe-stiller-op-for-enhedslisten\/#breadcrumb"},"inLanguage":"da-DK","potentialAction":[{"@type":"ReadAction","target":["https:\/\/kunmedierne.dk\/mors\/ingerliva-friioe-stiller-op-for-enhedslisten\/"]}]},{"@type":"ImageObject","inLanguage":"da-DK","@id":"https:\/\/kunmedierne.dk\/mors\/ingerliva-friioe-stiller-op-for-enhedslisten\/#primaryimage","url":"https:\/\/kunmedierne.dk\/mors\/wp-content\/uploads\/2021\/04\/ingerliva-frii\u00f82-1.jpg","contentUrl":"https:\/\/kunmedierne.dk\/mors\/wp-content\/uploads\/2021\/04\/ingerliva-frii\u00f82-1.jpg","width":770,"height":513,"caption":"Ingerliva Frii\u00f8 vil i kommunalbestyrelsen."},{"@type":"BreadcrumbList","@id":"https:\/\/kunmedierne.dk\/mors\/ingerliva-friioe-stiller-op-for-enhedslisten\/#breadcrumb","itemListElement":[{"@type":"ListItem","position":1,"name":"Hjem","item":"https:\/\/kunmedierne.dk\/mors\/"},{"@type":"ListItem","position":2,"name":"Ingerliva Frii\u00f8 stiller op for Enhedslisten"}]},{"@type":"WebSite","@id":"https:\/\/kunmedierne.dk\/mors\/#website","url":"https:\/\/kunmedierne.dk\/mors\/","name":"Mors","description":"et netmedie med journalistik om livet p\u00e5 Mors","publisher":{"@id":"https:\/\/kunmedierne.dk\/mors\/#organization"},"potentialAction":[{"@type":"SearchAction","target":{"@type":"EntryPoint","urlTemplate":"https:\/\/kunmedierne.dk\/mors\/?s={search_term_string}"},"query-input":{"@type":"PropertyValueSpecification","valueRequired":true,"valueName":"search_term_string"}}],"inLanguage":"da-DK"},{"@type":"Organization","@id":"https:\/\/kunmedierne.dk\/mors\/#organization","name":"Mors","url":"https:\/\/kunmedierne.dk\/mors\/","logo":{"@type":"ImageObject","inLanguage":"da-DK","@id":"https:\/\/kunmedierne.dk\/mors\/#\/schema\/logo\/image\/","url":"https:\/\/kunmedierne.dk\/mors\/wp-content\/uploads\/2024\/08\/kunmors-logo.svg","contentUrl":"https:\/\/kunmedierne.dk\/mors\/wp-content\/uploads\/2024\/08\/kunmors-logo.svg","caption":"Mors"},"image":{"@id":"https:\/\/kunmedierne.dk\/mors\/#\/schema\/logo\/image\/"}},{"@type":"Person","@id":"https:\/\/kunmedierne.dk\/mors\/#\/schema\/person\/5fe23251bf1d0abbcdc6f7896579d548","name":"David H\u00f8jmark","image":{"@type":"ImageObject","inLanguage":"da-DK","@id":"https:\/\/kunmedierne.dk\/mors\/#\/schema\/person\/image\/","url":"https:\/\/secure.gravatar.com\/avatar\/4315d6fb9ef244d729989f5f90268eb08d5bf8a3d84402f595fa194bb35784fd?s=96&d=mm&r=g","contentUrl":"https:\/\/secure.gravatar.com\/avatar\/4315d6fb9ef244d729989f5f90268eb08d5bf8a3d84402f595fa194bb35784fd?s=96&d=mm&r=g","caption":"David H\u00f8jmark"},"sameAs":["https:\/\/www.kunmedierne.dk"],"url":"https:\/\/kunmedierne.dk\/mors\/author\/david\/"}]}},"_links":{"self":[{"href":"https:\/\/kunmedierne.dk\/mors\/wp-json\/wp\/v2\/posts\/44120","targetHints":{"allow":["GET"]}}],"collection":[{"href":"https:\/\/kunmedierne.dk\/mors\/wp-json\/wp\/v2\/posts"}],"about":[{"href":"https:\/\/kunmedierne.dk\/mors\/wp-json\/wp\/v2\/types\/post"}],"author":[{"embeddable":true,"href":"https:\/\/kunmedierne.dk\/mors\/wp-json\/wp\/v2\/users\/8"}],"replies":[{"embeddable":true,"href":"https:\/\/kunmedierne.dk\/mors\/wp-json\/wp\/v2\/comments?post=44120"}],"version-history":[{"count":2,"href":"https:\/\/kunmedierne.dk\/mors\/wp-json\/wp\/v2\/posts\/44120\/revisions"}],"predecessor-version":[{"id":44124,"href":"https:\/\/kunmedierne.dk\/mors\/wp-json\/wp\/v2\/posts\/44120\/revisions\/44124"}],"wp:featuredmedia":[{"embeddable":true,"href":"https:\/\/kunmedierne.dk\/mors\/wp-json\/wp\/v2\/media\/44123"}],"wp:attachment":[{"href":"https:\/\/kunmedierne.dk\/mors\/wp-json\/wp\/v2\/media?parent=44120"}],"wp:term":[{"taxonomy":"category","embeddable":true,"href":"https:\/\/kunmedierne.dk\/mors\/wp-json\/wp\/v2\/categories?post=44120"},{"taxonomy":"post_tag","embeddable":true,"href":"https:\/\/kunmedierne.dk\/mors\/wp-json\/wp\/v2\/tags?post=44120"}],"curies":[{"name":"wp","href":"https:\/\/api.w.org\/{rel}","templated":true}]}}