{"id":43860,"date":"2021-04-23T16:20:20","date_gmt":"2021-04-23T14:20:20","guid":{"rendered":"https:\/\/kunmedierne.dk\/mors\/?p=43860"},"modified":"2024-08-07T14:45:54","modified_gmt":"2024-08-07T12:45:54","slug":"faelles-komite-vil-kaempe-for-prioriteringen-af-trafikudvidelse","status":"publish","type":"post","link":"https:\/\/kunmedierne.dk\/mors\/faelles-komite-vil-kaempe-for-prioriteringen-af-trafikudvidelse\/","title":{"rendered":"\u00a0F\u00e6lles komit\u00e9 vil k\u00e6mpe for prioriteringen af trafikudvidelse"},"content":{"rendered":"<p><strong>MORS<\/strong>: Udsigten til udvidelser for 1,8 milliarder kroner og st\u00f8rstedelen af sine \u00f8nsker opfyldt om en udvidelse af Rute 26 og 34 f\u00e5r ikke komit\u00e9en, der har k\u00e6mpet for det, til at g\u00f8re holdt.<\/p>\n<p>Et par uger efter, at regeringens trafikudspil gav b\u00e5de politisk og erhvervsm\u00e6ssig begejstring lokalt, melder formandsskabet i Komit\u00e9en for udvidelse af Rute 26 og Rute 34 ud, hvad fokus nu bliver: Vejstr\u00e6kningen fra Hanstholm til Herning skal prioriteres op i regeringens investeringsplan for de n\u00e6ste 15 \u00e5r. <a href=\"https:\/\/www.sparnord.dk\/filialer\/nykoebing-mors\/\"><img loading=\"lazy\" decoding=\"async\" class=\"alignright size-full wp-image-42301\" src=\"https:\/\/kunmedierne.dk\/mors\/wp-content\/uploads\/2021\/03\/te4.jpg\" alt=\"\" width=\"1400\" height=\"123\" srcset=\"https:\/\/kunmedierne.dk\/mors\/wp-content\/uploads\/2021\/03\/te4.jpg 1400w, https:\/\/kunmedierne.dk\/mors\/wp-content\/uploads\/2021\/03\/te4-300x26.jpg 300w, https:\/\/kunmedierne.dk\/mors\/wp-content\/uploads\/2021\/03\/te4-1024x90.jpg 1024w, https:\/\/kunmedierne.dk\/mors\/wp-content\/uploads\/2021\/03\/te4-768x67.jpg 768w, https:\/\/kunmedierne.dk\/mors\/wp-content\/uploads\/2021\/03\/te4-600x53.jpg 600w\" sizes=\"auto, (max-width: 1400px) 100vw, 1400px\" \/><\/a><\/p>\n<p>Det er nemlig den ubekendte faktor: Hvorn\u00e5r g\u00e5r de forskellige trafikprojekter i gang?<\/p>\n<p>Komit\u00e9ens formandskab, der er sammensat af kommunerne Mors\u00f8, Thisted, Skive og Herning, s\u00e6tter i en pressemeddelelse ord p\u00e5, hvordan de nu vil prioritere indsatsen.<\/p>\n<p>\u201dVi har vundet f\u00f8rste halvleg, og det er yderst tilfredsstillende, at en f\u00e6lles indsats mellem kommuner og erhvervsliv p\u00e5 den m\u00e5de f\u00e5r massiv politisk opm\u00e6rksomhed. Men kampen er ikke slut, og for os er det vigtigt, at de h\u00e5rdt tiltr\u00e6ngte udvidelser af Rute 26 og 34 s\u00e6ttes i gang s\u00e5 hurtigt som overhovedet muligt. Desuden skal vi have str\u00e6kningen fra Sallingsund til Skive med i planerne for at skabe et sammenh\u00e6ngende forl\u00f8b.&#8221; <a href=\"https:\/\/www.braendselsforeningen.dk\/\"><img loading=\"lazy\" decoding=\"async\" class=\"alignright size-full wp-image-42314\" src=\"https:\/\/kunmedierne.dk\/mors\/wp-content\/uploads\/2021\/03\/te6.jpg\" alt=\"\" width=\"1425\" height=\"127\" srcset=\"https:\/\/kunmedierne.dk\/mors\/wp-content\/uploads\/2021\/03\/te6.jpg 1425w, https:\/\/kunmedierne.dk\/mors\/wp-content\/uploads\/2021\/03\/te6-300x27.jpg 300w, https:\/\/kunmedierne.dk\/mors\/wp-content\/uploads\/2021\/03\/te6-1024x91.jpg 1024w, https:\/\/kunmedierne.dk\/mors\/wp-content\/uploads\/2021\/03\/te6-768x68.jpg 768w, https:\/\/kunmedierne.dk\/mors\/wp-content\/uploads\/2021\/03\/te6-600x53.jpg 600w\" sizes=\"auto, (max-width: 1425px) 100vw, 1425px\" \/><\/a><\/p>\n<p>Komit\u00e9en beskriver dette omr\u00e5de som regul\u00e6rt udsultet, hvad ang\u00e5r statslige investeringer i infrastruktur.<\/p>\n<p>&#8220;Derfor m\u00e6rker vores virksomheder, pendlere og andre trafikanter hver dag det eftersl\u00e6b, det statslige vejnet i vores landsdel b\u00e6rer pr\u00e6g af. Det haster virkelig med at f\u00e5 de n\u00f8dvendige vejudvidelser, b\u00e5de af hensyn til fremkommelighed, virksomhedernes v\u00e6kst og trafiksikkerheden,&#8221; hedder det i pressemeddelelsen.<\/p>\n<p>&nbsp;<\/p>\n<p><strong>Lokale projekter for 1,8 mia. kr.<\/strong><\/p>\n<p>Det fremg\u00e5r af regeringens udspil, at Rute 26 fra Hanstholm til Sallingsundbroen skal udvides og udbygges med 2+1-str\u00e6kninger. Desuden opgraderes det s\u00e5kaldte vejh\u00e6ngsel d\u00e9r, hvor Rute 26 m\u00f8der Rute 11 ved Sundby Thy. Samlet afs\u00e6ttes der cirka 700 mio. kroner til udvidelserne af Rute 26.<\/p>\n<p>Rute 34 udvides fra Haderup og op til det nordlige Skive.<\/p>\n<p>&#8220;En str\u00e6kning, som er meget smal og som dagligt byder p\u00e5 risikable situationer, n\u00e5r store lastbiler skal passere hinanden. Str\u00e6kningen er med 900 lastbiler i d\u00f8gnet en af de veje i Danmark, der er mest belastet af tung trafik,&#8221; skriver komit\u00e9en i pressemeddelelsen. <a href=\"http:\/\/www.limfjordsteatret.dk\/#front\"><img loading=\"lazy\" decoding=\"async\" class=\"alignright size-full wp-image-42313\" src=\"https:\/\/kunmedierne.dk\/mors\/wp-content\/uploads\/2021\/03\/te5.jpg\" alt=\"\" width=\"1400\" height=\"125\" srcset=\"https:\/\/kunmedierne.dk\/mors\/wp-content\/uploads\/2021\/03\/te5.jpg 1400w, https:\/\/kunmedierne.dk\/mors\/wp-content\/uploads\/2021\/03\/te5-300x27.jpg 300w, https:\/\/kunmedierne.dk\/mors\/wp-content\/uploads\/2021\/03\/te5-1024x91.jpg 1024w, https:\/\/kunmedierne.dk\/mors\/wp-content\/uploads\/2021\/03\/te5-768x69.jpg 768w, https:\/\/kunmedierne.dk\/mors\/wp-content\/uploads\/2021\/03\/te5-600x54.jpg 600w\" sizes=\"auto, (max-width: 1400px) 100vw, 1400px\" \/><\/a><\/p>\n<p>Samlet afs\u00e6ttes der i udspillet 1,1 mia. kr. til udvidelsen af Rute 34. Str\u00e6kningen var ogs\u00e5 med i det udspil, den tidligere s\u00e5kaldte VLAK-regering kom med i for\u00e5ret 2019. Her var der afsat 630 mio. kr. til Rute 34, men i det aktuelle regeringsudspil forl\u00e6nges udvidelsen med et nyt vejforl\u00f8b nord og vest for Skive by.<\/p>\n<p>Formandskabet i komit\u00e9en best\u00e5r af borgmester Hans Ejner Bertelsen (V), Mors\u00f8 Kommune, borgmester Ulla Vestergaard (S), Thisted Kommune, borgmester Peder Chr. Kirkegaard (V), Skive Kommune samt 1. viceborgmester Anne Mette Bang Rasmussen (V), Herning Kommune.<\/p>\n","protected":false},"excerpt":{"rendered":"<p>MORS: Udsigten til udvidelser for 1,8 milliarder kroner og st\u00f8rstedelen af sine \u00f8nsker opfyldt om en udvidelse af Rute 26 og 34 f\u00e5r ikke komit\u00e9en, der har k\u00e6mpet for det, til at g\u00f8re holdt. Et par uger efter, at regeringens trafikudspil gav b\u00e5de politisk og erhvervsm\u00e6ssig begejstring lokalt, melder formandsskabet i Komit\u00e9en for udvidelse af [&hellip;]<\/p>\n","protected":false},"author":8,"featured_media":22118,"comment_status":"open","ping_status":"open","sticky":false,"template":"","format":"standard","meta":{"_acf_changed":false,"footnotes":""},"categories":[51],"tags":[159,167],"class_list":["post-43860","post","type-post","status-publish","format-standard","has-post-thumbnail","hentry","category-lokalt","tag-erhverv","tag-politik"],"acf":[],"yoast_head":"<!-- This site is optimized with the Yoast SEO plugin v26.8 - https:\/\/yoast.com\/product\/yoast-seo-wordpress\/ -->\n<title>\u00a0F\u00e6lles komit\u00e9 vil k\u00e6mpe for prioriteringen af trafikudvidelse - Mors<\/title>\n<meta name=\"robots\" content=\"index, follow, max-snippet:-1, max-image-preview:large, max-video-preview:-1\" \/>\n<link rel=\"canonical\" href=\"https:\/\/kunmedierne.dk\/mors\/faelles-komite-vil-kaempe-for-prioriteringen-af-trafikudvidelse\/\" \/>\n<meta property=\"og:locale\" content=\"da_DK\" \/>\n<meta property=\"og:type\" content=\"article\" \/>\n<meta property=\"og:title\" content=\"\u00a0F\u00e6lles komit\u00e9 vil k\u00e6mpe for prioriteringen af trafikudvidelse - Mors\" \/>\n<meta property=\"og:description\" content=\"MORS: Udsigten til udvidelser for 1,8 milliarder kroner og st\u00f8rstedelen af sine \u00f8nsker opfyldt om en udvidelse af Rute 26 og 34 f\u00e5r ikke komit\u00e9en, der har k\u00e6mpet for det, til at g\u00f8re holdt. Et par uger efter, at regeringens trafikudspil gav b\u00e5de politisk og erhvervsm\u00e6ssig begejstring lokalt, melder formandsskabet i Komit\u00e9en for udvidelse af [&hellip;]\" \/>\n<meta property=\"og:url\" content=\"https:\/\/kunmedierne.dk\/mors\/faelles-komite-vil-kaempe-for-prioriteringen-af-trafikudvidelse\/\" \/>\n<meta property=\"og:site_name\" content=\"Mors\" \/>\n<meta property=\"article:published_time\" content=\"2021-04-23T14:20:20+00:00\" \/>\n<meta property=\"article:modified_time\" content=\"2024-08-07T12:45:54+00:00\" \/>\n<meta property=\"og:image\" content=\"https:\/\/kunmedierne.dk\/mors\/wp-content\/uploads\/2020\/05\/screendump.jpg\" \/>\n\t<meta property=\"og:image:width\" content=\"770\" \/>\n\t<meta property=\"og:image:height\" content=\"514\" \/>\n\t<meta property=\"og:image:type\" content=\"image\/jpeg\" \/>\n<meta name=\"author\" content=\"David H\u00f8jmark\" \/>\n<meta name=\"twitter:card\" content=\"summary_large_image\" \/>\n<meta name=\"twitter:label1\" content=\"Skrevet af\" \/>\n\t<meta name=\"twitter:data1\" content=\"David H\u00f8jmark\" \/>\n\t<meta name=\"twitter:label2\" content=\"Estimeret l\u00e6setid\" \/>\n\t<meta name=\"twitter:data2\" content=\"2 minutter\" \/>\n<script type=\"application\/ld+json\" class=\"yoast-schema-graph\">{\"@context\":\"https:\/\/schema.org\",\"@graph\":[{\"@type\":\"Article\",\"@id\":\"https:\/\/kunmedierne.dk\/mors\/faelles-komite-vil-kaempe-for-prioriteringen-af-trafikudvidelse\/#article\",\"isPartOf\":{\"@id\":\"https:\/\/kunmedierne.dk\/mors\/faelles-komite-vil-kaempe-for-prioriteringen-af-trafikudvidelse\/\"},\"author\":{\"name\":\"David H\u00f8jmark\",\"@id\":\"https:\/\/kunmedierne.dk\/mors\/#\/schema\/person\/5fe23251bf1d0abbcdc6f7896579d548\"},\"headline\":\"\u00a0F\u00e6lles komit\u00e9 vil k\u00e6mpe for prioriteringen af trafikudvidelse\",\"datePublished\":\"2021-04-23T14:20:20+00:00\",\"dateModified\":\"2024-08-07T12:45:54+00:00\",\"mainEntityOfPage\":{\"@id\":\"https:\/\/kunmedierne.dk\/mors\/faelles-komite-vil-kaempe-for-prioriteringen-af-trafikudvidelse\/\"},\"wordCount\":487,\"commentCount\":0,\"publisher\":{\"@id\":\"https:\/\/kunmedierne.dk\/mors\/#organization\"},\"image\":{\"@id\":\"https:\/\/kunmedierne.dk\/mors\/faelles-komite-vil-kaempe-for-prioriteringen-af-trafikudvidelse\/#primaryimage\"},\"thumbnailUrl\":\"https:\/\/kunmedierne.dk\/mors\/wp-content\/uploads\/2020\/05\/screendump.jpg\",\"keywords\":[\"Erhverv\",\"Politik\"],\"articleSection\":[\"Lokalt\"],\"inLanguage\":\"da-DK\",\"potentialAction\":[{\"@type\":\"CommentAction\",\"name\":\"Comment\",\"target\":[\"https:\/\/kunmedierne.dk\/mors\/faelles-komite-vil-kaempe-for-prioriteringen-af-trafikudvidelse\/#respond\"]}]},{\"@type\":\"WebPage\",\"@id\":\"https:\/\/kunmedierne.dk\/mors\/faelles-komite-vil-kaempe-for-prioriteringen-af-trafikudvidelse\/\",\"url\":\"https:\/\/kunmedierne.dk\/mors\/faelles-komite-vil-kaempe-for-prioriteringen-af-trafikudvidelse\/\",\"name\":\"\u00a0F\u00e6lles komit\u00e9 vil k\u00e6mpe for prioriteringen af trafikudvidelse - Mors\",\"isPartOf\":{\"@id\":\"https:\/\/kunmedierne.dk\/mors\/#website\"},\"primaryImageOfPage\":{\"@id\":\"https:\/\/kunmedierne.dk\/mors\/faelles-komite-vil-kaempe-for-prioriteringen-af-trafikudvidelse\/#primaryimage\"},\"image\":{\"@id\":\"https:\/\/kunmedierne.dk\/mors\/faelles-komite-vil-kaempe-for-prioriteringen-af-trafikudvidelse\/#primaryimage\"},\"thumbnailUrl\":\"https:\/\/kunmedierne.dk\/mors\/wp-content\/uploads\/2020\/05\/screendump.jpg\",\"datePublished\":\"2021-04-23T14:20:20+00:00\",\"dateModified\":\"2024-08-07T12:45:54+00:00\",\"breadcrumb\":{\"@id\":\"https:\/\/kunmedierne.dk\/mors\/faelles-komite-vil-kaempe-for-prioriteringen-af-trafikudvidelse\/#breadcrumb\"},\"inLanguage\":\"da-DK\",\"potentialAction\":[{\"@type\":\"ReadAction\",\"target\":[\"https:\/\/kunmedierne.dk\/mors\/faelles-komite-vil-kaempe-for-prioriteringen-af-trafikudvidelse\/\"]}]},{\"@type\":\"ImageObject\",\"inLanguage\":\"da-DK\",\"@id\":\"https:\/\/kunmedierne.dk\/mors\/faelles-komite-vil-kaempe-for-prioriteringen-af-trafikudvidelse\/#primaryimage\",\"url\":\"https:\/\/kunmedierne.dk\/mors\/wp-content\/uploads\/2020\/05\/screendump.jpg\",\"contentUrl\":\"https:\/\/kunmedierne.dk\/mors\/wp-content\/uploads\/2020\/05\/screendump.jpg\",\"width\":770,\"height\":514,\"caption\":\"Screendump fra rute26-34.dk.\"},{\"@type\":\"BreadcrumbList\",\"@id\":\"https:\/\/kunmedierne.dk\/mors\/faelles-komite-vil-kaempe-for-prioriteringen-af-trafikudvidelse\/#breadcrumb\",\"itemListElement\":[{\"@type\":\"ListItem\",\"position\":1,\"name\":\"Hjem\",\"item\":\"https:\/\/kunmedierne.dk\/mors\/\"},{\"@type\":\"ListItem\",\"position\":2,\"name\":\"\u00a0F\u00e6lles komit\u00e9 vil k\u00e6mpe for prioriteringen af trafikudvidelse\"}]},{\"@type\":\"WebSite\",\"@id\":\"https:\/\/kunmedierne.dk\/mors\/#website\",\"url\":\"https:\/\/kunmedierne.dk\/mors\/\",\"name\":\"Mors\",\"description\":\"et netmedie med journalistik om livet p\u00e5 Mors\",\"publisher\":{\"@id\":\"https:\/\/kunmedierne.dk\/mors\/#organization\"},\"potentialAction\":[{\"@type\":\"SearchAction\",\"target\":{\"@type\":\"EntryPoint\",\"urlTemplate\":\"https:\/\/kunmedierne.dk\/mors\/?s={search_term_string}\"},\"query-input\":{\"@type\":\"PropertyValueSpecification\",\"valueRequired\":true,\"valueName\":\"search_term_string\"}}],\"inLanguage\":\"da-DK\"},{\"@type\":\"Organization\",\"@id\":\"https:\/\/kunmedierne.dk\/mors\/#organization\",\"name\":\"Mors\",\"url\":\"https:\/\/kunmedierne.dk\/mors\/\",\"logo\":{\"@type\":\"ImageObject\",\"inLanguage\":\"da-DK\",\"@id\":\"https:\/\/kunmedierne.dk\/mors\/#\/schema\/logo\/image\/\",\"url\":\"https:\/\/kunmedierne.dk\/mors\/wp-content\/uploads\/2024\/08\/kunmors-logo.svg\",\"contentUrl\":\"https:\/\/kunmedierne.dk\/mors\/wp-content\/uploads\/2024\/08\/kunmors-logo.svg\",\"caption\":\"Mors\"},\"image\":{\"@id\":\"https:\/\/kunmedierne.dk\/mors\/#\/schema\/logo\/image\/\"}},{\"@type\":\"Person\",\"@id\":\"https:\/\/kunmedierne.dk\/mors\/#\/schema\/person\/5fe23251bf1d0abbcdc6f7896579d548\",\"name\":\"David H\u00f8jmark\",\"image\":{\"@type\":\"ImageObject\",\"inLanguage\":\"da-DK\",\"@id\":\"https:\/\/kunmedierne.dk\/mors\/#\/schema\/person\/image\/\",\"url\":\"https:\/\/secure.gravatar.com\/avatar\/4315d6fb9ef244d729989f5f90268eb08d5bf8a3d84402f595fa194bb35784fd?s=96&d=mm&r=g\",\"contentUrl\":\"https:\/\/secure.gravatar.com\/avatar\/4315d6fb9ef244d729989f5f90268eb08d5bf8a3d84402f595fa194bb35784fd?s=96&d=mm&r=g\",\"caption\":\"David H\u00f8jmark\"},\"sameAs\":[\"https:\/\/www.kunmedierne.dk\"],\"url\":\"https:\/\/kunmedierne.dk\/mors\/author\/david\/\"}]}<\/script>\n<!-- \/ Yoast SEO plugin. -->","yoast_head_json":{"title":"\u00a0F\u00e6lles komit\u00e9 vil k\u00e6mpe for prioriteringen af trafikudvidelse - Mors","robots":{"index":"index","follow":"follow","max-snippet":"max-snippet:-1","max-image-preview":"max-image-preview:large","max-video-preview":"max-video-preview:-1"},"canonical":"https:\/\/kunmedierne.dk\/mors\/faelles-komite-vil-kaempe-for-prioriteringen-af-trafikudvidelse\/","og_locale":"da_DK","og_type":"article","og_title":"\u00a0F\u00e6lles komit\u00e9 vil k\u00e6mpe for prioriteringen af trafikudvidelse - Mors","og_description":"MORS: Udsigten til udvidelser for 1,8 milliarder kroner og st\u00f8rstedelen af sine \u00f8nsker opfyldt om en udvidelse af Rute 26 og 34 f\u00e5r ikke komit\u00e9en, der har k\u00e6mpet for det, til at g\u00f8re holdt. Et par uger efter, at regeringens trafikudspil gav b\u00e5de politisk og erhvervsm\u00e6ssig begejstring lokalt, melder formandsskabet i Komit\u00e9en for udvidelse af [&hellip;]","og_url":"https:\/\/kunmedierne.dk\/mors\/faelles-komite-vil-kaempe-for-prioriteringen-af-trafikudvidelse\/","og_site_name":"Mors","article_published_time":"2021-04-23T14:20:20+00:00","article_modified_time":"2024-08-07T12:45:54+00:00","og_image":[{"width":770,"height":514,"url":"https:\/\/kunmedierne.dk\/mors\/wp-content\/uploads\/2020\/05\/screendump.jpg","type":"image\/jpeg"}],"author":"David H\u00f8jmark","twitter_card":"summary_large_image","twitter_misc":{"Skrevet af":"David H\u00f8jmark","Estimeret l\u00e6setid":"2 minutter"},"schema":{"@context":"https:\/\/schema.org","@graph":[{"@type":"Article","@id":"https:\/\/kunmedierne.dk\/mors\/faelles-komite-vil-kaempe-for-prioriteringen-af-trafikudvidelse\/#article","isPartOf":{"@id":"https:\/\/kunmedierne.dk\/mors\/faelles-komite-vil-kaempe-for-prioriteringen-af-trafikudvidelse\/"},"author":{"name":"David H\u00f8jmark","@id":"https:\/\/kunmedierne.dk\/mors\/#\/schema\/person\/5fe23251bf1d0abbcdc6f7896579d548"},"headline":"\u00a0F\u00e6lles komit\u00e9 vil k\u00e6mpe for prioriteringen af trafikudvidelse","datePublished":"2021-04-23T14:20:20+00:00","dateModified":"2024-08-07T12:45:54+00:00","mainEntityOfPage":{"@id":"https:\/\/kunmedierne.dk\/mors\/faelles-komite-vil-kaempe-for-prioriteringen-af-trafikudvidelse\/"},"wordCount":487,"commentCount":0,"publisher":{"@id":"https:\/\/kunmedierne.dk\/mors\/#organization"},"image":{"@id":"https:\/\/kunmedierne.dk\/mors\/faelles-komite-vil-kaempe-for-prioriteringen-af-trafikudvidelse\/#primaryimage"},"thumbnailUrl":"https:\/\/kunmedierne.dk\/mors\/wp-content\/uploads\/2020\/05\/screendump.jpg","keywords":["Erhverv","Politik"],"articleSection":["Lokalt"],"inLanguage":"da-DK","potentialAction":[{"@type":"CommentAction","name":"Comment","target":["https:\/\/kunmedierne.dk\/mors\/faelles-komite-vil-kaempe-for-prioriteringen-af-trafikudvidelse\/#respond"]}]},{"@type":"WebPage","@id":"https:\/\/kunmedierne.dk\/mors\/faelles-komite-vil-kaempe-for-prioriteringen-af-trafikudvidelse\/","url":"https:\/\/kunmedierne.dk\/mors\/faelles-komite-vil-kaempe-for-prioriteringen-af-trafikudvidelse\/","name":"\u00a0F\u00e6lles komit\u00e9 vil k\u00e6mpe for prioriteringen af trafikudvidelse - Mors","isPartOf":{"@id":"https:\/\/kunmedierne.dk\/mors\/#website"},"primaryImageOfPage":{"@id":"https:\/\/kunmedierne.dk\/mors\/faelles-komite-vil-kaempe-for-prioriteringen-af-trafikudvidelse\/#primaryimage"},"image":{"@id":"https:\/\/kunmedierne.dk\/mors\/faelles-komite-vil-kaempe-for-prioriteringen-af-trafikudvidelse\/#primaryimage"},"thumbnailUrl":"https:\/\/kunmedierne.dk\/mors\/wp-content\/uploads\/2020\/05\/screendump.jpg","datePublished":"2021-04-23T14:20:20+00:00","dateModified":"2024-08-07T12:45:54+00:00","breadcrumb":{"@id":"https:\/\/kunmedierne.dk\/mors\/faelles-komite-vil-kaempe-for-prioriteringen-af-trafikudvidelse\/#breadcrumb"},"inLanguage":"da-DK","potentialAction":[{"@type":"ReadAction","target":["https:\/\/kunmedierne.dk\/mors\/faelles-komite-vil-kaempe-for-prioriteringen-af-trafikudvidelse\/"]}]},{"@type":"ImageObject","inLanguage":"da-DK","@id":"https:\/\/kunmedierne.dk\/mors\/faelles-komite-vil-kaempe-for-prioriteringen-af-trafikudvidelse\/#primaryimage","url":"https:\/\/kunmedierne.dk\/mors\/wp-content\/uploads\/2020\/05\/screendump.jpg","contentUrl":"https:\/\/kunmedierne.dk\/mors\/wp-content\/uploads\/2020\/05\/screendump.jpg","width":770,"height":514,"caption":"Screendump fra rute26-34.dk."},{"@type":"BreadcrumbList","@id":"https:\/\/kunmedierne.dk\/mors\/faelles-komite-vil-kaempe-for-prioriteringen-af-trafikudvidelse\/#breadcrumb","itemListElement":[{"@type":"ListItem","position":1,"name":"Hjem","item":"https:\/\/kunmedierne.dk\/mors\/"},{"@type":"ListItem","position":2,"name":"\u00a0F\u00e6lles komit\u00e9 vil k\u00e6mpe for prioriteringen af trafikudvidelse"}]},{"@type":"WebSite","@id":"https:\/\/kunmedierne.dk\/mors\/#website","url":"https:\/\/kunmedierne.dk\/mors\/","name":"Mors","description":"et netmedie med journalistik om livet p\u00e5 Mors","publisher":{"@id":"https:\/\/kunmedierne.dk\/mors\/#organization"},"potentialAction":[{"@type":"SearchAction","target":{"@type":"EntryPoint","urlTemplate":"https:\/\/kunmedierne.dk\/mors\/?s={search_term_string}"},"query-input":{"@type":"PropertyValueSpecification","valueRequired":true,"valueName":"search_term_string"}}],"inLanguage":"da-DK"},{"@type":"Organization","@id":"https:\/\/kunmedierne.dk\/mors\/#organization","name":"Mors","url":"https:\/\/kunmedierne.dk\/mors\/","logo":{"@type":"ImageObject","inLanguage":"da-DK","@id":"https:\/\/kunmedierne.dk\/mors\/#\/schema\/logo\/image\/","url":"https:\/\/kunmedierne.dk\/mors\/wp-content\/uploads\/2024\/08\/kunmors-logo.svg","contentUrl":"https:\/\/kunmedierne.dk\/mors\/wp-content\/uploads\/2024\/08\/kunmors-logo.svg","caption":"Mors"},"image":{"@id":"https:\/\/kunmedierne.dk\/mors\/#\/schema\/logo\/image\/"}},{"@type":"Person","@id":"https:\/\/kunmedierne.dk\/mors\/#\/schema\/person\/5fe23251bf1d0abbcdc6f7896579d548","name":"David H\u00f8jmark","image":{"@type":"ImageObject","inLanguage":"da-DK","@id":"https:\/\/kunmedierne.dk\/mors\/#\/schema\/person\/image\/","url":"https:\/\/secure.gravatar.com\/avatar\/4315d6fb9ef244d729989f5f90268eb08d5bf8a3d84402f595fa194bb35784fd?s=96&d=mm&r=g","contentUrl":"https:\/\/secure.gravatar.com\/avatar\/4315d6fb9ef244d729989f5f90268eb08d5bf8a3d84402f595fa194bb35784fd?s=96&d=mm&r=g","caption":"David H\u00f8jmark"},"sameAs":["https:\/\/www.kunmedierne.dk"],"url":"https:\/\/kunmedierne.dk\/mors\/author\/david\/"}]}},"_links":{"self":[{"href":"https:\/\/kunmedierne.dk\/mors\/wp-json\/wp\/v2\/posts\/43860","targetHints":{"allow":["GET"]}}],"collection":[{"href":"https:\/\/kunmedierne.dk\/mors\/wp-json\/wp\/v2\/posts"}],"about":[{"href":"https:\/\/kunmedierne.dk\/mors\/wp-json\/wp\/v2\/types\/post"}],"author":[{"embeddable":true,"href":"https:\/\/kunmedierne.dk\/mors\/wp-json\/wp\/v2\/users\/8"}],"replies":[{"embeddable":true,"href":"https:\/\/kunmedierne.dk\/mors\/wp-json\/wp\/v2\/comments?post=43860"}],"version-history":[{"count":4,"href":"https:\/\/kunmedierne.dk\/mors\/wp-json\/wp\/v2\/posts\/43860\/revisions"}],"predecessor-version":[{"id":47850,"href":"https:\/\/kunmedierne.dk\/mors\/wp-json\/wp\/v2\/posts\/43860\/revisions\/47850"}],"wp:featuredmedia":[{"embeddable":true,"href":"https:\/\/kunmedierne.dk\/mors\/wp-json\/wp\/v2\/media\/22118"}],"wp:attachment":[{"href":"https:\/\/kunmedierne.dk\/mors\/wp-json\/wp\/v2\/media?parent=43860"}],"wp:term":[{"taxonomy":"category","embeddable":true,"href":"https:\/\/kunmedierne.dk\/mors\/wp-json\/wp\/v2\/categories?post=43860"},{"taxonomy":"post_tag","embeddable":true,"href":"https:\/\/kunmedierne.dk\/mors\/wp-json\/wp\/v2\/tags?post=43860"}],"curies":[{"name":"wp","href":"https:\/\/api.w.org\/{rel}","templated":true}]}}