{"id":43795,"date":"2021-04-22T16:40:45","date_gmt":"2021-04-22T14:40:45","guid":{"rendered":"https:\/\/kunmedierne.dk\/mors\/?p=43795"},"modified":"2024-08-07T14:45:55","modified_gmt":"2024-08-07T12:45:55","slug":"krimiforfatter-fra-froeslev-stiller-op-for-venstre","status":"publish","type":"post","link":"https:\/\/kunmedierne.dk\/mors\/krimiforfatter-fra-froeslev-stiller-op-for-venstre\/","title":{"rendered":"Krimiforfatter fra Fr\u00f8slev stiller op for Venstre"},"content":{"rendered":"<p><strong>FR\u00d8SLEV<\/strong>: Venstre har igen pr\u00e6senteret en lokal kandidat til kommunalvalget 16. november.<\/p>\n<p>Denne gang er det Chris Dahl, 31-\u00e5rig familiefar fra Fr\u00f8slev, der stiller op.<\/p>\n<p>Chris Dahl er ansat ved Arbejdsmarked og Borgerservice i Struer Kommune, hvor han ogs\u00e5 tidligere har v\u00e6ret konsulent p\u00e5 skole- og dagtilbudsomr\u00e5det.<\/p>\n<p>I sin fritid skriver han b\u00f8ger og har udgivet to krimier, der foreg\u00e5r p\u00e5 Mors. Han er i \u00f8jeblikket i gang med nummer tre.<\/p>\n<p>Derudover lyder beskrivelsen i en pressemeddelelse fra Venstre, at han nyder at tilbringe tid med familien og sammen med den bes\u00f8ge de mange flotte steder p\u00e5 Mors. Chris Dahl bor med Anne-Krestine, og sammen har de tre b\u00f8rn: Tobias p\u00e5 ni, Linea p\u00e5 otte og Jonathan p\u00e5 seks \u00e5r.<\/p>\n<p>Fritiden bruges ogs\u00e5 p\u00e5 bestyrelsesarbejde. Chris Dahl sidder i borgerforeningen Fr\u00f8slev &amp; Omegn og Udviklingsselskabet Midtmors, der ejer B\u00f8rnehaven Majgaardens bygninger. <a href=\"https:\/\/www.fmspks.dk\/\"><img loading=\"lazy\" decoding=\"async\" class=\"alignright size-full wp-image-42295\" src=\"https:\/\/kunmedierne.dk\/mors\/wp-content\/uploads\/2021\/03\/te1.jpg\" alt=\"\" width=\"1400\" height=\"125\" srcset=\"https:\/\/kunmedierne.dk\/mors\/wp-content\/uploads\/2021\/03\/te1.jpg 1400w, https:\/\/kunmedierne.dk\/mors\/wp-content\/uploads\/2021\/03\/te1-300x27.jpg 300w, https:\/\/kunmedierne.dk\/mors\/wp-content\/uploads\/2021\/03\/te1-1024x91.jpg 1024w, https:\/\/kunmedierne.dk\/mors\/wp-content\/uploads\/2021\/03\/te1-768x69.jpg 768w, https:\/\/kunmedierne.dk\/mors\/wp-content\/uploads\/2021\/03\/te1-600x54.jpg 600w\" sizes=\"auto, (max-width: 1400px) 100vw, 1400px\" \/><\/a><\/p>\n<p>Nu vil han s\u00e5 ogs\u00e5 i kommunalbestyrelsen.<\/p>\n<p>\u201dHjemme hos os mener vi, at det er vigtigt, at man er med til at tage ansvar for det f\u00e6llesskab, man er en del af og involverer sig, s\u00e5 da Hans Ejner (borgmester Hans Ejner Bertelsen, red.) ringede og spurgte, om jeg ville stille op, gjorde jeg mig overvejelser, om lokalpolitik kunne v\u00e6re foreneligt med sm\u00e5b\u00f8rnslivet.&#8221;<\/p>\n<p>Chris Dahl tilf\u00f8jer, at han kun ville stille op, hvis han kunne garantere, at han ogs\u00e5 havde tiden og overskuddet til at g\u00e5 helhjertet ind i det.<\/p>\n<p>&#8220;Hvis v\u00e6lgerne viser mig den tillid at stemme mig ind, s\u00e5 jeg kan v\u00e6re deres stemme ind i kommunalbestyrelsen, skal jeg ogs\u00e5 kunne leve op til den forpligtelse, der f\u00f8lger med.\u00a0Herhjemme blev vi dog hurtigt enige om, at tiden var inde for at v\u00e6re med til at tage ansvar og bidrage for udviklingen af det store f\u00e6llesskab p\u00e5 Mors,\u201d siger Chris Dahl.<\/p>\n<p>&nbsp;<\/p>\n<p><strong>Flere fra b\u00f8rnefamilier i byr\u00e5det<\/strong><\/p>\n<p>Han ser gerne, at der er flere repr\u00e6sentanter for b\u00f8rnefamilierne i kommunalbestyrelsen &#8211; nogen der kan v\u00e6re med til at definere og kvalificere b\u00f8rns og unges rammer i dagtilbud, skole og fritidstilbud.<\/p>\n<p>Han beskriver det som vigtigt, at der er kommunalbestyrelsesmedlemmer, der kender b\u00f8rnefamiliernes hverdag, s\u00e5 der allerede i dr\u00f8ftelsen af politiske beslutninger kan komme relevante synspunkter ind i en sagsbehandling. <a href=\"https:\/\/vester-begr.dk\"><img loading=\"lazy\" decoding=\"async\" class=\"alignright size-full wp-image-42312\" src=\"https:\/\/kunmedierne.dk\/mors\/wp-content\/uploads\/2021\/03\/te2.jpg\" alt=\"\" width=\"1400\" height=\"125\" srcset=\"https:\/\/kunmedierne.dk\/mors\/wp-content\/uploads\/2021\/03\/te2.jpg 1400w, https:\/\/kunmedierne.dk\/mors\/wp-content\/uploads\/2021\/03\/te2-300x27.jpg 300w, https:\/\/kunmedierne.dk\/mors\/wp-content\/uploads\/2021\/03\/te2-1024x91.jpg 1024w, https:\/\/kunmedierne.dk\/mors\/wp-content\/uploads\/2021\/03\/te2-768x69.jpg 768w, https:\/\/kunmedierne.dk\/mors\/wp-content\/uploads\/2021\/03\/te2-600x54.jpg 600w\" sizes=\"auto, (max-width: 1400px) 100vw, 1400px\" \/><\/a><\/p>\n<p>Derudover fort\u00e6ller Chris Dahl, at han interesserer sig for den udvikling, der er i lokalomr\u00e5derne p\u00e5 Mors, &#8220;hvor der i flere landsbyer ses et stort engagement og sammenhold omkring mindre eller st\u00f8rre projekter, der er til gavn for b\u00e5de byernes beboere og dem, der kommer p\u00e5 bes\u00f8g.&#8221;<\/p>\n<p>Chris Dahl siger:<\/p>\n<p>\u201dVi er selv flittige g\u00e6ster i Smedebjerge, hvor Vils har skabt et helt fantastisk aktivitetsomr\u00e5de i b\u00f8rneh\u00f8jde. I Fr\u00f8slev ser vi ogs\u00e5 et stort engagement i udviklingen af vort lokalomr\u00e5de, noget der b\u00e5de kr\u00e6ver ildsj\u00e6le og engagement fra lokalomr\u00e5det, men i h\u00f8j grad ogs\u00e5 foruds\u00e6tningerne for at skabe udvikling fra kommunens side.\u201d <a href=\"https:\/\/vognmand-filtenborg.dk\/\"><img loading=\"lazy\" decoding=\"async\" class=\"alignright size-full wp-image-42300\" src=\"https:\/\/kunmedierne.dk\/mors\/wp-content\/uploads\/2021\/03\/te3.jpg\" alt=\"\" width=\"1400\" height=\"125\" srcset=\"https:\/\/kunmedierne.dk\/mors\/wp-content\/uploads\/2021\/03\/te3.jpg 1400w, https:\/\/kunmedierne.dk\/mors\/wp-content\/uploads\/2021\/03\/te3-300x27.jpg 300w, https:\/\/kunmedierne.dk\/mors\/wp-content\/uploads\/2021\/03\/te3-1024x91.jpg 1024w, https:\/\/kunmedierne.dk\/mors\/wp-content\/uploads\/2021\/03\/te3-768x69.jpg 768w, https:\/\/kunmedierne.dk\/mors\/wp-content\/uploads\/2021\/03\/te3-600x54.jpg 600w\" sizes=\"auto, (max-width: 1400px) 100vw, 1400px\" \/><\/a><\/p>\n<p>Han forts\u00e6tter, at det er vigtigt,\u00a0at man i kommunalbestyrelsen arbejder synligt p\u00e5 at underst\u00f8tte de lokalomr\u00e5der der \u00f8nsker udvikling, s\u00e5 alle lokalomr\u00e5der har noget at byde p\u00e5, b\u00e5de for nuv\u00e6rende og kommende beboere.<\/p>\n<p>\u201dHvis vi skal sikre gode muligheder for vores erhvervsliv og dets udvikling, skal vi ogs\u00e5 gerne skabe attraktive muligheder for bos\u00e6tning, s\u00e5 vi kan tiltr\u00e6kke flere indbyggere til vores sk\u00f8nne \u00f8,&#8221; siger Chris Dahl.<\/p>\n","protected":false},"excerpt":{"rendered":"<p>FR\u00d8SLEV: Venstre har igen pr\u00e6senteret en lokal kandidat til kommunalvalget 16. november. Denne gang er det Chris Dahl, 31-\u00e5rig familiefar fra Fr\u00f8slev, der stiller op. Chris Dahl er ansat ved Arbejdsmarked og Borgerservice i Struer Kommune, hvor han ogs\u00e5 tidligere har v\u00e6ret konsulent p\u00e5 skole- og dagtilbudsomr\u00e5det. I sin fritid skriver han b\u00f8ger og har [&hellip;]<\/p>\n","protected":false},"author":8,"featured_media":43797,"comment_status":"open","ping_status":"open","sticky":false,"template":"","format":"standard","meta":{"_acf_changed":false,"footnotes":""},"categories":[51],"tags":[167],"class_list":["post-43795","post","type-post","status-publish","format-standard","has-post-thumbnail","hentry","category-lokalt","tag-politik"],"acf":[],"yoast_head":"<!-- This site is optimized with the Yoast SEO plugin v26.8 - https:\/\/yoast.com\/product\/yoast-seo-wordpress\/ -->\n<title>Krimiforfatter fra Fr\u00f8slev stiller op for Venstre - Mors<\/title>\n<meta name=\"robots\" content=\"index, follow, max-snippet:-1, max-image-preview:large, max-video-preview:-1\" \/>\n<link rel=\"canonical\" href=\"https:\/\/kunmedierne.dk\/mors\/krimiforfatter-fra-froeslev-stiller-op-for-venstre\/\" \/>\n<meta property=\"og:locale\" content=\"da_DK\" \/>\n<meta property=\"og:type\" content=\"article\" \/>\n<meta property=\"og:title\" content=\"Krimiforfatter fra Fr\u00f8slev stiller op for Venstre - Mors\" \/>\n<meta property=\"og:description\" content=\"FR\u00d8SLEV: Venstre har igen pr\u00e6senteret en lokal kandidat til kommunalvalget 16. november. Denne gang er det Chris Dahl, 31-\u00e5rig familiefar fra Fr\u00f8slev, der stiller op. Chris Dahl er ansat ved Arbejdsmarked og Borgerservice i Struer Kommune, hvor han ogs\u00e5 tidligere har v\u00e6ret konsulent p\u00e5 skole- og dagtilbudsomr\u00e5det. I sin fritid skriver han b\u00f8ger og har [&hellip;]\" \/>\n<meta property=\"og:url\" content=\"https:\/\/kunmedierne.dk\/mors\/krimiforfatter-fra-froeslev-stiller-op-for-venstre\/\" \/>\n<meta property=\"og:site_name\" content=\"Mors\" \/>\n<meta property=\"article:published_time\" content=\"2021-04-22T14:40:45+00:00\" \/>\n<meta property=\"article:modified_time\" content=\"2024-08-07T12:45:55+00:00\" \/>\n<meta property=\"og:image\" content=\"https:\/\/kunmedierne.dk\/mors\/wp-content\/uploads\/2021\/04\/Chris-dahl.jpg\" \/>\n\t<meta property=\"og:image:width\" content=\"770\" \/>\n\t<meta property=\"og:image:height\" content=\"513\" \/>\n\t<meta property=\"og:image:type\" content=\"image\/jpeg\" \/>\n<meta name=\"author\" content=\"David H\u00f8jmark\" \/>\n<meta name=\"twitter:card\" content=\"summary_large_image\" \/>\n<meta name=\"twitter:label1\" content=\"Skrevet af\" \/>\n\t<meta name=\"twitter:data1\" content=\"David H\u00f8jmark\" \/>\n\t<meta name=\"twitter:label2\" content=\"Estimeret l\u00e6setid\" \/>\n\t<meta name=\"twitter:data2\" content=\"3 minutter\" \/>\n<script type=\"application\/ld+json\" class=\"yoast-schema-graph\">{\"@context\":\"https:\/\/schema.org\",\"@graph\":[{\"@type\":\"Article\",\"@id\":\"https:\/\/kunmedierne.dk\/mors\/krimiforfatter-fra-froeslev-stiller-op-for-venstre\/#article\",\"isPartOf\":{\"@id\":\"https:\/\/kunmedierne.dk\/mors\/krimiforfatter-fra-froeslev-stiller-op-for-venstre\/\"},\"author\":{\"name\":\"David H\u00f8jmark\",\"@id\":\"https:\/\/kunmedierne.dk\/mors\/#\/schema\/person\/5fe23251bf1d0abbcdc6f7896579d548\"},\"headline\":\"Krimiforfatter fra Fr\u00f8slev stiller op for Venstre\",\"datePublished\":\"2021-04-22T14:40:45+00:00\",\"dateModified\":\"2024-08-07T12:45:55+00:00\",\"mainEntityOfPage\":{\"@id\":\"https:\/\/kunmedierne.dk\/mors\/krimiforfatter-fra-froeslev-stiller-op-for-venstre\/\"},\"wordCount\":593,\"commentCount\":0,\"publisher\":{\"@id\":\"https:\/\/kunmedierne.dk\/mors\/#organization\"},\"image\":{\"@id\":\"https:\/\/kunmedierne.dk\/mors\/krimiforfatter-fra-froeslev-stiller-op-for-venstre\/#primaryimage\"},\"thumbnailUrl\":\"https:\/\/kunmedierne.dk\/mors\/wp-content\/uploads\/2021\/04\/Chris-dahl.jpg\",\"keywords\":[\"Politik\"],\"articleSection\":[\"Lokalt\"],\"inLanguage\":\"da-DK\",\"potentialAction\":[{\"@type\":\"CommentAction\",\"name\":\"Comment\",\"target\":[\"https:\/\/kunmedierne.dk\/mors\/krimiforfatter-fra-froeslev-stiller-op-for-venstre\/#respond\"]}]},{\"@type\":\"WebPage\",\"@id\":\"https:\/\/kunmedierne.dk\/mors\/krimiforfatter-fra-froeslev-stiller-op-for-venstre\/\",\"url\":\"https:\/\/kunmedierne.dk\/mors\/krimiforfatter-fra-froeslev-stiller-op-for-venstre\/\",\"name\":\"Krimiforfatter fra Fr\u00f8slev stiller op for Venstre - Mors\",\"isPartOf\":{\"@id\":\"https:\/\/kunmedierne.dk\/mors\/#website\"},\"primaryImageOfPage\":{\"@id\":\"https:\/\/kunmedierne.dk\/mors\/krimiforfatter-fra-froeslev-stiller-op-for-venstre\/#primaryimage\"},\"image\":{\"@id\":\"https:\/\/kunmedierne.dk\/mors\/krimiforfatter-fra-froeslev-stiller-op-for-venstre\/#primaryimage\"},\"thumbnailUrl\":\"https:\/\/kunmedierne.dk\/mors\/wp-content\/uploads\/2021\/04\/Chris-dahl.jpg\",\"datePublished\":\"2021-04-22T14:40:45+00:00\",\"dateModified\":\"2024-08-07T12:45:55+00:00\",\"breadcrumb\":{\"@id\":\"https:\/\/kunmedierne.dk\/mors\/krimiforfatter-fra-froeslev-stiller-op-for-venstre\/#breadcrumb\"},\"inLanguage\":\"da-DK\",\"potentialAction\":[{\"@type\":\"ReadAction\",\"target\":[\"https:\/\/kunmedierne.dk\/mors\/krimiforfatter-fra-froeslev-stiller-op-for-venstre\/\"]}]},{\"@type\":\"ImageObject\",\"inLanguage\":\"da-DK\",\"@id\":\"https:\/\/kunmedierne.dk\/mors\/krimiforfatter-fra-froeslev-stiller-op-for-venstre\/#primaryimage\",\"url\":\"https:\/\/kunmedierne.dk\/mors\/wp-content\/uploads\/2021\/04\/Chris-dahl.jpg\",\"contentUrl\":\"https:\/\/kunmedierne.dk\/mors\/wp-content\/uploads\/2021\/04\/Chris-dahl.jpg\",\"width\":770,\"height\":513,\"caption\":\"Chris Dahl stiller op for Venstre. Privatfoto\"},{\"@type\":\"BreadcrumbList\",\"@id\":\"https:\/\/kunmedierne.dk\/mors\/krimiforfatter-fra-froeslev-stiller-op-for-venstre\/#breadcrumb\",\"itemListElement\":[{\"@type\":\"ListItem\",\"position\":1,\"name\":\"Hjem\",\"item\":\"https:\/\/kunmedierne.dk\/mors\/\"},{\"@type\":\"ListItem\",\"position\":2,\"name\":\"Krimiforfatter fra Fr\u00f8slev stiller op for Venstre\"}]},{\"@type\":\"WebSite\",\"@id\":\"https:\/\/kunmedierne.dk\/mors\/#website\",\"url\":\"https:\/\/kunmedierne.dk\/mors\/\",\"name\":\"Mors\",\"description\":\"et netmedie med journalistik om livet p\u00e5 Mors\",\"publisher\":{\"@id\":\"https:\/\/kunmedierne.dk\/mors\/#organization\"},\"potentialAction\":[{\"@type\":\"SearchAction\",\"target\":{\"@type\":\"EntryPoint\",\"urlTemplate\":\"https:\/\/kunmedierne.dk\/mors\/?s={search_term_string}\"},\"query-input\":{\"@type\":\"PropertyValueSpecification\",\"valueRequired\":true,\"valueName\":\"search_term_string\"}}],\"inLanguage\":\"da-DK\"},{\"@type\":\"Organization\",\"@id\":\"https:\/\/kunmedierne.dk\/mors\/#organization\",\"name\":\"Mors\",\"url\":\"https:\/\/kunmedierne.dk\/mors\/\",\"logo\":{\"@type\":\"ImageObject\",\"inLanguage\":\"da-DK\",\"@id\":\"https:\/\/kunmedierne.dk\/mors\/#\/schema\/logo\/image\/\",\"url\":\"https:\/\/kunmedierne.dk\/mors\/wp-content\/uploads\/2024\/08\/kunmors-logo.svg\",\"contentUrl\":\"https:\/\/kunmedierne.dk\/mors\/wp-content\/uploads\/2024\/08\/kunmors-logo.svg\",\"caption\":\"Mors\"},\"image\":{\"@id\":\"https:\/\/kunmedierne.dk\/mors\/#\/schema\/logo\/image\/\"}},{\"@type\":\"Person\",\"@id\":\"https:\/\/kunmedierne.dk\/mors\/#\/schema\/person\/5fe23251bf1d0abbcdc6f7896579d548\",\"name\":\"David H\u00f8jmark\",\"image\":{\"@type\":\"ImageObject\",\"inLanguage\":\"da-DK\",\"@id\":\"https:\/\/kunmedierne.dk\/mors\/#\/schema\/person\/image\/\",\"url\":\"https:\/\/secure.gravatar.com\/avatar\/4315d6fb9ef244d729989f5f90268eb08d5bf8a3d84402f595fa194bb35784fd?s=96&d=mm&r=g\",\"contentUrl\":\"https:\/\/secure.gravatar.com\/avatar\/4315d6fb9ef244d729989f5f90268eb08d5bf8a3d84402f595fa194bb35784fd?s=96&d=mm&r=g\",\"caption\":\"David H\u00f8jmark\"},\"sameAs\":[\"https:\/\/www.kunmedierne.dk\"],\"url\":\"https:\/\/kunmedierne.dk\/mors\/author\/david\/\"}]}<\/script>\n<!-- \/ Yoast SEO plugin. -->","yoast_head_json":{"title":"Krimiforfatter fra Fr\u00f8slev stiller op for Venstre - Mors","robots":{"index":"index","follow":"follow","max-snippet":"max-snippet:-1","max-image-preview":"max-image-preview:large","max-video-preview":"max-video-preview:-1"},"canonical":"https:\/\/kunmedierne.dk\/mors\/krimiforfatter-fra-froeslev-stiller-op-for-venstre\/","og_locale":"da_DK","og_type":"article","og_title":"Krimiforfatter fra Fr\u00f8slev stiller op for Venstre - Mors","og_description":"FR\u00d8SLEV: Venstre har igen pr\u00e6senteret en lokal kandidat til kommunalvalget 16. november. Denne gang er det Chris Dahl, 31-\u00e5rig familiefar fra Fr\u00f8slev, der stiller op. Chris Dahl er ansat ved Arbejdsmarked og Borgerservice i Struer Kommune, hvor han ogs\u00e5 tidligere har v\u00e6ret konsulent p\u00e5 skole- og dagtilbudsomr\u00e5det. I sin fritid skriver han b\u00f8ger og har [&hellip;]","og_url":"https:\/\/kunmedierne.dk\/mors\/krimiforfatter-fra-froeslev-stiller-op-for-venstre\/","og_site_name":"Mors","article_published_time":"2021-04-22T14:40:45+00:00","article_modified_time":"2024-08-07T12:45:55+00:00","og_image":[{"width":770,"height":513,"url":"https:\/\/kunmedierne.dk\/mors\/wp-content\/uploads\/2021\/04\/Chris-dahl.jpg","type":"image\/jpeg"}],"author":"David H\u00f8jmark","twitter_card":"summary_large_image","twitter_misc":{"Skrevet af":"David H\u00f8jmark","Estimeret l\u00e6setid":"3 minutter"},"schema":{"@context":"https:\/\/schema.org","@graph":[{"@type":"Article","@id":"https:\/\/kunmedierne.dk\/mors\/krimiforfatter-fra-froeslev-stiller-op-for-venstre\/#article","isPartOf":{"@id":"https:\/\/kunmedierne.dk\/mors\/krimiforfatter-fra-froeslev-stiller-op-for-venstre\/"},"author":{"name":"David H\u00f8jmark","@id":"https:\/\/kunmedierne.dk\/mors\/#\/schema\/person\/5fe23251bf1d0abbcdc6f7896579d548"},"headline":"Krimiforfatter fra Fr\u00f8slev stiller op for Venstre","datePublished":"2021-04-22T14:40:45+00:00","dateModified":"2024-08-07T12:45:55+00:00","mainEntityOfPage":{"@id":"https:\/\/kunmedierne.dk\/mors\/krimiforfatter-fra-froeslev-stiller-op-for-venstre\/"},"wordCount":593,"commentCount":0,"publisher":{"@id":"https:\/\/kunmedierne.dk\/mors\/#organization"},"image":{"@id":"https:\/\/kunmedierne.dk\/mors\/krimiforfatter-fra-froeslev-stiller-op-for-venstre\/#primaryimage"},"thumbnailUrl":"https:\/\/kunmedierne.dk\/mors\/wp-content\/uploads\/2021\/04\/Chris-dahl.jpg","keywords":["Politik"],"articleSection":["Lokalt"],"inLanguage":"da-DK","potentialAction":[{"@type":"CommentAction","name":"Comment","target":["https:\/\/kunmedierne.dk\/mors\/krimiforfatter-fra-froeslev-stiller-op-for-venstre\/#respond"]}]},{"@type":"WebPage","@id":"https:\/\/kunmedierne.dk\/mors\/krimiforfatter-fra-froeslev-stiller-op-for-venstre\/","url":"https:\/\/kunmedierne.dk\/mors\/krimiforfatter-fra-froeslev-stiller-op-for-venstre\/","name":"Krimiforfatter fra Fr\u00f8slev stiller op for Venstre - Mors","isPartOf":{"@id":"https:\/\/kunmedierne.dk\/mors\/#website"},"primaryImageOfPage":{"@id":"https:\/\/kunmedierne.dk\/mors\/krimiforfatter-fra-froeslev-stiller-op-for-venstre\/#primaryimage"},"image":{"@id":"https:\/\/kunmedierne.dk\/mors\/krimiforfatter-fra-froeslev-stiller-op-for-venstre\/#primaryimage"},"thumbnailUrl":"https:\/\/kunmedierne.dk\/mors\/wp-content\/uploads\/2021\/04\/Chris-dahl.jpg","datePublished":"2021-04-22T14:40:45+00:00","dateModified":"2024-08-07T12:45:55+00:00","breadcrumb":{"@id":"https:\/\/kunmedierne.dk\/mors\/krimiforfatter-fra-froeslev-stiller-op-for-venstre\/#breadcrumb"},"inLanguage":"da-DK","potentialAction":[{"@type":"ReadAction","target":["https:\/\/kunmedierne.dk\/mors\/krimiforfatter-fra-froeslev-stiller-op-for-venstre\/"]}]},{"@type":"ImageObject","inLanguage":"da-DK","@id":"https:\/\/kunmedierne.dk\/mors\/krimiforfatter-fra-froeslev-stiller-op-for-venstre\/#primaryimage","url":"https:\/\/kunmedierne.dk\/mors\/wp-content\/uploads\/2021\/04\/Chris-dahl.jpg","contentUrl":"https:\/\/kunmedierne.dk\/mors\/wp-content\/uploads\/2021\/04\/Chris-dahl.jpg","width":770,"height":513,"caption":"Chris Dahl stiller op for Venstre. Privatfoto"},{"@type":"BreadcrumbList","@id":"https:\/\/kunmedierne.dk\/mors\/krimiforfatter-fra-froeslev-stiller-op-for-venstre\/#breadcrumb","itemListElement":[{"@type":"ListItem","position":1,"name":"Hjem","item":"https:\/\/kunmedierne.dk\/mors\/"},{"@type":"ListItem","position":2,"name":"Krimiforfatter fra Fr\u00f8slev stiller op for Venstre"}]},{"@type":"WebSite","@id":"https:\/\/kunmedierne.dk\/mors\/#website","url":"https:\/\/kunmedierne.dk\/mors\/","name":"Mors","description":"et netmedie med journalistik om livet p\u00e5 Mors","publisher":{"@id":"https:\/\/kunmedierne.dk\/mors\/#organization"},"potentialAction":[{"@type":"SearchAction","target":{"@type":"EntryPoint","urlTemplate":"https:\/\/kunmedierne.dk\/mors\/?s={search_term_string}"},"query-input":{"@type":"PropertyValueSpecification","valueRequired":true,"valueName":"search_term_string"}}],"inLanguage":"da-DK"},{"@type":"Organization","@id":"https:\/\/kunmedierne.dk\/mors\/#organization","name":"Mors","url":"https:\/\/kunmedierne.dk\/mors\/","logo":{"@type":"ImageObject","inLanguage":"da-DK","@id":"https:\/\/kunmedierne.dk\/mors\/#\/schema\/logo\/image\/","url":"https:\/\/kunmedierne.dk\/mors\/wp-content\/uploads\/2024\/08\/kunmors-logo.svg","contentUrl":"https:\/\/kunmedierne.dk\/mors\/wp-content\/uploads\/2024\/08\/kunmors-logo.svg","caption":"Mors"},"image":{"@id":"https:\/\/kunmedierne.dk\/mors\/#\/schema\/logo\/image\/"}},{"@type":"Person","@id":"https:\/\/kunmedierne.dk\/mors\/#\/schema\/person\/5fe23251bf1d0abbcdc6f7896579d548","name":"David H\u00f8jmark","image":{"@type":"ImageObject","inLanguage":"da-DK","@id":"https:\/\/kunmedierne.dk\/mors\/#\/schema\/person\/image\/","url":"https:\/\/secure.gravatar.com\/avatar\/4315d6fb9ef244d729989f5f90268eb08d5bf8a3d84402f595fa194bb35784fd?s=96&d=mm&r=g","contentUrl":"https:\/\/secure.gravatar.com\/avatar\/4315d6fb9ef244d729989f5f90268eb08d5bf8a3d84402f595fa194bb35784fd?s=96&d=mm&r=g","caption":"David H\u00f8jmark"},"sameAs":["https:\/\/www.kunmedierne.dk"],"url":"https:\/\/kunmedierne.dk\/mors\/author\/david\/"}]}},"_links":{"self":[{"href":"https:\/\/kunmedierne.dk\/mors\/wp-json\/wp\/v2\/posts\/43795","targetHints":{"allow":["GET"]}}],"collection":[{"href":"https:\/\/kunmedierne.dk\/mors\/wp-json\/wp\/v2\/posts"}],"about":[{"href":"https:\/\/kunmedierne.dk\/mors\/wp-json\/wp\/v2\/types\/post"}],"author":[{"embeddable":true,"href":"https:\/\/kunmedierne.dk\/mors\/wp-json\/wp\/v2\/users\/8"}],"replies":[{"embeddable":true,"href":"https:\/\/kunmedierne.dk\/mors\/wp-json\/wp\/v2\/comments?post=43795"}],"version-history":[{"count":6,"href":"https:\/\/kunmedierne.dk\/mors\/wp-json\/wp\/v2\/posts\/43795\/revisions"}],"predecessor-version":[{"id":52654,"href":"https:\/\/kunmedierne.dk\/mors\/wp-json\/wp\/v2\/posts\/43795\/revisions\/52654"}],"wp:featuredmedia":[{"embeddable":true,"href":"https:\/\/kunmedierne.dk\/mors\/wp-json\/wp\/v2\/media\/43797"}],"wp:attachment":[{"href":"https:\/\/kunmedierne.dk\/mors\/wp-json\/wp\/v2\/media?parent=43795"}],"wp:term":[{"taxonomy":"category","embeddable":true,"href":"https:\/\/kunmedierne.dk\/mors\/wp-json\/wp\/v2\/categories?post=43795"},{"taxonomy":"post_tag","embeddable":true,"href":"https:\/\/kunmedierne.dk\/mors\/wp-json\/wp\/v2\/tags?post=43795"}],"curies":[{"name":"wp","href":"https:\/\/api.w.org\/{rel}","templated":true}]}}