{"id":43375,"date":"2021-04-15T15:29:02","date_gmt":"2021-04-15T13:29:02","guid":{"rendered":"https:\/\/kunmedierne.dk\/mors\/?p=43375"},"modified":"2024-08-12T13:37:36","modified_gmt":"2024-08-12T11:37:36","slug":"femte-gang-sagde-mette-ja-til-venstre","status":"publish","type":"post","link":"https:\/\/kunmedierne.dk\/mors\/femte-gang-sagde-mette-ja-til-venstre\/","title":{"rendered":"Femte gang sagde Mette ja til Venstre"},"content":{"rendered":"<p><strong>MORS<\/strong>: Hvis man ikke tager et nej for et nej, ender man somme tider med at f\u00e5 et ja.<\/p>\n<p>S\u00e5dan m\u00e5 det f\u00f8les for Venstre p\u00e5 Mors, efter at det er lykkedes for den lokale partiforening at f\u00e5 Mette K\u00e6rgaard Iversen til at stille op efter\u00e5ret kommunalvalg.<\/p>\n<p>\u201dDet er faktisk femte gang, jeg bliver spurgt, om jeg vil stille op,&#8221; siger Mette K\u00e6rgaard Iversen, der angiver \u00e9n afg\u00f8rende faktor for, at svaret denne gang blev et ja: tiden!<\/p>\n<p>&#8220;Jeg har ikke f\u00f8r nu syntes, at jeg har tiden i min hverdag til at kunne n\u00e5 s\u00e5dan en post &#8211; med fire b\u00f8rn og et landbrug at passe. Men nu er b\u00f8rnene n\u00e6sten flyttet hjemmefra, det giver mere tid. S\u00e5 denne gang sagde jeg ja til at stille op, da Hans Ejner ringede og spurgte,\u201d siger hun med henvisning til opkaldet fra borgmester Hans Ejner Bertelsen (V).\u00a0 <a href=\"https:\/\/www.sparnord.dk\/filialer\/nykoebing-mors\/\"><img loading=\"lazy\" decoding=\"async\" class=\"alignright size-full wp-image-42301\" src=\"https:\/\/kunmedierne.dk\/mors\/wp-content\/uploads\/2021\/03\/te4.jpg\" alt=\"\" width=\"1400\" height=\"123\" srcset=\"https:\/\/kunmedierne.dk\/mors\/wp-content\/uploads\/2021\/03\/te4.jpg 1400w, https:\/\/kunmedierne.dk\/mors\/wp-content\/uploads\/2021\/03\/te4-300x26.jpg 300w, https:\/\/kunmedierne.dk\/mors\/wp-content\/uploads\/2021\/03\/te4-1024x90.jpg 1024w, https:\/\/kunmedierne.dk\/mors\/wp-content\/uploads\/2021\/03\/te4-768x67.jpg 768w, https:\/\/kunmedierne.dk\/mors\/wp-content\/uploads\/2021\/03\/te4-600x53.jpg 600w\" sizes=\"auto, (max-width: 1400px) 100vw, 1400px\" \/><\/a><\/p>\n<p>Vejen til stemmesedlen har derfor slet ikke v\u00e6ret s\u00e5 lang, som de tidligere anvisninger kunne antyde.<\/p>\n<p>\u201dJeg vil sige, at det er mange \u00e5r siden, jeg er g\u00e5et ind i politik &#8211; det nye er, at det er kommunalpolitik. Vi har her p\u00e5 Mors en god kommune. Jeg synes, det vil v\u00e6re sp\u00e6ndende at v\u00e6re med til at videreudvikle og drive vores kommune. Jeg kan til dette arbejde bruge mine mange \u00e5rs erfaring inden for landbrugspolitik,\u201d siger Mette K\u00e6rgaard Iversen.<\/p>\n<p>&nbsp;<\/p>\n<p><strong>Virksomheder og landbrug<\/strong><\/p>\n<p>Hun er 48 \u00e5r og\u00a0uddannet agronom i \u00f8konomi, jura og matematik. Til daglig er hun og manden Klaus m\u00e6lkeproducenter p\u00e5 sl\u00e6gtsg\u00e5rden i Skallerup, som de overtog efter Mettes K\u00e6rgaard Iversens for\u00e6ldre.<\/p>\n<p>Parret har fire voksne b\u00f8rn: En er uddannet fysioterapeut. En studerer til sygeplejerske. En begynder at l\u00e6se medicin til september. Og den yngste g\u00e5r p\u00e5 Mors\u00f8 Gymnasium. <a href=\"http:\/\/www.limfjordsteatret.dk\/#front\"><img loading=\"lazy\" decoding=\"async\" class=\"alignright size-full wp-image-42313\" src=\"https:\/\/kunmedierne.dk\/mors\/wp-content\/uploads\/2021\/03\/te5.jpg\" alt=\"\" width=\"1400\" height=\"125\" srcset=\"https:\/\/kunmedierne.dk\/mors\/wp-content\/uploads\/2021\/03\/te5.jpg 1400w, https:\/\/kunmedierne.dk\/mors\/wp-content\/uploads\/2021\/03\/te5-300x27.jpg 300w, https:\/\/kunmedierne.dk\/mors\/wp-content\/uploads\/2021\/03\/te5-1024x91.jpg 1024w, https:\/\/kunmedierne.dk\/mors\/wp-content\/uploads\/2021\/03\/te5-768x69.jpg 768w, https:\/\/kunmedierne.dk\/mors\/wp-content\/uploads\/2021\/03\/te5-600x54.jpg 600w\" sizes=\"auto, (max-width: 1400px) 100vw, 1400px\" \/><\/a><\/p>\n<p>Mette K\u00e6rgaard Iversen er n\u00e6stformand i LandboThy, hvor hun er den kv\u00e6gansvarlige samt formand dyrevelf\u00e6rdsgruppen. Hun er repr\u00e6sentantskabsmedlem i Arla og sidder i Arlas ankeudvalg.<\/p>\n<p>Desuden er hun repr\u00e6sentantskabsmedlem i kv\u00e6gavlerforeningen Viking. Hun har tidligere v\u00e6ret bestyrelsesmedlem i Landbrug og F\u00f8devarer kv\u00e6g samt bestyrelsesmedlem i RYK. (Registrerings- og ydelseskontrol, red.).<\/p>\n<p>Kommunalpolitisk fremh\u00e6ver hun is\u00e6r virksomhederne og herunder ogs\u00e5 landbruget som politiske interessefelter.<\/p>\n<p>\u201dVi skal bevare nogle gode arbejdspladser, s\u00e5 der er noget arbejde at f\u00e5 for de unge mennesker, som faktisk gerne vender tilbage efter endt uddannelse. Da de har oplevet en god opv\u00e6kst her p\u00e5 \u00f8en med gode skoler og gode fritidsaktiviteter,&#8221; siger Mette K\u00e6rgaard Iversen. <a href=\"https:\/\/www.braendselsforeningen.dk\/\"><img loading=\"lazy\" decoding=\"async\" class=\"alignright size-full wp-image-42314\" src=\"https:\/\/kunmedierne.dk\/mors\/wp-content\/uploads\/2021\/03\/te6.jpg\" alt=\"\" width=\"1425\" height=\"127\" srcset=\"https:\/\/kunmedierne.dk\/mors\/wp-content\/uploads\/2021\/03\/te6.jpg 1425w, https:\/\/kunmedierne.dk\/mors\/wp-content\/uploads\/2021\/03\/te6-300x27.jpg 300w, https:\/\/kunmedierne.dk\/mors\/wp-content\/uploads\/2021\/03\/te6-1024x91.jpg 1024w, https:\/\/kunmedierne.dk\/mors\/wp-content\/uploads\/2021\/03\/te6-768x68.jpg 768w, https:\/\/kunmedierne.dk\/mors\/wp-content\/uploads\/2021\/03\/te6-600x53.jpg 600w\" sizes=\"auto, (max-width: 1425px) 100vw, 1425px\" \/><\/a><\/p>\n<p>Udover arbejde og det politiske beskriver Mette K\u00e6rgaard Iversen sin tid som en blanding af afslapning og nyttige aktiviteter &#8211; men med det udend\u00f8rs som f\u00e6llestr\u00e6k.<\/p>\n<p>\u201dI min fritid g\u00e5r jeg ture med vores hunde i den sk\u00f8nne natur, vi har her p\u00e5 Mors og i Thy. Om sommeren er vi meget ved Limfjorden, hvor vi ofte tager en tur p\u00e5 vores paddleboards. Vi g\u00f8r meget ud af vores k\u00f8kkenhave. Det g\u00f8r, at vi n\u00e6sten er selvforsynende med gr\u00f8ntsager og frugt \u00e5ret rundt,\u201d siger hun.<\/p>\n<div id=\"attachment_43377\" style=\"width: 780px\" class=\"wp-caption alignright\"><img loading=\"lazy\" decoding=\"async\" aria-describedby=\"caption-attachment-43377\" class=\"size-full wp-image-43377\" src=\"https:\/\/kunmedierne.dk\/mors\/wp-content\/uploads\/2021\/04\/mette-k.-iversen-he-bertelsen.jpg\" alt=\"\" width=\"770\" height=\"568\" srcset=\"https:\/\/kunmedierne.dk\/mors\/wp-content\/uploads\/2021\/04\/mette-k.-iversen-he-bertelsen.jpg 770w, https:\/\/kunmedierne.dk\/mors\/wp-content\/uploads\/2021\/04\/mette-k.-iversen-he-bertelsen-300x221.jpg 300w, https:\/\/kunmedierne.dk\/mors\/wp-content\/uploads\/2021\/04\/mette-k.-iversen-he-bertelsen-768x567.jpg 768w, https:\/\/kunmedierne.dk\/mors\/wp-content\/uploads\/2021\/04\/mette-k.-iversen-he-bertelsen-600x443.jpg 600w\" sizes=\"auto, (max-width: 770px) 100vw, 770px\" \/><p id=\"caption-attachment-43377\" class=\"wp-caption-text\">Mette K\u00e6rgaard Iversen og Hans Ejner Bertelsen<\/p><\/div>\n","protected":false},"excerpt":{"rendered":"<p>MORS: Hvis man ikke tager et nej for et nej, ender man somme tider med at f\u00e5 et ja. S\u00e5dan m\u00e5 det f\u00f8les for Venstre p\u00e5 Mors, efter at det er lykkedes for den lokale partiforening at f\u00e5 Mette K\u00e6rgaard Iversen til at stille op efter\u00e5ret kommunalvalg. \u201dDet er faktisk femte gang, jeg bliver spurgt, [&hellip;]<\/p>\n","protected":false},"author":8,"featured_media":43378,"comment_status":"open","ping_status":"open","sticky":false,"template":"","format":"standard","meta":{"_acf_changed":false,"footnotes":""},"categories":[51],"tags":[167],"class_list":["post-43375","post","type-post","status-publish","format-standard","has-post-thumbnail","hentry","category-lokalt","tag-politik"],"acf":[],"yoast_head":"<!-- This site is optimized with the Yoast SEO plugin v26.8 - https:\/\/yoast.com\/product\/yoast-seo-wordpress\/ -->\n<title>Femte gang sagde Mette ja til Venstre - Mors<\/title>\n<meta name=\"robots\" content=\"index, follow, max-snippet:-1, max-image-preview:large, max-video-preview:-1\" \/>\n<link rel=\"canonical\" href=\"https:\/\/kunmedierne.dk\/mors\/femte-gang-sagde-mette-ja-til-venstre\/\" \/>\n<meta property=\"og:locale\" content=\"da_DK\" \/>\n<meta property=\"og:type\" content=\"article\" \/>\n<meta property=\"og:title\" content=\"Femte gang sagde Mette ja til Venstre - Mors\" \/>\n<meta property=\"og:description\" content=\"MORS: Hvis man ikke tager et nej for et nej, ender man somme tider med at f\u00e5 et ja. S\u00e5dan m\u00e5 det f\u00f8les for Venstre p\u00e5 Mors, efter at det er lykkedes for den lokale partiforening at f\u00e5 Mette K\u00e6rgaard Iversen til at stille op efter\u00e5ret kommunalvalg. \u201dDet er faktisk femte gang, jeg bliver spurgt, [&hellip;]\" \/>\n<meta property=\"og:url\" content=\"https:\/\/kunmedierne.dk\/mors\/femte-gang-sagde-mette-ja-til-venstre\/\" \/>\n<meta property=\"og:site_name\" content=\"Mors\" \/>\n<meta property=\"article:published_time\" content=\"2021-04-15T13:29:02+00:00\" \/>\n<meta property=\"article:modified_time\" content=\"2024-08-12T11:37:36+00:00\" \/>\n<meta property=\"og:image\" content=\"https:\/\/kunmedierne.dk\/mors\/wp-content\/uploads\/2021\/04\/Mette-K\u00e6rgaard-Iversen-Vandret.jpg\" \/>\n\t<meta property=\"og:image:width\" content=\"2000\" \/>\n\t<meta property=\"og:image:height\" content=\"1333\" \/>\n\t<meta property=\"og:image:type\" content=\"image\/jpeg\" \/>\n<meta name=\"author\" content=\"David H\u00f8jmark\" \/>\n<meta name=\"twitter:card\" content=\"summary_large_image\" \/>\n<meta name=\"twitter:label1\" content=\"Skrevet af\" \/>\n\t<meta name=\"twitter:data1\" content=\"David H\u00f8jmark\" \/>\n\t<meta name=\"twitter:label2\" content=\"Estimeret l\u00e6setid\" \/>\n\t<meta name=\"twitter:data2\" content=\"3 minutter\" \/>\n<script type=\"application\/ld+json\" class=\"yoast-schema-graph\">{\"@context\":\"https:\/\/schema.org\",\"@graph\":[{\"@type\":\"Article\",\"@id\":\"https:\/\/kunmedierne.dk\/mors\/femte-gang-sagde-mette-ja-til-venstre\/#article\",\"isPartOf\":{\"@id\":\"https:\/\/kunmedierne.dk\/mors\/femte-gang-sagde-mette-ja-til-venstre\/\"},\"author\":{\"name\":\"David H\u00f8jmark\",\"@id\":\"https:\/\/kunmedierne.dk\/mors\/#\/schema\/person\/5fe23251bf1d0abbcdc6f7896579d548\"},\"headline\":\"Femte gang sagde Mette ja til Venstre\",\"datePublished\":\"2021-04-15T13:29:02+00:00\",\"dateModified\":\"2024-08-12T11:37:36+00:00\",\"mainEntityOfPage\":{\"@id\":\"https:\/\/kunmedierne.dk\/mors\/femte-gang-sagde-mette-ja-til-venstre\/\"},\"wordCount\":552,\"commentCount\":0,\"publisher\":{\"@id\":\"https:\/\/kunmedierne.dk\/mors\/#organization\"},\"image\":{\"@id\":\"https:\/\/kunmedierne.dk\/mors\/femte-gang-sagde-mette-ja-til-venstre\/#primaryimage\"},\"thumbnailUrl\":\"https:\/\/kunmedierne.dk\/mors\/wp-content\/uploads\/2021\/04\/Mette-K\u00e6rgaard-Iversen-Vandret.jpg\",\"keywords\":[\"Politik\"],\"articleSection\":[\"Lokalt\"],\"inLanguage\":\"da-DK\",\"potentialAction\":[{\"@type\":\"CommentAction\",\"name\":\"Comment\",\"target\":[\"https:\/\/kunmedierne.dk\/mors\/femte-gang-sagde-mette-ja-til-venstre\/#respond\"]}]},{\"@type\":\"WebPage\",\"@id\":\"https:\/\/kunmedierne.dk\/mors\/femte-gang-sagde-mette-ja-til-venstre\/\",\"url\":\"https:\/\/kunmedierne.dk\/mors\/femte-gang-sagde-mette-ja-til-venstre\/\",\"name\":\"Femte gang sagde Mette ja til Venstre - Mors\",\"isPartOf\":{\"@id\":\"https:\/\/kunmedierne.dk\/mors\/#website\"},\"primaryImageOfPage\":{\"@id\":\"https:\/\/kunmedierne.dk\/mors\/femte-gang-sagde-mette-ja-til-venstre\/#primaryimage\"},\"image\":{\"@id\":\"https:\/\/kunmedierne.dk\/mors\/femte-gang-sagde-mette-ja-til-venstre\/#primaryimage\"},\"thumbnailUrl\":\"https:\/\/kunmedierne.dk\/mors\/wp-content\/uploads\/2021\/04\/Mette-K\u00e6rgaard-Iversen-Vandret.jpg\",\"datePublished\":\"2021-04-15T13:29:02+00:00\",\"dateModified\":\"2024-08-12T11:37:36+00:00\",\"breadcrumb\":{\"@id\":\"https:\/\/kunmedierne.dk\/mors\/femte-gang-sagde-mette-ja-til-venstre\/#breadcrumb\"},\"inLanguage\":\"da-DK\",\"potentialAction\":[{\"@type\":\"ReadAction\",\"target\":[\"https:\/\/kunmedierne.dk\/mors\/femte-gang-sagde-mette-ja-til-venstre\/\"]}]},{\"@type\":\"ImageObject\",\"inLanguage\":\"da-DK\",\"@id\":\"https:\/\/kunmedierne.dk\/mors\/femte-gang-sagde-mette-ja-til-venstre\/#primaryimage\",\"url\":\"https:\/\/kunmedierne.dk\/mors\/wp-content\/uploads\/2021\/04\/Mette-K\u00e6rgaard-Iversen-Vandret.jpg\",\"contentUrl\":\"https:\/\/kunmedierne.dk\/mors\/wp-content\/uploads\/2021\/04\/Mette-K\u00e6rgaard-Iversen-Vandret.jpg\",\"width\":2000,\"height\":1333,\"caption\":\"Mette K\u00e6rgaard Iversen. Foto: Venstre Mors\"},{\"@type\":\"BreadcrumbList\",\"@id\":\"https:\/\/kunmedierne.dk\/mors\/femte-gang-sagde-mette-ja-til-venstre\/#breadcrumb\",\"itemListElement\":[{\"@type\":\"ListItem\",\"position\":1,\"name\":\"Hjem\",\"item\":\"https:\/\/kunmedierne.dk\/mors\/\"},{\"@type\":\"ListItem\",\"position\":2,\"name\":\"Femte gang sagde Mette ja til Venstre\"}]},{\"@type\":\"WebSite\",\"@id\":\"https:\/\/kunmedierne.dk\/mors\/#website\",\"url\":\"https:\/\/kunmedierne.dk\/mors\/\",\"name\":\"Mors\",\"description\":\"et netmedie med journalistik om livet p\u00e5 Mors\",\"publisher\":{\"@id\":\"https:\/\/kunmedierne.dk\/mors\/#organization\"},\"potentialAction\":[{\"@type\":\"SearchAction\",\"target\":{\"@type\":\"EntryPoint\",\"urlTemplate\":\"https:\/\/kunmedierne.dk\/mors\/?s={search_term_string}\"},\"query-input\":{\"@type\":\"PropertyValueSpecification\",\"valueRequired\":true,\"valueName\":\"search_term_string\"}}],\"inLanguage\":\"da-DK\"},{\"@type\":\"Organization\",\"@id\":\"https:\/\/kunmedierne.dk\/mors\/#organization\",\"name\":\"Mors\",\"url\":\"https:\/\/kunmedierne.dk\/mors\/\",\"logo\":{\"@type\":\"ImageObject\",\"inLanguage\":\"da-DK\",\"@id\":\"https:\/\/kunmedierne.dk\/mors\/#\/schema\/logo\/image\/\",\"url\":\"https:\/\/kunmedierne.dk\/mors\/wp-content\/uploads\/2024\/08\/kunmors-logo.svg\",\"contentUrl\":\"https:\/\/kunmedierne.dk\/mors\/wp-content\/uploads\/2024\/08\/kunmors-logo.svg\",\"caption\":\"Mors\"},\"image\":{\"@id\":\"https:\/\/kunmedierne.dk\/mors\/#\/schema\/logo\/image\/\"}},{\"@type\":\"Person\",\"@id\":\"https:\/\/kunmedierne.dk\/mors\/#\/schema\/person\/5fe23251bf1d0abbcdc6f7896579d548\",\"name\":\"David H\u00f8jmark\",\"image\":{\"@type\":\"ImageObject\",\"inLanguage\":\"da-DK\",\"@id\":\"https:\/\/kunmedierne.dk\/mors\/#\/schema\/person\/image\/\",\"url\":\"https:\/\/secure.gravatar.com\/avatar\/4315d6fb9ef244d729989f5f90268eb08d5bf8a3d84402f595fa194bb35784fd?s=96&d=mm&r=g\",\"contentUrl\":\"https:\/\/secure.gravatar.com\/avatar\/4315d6fb9ef244d729989f5f90268eb08d5bf8a3d84402f595fa194bb35784fd?s=96&d=mm&r=g\",\"caption\":\"David H\u00f8jmark\"},\"sameAs\":[\"https:\/\/www.kunmedierne.dk\"],\"url\":\"https:\/\/kunmedierne.dk\/mors\/author\/david\/\"}]}<\/script>\n<!-- \/ Yoast SEO plugin. -->","yoast_head_json":{"title":"Femte gang sagde Mette ja til Venstre - Mors","robots":{"index":"index","follow":"follow","max-snippet":"max-snippet:-1","max-image-preview":"max-image-preview:large","max-video-preview":"max-video-preview:-1"},"canonical":"https:\/\/kunmedierne.dk\/mors\/femte-gang-sagde-mette-ja-til-venstre\/","og_locale":"da_DK","og_type":"article","og_title":"Femte gang sagde Mette ja til Venstre - Mors","og_description":"MORS: Hvis man ikke tager et nej for et nej, ender man somme tider med at f\u00e5 et ja. S\u00e5dan m\u00e5 det f\u00f8les for Venstre p\u00e5 Mors, efter at det er lykkedes for den lokale partiforening at f\u00e5 Mette K\u00e6rgaard Iversen til at stille op efter\u00e5ret kommunalvalg. \u201dDet er faktisk femte gang, jeg bliver spurgt, [&hellip;]","og_url":"https:\/\/kunmedierne.dk\/mors\/femte-gang-sagde-mette-ja-til-venstre\/","og_site_name":"Mors","article_published_time":"2021-04-15T13:29:02+00:00","article_modified_time":"2024-08-12T11:37:36+00:00","og_image":[{"width":2000,"height":1333,"url":"https:\/\/kunmedierne.dk\/mors\/wp-content\/uploads\/2021\/04\/Mette-K\u00e6rgaard-Iversen-Vandret.jpg","type":"image\/jpeg"}],"author":"David H\u00f8jmark","twitter_card":"summary_large_image","twitter_misc":{"Skrevet af":"David H\u00f8jmark","Estimeret l\u00e6setid":"3 minutter"},"schema":{"@context":"https:\/\/schema.org","@graph":[{"@type":"Article","@id":"https:\/\/kunmedierne.dk\/mors\/femte-gang-sagde-mette-ja-til-venstre\/#article","isPartOf":{"@id":"https:\/\/kunmedierne.dk\/mors\/femte-gang-sagde-mette-ja-til-venstre\/"},"author":{"name":"David H\u00f8jmark","@id":"https:\/\/kunmedierne.dk\/mors\/#\/schema\/person\/5fe23251bf1d0abbcdc6f7896579d548"},"headline":"Femte gang sagde Mette ja til Venstre","datePublished":"2021-04-15T13:29:02+00:00","dateModified":"2024-08-12T11:37:36+00:00","mainEntityOfPage":{"@id":"https:\/\/kunmedierne.dk\/mors\/femte-gang-sagde-mette-ja-til-venstre\/"},"wordCount":552,"commentCount":0,"publisher":{"@id":"https:\/\/kunmedierne.dk\/mors\/#organization"},"image":{"@id":"https:\/\/kunmedierne.dk\/mors\/femte-gang-sagde-mette-ja-til-venstre\/#primaryimage"},"thumbnailUrl":"https:\/\/kunmedierne.dk\/mors\/wp-content\/uploads\/2021\/04\/Mette-K\u00e6rgaard-Iversen-Vandret.jpg","keywords":["Politik"],"articleSection":["Lokalt"],"inLanguage":"da-DK","potentialAction":[{"@type":"CommentAction","name":"Comment","target":["https:\/\/kunmedierne.dk\/mors\/femte-gang-sagde-mette-ja-til-venstre\/#respond"]}]},{"@type":"WebPage","@id":"https:\/\/kunmedierne.dk\/mors\/femte-gang-sagde-mette-ja-til-venstre\/","url":"https:\/\/kunmedierne.dk\/mors\/femte-gang-sagde-mette-ja-til-venstre\/","name":"Femte gang sagde Mette ja til Venstre - Mors","isPartOf":{"@id":"https:\/\/kunmedierne.dk\/mors\/#website"},"primaryImageOfPage":{"@id":"https:\/\/kunmedierne.dk\/mors\/femte-gang-sagde-mette-ja-til-venstre\/#primaryimage"},"image":{"@id":"https:\/\/kunmedierne.dk\/mors\/femte-gang-sagde-mette-ja-til-venstre\/#primaryimage"},"thumbnailUrl":"https:\/\/kunmedierne.dk\/mors\/wp-content\/uploads\/2021\/04\/Mette-K\u00e6rgaard-Iversen-Vandret.jpg","datePublished":"2021-04-15T13:29:02+00:00","dateModified":"2024-08-12T11:37:36+00:00","breadcrumb":{"@id":"https:\/\/kunmedierne.dk\/mors\/femte-gang-sagde-mette-ja-til-venstre\/#breadcrumb"},"inLanguage":"da-DK","potentialAction":[{"@type":"ReadAction","target":["https:\/\/kunmedierne.dk\/mors\/femte-gang-sagde-mette-ja-til-venstre\/"]}]},{"@type":"ImageObject","inLanguage":"da-DK","@id":"https:\/\/kunmedierne.dk\/mors\/femte-gang-sagde-mette-ja-til-venstre\/#primaryimage","url":"https:\/\/kunmedierne.dk\/mors\/wp-content\/uploads\/2021\/04\/Mette-K\u00e6rgaard-Iversen-Vandret.jpg","contentUrl":"https:\/\/kunmedierne.dk\/mors\/wp-content\/uploads\/2021\/04\/Mette-K\u00e6rgaard-Iversen-Vandret.jpg","width":2000,"height":1333,"caption":"Mette K\u00e6rgaard Iversen. Foto: Venstre Mors"},{"@type":"BreadcrumbList","@id":"https:\/\/kunmedierne.dk\/mors\/femte-gang-sagde-mette-ja-til-venstre\/#breadcrumb","itemListElement":[{"@type":"ListItem","position":1,"name":"Hjem","item":"https:\/\/kunmedierne.dk\/mors\/"},{"@type":"ListItem","position":2,"name":"Femte gang sagde Mette ja til Venstre"}]},{"@type":"WebSite","@id":"https:\/\/kunmedierne.dk\/mors\/#website","url":"https:\/\/kunmedierne.dk\/mors\/","name":"Mors","description":"et netmedie med journalistik om livet p\u00e5 Mors","publisher":{"@id":"https:\/\/kunmedierne.dk\/mors\/#organization"},"potentialAction":[{"@type":"SearchAction","target":{"@type":"EntryPoint","urlTemplate":"https:\/\/kunmedierne.dk\/mors\/?s={search_term_string}"},"query-input":{"@type":"PropertyValueSpecification","valueRequired":true,"valueName":"search_term_string"}}],"inLanguage":"da-DK"},{"@type":"Organization","@id":"https:\/\/kunmedierne.dk\/mors\/#organization","name":"Mors","url":"https:\/\/kunmedierne.dk\/mors\/","logo":{"@type":"ImageObject","inLanguage":"da-DK","@id":"https:\/\/kunmedierne.dk\/mors\/#\/schema\/logo\/image\/","url":"https:\/\/kunmedierne.dk\/mors\/wp-content\/uploads\/2024\/08\/kunmors-logo.svg","contentUrl":"https:\/\/kunmedierne.dk\/mors\/wp-content\/uploads\/2024\/08\/kunmors-logo.svg","caption":"Mors"},"image":{"@id":"https:\/\/kunmedierne.dk\/mors\/#\/schema\/logo\/image\/"}},{"@type":"Person","@id":"https:\/\/kunmedierne.dk\/mors\/#\/schema\/person\/5fe23251bf1d0abbcdc6f7896579d548","name":"David H\u00f8jmark","image":{"@type":"ImageObject","inLanguage":"da-DK","@id":"https:\/\/kunmedierne.dk\/mors\/#\/schema\/person\/image\/","url":"https:\/\/secure.gravatar.com\/avatar\/4315d6fb9ef244d729989f5f90268eb08d5bf8a3d84402f595fa194bb35784fd?s=96&d=mm&r=g","contentUrl":"https:\/\/secure.gravatar.com\/avatar\/4315d6fb9ef244d729989f5f90268eb08d5bf8a3d84402f595fa194bb35784fd?s=96&d=mm&r=g","caption":"David H\u00f8jmark"},"sameAs":["https:\/\/www.kunmedierne.dk"],"url":"https:\/\/kunmedierne.dk\/mors\/author\/david\/"}]}},"_links":{"self":[{"href":"https:\/\/kunmedierne.dk\/mors\/wp-json\/wp\/v2\/posts\/43375","targetHints":{"allow":["GET"]}}],"collection":[{"href":"https:\/\/kunmedierne.dk\/mors\/wp-json\/wp\/v2\/posts"}],"about":[{"href":"https:\/\/kunmedierne.dk\/mors\/wp-json\/wp\/v2\/types\/post"}],"author":[{"embeddable":true,"href":"https:\/\/kunmedierne.dk\/mors\/wp-json\/wp\/v2\/users\/8"}],"replies":[{"embeddable":true,"href":"https:\/\/kunmedierne.dk\/mors\/wp-json\/wp\/v2\/comments?post=43375"}],"version-history":[{"count":2,"href":"https:\/\/kunmedierne.dk\/mors\/wp-json\/wp\/v2\/posts\/43375\/revisions"}],"predecessor-version":[{"id":43379,"href":"https:\/\/kunmedierne.dk\/mors\/wp-json\/wp\/v2\/posts\/43375\/revisions\/43379"}],"wp:featuredmedia":[{"embeddable":true,"href":"https:\/\/kunmedierne.dk\/mors\/wp-json\/wp\/v2\/media\/43378"}],"wp:attachment":[{"href":"https:\/\/kunmedierne.dk\/mors\/wp-json\/wp\/v2\/media?parent=43375"}],"wp:term":[{"taxonomy":"category","embeddable":true,"href":"https:\/\/kunmedierne.dk\/mors\/wp-json\/wp\/v2\/categories?post=43375"},{"taxonomy":"post_tag","embeddable":true,"href":"https:\/\/kunmedierne.dk\/mors\/wp-json\/wp\/v2\/tags?post=43375"}],"curies":[{"name":"wp","href":"https:\/\/api.w.org\/{rel}","templated":true}]}}