{"id":4328,"date":"2020-02-01T08:22:34","date_gmt":"2020-02-01T07:22:34","guid":{"rendered":"https:\/\/kunmedierne.dk\/mors\/?p=4328"},"modified":"2024-08-12T14:07:42","modified_gmt":"2024-08-12T12:07:42","slug":"saadan-bliver-kunmors","status":"publish","type":"post","link":"https:\/\/kunmedierne.dk\/mors\/saadan-bliver-kunmors\/","title":{"rendered":"S\u00e5dan bliver KunMors"},"content":{"rendered":"<p><strong>MORS<\/strong>: Billedet til artiklen her viser broen ved Legind Vejle &#8211; noget af det f\u00f8rste, man m\u00f8der, n\u00e5r man kommer til Mors fra \u00f8st.<\/p>\n<p>Det er taget af Henny Hansen fra Erslev og er p\u00e5 den m\u00e5de i sig selv en fort\u00e6lling om, hvad KunMors kommer til at indeholde. \u00d8ens nye medie skal f\u00f8rst nu til at finde sin plads i det lokale medielandskab, og der er ikke taget nogen endegyldig beslutning om form og indhold. Men vi er s\u00e5 langt, at vi kan melde de to st\u00f8rste fokusomr\u00e5der ud: personhistorier og den lokale sport.<\/p>\n<p>Personhistorier kan for eksempel v\u00e6re historier som den om Henny Hansen, fotoentusiasten, der har etableret en <a href=\"https:\/\/kunmedierne.dk\/mors\/henny-har-gjort-oeen-global\/\" target=\"_blank\" rel=\"noopener noreferrer\">Facebook-gruppe<\/a> med s\u00e5 stor succes, at den dag for dag dokumenterer \u00f8en og dens mange smukke og sp\u00e6ndende steder b\u00e5de i by og p\u00e5 land. Det kan ogs\u00e5 v\u00e6re et decideret portr\u00e6t som det af radiolegenden <a href=\"https:\/\/kunmedierne.dk\/mors\/manden-med-den-blaa-stemme\/\" target=\"_blank\" rel=\"noopener noreferrer\">Jan Kj\u00e6rulff<\/a>. Det kan v\u00e6re en artikel om en eksilmorsingbo som den om <a href=\"https:\/\/kunmedierne.dk\/mors\/vester\/\" target=\"_blank\" rel=\"noopener noreferrer\">Mads Vester<\/a> fra \u00d8ster J\u00f8lby, der er den f\u00f8rste artikel af mange i en forh\u00e5bentlig lang serie om morsingboer med bop\u00e6l andre steder end p\u00e5 Mors. Eller det kan v\u00e6re historien om en af de lokale handlende i serien om \u00f8ens butikker &#8211; for eksempel <a href=\"https:\/\/kunmedierne.dk\/mors\/skoen-udfordring-i-sejerslev\/\" target=\"_blank\" rel=\"noopener noreferrer\">Annette Pedersen<\/a>, der har Min K\u00f8bmand i Sejerslev.<\/p>\n<p>Personhistorier er med andre ord alle artikler, der har en person i hovedrollen &#8211; hvad enten det er det lange portr\u00e6t eller bare den lille historie om et vedholdende k\u00e6lenavn som det, <a href=\"https:\/\/kunmedierne.dk\/mors\/et-overskaeg-som-19-aarig-gav-skaegt-mellemnavn\/\" target=\"_blank\" rel=\"noopener noreferrer\">Poul &#8220;Sk\u00e6g&#8221; Markussen<\/a> har haft i snart 50 \u00e5r.<\/p>\n<p>&nbsp;<\/p>\n<h4>Masser af lokalsport<\/h4>\n<p>Hvad den lokale sport indeholder, siger n\u00e6sten sig selv. Vi prioriterer stofomr\u00e5det meget h\u00f8jt og n\u00f8jes ikke kun med at f\u00f8lge <a href=\"https:\/\/kunmedierne.dk\/mors\/tag\/mors-thy-haandbold\/\" target=\"_blank\" rel=\"noopener noreferrer\">Mors-Thy H\u00e5ndbold<\/a> og de andre elitesportsfolk. Det g\u00f8r vi naturligvis, og allerede s\u00f8ndag vil l\u00e6sere af KunMors s\u00e5ledes f\u00e5 intensiv d\u00e6kning af ligaholdets kamp p\u00e5 udebane mod Skjern H\u00e5ndbold. Vi begynder med f\u00f8rste optakt l\u00f8rdag.<\/p>\n<p>Men vi dyrker ogs\u00e5 bredden. Hvad enten det er \u00f8ens f\u00f8rende fodboldhold fra Nordvestmors BK, den store klub fra Nyk\u00f8bing i Mors\u00f8 FC eller de sm\u00e5 i oplandet, n\u00e5r de t\u00f8rner sammen i serie 4. Den slags brag har meget stor interesse hos l\u00e6serne &#8211; og derfor ogs\u00e5 hos KunMors.<\/p>\n<p>Lokalsporten bliver et flagskib p\u00e5 KunMors, og er man ikke interesseret i sport, vil is\u00e6r weekenderne kunne f\u00f8les lidt voldsomme. For her tager sporten over. Og med 10-11 h\u00e5ndbold- og fodboldhold + golf, motocross, ultral\u00f8b, bowling, billard og bordtennis samt andre af de cirka 40 forskellige sportsgrene, man kan dyrke p\u00e5 Mors, vil det uundg\u00e5eligt s\u00e6tte sit pr\u00e6g p\u00e5 str\u00f8mmen af artikler.<\/p>\n<p>&nbsp;<\/p>\n<h4>Blanding af ugeavis og dagblad<\/h4>\n<p>Men der er selvf\u00f8lgelig ogs\u00e5 andet end sport i weekenden. Vi har allerede pr\u00e6senteret den nye serie om <a href=\"https:\/\/kunmedierne.dk\/mors\/ny-serie-paa-kunmors-oeens-kirker\/\" target=\"_blank\" rel=\"noopener noreferrer\">\u00f8ens 34 kirker<\/a>, og andre serier om <a href=\"https:\/\/kunmedierne.dk\/mors\/choko-elsker-at-koere-sportsvogn\/\" target=\"_blank\" rel=\"noopener noreferrer\">k\u00e6ledyr<\/a>, den f\u00f8rn\u00e6vnte om k\u00e6lenavne og <a href=\"https:\/\/kunmedierne.dk\/mors\/doegnaabent-blev-ingen-doegnflue-2\/\" target=\"_blank\" rel=\"noopener noreferrer\">\u00f8ens butikker<\/a> vil ogs\u00e5 f\u00e5 naturlige placeringer p\u00e5 weekenddage &#8211; om end ikke hver weekend.<\/p>\n<p>I hverdagene d\u00e6kker vi desuden politistoffet og meget andet &#8211; herimellem ogs\u00e5 navnestof, aktuelle debatter og foreningslivet lige som vi ogs\u00e5 tilbyder plads til d\u00f8dsannoncer og mindeord om afd\u00f8de.<\/p>\n<p>Det er for tidligt at placere KunMors p\u00e5 en bestemt hylde. Mediet skal finde sin plads i l\u00f8bet af de kommende m\u00e5neder. Men en blanding af ugeavis og dagblad &#8211; bare p\u00e5 nettet i stedet for papir &#8211; er nok ikke nogen helt sk\u00e6v beskrivelse lige nu.<\/p>\n<p>S\u00e5 m\u00e5 vi se, hvordan det udvikler sig. Forel\u00f8big tak for opbakningen og velkommen til alle abonnenter.<\/p>\n","protected":false},"excerpt":{"rendered":"<p>MORS: Billedet til artiklen her viser broen ved Legind Vejle &#8211; noget af det f\u00f8rste, man m\u00f8der, n\u00e5r man kommer til Mors fra \u00f8st. Det er taget af Henny Hansen fra Erslev og er p\u00e5 den m\u00e5de i sig selv en fort\u00e6lling om, hvad KunMors kommer til at indeholde. \u00d8ens nye medie skal f\u00f8rst nu [&hellip;]<\/p>\n","protected":false},"author":8,"featured_media":4363,"comment_status":"open","ping_status":"open","sticky":false,"template":"","format":"standard","meta":{"_acf_changed":false,"footnotes":""},"categories":[51],"tags":[],"class_list":["post-4328","post","type-post","status-publish","format-standard","has-post-thumbnail","hentry","category-lokalt"],"acf":[],"yoast_head":"<!-- This site is optimized with the Yoast SEO plugin v26.8 - https:\/\/yoast.com\/product\/yoast-seo-wordpress\/ -->\n<title>S\u00e5dan bliver KunMors - Mors<\/title>\n<meta name=\"robots\" content=\"index, follow, max-snippet:-1, max-image-preview:large, max-video-preview:-1\" \/>\n<link rel=\"canonical\" href=\"https:\/\/kunmedierne.dk\/mors\/saadan-bliver-kunmors\/\" \/>\n<meta property=\"og:locale\" content=\"da_DK\" \/>\n<meta property=\"og:type\" content=\"article\" \/>\n<meta property=\"og:title\" content=\"S\u00e5dan bliver KunMors - Mors\" \/>\n<meta property=\"og:description\" content=\"MORS: Billedet til artiklen her viser broen ved Legind Vejle &#8211; noget af det f\u00f8rste, man m\u00f8der, n\u00e5r man kommer til Mors fra \u00f8st. Det er taget af Henny Hansen fra Erslev og er p\u00e5 den m\u00e5de i sig selv en fort\u00e6lling om, hvad KunMors kommer til at indeholde. \u00d8ens nye medie skal f\u00f8rst nu [&hellip;]\" \/>\n<meta property=\"og:url\" content=\"https:\/\/kunmedierne.dk\/mors\/saadan-bliver-kunmors\/\" \/>\n<meta property=\"og:site_name\" content=\"Mors\" \/>\n<meta property=\"article:published_time\" content=\"2020-02-01T07:22:34+00:00\" \/>\n<meta property=\"article:modified_time\" content=\"2024-08-12T12:07:42+00:00\" \/>\n<meta property=\"og:image\" content=\"https:\/\/kunmedierne.dk\/mors\/wp-content\/uploads\/2020\/02\/200106-henny-hansen-legind-vejle.jpg\" \/>\n\t<meta property=\"og:image:width\" content=\"770\" \/>\n\t<meta property=\"og:image:height\" content=\"487\" \/>\n\t<meta property=\"og:image:type\" content=\"image\/jpeg\" \/>\n<meta name=\"author\" content=\"David H\u00f8jmark\" \/>\n<meta name=\"twitter:card\" content=\"summary_large_image\" \/>\n<meta name=\"twitter:label1\" content=\"Skrevet af\" \/>\n\t<meta name=\"twitter:data1\" content=\"David H\u00f8jmark\" \/>\n\t<meta name=\"twitter:label2\" content=\"Estimeret l\u00e6setid\" \/>\n\t<meta name=\"twitter:data2\" content=\"3 minutter\" \/>\n<script type=\"application\/ld+json\" class=\"yoast-schema-graph\">{\"@context\":\"https:\/\/schema.org\",\"@graph\":[{\"@type\":\"Article\",\"@id\":\"https:\/\/kunmedierne.dk\/mors\/saadan-bliver-kunmors\/#article\",\"isPartOf\":{\"@id\":\"https:\/\/kunmedierne.dk\/mors\/saadan-bliver-kunmors\/\"},\"author\":{\"name\":\"David H\u00f8jmark\",\"@id\":\"https:\/\/kunmedierne.dk\/mors\/#\/schema\/person\/5fe23251bf1d0abbcdc6f7896579d548\"},\"headline\":\"S\u00e5dan bliver KunMors\",\"datePublished\":\"2020-02-01T07:22:34+00:00\",\"dateModified\":\"2024-08-12T12:07:42+00:00\",\"mainEntityOfPage\":{\"@id\":\"https:\/\/kunmedierne.dk\/mors\/saadan-bliver-kunmors\/\"},\"wordCount\":634,\"commentCount\":0,\"publisher\":{\"@id\":\"https:\/\/kunmedierne.dk\/mors\/#organization\"},\"image\":{\"@id\":\"https:\/\/kunmedierne.dk\/mors\/saadan-bliver-kunmors\/#primaryimage\"},\"thumbnailUrl\":\"https:\/\/kunmedierne.dk\/mors\/wp-content\/uploads\/2020\/02\/200106-henny-hansen-legind-vejle.jpg\",\"articleSection\":[\"Lokalt\"],\"inLanguage\":\"da-DK\",\"potentialAction\":[{\"@type\":\"CommentAction\",\"name\":\"Comment\",\"target\":[\"https:\/\/kunmedierne.dk\/mors\/saadan-bliver-kunmors\/#respond\"]}]},{\"@type\":\"WebPage\",\"@id\":\"https:\/\/kunmedierne.dk\/mors\/saadan-bliver-kunmors\/\",\"url\":\"https:\/\/kunmedierne.dk\/mors\/saadan-bliver-kunmors\/\",\"name\":\"S\u00e5dan bliver KunMors - Mors\",\"isPartOf\":{\"@id\":\"https:\/\/kunmedierne.dk\/mors\/#website\"},\"primaryImageOfPage\":{\"@id\":\"https:\/\/kunmedierne.dk\/mors\/saadan-bliver-kunmors\/#primaryimage\"},\"image\":{\"@id\":\"https:\/\/kunmedierne.dk\/mors\/saadan-bliver-kunmors\/#primaryimage\"},\"thumbnailUrl\":\"https:\/\/kunmedierne.dk\/mors\/wp-content\/uploads\/2020\/02\/200106-henny-hansen-legind-vejle.jpg\",\"datePublished\":\"2020-02-01T07:22:34+00:00\",\"dateModified\":\"2024-08-12T12:07:42+00:00\",\"breadcrumb\":{\"@id\":\"https:\/\/kunmedierne.dk\/mors\/saadan-bliver-kunmors\/#breadcrumb\"},\"inLanguage\":\"da-DK\",\"potentialAction\":[{\"@type\":\"ReadAction\",\"target\":[\"https:\/\/kunmedierne.dk\/mors\/saadan-bliver-kunmors\/\"]}]},{\"@type\":\"ImageObject\",\"inLanguage\":\"da-DK\",\"@id\":\"https:\/\/kunmedierne.dk\/mors\/saadan-bliver-kunmors\/#primaryimage\",\"url\":\"https:\/\/kunmedierne.dk\/mors\/wp-content\/uploads\/2020\/02\/200106-henny-hansen-legind-vejle.jpg\",\"contentUrl\":\"https:\/\/kunmedierne.dk\/mors\/wp-content\/uploads\/2020\/02\/200106-henny-hansen-legind-vejle.jpg\",\"width\":770,\"height\":487,\"caption\":\"Legind Vejle. Foto: Henny Hansen.\"},{\"@type\":\"BreadcrumbList\",\"@id\":\"https:\/\/kunmedierne.dk\/mors\/saadan-bliver-kunmors\/#breadcrumb\",\"itemListElement\":[{\"@type\":\"ListItem\",\"position\":1,\"name\":\"Hjem\",\"item\":\"https:\/\/kunmedierne.dk\/mors\/\"},{\"@type\":\"ListItem\",\"position\":2,\"name\":\"S\u00e5dan bliver KunMors\"}]},{\"@type\":\"WebSite\",\"@id\":\"https:\/\/kunmedierne.dk\/mors\/#website\",\"url\":\"https:\/\/kunmedierne.dk\/mors\/\",\"name\":\"Mors\",\"description\":\"et netmedie med journalistik om livet p\u00e5 Mors\",\"publisher\":{\"@id\":\"https:\/\/kunmedierne.dk\/mors\/#organization\"},\"potentialAction\":[{\"@type\":\"SearchAction\",\"target\":{\"@type\":\"EntryPoint\",\"urlTemplate\":\"https:\/\/kunmedierne.dk\/mors\/?s={search_term_string}\"},\"query-input\":{\"@type\":\"PropertyValueSpecification\",\"valueRequired\":true,\"valueName\":\"search_term_string\"}}],\"inLanguage\":\"da-DK\"},{\"@type\":\"Organization\",\"@id\":\"https:\/\/kunmedierne.dk\/mors\/#organization\",\"name\":\"Mors\",\"url\":\"https:\/\/kunmedierne.dk\/mors\/\",\"logo\":{\"@type\":\"ImageObject\",\"inLanguage\":\"da-DK\",\"@id\":\"https:\/\/kunmedierne.dk\/mors\/#\/schema\/logo\/image\/\",\"url\":\"https:\/\/kunmedierne.dk\/mors\/wp-content\/uploads\/2024\/08\/kunmors-logo.svg\",\"contentUrl\":\"https:\/\/kunmedierne.dk\/mors\/wp-content\/uploads\/2024\/08\/kunmors-logo.svg\",\"caption\":\"Mors\"},\"image\":{\"@id\":\"https:\/\/kunmedierne.dk\/mors\/#\/schema\/logo\/image\/\"}},{\"@type\":\"Person\",\"@id\":\"https:\/\/kunmedierne.dk\/mors\/#\/schema\/person\/5fe23251bf1d0abbcdc6f7896579d548\",\"name\":\"David H\u00f8jmark\",\"image\":{\"@type\":\"ImageObject\",\"inLanguage\":\"da-DK\",\"@id\":\"https:\/\/kunmedierne.dk\/mors\/#\/schema\/person\/image\/\",\"url\":\"https:\/\/secure.gravatar.com\/avatar\/4315d6fb9ef244d729989f5f90268eb08d5bf8a3d84402f595fa194bb35784fd?s=96&d=mm&r=g\",\"contentUrl\":\"https:\/\/secure.gravatar.com\/avatar\/4315d6fb9ef244d729989f5f90268eb08d5bf8a3d84402f595fa194bb35784fd?s=96&d=mm&r=g\",\"caption\":\"David H\u00f8jmark\"},\"sameAs\":[\"https:\/\/www.kunmedierne.dk\"],\"url\":\"https:\/\/kunmedierne.dk\/mors\/author\/david\/\"}]}<\/script>\n<!-- \/ Yoast SEO plugin. -->","yoast_head_json":{"title":"S\u00e5dan bliver KunMors - Mors","robots":{"index":"index","follow":"follow","max-snippet":"max-snippet:-1","max-image-preview":"max-image-preview:large","max-video-preview":"max-video-preview:-1"},"canonical":"https:\/\/kunmedierne.dk\/mors\/saadan-bliver-kunmors\/","og_locale":"da_DK","og_type":"article","og_title":"S\u00e5dan bliver KunMors - Mors","og_description":"MORS: Billedet til artiklen her viser broen ved Legind Vejle &#8211; noget af det f\u00f8rste, man m\u00f8der, n\u00e5r man kommer til Mors fra \u00f8st. Det er taget af Henny Hansen fra Erslev og er p\u00e5 den m\u00e5de i sig selv en fort\u00e6lling om, hvad KunMors kommer til at indeholde. \u00d8ens nye medie skal f\u00f8rst nu [&hellip;]","og_url":"https:\/\/kunmedierne.dk\/mors\/saadan-bliver-kunmors\/","og_site_name":"Mors","article_published_time":"2020-02-01T07:22:34+00:00","article_modified_time":"2024-08-12T12:07:42+00:00","og_image":[{"width":770,"height":487,"url":"https:\/\/kunmedierne.dk\/mors\/wp-content\/uploads\/2020\/02\/200106-henny-hansen-legind-vejle.jpg","type":"image\/jpeg"}],"author":"David H\u00f8jmark","twitter_card":"summary_large_image","twitter_misc":{"Skrevet af":"David H\u00f8jmark","Estimeret l\u00e6setid":"3 minutter"},"schema":{"@context":"https:\/\/schema.org","@graph":[{"@type":"Article","@id":"https:\/\/kunmedierne.dk\/mors\/saadan-bliver-kunmors\/#article","isPartOf":{"@id":"https:\/\/kunmedierne.dk\/mors\/saadan-bliver-kunmors\/"},"author":{"name":"David H\u00f8jmark","@id":"https:\/\/kunmedierne.dk\/mors\/#\/schema\/person\/5fe23251bf1d0abbcdc6f7896579d548"},"headline":"S\u00e5dan bliver KunMors","datePublished":"2020-02-01T07:22:34+00:00","dateModified":"2024-08-12T12:07:42+00:00","mainEntityOfPage":{"@id":"https:\/\/kunmedierne.dk\/mors\/saadan-bliver-kunmors\/"},"wordCount":634,"commentCount":0,"publisher":{"@id":"https:\/\/kunmedierne.dk\/mors\/#organization"},"image":{"@id":"https:\/\/kunmedierne.dk\/mors\/saadan-bliver-kunmors\/#primaryimage"},"thumbnailUrl":"https:\/\/kunmedierne.dk\/mors\/wp-content\/uploads\/2020\/02\/200106-henny-hansen-legind-vejle.jpg","articleSection":["Lokalt"],"inLanguage":"da-DK","potentialAction":[{"@type":"CommentAction","name":"Comment","target":["https:\/\/kunmedierne.dk\/mors\/saadan-bliver-kunmors\/#respond"]}]},{"@type":"WebPage","@id":"https:\/\/kunmedierne.dk\/mors\/saadan-bliver-kunmors\/","url":"https:\/\/kunmedierne.dk\/mors\/saadan-bliver-kunmors\/","name":"S\u00e5dan bliver KunMors - Mors","isPartOf":{"@id":"https:\/\/kunmedierne.dk\/mors\/#website"},"primaryImageOfPage":{"@id":"https:\/\/kunmedierne.dk\/mors\/saadan-bliver-kunmors\/#primaryimage"},"image":{"@id":"https:\/\/kunmedierne.dk\/mors\/saadan-bliver-kunmors\/#primaryimage"},"thumbnailUrl":"https:\/\/kunmedierne.dk\/mors\/wp-content\/uploads\/2020\/02\/200106-henny-hansen-legind-vejle.jpg","datePublished":"2020-02-01T07:22:34+00:00","dateModified":"2024-08-12T12:07:42+00:00","breadcrumb":{"@id":"https:\/\/kunmedierne.dk\/mors\/saadan-bliver-kunmors\/#breadcrumb"},"inLanguage":"da-DK","potentialAction":[{"@type":"ReadAction","target":["https:\/\/kunmedierne.dk\/mors\/saadan-bliver-kunmors\/"]}]},{"@type":"ImageObject","inLanguage":"da-DK","@id":"https:\/\/kunmedierne.dk\/mors\/saadan-bliver-kunmors\/#primaryimage","url":"https:\/\/kunmedierne.dk\/mors\/wp-content\/uploads\/2020\/02\/200106-henny-hansen-legind-vejle.jpg","contentUrl":"https:\/\/kunmedierne.dk\/mors\/wp-content\/uploads\/2020\/02\/200106-henny-hansen-legind-vejle.jpg","width":770,"height":487,"caption":"Legind Vejle. Foto: Henny Hansen."},{"@type":"BreadcrumbList","@id":"https:\/\/kunmedierne.dk\/mors\/saadan-bliver-kunmors\/#breadcrumb","itemListElement":[{"@type":"ListItem","position":1,"name":"Hjem","item":"https:\/\/kunmedierne.dk\/mors\/"},{"@type":"ListItem","position":2,"name":"S\u00e5dan bliver KunMors"}]},{"@type":"WebSite","@id":"https:\/\/kunmedierne.dk\/mors\/#website","url":"https:\/\/kunmedierne.dk\/mors\/","name":"Mors","description":"et netmedie med journalistik om livet p\u00e5 Mors","publisher":{"@id":"https:\/\/kunmedierne.dk\/mors\/#organization"},"potentialAction":[{"@type":"SearchAction","target":{"@type":"EntryPoint","urlTemplate":"https:\/\/kunmedierne.dk\/mors\/?s={search_term_string}"},"query-input":{"@type":"PropertyValueSpecification","valueRequired":true,"valueName":"search_term_string"}}],"inLanguage":"da-DK"},{"@type":"Organization","@id":"https:\/\/kunmedierne.dk\/mors\/#organization","name":"Mors","url":"https:\/\/kunmedierne.dk\/mors\/","logo":{"@type":"ImageObject","inLanguage":"da-DK","@id":"https:\/\/kunmedierne.dk\/mors\/#\/schema\/logo\/image\/","url":"https:\/\/kunmedierne.dk\/mors\/wp-content\/uploads\/2024\/08\/kunmors-logo.svg","contentUrl":"https:\/\/kunmedierne.dk\/mors\/wp-content\/uploads\/2024\/08\/kunmors-logo.svg","caption":"Mors"},"image":{"@id":"https:\/\/kunmedierne.dk\/mors\/#\/schema\/logo\/image\/"}},{"@type":"Person","@id":"https:\/\/kunmedierne.dk\/mors\/#\/schema\/person\/5fe23251bf1d0abbcdc6f7896579d548","name":"David H\u00f8jmark","image":{"@type":"ImageObject","inLanguage":"da-DK","@id":"https:\/\/kunmedierne.dk\/mors\/#\/schema\/person\/image\/","url":"https:\/\/secure.gravatar.com\/avatar\/4315d6fb9ef244d729989f5f90268eb08d5bf8a3d84402f595fa194bb35784fd?s=96&d=mm&r=g","contentUrl":"https:\/\/secure.gravatar.com\/avatar\/4315d6fb9ef244d729989f5f90268eb08d5bf8a3d84402f595fa194bb35784fd?s=96&d=mm&r=g","caption":"David H\u00f8jmark"},"sameAs":["https:\/\/www.kunmedierne.dk"],"url":"https:\/\/kunmedierne.dk\/mors\/author\/david\/"}]}},"_links":{"self":[{"href":"https:\/\/kunmedierne.dk\/mors\/wp-json\/wp\/v2\/posts\/4328","targetHints":{"allow":["GET"]}}],"collection":[{"href":"https:\/\/kunmedierne.dk\/mors\/wp-json\/wp\/v2\/posts"}],"about":[{"href":"https:\/\/kunmedierne.dk\/mors\/wp-json\/wp\/v2\/types\/post"}],"author":[{"embeddable":true,"href":"https:\/\/kunmedierne.dk\/mors\/wp-json\/wp\/v2\/users\/8"}],"replies":[{"embeddable":true,"href":"https:\/\/kunmedierne.dk\/mors\/wp-json\/wp\/v2\/comments?post=4328"}],"version-history":[{"count":4,"href":"https:\/\/kunmedierne.dk\/mors\/wp-json\/wp\/v2\/posts\/4328\/revisions"}],"predecessor-version":[{"id":4960,"href":"https:\/\/kunmedierne.dk\/mors\/wp-json\/wp\/v2\/posts\/4328\/revisions\/4960"}],"wp:featuredmedia":[{"embeddable":true,"href":"https:\/\/kunmedierne.dk\/mors\/wp-json\/wp\/v2\/media\/4363"}],"wp:attachment":[{"href":"https:\/\/kunmedierne.dk\/mors\/wp-json\/wp\/v2\/media?parent=4328"}],"wp:term":[{"taxonomy":"category","embeddable":true,"href":"https:\/\/kunmedierne.dk\/mors\/wp-json\/wp\/v2\/categories?post=4328"},{"taxonomy":"post_tag","embeddable":true,"href":"https:\/\/kunmedierne.dk\/mors\/wp-json\/wp\/v2\/tags?post=4328"}],"curies":[{"name":"wp","href":"https:\/\/api.w.org\/{rel}","templated":true}]}}