{"id":43220,"date":"2021-04-13T17:45:12","date_gmt":"2021-04-13T15:45:12","guid":{"rendered":"https:\/\/kunmedierne.dk\/mors\/?p=43220"},"modified":"2024-08-12T13:37:37","modified_gmt":"2024-08-12T11:37:37","slug":"radikale-venstre-skuffet-superlandevej-forbigaaet-i-regeringens-transportudspil","status":"publish","type":"post","link":"https:\/\/kunmedierne.dk\/mors\/radikale-venstre-skuffet-superlandevej-forbigaaet-i-regeringens-transportudspil\/","title":{"rendered":"Radikale Venstre skuffet: Superlandevej forbig\u00e5et i regeringens transportudspil"},"content":{"rendered":"<p><strong>MORS\/THY<\/strong>: Regeringen har lagt sig udspil til de kommende infrastrukturforhandlinger frem, og det b\u00f8d ikke p\u00e5 den del af pakken, Radikale Venstre i Nordjylland havde \u00f8nsket sig.<\/p>\n<p>H\u00e5bet var en superlandevej fra Thisted Til Aalborg. Det \u00f8nske fik opbakning fra partiets transportordf\u00f8rer p\u00e5 Christiansborg, Rasmus Helveg Petersen, og den radikale folketingsgruppe -og det blev taget med i Radikale Venstres samlede transportudspil og opl\u00e6g til forhandlingerne.<\/p>\n<p class=\"v1MsoNormal\">Men superlandevejen dukkede ikke op i regerings udspil, og det f\u00e5r nu Bo Fink, lokal kandidat for partiet til efter\u00e5rets kommunal- og regionsr\u00e5dsvalg, til at markere sig. <a href=\"https:\/\/www.braendselsforeningen.dk\/\"><img loading=\"lazy\" decoding=\"async\" class=\"alignright size-full wp-image-42314\" src=\"https:\/\/kunmedierne.dk\/mors\/wp-content\/uploads\/2021\/03\/te6.jpg\" alt=\"\" width=\"1425\" height=\"127\" srcset=\"https:\/\/kunmedierne.dk\/mors\/wp-content\/uploads\/2021\/03\/te6.jpg 1425w, https:\/\/kunmedierne.dk\/mors\/wp-content\/uploads\/2021\/03\/te6-300x27.jpg 300w, https:\/\/kunmedierne.dk\/mors\/wp-content\/uploads\/2021\/03\/te6-1024x91.jpg 1024w, https:\/\/kunmedierne.dk\/mors\/wp-content\/uploads\/2021\/03\/te6-768x68.jpg 768w, https:\/\/kunmedierne.dk\/mors\/wp-content\/uploads\/2021\/03\/te6-600x53.jpg 600w\" sizes=\"auto, (max-width: 1425px) 100vw, 1425px\" \/><\/a><\/p>\n<p class=\"v1MsoNormal\">\u201dRegeringens trafikudspil satser desv\u00e6rre mere p\u00e5 motorveje end superlandeveje. Det er derfor mit h\u00e5b, at Rasmus Helveg Petersen og den radikale folketingsgruppe lykkes med at presse superlandevejene igennem, n\u00e5r forhandlingerne g\u00e5r i gang. Der er stort behov for at binde Region Nordjylland sammen med en hurtig \u00f8st-vestg\u00e5ende forbindelse mellem Thisted og Aalborg til gavn for b\u00e5de den private og kollektive trafik, fordi der ogs\u00e5 kan inds\u00e6ttes ekspresbusser af togkvalitet p\u00e5 en superlandevej\u201d lyder det fra Bo Fink i en pressemeddelelse fra Radikale Venstre.<\/p>\n<p>&nbsp;<\/p>\n<p><strong>Burde ligge til h\u00f8jrebenet<\/strong><\/p>\n<p class=\"v1MsoNormal\">En superlandevej er ogs\u00e5 kendt som en 2+1 vej. Det er en vejtype, hvor det er tilladt at k\u00f8re 100 km\/t &#8211; og med skiftevis en eller to k\u00f8rebaner i hver sin retning.<\/p>\n<p class=\"v1MsoNormal\">&#8220;Denne vejtype har som regel tre gennemg\u00e5ende k\u00f8rebaner p\u00e5 hele str\u00e6kningen, og er langt billigere end motorveje,&#8221; lyder det i en pressemeddelelsen, der ogs\u00e5 citerer Rasmus Helveg Petersen.<\/p>\n<p class=\"v1MsoNormal\">\u201dEn superlandevej fra Thisted til Aalborg og motorvejsnettet burde ligge lige til h\u00f8jrebenet i et infrastrukturudspil. Borgere og virksomheder i Thisted og Nordjylland har brug for en ordentlig forbindelse til omverden, og derfor havde vi ogs\u00e5 valgt at tage Bos forslag om en superlandevej med i Radikale Venstres samlede udspil til forhandlingerne. Det bliver op ad bakke, n\u00e5r regeringen nu valgte at se bort fra superlandevejen, men jeg kan garantere, at vi ikke stopper kampen her\u201d, siger Rasmus Helveg Petersen. <a href=\"https:\/\/morsoe-begravelsesforretning.dk\/\"><img loading=\"lazy\" decoding=\"async\" class=\"alignright size-full wp-image-42315\" src=\"https:\/\/kunmedierne.dk\/mors\/wp-content\/uploads\/2021\/03\/te7.jpg\" alt=\"\" width=\"1425\" height=\"127\" srcset=\"https:\/\/kunmedierne.dk\/mors\/wp-content\/uploads\/2021\/03\/te7.jpg 1425w, https:\/\/kunmedierne.dk\/mors\/wp-content\/uploads\/2021\/03\/te7-300x27.jpg 300w, https:\/\/kunmedierne.dk\/mors\/wp-content\/uploads\/2021\/03\/te7-1024x91.jpg 1024w, https:\/\/kunmedierne.dk\/mors\/wp-content\/uploads\/2021\/03\/te7-768x68.jpg 768w, https:\/\/kunmedierne.dk\/mors\/wp-content\/uploads\/2021\/03\/te7-600x53.jpg 600w\" sizes=\"auto, (max-width: 1425px) 100vw, 1425px\" \/><\/a><\/p>\n<p class=\"v1MsoNormal\">Bo Fink h\u00e6fter sig ved, at det is\u00e6r er str\u00e6kningen fra Brovst til Aalborg, der b\u00e5de trafik- og milj\u00f8m\u00e6ssigt er problematisk. Han er derfor \u00e5ben for b\u00e5de en stor og en lille l\u00f8sning, hvor man i sidste tilf\u00e6lde fokusere mere isoleret p\u00e5 at afhj\u00e6lpe generne p\u00e5 denne str\u00e6kning.<\/p>\n<p class=\"v1MsoNormal\">\u201dEn omfartsvej alene uden om Halvrimmen og Arentsminde vil give en tidsm\u00e6ssig gevinst og forbedringer i det n\u00e6re milj\u00f8, og vil i sig selv v\u00e6re en rigtig god investering. Den vil dog \u00f8ge vejl\u00e6ngden. Men anl\u00e6gges der i stedet en omfartsvej, der forbinder Brovst med Vejlen t\u00e6t ved Vadum og Aalborg lufthavn, kan der opn\u00e5s en endnu st\u00f8rre tidsbesparelse og store CO2-besparelser, fordi vejstr\u00e6kningen afkortes med cirka 3 kilometer. Med en trafikt\u00e6thed p\u00e5 omtrent 8.000 biler dagligt vil denne l\u00f8sning give en reduktion p\u00e5 24.000 k\u00f8rte kilometer dagligt,\u201d siger Bo Fink.<\/p>\n","protected":false},"excerpt":{"rendered":"<p>MORS\/THY: Regeringen har lagt sig udspil til de kommende infrastrukturforhandlinger frem, og det b\u00f8d ikke p\u00e5 den del af pakken, Radikale Venstre i Nordjylland havde \u00f8nsket sig. H\u00e5bet var en superlandevej fra Thisted Til Aalborg. Det \u00f8nske fik opbakning fra partiets transportordf\u00f8rer p\u00e5 Christiansborg, Rasmus Helveg Petersen, og den radikale folketingsgruppe -og det blev taget [&hellip;]<\/p>\n","protected":false},"author":8,"featured_media":42155,"comment_status":"open","ping_status":"open","sticky":false,"template":"","format":"standard","meta":{"_acf_changed":false,"footnotes":""},"categories":[51],"tags":[167],"class_list":["post-43220","post","type-post","status-publish","format-standard","has-post-thumbnail","hentry","category-lokalt","tag-politik"],"acf":[],"yoast_head":"<!-- This site is optimized with the Yoast SEO plugin v26.8 - https:\/\/yoast.com\/product\/yoast-seo-wordpress\/ -->\n<title>Radikale Venstre skuffet: Superlandevej forbig\u00e5et i regeringens transportudspil - Mors<\/title>\n<meta name=\"robots\" content=\"index, follow, max-snippet:-1, max-image-preview:large, max-video-preview:-1\" \/>\n<link rel=\"canonical\" href=\"https:\/\/kunmedierne.dk\/mors\/radikale-venstre-skuffet-superlandevej-forbigaaet-i-regeringens-transportudspil\/\" \/>\n<meta property=\"og:locale\" content=\"da_DK\" \/>\n<meta property=\"og:type\" content=\"article\" \/>\n<meta property=\"og:title\" content=\"Radikale Venstre skuffet: Superlandevej forbig\u00e5et i regeringens transportudspil - Mors\" \/>\n<meta property=\"og:description\" content=\"MORS\/THY: Regeringen har lagt sig udspil til de kommende infrastrukturforhandlinger frem, og det b\u00f8d ikke p\u00e5 den del af pakken, Radikale Venstre i Nordjylland havde \u00f8nsket sig. H\u00e5bet var en superlandevej fra Thisted Til Aalborg. Det \u00f8nske fik opbakning fra partiets transportordf\u00f8rer p\u00e5 Christiansborg, Rasmus Helveg Petersen, og den radikale folketingsgruppe -og det blev taget [&hellip;]\" \/>\n<meta property=\"og:url\" content=\"https:\/\/kunmedierne.dk\/mors\/radikale-venstre-skuffet-superlandevej-forbigaaet-i-regeringens-transportudspil\/\" \/>\n<meta property=\"og:site_name\" content=\"Mors\" \/>\n<meta property=\"article:published_time\" content=\"2021-04-13T15:45:12+00:00\" \/>\n<meta property=\"article:modified_time\" content=\"2024-08-12T11:37:37+00:00\" \/>\n<meta property=\"og:image\" content=\"https:\/\/kunmedierne.dk\/mors\/wp-content\/uploads\/2021\/03\/bo-fink-superlandevej.jpg\" \/>\n\t<meta property=\"og:image:width\" content=\"770\" \/>\n\t<meta property=\"og:image:height\" content=\"513\" \/>\n\t<meta property=\"og:image:type\" content=\"image\/jpeg\" \/>\n<meta name=\"author\" content=\"David H\u00f8jmark\" \/>\n<meta name=\"twitter:card\" content=\"summary_large_image\" \/>\n<meta name=\"twitter:label1\" content=\"Skrevet af\" \/>\n\t<meta name=\"twitter:data1\" content=\"David H\u00f8jmark\" \/>\n\t<meta name=\"twitter:label2\" content=\"Estimeret l\u00e6setid\" \/>\n\t<meta name=\"twitter:data2\" content=\"3 minutter\" \/>\n<script type=\"application\/ld+json\" class=\"yoast-schema-graph\">{\"@context\":\"https:\/\/schema.org\",\"@graph\":[{\"@type\":\"Article\",\"@id\":\"https:\/\/kunmedierne.dk\/mors\/radikale-venstre-skuffet-superlandevej-forbigaaet-i-regeringens-transportudspil\/#article\",\"isPartOf\":{\"@id\":\"https:\/\/kunmedierne.dk\/mors\/radikale-venstre-skuffet-superlandevej-forbigaaet-i-regeringens-transportudspil\/\"},\"author\":{\"name\":\"David H\u00f8jmark\",\"@id\":\"https:\/\/kunmedierne.dk\/mors\/#\/schema\/person\/5fe23251bf1d0abbcdc6f7896579d548\"},\"headline\":\"Radikale Venstre skuffet: Superlandevej forbig\u00e5et i regeringens transportudspil\",\"datePublished\":\"2021-04-13T15:45:12+00:00\",\"dateModified\":\"2024-08-12T11:37:37+00:00\",\"mainEntityOfPage\":{\"@id\":\"https:\/\/kunmedierne.dk\/mors\/radikale-venstre-skuffet-superlandevej-forbigaaet-i-regeringens-transportudspil\/\"},\"wordCount\":512,\"commentCount\":0,\"publisher\":{\"@id\":\"https:\/\/kunmedierne.dk\/mors\/#organization\"},\"image\":{\"@id\":\"https:\/\/kunmedierne.dk\/mors\/radikale-venstre-skuffet-superlandevej-forbigaaet-i-regeringens-transportudspil\/#primaryimage\"},\"thumbnailUrl\":\"https:\/\/kunmedierne.dk\/mors\/wp-content\/uploads\/2021\/03\/bo-fink-superlandevej.jpg\",\"keywords\":[\"Politik\"],\"articleSection\":[\"Lokalt\"],\"inLanguage\":\"da-DK\",\"potentialAction\":[{\"@type\":\"CommentAction\",\"name\":\"Comment\",\"target\":[\"https:\/\/kunmedierne.dk\/mors\/radikale-venstre-skuffet-superlandevej-forbigaaet-i-regeringens-transportudspil\/#respond\"]}]},{\"@type\":\"WebPage\",\"@id\":\"https:\/\/kunmedierne.dk\/mors\/radikale-venstre-skuffet-superlandevej-forbigaaet-i-regeringens-transportudspil\/\",\"url\":\"https:\/\/kunmedierne.dk\/mors\/radikale-venstre-skuffet-superlandevej-forbigaaet-i-regeringens-transportudspil\/\",\"name\":\"Radikale Venstre skuffet: Superlandevej forbig\u00e5et i regeringens transportudspil - Mors\",\"isPartOf\":{\"@id\":\"https:\/\/kunmedierne.dk\/mors\/#website\"},\"primaryImageOfPage\":{\"@id\":\"https:\/\/kunmedierne.dk\/mors\/radikale-venstre-skuffet-superlandevej-forbigaaet-i-regeringens-transportudspil\/#primaryimage\"},\"image\":{\"@id\":\"https:\/\/kunmedierne.dk\/mors\/radikale-venstre-skuffet-superlandevej-forbigaaet-i-regeringens-transportudspil\/#primaryimage\"},\"thumbnailUrl\":\"https:\/\/kunmedierne.dk\/mors\/wp-content\/uploads\/2021\/03\/bo-fink-superlandevej.jpg\",\"datePublished\":\"2021-04-13T15:45:12+00:00\",\"dateModified\":\"2024-08-12T11:37:37+00:00\",\"breadcrumb\":{\"@id\":\"https:\/\/kunmedierne.dk\/mors\/radikale-venstre-skuffet-superlandevej-forbigaaet-i-regeringens-transportudspil\/#breadcrumb\"},\"inLanguage\":\"da-DK\",\"potentialAction\":[{\"@type\":\"ReadAction\",\"target\":[\"https:\/\/kunmedierne.dk\/mors\/radikale-venstre-skuffet-superlandevej-forbigaaet-i-regeringens-transportudspil\/\"]}]},{\"@type\":\"ImageObject\",\"inLanguage\":\"da-DK\",\"@id\":\"https:\/\/kunmedierne.dk\/mors\/radikale-venstre-skuffet-superlandevej-forbigaaet-i-regeringens-transportudspil\/#primaryimage\",\"url\":\"https:\/\/kunmedierne.dk\/mors\/wp-content\/uploads\/2021\/03\/bo-fink-superlandevej.jpg\",\"contentUrl\":\"https:\/\/kunmedierne.dk\/mors\/wp-content\/uploads\/2021\/03\/bo-fink-superlandevej.jpg\",\"width\":770,\"height\":513,\"caption\":\"Bo Fink \u00f8nsker opgradering af landevej mellem Thisted og Aalborg.\"},{\"@type\":\"BreadcrumbList\",\"@id\":\"https:\/\/kunmedierne.dk\/mors\/radikale-venstre-skuffet-superlandevej-forbigaaet-i-regeringens-transportudspil\/#breadcrumb\",\"itemListElement\":[{\"@type\":\"ListItem\",\"position\":1,\"name\":\"Hjem\",\"item\":\"https:\/\/kunmedierne.dk\/mors\/\"},{\"@type\":\"ListItem\",\"position\":2,\"name\":\"Radikale Venstre skuffet: Superlandevej forbig\u00e5et i regeringens transportudspil\"}]},{\"@type\":\"WebSite\",\"@id\":\"https:\/\/kunmedierne.dk\/mors\/#website\",\"url\":\"https:\/\/kunmedierne.dk\/mors\/\",\"name\":\"Mors\",\"description\":\"et netmedie med journalistik om livet p\u00e5 Mors\",\"publisher\":{\"@id\":\"https:\/\/kunmedierne.dk\/mors\/#organization\"},\"potentialAction\":[{\"@type\":\"SearchAction\",\"target\":{\"@type\":\"EntryPoint\",\"urlTemplate\":\"https:\/\/kunmedierne.dk\/mors\/?s={search_term_string}\"},\"query-input\":{\"@type\":\"PropertyValueSpecification\",\"valueRequired\":true,\"valueName\":\"search_term_string\"}}],\"inLanguage\":\"da-DK\"},{\"@type\":\"Organization\",\"@id\":\"https:\/\/kunmedierne.dk\/mors\/#organization\",\"name\":\"Mors\",\"url\":\"https:\/\/kunmedierne.dk\/mors\/\",\"logo\":{\"@type\":\"ImageObject\",\"inLanguage\":\"da-DK\",\"@id\":\"https:\/\/kunmedierne.dk\/mors\/#\/schema\/logo\/image\/\",\"url\":\"https:\/\/kunmedierne.dk\/mors\/wp-content\/uploads\/2024\/08\/kunmors-logo.svg\",\"contentUrl\":\"https:\/\/kunmedierne.dk\/mors\/wp-content\/uploads\/2024\/08\/kunmors-logo.svg\",\"caption\":\"Mors\"},\"image\":{\"@id\":\"https:\/\/kunmedierne.dk\/mors\/#\/schema\/logo\/image\/\"}},{\"@type\":\"Person\",\"@id\":\"https:\/\/kunmedierne.dk\/mors\/#\/schema\/person\/5fe23251bf1d0abbcdc6f7896579d548\",\"name\":\"David H\u00f8jmark\",\"image\":{\"@type\":\"ImageObject\",\"inLanguage\":\"da-DK\",\"@id\":\"https:\/\/kunmedierne.dk\/mors\/#\/schema\/person\/image\/\",\"url\":\"https:\/\/secure.gravatar.com\/avatar\/4315d6fb9ef244d729989f5f90268eb08d5bf8a3d84402f595fa194bb35784fd?s=96&d=mm&r=g\",\"contentUrl\":\"https:\/\/secure.gravatar.com\/avatar\/4315d6fb9ef244d729989f5f90268eb08d5bf8a3d84402f595fa194bb35784fd?s=96&d=mm&r=g\",\"caption\":\"David H\u00f8jmark\"},\"sameAs\":[\"https:\/\/www.kunmedierne.dk\"],\"url\":\"https:\/\/kunmedierne.dk\/mors\/author\/david\/\"}]}<\/script>\n<!-- \/ Yoast SEO plugin. -->","yoast_head_json":{"title":"Radikale Venstre skuffet: Superlandevej forbig\u00e5et i regeringens transportudspil - Mors","robots":{"index":"index","follow":"follow","max-snippet":"max-snippet:-1","max-image-preview":"max-image-preview:large","max-video-preview":"max-video-preview:-1"},"canonical":"https:\/\/kunmedierne.dk\/mors\/radikale-venstre-skuffet-superlandevej-forbigaaet-i-regeringens-transportudspil\/","og_locale":"da_DK","og_type":"article","og_title":"Radikale Venstre skuffet: Superlandevej forbig\u00e5et i regeringens transportudspil - Mors","og_description":"MORS\/THY: Regeringen har lagt sig udspil til de kommende infrastrukturforhandlinger frem, og det b\u00f8d ikke p\u00e5 den del af pakken, Radikale Venstre i Nordjylland havde \u00f8nsket sig. H\u00e5bet var en superlandevej fra Thisted Til Aalborg. Det \u00f8nske fik opbakning fra partiets transportordf\u00f8rer p\u00e5 Christiansborg, Rasmus Helveg Petersen, og den radikale folketingsgruppe -og det blev taget [&hellip;]","og_url":"https:\/\/kunmedierne.dk\/mors\/radikale-venstre-skuffet-superlandevej-forbigaaet-i-regeringens-transportudspil\/","og_site_name":"Mors","article_published_time":"2021-04-13T15:45:12+00:00","article_modified_time":"2024-08-12T11:37:37+00:00","og_image":[{"width":770,"height":513,"url":"https:\/\/kunmedierne.dk\/mors\/wp-content\/uploads\/2021\/03\/bo-fink-superlandevej.jpg","type":"image\/jpeg"}],"author":"David H\u00f8jmark","twitter_card":"summary_large_image","twitter_misc":{"Skrevet af":"David H\u00f8jmark","Estimeret l\u00e6setid":"3 minutter"},"schema":{"@context":"https:\/\/schema.org","@graph":[{"@type":"Article","@id":"https:\/\/kunmedierne.dk\/mors\/radikale-venstre-skuffet-superlandevej-forbigaaet-i-regeringens-transportudspil\/#article","isPartOf":{"@id":"https:\/\/kunmedierne.dk\/mors\/radikale-venstre-skuffet-superlandevej-forbigaaet-i-regeringens-transportudspil\/"},"author":{"name":"David H\u00f8jmark","@id":"https:\/\/kunmedierne.dk\/mors\/#\/schema\/person\/5fe23251bf1d0abbcdc6f7896579d548"},"headline":"Radikale Venstre skuffet: Superlandevej forbig\u00e5et i regeringens transportudspil","datePublished":"2021-04-13T15:45:12+00:00","dateModified":"2024-08-12T11:37:37+00:00","mainEntityOfPage":{"@id":"https:\/\/kunmedierne.dk\/mors\/radikale-venstre-skuffet-superlandevej-forbigaaet-i-regeringens-transportudspil\/"},"wordCount":512,"commentCount":0,"publisher":{"@id":"https:\/\/kunmedierne.dk\/mors\/#organization"},"image":{"@id":"https:\/\/kunmedierne.dk\/mors\/radikale-venstre-skuffet-superlandevej-forbigaaet-i-regeringens-transportudspil\/#primaryimage"},"thumbnailUrl":"https:\/\/kunmedierne.dk\/mors\/wp-content\/uploads\/2021\/03\/bo-fink-superlandevej.jpg","keywords":["Politik"],"articleSection":["Lokalt"],"inLanguage":"da-DK","potentialAction":[{"@type":"CommentAction","name":"Comment","target":["https:\/\/kunmedierne.dk\/mors\/radikale-venstre-skuffet-superlandevej-forbigaaet-i-regeringens-transportudspil\/#respond"]}]},{"@type":"WebPage","@id":"https:\/\/kunmedierne.dk\/mors\/radikale-venstre-skuffet-superlandevej-forbigaaet-i-regeringens-transportudspil\/","url":"https:\/\/kunmedierne.dk\/mors\/radikale-venstre-skuffet-superlandevej-forbigaaet-i-regeringens-transportudspil\/","name":"Radikale Venstre skuffet: Superlandevej forbig\u00e5et i regeringens transportudspil - Mors","isPartOf":{"@id":"https:\/\/kunmedierne.dk\/mors\/#website"},"primaryImageOfPage":{"@id":"https:\/\/kunmedierne.dk\/mors\/radikale-venstre-skuffet-superlandevej-forbigaaet-i-regeringens-transportudspil\/#primaryimage"},"image":{"@id":"https:\/\/kunmedierne.dk\/mors\/radikale-venstre-skuffet-superlandevej-forbigaaet-i-regeringens-transportudspil\/#primaryimage"},"thumbnailUrl":"https:\/\/kunmedierne.dk\/mors\/wp-content\/uploads\/2021\/03\/bo-fink-superlandevej.jpg","datePublished":"2021-04-13T15:45:12+00:00","dateModified":"2024-08-12T11:37:37+00:00","breadcrumb":{"@id":"https:\/\/kunmedierne.dk\/mors\/radikale-venstre-skuffet-superlandevej-forbigaaet-i-regeringens-transportudspil\/#breadcrumb"},"inLanguage":"da-DK","potentialAction":[{"@type":"ReadAction","target":["https:\/\/kunmedierne.dk\/mors\/radikale-venstre-skuffet-superlandevej-forbigaaet-i-regeringens-transportudspil\/"]}]},{"@type":"ImageObject","inLanguage":"da-DK","@id":"https:\/\/kunmedierne.dk\/mors\/radikale-venstre-skuffet-superlandevej-forbigaaet-i-regeringens-transportudspil\/#primaryimage","url":"https:\/\/kunmedierne.dk\/mors\/wp-content\/uploads\/2021\/03\/bo-fink-superlandevej.jpg","contentUrl":"https:\/\/kunmedierne.dk\/mors\/wp-content\/uploads\/2021\/03\/bo-fink-superlandevej.jpg","width":770,"height":513,"caption":"Bo Fink \u00f8nsker opgradering af landevej mellem Thisted og Aalborg."},{"@type":"BreadcrumbList","@id":"https:\/\/kunmedierne.dk\/mors\/radikale-venstre-skuffet-superlandevej-forbigaaet-i-regeringens-transportudspil\/#breadcrumb","itemListElement":[{"@type":"ListItem","position":1,"name":"Hjem","item":"https:\/\/kunmedierne.dk\/mors\/"},{"@type":"ListItem","position":2,"name":"Radikale Venstre skuffet: Superlandevej forbig\u00e5et i regeringens transportudspil"}]},{"@type":"WebSite","@id":"https:\/\/kunmedierne.dk\/mors\/#website","url":"https:\/\/kunmedierne.dk\/mors\/","name":"Mors","description":"et netmedie med journalistik om livet p\u00e5 Mors","publisher":{"@id":"https:\/\/kunmedierne.dk\/mors\/#organization"},"potentialAction":[{"@type":"SearchAction","target":{"@type":"EntryPoint","urlTemplate":"https:\/\/kunmedierne.dk\/mors\/?s={search_term_string}"},"query-input":{"@type":"PropertyValueSpecification","valueRequired":true,"valueName":"search_term_string"}}],"inLanguage":"da-DK"},{"@type":"Organization","@id":"https:\/\/kunmedierne.dk\/mors\/#organization","name":"Mors","url":"https:\/\/kunmedierne.dk\/mors\/","logo":{"@type":"ImageObject","inLanguage":"da-DK","@id":"https:\/\/kunmedierne.dk\/mors\/#\/schema\/logo\/image\/","url":"https:\/\/kunmedierne.dk\/mors\/wp-content\/uploads\/2024\/08\/kunmors-logo.svg","contentUrl":"https:\/\/kunmedierne.dk\/mors\/wp-content\/uploads\/2024\/08\/kunmors-logo.svg","caption":"Mors"},"image":{"@id":"https:\/\/kunmedierne.dk\/mors\/#\/schema\/logo\/image\/"}},{"@type":"Person","@id":"https:\/\/kunmedierne.dk\/mors\/#\/schema\/person\/5fe23251bf1d0abbcdc6f7896579d548","name":"David H\u00f8jmark","image":{"@type":"ImageObject","inLanguage":"da-DK","@id":"https:\/\/kunmedierne.dk\/mors\/#\/schema\/person\/image\/","url":"https:\/\/secure.gravatar.com\/avatar\/4315d6fb9ef244d729989f5f90268eb08d5bf8a3d84402f595fa194bb35784fd?s=96&d=mm&r=g","contentUrl":"https:\/\/secure.gravatar.com\/avatar\/4315d6fb9ef244d729989f5f90268eb08d5bf8a3d84402f595fa194bb35784fd?s=96&d=mm&r=g","caption":"David H\u00f8jmark"},"sameAs":["https:\/\/www.kunmedierne.dk"],"url":"https:\/\/kunmedierne.dk\/mors\/author\/david\/"}]}},"_links":{"self":[{"href":"https:\/\/kunmedierne.dk\/mors\/wp-json\/wp\/v2\/posts\/43220","targetHints":{"allow":["GET"]}}],"collection":[{"href":"https:\/\/kunmedierne.dk\/mors\/wp-json\/wp\/v2\/posts"}],"about":[{"href":"https:\/\/kunmedierne.dk\/mors\/wp-json\/wp\/v2\/types\/post"}],"author":[{"embeddable":true,"href":"https:\/\/kunmedierne.dk\/mors\/wp-json\/wp\/v2\/users\/8"}],"replies":[{"embeddable":true,"href":"https:\/\/kunmedierne.dk\/mors\/wp-json\/wp\/v2\/comments?post=43220"}],"version-history":[{"count":2,"href":"https:\/\/kunmedierne.dk\/mors\/wp-json\/wp\/v2\/posts\/43220\/revisions"}],"predecessor-version":[{"id":43227,"href":"https:\/\/kunmedierne.dk\/mors\/wp-json\/wp\/v2\/posts\/43220\/revisions\/43227"}],"wp:featuredmedia":[{"embeddable":true,"href":"https:\/\/kunmedierne.dk\/mors\/wp-json\/wp\/v2\/media\/42155"}],"wp:attachment":[{"href":"https:\/\/kunmedierne.dk\/mors\/wp-json\/wp\/v2\/media?parent=43220"}],"wp:term":[{"taxonomy":"category","embeddable":true,"href":"https:\/\/kunmedierne.dk\/mors\/wp-json\/wp\/v2\/categories?post=43220"},{"taxonomy":"post_tag","embeddable":true,"href":"https:\/\/kunmedierne.dk\/mors\/wp-json\/wp\/v2\/tags?post=43220"}],"curies":[{"name":"wp","href":"https:\/\/api.w.org\/{rel}","templated":true}]}}