{"id":43203,"date":"2021-04-13T10:08:33","date_gmt":"2021-04-13T08:08:33","guid":{"rendered":"https:\/\/kunmedierne.dk\/mors\/?p=43203"},"modified":"2024-08-12T13:37:37","modified_gmt":"2024-08-12T11:37:37","slug":"ny-salgsleder-hos-frovin-vinduer-doere","status":"publish","type":"post","link":"https:\/\/kunmedierne.dk\/mors\/ny-salgsleder-hos-frovin-vinduer-doere\/","title":{"rendered":"Ny salgsleder hos Frovin Vinduer &#038; D\u00f8re"},"content":{"rendered":"<p style=\"text-align: center;\"><em>Frovin Vinduer &amp; D\u00f8re har sendt dette til KunMors.<\/em><\/p>\n<hr \/>\n<p><b>NYK\u00d8BING: <\/b>En af Danmarks st\u00f8rste og f\u00f8rende producenter af nicheproduktet koblede vinduer og d\u00f8re, som anvendes til \u00e6ldre og bevaringsv\u00e6rdige bygninger, opruster nu betydeligt p\u00e5 salgsfronten. Frovin Vinduer &amp; D\u00f8re, der har kontor i K\u00f8benhavn og produktion i Nyk\u00f8bing Mors, har nemlig netop ansat den 51-\u00e5rige Jan Saabye i en nyoprettet stilling som salgsleder, og han skal s\u00e5ledes bidrage til et v\u00e6sentligt l\u00f8ft af salgsindsatsen.<\/p>\n<p>&#8220;Med Jans mange\u00e5rige erfaring fra byggebranchen, b\u00e5de som ansat i andre vinduesvirksomheder og som selvst\u00e6ndig, har vi f\u00e5et en tung salgsprofil ombord, som passer perfekt til jobbet. Han kender markedet for vinduer og d\u00f8re og er en velkendt profil i arkitektbranchen. Han er derfor en helt oplagt key account manager og ansigt udadtil for os,&#8221; siger salgschef hos Frovin Vinduer &amp; D\u00f8re, Peter Bechmann. <a href=\"https:\/\/konpap.dk\/\"><img loading=\"lazy\" decoding=\"async\" class=\"alignright size-full wp-image-42326\" src=\"https:\/\/kunmedierne.dk\/mors\/wp-content\/uploads\/2021\/03\/te10.jpg\" alt=\"\" width=\"1400\" height=\"125\" srcset=\"https:\/\/kunmedierne.dk\/mors\/wp-content\/uploads\/2021\/03\/te10.jpg 1400w, https:\/\/kunmedierne.dk\/mors\/wp-content\/uploads\/2021\/03\/te10-300x27.jpg 300w, https:\/\/kunmedierne.dk\/mors\/wp-content\/uploads\/2021\/03\/te10-1024x91.jpg 1024w, https:\/\/kunmedierne.dk\/mors\/wp-content\/uploads\/2021\/03\/te10-768x69.jpg 768w, https:\/\/kunmedierne.dk\/mors\/wp-content\/uploads\/2021\/03\/te10-600x54.jpg 600w\" sizes=\"auto, (max-width: 1400px) 100vw, 1400px\" \/><\/a><i><\/i><\/p>\n<p>Jan Saabye er oprindeligt uddannet t\u00f8mrer og byggetekniker, men har i de seneste mange \u00e5r is\u00e6r besk\u00e6ftiget sig med salg og markedsf\u00f8ring i byggebranchen. De seneste seks \u00e5r har han drevet egen virksomhed, hvor is\u00e6r B2B-salg til arkitekter, designere og entrepren\u00f8rer har fyldt meget, og den erfaring og det netv\u00e6rk, han herigennem har opbygget, kan han i h\u00f8j grad tr\u00e6kke p\u00e5 i sin nye stilling hos Frovin:<\/p>\n<p>&#8220;Frovin er en afsindigt sp\u00e6ndende virksomhed med h\u00f8jt specialiserede produkter, der kombinerer moderne funktionalitet med \u00e6stetik og rigtig godt h\u00e5ndv\u00e6rk, som yder respekt for den oprindelige arkitektur i blandt andet klassiske patriciervillaer og store boligforeninger. Med ansvaret for kunderne og det daglige salg er jeg rigtig glad for at kunne s\u00e6tte mit store netv\u00e6rk i spil inden for bygge- og arkitektbranchen og bidrage til, at Frovin i endnu h\u00f8jere grad er den foretrukne leverand\u00f8r af koblede vinduer og d\u00f8re hos arkitekter og bygherrer fremadrettet,&#8221;\u00a0siger Jan Saabye.<\/p>\n<p>Jan Saabye tiltr\u00e5dte som salgsleder hos Frovin Vinduer &amp; D\u00f8re i marts og holder til p\u00e5 Frovins kontor i K\u00f8benhavn. Privat er han bosat i K\u00f8benhavn, men har ogs\u00e5 et hus i det nordjyske med sin k\u00e6reste, og han vil s\u00e5ledes ogs\u00e5 ofte have mulighed for at v\u00e6re til stede i Nyk\u00f8bing Mors, hvor Frovin Vinduer &amp; D\u00f8re har produktion.<\/p>\n<hr \/>\n<p><em>Har du eller din virksomhed bidrag til navnesiden p\u00e5 KunMors. Send en e-mail til os p\u00e5: navne@kunmedierne.dk\/mors<\/em><\/p>\n","protected":false},"excerpt":{"rendered":"<p>Frovin Vinduer &amp; D\u00f8re har sendt dette til KunMors. NYK\u00d8BING: En af Danmarks st\u00f8rste og f\u00f8rende producenter af nicheproduktet koblede vinduer og d\u00f8re, som anvendes til \u00e6ldre og bevaringsv\u00e6rdige bygninger, opruster nu betydeligt p\u00e5 salgsfronten. Frovin Vinduer &amp; D\u00f8re, der har kontor i K\u00f8benhavn og produktion i Nyk\u00f8bing Mors, har nemlig netop ansat den 51-\u00e5rige [&hellip;]<\/p>\n","protected":false},"author":264,"featured_media":43206,"comment_status":"open","ping_status":"open","sticky":false,"template":"","format":"standard","meta":{"_acf_changed":false,"footnotes":""},"categories":[52],"tags":[159],"class_list":["post-43203","post","type-post","status-publish","format-standard","has-post-thumbnail","hentry","category-navne","tag-erhverv"],"acf":[],"yoast_head":"<!-- This site is optimized with the Yoast SEO plugin v26.8 - https:\/\/yoast.com\/product\/yoast-seo-wordpress\/ -->\n<title>Ny salgsleder hos Frovin Vinduer &amp; D\u00f8re - Mors<\/title>\n<meta name=\"robots\" content=\"index, follow, max-snippet:-1, max-image-preview:large, max-video-preview:-1\" \/>\n<link rel=\"canonical\" href=\"https:\/\/kunmedierne.dk\/mors\/ny-salgsleder-hos-frovin-vinduer-doere\/\" \/>\n<meta property=\"og:locale\" content=\"da_DK\" \/>\n<meta property=\"og:type\" content=\"article\" \/>\n<meta property=\"og:title\" content=\"Ny salgsleder hos Frovin Vinduer &amp; D\u00f8re - Mors\" \/>\n<meta property=\"og:description\" content=\"Frovin Vinduer &amp; D\u00f8re har sendt dette til KunMors. NYK\u00d8BING: En af Danmarks st\u00f8rste og f\u00f8rende producenter af nicheproduktet koblede vinduer og d\u00f8re, som anvendes til \u00e6ldre og bevaringsv\u00e6rdige bygninger, opruster nu betydeligt p\u00e5 salgsfronten. Frovin Vinduer &amp; D\u00f8re, der har kontor i K\u00f8benhavn og produktion i Nyk\u00f8bing Mors, har nemlig netop ansat den 51-\u00e5rige [&hellip;]\" \/>\n<meta property=\"og:url\" content=\"https:\/\/kunmedierne.dk\/mors\/ny-salgsleder-hos-frovin-vinduer-doere\/\" \/>\n<meta property=\"og:site_name\" content=\"Mors\" \/>\n<meta property=\"article:published_time\" content=\"2021-04-13T08:08:33+00:00\" \/>\n<meta property=\"article:modified_time\" content=\"2024-08-12T11:37:37+00:00\" \/>\n<meta property=\"og:image\" content=\"https:\/\/kunmedierne.dk\/mors\/wp-content\/uploads\/2021\/04\/Billede-2_Jan-Saabye.jpg\" \/>\n\t<meta property=\"og:image:width\" content=\"770\" \/>\n\t<meta property=\"og:image:height\" content=\"513\" \/>\n\t<meta property=\"og:image:type\" content=\"image\/jpeg\" \/>\n<meta name=\"author\" content=\"Navne\" \/>\n<meta name=\"twitter:card\" content=\"summary_large_image\" \/>\n<meta name=\"twitter:label1\" content=\"Skrevet af\" \/>\n\t<meta name=\"twitter:data1\" content=\"Navne\" \/>\n\t<meta name=\"twitter:label2\" content=\"Estimeret l\u00e6setid\" \/>\n\t<meta name=\"twitter:data2\" content=\"2 minutter\" \/>\n<script type=\"application\/ld+json\" class=\"yoast-schema-graph\">{\"@context\":\"https:\/\/schema.org\",\"@graph\":[{\"@type\":\"Article\",\"@id\":\"https:\/\/kunmedierne.dk\/mors\/ny-salgsleder-hos-frovin-vinduer-doere\/#article\",\"isPartOf\":{\"@id\":\"https:\/\/kunmedierne.dk\/mors\/ny-salgsleder-hos-frovin-vinduer-doere\/\"},\"author\":{\"name\":\"Navne\",\"@id\":\"https:\/\/kunmedierne.dk\/mors\/#\/schema\/person\/f084885f8161963bb583d8604763a6b7\"},\"headline\":\"Ny salgsleder hos Frovin Vinduer &#038; D\u00f8re\",\"datePublished\":\"2021-04-13T08:08:33+00:00\",\"dateModified\":\"2024-08-12T11:37:37+00:00\",\"mainEntityOfPage\":{\"@id\":\"https:\/\/kunmedierne.dk\/mors\/ny-salgsleder-hos-frovin-vinduer-doere\/\"},\"wordCount\":426,\"commentCount\":0,\"publisher\":{\"@id\":\"https:\/\/kunmedierne.dk\/mors\/#organization\"},\"image\":{\"@id\":\"https:\/\/kunmedierne.dk\/mors\/ny-salgsleder-hos-frovin-vinduer-doere\/#primaryimage\"},\"thumbnailUrl\":\"https:\/\/kunmedierne.dk\/mors\/wp-content\/uploads\/2021\/04\/Billede-2_Jan-Saabye.jpg\",\"keywords\":[\"Erhverv\"],\"articleSection\":[\"Navne\"],\"inLanguage\":\"da-DK\",\"potentialAction\":[{\"@type\":\"CommentAction\",\"name\":\"Comment\",\"target\":[\"https:\/\/kunmedierne.dk\/mors\/ny-salgsleder-hos-frovin-vinduer-doere\/#respond\"]}]},{\"@type\":\"WebPage\",\"@id\":\"https:\/\/kunmedierne.dk\/mors\/ny-salgsleder-hos-frovin-vinduer-doere\/\",\"url\":\"https:\/\/kunmedierne.dk\/mors\/ny-salgsleder-hos-frovin-vinduer-doere\/\",\"name\":\"Ny salgsleder hos Frovin Vinduer & D\u00f8re - Mors\",\"isPartOf\":{\"@id\":\"https:\/\/kunmedierne.dk\/mors\/#website\"},\"primaryImageOfPage\":{\"@id\":\"https:\/\/kunmedierne.dk\/mors\/ny-salgsleder-hos-frovin-vinduer-doere\/#primaryimage\"},\"image\":{\"@id\":\"https:\/\/kunmedierne.dk\/mors\/ny-salgsleder-hos-frovin-vinduer-doere\/#primaryimage\"},\"thumbnailUrl\":\"https:\/\/kunmedierne.dk\/mors\/wp-content\/uploads\/2021\/04\/Billede-2_Jan-Saabye.jpg\",\"datePublished\":\"2021-04-13T08:08:33+00:00\",\"dateModified\":\"2024-08-12T11:37:37+00:00\",\"breadcrumb\":{\"@id\":\"https:\/\/kunmedierne.dk\/mors\/ny-salgsleder-hos-frovin-vinduer-doere\/#breadcrumb\"},\"inLanguage\":\"da-DK\",\"potentialAction\":[{\"@type\":\"ReadAction\",\"target\":[\"https:\/\/kunmedierne.dk\/mors\/ny-salgsleder-hos-frovin-vinduer-doere\/\"]}]},{\"@type\":\"ImageObject\",\"inLanguage\":\"da-DK\",\"@id\":\"https:\/\/kunmedierne.dk\/mors\/ny-salgsleder-hos-frovin-vinduer-doere\/#primaryimage\",\"url\":\"https:\/\/kunmedierne.dk\/mors\/wp-content\/uploads\/2021\/04\/Billede-2_Jan-Saabye.jpg\",\"contentUrl\":\"https:\/\/kunmedierne.dk\/mors\/wp-content\/uploads\/2021\/04\/Billede-2_Jan-Saabye.jpg\",\"width\":770,\"height\":513,\"caption\":\"Jan Saabye. Foto: Frovin Vinduer & D\u00f8re\"},{\"@type\":\"BreadcrumbList\",\"@id\":\"https:\/\/kunmedierne.dk\/mors\/ny-salgsleder-hos-frovin-vinduer-doere\/#breadcrumb\",\"itemListElement\":[{\"@type\":\"ListItem\",\"position\":1,\"name\":\"Hjem\",\"item\":\"https:\/\/kunmedierne.dk\/mors\/\"},{\"@type\":\"ListItem\",\"position\":2,\"name\":\"Ny salgsleder hos Frovin Vinduer &#038; D\u00f8re\"}]},{\"@type\":\"WebSite\",\"@id\":\"https:\/\/kunmedierne.dk\/mors\/#website\",\"url\":\"https:\/\/kunmedierne.dk\/mors\/\",\"name\":\"Mors\",\"description\":\"et netmedie med journalistik om livet p\u00e5 Mors\",\"publisher\":{\"@id\":\"https:\/\/kunmedierne.dk\/mors\/#organization\"},\"potentialAction\":[{\"@type\":\"SearchAction\",\"target\":{\"@type\":\"EntryPoint\",\"urlTemplate\":\"https:\/\/kunmedierne.dk\/mors\/?s={search_term_string}\"},\"query-input\":{\"@type\":\"PropertyValueSpecification\",\"valueRequired\":true,\"valueName\":\"search_term_string\"}}],\"inLanguage\":\"da-DK\"},{\"@type\":\"Organization\",\"@id\":\"https:\/\/kunmedierne.dk\/mors\/#organization\",\"name\":\"Mors\",\"url\":\"https:\/\/kunmedierne.dk\/mors\/\",\"logo\":{\"@type\":\"ImageObject\",\"inLanguage\":\"da-DK\",\"@id\":\"https:\/\/kunmedierne.dk\/mors\/#\/schema\/logo\/image\/\",\"url\":\"https:\/\/kunmedierne.dk\/mors\/wp-content\/uploads\/2024\/08\/kunmors-logo.svg\",\"contentUrl\":\"https:\/\/kunmedierne.dk\/mors\/wp-content\/uploads\/2024\/08\/kunmors-logo.svg\",\"caption\":\"Mors\"},\"image\":{\"@id\":\"https:\/\/kunmedierne.dk\/mors\/#\/schema\/logo\/image\/\"}},{\"@type\":\"Person\",\"@id\":\"https:\/\/kunmedierne.dk\/mors\/#\/schema\/person\/f084885f8161963bb583d8604763a6b7\",\"name\":\"Navne\",\"image\":{\"@type\":\"ImageObject\",\"inLanguage\":\"da-DK\",\"@id\":\"https:\/\/kunmedierne.dk\/mors\/#\/schema\/person\/image\/\",\"url\":\"https:\/\/secure.gravatar.com\/avatar\/6f0953307eaee87813e8e3c90223d5589b093e56e7cc66b5575f901f7b5868a5?s=96&d=mm&r=g\",\"contentUrl\":\"https:\/\/secure.gravatar.com\/avatar\/6f0953307eaee87813e8e3c90223d5589b093e56e7cc66b5575f901f7b5868a5?s=96&d=mm&r=g\",\"caption\":\"Navne\"},\"url\":\"https:\/\/kunmedierne.dk\/mors\/author\/navne\/\"}]}<\/script>\n<!-- \/ Yoast SEO plugin. -->","yoast_head_json":{"title":"Ny salgsleder hos Frovin Vinduer & D\u00f8re - Mors","robots":{"index":"index","follow":"follow","max-snippet":"max-snippet:-1","max-image-preview":"max-image-preview:large","max-video-preview":"max-video-preview:-1"},"canonical":"https:\/\/kunmedierne.dk\/mors\/ny-salgsleder-hos-frovin-vinduer-doere\/","og_locale":"da_DK","og_type":"article","og_title":"Ny salgsleder hos Frovin Vinduer & D\u00f8re - Mors","og_description":"Frovin Vinduer &amp; D\u00f8re har sendt dette til KunMors. NYK\u00d8BING: En af Danmarks st\u00f8rste og f\u00f8rende producenter af nicheproduktet koblede vinduer og d\u00f8re, som anvendes til \u00e6ldre og bevaringsv\u00e6rdige bygninger, opruster nu betydeligt p\u00e5 salgsfronten. Frovin Vinduer &amp; D\u00f8re, der har kontor i K\u00f8benhavn og produktion i Nyk\u00f8bing Mors, har nemlig netop ansat den 51-\u00e5rige [&hellip;]","og_url":"https:\/\/kunmedierne.dk\/mors\/ny-salgsleder-hos-frovin-vinduer-doere\/","og_site_name":"Mors","article_published_time":"2021-04-13T08:08:33+00:00","article_modified_time":"2024-08-12T11:37:37+00:00","og_image":[{"width":770,"height":513,"url":"https:\/\/kunmedierne.dk\/mors\/wp-content\/uploads\/2021\/04\/Billede-2_Jan-Saabye.jpg","type":"image\/jpeg"}],"author":"Navne","twitter_card":"summary_large_image","twitter_misc":{"Skrevet af":"Navne","Estimeret l\u00e6setid":"2 minutter"},"schema":{"@context":"https:\/\/schema.org","@graph":[{"@type":"Article","@id":"https:\/\/kunmedierne.dk\/mors\/ny-salgsleder-hos-frovin-vinduer-doere\/#article","isPartOf":{"@id":"https:\/\/kunmedierne.dk\/mors\/ny-salgsleder-hos-frovin-vinduer-doere\/"},"author":{"name":"Navne","@id":"https:\/\/kunmedierne.dk\/mors\/#\/schema\/person\/f084885f8161963bb583d8604763a6b7"},"headline":"Ny salgsleder hos Frovin Vinduer &#038; D\u00f8re","datePublished":"2021-04-13T08:08:33+00:00","dateModified":"2024-08-12T11:37:37+00:00","mainEntityOfPage":{"@id":"https:\/\/kunmedierne.dk\/mors\/ny-salgsleder-hos-frovin-vinduer-doere\/"},"wordCount":426,"commentCount":0,"publisher":{"@id":"https:\/\/kunmedierne.dk\/mors\/#organization"},"image":{"@id":"https:\/\/kunmedierne.dk\/mors\/ny-salgsleder-hos-frovin-vinduer-doere\/#primaryimage"},"thumbnailUrl":"https:\/\/kunmedierne.dk\/mors\/wp-content\/uploads\/2021\/04\/Billede-2_Jan-Saabye.jpg","keywords":["Erhverv"],"articleSection":["Navne"],"inLanguage":"da-DK","potentialAction":[{"@type":"CommentAction","name":"Comment","target":["https:\/\/kunmedierne.dk\/mors\/ny-salgsleder-hos-frovin-vinduer-doere\/#respond"]}]},{"@type":"WebPage","@id":"https:\/\/kunmedierne.dk\/mors\/ny-salgsleder-hos-frovin-vinduer-doere\/","url":"https:\/\/kunmedierne.dk\/mors\/ny-salgsleder-hos-frovin-vinduer-doere\/","name":"Ny salgsleder hos Frovin Vinduer & D\u00f8re - Mors","isPartOf":{"@id":"https:\/\/kunmedierne.dk\/mors\/#website"},"primaryImageOfPage":{"@id":"https:\/\/kunmedierne.dk\/mors\/ny-salgsleder-hos-frovin-vinduer-doere\/#primaryimage"},"image":{"@id":"https:\/\/kunmedierne.dk\/mors\/ny-salgsleder-hos-frovin-vinduer-doere\/#primaryimage"},"thumbnailUrl":"https:\/\/kunmedierne.dk\/mors\/wp-content\/uploads\/2021\/04\/Billede-2_Jan-Saabye.jpg","datePublished":"2021-04-13T08:08:33+00:00","dateModified":"2024-08-12T11:37:37+00:00","breadcrumb":{"@id":"https:\/\/kunmedierne.dk\/mors\/ny-salgsleder-hos-frovin-vinduer-doere\/#breadcrumb"},"inLanguage":"da-DK","potentialAction":[{"@type":"ReadAction","target":["https:\/\/kunmedierne.dk\/mors\/ny-salgsleder-hos-frovin-vinduer-doere\/"]}]},{"@type":"ImageObject","inLanguage":"da-DK","@id":"https:\/\/kunmedierne.dk\/mors\/ny-salgsleder-hos-frovin-vinduer-doere\/#primaryimage","url":"https:\/\/kunmedierne.dk\/mors\/wp-content\/uploads\/2021\/04\/Billede-2_Jan-Saabye.jpg","contentUrl":"https:\/\/kunmedierne.dk\/mors\/wp-content\/uploads\/2021\/04\/Billede-2_Jan-Saabye.jpg","width":770,"height":513,"caption":"Jan Saabye. Foto: Frovin Vinduer & D\u00f8re"},{"@type":"BreadcrumbList","@id":"https:\/\/kunmedierne.dk\/mors\/ny-salgsleder-hos-frovin-vinduer-doere\/#breadcrumb","itemListElement":[{"@type":"ListItem","position":1,"name":"Hjem","item":"https:\/\/kunmedierne.dk\/mors\/"},{"@type":"ListItem","position":2,"name":"Ny salgsleder hos Frovin Vinduer &#038; D\u00f8re"}]},{"@type":"WebSite","@id":"https:\/\/kunmedierne.dk\/mors\/#website","url":"https:\/\/kunmedierne.dk\/mors\/","name":"Mors","description":"et netmedie med journalistik om livet p\u00e5 Mors","publisher":{"@id":"https:\/\/kunmedierne.dk\/mors\/#organization"},"potentialAction":[{"@type":"SearchAction","target":{"@type":"EntryPoint","urlTemplate":"https:\/\/kunmedierne.dk\/mors\/?s={search_term_string}"},"query-input":{"@type":"PropertyValueSpecification","valueRequired":true,"valueName":"search_term_string"}}],"inLanguage":"da-DK"},{"@type":"Organization","@id":"https:\/\/kunmedierne.dk\/mors\/#organization","name":"Mors","url":"https:\/\/kunmedierne.dk\/mors\/","logo":{"@type":"ImageObject","inLanguage":"da-DK","@id":"https:\/\/kunmedierne.dk\/mors\/#\/schema\/logo\/image\/","url":"https:\/\/kunmedierne.dk\/mors\/wp-content\/uploads\/2024\/08\/kunmors-logo.svg","contentUrl":"https:\/\/kunmedierne.dk\/mors\/wp-content\/uploads\/2024\/08\/kunmors-logo.svg","caption":"Mors"},"image":{"@id":"https:\/\/kunmedierne.dk\/mors\/#\/schema\/logo\/image\/"}},{"@type":"Person","@id":"https:\/\/kunmedierne.dk\/mors\/#\/schema\/person\/f084885f8161963bb583d8604763a6b7","name":"Navne","image":{"@type":"ImageObject","inLanguage":"da-DK","@id":"https:\/\/kunmedierne.dk\/mors\/#\/schema\/person\/image\/","url":"https:\/\/secure.gravatar.com\/avatar\/6f0953307eaee87813e8e3c90223d5589b093e56e7cc66b5575f901f7b5868a5?s=96&d=mm&r=g","contentUrl":"https:\/\/secure.gravatar.com\/avatar\/6f0953307eaee87813e8e3c90223d5589b093e56e7cc66b5575f901f7b5868a5?s=96&d=mm&r=g","caption":"Navne"},"url":"https:\/\/kunmedierne.dk\/mors\/author\/navne\/"}]}},"_links":{"self":[{"href":"https:\/\/kunmedierne.dk\/mors\/wp-json\/wp\/v2\/posts\/43203","targetHints":{"allow":["GET"]}}],"collection":[{"href":"https:\/\/kunmedierne.dk\/mors\/wp-json\/wp\/v2\/posts"}],"about":[{"href":"https:\/\/kunmedierne.dk\/mors\/wp-json\/wp\/v2\/types\/post"}],"author":[{"embeddable":true,"href":"https:\/\/kunmedierne.dk\/mors\/wp-json\/wp\/v2\/users\/264"}],"replies":[{"embeddable":true,"href":"https:\/\/kunmedierne.dk\/mors\/wp-json\/wp\/v2\/comments?post=43203"}],"version-history":[{"count":2,"href":"https:\/\/kunmedierne.dk\/mors\/wp-json\/wp\/v2\/posts\/43203\/revisions"}],"predecessor-version":[{"id":43205,"href":"https:\/\/kunmedierne.dk\/mors\/wp-json\/wp\/v2\/posts\/43203\/revisions\/43205"}],"wp:featuredmedia":[{"embeddable":true,"href":"https:\/\/kunmedierne.dk\/mors\/wp-json\/wp\/v2\/media\/43206"}],"wp:attachment":[{"href":"https:\/\/kunmedierne.dk\/mors\/wp-json\/wp\/v2\/media?parent=43203"}],"wp:term":[{"taxonomy":"category","embeddable":true,"href":"https:\/\/kunmedierne.dk\/mors\/wp-json\/wp\/v2\/categories?post=43203"},{"taxonomy":"post_tag","embeddable":true,"href":"https:\/\/kunmedierne.dk\/mors\/wp-json\/wp\/v2\/tags?post=43203"}],"curies":[{"name":"wp","href":"https:\/\/api.w.org\/{rel}","templated":true}]}}