{"id":43117,"date":"2021-04-11T09:51:32","date_gmt":"2021-04-11T07:51:32","guid":{"rendered":"https:\/\/kunmedierne.dk\/mors\/?p=43117"},"modified":"2024-08-12T13:37:37","modified_gmt":"2024-08-12T11:37:37","slug":"et-stort-loeft-for-mors-og-thy","status":"publish","type":"post","link":"https:\/\/kunmedierne.dk\/mors\/et-stort-loeft-for-mors-og-thy\/","title":{"rendered":"&#8211; Et stort l\u00f8ft for Mors og Thy"},"content":{"rendered":"<p><em>Lauge Larsen (S), medlem af regionsr\u00e5det for Region Nordjylland, har sendt dette debatindl\u00e6g:<\/em><\/p>\n<hr \/>\n<p>Lige f\u00f8r P\u00e5ske vedtog regionsr\u00e5det i Nordjylland den nye profilplan for hospitalerne i regionen.<\/p>\n<p>Det er en vigtig plan. Ogs\u00e5 for Mors og Thy. Planen viser nemlig ogs\u00e5 udviklingen p\u00e5 hospitalet i Thisted i de kommende \u00e5r.<\/p>\n<p>Mest afg\u00f8rende sikrer planen Thisted som akuthospital, og den sikrer flere opgaver\/funktioner i Thisted.<\/p>\n<p>Hospitalet i Thisted har de sidste par \u00e5r v\u00e6ret en afdeling af \u00c5lborg Universitetshospital, med alle de fordele, det indeb\u00e6rer. <a href=\"https:\/\/www.braendselsforeningen.dk\/\"><img loading=\"lazy\" decoding=\"async\" class=\"alignright size-full wp-image-42314\" src=\"https:\/\/kunmedierne.dk\/mors\/wp-content\/uploads\/2021\/03\/te6.jpg\" alt=\"\" width=\"1425\" height=\"127\" srcset=\"https:\/\/kunmedierne.dk\/mors\/wp-content\/uploads\/2021\/03\/te6.jpg 1425w, https:\/\/kunmedierne.dk\/mors\/wp-content\/uploads\/2021\/03\/te6-300x27.jpg 300w, https:\/\/kunmedierne.dk\/mors\/wp-content\/uploads\/2021\/03\/te6-1024x91.jpg 1024w, https:\/\/kunmedierne.dk\/mors\/wp-content\/uploads\/2021\/03\/te6-768x68.jpg 768w, https:\/\/kunmedierne.dk\/mors\/wp-content\/uploads\/2021\/03\/te6-600x53.jpg 600w\" sizes=\"auto, (max-width: 1425px) 100vw, 1425px\" \/><\/a><\/p>\n<p>De vigtigste punkter i planen for Thisted er for det f\u00f8rste, at man vil arbejde for at f\u00e5 akutkirurgien tilbage senest i 2024. Akutkirurgien lukkede i Thisted for et par \u00e5r siden p\u00e5 grund af mangel p\u00e5 kirurger. For det andet skal dagkirurgien udbygges, hvis det er muligt med urologisk dagkirurgi. For det tredie skal der arbejdes p\u00e5 at f\u00e5 flere omr\u00e5der under kardiologien til Thisted. Alts\u00e5 behandling af hjerte- og kredsl\u00f8bssygdomme. For det fjerde skal Thisted v\u00e6re en garantklinik, is\u00e6r inden for ortop\u00e6dkirurgi. En garantklinik er en klinik, der skal udf\u00f8re ekstra opgaver for at sikre ventetidsgarantier. For det femte vil der i samarbejde med \u00c5lborg ske en udbygning af de ambulante opgaver.<\/p>\n<p>Alt dette, sammen med den nye l\u00e6geambulance med udgangspunkt i Thisted, er et stort l\u00f8ft for det hospitale-og det pr\u00e6hospitale omr\u00e5de p\u00e5 Mors og i Thy.<\/p>\n<hr \/>\n<p><em>Har du et bidrag til den lokale debat? Send det til os p\u00e5 e-mail: debat@kunmedierne.dk\/mors. Husk at l\u00e6se korrektur inden afsendelse p\u00e5 indl\u00e6gget.<\/em><\/p>\n","protected":false},"excerpt":{"rendered":"<p>Lauge Larsen (S), medlem af regionsr\u00e5det for Region Nordjylland, har sendt dette debatindl\u00e6g: Lige f\u00f8r P\u00e5ske vedtog regionsr\u00e5det i Nordjylland den nye profilplan for hospitalerne i regionen. Det er en vigtig plan. Ogs\u00e5 for Mors og Thy. Planen viser nemlig ogs\u00e5 udviklingen p\u00e5 hospitalet i Thisted i de kommende \u00e5r. Mest afg\u00f8rende sikrer planen Thisted [&hellip;]<\/p>\n","protected":false},"author":11,"featured_media":41963,"comment_status":"open","ping_status":"open","sticky":false,"template":"","format":"standard","meta":{"_acf_changed":false,"footnotes":""},"categories":[56],"tags":[167],"class_list":["post-43117","post","type-post","status-publish","format-standard","has-post-thumbnail","hentry","category-debat","tag-politik"],"acf":[],"yoast_head":"<!-- This site is optimized with the Yoast SEO plugin v26.8 - https:\/\/yoast.com\/product\/yoast-seo-wordpress\/ -->\n<title>- Et stort l\u00f8ft for Mors og Thy - Mors<\/title>\n<meta name=\"robots\" content=\"index, follow, max-snippet:-1, max-image-preview:large, max-video-preview:-1\" \/>\n<link rel=\"canonical\" href=\"https:\/\/kunmedierne.dk\/mors\/et-stort-loeft-for-mors-og-thy\/\" \/>\n<meta property=\"og:locale\" content=\"da_DK\" \/>\n<meta property=\"og:type\" content=\"article\" \/>\n<meta property=\"og:title\" content=\"- Et stort l\u00f8ft for Mors og Thy - Mors\" \/>\n<meta property=\"og:description\" content=\"Lauge Larsen (S), medlem af regionsr\u00e5det for Region Nordjylland, har sendt dette debatindl\u00e6g: Lige f\u00f8r P\u00e5ske vedtog regionsr\u00e5det i Nordjylland den nye profilplan for hospitalerne i regionen. Det er en vigtig plan. Ogs\u00e5 for Mors og Thy. Planen viser nemlig ogs\u00e5 udviklingen p\u00e5 hospitalet i Thisted i de kommende \u00e5r. Mest afg\u00f8rende sikrer planen Thisted [&hellip;]\" \/>\n<meta property=\"og:url\" content=\"https:\/\/kunmedierne.dk\/mors\/et-stort-loeft-for-mors-og-thy\/\" \/>\n<meta property=\"og:site_name\" content=\"Mors\" \/>\n<meta property=\"article:published_time\" content=\"2021-04-11T07:51:32+00:00\" \/>\n<meta property=\"article:modified_time\" content=\"2024-08-12T11:37:37+00:00\" \/>\n<meta property=\"og:image\" content=\"https:\/\/kunmedierne.dk\/mors\/wp-content\/uploads\/2021\/03\/0-debat-lauge-larsen.jpg\" \/>\n\t<meta property=\"og:image:width\" content=\"770\" \/>\n\t<meta property=\"og:image:height\" content=\"513\" \/>\n\t<meta property=\"og:image:type\" content=\"image\/jpeg\" \/>\n<meta name=\"author\" content=\"Debat\" \/>\n<meta name=\"twitter:card\" content=\"summary_large_image\" \/>\n<meta name=\"twitter:label1\" content=\"Skrevet af\" \/>\n\t<meta name=\"twitter:data1\" content=\"Debat\" \/>\n\t<meta name=\"twitter:label2\" content=\"Estimeret l\u00e6setid\" \/>\n\t<meta name=\"twitter:data2\" content=\"1 minut\" \/>\n<script type=\"application\/ld+json\" class=\"yoast-schema-graph\">{\"@context\":\"https:\/\/schema.org\",\"@graph\":[{\"@type\":\"Article\",\"@id\":\"https:\/\/kunmedierne.dk\/mors\/et-stort-loeft-for-mors-og-thy\/#article\",\"isPartOf\":{\"@id\":\"https:\/\/kunmedierne.dk\/mors\/et-stort-loeft-for-mors-og-thy\/\"},\"author\":{\"name\":\"Debat\",\"@id\":\"https:\/\/kunmedierne.dk\/mors\/#\/schema\/person\/84c1391bce0b43b9bb3a49736bc0ad78\"},\"headline\":\"&#8211; Et stort l\u00f8ft for Mors og Thy\",\"datePublished\":\"2021-04-11T07:51:32+00:00\",\"dateModified\":\"2024-08-12T11:37:37+00:00\",\"mainEntityOfPage\":{\"@id\":\"https:\/\/kunmedierne.dk\/mors\/et-stort-loeft-for-mors-og-thy\/\"},\"wordCount\":279,\"commentCount\":0,\"publisher\":{\"@id\":\"https:\/\/kunmedierne.dk\/mors\/#organization\"},\"image\":{\"@id\":\"https:\/\/kunmedierne.dk\/mors\/et-stort-loeft-for-mors-og-thy\/#primaryimage\"},\"thumbnailUrl\":\"https:\/\/kunmedierne.dk\/mors\/wp-content\/uploads\/2021\/03\/0-debat-lauge-larsen.jpg\",\"keywords\":[\"Politik\"],\"articleSection\":[\"Debat\"],\"inLanguage\":\"da-DK\",\"potentialAction\":[{\"@type\":\"CommentAction\",\"name\":\"Comment\",\"target\":[\"https:\/\/kunmedierne.dk\/mors\/et-stort-loeft-for-mors-og-thy\/#respond\"]}]},{\"@type\":\"WebPage\",\"@id\":\"https:\/\/kunmedierne.dk\/mors\/et-stort-loeft-for-mors-og-thy\/\",\"url\":\"https:\/\/kunmedierne.dk\/mors\/et-stort-loeft-for-mors-og-thy\/\",\"name\":\"- Et stort l\u00f8ft for Mors og Thy - Mors\",\"isPartOf\":{\"@id\":\"https:\/\/kunmedierne.dk\/mors\/#website\"},\"primaryImageOfPage\":{\"@id\":\"https:\/\/kunmedierne.dk\/mors\/et-stort-loeft-for-mors-og-thy\/#primaryimage\"},\"image\":{\"@id\":\"https:\/\/kunmedierne.dk\/mors\/et-stort-loeft-for-mors-og-thy\/#primaryimage\"},\"thumbnailUrl\":\"https:\/\/kunmedierne.dk\/mors\/wp-content\/uploads\/2021\/03\/0-debat-lauge-larsen.jpg\",\"datePublished\":\"2021-04-11T07:51:32+00:00\",\"dateModified\":\"2024-08-12T11:37:37+00:00\",\"breadcrumb\":{\"@id\":\"https:\/\/kunmedierne.dk\/mors\/et-stort-loeft-for-mors-og-thy\/#breadcrumb\"},\"inLanguage\":\"da-DK\",\"potentialAction\":[{\"@type\":\"ReadAction\",\"target\":[\"https:\/\/kunmedierne.dk\/mors\/et-stort-loeft-for-mors-og-thy\/\"]}]},{\"@type\":\"ImageObject\",\"inLanguage\":\"da-DK\",\"@id\":\"https:\/\/kunmedierne.dk\/mors\/et-stort-loeft-for-mors-og-thy\/#primaryimage\",\"url\":\"https:\/\/kunmedierne.dk\/mors\/wp-content\/uploads\/2021\/03\/0-debat-lauge-larsen.jpg\",\"contentUrl\":\"https:\/\/kunmedierne.dk\/mors\/wp-content\/uploads\/2021\/03\/0-debat-lauge-larsen.jpg\",\"width\":770,\"height\":513,\"caption\":\"Lauge Larsen (S). Foto: Region Nordjylland.\"},{\"@type\":\"BreadcrumbList\",\"@id\":\"https:\/\/kunmedierne.dk\/mors\/et-stort-loeft-for-mors-og-thy\/#breadcrumb\",\"itemListElement\":[{\"@type\":\"ListItem\",\"position\":1,\"name\":\"Hjem\",\"item\":\"https:\/\/kunmedierne.dk\/mors\/\"},{\"@type\":\"ListItem\",\"position\":2,\"name\":\"&#8211; Et stort l\u00f8ft for Mors og Thy\"}]},{\"@type\":\"WebSite\",\"@id\":\"https:\/\/kunmedierne.dk\/mors\/#website\",\"url\":\"https:\/\/kunmedierne.dk\/mors\/\",\"name\":\"Mors\",\"description\":\"et netmedie med journalistik om livet p\u00e5 Mors\",\"publisher\":{\"@id\":\"https:\/\/kunmedierne.dk\/mors\/#organization\"},\"potentialAction\":[{\"@type\":\"SearchAction\",\"target\":{\"@type\":\"EntryPoint\",\"urlTemplate\":\"https:\/\/kunmedierne.dk\/mors\/?s={search_term_string}\"},\"query-input\":{\"@type\":\"PropertyValueSpecification\",\"valueRequired\":true,\"valueName\":\"search_term_string\"}}],\"inLanguage\":\"da-DK\"},{\"@type\":\"Organization\",\"@id\":\"https:\/\/kunmedierne.dk\/mors\/#organization\",\"name\":\"Mors\",\"url\":\"https:\/\/kunmedierne.dk\/mors\/\",\"logo\":{\"@type\":\"ImageObject\",\"inLanguage\":\"da-DK\",\"@id\":\"https:\/\/kunmedierne.dk\/mors\/#\/schema\/logo\/image\/\",\"url\":\"https:\/\/kunmedierne.dk\/mors\/wp-content\/uploads\/2024\/08\/kunmors-logo.svg\",\"contentUrl\":\"https:\/\/kunmedierne.dk\/mors\/wp-content\/uploads\/2024\/08\/kunmors-logo.svg\",\"caption\":\"Mors\"},\"image\":{\"@id\":\"https:\/\/kunmedierne.dk\/mors\/#\/schema\/logo\/image\/\"}},{\"@type\":\"Person\",\"@id\":\"https:\/\/kunmedierne.dk\/mors\/#\/schema\/person\/84c1391bce0b43b9bb3a49736bc0ad78\",\"name\":\"Debat\",\"image\":{\"@type\":\"ImageObject\",\"inLanguage\":\"da-DK\",\"@id\":\"https:\/\/kunmedierne.dk\/mors\/#\/schema\/person\/image\/\",\"url\":\"https:\/\/secure.gravatar.com\/avatar\/b0fb2e221d618f7c65162ab0d49c7e8a0b580c871ca03af90e42b47b4150654c?s=96&d=mm&r=g\",\"contentUrl\":\"https:\/\/secure.gravatar.com\/avatar\/b0fb2e221d618f7c65162ab0d49c7e8a0b580c871ca03af90e42b47b4150654c?s=96&d=mm&r=g\",\"caption\":\"Debat\"},\"url\":\"https:\/\/kunmedierne.dk\/mors\/author\/debat\/\"}]}<\/script>\n<!-- \/ Yoast SEO plugin. -->","yoast_head_json":{"title":"- Et stort l\u00f8ft for Mors og Thy - Mors","robots":{"index":"index","follow":"follow","max-snippet":"max-snippet:-1","max-image-preview":"max-image-preview:large","max-video-preview":"max-video-preview:-1"},"canonical":"https:\/\/kunmedierne.dk\/mors\/et-stort-loeft-for-mors-og-thy\/","og_locale":"da_DK","og_type":"article","og_title":"- Et stort l\u00f8ft for Mors og Thy - Mors","og_description":"Lauge Larsen (S), medlem af regionsr\u00e5det for Region Nordjylland, har sendt dette debatindl\u00e6g: Lige f\u00f8r P\u00e5ske vedtog regionsr\u00e5det i Nordjylland den nye profilplan for hospitalerne i regionen. Det er en vigtig plan. Ogs\u00e5 for Mors og Thy. Planen viser nemlig ogs\u00e5 udviklingen p\u00e5 hospitalet i Thisted i de kommende \u00e5r. Mest afg\u00f8rende sikrer planen Thisted [&hellip;]","og_url":"https:\/\/kunmedierne.dk\/mors\/et-stort-loeft-for-mors-og-thy\/","og_site_name":"Mors","article_published_time":"2021-04-11T07:51:32+00:00","article_modified_time":"2024-08-12T11:37:37+00:00","og_image":[{"width":770,"height":513,"url":"https:\/\/kunmedierne.dk\/mors\/wp-content\/uploads\/2021\/03\/0-debat-lauge-larsen.jpg","type":"image\/jpeg"}],"author":"Debat","twitter_card":"summary_large_image","twitter_misc":{"Skrevet af":"Debat","Estimeret l\u00e6setid":"1 minut"},"schema":{"@context":"https:\/\/schema.org","@graph":[{"@type":"Article","@id":"https:\/\/kunmedierne.dk\/mors\/et-stort-loeft-for-mors-og-thy\/#article","isPartOf":{"@id":"https:\/\/kunmedierne.dk\/mors\/et-stort-loeft-for-mors-og-thy\/"},"author":{"name":"Debat","@id":"https:\/\/kunmedierne.dk\/mors\/#\/schema\/person\/84c1391bce0b43b9bb3a49736bc0ad78"},"headline":"&#8211; Et stort l\u00f8ft for Mors og Thy","datePublished":"2021-04-11T07:51:32+00:00","dateModified":"2024-08-12T11:37:37+00:00","mainEntityOfPage":{"@id":"https:\/\/kunmedierne.dk\/mors\/et-stort-loeft-for-mors-og-thy\/"},"wordCount":279,"commentCount":0,"publisher":{"@id":"https:\/\/kunmedierne.dk\/mors\/#organization"},"image":{"@id":"https:\/\/kunmedierne.dk\/mors\/et-stort-loeft-for-mors-og-thy\/#primaryimage"},"thumbnailUrl":"https:\/\/kunmedierne.dk\/mors\/wp-content\/uploads\/2021\/03\/0-debat-lauge-larsen.jpg","keywords":["Politik"],"articleSection":["Debat"],"inLanguage":"da-DK","potentialAction":[{"@type":"CommentAction","name":"Comment","target":["https:\/\/kunmedierne.dk\/mors\/et-stort-loeft-for-mors-og-thy\/#respond"]}]},{"@type":"WebPage","@id":"https:\/\/kunmedierne.dk\/mors\/et-stort-loeft-for-mors-og-thy\/","url":"https:\/\/kunmedierne.dk\/mors\/et-stort-loeft-for-mors-og-thy\/","name":"- Et stort l\u00f8ft for Mors og Thy - Mors","isPartOf":{"@id":"https:\/\/kunmedierne.dk\/mors\/#website"},"primaryImageOfPage":{"@id":"https:\/\/kunmedierne.dk\/mors\/et-stort-loeft-for-mors-og-thy\/#primaryimage"},"image":{"@id":"https:\/\/kunmedierne.dk\/mors\/et-stort-loeft-for-mors-og-thy\/#primaryimage"},"thumbnailUrl":"https:\/\/kunmedierne.dk\/mors\/wp-content\/uploads\/2021\/03\/0-debat-lauge-larsen.jpg","datePublished":"2021-04-11T07:51:32+00:00","dateModified":"2024-08-12T11:37:37+00:00","breadcrumb":{"@id":"https:\/\/kunmedierne.dk\/mors\/et-stort-loeft-for-mors-og-thy\/#breadcrumb"},"inLanguage":"da-DK","potentialAction":[{"@type":"ReadAction","target":["https:\/\/kunmedierne.dk\/mors\/et-stort-loeft-for-mors-og-thy\/"]}]},{"@type":"ImageObject","inLanguage":"da-DK","@id":"https:\/\/kunmedierne.dk\/mors\/et-stort-loeft-for-mors-og-thy\/#primaryimage","url":"https:\/\/kunmedierne.dk\/mors\/wp-content\/uploads\/2021\/03\/0-debat-lauge-larsen.jpg","contentUrl":"https:\/\/kunmedierne.dk\/mors\/wp-content\/uploads\/2021\/03\/0-debat-lauge-larsen.jpg","width":770,"height":513,"caption":"Lauge Larsen (S). Foto: Region Nordjylland."},{"@type":"BreadcrumbList","@id":"https:\/\/kunmedierne.dk\/mors\/et-stort-loeft-for-mors-og-thy\/#breadcrumb","itemListElement":[{"@type":"ListItem","position":1,"name":"Hjem","item":"https:\/\/kunmedierne.dk\/mors\/"},{"@type":"ListItem","position":2,"name":"&#8211; Et stort l\u00f8ft for Mors og Thy"}]},{"@type":"WebSite","@id":"https:\/\/kunmedierne.dk\/mors\/#website","url":"https:\/\/kunmedierne.dk\/mors\/","name":"Mors","description":"et netmedie med journalistik om livet p\u00e5 Mors","publisher":{"@id":"https:\/\/kunmedierne.dk\/mors\/#organization"},"potentialAction":[{"@type":"SearchAction","target":{"@type":"EntryPoint","urlTemplate":"https:\/\/kunmedierne.dk\/mors\/?s={search_term_string}"},"query-input":{"@type":"PropertyValueSpecification","valueRequired":true,"valueName":"search_term_string"}}],"inLanguage":"da-DK"},{"@type":"Organization","@id":"https:\/\/kunmedierne.dk\/mors\/#organization","name":"Mors","url":"https:\/\/kunmedierne.dk\/mors\/","logo":{"@type":"ImageObject","inLanguage":"da-DK","@id":"https:\/\/kunmedierne.dk\/mors\/#\/schema\/logo\/image\/","url":"https:\/\/kunmedierne.dk\/mors\/wp-content\/uploads\/2024\/08\/kunmors-logo.svg","contentUrl":"https:\/\/kunmedierne.dk\/mors\/wp-content\/uploads\/2024\/08\/kunmors-logo.svg","caption":"Mors"},"image":{"@id":"https:\/\/kunmedierne.dk\/mors\/#\/schema\/logo\/image\/"}},{"@type":"Person","@id":"https:\/\/kunmedierne.dk\/mors\/#\/schema\/person\/84c1391bce0b43b9bb3a49736bc0ad78","name":"Debat","image":{"@type":"ImageObject","inLanguage":"da-DK","@id":"https:\/\/kunmedierne.dk\/mors\/#\/schema\/person\/image\/","url":"https:\/\/secure.gravatar.com\/avatar\/b0fb2e221d618f7c65162ab0d49c7e8a0b580c871ca03af90e42b47b4150654c?s=96&d=mm&r=g","contentUrl":"https:\/\/secure.gravatar.com\/avatar\/b0fb2e221d618f7c65162ab0d49c7e8a0b580c871ca03af90e42b47b4150654c?s=96&d=mm&r=g","caption":"Debat"},"url":"https:\/\/kunmedierne.dk\/mors\/author\/debat\/"}]}},"_links":{"self":[{"href":"https:\/\/kunmedierne.dk\/mors\/wp-json\/wp\/v2\/posts\/43117","targetHints":{"allow":["GET"]}}],"collection":[{"href":"https:\/\/kunmedierne.dk\/mors\/wp-json\/wp\/v2\/posts"}],"about":[{"href":"https:\/\/kunmedierne.dk\/mors\/wp-json\/wp\/v2\/types\/post"}],"author":[{"embeddable":true,"href":"https:\/\/kunmedierne.dk\/mors\/wp-json\/wp\/v2\/users\/11"}],"replies":[{"embeddable":true,"href":"https:\/\/kunmedierne.dk\/mors\/wp-json\/wp\/v2\/comments?post=43117"}],"version-history":[{"count":2,"href":"https:\/\/kunmedierne.dk\/mors\/wp-json\/wp\/v2\/posts\/43117\/revisions"}],"predecessor-version":[{"id":43119,"href":"https:\/\/kunmedierne.dk\/mors\/wp-json\/wp\/v2\/posts\/43117\/revisions\/43119"}],"wp:featuredmedia":[{"embeddable":true,"href":"https:\/\/kunmedierne.dk\/mors\/wp-json\/wp\/v2\/media\/41963"}],"wp:attachment":[{"href":"https:\/\/kunmedierne.dk\/mors\/wp-json\/wp\/v2\/media?parent=43117"}],"wp:term":[{"taxonomy":"category","embeddable":true,"href":"https:\/\/kunmedierne.dk\/mors\/wp-json\/wp\/v2\/categories?post=43117"},{"taxonomy":"post_tag","embeddable":true,"href":"https:\/\/kunmedierne.dk\/mors\/wp-json\/wp\/v2\/tags?post=43117"}],"curies":[{"name":"wp","href":"https:\/\/api.w.org\/{rel}","templated":true}]}}