{"id":43059,"date":"2021-04-10T11:34:25","date_gmt":"2021-04-10T09:34:25","guid":{"rendered":"https:\/\/kunmedierne.dk\/mors\/?p=43059"},"modified":"2024-08-12T13:37:38","modified_gmt":"2024-08-12T11:37:38","slug":"afgaaende-formand-for-seniorraadet-glaeder-sig-over-fremmoedevalg","status":"publish","type":"post","link":"https:\/\/kunmedierne.dk\/mors\/afgaaende-formand-for-seniorraadet-glaeder-sig-over-fremmoedevalg\/","title":{"rendered":"Afg\u00e5ende formand for seniorr\u00e5det gl\u00e6der sig over fremm\u00f8devalg"},"content":{"rendered":"<p><strong>MORS<\/strong>: N\u00e5r kommunens \u00e6ldste borgere 16. november har afleveret deres stemmesedler for kommunal- og regionsvalget, skal de p\u00e5 den igen med det samme.<\/p>\n<p>For samme aften er der valg til kommunens seniorr\u00e5d &#8211; et valg, som kommunalbestyrelsen i enighed forleden besluttede skulle v\u00e6re et s\u00e5kaldt fremm\u00f8devalg.<\/p>\n<p>Det gl\u00e6der Mejner Aggerholm, afg\u00e5ende formand for seniorr\u00e5det i Mors\u00f8 Kommune.<\/p>\n<p>&#8220;Vi pr\u00f8vede det jo f\u00f8rste gang for fire \u00e5r siden, da vi havde fremm\u00f8devalg i forbindelse med kommunalvalget. Og der steg stemmeprocenten med 14-15 procent. S\u00e5 vi l\u00e5 meget t\u00e6t p\u00e5 70 procent,&#8221; siger han og erkl\u00e6rer sig tilfreds med, at kommunens folkevalgte har valgt at gentage konceptet.<\/p>\n<p>&#8220;Det er ogs\u00e5 en besparelse for kommune at f\u00e5 det lavet p\u00e5 samme m\u00e5de igen,&#8221; siger Mejner Aggerholm med henvisning til, at det er dyrere med et brevstemmevalg &#8211; og at det er frivillige, der tager sig af det praktiske i forbindelse med seniorr\u00e5dsvalget. <a href=\"https:\/\/www.sparnord.dk\/filialer\/nykoebing-mors\/\"><img loading=\"lazy\" decoding=\"async\" class=\"alignright size-full wp-image-42301\" src=\"https:\/\/kunmedierne.dk\/mors\/wp-content\/uploads\/2021\/03\/te4.jpg\" alt=\"\" width=\"1400\" height=\"123\" srcset=\"https:\/\/kunmedierne.dk\/mors\/wp-content\/uploads\/2021\/03\/te4.jpg 1400w, https:\/\/kunmedierne.dk\/mors\/wp-content\/uploads\/2021\/03\/te4-300x26.jpg 300w, https:\/\/kunmedierne.dk\/mors\/wp-content\/uploads\/2021\/03\/te4-1024x90.jpg 1024w, https:\/\/kunmedierne.dk\/mors\/wp-content\/uploads\/2021\/03\/te4-768x67.jpg 768w, https:\/\/kunmedierne.dk\/mors\/wp-content\/uploads\/2021\/03\/te4-600x53.jpg 600w\" sizes=\"auto, (max-width: 1400px) 100vw, 1400px\" \/><\/a><\/p>\n<p>Det vil foreg\u00e5 s\u00e5dan, at de 18 valgsteder hver skal bemandes med to personer, der sidder klar til at tage imod efter aflevering af stemmerne til kommunal- og regionsr\u00e5dsvalg. De valg bliver klart adskilt med valget til seniorr\u00e5det.<\/p>\n<p>Til det skal man finde nye navne. Formand Mejner Aggerholm meddelte i oktober, at han ikke \u00f8nsker at genopstille, lige som ogs\u00e5 Gunnar Mogensen tr\u00e6der ud af seniorr\u00e5det.<\/p>\n<p>Kirsten Nielsen, Erik Fuglsang og Hanne Haaning genopstiller alle og skal alts\u00e5 suppleres med to mere.<\/p>\n","protected":false},"excerpt":{"rendered":"<p>MORS: N\u00e5r kommunens \u00e6ldste borgere 16. november har afleveret deres stemmesedler for kommunal- og regionsvalget, skal de p\u00e5 den igen med det samme. For samme aften er der valg til kommunens seniorr\u00e5d &#8211; et valg, som kommunalbestyrelsen i enighed forleden besluttede skulle v\u00e6re et s\u00e5kaldt fremm\u00f8devalg. Det gl\u00e6der Mejner Aggerholm, afg\u00e5ende formand for seniorr\u00e5det i [&hellip;]<\/p>\n","protected":false},"author":8,"featured_media":43060,"comment_status":"open","ping_status":"open","sticky":false,"template":"","format":"standard","meta":{"_acf_changed":false,"footnotes":""},"categories":[51],"tags":[167],"class_list":["post-43059","post","type-post","status-publish","format-standard","has-post-thumbnail","hentry","category-lokalt","tag-politik"],"acf":[],"yoast_head":"<!-- This site is optimized with the Yoast SEO plugin v26.8 - https:\/\/yoast.com\/product\/yoast-seo-wordpress\/ -->\n<title>Afg\u00e5ende formand for seniorr\u00e5det gl\u00e6der sig over fremm\u00f8devalg - Mors<\/title>\n<meta name=\"robots\" content=\"index, follow, max-snippet:-1, max-image-preview:large, max-video-preview:-1\" \/>\n<link rel=\"canonical\" href=\"https:\/\/kunmedierne.dk\/mors\/afgaaende-formand-for-seniorraadet-glaeder-sig-over-fremmoedevalg\/\" \/>\n<meta property=\"og:locale\" content=\"da_DK\" \/>\n<meta property=\"og:type\" content=\"article\" \/>\n<meta property=\"og:title\" content=\"Afg\u00e5ende formand for seniorr\u00e5det gl\u00e6der sig over fremm\u00f8devalg - Mors\" \/>\n<meta property=\"og:description\" content=\"MORS: N\u00e5r kommunens \u00e6ldste borgere 16. november har afleveret deres stemmesedler for kommunal- og regionsvalget, skal de p\u00e5 den igen med det samme. For samme aften er der valg til kommunens seniorr\u00e5d &#8211; et valg, som kommunalbestyrelsen i enighed forleden besluttede skulle v\u00e6re et s\u00e5kaldt fremm\u00f8devalg. Det gl\u00e6der Mejner Aggerholm, afg\u00e5ende formand for seniorr\u00e5det i [&hellip;]\" \/>\n<meta property=\"og:url\" content=\"https:\/\/kunmedierne.dk\/mors\/afgaaende-formand-for-seniorraadet-glaeder-sig-over-fremmoedevalg\/\" \/>\n<meta property=\"og:site_name\" content=\"Mors\" \/>\n<meta property=\"article:published_time\" content=\"2021-04-10T09:34:25+00:00\" \/>\n<meta property=\"article:modified_time\" content=\"2024-08-12T11:37:38+00:00\" \/>\n<meta property=\"og:image\" content=\"https:\/\/kunmedierne.dk\/mors\/wp-content\/uploads\/2021\/04\/valg.jpg\" \/>\n\t<meta property=\"og:image:width\" content=\"770\" \/>\n\t<meta property=\"og:image:height\" content=\"513\" \/>\n\t<meta property=\"og:image:type\" content=\"image\/jpeg\" \/>\n<meta name=\"author\" content=\"David H\u00f8jmark\" \/>\n<meta name=\"twitter:card\" content=\"summary_large_image\" \/>\n<meta name=\"twitter:label1\" content=\"Skrevet af\" \/>\n\t<meta name=\"twitter:data1\" content=\"David H\u00f8jmark\" \/>\n\t<meta name=\"twitter:label2\" content=\"Estimeret l\u00e6setid\" \/>\n\t<meta name=\"twitter:data2\" content=\"1 minut\" \/>\n<script type=\"application\/ld+json\" class=\"yoast-schema-graph\">{\"@context\":\"https:\/\/schema.org\",\"@graph\":[{\"@type\":\"Article\",\"@id\":\"https:\/\/kunmedierne.dk\/mors\/afgaaende-formand-for-seniorraadet-glaeder-sig-over-fremmoedevalg\/#article\",\"isPartOf\":{\"@id\":\"https:\/\/kunmedierne.dk\/mors\/afgaaende-formand-for-seniorraadet-glaeder-sig-over-fremmoedevalg\/\"},\"author\":{\"name\":\"David H\u00f8jmark\",\"@id\":\"https:\/\/kunmedierne.dk\/mors\/#\/schema\/person\/5fe23251bf1d0abbcdc6f7896579d548\"},\"headline\":\"Afg\u00e5ende formand for seniorr\u00e5det gl\u00e6der sig over fremm\u00f8devalg\",\"datePublished\":\"2021-04-10T09:34:25+00:00\",\"dateModified\":\"2024-08-12T11:37:38+00:00\",\"mainEntityOfPage\":{\"@id\":\"https:\/\/kunmedierne.dk\/mors\/afgaaende-formand-for-seniorraadet-glaeder-sig-over-fremmoedevalg\/\"},\"wordCount\":260,\"commentCount\":0,\"publisher\":{\"@id\":\"https:\/\/kunmedierne.dk\/mors\/#organization\"},\"image\":{\"@id\":\"https:\/\/kunmedierne.dk\/mors\/afgaaende-formand-for-seniorraadet-glaeder-sig-over-fremmoedevalg\/#primaryimage\"},\"thumbnailUrl\":\"https:\/\/kunmedierne.dk\/mors\/wp-content\/uploads\/2021\/04\/valg.jpg\",\"keywords\":[\"Politik\"],\"articleSection\":[\"Lokalt\"],\"inLanguage\":\"da-DK\",\"potentialAction\":[{\"@type\":\"CommentAction\",\"name\":\"Comment\",\"target\":[\"https:\/\/kunmedierne.dk\/mors\/afgaaende-formand-for-seniorraadet-glaeder-sig-over-fremmoedevalg\/#respond\"]}]},{\"@type\":\"WebPage\",\"@id\":\"https:\/\/kunmedierne.dk\/mors\/afgaaende-formand-for-seniorraadet-glaeder-sig-over-fremmoedevalg\/\",\"url\":\"https:\/\/kunmedierne.dk\/mors\/afgaaende-formand-for-seniorraadet-glaeder-sig-over-fremmoedevalg\/\",\"name\":\"Afg\u00e5ende formand for seniorr\u00e5det gl\u00e6der sig over fremm\u00f8devalg - Mors\",\"isPartOf\":{\"@id\":\"https:\/\/kunmedierne.dk\/mors\/#website\"},\"primaryImageOfPage\":{\"@id\":\"https:\/\/kunmedierne.dk\/mors\/afgaaende-formand-for-seniorraadet-glaeder-sig-over-fremmoedevalg\/#primaryimage\"},\"image\":{\"@id\":\"https:\/\/kunmedierne.dk\/mors\/afgaaende-formand-for-seniorraadet-glaeder-sig-over-fremmoedevalg\/#primaryimage\"},\"thumbnailUrl\":\"https:\/\/kunmedierne.dk\/mors\/wp-content\/uploads\/2021\/04\/valg.jpg\",\"datePublished\":\"2021-04-10T09:34:25+00:00\",\"dateModified\":\"2024-08-12T11:37:38+00:00\",\"breadcrumb\":{\"@id\":\"https:\/\/kunmedierne.dk\/mors\/afgaaende-formand-for-seniorraadet-glaeder-sig-over-fremmoedevalg\/#breadcrumb\"},\"inLanguage\":\"da-DK\",\"potentialAction\":[{\"@type\":\"ReadAction\",\"target\":[\"https:\/\/kunmedierne.dk\/mors\/afgaaende-formand-for-seniorraadet-glaeder-sig-over-fremmoedevalg\/\"]}]},{\"@type\":\"ImageObject\",\"inLanguage\":\"da-DK\",\"@id\":\"https:\/\/kunmedierne.dk\/mors\/afgaaende-formand-for-seniorraadet-glaeder-sig-over-fremmoedevalg\/#primaryimage\",\"url\":\"https:\/\/kunmedierne.dk\/mors\/wp-content\/uploads\/2021\/04\/valg.jpg\",\"contentUrl\":\"https:\/\/kunmedierne.dk\/mors\/wp-content\/uploads\/2021\/04\/valg.jpg\",\"width\":770,\"height\":513,\"caption\":\"Modelfoto: Element5 Digital\/Unsplash\"},{\"@type\":\"BreadcrumbList\",\"@id\":\"https:\/\/kunmedierne.dk\/mors\/afgaaende-formand-for-seniorraadet-glaeder-sig-over-fremmoedevalg\/#breadcrumb\",\"itemListElement\":[{\"@type\":\"ListItem\",\"position\":1,\"name\":\"Hjem\",\"item\":\"https:\/\/kunmedierne.dk\/mors\/\"},{\"@type\":\"ListItem\",\"position\":2,\"name\":\"Afg\u00e5ende formand for seniorr\u00e5det gl\u00e6der sig over fremm\u00f8devalg\"}]},{\"@type\":\"WebSite\",\"@id\":\"https:\/\/kunmedierne.dk\/mors\/#website\",\"url\":\"https:\/\/kunmedierne.dk\/mors\/\",\"name\":\"Mors\",\"description\":\"et netmedie med journalistik om livet p\u00e5 Mors\",\"publisher\":{\"@id\":\"https:\/\/kunmedierne.dk\/mors\/#organization\"},\"potentialAction\":[{\"@type\":\"SearchAction\",\"target\":{\"@type\":\"EntryPoint\",\"urlTemplate\":\"https:\/\/kunmedierne.dk\/mors\/?s={search_term_string}\"},\"query-input\":{\"@type\":\"PropertyValueSpecification\",\"valueRequired\":true,\"valueName\":\"search_term_string\"}}],\"inLanguage\":\"da-DK\"},{\"@type\":\"Organization\",\"@id\":\"https:\/\/kunmedierne.dk\/mors\/#organization\",\"name\":\"Mors\",\"url\":\"https:\/\/kunmedierne.dk\/mors\/\",\"logo\":{\"@type\":\"ImageObject\",\"inLanguage\":\"da-DK\",\"@id\":\"https:\/\/kunmedierne.dk\/mors\/#\/schema\/logo\/image\/\",\"url\":\"https:\/\/kunmedierne.dk\/mors\/wp-content\/uploads\/2024\/08\/kunmors-logo.svg\",\"contentUrl\":\"https:\/\/kunmedierne.dk\/mors\/wp-content\/uploads\/2024\/08\/kunmors-logo.svg\",\"caption\":\"Mors\"},\"image\":{\"@id\":\"https:\/\/kunmedierne.dk\/mors\/#\/schema\/logo\/image\/\"}},{\"@type\":\"Person\",\"@id\":\"https:\/\/kunmedierne.dk\/mors\/#\/schema\/person\/5fe23251bf1d0abbcdc6f7896579d548\",\"name\":\"David H\u00f8jmark\",\"image\":{\"@type\":\"ImageObject\",\"inLanguage\":\"da-DK\",\"@id\":\"https:\/\/kunmedierne.dk\/mors\/#\/schema\/person\/image\/\",\"url\":\"https:\/\/secure.gravatar.com\/avatar\/4315d6fb9ef244d729989f5f90268eb08d5bf8a3d84402f595fa194bb35784fd?s=96&d=mm&r=g\",\"contentUrl\":\"https:\/\/secure.gravatar.com\/avatar\/4315d6fb9ef244d729989f5f90268eb08d5bf8a3d84402f595fa194bb35784fd?s=96&d=mm&r=g\",\"caption\":\"David H\u00f8jmark\"},\"sameAs\":[\"https:\/\/www.kunmedierne.dk\"],\"url\":\"https:\/\/kunmedierne.dk\/mors\/author\/david\/\"}]}<\/script>\n<!-- \/ Yoast SEO plugin. -->","yoast_head_json":{"title":"Afg\u00e5ende formand for seniorr\u00e5det gl\u00e6der sig over fremm\u00f8devalg - Mors","robots":{"index":"index","follow":"follow","max-snippet":"max-snippet:-1","max-image-preview":"max-image-preview:large","max-video-preview":"max-video-preview:-1"},"canonical":"https:\/\/kunmedierne.dk\/mors\/afgaaende-formand-for-seniorraadet-glaeder-sig-over-fremmoedevalg\/","og_locale":"da_DK","og_type":"article","og_title":"Afg\u00e5ende formand for seniorr\u00e5det gl\u00e6der sig over fremm\u00f8devalg - Mors","og_description":"MORS: N\u00e5r kommunens \u00e6ldste borgere 16. november har afleveret deres stemmesedler for kommunal- og regionsvalget, skal de p\u00e5 den igen med det samme. For samme aften er der valg til kommunens seniorr\u00e5d &#8211; et valg, som kommunalbestyrelsen i enighed forleden besluttede skulle v\u00e6re et s\u00e5kaldt fremm\u00f8devalg. Det gl\u00e6der Mejner Aggerholm, afg\u00e5ende formand for seniorr\u00e5det i [&hellip;]","og_url":"https:\/\/kunmedierne.dk\/mors\/afgaaende-formand-for-seniorraadet-glaeder-sig-over-fremmoedevalg\/","og_site_name":"Mors","article_published_time":"2021-04-10T09:34:25+00:00","article_modified_time":"2024-08-12T11:37:38+00:00","og_image":[{"width":770,"height":513,"url":"https:\/\/kunmedierne.dk\/mors\/wp-content\/uploads\/2021\/04\/valg.jpg","type":"image\/jpeg"}],"author":"David H\u00f8jmark","twitter_card":"summary_large_image","twitter_misc":{"Skrevet af":"David H\u00f8jmark","Estimeret l\u00e6setid":"1 minut"},"schema":{"@context":"https:\/\/schema.org","@graph":[{"@type":"Article","@id":"https:\/\/kunmedierne.dk\/mors\/afgaaende-formand-for-seniorraadet-glaeder-sig-over-fremmoedevalg\/#article","isPartOf":{"@id":"https:\/\/kunmedierne.dk\/mors\/afgaaende-formand-for-seniorraadet-glaeder-sig-over-fremmoedevalg\/"},"author":{"name":"David H\u00f8jmark","@id":"https:\/\/kunmedierne.dk\/mors\/#\/schema\/person\/5fe23251bf1d0abbcdc6f7896579d548"},"headline":"Afg\u00e5ende formand for seniorr\u00e5det gl\u00e6der sig over fremm\u00f8devalg","datePublished":"2021-04-10T09:34:25+00:00","dateModified":"2024-08-12T11:37:38+00:00","mainEntityOfPage":{"@id":"https:\/\/kunmedierne.dk\/mors\/afgaaende-formand-for-seniorraadet-glaeder-sig-over-fremmoedevalg\/"},"wordCount":260,"commentCount":0,"publisher":{"@id":"https:\/\/kunmedierne.dk\/mors\/#organization"},"image":{"@id":"https:\/\/kunmedierne.dk\/mors\/afgaaende-formand-for-seniorraadet-glaeder-sig-over-fremmoedevalg\/#primaryimage"},"thumbnailUrl":"https:\/\/kunmedierne.dk\/mors\/wp-content\/uploads\/2021\/04\/valg.jpg","keywords":["Politik"],"articleSection":["Lokalt"],"inLanguage":"da-DK","potentialAction":[{"@type":"CommentAction","name":"Comment","target":["https:\/\/kunmedierne.dk\/mors\/afgaaende-formand-for-seniorraadet-glaeder-sig-over-fremmoedevalg\/#respond"]}]},{"@type":"WebPage","@id":"https:\/\/kunmedierne.dk\/mors\/afgaaende-formand-for-seniorraadet-glaeder-sig-over-fremmoedevalg\/","url":"https:\/\/kunmedierne.dk\/mors\/afgaaende-formand-for-seniorraadet-glaeder-sig-over-fremmoedevalg\/","name":"Afg\u00e5ende formand for seniorr\u00e5det gl\u00e6der sig over fremm\u00f8devalg - Mors","isPartOf":{"@id":"https:\/\/kunmedierne.dk\/mors\/#website"},"primaryImageOfPage":{"@id":"https:\/\/kunmedierne.dk\/mors\/afgaaende-formand-for-seniorraadet-glaeder-sig-over-fremmoedevalg\/#primaryimage"},"image":{"@id":"https:\/\/kunmedierne.dk\/mors\/afgaaende-formand-for-seniorraadet-glaeder-sig-over-fremmoedevalg\/#primaryimage"},"thumbnailUrl":"https:\/\/kunmedierne.dk\/mors\/wp-content\/uploads\/2021\/04\/valg.jpg","datePublished":"2021-04-10T09:34:25+00:00","dateModified":"2024-08-12T11:37:38+00:00","breadcrumb":{"@id":"https:\/\/kunmedierne.dk\/mors\/afgaaende-formand-for-seniorraadet-glaeder-sig-over-fremmoedevalg\/#breadcrumb"},"inLanguage":"da-DK","potentialAction":[{"@type":"ReadAction","target":["https:\/\/kunmedierne.dk\/mors\/afgaaende-formand-for-seniorraadet-glaeder-sig-over-fremmoedevalg\/"]}]},{"@type":"ImageObject","inLanguage":"da-DK","@id":"https:\/\/kunmedierne.dk\/mors\/afgaaende-formand-for-seniorraadet-glaeder-sig-over-fremmoedevalg\/#primaryimage","url":"https:\/\/kunmedierne.dk\/mors\/wp-content\/uploads\/2021\/04\/valg.jpg","contentUrl":"https:\/\/kunmedierne.dk\/mors\/wp-content\/uploads\/2021\/04\/valg.jpg","width":770,"height":513,"caption":"Modelfoto: Element5 Digital\/Unsplash"},{"@type":"BreadcrumbList","@id":"https:\/\/kunmedierne.dk\/mors\/afgaaende-formand-for-seniorraadet-glaeder-sig-over-fremmoedevalg\/#breadcrumb","itemListElement":[{"@type":"ListItem","position":1,"name":"Hjem","item":"https:\/\/kunmedierne.dk\/mors\/"},{"@type":"ListItem","position":2,"name":"Afg\u00e5ende formand for seniorr\u00e5det gl\u00e6der sig over fremm\u00f8devalg"}]},{"@type":"WebSite","@id":"https:\/\/kunmedierne.dk\/mors\/#website","url":"https:\/\/kunmedierne.dk\/mors\/","name":"Mors","description":"et netmedie med journalistik om livet p\u00e5 Mors","publisher":{"@id":"https:\/\/kunmedierne.dk\/mors\/#organization"},"potentialAction":[{"@type":"SearchAction","target":{"@type":"EntryPoint","urlTemplate":"https:\/\/kunmedierne.dk\/mors\/?s={search_term_string}"},"query-input":{"@type":"PropertyValueSpecification","valueRequired":true,"valueName":"search_term_string"}}],"inLanguage":"da-DK"},{"@type":"Organization","@id":"https:\/\/kunmedierne.dk\/mors\/#organization","name":"Mors","url":"https:\/\/kunmedierne.dk\/mors\/","logo":{"@type":"ImageObject","inLanguage":"da-DK","@id":"https:\/\/kunmedierne.dk\/mors\/#\/schema\/logo\/image\/","url":"https:\/\/kunmedierne.dk\/mors\/wp-content\/uploads\/2024\/08\/kunmors-logo.svg","contentUrl":"https:\/\/kunmedierne.dk\/mors\/wp-content\/uploads\/2024\/08\/kunmors-logo.svg","caption":"Mors"},"image":{"@id":"https:\/\/kunmedierne.dk\/mors\/#\/schema\/logo\/image\/"}},{"@type":"Person","@id":"https:\/\/kunmedierne.dk\/mors\/#\/schema\/person\/5fe23251bf1d0abbcdc6f7896579d548","name":"David H\u00f8jmark","image":{"@type":"ImageObject","inLanguage":"da-DK","@id":"https:\/\/kunmedierne.dk\/mors\/#\/schema\/person\/image\/","url":"https:\/\/secure.gravatar.com\/avatar\/4315d6fb9ef244d729989f5f90268eb08d5bf8a3d84402f595fa194bb35784fd?s=96&d=mm&r=g","contentUrl":"https:\/\/secure.gravatar.com\/avatar\/4315d6fb9ef244d729989f5f90268eb08d5bf8a3d84402f595fa194bb35784fd?s=96&d=mm&r=g","caption":"David H\u00f8jmark"},"sameAs":["https:\/\/www.kunmedierne.dk"],"url":"https:\/\/kunmedierne.dk\/mors\/author\/david\/"}]}},"_links":{"self":[{"href":"https:\/\/kunmedierne.dk\/mors\/wp-json\/wp\/v2\/posts\/43059","targetHints":{"allow":["GET"]}}],"collection":[{"href":"https:\/\/kunmedierne.dk\/mors\/wp-json\/wp\/v2\/posts"}],"about":[{"href":"https:\/\/kunmedierne.dk\/mors\/wp-json\/wp\/v2\/types\/post"}],"author":[{"embeddable":true,"href":"https:\/\/kunmedierne.dk\/mors\/wp-json\/wp\/v2\/users\/8"}],"replies":[{"embeddable":true,"href":"https:\/\/kunmedierne.dk\/mors\/wp-json\/wp\/v2\/comments?post=43059"}],"version-history":[{"count":1,"href":"https:\/\/kunmedierne.dk\/mors\/wp-json\/wp\/v2\/posts\/43059\/revisions"}],"predecessor-version":[{"id":43061,"href":"https:\/\/kunmedierne.dk\/mors\/wp-json\/wp\/v2\/posts\/43059\/revisions\/43061"}],"wp:featuredmedia":[{"embeddable":true,"href":"https:\/\/kunmedierne.dk\/mors\/wp-json\/wp\/v2\/media\/43060"}],"wp:attachment":[{"href":"https:\/\/kunmedierne.dk\/mors\/wp-json\/wp\/v2\/media?parent=43059"}],"wp:term":[{"taxonomy":"category","embeddable":true,"href":"https:\/\/kunmedierne.dk\/mors\/wp-json\/wp\/v2\/categories?post=43059"},{"taxonomy":"post_tag","embeddable":true,"href":"https:\/\/kunmedierne.dk\/mors\/wp-json\/wp\/v2\/tags?post=43059"}],"curies":[{"name":"wp","href":"https:\/\/api.w.org\/{rel}","templated":true}]}}