{"id":43023,"date":"2021-04-09T10:15:31","date_gmt":"2021-04-09T08:15:31","guid":{"rendered":"https:\/\/kunmedierne.dk\/mors\/?p=43023"},"modified":"2024-08-12T13:37:38","modified_gmt":"2024-08-12T11:37:38","slug":"oestersfinalen-er-aflyst-igen","status":"publish","type":"post","link":"https:\/\/kunmedierne.dk\/mors\/oestersfinalen-er-aflyst-igen\/","title":{"rendered":"\u00d8stersfinalen er aflyst igen"},"content":{"rendered":"<p><strong>MORS<\/strong>: Det lykkedes ikke i 2020, og det g\u00f8r det heller ikke i 2021.<\/p>\n<p>\u00d8stersfinalen, som i dagene 16.-18. april skulle have markeret et festligt punktum for \u00e5rets \u00f8sterss\u00e6son, er aflyst. Selvf\u00f8lgelig p\u00e5 grund af restriktionerne i forbindelse med covid-19.<\/p>\n<p>&#8220;Vi havde ellers i lyset af coronaepidemien en ny og udvidet version af \u00d8stersfinalen klar med to ekstra dage, tilpasset med flere, men mindre arrangementer, s\u00e5 de kunne afvikles med under 50 g\u00e6ster, men gen\u00e5bningen er ikke g\u00e5et s\u00e5 smidig og raskt, som vi havde h\u00e5bet og \u00f8nsket. Med et forsamlingsforbud p\u00e5 fem personer indend\u00f8rs kan vi ikke afvikle arrangementerne og det \u00e6rgrer og frustrerer os rigtig meget,&#8221; lyder det fra Colin John Seymour Jr., direkt\u00f8r for Danmarks Skaldyrshovedstad. <img loading=\"lazy\" decoding=\"async\" class=\"alignright size-full wp-image-42324\" src=\"https:\/\/kunmedierne.dk\/mors\/wp-content\/uploads\/2021\/03\/te9.jpg\" alt=\"\" width=\"1400\" height=\"125\" srcset=\"https:\/\/kunmedierne.dk\/mors\/wp-content\/uploads\/2021\/03\/te9.jpg 1400w, https:\/\/kunmedierne.dk\/mors\/wp-content\/uploads\/2021\/03\/te9-300x27.jpg 300w, https:\/\/kunmedierne.dk\/mors\/wp-content\/uploads\/2021\/03\/te9-1024x91.jpg 1024w, https:\/\/kunmedierne.dk\/mors\/wp-content\/uploads\/2021\/03\/te9-768x69.jpg 768w, https:\/\/kunmedierne.dk\/mors\/wp-content\/uploads\/2021\/03\/te9-600x54.jpg 600w\" sizes=\"auto, (max-width: 1400px) 100vw, 1400px\" \/><\/p>\n<p>Projektleder Maria Kjelds supplerer:<\/p>\n<p>&#8220;Vi havde ellers en weekend klar spr\u00e6ngfyldt med oplevelser for hele familien, og hvor helt almindelige danskere ville f\u00e5 mulighed for at pr\u00f8ve kr\u00e6fter med at tilberede og nyde \u00f8sters fra Limfjorden. Der var ogs\u00e5 tilrettelagt Masterclasses med danske topkokke, ligesom der skulle v\u00e6re fagligt fokus p\u00e5 \u00f8stersvidenskab og -kulturhistorie.&#8221;<\/p>\n<p>&nbsp;<\/p>\n<p><strong>Politisk forst\u00e5else for aflysninger<\/strong><\/p>\n<p>\u00d8stersfinalen er en del af Mors\u00f8 Kommunes markedsf\u00f8ring af Nyk\u00f8bing som &#8216;Danmarks Skaldyrshovedstad&#8217;, men selv om man selvf\u00f8lgelig \u00e6rgrer sig over endnu en aflysning, er der politisk opbakning til beslutningen.<\/p>\n<p>&#8220;Aflysningen i k\u00f8lvandet p\u00e5 covid-19 falder i tr\u00e5d med aflysningerne af mange af de \u00f8vrige events, vi har p\u00e5 Mors. Det er selvf\u00f8lgeligt trist, at vi m\u00e5 aflyse to \u00e5r i tr\u00e6k. Til geng\u00e6ld v\u00e6lger vi at se lyst p\u00e5 det og gl\u00e6der os til at byde velkommen indenfor i 2022,&#8221; siger borgmester Hans Ejner Bertelsen (V). <a href=\"https:\/\/konpap.dk\/\"><img loading=\"lazy\" decoding=\"async\" class=\"alignright size-full wp-image-42326\" src=\"https:\/\/kunmedierne.dk\/mors\/wp-content\/uploads\/2021\/03\/te10.jpg\" alt=\"\" width=\"1400\" height=\"125\" srcset=\"https:\/\/kunmedierne.dk\/mors\/wp-content\/uploads\/2021\/03\/te10.jpg 1400w, https:\/\/kunmedierne.dk\/mors\/wp-content\/uploads\/2021\/03\/te10-300x27.jpg 300w, https:\/\/kunmedierne.dk\/mors\/wp-content\/uploads\/2021\/03\/te10-1024x91.jpg 1024w, https:\/\/kunmedierne.dk\/mors\/wp-content\/uploads\/2021\/03\/te10-768x69.jpg 768w, https:\/\/kunmedierne.dk\/mors\/wp-content\/uploads\/2021\/03\/te10-600x54.jpg 600w\" sizes=\"auto, (max-width: 1400px) 100vw, 1400px\" \/><\/a><\/p>\n<p>Han bakkes op af Ellen Philipsen Dahl (DB), der er formand for besk\u00e6ftigelses- og erhvervsudvalget.<\/p>\n<p>&#8220;Lige s\u00e5 tr\u00e6ls en aflysning er lige nu, lige s\u00e5 meget ser vi alle sammen frem til en mere normal hverdag hen over sommeren og til i fremtiden igen at kunne samles omkring de her store events, der er med til at s\u00e6tte Mors p\u00e5 danmarkskortet. S\u00e5 politisk bakker en samlet kommunalbestyrelse derfor ogs\u00e5 op omkring aflysninger,&#8221; siger Ellen Philipsen Dahl.<\/p>\n<p>&nbsp;<\/p>\n<p><strong>Aktiviteter senere p\u00e5 \u00e5ret<\/strong><\/p>\n<p>Selv om \u00d8stersfinalen 2021 ikke bliver til noget, betyder det ikke, at publikum kommer til at g\u00e5 glip af de planlagte oplevelser.<\/p>\n<p>&#8220;Nogle af aktiviteterne er flyttet fra april til ugerne efter \u00d8sters- og Muslingepremieren, som fejres f\u00f8rste weekend i oktober. Det g\u00e6lder blandt andet de to Skaldyr Masterclasses, som nu pr\u00e6senteres den 10. oktober. Andre af de aflyste arrangementer vil blive afviklet i l\u00f8bet af \u00e5ret n\u00e5r coronavejledningerne tillader det,&#8221; siger Colin John Seymour Jr. <a href=\"https:\/\/www.sparv.dk\/\"><img loading=\"lazy\" decoding=\"async\" class=\"alignright size-full wp-image-42461\" src=\"https:\/\/kunmedierne.dk\/mors\/wp-content\/uploads\/2021\/03\/te11.jpg\" alt=\"\" width=\"1400\" height=\"125\" srcset=\"https:\/\/kunmedierne.dk\/mors\/wp-content\/uploads\/2021\/03\/te11.jpg 1400w, https:\/\/kunmedierne.dk\/mors\/wp-content\/uploads\/2021\/03\/te11-300x27.jpg 300w, https:\/\/kunmedierne.dk\/mors\/wp-content\/uploads\/2021\/03\/te11-1024x91.jpg 1024w, https:\/\/kunmedierne.dk\/mors\/wp-content\/uploads\/2021\/03\/te11-768x69.jpg 768w, https:\/\/kunmedierne.dk\/mors\/wp-content\/uploads\/2021\/03\/te11-600x54.jpg 600w\" sizes=\"auto, (max-width: 1400px) 100vw, 1400px\" \/><\/a><\/p>\n<p>Han fort\u00e6ller, at man herudover lige nu barsler med en r\u00e6kke nye type arrangementer og helt unikke skaldyrsoplevelser.<\/p>\n<p>&#8220;Dem gl\u00e6der vi os meget til at l\u00f8fte sl\u00f8ret for snarest,&#8221; siger han.<\/p>\n<p>\u00d8sters hentes op af Limfjorden typisk i perioden start oktober til slut april. Afslutningen p\u00e5 s\u00e6sonen i april har Danmarks Skaldyrshovedstad, for f\u00f8rste gang festligholdt i 2019 med arrangementet \u00d8stersfinalen, som s\u00e5 i 2020 m\u00e5tte aflyses grundet nedlukningen.<\/p>\n<p>&nbsp;<\/p>\n","protected":false},"excerpt":{"rendered":"<p>MORS: Det lykkedes ikke i 2020, og det g\u00f8r det heller ikke i 2021. \u00d8stersfinalen, som i dagene 16.-18. april skulle have markeret et festligt punktum for \u00e5rets \u00f8sterss\u00e6son, er aflyst. Selvf\u00f8lgelig p\u00e5 grund af restriktionerne i forbindelse med covid-19. &#8220;Vi havde ellers i lyset af coronaepidemien en ny og udvidet version af \u00d8stersfinalen klar [&hellip;]<\/p>\n","protected":false},"author":8,"featured_media":13387,"comment_status":"open","ping_status":"open","sticky":false,"template":"","format":"standard","meta":{"_acf_changed":false,"footnotes":""},"categories":[49],"tags":[169],"class_list":["post-43023","post","type-post","status-publish","format-standard","has-post-thumbnail","hentry","category-kultur","tag-skaldyr"],"acf":[],"yoast_head":"<!-- This site is optimized with the Yoast SEO plugin v26.8 - https:\/\/yoast.com\/product\/yoast-seo-wordpress\/ -->\n<title>\u00d8stersfinalen er aflyst igen - Mors<\/title>\n<meta name=\"robots\" content=\"index, follow, max-snippet:-1, max-image-preview:large, max-video-preview:-1\" \/>\n<link rel=\"canonical\" href=\"https:\/\/kunmedierne.dk\/mors\/oestersfinalen-er-aflyst-igen\/\" \/>\n<meta property=\"og:locale\" content=\"da_DK\" \/>\n<meta property=\"og:type\" content=\"article\" \/>\n<meta property=\"og:title\" content=\"\u00d8stersfinalen er aflyst igen - Mors\" \/>\n<meta property=\"og:description\" content=\"MORS: Det lykkedes ikke i 2020, og det g\u00f8r det heller ikke i 2021. \u00d8stersfinalen, som i dagene 16.-18. april skulle have markeret et festligt punktum for \u00e5rets \u00f8sterss\u00e6son, er aflyst. Selvf\u00f8lgelig p\u00e5 grund af restriktionerne i forbindelse med covid-19. &#8220;Vi havde ellers i lyset af coronaepidemien en ny og udvidet version af \u00d8stersfinalen klar [&hellip;]\" \/>\n<meta property=\"og:url\" content=\"https:\/\/kunmedierne.dk\/mors\/oestersfinalen-er-aflyst-igen\/\" \/>\n<meta property=\"og:site_name\" content=\"Mors\" \/>\n<meta property=\"article:published_time\" content=\"2021-04-09T08:15:31+00:00\" \/>\n<meta property=\"article:modified_time\" content=\"2024-08-12T11:37:38+00:00\" \/>\n<meta property=\"og:image\" content=\"https:\/\/kunmedierne.dk\/mors\/wp-content\/uploads\/2020\/03\/200311-\u00f8stersfinalen.jpg\" \/>\n\t<meta property=\"og:image:width\" content=\"770\" \/>\n\t<meta property=\"og:image:height\" content=\"513\" \/>\n\t<meta property=\"og:image:type\" content=\"image\/jpeg\" \/>\n<meta name=\"author\" content=\"David H\u00f8jmark\" \/>\n<meta name=\"twitter:card\" content=\"summary_large_image\" \/>\n<meta name=\"twitter:label1\" content=\"Skrevet af\" \/>\n\t<meta name=\"twitter:data1\" content=\"David H\u00f8jmark\" \/>\n\t<meta name=\"twitter:label2\" content=\"Estimeret l\u00e6setid\" \/>\n\t<meta name=\"twitter:data2\" content=\"3 minutter\" \/>\n<script type=\"application\/ld+json\" class=\"yoast-schema-graph\">{\"@context\":\"https:\/\/schema.org\",\"@graph\":[{\"@type\":\"Article\",\"@id\":\"https:\/\/kunmedierne.dk\/mors\/oestersfinalen-er-aflyst-igen\/#article\",\"isPartOf\":{\"@id\":\"https:\/\/kunmedierne.dk\/mors\/oestersfinalen-er-aflyst-igen\/\"},\"author\":{\"name\":\"David H\u00f8jmark\",\"@id\":\"https:\/\/kunmedierne.dk\/mors\/#\/schema\/person\/5fe23251bf1d0abbcdc6f7896579d548\"},\"headline\":\"\u00d8stersfinalen er aflyst igen\",\"datePublished\":\"2021-04-09T08:15:31+00:00\",\"dateModified\":\"2024-08-12T11:37:38+00:00\",\"mainEntityOfPage\":{\"@id\":\"https:\/\/kunmedierne.dk\/mors\/oestersfinalen-er-aflyst-igen\/\"},\"wordCount\":528,\"commentCount\":0,\"publisher\":{\"@id\":\"https:\/\/kunmedierne.dk\/mors\/#organization\"},\"image\":{\"@id\":\"https:\/\/kunmedierne.dk\/mors\/oestersfinalen-er-aflyst-igen\/#primaryimage\"},\"thumbnailUrl\":\"https:\/\/kunmedierne.dk\/mors\/wp-content\/uploads\/2020\/03\/200311-\u00f8stersfinalen.jpg\",\"keywords\":[\"Skaldyr\"],\"articleSection\":[\"Kultur\"],\"inLanguage\":\"da-DK\",\"potentialAction\":[{\"@type\":\"CommentAction\",\"name\":\"Comment\",\"target\":[\"https:\/\/kunmedierne.dk\/mors\/oestersfinalen-er-aflyst-igen\/#respond\"]}]},{\"@type\":\"WebPage\",\"@id\":\"https:\/\/kunmedierne.dk\/mors\/oestersfinalen-er-aflyst-igen\/\",\"url\":\"https:\/\/kunmedierne.dk\/mors\/oestersfinalen-er-aflyst-igen\/\",\"name\":\"\u00d8stersfinalen er aflyst igen - Mors\",\"isPartOf\":{\"@id\":\"https:\/\/kunmedierne.dk\/mors\/#website\"},\"primaryImageOfPage\":{\"@id\":\"https:\/\/kunmedierne.dk\/mors\/oestersfinalen-er-aflyst-igen\/#primaryimage\"},\"image\":{\"@id\":\"https:\/\/kunmedierne.dk\/mors\/oestersfinalen-er-aflyst-igen\/#primaryimage\"},\"thumbnailUrl\":\"https:\/\/kunmedierne.dk\/mors\/wp-content\/uploads\/2020\/03\/200311-\u00f8stersfinalen.jpg\",\"datePublished\":\"2021-04-09T08:15:31+00:00\",\"dateModified\":\"2024-08-12T11:37:38+00:00\",\"breadcrumb\":{\"@id\":\"https:\/\/kunmedierne.dk\/mors\/oestersfinalen-er-aflyst-igen\/#breadcrumb\"},\"inLanguage\":\"da-DK\",\"potentialAction\":[{\"@type\":\"ReadAction\",\"target\":[\"https:\/\/kunmedierne.dk\/mors\/oestersfinalen-er-aflyst-igen\/\"]}]},{\"@type\":\"ImageObject\",\"inLanguage\":\"da-DK\",\"@id\":\"https:\/\/kunmedierne.dk\/mors\/oestersfinalen-er-aflyst-igen\/#primaryimage\",\"url\":\"https:\/\/kunmedierne.dk\/mors\/wp-content\/uploads\/2020\/03\/200311-\u00f8stersfinalen.jpg\",\"contentUrl\":\"https:\/\/kunmedierne.dk\/mors\/wp-content\/uploads\/2020\/03\/200311-\u00f8stersfinalen.jpg\",\"width\":770,\"height\":513,\"caption\":\"Fra \u00f8stersfinalen i 2019. Foto: Mors\u00f8 Kommune.\"},{\"@type\":\"BreadcrumbList\",\"@id\":\"https:\/\/kunmedierne.dk\/mors\/oestersfinalen-er-aflyst-igen\/#breadcrumb\",\"itemListElement\":[{\"@type\":\"ListItem\",\"position\":1,\"name\":\"Hjem\",\"item\":\"https:\/\/kunmedierne.dk\/mors\/\"},{\"@type\":\"ListItem\",\"position\":2,\"name\":\"\u00d8stersfinalen er aflyst igen\"}]},{\"@type\":\"WebSite\",\"@id\":\"https:\/\/kunmedierne.dk\/mors\/#website\",\"url\":\"https:\/\/kunmedierne.dk\/mors\/\",\"name\":\"Mors\",\"description\":\"et netmedie med journalistik om livet p\u00e5 Mors\",\"publisher\":{\"@id\":\"https:\/\/kunmedierne.dk\/mors\/#organization\"},\"potentialAction\":[{\"@type\":\"SearchAction\",\"target\":{\"@type\":\"EntryPoint\",\"urlTemplate\":\"https:\/\/kunmedierne.dk\/mors\/?s={search_term_string}\"},\"query-input\":{\"@type\":\"PropertyValueSpecification\",\"valueRequired\":true,\"valueName\":\"search_term_string\"}}],\"inLanguage\":\"da-DK\"},{\"@type\":\"Organization\",\"@id\":\"https:\/\/kunmedierne.dk\/mors\/#organization\",\"name\":\"Mors\",\"url\":\"https:\/\/kunmedierne.dk\/mors\/\",\"logo\":{\"@type\":\"ImageObject\",\"inLanguage\":\"da-DK\",\"@id\":\"https:\/\/kunmedierne.dk\/mors\/#\/schema\/logo\/image\/\",\"url\":\"https:\/\/kunmedierne.dk\/mors\/wp-content\/uploads\/2024\/08\/kunmors-logo.svg\",\"contentUrl\":\"https:\/\/kunmedierne.dk\/mors\/wp-content\/uploads\/2024\/08\/kunmors-logo.svg\",\"caption\":\"Mors\"},\"image\":{\"@id\":\"https:\/\/kunmedierne.dk\/mors\/#\/schema\/logo\/image\/\"}},{\"@type\":\"Person\",\"@id\":\"https:\/\/kunmedierne.dk\/mors\/#\/schema\/person\/5fe23251bf1d0abbcdc6f7896579d548\",\"name\":\"David H\u00f8jmark\",\"image\":{\"@type\":\"ImageObject\",\"inLanguage\":\"da-DK\",\"@id\":\"https:\/\/kunmedierne.dk\/mors\/#\/schema\/person\/image\/\",\"url\":\"https:\/\/secure.gravatar.com\/avatar\/4315d6fb9ef244d729989f5f90268eb08d5bf8a3d84402f595fa194bb35784fd?s=96&d=mm&r=g\",\"contentUrl\":\"https:\/\/secure.gravatar.com\/avatar\/4315d6fb9ef244d729989f5f90268eb08d5bf8a3d84402f595fa194bb35784fd?s=96&d=mm&r=g\",\"caption\":\"David H\u00f8jmark\"},\"sameAs\":[\"https:\/\/www.kunmedierne.dk\"],\"url\":\"https:\/\/kunmedierne.dk\/mors\/author\/david\/\"}]}<\/script>\n<!-- \/ Yoast SEO plugin. -->","yoast_head_json":{"title":"\u00d8stersfinalen er aflyst igen - Mors","robots":{"index":"index","follow":"follow","max-snippet":"max-snippet:-1","max-image-preview":"max-image-preview:large","max-video-preview":"max-video-preview:-1"},"canonical":"https:\/\/kunmedierne.dk\/mors\/oestersfinalen-er-aflyst-igen\/","og_locale":"da_DK","og_type":"article","og_title":"\u00d8stersfinalen er aflyst igen - Mors","og_description":"MORS: Det lykkedes ikke i 2020, og det g\u00f8r det heller ikke i 2021. \u00d8stersfinalen, som i dagene 16.-18. april skulle have markeret et festligt punktum for \u00e5rets \u00f8sterss\u00e6son, er aflyst. Selvf\u00f8lgelig p\u00e5 grund af restriktionerne i forbindelse med covid-19. &#8220;Vi havde ellers i lyset af coronaepidemien en ny og udvidet version af \u00d8stersfinalen klar [&hellip;]","og_url":"https:\/\/kunmedierne.dk\/mors\/oestersfinalen-er-aflyst-igen\/","og_site_name":"Mors","article_published_time":"2021-04-09T08:15:31+00:00","article_modified_time":"2024-08-12T11:37:38+00:00","og_image":[{"width":770,"height":513,"url":"https:\/\/kunmedierne.dk\/mors\/wp-content\/uploads\/2020\/03\/200311-\u00f8stersfinalen.jpg","type":"image\/jpeg"}],"author":"David H\u00f8jmark","twitter_card":"summary_large_image","twitter_misc":{"Skrevet af":"David H\u00f8jmark","Estimeret l\u00e6setid":"3 minutter"},"schema":{"@context":"https:\/\/schema.org","@graph":[{"@type":"Article","@id":"https:\/\/kunmedierne.dk\/mors\/oestersfinalen-er-aflyst-igen\/#article","isPartOf":{"@id":"https:\/\/kunmedierne.dk\/mors\/oestersfinalen-er-aflyst-igen\/"},"author":{"name":"David H\u00f8jmark","@id":"https:\/\/kunmedierne.dk\/mors\/#\/schema\/person\/5fe23251bf1d0abbcdc6f7896579d548"},"headline":"\u00d8stersfinalen er aflyst igen","datePublished":"2021-04-09T08:15:31+00:00","dateModified":"2024-08-12T11:37:38+00:00","mainEntityOfPage":{"@id":"https:\/\/kunmedierne.dk\/mors\/oestersfinalen-er-aflyst-igen\/"},"wordCount":528,"commentCount":0,"publisher":{"@id":"https:\/\/kunmedierne.dk\/mors\/#organization"},"image":{"@id":"https:\/\/kunmedierne.dk\/mors\/oestersfinalen-er-aflyst-igen\/#primaryimage"},"thumbnailUrl":"https:\/\/kunmedierne.dk\/mors\/wp-content\/uploads\/2020\/03\/200311-\u00f8stersfinalen.jpg","keywords":["Skaldyr"],"articleSection":["Kultur"],"inLanguage":"da-DK","potentialAction":[{"@type":"CommentAction","name":"Comment","target":["https:\/\/kunmedierne.dk\/mors\/oestersfinalen-er-aflyst-igen\/#respond"]}]},{"@type":"WebPage","@id":"https:\/\/kunmedierne.dk\/mors\/oestersfinalen-er-aflyst-igen\/","url":"https:\/\/kunmedierne.dk\/mors\/oestersfinalen-er-aflyst-igen\/","name":"\u00d8stersfinalen er aflyst igen - Mors","isPartOf":{"@id":"https:\/\/kunmedierne.dk\/mors\/#website"},"primaryImageOfPage":{"@id":"https:\/\/kunmedierne.dk\/mors\/oestersfinalen-er-aflyst-igen\/#primaryimage"},"image":{"@id":"https:\/\/kunmedierne.dk\/mors\/oestersfinalen-er-aflyst-igen\/#primaryimage"},"thumbnailUrl":"https:\/\/kunmedierne.dk\/mors\/wp-content\/uploads\/2020\/03\/200311-\u00f8stersfinalen.jpg","datePublished":"2021-04-09T08:15:31+00:00","dateModified":"2024-08-12T11:37:38+00:00","breadcrumb":{"@id":"https:\/\/kunmedierne.dk\/mors\/oestersfinalen-er-aflyst-igen\/#breadcrumb"},"inLanguage":"da-DK","potentialAction":[{"@type":"ReadAction","target":["https:\/\/kunmedierne.dk\/mors\/oestersfinalen-er-aflyst-igen\/"]}]},{"@type":"ImageObject","inLanguage":"da-DK","@id":"https:\/\/kunmedierne.dk\/mors\/oestersfinalen-er-aflyst-igen\/#primaryimage","url":"https:\/\/kunmedierne.dk\/mors\/wp-content\/uploads\/2020\/03\/200311-\u00f8stersfinalen.jpg","contentUrl":"https:\/\/kunmedierne.dk\/mors\/wp-content\/uploads\/2020\/03\/200311-\u00f8stersfinalen.jpg","width":770,"height":513,"caption":"Fra \u00f8stersfinalen i 2019. Foto: Mors\u00f8 Kommune."},{"@type":"BreadcrumbList","@id":"https:\/\/kunmedierne.dk\/mors\/oestersfinalen-er-aflyst-igen\/#breadcrumb","itemListElement":[{"@type":"ListItem","position":1,"name":"Hjem","item":"https:\/\/kunmedierne.dk\/mors\/"},{"@type":"ListItem","position":2,"name":"\u00d8stersfinalen er aflyst igen"}]},{"@type":"WebSite","@id":"https:\/\/kunmedierne.dk\/mors\/#website","url":"https:\/\/kunmedierne.dk\/mors\/","name":"Mors","description":"et netmedie med journalistik om livet p\u00e5 Mors","publisher":{"@id":"https:\/\/kunmedierne.dk\/mors\/#organization"},"potentialAction":[{"@type":"SearchAction","target":{"@type":"EntryPoint","urlTemplate":"https:\/\/kunmedierne.dk\/mors\/?s={search_term_string}"},"query-input":{"@type":"PropertyValueSpecification","valueRequired":true,"valueName":"search_term_string"}}],"inLanguage":"da-DK"},{"@type":"Organization","@id":"https:\/\/kunmedierne.dk\/mors\/#organization","name":"Mors","url":"https:\/\/kunmedierne.dk\/mors\/","logo":{"@type":"ImageObject","inLanguage":"da-DK","@id":"https:\/\/kunmedierne.dk\/mors\/#\/schema\/logo\/image\/","url":"https:\/\/kunmedierne.dk\/mors\/wp-content\/uploads\/2024\/08\/kunmors-logo.svg","contentUrl":"https:\/\/kunmedierne.dk\/mors\/wp-content\/uploads\/2024\/08\/kunmors-logo.svg","caption":"Mors"},"image":{"@id":"https:\/\/kunmedierne.dk\/mors\/#\/schema\/logo\/image\/"}},{"@type":"Person","@id":"https:\/\/kunmedierne.dk\/mors\/#\/schema\/person\/5fe23251bf1d0abbcdc6f7896579d548","name":"David H\u00f8jmark","image":{"@type":"ImageObject","inLanguage":"da-DK","@id":"https:\/\/kunmedierne.dk\/mors\/#\/schema\/person\/image\/","url":"https:\/\/secure.gravatar.com\/avatar\/4315d6fb9ef244d729989f5f90268eb08d5bf8a3d84402f595fa194bb35784fd?s=96&d=mm&r=g","contentUrl":"https:\/\/secure.gravatar.com\/avatar\/4315d6fb9ef244d729989f5f90268eb08d5bf8a3d84402f595fa194bb35784fd?s=96&d=mm&r=g","caption":"David H\u00f8jmark"},"sameAs":["https:\/\/www.kunmedierne.dk"],"url":"https:\/\/kunmedierne.dk\/mors\/author\/david\/"}]}},"_links":{"self":[{"href":"https:\/\/kunmedierne.dk\/mors\/wp-json\/wp\/v2\/posts\/43023","targetHints":{"allow":["GET"]}}],"collection":[{"href":"https:\/\/kunmedierne.dk\/mors\/wp-json\/wp\/v2\/posts"}],"about":[{"href":"https:\/\/kunmedierne.dk\/mors\/wp-json\/wp\/v2\/types\/post"}],"author":[{"embeddable":true,"href":"https:\/\/kunmedierne.dk\/mors\/wp-json\/wp\/v2\/users\/8"}],"replies":[{"embeddable":true,"href":"https:\/\/kunmedierne.dk\/mors\/wp-json\/wp\/v2\/comments?post=43023"}],"version-history":[{"count":1,"href":"https:\/\/kunmedierne.dk\/mors\/wp-json\/wp\/v2\/posts\/43023\/revisions"}],"predecessor-version":[{"id":43024,"href":"https:\/\/kunmedierne.dk\/mors\/wp-json\/wp\/v2\/posts\/43023\/revisions\/43024"}],"wp:featuredmedia":[{"embeddable":true,"href":"https:\/\/kunmedierne.dk\/mors\/wp-json\/wp\/v2\/media\/13387"}],"wp:attachment":[{"href":"https:\/\/kunmedierne.dk\/mors\/wp-json\/wp\/v2\/media?parent=43023"}],"wp:term":[{"taxonomy":"category","embeddable":true,"href":"https:\/\/kunmedierne.dk\/mors\/wp-json\/wp\/v2\/categories?post=43023"},{"taxonomy":"post_tag","embeddable":true,"href":"https:\/\/kunmedierne.dk\/mors\/wp-json\/wp\/v2\/tags?post=43023"}],"curies":[{"name":"wp","href":"https:\/\/api.w.org\/{rel}","templated":true}]}}