{"id":43013,"date":"2021-04-09T05:10:30","date_gmt":"2021-04-09T03:10:30","guid":{"rendered":"https:\/\/kunmedierne.dk\/mors\/?p=43013"},"modified":"2024-08-12T13:37:38","modified_gmt":"2024-08-12T11:37:38","slug":"thomas-dahlgaard-stiller-op-for-venstre","status":"publish","type":"post","link":"https:\/\/kunmedierne.dk\/mors\/thomas-dahlgaard-stiller-op-for-venstre\/","title":{"rendered":"Thomas Dahlgaard stiller op for Venstre"},"content":{"rendered":"<p><strong>MORS<\/strong>: Kommunalvalget 2021 har f\u00e5et endnu en kandidat, og igen er det Venstre, der pr\u00e6senterer.<\/p>\n<p>Denne gang er det et kendt ansigt i det politiske milj\u00f8, men ikke for Venstre. Thomas Dahlgaard har v\u00e6ret medlem af en partiforening siden 1992 &#8211; de f\u00f8rste mange \u00e5r som konservativ, og ved sidste valg var han p\u00e5 stemmesedlen hos Liberal Alliance sammen med Uffe Korsgaard.<\/p>\n<p>Nu er han skiftet til Venstre.<\/p>\n<p>\u201dJeg v\u00e6lger at stille op til kommunalvalget for at st\u00f8tte op omkring borgmesteren, som jeg synes har gjort en god og sikker indsats i de seneste mange \u00e5r, og som forh\u00e5bentlig kan forts\u00e6tte i n\u00e6ste valgperiode ogs\u00e5. Jeg synes, at han er en god repr\u00e6sentant for Mors, og jeg oplever ham som en lydh\u00f8r person, som er \u00e5ben for ideer og input,&#8221; siger Thomas Dahlgaard. <a href=\"https:\/\/www.braendselsforeningen.dk\/\"><img loading=\"lazy\" decoding=\"async\" class=\"alignright size-full wp-image-42314\" src=\"https:\/\/kunmedierne.dk\/mors\/wp-content\/uploads\/2021\/03\/te6.jpg\" alt=\"\" width=\"1425\" height=\"127\" srcset=\"https:\/\/kunmedierne.dk\/mors\/wp-content\/uploads\/2021\/03\/te6.jpg 1425w, https:\/\/kunmedierne.dk\/mors\/wp-content\/uploads\/2021\/03\/te6-300x27.jpg 300w, https:\/\/kunmedierne.dk\/mors\/wp-content\/uploads\/2021\/03\/te6-1024x91.jpg 1024w, https:\/\/kunmedierne.dk\/mors\/wp-content\/uploads\/2021\/03\/te6-768x68.jpg 768w, https:\/\/kunmedierne.dk\/mors\/wp-content\/uploads\/2021\/03\/te6-600x53.jpg 600w\" sizes=\"auto, (max-width: 1425px) 100vw, 1425px\" \/><\/a><\/p>\n<p>Han er 44 \u00e5r og bor i Dragstrup sammen med Nina og tre b\u00f8rn &#8211; og arbejder som uddannelsesvejleder i Mors\u00f8 Kommune.<\/p>\n<p>I fritiden spiller han fodbold og giver gerne en h\u00e5nd med, n\u00e5r venner eller familie har behov for en praktisk indsats.<\/p>\n<p>Han har i efterh\u00e5nden mange \u00e5r v\u00e6ret aktiv i forskellige foreninger og har blandt andet siddet i bestyrelsen i T.O.R.F. ungdomscenter, fodboldudvalget i VIF, i partiforeninger og i Dragstrup Byforening. Og aktuelt er han i bestyrelsen for det lokale vandv\u00e6rk og i Landdistriktsr\u00e5det for Mors\u00f8 Kommune. <a href=\"https:\/\/morsoe-begravelsesforretning.dk\/\"><img loading=\"lazy\" decoding=\"async\" class=\"alignright size-full wp-image-42315\" src=\"https:\/\/kunmedierne.dk\/mors\/wp-content\/uploads\/2021\/03\/te7.jpg\" alt=\"\" width=\"1425\" height=\"127\" srcset=\"https:\/\/kunmedierne.dk\/mors\/wp-content\/uploads\/2021\/03\/te7.jpg 1425w, https:\/\/kunmedierne.dk\/mors\/wp-content\/uploads\/2021\/03\/te7-300x27.jpg 300w, https:\/\/kunmedierne.dk\/mors\/wp-content\/uploads\/2021\/03\/te7-1024x91.jpg 1024w, https:\/\/kunmedierne.dk\/mors\/wp-content\/uploads\/2021\/03\/te7-768x68.jpg 768w, https:\/\/kunmedierne.dk\/mors\/wp-content\/uploads\/2021\/03\/te7-600x53.jpg 600w\" sizes=\"auto, (max-width: 1425px) 100vw, 1425px\" \/><\/a><\/p>\n<p>Thomas Dahlgaard, der virket b\u00e5de som menigt medlem og formand i de n\u00e6vnte foreninger, beskriver sig selv som optaget af at skabe gode rammer for det gode liv p\u00e5 Mors.<\/p>\n<p>&#8220;Jeg er interesseret, i at kommunen bruger sine ressourcer p\u00e5 en effektiv og hensigtsm\u00e6ssig m\u00e5de til gavn for alle. Og s\u00e5 mener jeg ogs\u00e5, det er vigtigt, at der sker noget p\u00e5 hele \u00f8en,\u201d siger han og anl\u00e6gger et \u00f8konomisk perspektiv.<\/p>\n<p>&#8220;En god og sund \u00f8konomi i kommunen giver mulighed for udvikling og mere af alt det, vi \u00f8nsker,\u201d siger Thomas Dahlgaard.<\/p>\n","protected":false},"excerpt":{"rendered":"<p>MORS: Kommunalvalget 2021 har f\u00e5et endnu en kandidat, og igen er det Venstre, der pr\u00e6senterer. Denne gang er det et kendt ansigt i det politiske milj\u00f8, men ikke for Venstre. Thomas Dahlgaard har v\u00e6ret medlem af en partiforening siden 1992 &#8211; de f\u00f8rste mange \u00e5r som konservativ, og ved sidste valg var han p\u00e5 stemmesedlen [&hellip;]<\/p>\n","protected":false},"author":8,"featured_media":43014,"comment_status":"open","ping_status":"open","sticky":false,"template":"","format":"standard","meta":{"_acf_changed":false,"footnotes":""},"categories":[53],"tags":[167],"class_list":["post-43013","post","type-post","status-publish","format-standard","has-post-thumbnail","hentry","category-sport","tag-politik"],"acf":[],"yoast_head":"<!-- This site is optimized with the Yoast SEO plugin v26.8 - https:\/\/yoast.com\/product\/yoast-seo-wordpress\/ -->\n<title>Thomas Dahlgaard stiller op for Venstre - Mors<\/title>\n<meta name=\"robots\" content=\"index, follow, max-snippet:-1, max-image-preview:large, max-video-preview:-1\" \/>\n<link rel=\"canonical\" href=\"https:\/\/kunmedierne.dk\/mors\/thomas-dahlgaard-stiller-op-for-venstre\/\" \/>\n<meta property=\"og:locale\" content=\"da_DK\" \/>\n<meta property=\"og:type\" content=\"article\" \/>\n<meta property=\"og:title\" content=\"Thomas Dahlgaard stiller op for Venstre - Mors\" \/>\n<meta property=\"og:description\" content=\"MORS: Kommunalvalget 2021 har f\u00e5et endnu en kandidat, og igen er det Venstre, der pr\u00e6senterer. Denne gang er det et kendt ansigt i det politiske milj\u00f8, men ikke for Venstre. Thomas Dahlgaard har v\u00e6ret medlem af en partiforening siden 1992 &#8211; de f\u00f8rste mange \u00e5r som konservativ, og ved sidste valg var han p\u00e5 stemmesedlen [&hellip;]\" \/>\n<meta property=\"og:url\" content=\"https:\/\/kunmedierne.dk\/mors\/thomas-dahlgaard-stiller-op-for-venstre\/\" \/>\n<meta property=\"og:site_name\" content=\"Mors\" \/>\n<meta property=\"article:published_time\" content=\"2021-04-09T03:10:30+00:00\" \/>\n<meta property=\"article:modified_time\" content=\"2024-08-12T11:37:38+00:00\" \/>\n<meta property=\"og:image\" content=\"https:\/\/kunmedierne.dk\/mors\/wp-content\/uploads\/2021\/04\/thomas-dahlgaard.jpg\" \/>\n\t<meta property=\"og:image:width\" content=\"770\" \/>\n\t<meta property=\"og:image:height\" content=\"513\" \/>\n\t<meta property=\"og:image:type\" content=\"image\/jpeg\" \/>\n<meta name=\"author\" content=\"David H\u00f8jmark\" \/>\n<meta name=\"twitter:card\" content=\"summary_large_image\" \/>\n<meta name=\"twitter:label1\" content=\"Skrevet af\" \/>\n\t<meta name=\"twitter:data1\" content=\"David H\u00f8jmark\" \/>\n\t<meta name=\"twitter:label2\" content=\"Estimeret l\u00e6setid\" \/>\n\t<meta name=\"twitter:data2\" content=\"2 minutter\" \/>\n<script type=\"application\/ld+json\" class=\"yoast-schema-graph\">{\"@context\":\"https:\/\/schema.org\",\"@graph\":[{\"@type\":\"Article\",\"@id\":\"https:\/\/kunmedierne.dk\/mors\/thomas-dahlgaard-stiller-op-for-venstre\/#article\",\"isPartOf\":{\"@id\":\"https:\/\/kunmedierne.dk\/mors\/thomas-dahlgaard-stiller-op-for-venstre\/\"},\"author\":{\"name\":\"David H\u00f8jmark\",\"@id\":\"https:\/\/kunmedierne.dk\/mors\/#\/schema\/person\/5fe23251bf1d0abbcdc6f7896579d548\"},\"headline\":\"Thomas Dahlgaard stiller op for Venstre\",\"datePublished\":\"2021-04-09T03:10:30+00:00\",\"dateModified\":\"2024-08-12T11:37:38+00:00\",\"mainEntityOfPage\":{\"@id\":\"https:\/\/kunmedierne.dk\/mors\/thomas-dahlgaard-stiller-op-for-venstre\/\"},\"wordCount\":343,\"commentCount\":0,\"publisher\":{\"@id\":\"https:\/\/kunmedierne.dk\/mors\/#organization\"},\"image\":{\"@id\":\"https:\/\/kunmedierne.dk\/mors\/thomas-dahlgaard-stiller-op-for-venstre\/#primaryimage\"},\"thumbnailUrl\":\"https:\/\/kunmedierne.dk\/mors\/wp-content\/uploads\/2021\/04\/thomas-dahlgaard.jpg\",\"keywords\":[\"Politik\"],\"articleSection\":[\"Sport\"],\"inLanguage\":\"da-DK\",\"potentialAction\":[{\"@type\":\"CommentAction\",\"name\":\"Comment\",\"target\":[\"https:\/\/kunmedierne.dk\/mors\/thomas-dahlgaard-stiller-op-for-venstre\/#respond\"]}]},{\"@type\":\"WebPage\",\"@id\":\"https:\/\/kunmedierne.dk\/mors\/thomas-dahlgaard-stiller-op-for-venstre\/\",\"url\":\"https:\/\/kunmedierne.dk\/mors\/thomas-dahlgaard-stiller-op-for-venstre\/\",\"name\":\"Thomas Dahlgaard stiller op for Venstre - Mors\",\"isPartOf\":{\"@id\":\"https:\/\/kunmedierne.dk\/mors\/#website\"},\"primaryImageOfPage\":{\"@id\":\"https:\/\/kunmedierne.dk\/mors\/thomas-dahlgaard-stiller-op-for-venstre\/#primaryimage\"},\"image\":{\"@id\":\"https:\/\/kunmedierne.dk\/mors\/thomas-dahlgaard-stiller-op-for-venstre\/#primaryimage\"},\"thumbnailUrl\":\"https:\/\/kunmedierne.dk\/mors\/wp-content\/uploads\/2021\/04\/thomas-dahlgaard.jpg\",\"datePublished\":\"2021-04-09T03:10:30+00:00\",\"dateModified\":\"2024-08-12T11:37:38+00:00\",\"breadcrumb\":{\"@id\":\"https:\/\/kunmedierne.dk\/mors\/thomas-dahlgaard-stiller-op-for-venstre\/#breadcrumb\"},\"inLanguage\":\"da-DK\",\"potentialAction\":[{\"@type\":\"ReadAction\",\"target\":[\"https:\/\/kunmedierne.dk\/mors\/thomas-dahlgaard-stiller-op-for-venstre\/\"]}]},{\"@type\":\"ImageObject\",\"inLanguage\":\"da-DK\",\"@id\":\"https:\/\/kunmedierne.dk\/mors\/thomas-dahlgaard-stiller-op-for-venstre\/#primaryimage\",\"url\":\"https:\/\/kunmedierne.dk\/mors\/wp-content\/uploads\/2021\/04\/thomas-dahlgaard.jpg\",\"contentUrl\":\"https:\/\/kunmedierne.dk\/mors\/wp-content\/uploads\/2021\/04\/thomas-dahlgaard.jpg\",\"width\":770,\"height\":513,\"caption\":\"Thomas Dahlgaard, kandidat for Venstre ved kommunalvalget i november. Foto: Venstre Mors\"},{\"@type\":\"BreadcrumbList\",\"@id\":\"https:\/\/kunmedierne.dk\/mors\/thomas-dahlgaard-stiller-op-for-venstre\/#breadcrumb\",\"itemListElement\":[{\"@type\":\"ListItem\",\"position\":1,\"name\":\"Hjem\",\"item\":\"https:\/\/kunmedierne.dk\/mors\/\"},{\"@type\":\"ListItem\",\"position\":2,\"name\":\"Thomas Dahlgaard stiller op for Venstre\"}]},{\"@type\":\"WebSite\",\"@id\":\"https:\/\/kunmedierne.dk\/mors\/#website\",\"url\":\"https:\/\/kunmedierne.dk\/mors\/\",\"name\":\"Mors\",\"description\":\"et netmedie med journalistik om livet p\u00e5 Mors\",\"publisher\":{\"@id\":\"https:\/\/kunmedierne.dk\/mors\/#organization\"},\"potentialAction\":[{\"@type\":\"SearchAction\",\"target\":{\"@type\":\"EntryPoint\",\"urlTemplate\":\"https:\/\/kunmedierne.dk\/mors\/?s={search_term_string}\"},\"query-input\":{\"@type\":\"PropertyValueSpecification\",\"valueRequired\":true,\"valueName\":\"search_term_string\"}}],\"inLanguage\":\"da-DK\"},{\"@type\":\"Organization\",\"@id\":\"https:\/\/kunmedierne.dk\/mors\/#organization\",\"name\":\"Mors\",\"url\":\"https:\/\/kunmedierne.dk\/mors\/\",\"logo\":{\"@type\":\"ImageObject\",\"inLanguage\":\"da-DK\",\"@id\":\"https:\/\/kunmedierne.dk\/mors\/#\/schema\/logo\/image\/\",\"url\":\"https:\/\/kunmedierne.dk\/mors\/wp-content\/uploads\/2024\/08\/kunmors-logo.svg\",\"contentUrl\":\"https:\/\/kunmedierne.dk\/mors\/wp-content\/uploads\/2024\/08\/kunmors-logo.svg\",\"caption\":\"Mors\"},\"image\":{\"@id\":\"https:\/\/kunmedierne.dk\/mors\/#\/schema\/logo\/image\/\"}},{\"@type\":\"Person\",\"@id\":\"https:\/\/kunmedierne.dk\/mors\/#\/schema\/person\/5fe23251bf1d0abbcdc6f7896579d548\",\"name\":\"David H\u00f8jmark\",\"image\":{\"@type\":\"ImageObject\",\"inLanguage\":\"da-DK\",\"@id\":\"https:\/\/kunmedierne.dk\/mors\/#\/schema\/person\/image\/\",\"url\":\"https:\/\/secure.gravatar.com\/avatar\/4315d6fb9ef244d729989f5f90268eb08d5bf8a3d84402f595fa194bb35784fd?s=96&d=mm&r=g\",\"contentUrl\":\"https:\/\/secure.gravatar.com\/avatar\/4315d6fb9ef244d729989f5f90268eb08d5bf8a3d84402f595fa194bb35784fd?s=96&d=mm&r=g\",\"caption\":\"David H\u00f8jmark\"},\"sameAs\":[\"https:\/\/www.kunmedierne.dk\"],\"url\":\"https:\/\/kunmedierne.dk\/mors\/author\/david\/\"}]}<\/script>\n<!-- \/ Yoast SEO plugin. -->","yoast_head_json":{"title":"Thomas Dahlgaard stiller op for Venstre - Mors","robots":{"index":"index","follow":"follow","max-snippet":"max-snippet:-1","max-image-preview":"max-image-preview:large","max-video-preview":"max-video-preview:-1"},"canonical":"https:\/\/kunmedierne.dk\/mors\/thomas-dahlgaard-stiller-op-for-venstre\/","og_locale":"da_DK","og_type":"article","og_title":"Thomas Dahlgaard stiller op for Venstre - Mors","og_description":"MORS: Kommunalvalget 2021 har f\u00e5et endnu en kandidat, og igen er det Venstre, der pr\u00e6senterer. Denne gang er det et kendt ansigt i det politiske milj\u00f8, men ikke for Venstre. Thomas Dahlgaard har v\u00e6ret medlem af en partiforening siden 1992 &#8211; de f\u00f8rste mange \u00e5r som konservativ, og ved sidste valg var han p\u00e5 stemmesedlen [&hellip;]","og_url":"https:\/\/kunmedierne.dk\/mors\/thomas-dahlgaard-stiller-op-for-venstre\/","og_site_name":"Mors","article_published_time":"2021-04-09T03:10:30+00:00","article_modified_time":"2024-08-12T11:37:38+00:00","og_image":[{"width":770,"height":513,"url":"https:\/\/kunmedierne.dk\/mors\/wp-content\/uploads\/2021\/04\/thomas-dahlgaard.jpg","type":"image\/jpeg"}],"author":"David H\u00f8jmark","twitter_card":"summary_large_image","twitter_misc":{"Skrevet af":"David H\u00f8jmark","Estimeret l\u00e6setid":"2 minutter"},"schema":{"@context":"https:\/\/schema.org","@graph":[{"@type":"Article","@id":"https:\/\/kunmedierne.dk\/mors\/thomas-dahlgaard-stiller-op-for-venstre\/#article","isPartOf":{"@id":"https:\/\/kunmedierne.dk\/mors\/thomas-dahlgaard-stiller-op-for-venstre\/"},"author":{"name":"David H\u00f8jmark","@id":"https:\/\/kunmedierne.dk\/mors\/#\/schema\/person\/5fe23251bf1d0abbcdc6f7896579d548"},"headline":"Thomas Dahlgaard stiller op for Venstre","datePublished":"2021-04-09T03:10:30+00:00","dateModified":"2024-08-12T11:37:38+00:00","mainEntityOfPage":{"@id":"https:\/\/kunmedierne.dk\/mors\/thomas-dahlgaard-stiller-op-for-venstre\/"},"wordCount":343,"commentCount":0,"publisher":{"@id":"https:\/\/kunmedierne.dk\/mors\/#organization"},"image":{"@id":"https:\/\/kunmedierne.dk\/mors\/thomas-dahlgaard-stiller-op-for-venstre\/#primaryimage"},"thumbnailUrl":"https:\/\/kunmedierne.dk\/mors\/wp-content\/uploads\/2021\/04\/thomas-dahlgaard.jpg","keywords":["Politik"],"articleSection":["Sport"],"inLanguage":"da-DK","potentialAction":[{"@type":"CommentAction","name":"Comment","target":["https:\/\/kunmedierne.dk\/mors\/thomas-dahlgaard-stiller-op-for-venstre\/#respond"]}]},{"@type":"WebPage","@id":"https:\/\/kunmedierne.dk\/mors\/thomas-dahlgaard-stiller-op-for-venstre\/","url":"https:\/\/kunmedierne.dk\/mors\/thomas-dahlgaard-stiller-op-for-venstre\/","name":"Thomas Dahlgaard stiller op for Venstre - Mors","isPartOf":{"@id":"https:\/\/kunmedierne.dk\/mors\/#website"},"primaryImageOfPage":{"@id":"https:\/\/kunmedierne.dk\/mors\/thomas-dahlgaard-stiller-op-for-venstre\/#primaryimage"},"image":{"@id":"https:\/\/kunmedierne.dk\/mors\/thomas-dahlgaard-stiller-op-for-venstre\/#primaryimage"},"thumbnailUrl":"https:\/\/kunmedierne.dk\/mors\/wp-content\/uploads\/2021\/04\/thomas-dahlgaard.jpg","datePublished":"2021-04-09T03:10:30+00:00","dateModified":"2024-08-12T11:37:38+00:00","breadcrumb":{"@id":"https:\/\/kunmedierne.dk\/mors\/thomas-dahlgaard-stiller-op-for-venstre\/#breadcrumb"},"inLanguage":"da-DK","potentialAction":[{"@type":"ReadAction","target":["https:\/\/kunmedierne.dk\/mors\/thomas-dahlgaard-stiller-op-for-venstre\/"]}]},{"@type":"ImageObject","inLanguage":"da-DK","@id":"https:\/\/kunmedierne.dk\/mors\/thomas-dahlgaard-stiller-op-for-venstre\/#primaryimage","url":"https:\/\/kunmedierne.dk\/mors\/wp-content\/uploads\/2021\/04\/thomas-dahlgaard.jpg","contentUrl":"https:\/\/kunmedierne.dk\/mors\/wp-content\/uploads\/2021\/04\/thomas-dahlgaard.jpg","width":770,"height":513,"caption":"Thomas Dahlgaard, kandidat for Venstre ved kommunalvalget i november. Foto: Venstre Mors"},{"@type":"BreadcrumbList","@id":"https:\/\/kunmedierne.dk\/mors\/thomas-dahlgaard-stiller-op-for-venstre\/#breadcrumb","itemListElement":[{"@type":"ListItem","position":1,"name":"Hjem","item":"https:\/\/kunmedierne.dk\/mors\/"},{"@type":"ListItem","position":2,"name":"Thomas Dahlgaard stiller op for Venstre"}]},{"@type":"WebSite","@id":"https:\/\/kunmedierne.dk\/mors\/#website","url":"https:\/\/kunmedierne.dk\/mors\/","name":"Mors","description":"et netmedie med journalistik om livet p\u00e5 Mors","publisher":{"@id":"https:\/\/kunmedierne.dk\/mors\/#organization"},"potentialAction":[{"@type":"SearchAction","target":{"@type":"EntryPoint","urlTemplate":"https:\/\/kunmedierne.dk\/mors\/?s={search_term_string}"},"query-input":{"@type":"PropertyValueSpecification","valueRequired":true,"valueName":"search_term_string"}}],"inLanguage":"da-DK"},{"@type":"Organization","@id":"https:\/\/kunmedierne.dk\/mors\/#organization","name":"Mors","url":"https:\/\/kunmedierne.dk\/mors\/","logo":{"@type":"ImageObject","inLanguage":"da-DK","@id":"https:\/\/kunmedierne.dk\/mors\/#\/schema\/logo\/image\/","url":"https:\/\/kunmedierne.dk\/mors\/wp-content\/uploads\/2024\/08\/kunmors-logo.svg","contentUrl":"https:\/\/kunmedierne.dk\/mors\/wp-content\/uploads\/2024\/08\/kunmors-logo.svg","caption":"Mors"},"image":{"@id":"https:\/\/kunmedierne.dk\/mors\/#\/schema\/logo\/image\/"}},{"@type":"Person","@id":"https:\/\/kunmedierne.dk\/mors\/#\/schema\/person\/5fe23251bf1d0abbcdc6f7896579d548","name":"David H\u00f8jmark","image":{"@type":"ImageObject","inLanguage":"da-DK","@id":"https:\/\/kunmedierne.dk\/mors\/#\/schema\/person\/image\/","url":"https:\/\/secure.gravatar.com\/avatar\/4315d6fb9ef244d729989f5f90268eb08d5bf8a3d84402f595fa194bb35784fd?s=96&d=mm&r=g","contentUrl":"https:\/\/secure.gravatar.com\/avatar\/4315d6fb9ef244d729989f5f90268eb08d5bf8a3d84402f595fa194bb35784fd?s=96&d=mm&r=g","caption":"David H\u00f8jmark"},"sameAs":["https:\/\/www.kunmedierne.dk"],"url":"https:\/\/kunmedierne.dk\/mors\/author\/david\/"}]}},"_links":{"self":[{"href":"https:\/\/kunmedierne.dk\/mors\/wp-json\/wp\/v2\/posts\/43013","targetHints":{"allow":["GET"]}}],"collection":[{"href":"https:\/\/kunmedierne.dk\/mors\/wp-json\/wp\/v2\/posts"}],"about":[{"href":"https:\/\/kunmedierne.dk\/mors\/wp-json\/wp\/v2\/types\/post"}],"author":[{"embeddable":true,"href":"https:\/\/kunmedierne.dk\/mors\/wp-json\/wp\/v2\/users\/8"}],"replies":[{"embeddable":true,"href":"https:\/\/kunmedierne.dk\/mors\/wp-json\/wp\/v2\/comments?post=43013"}],"version-history":[{"count":1,"href":"https:\/\/kunmedierne.dk\/mors\/wp-json\/wp\/v2\/posts\/43013\/revisions"}],"predecessor-version":[{"id":43015,"href":"https:\/\/kunmedierne.dk\/mors\/wp-json\/wp\/v2\/posts\/43013\/revisions\/43015"}],"wp:featuredmedia":[{"embeddable":true,"href":"https:\/\/kunmedierne.dk\/mors\/wp-json\/wp\/v2\/media\/43014"}],"wp:attachment":[{"href":"https:\/\/kunmedierne.dk\/mors\/wp-json\/wp\/v2\/media?parent=43013"}],"wp:term":[{"taxonomy":"category","embeddable":true,"href":"https:\/\/kunmedierne.dk\/mors\/wp-json\/wp\/v2\/categories?post=43013"},{"taxonomy":"post_tag","embeddable":true,"href":"https:\/\/kunmedierne.dk\/mors\/wp-json\/wp\/v2\/tags?post=43013"}],"curies":[{"name":"wp","href":"https:\/\/api.w.org\/{rel}","templated":true}]}}