{"id":42987,"date":"2021-04-08T16:56:16","date_gmt":"2021-04-08T14:56:16","guid":{"rendered":"https:\/\/kunmedierne.dk\/mors\/?p=42987"},"modified":"2024-08-12T13:37:38","modified_gmt":"2024-08-12T11:37:38","slug":"erhvervsleder-glaede-med-forbehold","status":"publish","type":"post","link":"https:\/\/kunmedierne.dk\/mors\/erhvervsleder-glaede-med-forbehold\/","title":{"rendered":"Erhvervsleder: Gl\u00e6de med forbehold"},"content":{"rendered":"<p><strong>MORS<\/strong>: Det er godt ikke at v\u00e6re glemt, men det f\u00e6rdige resultat m\u00e5 ikke skuffe.<\/p>\n<p>S\u00e5dan kan man opsummere reaktionen hos Tage Odgaard Nielsen, formand for Mors\u00f8 Erhvervsr\u00e5d, oven p\u00e5 dagens nyhed om en kommende udvidelse af Rute 26 og Rute 34.<\/p>\n<p>&#8220;I de store tr\u00e6k ser det meget fornuftigt. Men nu er det jo kun et udspil indtil videre,&#8221; siger Tage Odgaard med tilf\u00f8jelsen:<\/p>\n<p>&#8220;Det viser, at vi i hvert fald ikke er glemt i vores del af landet.&#8221;<\/p>\n<p>S\u00e5dan har mange lokale erhvervsledere ellers nok f\u00f8lt det igennem \u00e5rene, mens der har v\u00e6ret dr\u00f8mt om en opgradering af vilk\u00e5rene for transport af varer til og fra omr\u00e5det. M\u00e5ske er det ogs\u00e5 en grund til, at Tage Odgaard tager nogle forbehold med i modtagelsen af nyheden.<a href=\"https:\/\/www.sparthy.dk\/\"><img loading=\"lazy\" decoding=\"async\" class=\"alignright size-full wp-image-42323\" src=\"https:\/\/kunmedierne.dk\/mors\/wp-content\/uploads\/2021\/03\/te8.jpg\" alt=\"\" width=\"1400\" height=\"125\" srcset=\"https:\/\/kunmedierne.dk\/mors\/wp-content\/uploads\/2021\/03\/te8.jpg 1400w, https:\/\/kunmedierne.dk\/mors\/wp-content\/uploads\/2021\/03\/te8-300x27.jpg 300w, https:\/\/kunmedierne.dk\/mors\/wp-content\/uploads\/2021\/03\/te8-1024x91.jpg 1024w, https:\/\/kunmedierne.dk\/mors\/wp-content\/uploads\/2021\/03\/te8-768x69.jpg 768w, https:\/\/kunmedierne.dk\/mors\/wp-content\/uploads\/2021\/03\/te8-600x54.jpg 600w\" sizes=\"auto, (max-width: 1400px) 100vw, 1400px\" \/><\/a><\/p>\n<p>Han henviser blandt andet til, at der tale om en langsigtet plan, der r\u00e6kker helt frem til 2035.<\/p>\n<p>&#8220;Det er jo fint, hvis vi er med i den f\u00f8rste del af den, men er det i den sidste, begynder det at se lidt sm\u00e5tr\u00e6ls ud. Principielt kan vi jo risikere, at de f\u00f8rste begynder at g\u00f8re noget om 14 \u00e5r,&#8221; siger Tage Odgaard.<\/p>\n<p>Han er dog optimist i forhold til, at der er politisk fokus p\u00e5 betydningen af bedre trafikale forhold i det nordvestjyske, og alt i alt er han positivt indstillet over udsigten til forbedringer.<\/p>\n<p>&#8220;Vi skal v\u00e6re glade for det, vi kunne jo lige s\u00e5 godt have v\u00e6ret helt overset. Der er heldigvis fokus p\u00e5 omr\u00e5det,&#8221; siger Tage Odgaard.<\/p>\n<p>Hvis alt skulle g\u00e5 op i en h\u00f8jere enhed, havde han allerhelst set en s\u00e5kaldt 2+1-vej hele vejen fra Hanstholm til Herning.<\/p>\n<p>&#8220;Men det er jo s\u00e5 tit s\u00e5dan, at n\u00e5r det er juleaften, \u00f8nsker man sig noget, og det er ikke altid, man f\u00e5r lige det, man gerne vil have. Og n\u00e5r det s\u00e5 er sagt, skal vi v\u00e6re glade for, at vi trods alt er med i puljen p\u00e5 en eller anden m\u00e5de,&#8221; siger han.<\/p>\n<p>&nbsp;<\/p>\n<p><strong>Godt for transport af varer og pendlere<\/strong><\/p>\n<p>Men hvorfor er det s\u00e5 vigtigt for virksomheder i det nordvestjyske med en opgradering af vejnettet?<\/p>\n<p>&#8220;En ting er, at vi skal have masser af varer frem og tilbage. Transport er en dyr post. Det oplever vi ogs\u00e5 selv, for vi f\u00e5r masser af r\u00e5varer hertil og skal have masser af r\u00e5varer v\u00e6k. Og det er dyrt,&#8221; siger Tage Odgaard, der er direkt\u00f8r i Nyk\u00f8bing-virksomheden Frontego.<\/p>\n<p><em>Men bliver det billigere ved, at man f\u00e5r en st\u00f8rre vej?<\/em><\/p>\n<p>&#8220;Jeg ved ikke, om man kan sige, at det bliver billigere, men vi kan m\u00e5ske undg\u00e5, at det bliver umulig dyrt. Og hvis man kan spare bare et kvarter p\u00e5 landevejen mellem Skive og Nyk\u00f8bing, betyder det virkelig meget,&#8221; siger han og beskriver det p\u00e5 flere m\u00e5der som attraktivt for virksomhederne i omr\u00e5det med gode trafikforbindelser. <img loading=\"lazy\" decoding=\"async\" class=\"alignright size-full wp-image-42324\" src=\"https:\/\/kunmedierne.dk\/mors\/wp-content\/uploads\/2021\/03\/te9.jpg\" alt=\"\" width=\"1400\" height=\"125\" srcset=\"https:\/\/kunmedierne.dk\/mors\/wp-content\/uploads\/2021\/03\/te9.jpg 1400w, https:\/\/kunmedierne.dk\/mors\/wp-content\/uploads\/2021\/03\/te9-300x27.jpg 300w, https:\/\/kunmedierne.dk\/mors\/wp-content\/uploads\/2021\/03\/te9-1024x91.jpg 1024w, https:\/\/kunmedierne.dk\/mors\/wp-content\/uploads\/2021\/03\/te9-768x69.jpg 768w, https:\/\/kunmedierne.dk\/mors\/wp-content\/uploads\/2021\/03\/te9-600x54.jpg 600w\" sizes=\"auto, (max-width: 1400px) 100vw, 1400px\" \/><\/p>\n<p>Det g\u00e6lder for eksempel i forhold til pendlere og dermed i forhold til at kunne tiltr\u00e6kke arbejdskraft.<\/p>\n<p>&#8220;Vi m\u00e5 nok erkende, at vi skal hente den l\u00e6ngere v\u00e6k. Der er ogs\u00e5 nogle herfra, der skal pendle et andet sted hen. Det er ogs\u00e5 et issue, for man har en smertegr\u00e6nse, n\u00e5r man skal pendle p\u00e5 arbejde. Det m\u00e5 ikke tage mange timer,&#8221; siger han.<\/p>\n<p>Du kan l\u00e6se hele regeringens udspil til infrastrukturplanen 2035\u00a0<a href=\"https:\/\/www.trm.dk\/publikationer\/2021\/danmark-fremad-infrastrukturplan-2035\/\" target=\"_blank\" rel=\"noopener noreferrer\">her<\/a>.<\/p>\n","protected":false},"excerpt":{"rendered":"<p>MORS: Det er godt ikke at v\u00e6re glemt, men det f\u00e6rdige resultat m\u00e5 ikke skuffe. S\u00e5dan kan man opsummere reaktionen hos Tage Odgaard Nielsen, formand for Mors\u00f8 Erhvervsr\u00e5d, oven p\u00e5 dagens nyhed om en kommende udvidelse af Rute 26 og Rute 34. &#8220;I de store tr\u00e6k ser det meget fornuftigt. Men nu er det jo [&hellip;]<\/p>\n","protected":false},"author":8,"featured_media":34790,"comment_status":"open","ping_status":"open","sticky":false,"template":"","format":"standard","meta":{"_acf_changed":false,"footnotes":""},"categories":[51],"tags":[159,167],"class_list":["post-42987","post","type-post","status-publish","format-standard","has-post-thumbnail","hentry","category-lokalt","tag-erhverv","tag-politik"],"acf":[],"yoast_head":"<!-- This site is optimized with the Yoast SEO plugin v26.8 - https:\/\/yoast.com\/product\/yoast-seo-wordpress\/ -->\n<title>Erhvervsleder: Gl\u00e6de med forbehold - Mors<\/title>\n<meta name=\"robots\" content=\"index, follow, max-snippet:-1, max-image-preview:large, max-video-preview:-1\" \/>\n<link rel=\"canonical\" href=\"https:\/\/kunmedierne.dk\/mors\/erhvervsleder-glaede-med-forbehold\/\" \/>\n<meta property=\"og:locale\" content=\"da_DK\" \/>\n<meta property=\"og:type\" content=\"article\" \/>\n<meta property=\"og:title\" content=\"Erhvervsleder: Gl\u00e6de med forbehold - Mors\" \/>\n<meta property=\"og:description\" content=\"MORS: Det er godt ikke at v\u00e6re glemt, men det f\u00e6rdige resultat m\u00e5 ikke skuffe. S\u00e5dan kan man opsummere reaktionen hos Tage Odgaard Nielsen, formand for Mors\u00f8 Erhvervsr\u00e5d, oven p\u00e5 dagens nyhed om en kommende udvidelse af Rute 26 og Rute 34. &#8220;I de store tr\u00e6k ser det meget fornuftigt. Men nu er det jo [&hellip;]\" \/>\n<meta property=\"og:url\" content=\"https:\/\/kunmedierne.dk\/mors\/erhvervsleder-glaede-med-forbehold\/\" \/>\n<meta property=\"og:site_name\" content=\"Mors\" \/>\n<meta property=\"article:published_time\" content=\"2021-04-08T14:56:16+00:00\" \/>\n<meta property=\"article:modified_time\" content=\"2024-08-12T11:37:38+00:00\" \/>\n<meta property=\"og:image\" content=\"https:\/\/kunmedierne.dk\/mors\/wp-content\/uploads\/2020\/11\/tage-odgaard.jpg\" \/>\n\t<meta property=\"og:image:width\" content=\"766\" \/>\n\t<meta property=\"og:image:height\" content=\"513\" \/>\n\t<meta property=\"og:image:type\" content=\"image\/jpeg\" \/>\n<meta name=\"author\" content=\"David H\u00f8jmark\" \/>\n<meta name=\"twitter:card\" content=\"summary_large_image\" \/>\n<meta name=\"twitter:label1\" content=\"Skrevet af\" \/>\n\t<meta name=\"twitter:data1\" content=\"David H\u00f8jmark\" \/>\n\t<meta name=\"twitter:label2\" content=\"Estimeret l\u00e6setid\" \/>\n\t<meta name=\"twitter:data2\" content=\"3 minutter\" \/>\n<script type=\"application\/ld+json\" class=\"yoast-schema-graph\">{\"@context\":\"https:\/\/schema.org\",\"@graph\":[{\"@type\":\"Article\",\"@id\":\"https:\/\/kunmedierne.dk\/mors\/erhvervsleder-glaede-med-forbehold\/#article\",\"isPartOf\":{\"@id\":\"https:\/\/kunmedierne.dk\/mors\/erhvervsleder-glaede-med-forbehold\/\"},\"author\":{\"name\":\"David H\u00f8jmark\",\"@id\":\"https:\/\/kunmedierne.dk\/mors\/#\/schema\/person\/5fe23251bf1d0abbcdc6f7896579d548\"},\"headline\":\"Erhvervsleder: Gl\u00e6de med forbehold\",\"datePublished\":\"2021-04-08T14:56:16+00:00\",\"dateModified\":\"2024-08-12T11:37:38+00:00\",\"mainEntityOfPage\":{\"@id\":\"https:\/\/kunmedierne.dk\/mors\/erhvervsleder-glaede-med-forbehold\/\"},\"wordCount\":589,\"commentCount\":0,\"publisher\":{\"@id\":\"https:\/\/kunmedierne.dk\/mors\/#organization\"},\"image\":{\"@id\":\"https:\/\/kunmedierne.dk\/mors\/erhvervsleder-glaede-med-forbehold\/#primaryimage\"},\"thumbnailUrl\":\"https:\/\/kunmedierne.dk\/mors\/wp-content\/uploads\/2020\/11\/tage-odgaard.jpg\",\"keywords\":[\"Erhverv\",\"Politik\"],\"articleSection\":[\"Lokalt\"],\"inLanguage\":\"da-DK\",\"potentialAction\":[{\"@type\":\"CommentAction\",\"name\":\"Comment\",\"target\":[\"https:\/\/kunmedierne.dk\/mors\/erhvervsleder-glaede-med-forbehold\/#respond\"]}]},{\"@type\":\"WebPage\",\"@id\":\"https:\/\/kunmedierne.dk\/mors\/erhvervsleder-glaede-med-forbehold\/\",\"url\":\"https:\/\/kunmedierne.dk\/mors\/erhvervsleder-glaede-med-forbehold\/\",\"name\":\"Erhvervsleder: Gl\u00e6de med forbehold - Mors\",\"isPartOf\":{\"@id\":\"https:\/\/kunmedierne.dk\/mors\/#website\"},\"primaryImageOfPage\":{\"@id\":\"https:\/\/kunmedierne.dk\/mors\/erhvervsleder-glaede-med-forbehold\/#primaryimage\"},\"image\":{\"@id\":\"https:\/\/kunmedierne.dk\/mors\/erhvervsleder-glaede-med-forbehold\/#primaryimage\"},\"thumbnailUrl\":\"https:\/\/kunmedierne.dk\/mors\/wp-content\/uploads\/2020\/11\/tage-odgaard.jpg\",\"datePublished\":\"2021-04-08T14:56:16+00:00\",\"dateModified\":\"2024-08-12T11:37:38+00:00\",\"breadcrumb\":{\"@id\":\"https:\/\/kunmedierne.dk\/mors\/erhvervsleder-glaede-med-forbehold\/#breadcrumb\"},\"inLanguage\":\"da-DK\",\"potentialAction\":[{\"@type\":\"ReadAction\",\"target\":[\"https:\/\/kunmedierne.dk\/mors\/erhvervsleder-glaede-med-forbehold\/\"]}]},{\"@type\":\"ImageObject\",\"inLanguage\":\"da-DK\",\"@id\":\"https:\/\/kunmedierne.dk\/mors\/erhvervsleder-glaede-med-forbehold\/#primaryimage\",\"url\":\"https:\/\/kunmedierne.dk\/mors\/wp-content\/uploads\/2020\/11\/tage-odgaard.jpg\",\"contentUrl\":\"https:\/\/kunmedierne.dk\/mors\/wp-content\/uploads\/2020\/11\/tage-odgaard.jpg\",\"width\":766,\"height\":513,\"caption\":\"Tage Odgaard Nielsen, formand for Mors\u00f8 Erhvervsr\u00e5d. Foto: Mors\u00f8 Erhvervsr\u00e5d\"},{\"@type\":\"BreadcrumbList\",\"@id\":\"https:\/\/kunmedierne.dk\/mors\/erhvervsleder-glaede-med-forbehold\/#breadcrumb\",\"itemListElement\":[{\"@type\":\"ListItem\",\"position\":1,\"name\":\"Hjem\",\"item\":\"https:\/\/kunmedierne.dk\/mors\/\"},{\"@type\":\"ListItem\",\"position\":2,\"name\":\"Erhvervsleder: Gl\u00e6de med forbehold\"}]},{\"@type\":\"WebSite\",\"@id\":\"https:\/\/kunmedierne.dk\/mors\/#website\",\"url\":\"https:\/\/kunmedierne.dk\/mors\/\",\"name\":\"Mors\",\"description\":\"et netmedie med journalistik om livet p\u00e5 Mors\",\"publisher\":{\"@id\":\"https:\/\/kunmedierne.dk\/mors\/#organization\"},\"potentialAction\":[{\"@type\":\"SearchAction\",\"target\":{\"@type\":\"EntryPoint\",\"urlTemplate\":\"https:\/\/kunmedierne.dk\/mors\/?s={search_term_string}\"},\"query-input\":{\"@type\":\"PropertyValueSpecification\",\"valueRequired\":true,\"valueName\":\"search_term_string\"}}],\"inLanguage\":\"da-DK\"},{\"@type\":\"Organization\",\"@id\":\"https:\/\/kunmedierne.dk\/mors\/#organization\",\"name\":\"Mors\",\"url\":\"https:\/\/kunmedierne.dk\/mors\/\",\"logo\":{\"@type\":\"ImageObject\",\"inLanguage\":\"da-DK\",\"@id\":\"https:\/\/kunmedierne.dk\/mors\/#\/schema\/logo\/image\/\",\"url\":\"https:\/\/kunmedierne.dk\/mors\/wp-content\/uploads\/2024\/08\/kunmors-logo.svg\",\"contentUrl\":\"https:\/\/kunmedierne.dk\/mors\/wp-content\/uploads\/2024\/08\/kunmors-logo.svg\",\"caption\":\"Mors\"},\"image\":{\"@id\":\"https:\/\/kunmedierne.dk\/mors\/#\/schema\/logo\/image\/\"}},{\"@type\":\"Person\",\"@id\":\"https:\/\/kunmedierne.dk\/mors\/#\/schema\/person\/5fe23251bf1d0abbcdc6f7896579d548\",\"name\":\"David H\u00f8jmark\",\"image\":{\"@type\":\"ImageObject\",\"inLanguage\":\"da-DK\",\"@id\":\"https:\/\/kunmedierne.dk\/mors\/#\/schema\/person\/image\/\",\"url\":\"https:\/\/secure.gravatar.com\/avatar\/4315d6fb9ef244d729989f5f90268eb08d5bf8a3d84402f595fa194bb35784fd?s=96&d=mm&r=g\",\"contentUrl\":\"https:\/\/secure.gravatar.com\/avatar\/4315d6fb9ef244d729989f5f90268eb08d5bf8a3d84402f595fa194bb35784fd?s=96&d=mm&r=g\",\"caption\":\"David H\u00f8jmark\"},\"sameAs\":[\"https:\/\/www.kunmedierne.dk\"],\"url\":\"https:\/\/kunmedierne.dk\/mors\/author\/david\/\"}]}<\/script>\n<!-- \/ Yoast SEO plugin. -->","yoast_head_json":{"title":"Erhvervsleder: Gl\u00e6de med forbehold - Mors","robots":{"index":"index","follow":"follow","max-snippet":"max-snippet:-1","max-image-preview":"max-image-preview:large","max-video-preview":"max-video-preview:-1"},"canonical":"https:\/\/kunmedierne.dk\/mors\/erhvervsleder-glaede-med-forbehold\/","og_locale":"da_DK","og_type":"article","og_title":"Erhvervsleder: Gl\u00e6de med forbehold - Mors","og_description":"MORS: Det er godt ikke at v\u00e6re glemt, men det f\u00e6rdige resultat m\u00e5 ikke skuffe. S\u00e5dan kan man opsummere reaktionen hos Tage Odgaard Nielsen, formand for Mors\u00f8 Erhvervsr\u00e5d, oven p\u00e5 dagens nyhed om en kommende udvidelse af Rute 26 og Rute 34. &#8220;I de store tr\u00e6k ser det meget fornuftigt. Men nu er det jo [&hellip;]","og_url":"https:\/\/kunmedierne.dk\/mors\/erhvervsleder-glaede-med-forbehold\/","og_site_name":"Mors","article_published_time":"2021-04-08T14:56:16+00:00","article_modified_time":"2024-08-12T11:37:38+00:00","og_image":[{"width":766,"height":513,"url":"https:\/\/kunmedierne.dk\/mors\/wp-content\/uploads\/2020\/11\/tage-odgaard.jpg","type":"image\/jpeg"}],"author":"David H\u00f8jmark","twitter_card":"summary_large_image","twitter_misc":{"Skrevet af":"David H\u00f8jmark","Estimeret l\u00e6setid":"3 minutter"},"schema":{"@context":"https:\/\/schema.org","@graph":[{"@type":"Article","@id":"https:\/\/kunmedierne.dk\/mors\/erhvervsleder-glaede-med-forbehold\/#article","isPartOf":{"@id":"https:\/\/kunmedierne.dk\/mors\/erhvervsleder-glaede-med-forbehold\/"},"author":{"name":"David H\u00f8jmark","@id":"https:\/\/kunmedierne.dk\/mors\/#\/schema\/person\/5fe23251bf1d0abbcdc6f7896579d548"},"headline":"Erhvervsleder: Gl\u00e6de med forbehold","datePublished":"2021-04-08T14:56:16+00:00","dateModified":"2024-08-12T11:37:38+00:00","mainEntityOfPage":{"@id":"https:\/\/kunmedierne.dk\/mors\/erhvervsleder-glaede-med-forbehold\/"},"wordCount":589,"commentCount":0,"publisher":{"@id":"https:\/\/kunmedierne.dk\/mors\/#organization"},"image":{"@id":"https:\/\/kunmedierne.dk\/mors\/erhvervsleder-glaede-med-forbehold\/#primaryimage"},"thumbnailUrl":"https:\/\/kunmedierne.dk\/mors\/wp-content\/uploads\/2020\/11\/tage-odgaard.jpg","keywords":["Erhverv","Politik"],"articleSection":["Lokalt"],"inLanguage":"da-DK","potentialAction":[{"@type":"CommentAction","name":"Comment","target":["https:\/\/kunmedierne.dk\/mors\/erhvervsleder-glaede-med-forbehold\/#respond"]}]},{"@type":"WebPage","@id":"https:\/\/kunmedierne.dk\/mors\/erhvervsleder-glaede-med-forbehold\/","url":"https:\/\/kunmedierne.dk\/mors\/erhvervsleder-glaede-med-forbehold\/","name":"Erhvervsleder: Gl\u00e6de med forbehold - Mors","isPartOf":{"@id":"https:\/\/kunmedierne.dk\/mors\/#website"},"primaryImageOfPage":{"@id":"https:\/\/kunmedierne.dk\/mors\/erhvervsleder-glaede-med-forbehold\/#primaryimage"},"image":{"@id":"https:\/\/kunmedierne.dk\/mors\/erhvervsleder-glaede-med-forbehold\/#primaryimage"},"thumbnailUrl":"https:\/\/kunmedierne.dk\/mors\/wp-content\/uploads\/2020\/11\/tage-odgaard.jpg","datePublished":"2021-04-08T14:56:16+00:00","dateModified":"2024-08-12T11:37:38+00:00","breadcrumb":{"@id":"https:\/\/kunmedierne.dk\/mors\/erhvervsleder-glaede-med-forbehold\/#breadcrumb"},"inLanguage":"da-DK","potentialAction":[{"@type":"ReadAction","target":["https:\/\/kunmedierne.dk\/mors\/erhvervsleder-glaede-med-forbehold\/"]}]},{"@type":"ImageObject","inLanguage":"da-DK","@id":"https:\/\/kunmedierne.dk\/mors\/erhvervsleder-glaede-med-forbehold\/#primaryimage","url":"https:\/\/kunmedierne.dk\/mors\/wp-content\/uploads\/2020\/11\/tage-odgaard.jpg","contentUrl":"https:\/\/kunmedierne.dk\/mors\/wp-content\/uploads\/2020\/11\/tage-odgaard.jpg","width":766,"height":513,"caption":"Tage Odgaard Nielsen, formand for Mors\u00f8 Erhvervsr\u00e5d. Foto: Mors\u00f8 Erhvervsr\u00e5d"},{"@type":"BreadcrumbList","@id":"https:\/\/kunmedierne.dk\/mors\/erhvervsleder-glaede-med-forbehold\/#breadcrumb","itemListElement":[{"@type":"ListItem","position":1,"name":"Hjem","item":"https:\/\/kunmedierne.dk\/mors\/"},{"@type":"ListItem","position":2,"name":"Erhvervsleder: Gl\u00e6de med forbehold"}]},{"@type":"WebSite","@id":"https:\/\/kunmedierne.dk\/mors\/#website","url":"https:\/\/kunmedierne.dk\/mors\/","name":"Mors","description":"et netmedie med journalistik om livet p\u00e5 Mors","publisher":{"@id":"https:\/\/kunmedierne.dk\/mors\/#organization"},"potentialAction":[{"@type":"SearchAction","target":{"@type":"EntryPoint","urlTemplate":"https:\/\/kunmedierne.dk\/mors\/?s={search_term_string}"},"query-input":{"@type":"PropertyValueSpecification","valueRequired":true,"valueName":"search_term_string"}}],"inLanguage":"da-DK"},{"@type":"Organization","@id":"https:\/\/kunmedierne.dk\/mors\/#organization","name":"Mors","url":"https:\/\/kunmedierne.dk\/mors\/","logo":{"@type":"ImageObject","inLanguage":"da-DK","@id":"https:\/\/kunmedierne.dk\/mors\/#\/schema\/logo\/image\/","url":"https:\/\/kunmedierne.dk\/mors\/wp-content\/uploads\/2024\/08\/kunmors-logo.svg","contentUrl":"https:\/\/kunmedierne.dk\/mors\/wp-content\/uploads\/2024\/08\/kunmors-logo.svg","caption":"Mors"},"image":{"@id":"https:\/\/kunmedierne.dk\/mors\/#\/schema\/logo\/image\/"}},{"@type":"Person","@id":"https:\/\/kunmedierne.dk\/mors\/#\/schema\/person\/5fe23251bf1d0abbcdc6f7896579d548","name":"David H\u00f8jmark","image":{"@type":"ImageObject","inLanguage":"da-DK","@id":"https:\/\/kunmedierne.dk\/mors\/#\/schema\/person\/image\/","url":"https:\/\/secure.gravatar.com\/avatar\/4315d6fb9ef244d729989f5f90268eb08d5bf8a3d84402f595fa194bb35784fd?s=96&d=mm&r=g","contentUrl":"https:\/\/secure.gravatar.com\/avatar\/4315d6fb9ef244d729989f5f90268eb08d5bf8a3d84402f595fa194bb35784fd?s=96&d=mm&r=g","caption":"David H\u00f8jmark"},"sameAs":["https:\/\/www.kunmedierne.dk"],"url":"https:\/\/kunmedierne.dk\/mors\/author\/david\/"}]}},"_links":{"self":[{"href":"https:\/\/kunmedierne.dk\/mors\/wp-json\/wp\/v2\/posts\/42987","targetHints":{"allow":["GET"]}}],"collection":[{"href":"https:\/\/kunmedierne.dk\/mors\/wp-json\/wp\/v2\/posts"}],"about":[{"href":"https:\/\/kunmedierne.dk\/mors\/wp-json\/wp\/v2\/types\/post"}],"author":[{"embeddable":true,"href":"https:\/\/kunmedierne.dk\/mors\/wp-json\/wp\/v2\/users\/8"}],"replies":[{"embeddable":true,"href":"https:\/\/kunmedierne.dk\/mors\/wp-json\/wp\/v2\/comments?post=42987"}],"version-history":[{"count":2,"href":"https:\/\/kunmedierne.dk\/mors\/wp-json\/wp\/v2\/posts\/42987\/revisions"}],"predecessor-version":[{"id":42992,"href":"https:\/\/kunmedierne.dk\/mors\/wp-json\/wp\/v2\/posts\/42987\/revisions\/42992"}],"wp:featuredmedia":[{"embeddable":true,"href":"https:\/\/kunmedierne.dk\/mors\/wp-json\/wp\/v2\/media\/34790"}],"wp:attachment":[{"href":"https:\/\/kunmedierne.dk\/mors\/wp-json\/wp\/v2\/media?parent=42987"}],"wp:term":[{"taxonomy":"category","embeddable":true,"href":"https:\/\/kunmedierne.dk\/mors\/wp-json\/wp\/v2\/categories?post=42987"},{"taxonomy":"post_tag","embeddable":true,"href":"https:\/\/kunmedierne.dk\/mors\/wp-json\/wp\/v2\/tags?post=42987"}],"curies":[{"name":"wp","href":"https:\/\/api.w.org\/{rel}","templated":true}]}}