{"id":42957,"date":"2021-04-08T10:48:15","date_gmt":"2021-04-08T08:48:15","guid":{"rendered":"https:\/\/kunmedierne.dk\/mors\/?p=42957"},"modified":"2024-08-12T13:37:38","modified_gmt":"2024-08-12T11:37:38","slug":"hans-henrik-ebbesen-vil-i-kommunalbestyrelsen","status":"publish","type":"post","link":"https:\/\/kunmedierne.dk\/mors\/hans-henrik-ebbesen-vil-i-kommunalbestyrelsen\/","title":{"rendered":"Hans Henrik Ebbesen vil i kommunalbestyrelsen"},"content":{"rendered":"<p><strong>MORS<\/strong>: Venstre er klar med endnu en kandidat til efter\u00e5rets kommunalvalg.<\/p>\n<p>Denne gang er det et mange\u00e5rigt partimedlem, der har valgt at stille op: Hans Henrik Ebbesen, der som 16-\u00e5rig meldte sig ind i Venstres Ungdom og ogs\u00e5 har v\u00e6ret formand for VU p\u00e5 Mors.<\/p>\n<p>Siden har han v\u00e6ret bestyrelsesmedlem i \u00c5rhus og har nu v\u00e6ret medlem af Bjergby-Gullerup Venstre i knap 30 \u00e5r. S\u00e5 efter 45 \u00e5rs medlemskab mener han, at det nu er tid til at komme p\u00e5 stemmesedlen for Venstre.<img loading=\"lazy\" decoding=\"async\" class=\"alignright size-full wp-image-42324\" src=\"https:\/\/kunmedierne.dk\/mors\/wp-content\/uploads\/2021\/03\/te9.jpg\" alt=\"\" width=\"1400\" height=\"125\" srcset=\"https:\/\/kunmedierne.dk\/mors\/wp-content\/uploads\/2021\/03\/te9.jpg 1400w, https:\/\/kunmedierne.dk\/mors\/wp-content\/uploads\/2021\/03\/te9-300x27.jpg 300w, https:\/\/kunmedierne.dk\/mors\/wp-content\/uploads\/2021\/03\/te9-1024x91.jpg 1024w, https:\/\/kunmedierne.dk\/mors\/wp-content\/uploads\/2021\/03\/te9-768x69.jpg 768w, https:\/\/kunmedierne.dk\/mors\/wp-content\/uploads\/2021\/03\/te9-600x54.jpg 600w\" sizes=\"auto, (max-width: 1400px) 100vw, 1400px\" \/><\/p>\n<p>\u201dJeg er droslet ned arbejdsm\u00e6ssigt og har f\u00e5et mere tid til lokalpolitik, hvor jeg h\u00e5ber, jeg kan bidrage med erfaring fra erhvervs- og foreningslivet &#8211; og at det, sammen med min interesse for samfundsforhold, kan v\u00e6re med til at tr\u00e6ffe gode beslutninger for Mors,&#8221; lyder det fra Hans Henrik Ebbesen i en pressemeddelelse fra Venstre Mors.<\/p>\n<p>Den nye kandidat er\u00a0f\u00f8dt i 1959 i Bjergby p\u00e5 Mors. Han har boet 10 \u00e5r i \u00c5rhus, hvor han tog sin uddannelse som cand.merc.aud. og arbejdede som revisor. Han har i 30 \u00e5r v\u00e6ret selvst\u00e6ndig revisor p\u00e5 Mors. Nu har han opgaver som \u00f8konomi- og virksomhedskonsulent og bor i Nyk\u00f8bing.<\/p>\n<p>Fritiden har tidligere v\u00e6ret brugt p\u00e5 Junior Chamber, og i 2004 var han med til at starte Skaldyrsfestivalen, hvor han de f\u00f8rste fire \u00e5r sad som \u00f8konomiansvarlig. Nu bruges fritiden bland andet i Gymnastikforeningen af 1897, ogs\u00e5 kaldet \u201dUldbukserne\u201d, p\u00e5 lystg\u00e5rden ved Hanklit og p\u00e5 historie og i s\u00e6rdeleshed sl\u00e6gtshistorie, hvor han lige har f\u00e6rdiggjort sin egen sl\u00e6gtsbog helt tilbage til 1611. <a href=\"https:\/\/konpap.dk\/\"><img loading=\"lazy\" decoding=\"async\" class=\"alignright size-full wp-image-42326\" src=\"https:\/\/kunmedierne.dk\/mors\/wp-content\/uploads\/2021\/03\/te10.jpg\" alt=\"\" width=\"1400\" height=\"125\" srcset=\"https:\/\/kunmedierne.dk\/mors\/wp-content\/uploads\/2021\/03\/te10.jpg 1400w, https:\/\/kunmedierne.dk\/mors\/wp-content\/uploads\/2021\/03\/te10-300x27.jpg 300w, https:\/\/kunmedierne.dk\/mors\/wp-content\/uploads\/2021\/03\/te10-1024x91.jpg 1024w, https:\/\/kunmedierne.dk\/mors\/wp-content\/uploads\/2021\/03\/te10-768x69.jpg 768w, https:\/\/kunmedierne.dk\/mors\/wp-content\/uploads\/2021\/03\/te10-600x54.jpg 600w\" sizes=\"auto, (max-width: 1400px) 100vw, 1400px\" \/><\/a><\/p>\n<p>Om sit kommende politiske arbejde lyder det:<\/p>\n<p>&#8220;Jeg mener, at der skal s\u00e6ttes mere fokus p\u00e5 bos\u00e6tningen p\u00e5 Mors. For eksempel for at tiltr\u00e6kke arbejdskraft til landbruget og metalindustrien. Mors\u00f8 Kommunes mange kulturtilbud kan tiltr\u00e6kke k\u00f8bedygtige seniorer. Endvidere er det vigtigt at opretholde gymnasiale uddannelsestilbud for at tiltr\u00e6kke ressourcest\u00e6rke for\u00e6ldre.&#8221;<\/p>\n","protected":false},"excerpt":{"rendered":"<p>MORS: Venstre er klar med endnu en kandidat til efter\u00e5rets kommunalvalg. Denne gang er det et mange\u00e5rigt partimedlem, der har valgt at stille op: Hans Henrik Ebbesen, der som 16-\u00e5rig meldte sig ind i Venstres Ungdom og ogs\u00e5 har v\u00e6ret formand for VU p\u00e5 Mors. Siden har han v\u00e6ret bestyrelsesmedlem i \u00c5rhus og har nu [&hellip;]<\/p>\n","protected":false},"author":8,"featured_media":42958,"comment_status":"open","ping_status":"open","sticky":false,"template":"","format":"standard","meta":{"_acf_changed":false,"footnotes":""},"categories":[51],"tags":[167],"class_list":["post-42957","post","type-post","status-publish","format-standard","has-post-thumbnail","hentry","category-lokalt","tag-politik"],"acf":[],"yoast_head":"<!-- This site is optimized with the Yoast SEO plugin v26.8 - https:\/\/yoast.com\/product\/yoast-seo-wordpress\/ -->\n<title>Hans Henrik Ebbesen vil i kommunalbestyrelsen - Mors<\/title>\n<meta name=\"robots\" content=\"index, follow, max-snippet:-1, max-image-preview:large, max-video-preview:-1\" \/>\n<link rel=\"canonical\" href=\"https:\/\/kunmedierne.dk\/mors\/hans-henrik-ebbesen-vil-i-kommunalbestyrelsen\/\" \/>\n<meta property=\"og:locale\" content=\"da_DK\" \/>\n<meta property=\"og:type\" content=\"article\" \/>\n<meta property=\"og:title\" content=\"Hans Henrik Ebbesen vil i kommunalbestyrelsen - Mors\" \/>\n<meta property=\"og:description\" content=\"MORS: Venstre er klar med endnu en kandidat til efter\u00e5rets kommunalvalg. Denne gang er det et mange\u00e5rigt partimedlem, der har valgt at stille op: Hans Henrik Ebbesen, der som 16-\u00e5rig meldte sig ind i Venstres Ungdom og ogs\u00e5 har v\u00e6ret formand for VU p\u00e5 Mors. Siden har han v\u00e6ret bestyrelsesmedlem i \u00c5rhus og har nu [&hellip;]\" \/>\n<meta property=\"og:url\" content=\"https:\/\/kunmedierne.dk\/mors\/hans-henrik-ebbesen-vil-i-kommunalbestyrelsen\/\" \/>\n<meta property=\"og:site_name\" content=\"Mors\" \/>\n<meta property=\"article:published_time\" content=\"2021-04-08T08:48:15+00:00\" \/>\n<meta property=\"article:modified_time\" content=\"2024-08-12T11:37:38+00:00\" \/>\n<meta property=\"og:image\" content=\"https:\/\/kunmedierne.dk\/mors\/wp-content\/uploads\/2021\/04\/Hans-Henrik-Ebbesen.jpg\" \/>\n\t<meta property=\"og:image:width\" content=\"770\" \/>\n\t<meta property=\"og:image:height\" content=\"513\" \/>\n\t<meta property=\"og:image:type\" content=\"image\/jpeg\" \/>\n<meta name=\"author\" content=\"David H\u00f8jmark\" \/>\n<meta name=\"twitter:card\" content=\"summary_large_image\" \/>\n<meta name=\"twitter:label1\" content=\"Skrevet af\" \/>\n\t<meta name=\"twitter:data1\" content=\"David H\u00f8jmark\" \/>\n\t<meta name=\"twitter:label2\" content=\"Estimeret l\u00e6setid\" \/>\n\t<meta name=\"twitter:data2\" content=\"2 minutter\" \/>\n<script type=\"application\/ld+json\" class=\"yoast-schema-graph\">{\"@context\":\"https:\/\/schema.org\",\"@graph\":[{\"@type\":\"Article\",\"@id\":\"https:\/\/kunmedierne.dk\/mors\/hans-henrik-ebbesen-vil-i-kommunalbestyrelsen\/#article\",\"isPartOf\":{\"@id\":\"https:\/\/kunmedierne.dk\/mors\/hans-henrik-ebbesen-vil-i-kommunalbestyrelsen\/\"},\"author\":{\"name\":\"David H\u00f8jmark\",\"@id\":\"https:\/\/kunmedierne.dk\/mors\/#\/schema\/person\/5fe23251bf1d0abbcdc6f7896579d548\"},\"headline\":\"Hans Henrik Ebbesen vil i kommunalbestyrelsen\",\"datePublished\":\"2021-04-08T08:48:15+00:00\",\"dateModified\":\"2024-08-12T11:37:38+00:00\",\"mainEntityOfPage\":{\"@id\":\"https:\/\/kunmedierne.dk\/mors\/hans-henrik-ebbesen-vil-i-kommunalbestyrelsen\/\"},\"wordCount\":332,\"commentCount\":0,\"publisher\":{\"@id\":\"https:\/\/kunmedierne.dk\/mors\/#organization\"},\"image\":{\"@id\":\"https:\/\/kunmedierne.dk\/mors\/hans-henrik-ebbesen-vil-i-kommunalbestyrelsen\/#primaryimage\"},\"thumbnailUrl\":\"https:\/\/kunmedierne.dk\/mors\/wp-content\/uploads\/2021\/04\/Hans-Henrik-Ebbesen.jpg\",\"keywords\":[\"Politik\"],\"articleSection\":[\"Lokalt\"],\"inLanguage\":\"da-DK\",\"potentialAction\":[{\"@type\":\"CommentAction\",\"name\":\"Comment\",\"target\":[\"https:\/\/kunmedierne.dk\/mors\/hans-henrik-ebbesen-vil-i-kommunalbestyrelsen\/#respond\"]}]},{\"@type\":\"WebPage\",\"@id\":\"https:\/\/kunmedierne.dk\/mors\/hans-henrik-ebbesen-vil-i-kommunalbestyrelsen\/\",\"url\":\"https:\/\/kunmedierne.dk\/mors\/hans-henrik-ebbesen-vil-i-kommunalbestyrelsen\/\",\"name\":\"Hans Henrik Ebbesen vil i kommunalbestyrelsen - Mors\",\"isPartOf\":{\"@id\":\"https:\/\/kunmedierne.dk\/mors\/#website\"},\"primaryImageOfPage\":{\"@id\":\"https:\/\/kunmedierne.dk\/mors\/hans-henrik-ebbesen-vil-i-kommunalbestyrelsen\/#primaryimage\"},\"image\":{\"@id\":\"https:\/\/kunmedierne.dk\/mors\/hans-henrik-ebbesen-vil-i-kommunalbestyrelsen\/#primaryimage\"},\"thumbnailUrl\":\"https:\/\/kunmedierne.dk\/mors\/wp-content\/uploads\/2021\/04\/Hans-Henrik-Ebbesen.jpg\",\"datePublished\":\"2021-04-08T08:48:15+00:00\",\"dateModified\":\"2024-08-12T11:37:38+00:00\",\"breadcrumb\":{\"@id\":\"https:\/\/kunmedierne.dk\/mors\/hans-henrik-ebbesen-vil-i-kommunalbestyrelsen\/#breadcrumb\"},\"inLanguage\":\"da-DK\",\"potentialAction\":[{\"@type\":\"ReadAction\",\"target\":[\"https:\/\/kunmedierne.dk\/mors\/hans-henrik-ebbesen-vil-i-kommunalbestyrelsen\/\"]}]},{\"@type\":\"ImageObject\",\"inLanguage\":\"da-DK\",\"@id\":\"https:\/\/kunmedierne.dk\/mors\/hans-henrik-ebbesen-vil-i-kommunalbestyrelsen\/#primaryimage\",\"url\":\"https:\/\/kunmedierne.dk\/mors\/wp-content\/uploads\/2021\/04\/Hans-Henrik-Ebbesen.jpg\",\"contentUrl\":\"https:\/\/kunmedierne.dk\/mors\/wp-content\/uploads\/2021\/04\/Hans-Henrik-Ebbesen.jpg\",\"width\":770,\"height\":513,\"caption\":\"Hans Henrik Ebbesen. Foto: Venstre Mors\"},{\"@type\":\"BreadcrumbList\",\"@id\":\"https:\/\/kunmedierne.dk\/mors\/hans-henrik-ebbesen-vil-i-kommunalbestyrelsen\/#breadcrumb\",\"itemListElement\":[{\"@type\":\"ListItem\",\"position\":1,\"name\":\"Hjem\",\"item\":\"https:\/\/kunmedierne.dk\/mors\/\"},{\"@type\":\"ListItem\",\"position\":2,\"name\":\"Hans Henrik Ebbesen vil i kommunalbestyrelsen\"}]},{\"@type\":\"WebSite\",\"@id\":\"https:\/\/kunmedierne.dk\/mors\/#website\",\"url\":\"https:\/\/kunmedierne.dk\/mors\/\",\"name\":\"Mors\",\"description\":\"et netmedie med journalistik om livet p\u00e5 Mors\",\"publisher\":{\"@id\":\"https:\/\/kunmedierne.dk\/mors\/#organization\"},\"potentialAction\":[{\"@type\":\"SearchAction\",\"target\":{\"@type\":\"EntryPoint\",\"urlTemplate\":\"https:\/\/kunmedierne.dk\/mors\/?s={search_term_string}\"},\"query-input\":{\"@type\":\"PropertyValueSpecification\",\"valueRequired\":true,\"valueName\":\"search_term_string\"}}],\"inLanguage\":\"da-DK\"},{\"@type\":\"Organization\",\"@id\":\"https:\/\/kunmedierne.dk\/mors\/#organization\",\"name\":\"Mors\",\"url\":\"https:\/\/kunmedierne.dk\/mors\/\",\"logo\":{\"@type\":\"ImageObject\",\"inLanguage\":\"da-DK\",\"@id\":\"https:\/\/kunmedierne.dk\/mors\/#\/schema\/logo\/image\/\",\"url\":\"https:\/\/kunmedierne.dk\/mors\/wp-content\/uploads\/2024\/08\/kunmors-logo.svg\",\"contentUrl\":\"https:\/\/kunmedierne.dk\/mors\/wp-content\/uploads\/2024\/08\/kunmors-logo.svg\",\"caption\":\"Mors\"},\"image\":{\"@id\":\"https:\/\/kunmedierne.dk\/mors\/#\/schema\/logo\/image\/\"}},{\"@type\":\"Person\",\"@id\":\"https:\/\/kunmedierne.dk\/mors\/#\/schema\/person\/5fe23251bf1d0abbcdc6f7896579d548\",\"name\":\"David H\u00f8jmark\",\"image\":{\"@type\":\"ImageObject\",\"inLanguage\":\"da-DK\",\"@id\":\"https:\/\/kunmedierne.dk\/mors\/#\/schema\/person\/image\/\",\"url\":\"https:\/\/secure.gravatar.com\/avatar\/4315d6fb9ef244d729989f5f90268eb08d5bf8a3d84402f595fa194bb35784fd?s=96&d=mm&r=g\",\"contentUrl\":\"https:\/\/secure.gravatar.com\/avatar\/4315d6fb9ef244d729989f5f90268eb08d5bf8a3d84402f595fa194bb35784fd?s=96&d=mm&r=g\",\"caption\":\"David H\u00f8jmark\"},\"sameAs\":[\"https:\/\/www.kunmedierne.dk\"],\"url\":\"https:\/\/kunmedierne.dk\/mors\/author\/david\/\"}]}<\/script>\n<!-- \/ Yoast SEO plugin. -->","yoast_head_json":{"title":"Hans Henrik Ebbesen vil i kommunalbestyrelsen - Mors","robots":{"index":"index","follow":"follow","max-snippet":"max-snippet:-1","max-image-preview":"max-image-preview:large","max-video-preview":"max-video-preview:-1"},"canonical":"https:\/\/kunmedierne.dk\/mors\/hans-henrik-ebbesen-vil-i-kommunalbestyrelsen\/","og_locale":"da_DK","og_type":"article","og_title":"Hans Henrik Ebbesen vil i kommunalbestyrelsen - Mors","og_description":"MORS: Venstre er klar med endnu en kandidat til efter\u00e5rets kommunalvalg. Denne gang er det et mange\u00e5rigt partimedlem, der har valgt at stille op: Hans Henrik Ebbesen, der som 16-\u00e5rig meldte sig ind i Venstres Ungdom og ogs\u00e5 har v\u00e6ret formand for VU p\u00e5 Mors. Siden har han v\u00e6ret bestyrelsesmedlem i \u00c5rhus og har nu [&hellip;]","og_url":"https:\/\/kunmedierne.dk\/mors\/hans-henrik-ebbesen-vil-i-kommunalbestyrelsen\/","og_site_name":"Mors","article_published_time":"2021-04-08T08:48:15+00:00","article_modified_time":"2024-08-12T11:37:38+00:00","og_image":[{"width":770,"height":513,"url":"https:\/\/kunmedierne.dk\/mors\/wp-content\/uploads\/2021\/04\/Hans-Henrik-Ebbesen.jpg","type":"image\/jpeg"}],"author":"David H\u00f8jmark","twitter_card":"summary_large_image","twitter_misc":{"Skrevet af":"David H\u00f8jmark","Estimeret l\u00e6setid":"2 minutter"},"schema":{"@context":"https:\/\/schema.org","@graph":[{"@type":"Article","@id":"https:\/\/kunmedierne.dk\/mors\/hans-henrik-ebbesen-vil-i-kommunalbestyrelsen\/#article","isPartOf":{"@id":"https:\/\/kunmedierne.dk\/mors\/hans-henrik-ebbesen-vil-i-kommunalbestyrelsen\/"},"author":{"name":"David H\u00f8jmark","@id":"https:\/\/kunmedierne.dk\/mors\/#\/schema\/person\/5fe23251bf1d0abbcdc6f7896579d548"},"headline":"Hans Henrik Ebbesen vil i kommunalbestyrelsen","datePublished":"2021-04-08T08:48:15+00:00","dateModified":"2024-08-12T11:37:38+00:00","mainEntityOfPage":{"@id":"https:\/\/kunmedierne.dk\/mors\/hans-henrik-ebbesen-vil-i-kommunalbestyrelsen\/"},"wordCount":332,"commentCount":0,"publisher":{"@id":"https:\/\/kunmedierne.dk\/mors\/#organization"},"image":{"@id":"https:\/\/kunmedierne.dk\/mors\/hans-henrik-ebbesen-vil-i-kommunalbestyrelsen\/#primaryimage"},"thumbnailUrl":"https:\/\/kunmedierne.dk\/mors\/wp-content\/uploads\/2021\/04\/Hans-Henrik-Ebbesen.jpg","keywords":["Politik"],"articleSection":["Lokalt"],"inLanguage":"da-DK","potentialAction":[{"@type":"CommentAction","name":"Comment","target":["https:\/\/kunmedierne.dk\/mors\/hans-henrik-ebbesen-vil-i-kommunalbestyrelsen\/#respond"]}]},{"@type":"WebPage","@id":"https:\/\/kunmedierne.dk\/mors\/hans-henrik-ebbesen-vil-i-kommunalbestyrelsen\/","url":"https:\/\/kunmedierne.dk\/mors\/hans-henrik-ebbesen-vil-i-kommunalbestyrelsen\/","name":"Hans Henrik Ebbesen vil i kommunalbestyrelsen - Mors","isPartOf":{"@id":"https:\/\/kunmedierne.dk\/mors\/#website"},"primaryImageOfPage":{"@id":"https:\/\/kunmedierne.dk\/mors\/hans-henrik-ebbesen-vil-i-kommunalbestyrelsen\/#primaryimage"},"image":{"@id":"https:\/\/kunmedierne.dk\/mors\/hans-henrik-ebbesen-vil-i-kommunalbestyrelsen\/#primaryimage"},"thumbnailUrl":"https:\/\/kunmedierne.dk\/mors\/wp-content\/uploads\/2021\/04\/Hans-Henrik-Ebbesen.jpg","datePublished":"2021-04-08T08:48:15+00:00","dateModified":"2024-08-12T11:37:38+00:00","breadcrumb":{"@id":"https:\/\/kunmedierne.dk\/mors\/hans-henrik-ebbesen-vil-i-kommunalbestyrelsen\/#breadcrumb"},"inLanguage":"da-DK","potentialAction":[{"@type":"ReadAction","target":["https:\/\/kunmedierne.dk\/mors\/hans-henrik-ebbesen-vil-i-kommunalbestyrelsen\/"]}]},{"@type":"ImageObject","inLanguage":"da-DK","@id":"https:\/\/kunmedierne.dk\/mors\/hans-henrik-ebbesen-vil-i-kommunalbestyrelsen\/#primaryimage","url":"https:\/\/kunmedierne.dk\/mors\/wp-content\/uploads\/2021\/04\/Hans-Henrik-Ebbesen.jpg","contentUrl":"https:\/\/kunmedierne.dk\/mors\/wp-content\/uploads\/2021\/04\/Hans-Henrik-Ebbesen.jpg","width":770,"height":513,"caption":"Hans Henrik Ebbesen. Foto: Venstre Mors"},{"@type":"BreadcrumbList","@id":"https:\/\/kunmedierne.dk\/mors\/hans-henrik-ebbesen-vil-i-kommunalbestyrelsen\/#breadcrumb","itemListElement":[{"@type":"ListItem","position":1,"name":"Hjem","item":"https:\/\/kunmedierne.dk\/mors\/"},{"@type":"ListItem","position":2,"name":"Hans Henrik Ebbesen vil i kommunalbestyrelsen"}]},{"@type":"WebSite","@id":"https:\/\/kunmedierne.dk\/mors\/#website","url":"https:\/\/kunmedierne.dk\/mors\/","name":"Mors","description":"et netmedie med journalistik om livet p\u00e5 Mors","publisher":{"@id":"https:\/\/kunmedierne.dk\/mors\/#organization"},"potentialAction":[{"@type":"SearchAction","target":{"@type":"EntryPoint","urlTemplate":"https:\/\/kunmedierne.dk\/mors\/?s={search_term_string}"},"query-input":{"@type":"PropertyValueSpecification","valueRequired":true,"valueName":"search_term_string"}}],"inLanguage":"da-DK"},{"@type":"Organization","@id":"https:\/\/kunmedierne.dk\/mors\/#organization","name":"Mors","url":"https:\/\/kunmedierne.dk\/mors\/","logo":{"@type":"ImageObject","inLanguage":"da-DK","@id":"https:\/\/kunmedierne.dk\/mors\/#\/schema\/logo\/image\/","url":"https:\/\/kunmedierne.dk\/mors\/wp-content\/uploads\/2024\/08\/kunmors-logo.svg","contentUrl":"https:\/\/kunmedierne.dk\/mors\/wp-content\/uploads\/2024\/08\/kunmors-logo.svg","caption":"Mors"},"image":{"@id":"https:\/\/kunmedierne.dk\/mors\/#\/schema\/logo\/image\/"}},{"@type":"Person","@id":"https:\/\/kunmedierne.dk\/mors\/#\/schema\/person\/5fe23251bf1d0abbcdc6f7896579d548","name":"David H\u00f8jmark","image":{"@type":"ImageObject","inLanguage":"da-DK","@id":"https:\/\/kunmedierne.dk\/mors\/#\/schema\/person\/image\/","url":"https:\/\/secure.gravatar.com\/avatar\/4315d6fb9ef244d729989f5f90268eb08d5bf8a3d84402f595fa194bb35784fd?s=96&d=mm&r=g","contentUrl":"https:\/\/secure.gravatar.com\/avatar\/4315d6fb9ef244d729989f5f90268eb08d5bf8a3d84402f595fa194bb35784fd?s=96&d=mm&r=g","caption":"David H\u00f8jmark"},"sameAs":["https:\/\/www.kunmedierne.dk"],"url":"https:\/\/kunmedierne.dk\/mors\/author\/david\/"}]}},"_links":{"self":[{"href":"https:\/\/kunmedierne.dk\/mors\/wp-json\/wp\/v2\/posts\/42957","targetHints":{"allow":["GET"]}}],"collection":[{"href":"https:\/\/kunmedierne.dk\/mors\/wp-json\/wp\/v2\/posts"}],"about":[{"href":"https:\/\/kunmedierne.dk\/mors\/wp-json\/wp\/v2\/types\/post"}],"author":[{"embeddable":true,"href":"https:\/\/kunmedierne.dk\/mors\/wp-json\/wp\/v2\/users\/8"}],"replies":[{"embeddable":true,"href":"https:\/\/kunmedierne.dk\/mors\/wp-json\/wp\/v2\/comments?post=42957"}],"version-history":[{"count":1,"href":"https:\/\/kunmedierne.dk\/mors\/wp-json\/wp\/v2\/posts\/42957\/revisions"}],"predecessor-version":[{"id":42959,"href":"https:\/\/kunmedierne.dk\/mors\/wp-json\/wp\/v2\/posts\/42957\/revisions\/42959"}],"wp:featuredmedia":[{"embeddable":true,"href":"https:\/\/kunmedierne.dk\/mors\/wp-json\/wp\/v2\/media\/42958"}],"wp:attachment":[{"href":"https:\/\/kunmedierne.dk\/mors\/wp-json\/wp\/v2\/media?parent=42957"}],"wp:term":[{"taxonomy":"category","embeddable":true,"href":"https:\/\/kunmedierne.dk\/mors\/wp-json\/wp\/v2\/categories?post=42957"},{"taxonomy":"post_tag","embeddable":true,"href":"https:\/\/kunmedierne.dk\/mors\/wp-json\/wp\/v2\/tags?post=42957"}],"curies":[{"name":"wp","href":"https:\/\/api.w.org\/{rel}","templated":true}]}}