{"id":42420,"date":"2021-03-30T09:26:18","date_gmt":"2021-03-30T07:26:18","guid":{"rendered":"https:\/\/kunmedierne.dk\/mors\/?p=42420"},"modified":"2024-08-12T13:37:40","modified_gmt":"2024-08-12T11:37:40","slug":"jytte-foldberg-stiller-op-for-venstre","status":"publish","type":"post","link":"https:\/\/kunmedierne.dk\/mors\/jytte-foldberg-stiller-op-for-venstre\/","title":{"rendered":"Jytte Foldberg stiller op for Venstre"},"content":{"rendered":"<p><strong>MORS<\/strong>: Venstre har pr\u00e6senteret endnu en kandidat til efter\u00e5rets kommunalvalg.<\/p>\n<p>Det er Jytte Foldberg, 49-\u00e5rige akupunkt\u00f8r fra Nyk\u00f8bing, der har sagt ja til at blive en del af holdet, der skal forsvare den bl\u00e5 partifarve til november.<\/p>\n<p>&#8220;Jeg er blevet spurgt, om jeg \u00f8nskede at stille op til kommunalvalg, de sidste tre perioder, men grundet hjemmeboende b\u00f8rn har det overskud, jeg gerne vil kunne l\u00e6gge i det, ikke v\u00e6ret der. Det er det nu, s\u00e5 da Hans Ejner (borgmester Hans Ejner Bertelsen, red.) ringede til mig en l\u00f8rdag formiddag, mens jeg stod og bagte boller, var jeg var ikke sen til at sige ja til et m\u00f8de, da jeg allerede i tankerne havde overvejet at blive aktiv politisk,&#8221; siger hun i en pressemeddelelse fra Venstre. <img loading=\"lazy\" decoding=\"async\" class=\"alignright size-full wp-image-42324\" src=\"https:\/\/kunmedierne.dk\/mors\/wp-content\/uploads\/2021\/03\/te9.jpg\" alt=\"\" width=\"1400\" height=\"125\" srcset=\"https:\/\/kunmedierne.dk\/mors\/wp-content\/uploads\/2021\/03\/te9.jpg 1400w, https:\/\/kunmedierne.dk\/mors\/wp-content\/uploads\/2021\/03\/te9-300x27.jpg 300w, https:\/\/kunmedierne.dk\/mors\/wp-content\/uploads\/2021\/03\/te9-1024x91.jpg 1024w, https:\/\/kunmedierne.dk\/mors\/wp-content\/uploads\/2021\/03\/te9-768x69.jpg 768w, https:\/\/kunmedierne.dk\/mors\/wp-content\/uploads\/2021\/03\/te9-600x54.jpg 600w\" sizes=\"auto, (max-width: 1400px) 100vw, 1400px\" \/><\/p>\n<p>Jytte Foldberg fort\u00e6ller, at hun\u00a0gerne vil ind i politik, fordi hun mener, at hun kan bidrage med gode ideer og energi.<\/p>\n<p>&#8220;Jeg har efterh\u00e5nden f\u00e5et sv\u00e6rere ved ikke at involvere mig, da jeg har erfaret, at det at r\u00e5be ad tv\u2019et ikke \u00e6ndrer noget som helst. Jeg h\u00e5ber p\u00e5 at bidrage med en masse rent lokalt, men ogs\u00e5 p\u00e5 landsplan,&#8221; siger hun.<\/p>\n<p>&#8220;Er man utilfreds, er man ogs\u00e5 n\u00f8dt til at byde ind der. Jeg er et nysgerrigt og lyttende menneske &#8211;\u00a0 en kvalitet, jeg mener er vigtig for at skabe nye ideer og visioner for Mors,&#8221; siger Jytte Foldberg.<\/p>\n<p>Hun er f\u00f8dt p\u00e5 Mors og har tilbragt hele sin barndom p\u00e5 \u00f8en. Hun fort\u00e6ller, at Mors betyder meget for hende, og at hun efter sin skilsmisse i 2003 ikke var et sekund i tvivl om, at hun skulle tilbage til \u00f8en. <a href=\"https:\/\/konpap.dk\/\"><img loading=\"lazy\" decoding=\"async\" class=\"alignright size-full wp-image-42326\" src=\"https:\/\/kunmedierne.dk\/mors\/wp-content\/uploads\/2021\/03\/te10.jpg\" alt=\"\" width=\"1400\" height=\"125\" srcset=\"https:\/\/kunmedierne.dk\/mors\/wp-content\/uploads\/2021\/03\/te10.jpg 1400w, https:\/\/kunmedierne.dk\/mors\/wp-content\/uploads\/2021\/03\/te10-300x27.jpg 300w, https:\/\/kunmedierne.dk\/mors\/wp-content\/uploads\/2021\/03\/te10-1024x91.jpg 1024w, https:\/\/kunmedierne.dk\/mors\/wp-content\/uploads\/2021\/03\/te10-768x69.jpg 768w, https:\/\/kunmedierne.dk\/mors\/wp-content\/uploads\/2021\/03\/te10-600x54.jpg 600w\" sizes=\"auto, (max-width: 1400px) 100vw, 1400px\" \/><\/a><\/p>\n<p>Med hensyn til det politiske arbejde n\u00e6vner hun erhvervsliv og uddannelse som to af omr\u00e5derne, hun har fokus p\u00e5.<\/p>\n<p>&#8220;Jeg vil gerne styrke \u00f8ens erhvervsliv, g\u00f8re hvad jeg kan for at tr\u00e6kke flere erhverv og arbejdspladser til \u00f8en. Dette skulle gerne resultere i, at indbyggertallet p\u00e5 \u00f8en stiger. Det samme g\u00e6lder uddannelsesmuligheder. Skal vi holde p\u00e5 de unge mennesker, er vi n\u00f8dt til at kunne tilbyde noget uddannelse efter gymnasiet og handelsskolen. Igen skulle det gerne betyde, at indbyggertallet stiger,&#8221; siger Jytte Foldberg.<\/p>\n<p>&#8220;Derudover ligger borgernes fysiske og psykiske sundhed mig meget p\u00e5 sinde, der er meget at tage fat p\u00e5. Ikke mindst nu her under og efter corona-pandemien er det blevet meget tydeligt, at de syge er meget udsatte,&#8221; siger hun.<\/p>\n<p>Den nye Venstre-politiker beskriver sig selv som ud af en arbejderfamilie.<\/p>\n<p>&#8220;Min far var p\u00e5 teglv\u00e6rket, og senere arbejdede han som murerarbejdsmand. Min mor har v\u00e6ret ansat p\u00e5 pelsfabrikken og de sidste mange \u00e5r af hendes arbejdsliv i fiskeindustrien. S\u00e5 at stille op for Venstre ligger ikke lige til h\u00f8jrebenet. Jeg er dog ikke i tvivl om, at det er der, jeg h\u00f8rer hjemme, men min opv\u00e6kst g\u00f8r dog, at jeg har en stor forst\u00e5else for og indsigt i, hvad det vil sige at v\u00e6re i en arbejderfamilie,&#8221; siger hun.<a href=\"https:\/\/www.fmspks.dk\/\"><img loading=\"lazy\" decoding=\"async\" class=\"alignright size-full wp-image-42295\" src=\"https:\/\/kunmedierne.dk\/mors\/wp-content\/uploads\/2021\/03\/te1.jpg\" alt=\"\" width=\"1400\" height=\"125\" srcset=\"https:\/\/kunmedierne.dk\/mors\/wp-content\/uploads\/2021\/03\/te1.jpg 1400w, https:\/\/kunmedierne.dk\/mors\/wp-content\/uploads\/2021\/03\/te1-300x27.jpg 300w, https:\/\/kunmedierne.dk\/mors\/wp-content\/uploads\/2021\/03\/te1-1024x91.jpg 1024w, https:\/\/kunmedierne.dk\/mors\/wp-content\/uploads\/2021\/03\/te1-768x69.jpg 768w, https:\/\/kunmedierne.dk\/mors\/wp-content\/uploads\/2021\/03\/te1-600x54.jpg 600w\" sizes=\"auto, (max-width: 1400px) 100vw, 1400px\" \/><\/a><\/p>\n<p>Samtidig fort\u00e6ller hun, at n\u00e5r hun kaster sig ud i noget, g\u00f8r hun det helhjertet.<\/p>\n<p>&#8220;Jeg \u00f8nsker, at det at bo p\u00e5 Mors skal v\u00e6re det mest fantastiske i verden. Der skal v\u00e6re plads til alle, og de unge, der flytter herfra, skal virkelig have lyst og mulighed for at komme tilbage,\u201d siger hun.<\/p>\n<p>Jytte Foldberg er mor til fire voksne b\u00f8rn. Hun er f\u00f8dt i Flade og har v\u00e6ret v\u00e6k fra \u00f8en i nogle \u00e5r, men bor nu p\u00e5 Frueled i Nyk\u00f8bing sammen med Peter. Hun har arbejdet som akupunkt\u00f8r i 23 \u00e5r, og startede klinikken p\u00e5 Mors i efter\u00e5ret 2003.<\/p>\n<p>I fritiden bruger hun meget naturen p\u00e5 Mors, hvor hun nyder b\u00e5de skov og strand.<\/p>\n<div id=\"attachment_42423\" style=\"width: 780px\" class=\"wp-caption alignright\"><img loading=\"lazy\" decoding=\"async\" aria-describedby=\"caption-attachment-42423\" class=\"wp-image-42423 size-full\" src=\"https:\/\/kunmedierne.dk\/mors\/wp-content\/uploads\/2021\/03\/jytte-foldberg-hans-ejner-bertelsen.jpg\" alt=\"\" width=\"770\" height=\"656\" srcset=\"https:\/\/kunmedierne.dk\/mors\/wp-content\/uploads\/2021\/03\/jytte-foldberg-hans-ejner-bertelsen.jpg 770w, https:\/\/kunmedierne.dk\/mors\/wp-content\/uploads\/2021\/03\/jytte-foldberg-hans-ejner-bertelsen-300x256.jpg 300w, https:\/\/kunmedierne.dk\/mors\/wp-content\/uploads\/2021\/03\/jytte-foldberg-hans-ejner-bertelsen-768x654.jpg 768w, https:\/\/kunmedierne.dk\/mors\/wp-content\/uploads\/2021\/03\/jytte-foldberg-hans-ejner-bertelsen-600x511.jpg 600w\" sizes=\"auto, (max-width: 770px) 100vw, 770px\" \/><p id=\"caption-attachment-42423\" class=\"wp-caption-text\">Jytte Foldberg og borgmester Hans Ejner Bertelsen foran r\u00e5dhuset, hvor Jytte Foldberg nu \u00f8nsker at f\u00e5 s\u00e6de i kommunalbestyrelsen. Privatfoto<\/p><\/div>\n","protected":false},"excerpt":{"rendered":"<p>MORS: Venstre har pr\u00e6senteret endnu en kandidat til efter\u00e5rets kommunalvalg. Det er Jytte Foldberg, 49-\u00e5rige akupunkt\u00f8r fra Nyk\u00f8bing, der har sagt ja til at blive en del af holdet, der skal forsvare den bl\u00e5 partifarve til november. &#8220;Jeg er blevet spurgt, om jeg \u00f8nskede at stille op til kommunalvalg, de sidste tre perioder, men grundet [&hellip;]<\/p>\n","protected":false},"author":8,"featured_media":42422,"comment_status":"open","ping_status":"open","sticky":false,"template":"","format":"standard","meta":{"_acf_changed":false,"footnotes":""},"categories":[51],"tags":[167],"class_list":["post-42420","post","type-post","status-publish","format-standard","has-post-thumbnail","hentry","category-lokalt","tag-politik"],"acf":[],"yoast_head":"<!-- This site is optimized with the Yoast SEO plugin v26.8 - https:\/\/yoast.com\/product\/yoast-seo-wordpress\/ -->\n<title>Jytte Foldberg stiller op for Venstre - Mors<\/title>\n<meta name=\"robots\" content=\"index, follow, max-snippet:-1, max-image-preview:large, max-video-preview:-1\" \/>\n<link rel=\"canonical\" href=\"https:\/\/kunmedierne.dk\/mors\/jytte-foldberg-stiller-op-for-venstre\/\" \/>\n<meta property=\"og:locale\" content=\"da_DK\" \/>\n<meta property=\"og:type\" content=\"article\" \/>\n<meta property=\"og:title\" content=\"Jytte Foldberg stiller op for Venstre - Mors\" \/>\n<meta property=\"og:description\" content=\"MORS: Venstre har pr\u00e6senteret endnu en kandidat til efter\u00e5rets kommunalvalg. Det er Jytte Foldberg, 49-\u00e5rige akupunkt\u00f8r fra Nyk\u00f8bing, der har sagt ja til at blive en del af holdet, der skal forsvare den bl\u00e5 partifarve til november. &#8220;Jeg er blevet spurgt, om jeg \u00f8nskede at stille op til kommunalvalg, de sidste tre perioder, men grundet [&hellip;]\" \/>\n<meta property=\"og:url\" content=\"https:\/\/kunmedierne.dk\/mors\/jytte-foldberg-stiller-op-for-venstre\/\" \/>\n<meta property=\"og:site_name\" content=\"Mors\" \/>\n<meta property=\"article:published_time\" content=\"2021-03-30T07:26:18+00:00\" \/>\n<meta property=\"article:modified_time\" content=\"2024-08-12T11:37:40+00:00\" \/>\n<meta property=\"og:image\" content=\"https:\/\/kunmedierne.dk\/mors\/wp-content\/uploads\/2021\/03\/Jytte-Foldberg2.jpg\" \/>\n\t<meta property=\"og:image:width\" content=\"770\" \/>\n\t<meta property=\"og:image:height\" content=\"513\" \/>\n\t<meta property=\"og:image:type\" content=\"image\/jpeg\" \/>\n<meta name=\"author\" content=\"David H\u00f8jmark\" \/>\n<meta name=\"twitter:card\" content=\"summary_large_image\" \/>\n<meta name=\"twitter:label1\" content=\"Skrevet af\" \/>\n\t<meta name=\"twitter:data1\" content=\"David H\u00f8jmark\" \/>\n\t<meta name=\"twitter:label2\" content=\"Estimeret l\u00e6setid\" \/>\n\t<meta name=\"twitter:data2\" content=\"3 minutter\" \/>\n<script type=\"application\/ld+json\" class=\"yoast-schema-graph\">{\"@context\":\"https:\/\/schema.org\",\"@graph\":[{\"@type\":\"Article\",\"@id\":\"https:\/\/kunmedierne.dk\/mors\/jytte-foldberg-stiller-op-for-venstre\/#article\",\"isPartOf\":{\"@id\":\"https:\/\/kunmedierne.dk\/mors\/jytte-foldberg-stiller-op-for-venstre\/\"},\"author\":{\"name\":\"David H\u00f8jmark\",\"@id\":\"https:\/\/kunmedierne.dk\/mors\/#\/schema\/person\/5fe23251bf1d0abbcdc6f7896579d548\"},\"headline\":\"Jytte Foldberg stiller op for Venstre\",\"datePublished\":\"2021-03-30T07:26:18+00:00\",\"dateModified\":\"2024-08-12T11:37:40+00:00\",\"mainEntityOfPage\":{\"@id\":\"https:\/\/kunmedierne.dk\/mors\/jytte-foldberg-stiller-op-for-venstre\/\"},\"wordCount\":676,\"commentCount\":0,\"publisher\":{\"@id\":\"https:\/\/kunmedierne.dk\/mors\/#organization\"},\"image\":{\"@id\":\"https:\/\/kunmedierne.dk\/mors\/jytte-foldberg-stiller-op-for-venstre\/#primaryimage\"},\"thumbnailUrl\":\"https:\/\/kunmedierne.dk\/mors\/wp-content\/uploads\/2021\/03\/Jytte-Foldberg2.jpg\",\"keywords\":[\"Politik\"],\"articleSection\":[\"Lokalt\"],\"inLanguage\":\"da-DK\",\"potentialAction\":[{\"@type\":\"CommentAction\",\"name\":\"Comment\",\"target\":[\"https:\/\/kunmedierne.dk\/mors\/jytte-foldberg-stiller-op-for-venstre\/#respond\"]}]},{\"@type\":\"WebPage\",\"@id\":\"https:\/\/kunmedierne.dk\/mors\/jytte-foldberg-stiller-op-for-venstre\/\",\"url\":\"https:\/\/kunmedierne.dk\/mors\/jytte-foldberg-stiller-op-for-venstre\/\",\"name\":\"Jytte Foldberg stiller op for Venstre - Mors\",\"isPartOf\":{\"@id\":\"https:\/\/kunmedierne.dk\/mors\/#website\"},\"primaryImageOfPage\":{\"@id\":\"https:\/\/kunmedierne.dk\/mors\/jytte-foldberg-stiller-op-for-venstre\/#primaryimage\"},\"image\":{\"@id\":\"https:\/\/kunmedierne.dk\/mors\/jytte-foldberg-stiller-op-for-venstre\/#primaryimage\"},\"thumbnailUrl\":\"https:\/\/kunmedierne.dk\/mors\/wp-content\/uploads\/2021\/03\/Jytte-Foldberg2.jpg\",\"datePublished\":\"2021-03-30T07:26:18+00:00\",\"dateModified\":\"2024-08-12T11:37:40+00:00\",\"breadcrumb\":{\"@id\":\"https:\/\/kunmedierne.dk\/mors\/jytte-foldberg-stiller-op-for-venstre\/#breadcrumb\"},\"inLanguage\":\"da-DK\",\"potentialAction\":[{\"@type\":\"ReadAction\",\"target\":[\"https:\/\/kunmedierne.dk\/mors\/jytte-foldberg-stiller-op-for-venstre\/\"]}]},{\"@type\":\"ImageObject\",\"inLanguage\":\"da-DK\",\"@id\":\"https:\/\/kunmedierne.dk\/mors\/jytte-foldberg-stiller-op-for-venstre\/#primaryimage\",\"url\":\"https:\/\/kunmedierne.dk\/mors\/wp-content\/uploads\/2021\/03\/Jytte-Foldberg2.jpg\",\"contentUrl\":\"https:\/\/kunmedierne.dk\/mors\/wp-content\/uploads\/2021\/03\/Jytte-Foldberg2.jpg\",\"width\":770,\"height\":513,\"caption\":\"Jytte Foldberg, kandidat for Venstre ved Kommunalvalg 2021.\"},{\"@type\":\"BreadcrumbList\",\"@id\":\"https:\/\/kunmedierne.dk\/mors\/jytte-foldberg-stiller-op-for-venstre\/#breadcrumb\",\"itemListElement\":[{\"@type\":\"ListItem\",\"position\":1,\"name\":\"Hjem\",\"item\":\"https:\/\/kunmedierne.dk\/mors\/\"},{\"@type\":\"ListItem\",\"position\":2,\"name\":\"Jytte Foldberg stiller op for Venstre\"}]},{\"@type\":\"WebSite\",\"@id\":\"https:\/\/kunmedierne.dk\/mors\/#website\",\"url\":\"https:\/\/kunmedierne.dk\/mors\/\",\"name\":\"Mors\",\"description\":\"et netmedie med journalistik om livet p\u00e5 Mors\",\"publisher\":{\"@id\":\"https:\/\/kunmedierne.dk\/mors\/#organization\"},\"potentialAction\":[{\"@type\":\"SearchAction\",\"target\":{\"@type\":\"EntryPoint\",\"urlTemplate\":\"https:\/\/kunmedierne.dk\/mors\/?s={search_term_string}\"},\"query-input\":{\"@type\":\"PropertyValueSpecification\",\"valueRequired\":true,\"valueName\":\"search_term_string\"}}],\"inLanguage\":\"da-DK\"},{\"@type\":\"Organization\",\"@id\":\"https:\/\/kunmedierne.dk\/mors\/#organization\",\"name\":\"Mors\",\"url\":\"https:\/\/kunmedierne.dk\/mors\/\",\"logo\":{\"@type\":\"ImageObject\",\"inLanguage\":\"da-DK\",\"@id\":\"https:\/\/kunmedierne.dk\/mors\/#\/schema\/logo\/image\/\",\"url\":\"https:\/\/kunmedierne.dk\/mors\/wp-content\/uploads\/2024\/08\/kunmors-logo.svg\",\"contentUrl\":\"https:\/\/kunmedierne.dk\/mors\/wp-content\/uploads\/2024\/08\/kunmors-logo.svg\",\"caption\":\"Mors\"},\"image\":{\"@id\":\"https:\/\/kunmedierne.dk\/mors\/#\/schema\/logo\/image\/\"}},{\"@type\":\"Person\",\"@id\":\"https:\/\/kunmedierne.dk\/mors\/#\/schema\/person\/5fe23251bf1d0abbcdc6f7896579d548\",\"name\":\"David H\u00f8jmark\",\"image\":{\"@type\":\"ImageObject\",\"inLanguage\":\"da-DK\",\"@id\":\"https:\/\/kunmedierne.dk\/mors\/#\/schema\/person\/image\/\",\"url\":\"https:\/\/secure.gravatar.com\/avatar\/4315d6fb9ef244d729989f5f90268eb08d5bf8a3d84402f595fa194bb35784fd?s=96&d=mm&r=g\",\"contentUrl\":\"https:\/\/secure.gravatar.com\/avatar\/4315d6fb9ef244d729989f5f90268eb08d5bf8a3d84402f595fa194bb35784fd?s=96&d=mm&r=g\",\"caption\":\"David H\u00f8jmark\"},\"sameAs\":[\"https:\/\/www.kunmedierne.dk\"],\"url\":\"https:\/\/kunmedierne.dk\/mors\/author\/david\/\"}]}<\/script>\n<!-- \/ Yoast SEO plugin. -->","yoast_head_json":{"title":"Jytte Foldberg stiller op for Venstre - Mors","robots":{"index":"index","follow":"follow","max-snippet":"max-snippet:-1","max-image-preview":"max-image-preview:large","max-video-preview":"max-video-preview:-1"},"canonical":"https:\/\/kunmedierne.dk\/mors\/jytte-foldberg-stiller-op-for-venstre\/","og_locale":"da_DK","og_type":"article","og_title":"Jytte Foldberg stiller op for Venstre - Mors","og_description":"MORS: Venstre har pr\u00e6senteret endnu en kandidat til efter\u00e5rets kommunalvalg. Det er Jytte Foldberg, 49-\u00e5rige akupunkt\u00f8r fra Nyk\u00f8bing, der har sagt ja til at blive en del af holdet, der skal forsvare den bl\u00e5 partifarve til november. &#8220;Jeg er blevet spurgt, om jeg \u00f8nskede at stille op til kommunalvalg, de sidste tre perioder, men grundet [&hellip;]","og_url":"https:\/\/kunmedierne.dk\/mors\/jytte-foldberg-stiller-op-for-venstre\/","og_site_name":"Mors","article_published_time":"2021-03-30T07:26:18+00:00","article_modified_time":"2024-08-12T11:37:40+00:00","og_image":[{"width":770,"height":513,"url":"https:\/\/kunmedierne.dk\/mors\/wp-content\/uploads\/2021\/03\/Jytte-Foldberg2.jpg","type":"image\/jpeg"}],"author":"David H\u00f8jmark","twitter_card":"summary_large_image","twitter_misc":{"Skrevet af":"David H\u00f8jmark","Estimeret l\u00e6setid":"3 minutter"},"schema":{"@context":"https:\/\/schema.org","@graph":[{"@type":"Article","@id":"https:\/\/kunmedierne.dk\/mors\/jytte-foldberg-stiller-op-for-venstre\/#article","isPartOf":{"@id":"https:\/\/kunmedierne.dk\/mors\/jytte-foldberg-stiller-op-for-venstre\/"},"author":{"name":"David H\u00f8jmark","@id":"https:\/\/kunmedierne.dk\/mors\/#\/schema\/person\/5fe23251bf1d0abbcdc6f7896579d548"},"headline":"Jytte Foldberg stiller op for Venstre","datePublished":"2021-03-30T07:26:18+00:00","dateModified":"2024-08-12T11:37:40+00:00","mainEntityOfPage":{"@id":"https:\/\/kunmedierne.dk\/mors\/jytte-foldberg-stiller-op-for-venstre\/"},"wordCount":676,"commentCount":0,"publisher":{"@id":"https:\/\/kunmedierne.dk\/mors\/#organization"},"image":{"@id":"https:\/\/kunmedierne.dk\/mors\/jytte-foldberg-stiller-op-for-venstre\/#primaryimage"},"thumbnailUrl":"https:\/\/kunmedierne.dk\/mors\/wp-content\/uploads\/2021\/03\/Jytte-Foldberg2.jpg","keywords":["Politik"],"articleSection":["Lokalt"],"inLanguage":"da-DK","potentialAction":[{"@type":"CommentAction","name":"Comment","target":["https:\/\/kunmedierne.dk\/mors\/jytte-foldberg-stiller-op-for-venstre\/#respond"]}]},{"@type":"WebPage","@id":"https:\/\/kunmedierne.dk\/mors\/jytte-foldberg-stiller-op-for-venstre\/","url":"https:\/\/kunmedierne.dk\/mors\/jytte-foldberg-stiller-op-for-venstre\/","name":"Jytte Foldberg stiller op for Venstre - Mors","isPartOf":{"@id":"https:\/\/kunmedierne.dk\/mors\/#website"},"primaryImageOfPage":{"@id":"https:\/\/kunmedierne.dk\/mors\/jytte-foldberg-stiller-op-for-venstre\/#primaryimage"},"image":{"@id":"https:\/\/kunmedierne.dk\/mors\/jytte-foldberg-stiller-op-for-venstre\/#primaryimage"},"thumbnailUrl":"https:\/\/kunmedierne.dk\/mors\/wp-content\/uploads\/2021\/03\/Jytte-Foldberg2.jpg","datePublished":"2021-03-30T07:26:18+00:00","dateModified":"2024-08-12T11:37:40+00:00","breadcrumb":{"@id":"https:\/\/kunmedierne.dk\/mors\/jytte-foldberg-stiller-op-for-venstre\/#breadcrumb"},"inLanguage":"da-DK","potentialAction":[{"@type":"ReadAction","target":["https:\/\/kunmedierne.dk\/mors\/jytte-foldberg-stiller-op-for-venstre\/"]}]},{"@type":"ImageObject","inLanguage":"da-DK","@id":"https:\/\/kunmedierne.dk\/mors\/jytte-foldberg-stiller-op-for-venstre\/#primaryimage","url":"https:\/\/kunmedierne.dk\/mors\/wp-content\/uploads\/2021\/03\/Jytte-Foldberg2.jpg","contentUrl":"https:\/\/kunmedierne.dk\/mors\/wp-content\/uploads\/2021\/03\/Jytte-Foldberg2.jpg","width":770,"height":513,"caption":"Jytte Foldberg, kandidat for Venstre ved Kommunalvalg 2021."},{"@type":"BreadcrumbList","@id":"https:\/\/kunmedierne.dk\/mors\/jytte-foldberg-stiller-op-for-venstre\/#breadcrumb","itemListElement":[{"@type":"ListItem","position":1,"name":"Hjem","item":"https:\/\/kunmedierne.dk\/mors\/"},{"@type":"ListItem","position":2,"name":"Jytte Foldberg stiller op for Venstre"}]},{"@type":"WebSite","@id":"https:\/\/kunmedierne.dk\/mors\/#website","url":"https:\/\/kunmedierne.dk\/mors\/","name":"Mors","description":"et netmedie med journalistik om livet p\u00e5 Mors","publisher":{"@id":"https:\/\/kunmedierne.dk\/mors\/#organization"},"potentialAction":[{"@type":"SearchAction","target":{"@type":"EntryPoint","urlTemplate":"https:\/\/kunmedierne.dk\/mors\/?s={search_term_string}"},"query-input":{"@type":"PropertyValueSpecification","valueRequired":true,"valueName":"search_term_string"}}],"inLanguage":"da-DK"},{"@type":"Organization","@id":"https:\/\/kunmedierne.dk\/mors\/#organization","name":"Mors","url":"https:\/\/kunmedierne.dk\/mors\/","logo":{"@type":"ImageObject","inLanguage":"da-DK","@id":"https:\/\/kunmedierne.dk\/mors\/#\/schema\/logo\/image\/","url":"https:\/\/kunmedierne.dk\/mors\/wp-content\/uploads\/2024\/08\/kunmors-logo.svg","contentUrl":"https:\/\/kunmedierne.dk\/mors\/wp-content\/uploads\/2024\/08\/kunmors-logo.svg","caption":"Mors"},"image":{"@id":"https:\/\/kunmedierne.dk\/mors\/#\/schema\/logo\/image\/"}},{"@type":"Person","@id":"https:\/\/kunmedierne.dk\/mors\/#\/schema\/person\/5fe23251bf1d0abbcdc6f7896579d548","name":"David H\u00f8jmark","image":{"@type":"ImageObject","inLanguage":"da-DK","@id":"https:\/\/kunmedierne.dk\/mors\/#\/schema\/person\/image\/","url":"https:\/\/secure.gravatar.com\/avatar\/4315d6fb9ef244d729989f5f90268eb08d5bf8a3d84402f595fa194bb35784fd?s=96&d=mm&r=g","contentUrl":"https:\/\/secure.gravatar.com\/avatar\/4315d6fb9ef244d729989f5f90268eb08d5bf8a3d84402f595fa194bb35784fd?s=96&d=mm&r=g","caption":"David H\u00f8jmark"},"sameAs":["https:\/\/www.kunmedierne.dk"],"url":"https:\/\/kunmedierne.dk\/mors\/author\/david\/"}]}},"_links":{"self":[{"href":"https:\/\/kunmedierne.dk\/mors\/wp-json\/wp\/v2\/posts\/42420","targetHints":{"allow":["GET"]}}],"collection":[{"href":"https:\/\/kunmedierne.dk\/mors\/wp-json\/wp\/v2\/posts"}],"about":[{"href":"https:\/\/kunmedierne.dk\/mors\/wp-json\/wp\/v2\/types\/post"}],"author":[{"embeddable":true,"href":"https:\/\/kunmedierne.dk\/mors\/wp-json\/wp\/v2\/users\/8"}],"replies":[{"embeddable":true,"href":"https:\/\/kunmedierne.dk\/mors\/wp-json\/wp\/v2\/comments?post=42420"}],"version-history":[{"count":5,"href":"https:\/\/kunmedierne.dk\/mors\/wp-json\/wp\/v2\/posts\/42420\/revisions"}],"predecessor-version":[{"id":42428,"href":"https:\/\/kunmedierne.dk\/mors\/wp-json\/wp\/v2\/posts\/42420\/revisions\/42428"}],"wp:featuredmedia":[{"embeddable":true,"href":"https:\/\/kunmedierne.dk\/mors\/wp-json\/wp\/v2\/media\/42422"}],"wp:attachment":[{"href":"https:\/\/kunmedierne.dk\/mors\/wp-json\/wp\/v2\/media?parent=42420"}],"wp:term":[{"taxonomy":"category","embeddable":true,"href":"https:\/\/kunmedierne.dk\/mors\/wp-json\/wp\/v2\/categories?post=42420"},{"taxonomy":"post_tag","embeddable":true,"href":"https:\/\/kunmedierne.dk\/mors\/wp-json\/wp\/v2\/tags?post=42420"}],"curies":[{"name":"wp","href":"https:\/\/api.w.org\/{rel}","templated":true}]}}