{"id":42367,"date":"2021-03-29T09:42:58","date_gmt":"2021-03-29T07:42:58","guid":{"rendered":"https:\/\/kunmedierne.dk\/mors\/?p=42367"},"modified":"2024-08-12T13:37:40","modified_gmt":"2024-08-12T11:37:40","slug":"rute-26-34-ivaerksaetteri-og-politik-starter-i-det-smaa","status":"publish","type":"post","link":"https:\/\/kunmedierne.dk\/mors\/rute-26-34-ivaerksaetteri-og-politik-starter-i-det-smaa\/","title":{"rendered":"&#8211; Rute 26-34: Iv\u00e6rks\u00e6tteri og politik starter i det sm\u00e5"},"content":{"rendered":"<p><em>K\u00f8rel\u00e6rer Keld Kortegaard, Jens Juhls Kaj i Nyk\u00f8bing, har sendt dette debatindl\u00e6g:<\/em><\/p>\n<hr \/>\n<p>Der er vel ikke ret mange der vil beklikke at det vil v\u00e6re en k\u00e6mpe fordel for fremkommeligheden at rute 26-34 bliver opgraderet.<\/p>\n<p>Jeg tror heller ikke at der er nogen der vil beklikke at det er godt at der er nedsat en arbejdsgruppe der arbejder med projektet p\u00e5 allerh\u00f8jeste plan.<\/p>\n<p>For mig er det ikke afg\u00f8rende og arbejdsgruppen hedder det ene eller det andet blot der handles, og det kan jeg s\u00e5 forst\u00e5 p\u00e5 Borgmesteren at de g\u00f8r. <a href=\"https:\/\/vognmand-filtenborg.dk\/\"><img loading=\"lazy\" decoding=\"async\" class=\"alignright size-full wp-image-42300\" src=\"https:\/\/kunmedierne.dk\/mors\/wp-content\/uploads\/2021\/03\/te3.jpg\" alt=\"\" width=\"1400\" height=\"125\" srcset=\"https:\/\/kunmedierne.dk\/mors\/wp-content\/uploads\/2021\/03\/te3.jpg 1400w, https:\/\/kunmedierne.dk\/mors\/wp-content\/uploads\/2021\/03\/te3-300x27.jpg 300w, https:\/\/kunmedierne.dk\/mors\/wp-content\/uploads\/2021\/03\/te3-1024x91.jpg 1024w, https:\/\/kunmedierne.dk\/mors\/wp-content\/uploads\/2021\/03\/te3-768x69.jpg 768w, https:\/\/kunmedierne.dk\/mors\/wp-content\/uploads\/2021\/03\/te3-600x54.jpg 600w\" sizes=\"auto, (max-width: 1400px) 100vw, 1400px\" \/><\/a><\/p>\n<p>Jeg kan l\u00e6se p\u00e5 <a href=\"https:\/\/rute26-34.dk\/\" target=\"_blank\" rel=\"noopener noreferrer\">www.rute26-34.dk<\/a> at der arbejdes med 3 forslag, en af disse forslag er at lave nogle delstr\u00e6kninger til en 2+1 vej, hvad jeg syntes er en rigtig god l\u00f8sning. Den nye omfartsvej ved Haderup er netop lavet som en 2+ 1 vej med en hastighed p\u00e5 100 km\/t.<\/p>\n<p>Man er nu i gang med en omfattende reparation af Sallingsundbroen, set udefra virker det m\u00e6rkelig at denne vejstr\u00e6kning s\u00e5 ikke laves som en 2+1 vej nu man er i gang, da broen blev bygget i 1978 blev den lavet med ekstra bredde netop til en fremtidig udvidelse. Str\u00e6kningen mellem Legindvejlebroen og Sallingsundbroen er jo allerede en 2+2 vej.<\/p>\n<p>At borgmesteren n\u00e6sten latterligg\u00f8r at thyboerne \u00f8nsker sig en lignende vej fra Thisted til \u00c5lborg virker m\u00e6rkelig, der sker rent faktisk flere f\u00e6rdselsuheld p\u00e5 denne str\u00e6kning end p\u00e5 rute 26 s\u00e5 Bo Fink arbejd videre det er et rigtig godt forslag. Vi kan s\u00e5 p\u00e5 Mors slutte os til vejen omkring \u00d8sl\u00f8s n\u00e5r vi f\u00e5r en bro ved Feggesund. <a href=\"https:\/\/www.sparnord.dk\/filialer\/nykoebing-mors\/\"><img loading=\"lazy\" decoding=\"async\" class=\"alignright size-full wp-image-42301\" src=\"https:\/\/kunmedierne.dk\/mors\/wp-content\/uploads\/2021\/03\/te4.jpg\" alt=\"\" width=\"1400\" height=\"123\" srcset=\"https:\/\/kunmedierne.dk\/mors\/wp-content\/uploads\/2021\/03\/te4.jpg 1400w, https:\/\/kunmedierne.dk\/mors\/wp-content\/uploads\/2021\/03\/te4-300x26.jpg 300w, https:\/\/kunmedierne.dk\/mors\/wp-content\/uploads\/2021\/03\/te4-1024x90.jpg 1024w, https:\/\/kunmedierne.dk\/mors\/wp-content\/uploads\/2021\/03\/te4-768x67.jpg 768w, https:\/\/kunmedierne.dk\/mors\/wp-content\/uploads\/2021\/03\/te4-600x53.jpg 600w\" sizes=\"auto, (max-width: 1400px) 100vw, 1400px\" \/><\/a><\/p>\n<p>Noget af det jeg gl\u00e6der mig til i et valg\u00e5r er at l\u00e6se de nye kandidaters dr\u00f8mme i de l\u00e6serbreve som avisen bringer, s\u00e5 tab endelig ikke modet selv om Borgmesteren skriver at det ikke f\u00f8rer til noget.<\/p>\n<p>Iv\u00e6rks\u00e6tteri starter altid i det sm\u00e5 og kan derefter vokse \u2013 det g\u00f8r politik ogs\u00e5.<\/p>\n<hr \/>\n<p><em>Har du et bidrag til den lokale debat? Send det til os p\u00e5 e-mail: debat@kunmedierne.dk\/mors. Husk at l\u00e6se korrektur inden afsendelse p\u00e5 indl\u00e6gget.<\/em><\/p>\n","protected":false},"excerpt":{"rendered":"<p>K\u00f8rel\u00e6rer Keld Kortegaard, Jens Juhls Kaj i Nyk\u00f8bing, har sendt dette debatindl\u00e6g: Der er vel ikke ret mange der vil beklikke at det vil v\u00e6re en k\u00e6mpe fordel for fremkommeligheden at rute 26-34 bliver opgraderet. Jeg tror heller ikke at der er nogen der vil beklikke at det er godt at der er nedsat en [&hellip;]<\/p>\n","protected":false},"author":11,"featured_media":41916,"comment_status":"open","ping_status":"open","sticky":false,"template":"","format":"standard","meta":{"_acf_changed":false,"footnotes":""},"categories":[56],"tags":[167],"class_list":["post-42367","post","type-post","status-publish","format-standard","has-post-thumbnail","hentry","category-debat","tag-politik"],"acf":[],"yoast_head":"<!-- This site is optimized with the Yoast SEO plugin v26.8 - https:\/\/yoast.com\/product\/yoast-seo-wordpress\/ -->\n<title>- Rute 26-34: Iv\u00e6rks\u00e6tteri og politik starter i det sm\u00e5 - Mors<\/title>\n<meta name=\"robots\" content=\"index, follow, max-snippet:-1, max-image-preview:large, max-video-preview:-1\" \/>\n<link rel=\"canonical\" href=\"https:\/\/kunmedierne.dk\/mors\/rute-26-34-ivaerksaetteri-og-politik-starter-i-det-smaa\/\" \/>\n<meta property=\"og:locale\" content=\"da_DK\" \/>\n<meta property=\"og:type\" content=\"article\" \/>\n<meta property=\"og:title\" content=\"- Rute 26-34: Iv\u00e6rks\u00e6tteri og politik starter i det sm\u00e5 - Mors\" \/>\n<meta property=\"og:description\" content=\"K\u00f8rel\u00e6rer Keld Kortegaard, Jens Juhls Kaj i Nyk\u00f8bing, har sendt dette debatindl\u00e6g: Der er vel ikke ret mange der vil beklikke at det vil v\u00e6re en k\u00e6mpe fordel for fremkommeligheden at rute 26-34 bliver opgraderet. Jeg tror heller ikke at der er nogen der vil beklikke at det er godt at der er nedsat en [&hellip;]\" \/>\n<meta property=\"og:url\" content=\"https:\/\/kunmedierne.dk\/mors\/rute-26-34-ivaerksaetteri-og-politik-starter-i-det-smaa\/\" \/>\n<meta property=\"og:site_name\" content=\"Mors\" \/>\n<meta property=\"article:published_time\" content=\"2021-03-29T07:42:58+00:00\" \/>\n<meta property=\"article:modified_time\" content=\"2024-08-12T11:37:40+00:00\" \/>\n<meta property=\"og:image\" content=\"https:\/\/kunmedierne.dk\/mors\/wp-content\/uploads\/2021\/03\/keld-kortegaard.jpg\" \/>\n\t<meta property=\"og:image:width\" content=\"770\" \/>\n\t<meta property=\"og:image:height\" content=\"513\" \/>\n\t<meta property=\"og:image:type\" content=\"image\/jpeg\" \/>\n<meta name=\"author\" content=\"Debat\" \/>\n<meta name=\"twitter:card\" content=\"summary_large_image\" \/>\n<meta name=\"twitter:label1\" content=\"Skrevet af\" \/>\n\t<meta name=\"twitter:data1\" content=\"Debat\" \/>\n\t<meta name=\"twitter:label2\" content=\"Estimeret l\u00e6setid\" \/>\n\t<meta name=\"twitter:data2\" content=\"2 minutter\" \/>\n<script type=\"application\/ld+json\" class=\"yoast-schema-graph\">{\"@context\":\"https:\/\/schema.org\",\"@graph\":[{\"@type\":\"Article\",\"@id\":\"https:\/\/kunmedierne.dk\/mors\/rute-26-34-ivaerksaetteri-og-politik-starter-i-det-smaa\/#article\",\"isPartOf\":{\"@id\":\"https:\/\/kunmedierne.dk\/mors\/rute-26-34-ivaerksaetteri-og-politik-starter-i-det-smaa\/\"},\"author\":{\"name\":\"Debat\",\"@id\":\"https:\/\/kunmedierne.dk\/mors\/#\/schema\/person\/84c1391bce0b43b9bb3a49736bc0ad78\"},\"headline\":\"&#8211; Rute 26-34: Iv\u00e6rks\u00e6tteri og politik starter i det sm\u00e5\",\"datePublished\":\"2021-03-29T07:42:58+00:00\",\"dateModified\":\"2024-08-12T11:37:40+00:00\",\"mainEntityOfPage\":{\"@id\":\"https:\/\/kunmedierne.dk\/mors\/rute-26-34-ivaerksaetteri-og-politik-starter-i-det-smaa\/\"},\"wordCount\":378,\"commentCount\":0,\"publisher\":{\"@id\":\"https:\/\/kunmedierne.dk\/mors\/#organization\"},\"image\":{\"@id\":\"https:\/\/kunmedierne.dk\/mors\/rute-26-34-ivaerksaetteri-og-politik-starter-i-det-smaa\/#primaryimage\"},\"thumbnailUrl\":\"https:\/\/kunmedierne.dk\/mors\/wp-content\/uploads\/2021\/03\/keld-kortegaard.jpg\",\"keywords\":[\"Politik\"],\"articleSection\":[\"Debat\"],\"inLanguage\":\"da-DK\",\"potentialAction\":[{\"@type\":\"CommentAction\",\"name\":\"Comment\",\"target\":[\"https:\/\/kunmedierne.dk\/mors\/rute-26-34-ivaerksaetteri-og-politik-starter-i-det-smaa\/#respond\"]}]},{\"@type\":\"WebPage\",\"@id\":\"https:\/\/kunmedierne.dk\/mors\/rute-26-34-ivaerksaetteri-og-politik-starter-i-det-smaa\/\",\"url\":\"https:\/\/kunmedierne.dk\/mors\/rute-26-34-ivaerksaetteri-og-politik-starter-i-det-smaa\/\",\"name\":\"- Rute 26-34: Iv\u00e6rks\u00e6tteri og politik starter i det sm\u00e5 - Mors\",\"isPartOf\":{\"@id\":\"https:\/\/kunmedierne.dk\/mors\/#website\"},\"primaryImageOfPage\":{\"@id\":\"https:\/\/kunmedierne.dk\/mors\/rute-26-34-ivaerksaetteri-og-politik-starter-i-det-smaa\/#primaryimage\"},\"image\":{\"@id\":\"https:\/\/kunmedierne.dk\/mors\/rute-26-34-ivaerksaetteri-og-politik-starter-i-det-smaa\/#primaryimage\"},\"thumbnailUrl\":\"https:\/\/kunmedierne.dk\/mors\/wp-content\/uploads\/2021\/03\/keld-kortegaard.jpg\",\"datePublished\":\"2021-03-29T07:42:58+00:00\",\"dateModified\":\"2024-08-12T11:37:40+00:00\",\"breadcrumb\":{\"@id\":\"https:\/\/kunmedierne.dk\/mors\/rute-26-34-ivaerksaetteri-og-politik-starter-i-det-smaa\/#breadcrumb\"},\"inLanguage\":\"da-DK\",\"potentialAction\":[{\"@type\":\"ReadAction\",\"target\":[\"https:\/\/kunmedierne.dk\/mors\/rute-26-34-ivaerksaetteri-og-politik-starter-i-det-smaa\/\"]}]},{\"@type\":\"ImageObject\",\"inLanguage\":\"da-DK\",\"@id\":\"https:\/\/kunmedierne.dk\/mors\/rute-26-34-ivaerksaetteri-og-politik-starter-i-det-smaa\/#primaryimage\",\"url\":\"https:\/\/kunmedierne.dk\/mors\/wp-content\/uploads\/2021\/03\/keld-kortegaard.jpg\",\"contentUrl\":\"https:\/\/kunmedierne.dk\/mors\/wp-content\/uploads\/2021\/03\/keld-kortegaard.jpg\",\"width\":770,\"height\":513,\"caption\":\"Keld Kortegaard. Privatfoto\"},{\"@type\":\"BreadcrumbList\",\"@id\":\"https:\/\/kunmedierne.dk\/mors\/rute-26-34-ivaerksaetteri-og-politik-starter-i-det-smaa\/#breadcrumb\",\"itemListElement\":[{\"@type\":\"ListItem\",\"position\":1,\"name\":\"Hjem\",\"item\":\"https:\/\/kunmedierne.dk\/mors\/\"},{\"@type\":\"ListItem\",\"position\":2,\"name\":\"&#8211; Rute 26-34: Iv\u00e6rks\u00e6tteri og politik starter i det sm\u00e5\"}]},{\"@type\":\"WebSite\",\"@id\":\"https:\/\/kunmedierne.dk\/mors\/#website\",\"url\":\"https:\/\/kunmedierne.dk\/mors\/\",\"name\":\"Mors\",\"description\":\"et netmedie med journalistik om livet p\u00e5 Mors\",\"publisher\":{\"@id\":\"https:\/\/kunmedierne.dk\/mors\/#organization\"},\"potentialAction\":[{\"@type\":\"SearchAction\",\"target\":{\"@type\":\"EntryPoint\",\"urlTemplate\":\"https:\/\/kunmedierne.dk\/mors\/?s={search_term_string}\"},\"query-input\":{\"@type\":\"PropertyValueSpecification\",\"valueRequired\":true,\"valueName\":\"search_term_string\"}}],\"inLanguage\":\"da-DK\"},{\"@type\":\"Organization\",\"@id\":\"https:\/\/kunmedierne.dk\/mors\/#organization\",\"name\":\"Mors\",\"url\":\"https:\/\/kunmedierne.dk\/mors\/\",\"logo\":{\"@type\":\"ImageObject\",\"inLanguage\":\"da-DK\",\"@id\":\"https:\/\/kunmedierne.dk\/mors\/#\/schema\/logo\/image\/\",\"url\":\"https:\/\/kunmedierne.dk\/mors\/wp-content\/uploads\/2024\/08\/kunmors-logo.svg\",\"contentUrl\":\"https:\/\/kunmedierne.dk\/mors\/wp-content\/uploads\/2024\/08\/kunmors-logo.svg\",\"caption\":\"Mors\"},\"image\":{\"@id\":\"https:\/\/kunmedierne.dk\/mors\/#\/schema\/logo\/image\/\"}},{\"@type\":\"Person\",\"@id\":\"https:\/\/kunmedierne.dk\/mors\/#\/schema\/person\/84c1391bce0b43b9bb3a49736bc0ad78\",\"name\":\"Debat\",\"image\":{\"@type\":\"ImageObject\",\"inLanguage\":\"da-DK\",\"@id\":\"https:\/\/kunmedierne.dk\/mors\/#\/schema\/person\/image\/\",\"url\":\"https:\/\/secure.gravatar.com\/avatar\/b0fb2e221d618f7c65162ab0d49c7e8a0b580c871ca03af90e42b47b4150654c?s=96&d=mm&r=g\",\"contentUrl\":\"https:\/\/secure.gravatar.com\/avatar\/b0fb2e221d618f7c65162ab0d49c7e8a0b580c871ca03af90e42b47b4150654c?s=96&d=mm&r=g\",\"caption\":\"Debat\"},\"url\":\"https:\/\/kunmedierne.dk\/mors\/author\/debat\/\"}]}<\/script>\n<!-- \/ Yoast SEO plugin. -->","yoast_head_json":{"title":"- Rute 26-34: Iv\u00e6rks\u00e6tteri og politik starter i det sm\u00e5 - Mors","robots":{"index":"index","follow":"follow","max-snippet":"max-snippet:-1","max-image-preview":"max-image-preview:large","max-video-preview":"max-video-preview:-1"},"canonical":"https:\/\/kunmedierne.dk\/mors\/rute-26-34-ivaerksaetteri-og-politik-starter-i-det-smaa\/","og_locale":"da_DK","og_type":"article","og_title":"- Rute 26-34: Iv\u00e6rks\u00e6tteri og politik starter i det sm\u00e5 - Mors","og_description":"K\u00f8rel\u00e6rer Keld Kortegaard, Jens Juhls Kaj i Nyk\u00f8bing, har sendt dette debatindl\u00e6g: Der er vel ikke ret mange der vil beklikke at det vil v\u00e6re en k\u00e6mpe fordel for fremkommeligheden at rute 26-34 bliver opgraderet. Jeg tror heller ikke at der er nogen der vil beklikke at det er godt at der er nedsat en [&hellip;]","og_url":"https:\/\/kunmedierne.dk\/mors\/rute-26-34-ivaerksaetteri-og-politik-starter-i-det-smaa\/","og_site_name":"Mors","article_published_time":"2021-03-29T07:42:58+00:00","article_modified_time":"2024-08-12T11:37:40+00:00","og_image":[{"width":770,"height":513,"url":"https:\/\/kunmedierne.dk\/mors\/wp-content\/uploads\/2021\/03\/keld-kortegaard.jpg","type":"image\/jpeg"}],"author":"Debat","twitter_card":"summary_large_image","twitter_misc":{"Skrevet af":"Debat","Estimeret l\u00e6setid":"2 minutter"},"schema":{"@context":"https:\/\/schema.org","@graph":[{"@type":"Article","@id":"https:\/\/kunmedierne.dk\/mors\/rute-26-34-ivaerksaetteri-og-politik-starter-i-det-smaa\/#article","isPartOf":{"@id":"https:\/\/kunmedierne.dk\/mors\/rute-26-34-ivaerksaetteri-og-politik-starter-i-det-smaa\/"},"author":{"name":"Debat","@id":"https:\/\/kunmedierne.dk\/mors\/#\/schema\/person\/84c1391bce0b43b9bb3a49736bc0ad78"},"headline":"&#8211; Rute 26-34: Iv\u00e6rks\u00e6tteri og politik starter i det sm\u00e5","datePublished":"2021-03-29T07:42:58+00:00","dateModified":"2024-08-12T11:37:40+00:00","mainEntityOfPage":{"@id":"https:\/\/kunmedierne.dk\/mors\/rute-26-34-ivaerksaetteri-og-politik-starter-i-det-smaa\/"},"wordCount":378,"commentCount":0,"publisher":{"@id":"https:\/\/kunmedierne.dk\/mors\/#organization"},"image":{"@id":"https:\/\/kunmedierne.dk\/mors\/rute-26-34-ivaerksaetteri-og-politik-starter-i-det-smaa\/#primaryimage"},"thumbnailUrl":"https:\/\/kunmedierne.dk\/mors\/wp-content\/uploads\/2021\/03\/keld-kortegaard.jpg","keywords":["Politik"],"articleSection":["Debat"],"inLanguage":"da-DK","potentialAction":[{"@type":"CommentAction","name":"Comment","target":["https:\/\/kunmedierne.dk\/mors\/rute-26-34-ivaerksaetteri-og-politik-starter-i-det-smaa\/#respond"]}]},{"@type":"WebPage","@id":"https:\/\/kunmedierne.dk\/mors\/rute-26-34-ivaerksaetteri-og-politik-starter-i-det-smaa\/","url":"https:\/\/kunmedierne.dk\/mors\/rute-26-34-ivaerksaetteri-og-politik-starter-i-det-smaa\/","name":"- Rute 26-34: Iv\u00e6rks\u00e6tteri og politik starter i det sm\u00e5 - Mors","isPartOf":{"@id":"https:\/\/kunmedierne.dk\/mors\/#website"},"primaryImageOfPage":{"@id":"https:\/\/kunmedierne.dk\/mors\/rute-26-34-ivaerksaetteri-og-politik-starter-i-det-smaa\/#primaryimage"},"image":{"@id":"https:\/\/kunmedierne.dk\/mors\/rute-26-34-ivaerksaetteri-og-politik-starter-i-det-smaa\/#primaryimage"},"thumbnailUrl":"https:\/\/kunmedierne.dk\/mors\/wp-content\/uploads\/2021\/03\/keld-kortegaard.jpg","datePublished":"2021-03-29T07:42:58+00:00","dateModified":"2024-08-12T11:37:40+00:00","breadcrumb":{"@id":"https:\/\/kunmedierne.dk\/mors\/rute-26-34-ivaerksaetteri-og-politik-starter-i-det-smaa\/#breadcrumb"},"inLanguage":"da-DK","potentialAction":[{"@type":"ReadAction","target":["https:\/\/kunmedierne.dk\/mors\/rute-26-34-ivaerksaetteri-og-politik-starter-i-det-smaa\/"]}]},{"@type":"ImageObject","inLanguage":"da-DK","@id":"https:\/\/kunmedierne.dk\/mors\/rute-26-34-ivaerksaetteri-og-politik-starter-i-det-smaa\/#primaryimage","url":"https:\/\/kunmedierne.dk\/mors\/wp-content\/uploads\/2021\/03\/keld-kortegaard.jpg","contentUrl":"https:\/\/kunmedierne.dk\/mors\/wp-content\/uploads\/2021\/03\/keld-kortegaard.jpg","width":770,"height":513,"caption":"Keld Kortegaard. Privatfoto"},{"@type":"BreadcrumbList","@id":"https:\/\/kunmedierne.dk\/mors\/rute-26-34-ivaerksaetteri-og-politik-starter-i-det-smaa\/#breadcrumb","itemListElement":[{"@type":"ListItem","position":1,"name":"Hjem","item":"https:\/\/kunmedierne.dk\/mors\/"},{"@type":"ListItem","position":2,"name":"&#8211; Rute 26-34: Iv\u00e6rks\u00e6tteri og politik starter i det sm\u00e5"}]},{"@type":"WebSite","@id":"https:\/\/kunmedierne.dk\/mors\/#website","url":"https:\/\/kunmedierne.dk\/mors\/","name":"Mors","description":"et netmedie med journalistik om livet p\u00e5 Mors","publisher":{"@id":"https:\/\/kunmedierne.dk\/mors\/#organization"},"potentialAction":[{"@type":"SearchAction","target":{"@type":"EntryPoint","urlTemplate":"https:\/\/kunmedierne.dk\/mors\/?s={search_term_string}"},"query-input":{"@type":"PropertyValueSpecification","valueRequired":true,"valueName":"search_term_string"}}],"inLanguage":"da-DK"},{"@type":"Organization","@id":"https:\/\/kunmedierne.dk\/mors\/#organization","name":"Mors","url":"https:\/\/kunmedierne.dk\/mors\/","logo":{"@type":"ImageObject","inLanguage":"da-DK","@id":"https:\/\/kunmedierne.dk\/mors\/#\/schema\/logo\/image\/","url":"https:\/\/kunmedierne.dk\/mors\/wp-content\/uploads\/2024\/08\/kunmors-logo.svg","contentUrl":"https:\/\/kunmedierne.dk\/mors\/wp-content\/uploads\/2024\/08\/kunmors-logo.svg","caption":"Mors"},"image":{"@id":"https:\/\/kunmedierne.dk\/mors\/#\/schema\/logo\/image\/"}},{"@type":"Person","@id":"https:\/\/kunmedierne.dk\/mors\/#\/schema\/person\/84c1391bce0b43b9bb3a49736bc0ad78","name":"Debat","image":{"@type":"ImageObject","inLanguage":"da-DK","@id":"https:\/\/kunmedierne.dk\/mors\/#\/schema\/person\/image\/","url":"https:\/\/secure.gravatar.com\/avatar\/b0fb2e221d618f7c65162ab0d49c7e8a0b580c871ca03af90e42b47b4150654c?s=96&d=mm&r=g","contentUrl":"https:\/\/secure.gravatar.com\/avatar\/b0fb2e221d618f7c65162ab0d49c7e8a0b580c871ca03af90e42b47b4150654c?s=96&d=mm&r=g","caption":"Debat"},"url":"https:\/\/kunmedierne.dk\/mors\/author\/debat\/"}]}},"_links":{"self":[{"href":"https:\/\/kunmedierne.dk\/mors\/wp-json\/wp\/v2\/posts\/42367","targetHints":{"allow":["GET"]}}],"collection":[{"href":"https:\/\/kunmedierne.dk\/mors\/wp-json\/wp\/v2\/posts"}],"about":[{"href":"https:\/\/kunmedierne.dk\/mors\/wp-json\/wp\/v2\/types\/post"}],"author":[{"embeddable":true,"href":"https:\/\/kunmedierne.dk\/mors\/wp-json\/wp\/v2\/users\/11"}],"replies":[{"embeddable":true,"href":"https:\/\/kunmedierne.dk\/mors\/wp-json\/wp\/v2\/comments?post=42367"}],"version-history":[{"count":1,"href":"https:\/\/kunmedierne.dk\/mors\/wp-json\/wp\/v2\/posts\/42367\/revisions"}],"predecessor-version":[{"id":42368,"href":"https:\/\/kunmedierne.dk\/mors\/wp-json\/wp\/v2\/posts\/42367\/revisions\/42368"}],"wp:featuredmedia":[{"embeddable":true,"href":"https:\/\/kunmedierne.dk\/mors\/wp-json\/wp\/v2\/media\/41916"}],"wp:attachment":[{"href":"https:\/\/kunmedierne.dk\/mors\/wp-json\/wp\/v2\/media?parent=42367"}],"wp:term":[{"taxonomy":"category","embeddable":true,"href":"https:\/\/kunmedierne.dk\/mors\/wp-json\/wp\/v2\/categories?post=42367"},{"taxonomy":"post_tag","embeddable":true,"href":"https:\/\/kunmedierne.dk\/mors\/wp-json\/wp\/v2\/tags?post=42367"}],"curies":[{"name":"wp","href":"https:\/\/api.w.org\/{rel}","templated":true}]}}