{"id":42260,"date":"2021-03-28T13:03:50","date_gmt":"2021-03-28T11:03:50","guid":{"rendered":"https:\/\/kunmedierne.dk\/mors\/?p=42260"},"modified":"2024-08-12T13:37:41","modified_gmt":"2024-08-12T11:37:41","slug":"kulturmoedet-faar-en-ekstra-dag","status":"publish","type":"post","link":"https:\/\/kunmedierne.dk\/mors\/kulturmoedet-faar-en-ekstra-dag\/","title":{"rendered":"Kulturm\u00f8det f\u00e5r en ekstra dag"},"content":{"rendered":"<p><strong>MORS<\/strong>: Et d\u00f8gn mere med kultur til morsingboerne.<\/p>\n<p>Det er, hvad Kulturm\u00f8det Mors pr\u00e6senterer til august, n\u00e5r \u00f8en igen bliver centrum for \u00e5rets store danske kulturbegivenhed.<\/p>\n<p>Programmet er for tiden ved at blive finpudset og best\u00e5r af omkring 40 kulturelle arrangementer, der bliver pr\u00e6senteret i l\u00f8bet af for\u00e5ret. Og hvor l\u00f8rdag normalt har v\u00e6ret hjemrejsedag efter sidste kulturprogram f\u00f8rst p\u00e5 eftermiddagen, forts\u00e6tter det i \u00e5r l\u00f8rdag aften og helt frem til s\u00f8ndag eftermiddag.<\/p>\n<p>Det fort\u00e6ller Trine Bang, direkt\u00f8r for Kulturm\u00f8det Mors, til KunMors under et interview om, hvad morsingboerne egentlig kan vente sig til august.<\/p>\n<p>Og selvf\u00f8lgelig spiller coronaen ind i udvidelsen med den ekstra dag.<\/p>\n<p>&#8220;N\u00e5r det hele er s\u00e5 anderledes, vil vi gerne sprede arrangementet lidt, s\u00e5 man har mulighed for at tage flere dage fra sin egen kalender i brug,&#8221; forklarer Trine Bang \u00f8nsket om at brede sig tidsm\u00e6ssigt. <a href=\"https:\/\/konpap.dk\/\"><img loading=\"lazy\" decoding=\"async\" class=\"alignright size-full wp-image-42326\" src=\"https:\/\/kunmedierne.dk\/mors\/wp-content\/uploads\/2021\/03\/te10.jpg\" alt=\"\" width=\"1400\" height=\"125\" srcset=\"https:\/\/kunmedierne.dk\/mors\/wp-content\/uploads\/2021\/03\/te10.jpg 1400w, https:\/\/kunmedierne.dk\/mors\/wp-content\/uploads\/2021\/03\/te10-300x27.jpg 300w, https:\/\/kunmedierne.dk\/mors\/wp-content\/uploads\/2021\/03\/te10-1024x91.jpg 1024w, https:\/\/kunmedierne.dk\/mors\/wp-content\/uploads\/2021\/03\/te10-768x69.jpg 768w, https:\/\/kunmedierne.dk\/mors\/wp-content\/uploads\/2021\/03\/te10-600x54.jpg 600w\" sizes=\"auto, (max-width: 1400px) 100vw, 1400px\" \/><\/a><\/p>\n<p>Det betyder ogs\u00e5, at g\u00e6ster udefra kan v\u00e6re p\u00e5 \u00f8en en dag eller to ekstra og m\u00e5ske vente til mandag morgen med at tage hjem. Men det bliver selvf\u00f8lgelig uden tusindvis af mennesker p\u00e5 gaderne og Kulturm\u00f8det i sin form fra f\u00f8r coronaen.<\/p>\n<p>For nok bliver der stadig f\u00e6llessang, morgensang og andre stemningsfulde programpunkter i l\u00f8bet af de tre d\u00f8gn med kultur. Der bliver ogs\u00e5 debatter, musik og anden kultur at forlyste sig med. Og det bliver b\u00e5de i Nyk\u00f8bing og andre steder p\u00e5 \u00f8en.<\/p>\n<p>Men det bliver alt sammen med tilmelding p\u00e5 forh\u00e5nd.<\/p>\n<p>&#8220;Det er jo, fordi vi lever i en tid, hvor man ikke bare kan m\u00f8de op, stille sig i k\u00f8 og st\u00e5 i nakken af hinanden,&#8221; siger Trine Bang.<\/p>\n<p>Hun p\u00e5peger, at man i stedet for at vandre rundt i byen og suge kulturen til sig, hvor man m\u00f8der den, vil kunne lave sit eget program p\u00e5 forh\u00e5nd. For eksempel ved at tilmelde sig det, man \u00f8nsker at se, og s\u00e5 supplere med hjemmefra at f\u00f8lge de virtuelle debatter, der ogs\u00e5 bliver en del af dagene i august. <a href=\"https:\/\/www.fmspks.dk\/\"><img loading=\"lazy\" decoding=\"async\" class=\"alignright size-full wp-image-42295\" src=\"https:\/\/kunmedierne.dk\/mors\/wp-content\/uploads\/2021\/03\/te1.jpg\" alt=\"\" width=\"1400\" height=\"125\" srcset=\"https:\/\/kunmedierne.dk\/mors\/wp-content\/uploads\/2021\/03\/te1.jpg 1400w, https:\/\/kunmedierne.dk\/mors\/wp-content\/uploads\/2021\/03\/te1-300x27.jpg 300w, https:\/\/kunmedierne.dk\/mors\/wp-content\/uploads\/2021\/03\/te1-1024x91.jpg 1024w, https:\/\/kunmedierne.dk\/mors\/wp-content\/uploads\/2021\/03\/te1-768x69.jpg 768w, https:\/\/kunmedierne.dk\/mors\/wp-content\/uploads\/2021\/03\/te1-600x54.jpg 600w\" sizes=\"auto, (max-width: 1400px) 100vw, 1400px\" \/><\/a><\/p>\n<p>&#8220;Der bliver alt fra rigtig dejlige forfatterarrangementer til nogle fede koncerter, biografaftener og vandringer i naturen &#8211; og middage p\u00e5 m\u00e5der, man slet ikke har set det f\u00f8r. Vi g\u00f8r rigtig meget ud af, at de ting, man kan opleve, er nogle, vi har udvalgt n\u00f8je &#8211; og s\u00e5 har vi lagt Kulturm\u00f8dets \u00e5nd ned over det,&#8221; siger Trine Bang.<\/p>\n<p>&#8220;Det bliver ikke med gader, hvor man kan g\u00e5 op og ned af hinanden og bare g\u00e5 ind forskellige steder, som vi plejer. Det bliver anderledes, fordi verden er anderledes &#8211; men programmet bliver festligt og godt,&#8221; tilf\u00f8jer hun.<\/p>\n<p>&nbsp;<\/p>\n<p><strong>Ikke p\u00e5 vej v\u00e6k fra Mors<\/strong><\/p>\n<p>Da Kulturm\u00f8det Mors tidligere p\u00e5 \u00e5ret fortalte om <a href=\"https:\/\/kunmedierne.dk\/mors\/kulturmoedet-i-helt-ny-form\/\" target=\"_blank\" rel=\"noopener noreferrer\">planerne for 2021<\/a>, var det blandt andet med oplysning om, at der ogs\u00e5 bliver programpunkter andre steder i landet.<\/p>\n<p>Det betyder dog ikke, at Kulturm\u00f8det Mors er p\u00e5 vej v\u00e6k fra Mors, understreger Trine Bang.<\/p>\n<p>&#8220;Det er slet, slet ikke det, der er i gang. Kulturm\u00f8det har r\u00f8dder og hjemstavn p\u00e5 Mors, og det bliver det ved med at have,&#8221; siger hun og uddyber, at tilbud til resten af landet ogs\u00e5 vil komme Kulturm\u00f8det p\u00e5 Mors til gavn.<\/p>\n<p>&#8220;N\u00e5r vi i \u00e5r ogs\u00e5 laver arrangementer andre steder, er det for at styrke kulturm\u00f8det. Det er for styrke historien om det og styrke oplevelserne omkring kunst og kultur. Men det er b\u00e5de for at styrke det, der sker i august, og for at sige, at n\u00e5r vi vender tilbage for fuld skrald n\u00e6ste \u00e5r, er fort\u00e6llingen og opm\u00e6rksomheden omkring Kulturm\u00f8det bare st\u00f8rre ved at v\u00e6re relevant i hele landet,&#8221; siger hun. <a href=\"https:\/\/vester-begr.dk\"><img loading=\"lazy\" decoding=\"async\" class=\"alignright size-full wp-image-42312\" src=\"https:\/\/kunmedierne.dk\/mors\/wp-content\/uploads\/2021\/03\/te2.jpg\" alt=\"\" width=\"1400\" height=\"125\" srcset=\"https:\/\/kunmedierne.dk\/mors\/wp-content\/uploads\/2021\/03\/te2.jpg 1400w, https:\/\/kunmedierne.dk\/mors\/wp-content\/uploads\/2021\/03\/te2-300x27.jpg 300w, https:\/\/kunmedierne.dk\/mors\/wp-content\/uploads\/2021\/03\/te2-1024x91.jpg 1024w, https:\/\/kunmedierne.dk\/mors\/wp-content\/uploads\/2021\/03\/te2-768x69.jpg 768w, https:\/\/kunmedierne.dk\/mors\/wp-content\/uploads\/2021\/03\/te2-600x54.jpg 600w\" sizes=\"auto, (max-width: 1400px) 100vw, 1400px\" \/><\/a><\/p>\n<p>Samtidig p\u00e5peger hun, at Kulturm\u00f8det Mors er en national begivenhed, og at det er vigtigt at inddrage andre dele af landet &#8211; men med dagene p\u00e5 Mors i august som centrum for det hele.<\/p>\n<p>&#8220;Kulturm\u00f8det har altid v\u00e6ret de tre intensive dage p\u00e5 Mors, men der har faktisk ogs\u00e5 tidligere v\u00e6ret sm\u00e5 arrangementer rundt omkring i landet. Vi har ogs\u00e5 tidligere haft konferencer p\u00e5 Christiansborg. S\u00e5 det har altid ligget i Kulturm\u00f8det, at vi ogs\u00e5 skulle ud og v\u00e6re relevante i hele landet &#8211; netop for at kunne forts\u00e6tte med at have den store ting p\u00e5 Mors,&#8221; siger Trine Bang.<\/p>\n<p>&#8220;S\u00e5 det er ikke noget nyt. Men man l\u00e6gger m\u00e5ske mere m\u00e6rke til det i \u00e5r, hvor vi p\u00e5 mange m\u00e5der g\u00f8r noget helt andet, end vi plejer,&#8221; tilf\u00f8jer hun.<\/p>\n<p>&nbsp;<\/p>\n<p><strong>Stor tilslutning til Tankegang<\/strong><\/p>\n<p>Et af de nye tiltag i \u00e5r er konceptet Tankegang, som best\u00e5r af g\u00e5ture med kendte kunstnere og kulturpersoner &#8211; blandt andre de lokale forfattere Knud S\u00f8rensen og Jens Sm\u00e6rup S\u00f8rensen samt fotografen Kirsten Klein.<\/p>\n<p>Programmet for Tankegang begynder i april, og det er stadig muligt at melde sig til &#8211; men i de fleste tilf\u00e6lde kun p\u00e5 venteliste. <a href=\"https:\/\/vognmand-filtenborg.dk\/\"><img loading=\"lazy\" decoding=\"async\" class=\"alignright size-full wp-image-42300\" src=\"https:\/\/kunmedierne.dk\/mors\/wp-content\/uploads\/2021\/03\/te3.jpg\" alt=\"\" width=\"1400\" height=\"125\" srcset=\"https:\/\/kunmedierne.dk\/mors\/wp-content\/uploads\/2021\/03\/te3.jpg 1400w, https:\/\/kunmedierne.dk\/mors\/wp-content\/uploads\/2021\/03\/te3-300x27.jpg 300w, https:\/\/kunmedierne.dk\/mors\/wp-content\/uploads\/2021\/03\/te3-1024x91.jpg 1024w, https:\/\/kunmedierne.dk\/mors\/wp-content\/uploads\/2021\/03\/te3-768x69.jpg 768w, https:\/\/kunmedierne.dk\/mors\/wp-content\/uploads\/2021\/03\/te3-600x54.jpg 600w\" sizes=\"auto, (max-width: 1400px) 100vw, 1400px\" \/><\/a><\/p>\n<p>&#8220;Der er udsolgt p\u00e5 stort set alle arrangementer og med rigtig lang venteliste. Vi har f\u00e5 arrangementer, der ikke er udsolgt endnu, og det siger jo ogs\u00e5 noget om, at der har v\u00e6ret stor interesse omkring det. S\u00e5 vi kigger selvf\u00f8lgelig ogs\u00e5 p\u00e5, om det er noget, vi kan gentage senere,&#8221; siger Trine Bang med tilf\u00f8jelsen, at det blandt andet afh\u00e6nger af, om man kan s\u00f8ge midler hjem til det.<\/p>\n<p>&nbsp;<\/p>\n<p><strong>\u00d8verst p\u00e5 dansk dagsorden<\/strong><\/p>\n<p>Og s\u00e5 gl\u00e6der hun sig ellers til august, n\u00e5r Mors hen over fire dage i stedet for tre kommer til at danne ramme om et v\u00e6ld af kulturtilbud.<\/p>\n<p>&#8220;Selvf\u00f8lgelig bliver det et anderledes Kulturm\u00f8det, end vi kender det, for der kommer ikke 30.000 g\u00e6ster. Men vi g\u00f8r os umage med at lave et kunst- og oplevelsesprogram, der virkelig er sjovt og sp\u00e6ndende, og som har h\u00f8j kvalitet,&#8221; siger Trine Bang. <a href=\"https:\/\/www.sparnord.dk\/filialer\/nykoebing-mors\/\"><img loading=\"lazy\" decoding=\"async\" class=\"alignright size-full wp-image-42301\" src=\"https:\/\/kunmedierne.dk\/mors\/wp-content\/uploads\/2021\/03\/te4.jpg\" alt=\"\" width=\"1400\" height=\"123\" srcset=\"https:\/\/kunmedierne.dk\/mors\/wp-content\/uploads\/2021\/03\/te4.jpg 1400w, https:\/\/kunmedierne.dk\/mors\/wp-content\/uploads\/2021\/03\/te4-300x26.jpg 300w, https:\/\/kunmedierne.dk\/mors\/wp-content\/uploads\/2021\/03\/te4-1024x90.jpg 1024w, https:\/\/kunmedierne.dk\/mors\/wp-content\/uploads\/2021\/03\/te4-768x67.jpg 768w, https:\/\/kunmedierne.dk\/mors\/wp-content\/uploads\/2021\/03\/te4-600x53.jpg 600w\" sizes=\"auto, (max-width: 1400px) 100vw, 1400px\" \/><\/a><\/p>\n<p>&#8220;Vi g\u00f8r alt det her, fordi vi hele tiden arbejder totalt intensivt og m\u00e5lrettet p\u00e5 at holde Kulturm\u00f8det p\u00e5 Mors \u00f8verst p\u00e5 dagsordenen i hele Danmark, s\u00e5 vi bliver ved med at have et st\u00e6rkt kulturm\u00f8de lokalt,&#8221; siger hun.<\/p>\n<p>Kulturm\u00f8det 2021 best\u00e5r ogs\u00e5 af et tredje kapitel til efter\u00e5ret. Det bliver med netv\u00e6rksarrangementer, hvor man blandt andet har inviteret politikere og kulturpersoner til at dr\u00f8fte kulturelle dagsordener.<\/p>\n","protected":false},"excerpt":{"rendered":"<p>MORS: Et d\u00f8gn mere med kultur til morsingboerne. Det er, hvad Kulturm\u00f8det Mors pr\u00e6senterer til august, n\u00e5r \u00f8en igen bliver centrum for \u00e5rets store danske kulturbegivenhed. Programmet er for tiden ved at blive finpudset og best\u00e5r af omkring 40 kulturelle arrangementer, der bliver pr\u00e6senteret i l\u00f8bet af for\u00e5ret. Og hvor l\u00f8rdag normalt har v\u00e6ret hjemrejsedag [&hellip;]<\/p>\n","protected":false},"author":8,"featured_media":42327,"comment_status":"open","ping_status":"open","sticky":false,"template":"","format":"standard","meta":{"_acf_changed":false,"footnotes":""},"categories":[49],"tags":[162],"class_list":["post-42260","post","type-post","status-publish","format-standard","has-post-thumbnail","hentry","category-kultur","tag-kulturmoedet"],"acf":[],"yoast_head":"<!-- This site is optimized with the Yoast SEO plugin v26.8 - https:\/\/yoast.com\/product\/yoast-seo-wordpress\/ -->\n<title>Kulturm\u00f8det f\u00e5r en ekstra dag - Mors<\/title>\n<meta name=\"robots\" content=\"index, follow, max-snippet:-1, max-image-preview:large, max-video-preview:-1\" \/>\n<link rel=\"canonical\" href=\"https:\/\/kunmedierne.dk\/mors\/kulturmoedet-faar-en-ekstra-dag\/\" \/>\n<meta property=\"og:locale\" content=\"da_DK\" \/>\n<meta property=\"og:type\" content=\"article\" \/>\n<meta property=\"og:title\" content=\"Kulturm\u00f8det f\u00e5r en ekstra dag - Mors\" \/>\n<meta property=\"og:description\" content=\"MORS: Et d\u00f8gn mere med kultur til morsingboerne. Det er, hvad Kulturm\u00f8det Mors pr\u00e6senterer til august, n\u00e5r \u00f8en igen bliver centrum for \u00e5rets store danske kulturbegivenhed. Programmet er for tiden ved at blive finpudset og best\u00e5r af omkring 40 kulturelle arrangementer, der bliver pr\u00e6senteret i l\u00f8bet af for\u00e5ret. Og hvor l\u00f8rdag normalt har v\u00e6ret hjemrejsedag [&hellip;]\" \/>\n<meta property=\"og:url\" content=\"https:\/\/kunmedierne.dk\/mors\/kulturmoedet-faar-en-ekstra-dag\/\" \/>\n<meta property=\"og:site_name\" content=\"Mors\" \/>\n<meta property=\"article:published_time\" content=\"2021-03-28T11:03:50+00:00\" \/>\n<meta property=\"article:modified_time\" content=\"2024-08-12T11:37:41+00:00\" \/>\n<meta property=\"og:image\" content=\"https:\/\/kunmedierne.dk\/mors\/wp-content\/uploads\/2021\/03\/kulturm\u00f8det-per-bille.jpg\" \/>\n\t<meta property=\"og:image:width\" content=\"770\" \/>\n\t<meta property=\"og:image:height\" content=\"514\" \/>\n\t<meta property=\"og:image:type\" content=\"image\/jpeg\" \/>\n<meta name=\"author\" content=\"David H\u00f8jmark\" \/>\n<meta name=\"twitter:card\" content=\"summary_large_image\" \/>\n<meta name=\"twitter:label1\" content=\"Skrevet af\" \/>\n\t<meta name=\"twitter:data1\" content=\"David H\u00f8jmark\" \/>\n\t<meta name=\"twitter:label2\" content=\"Estimeret l\u00e6setid\" \/>\n\t<meta name=\"twitter:data2\" content=\"5 minutter\" \/>\n<script type=\"application\/ld+json\" class=\"yoast-schema-graph\">{\"@context\":\"https:\/\/schema.org\",\"@graph\":[{\"@type\":\"Article\",\"@id\":\"https:\/\/kunmedierne.dk\/mors\/kulturmoedet-faar-en-ekstra-dag\/#article\",\"isPartOf\":{\"@id\":\"https:\/\/kunmedierne.dk\/mors\/kulturmoedet-faar-en-ekstra-dag\/\"},\"author\":{\"name\":\"David H\u00f8jmark\",\"@id\":\"https:\/\/kunmedierne.dk\/mors\/#\/schema\/person\/5fe23251bf1d0abbcdc6f7896579d548\"},\"headline\":\"Kulturm\u00f8det f\u00e5r en ekstra dag\",\"datePublished\":\"2021-03-28T11:03:50+00:00\",\"dateModified\":\"2024-08-12T11:37:41+00:00\",\"mainEntityOfPage\":{\"@id\":\"https:\/\/kunmedierne.dk\/mors\/kulturmoedet-faar-en-ekstra-dag\/\"},\"wordCount\":1101,\"commentCount\":0,\"publisher\":{\"@id\":\"https:\/\/kunmedierne.dk\/mors\/#organization\"},\"image\":{\"@id\":\"https:\/\/kunmedierne.dk\/mors\/kulturmoedet-faar-en-ekstra-dag\/#primaryimage\"},\"thumbnailUrl\":\"https:\/\/kunmedierne.dk\/mors\/wp-content\/uploads\/2021\/03\/kulturm\u00f8det-per-bille.jpg\",\"keywords\":[\"Kulturm\u00f8det\"],\"articleSection\":[\"Kultur\"],\"inLanguage\":\"da-DK\",\"potentialAction\":[{\"@type\":\"CommentAction\",\"name\":\"Comment\",\"target\":[\"https:\/\/kunmedierne.dk\/mors\/kulturmoedet-faar-en-ekstra-dag\/#respond\"]}]},{\"@type\":\"WebPage\",\"@id\":\"https:\/\/kunmedierne.dk\/mors\/kulturmoedet-faar-en-ekstra-dag\/\",\"url\":\"https:\/\/kunmedierne.dk\/mors\/kulturmoedet-faar-en-ekstra-dag\/\",\"name\":\"Kulturm\u00f8det f\u00e5r en ekstra dag - Mors\",\"isPartOf\":{\"@id\":\"https:\/\/kunmedierne.dk\/mors\/#website\"},\"primaryImageOfPage\":{\"@id\":\"https:\/\/kunmedierne.dk\/mors\/kulturmoedet-faar-en-ekstra-dag\/#primaryimage\"},\"image\":{\"@id\":\"https:\/\/kunmedierne.dk\/mors\/kulturmoedet-faar-en-ekstra-dag\/#primaryimage\"},\"thumbnailUrl\":\"https:\/\/kunmedierne.dk\/mors\/wp-content\/uploads\/2021\/03\/kulturm\u00f8det-per-bille.jpg\",\"datePublished\":\"2021-03-28T11:03:50+00:00\",\"dateModified\":\"2024-08-12T11:37:41+00:00\",\"breadcrumb\":{\"@id\":\"https:\/\/kunmedierne.dk\/mors\/kulturmoedet-faar-en-ekstra-dag\/#breadcrumb\"},\"inLanguage\":\"da-DK\",\"potentialAction\":[{\"@type\":\"ReadAction\",\"target\":[\"https:\/\/kunmedierne.dk\/mors\/kulturmoedet-faar-en-ekstra-dag\/\"]}]},{\"@type\":\"ImageObject\",\"inLanguage\":\"da-DK\",\"@id\":\"https:\/\/kunmedierne.dk\/mors\/kulturmoedet-faar-en-ekstra-dag\/#primaryimage\",\"url\":\"https:\/\/kunmedierne.dk\/mors\/wp-content\/uploads\/2021\/03\/kulturm\u00f8det-per-bille.jpg\",\"contentUrl\":\"https:\/\/kunmedierne.dk\/mors\/wp-content\/uploads\/2021\/03\/kulturm\u00f8det-per-bille.jpg\",\"width\":770,\"height\":514,\"caption\":\"Fra Kulturm\u00f8det 2019. Foto: Per Bille\"},{\"@type\":\"BreadcrumbList\",\"@id\":\"https:\/\/kunmedierne.dk\/mors\/kulturmoedet-faar-en-ekstra-dag\/#breadcrumb\",\"itemListElement\":[{\"@type\":\"ListItem\",\"position\":1,\"name\":\"Hjem\",\"item\":\"https:\/\/kunmedierne.dk\/mors\/\"},{\"@type\":\"ListItem\",\"position\":2,\"name\":\"Kulturm\u00f8det f\u00e5r en ekstra dag\"}]},{\"@type\":\"WebSite\",\"@id\":\"https:\/\/kunmedierne.dk\/mors\/#website\",\"url\":\"https:\/\/kunmedierne.dk\/mors\/\",\"name\":\"Mors\",\"description\":\"et netmedie med journalistik om livet p\u00e5 Mors\",\"publisher\":{\"@id\":\"https:\/\/kunmedierne.dk\/mors\/#organization\"},\"potentialAction\":[{\"@type\":\"SearchAction\",\"target\":{\"@type\":\"EntryPoint\",\"urlTemplate\":\"https:\/\/kunmedierne.dk\/mors\/?s={search_term_string}\"},\"query-input\":{\"@type\":\"PropertyValueSpecification\",\"valueRequired\":true,\"valueName\":\"search_term_string\"}}],\"inLanguage\":\"da-DK\"},{\"@type\":\"Organization\",\"@id\":\"https:\/\/kunmedierne.dk\/mors\/#organization\",\"name\":\"Mors\",\"url\":\"https:\/\/kunmedierne.dk\/mors\/\",\"logo\":{\"@type\":\"ImageObject\",\"inLanguage\":\"da-DK\",\"@id\":\"https:\/\/kunmedierne.dk\/mors\/#\/schema\/logo\/image\/\",\"url\":\"https:\/\/kunmedierne.dk\/mors\/wp-content\/uploads\/2024\/08\/kunmors-logo.svg\",\"contentUrl\":\"https:\/\/kunmedierne.dk\/mors\/wp-content\/uploads\/2024\/08\/kunmors-logo.svg\",\"caption\":\"Mors\"},\"image\":{\"@id\":\"https:\/\/kunmedierne.dk\/mors\/#\/schema\/logo\/image\/\"}},{\"@type\":\"Person\",\"@id\":\"https:\/\/kunmedierne.dk\/mors\/#\/schema\/person\/5fe23251bf1d0abbcdc6f7896579d548\",\"name\":\"David H\u00f8jmark\",\"image\":{\"@type\":\"ImageObject\",\"inLanguage\":\"da-DK\",\"@id\":\"https:\/\/kunmedierne.dk\/mors\/#\/schema\/person\/image\/\",\"url\":\"https:\/\/secure.gravatar.com\/avatar\/4315d6fb9ef244d729989f5f90268eb08d5bf8a3d84402f595fa194bb35784fd?s=96&d=mm&r=g\",\"contentUrl\":\"https:\/\/secure.gravatar.com\/avatar\/4315d6fb9ef244d729989f5f90268eb08d5bf8a3d84402f595fa194bb35784fd?s=96&d=mm&r=g\",\"caption\":\"David H\u00f8jmark\"},\"sameAs\":[\"https:\/\/www.kunmedierne.dk\"],\"url\":\"https:\/\/kunmedierne.dk\/mors\/author\/david\/\"}]}<\/script>\n<!-- \/ Yoast SEO plugin. -->","yoast_head_json":{"title":"Kulturm\u00f8det f\u00e5r en ekstra dag - Mors","robots":{"index":"index","follow":"follow","max-snippet":"max-snippet:-1","max-image-preview":"max-image-preview:large","max-video-preview":"max-video-preview:-1"},"canonical":"https:\/\/kunmedierne.dk\/mors\/kulturmoedet-faar-en-ekstra-dag\/","og_locale":"da_DK","og_type":"article","og_title":"Kulturm\u00f8det f\u00e5r en ekstra dag - Mors","og_description":"MORS: Et d\u00f8gn mere med kultur til morsingboerne. Det er, hvad Kulturm\u00f8det Mors pr\u00e6senterer til august, n\u00e5r \u00f8en igen bliver centrum for \u00e5rets store danske kulturbegivenhed. Programmet er for tiden ved at blive finpudset og best\u00e5r af omkring 40 kulturelle arrangementer, der bliver pr\u00e6senteret i l\u00f8bet af for\u00e5ret. Og hvor l\u00f8rdag normalt har v\u00e6ret hjemrejsedag [&hellip;]","og_url":"https:\/\/kunmedierne.dk\/mors\/kulturmoedet-faar-en-ekstra-dag\/","og_site_name":"Mors","article_published_time":"2021-03-28T11:03:50+00:00","article_modified_time":"2024-08-12T11:37:41+00:00","og_image":[{"width":770,"height":514,"url":"https:\/\/kunmedierne.dk\/mors\/wp-content\/uploads\/2021\/03\/kulturm\u00f8det-per-bille.jpg","type":"image\/jpeg"}],"author":"David H\u00f8jmark","twitter_card":"summary_large_image","twitter_misc":{"Skrevet af":"David H\u00f8jmark","Estimeret l\u00e6setid":"5 minutter"},"schema":{"@context":"https:\/\/schema.org","@graph":[{"@type":"Article","@id":"https:\/\/kunmedierne.dk\/mors\/kulturmoedet-faar-en-ekstra-dag\/#article","isPartOf":{"@id":"https:\/\/kunmedierne.dk\/mors\/kulturmoedet-faar-en-ekstra-dag\/"},"author":{"name":"David H\u00f8jmark","@id":"https:\/\/kunmedierne.dk\/mors\/#\/schema\/person\/5fe23251bf1d0abbcdc6f7896579d548"},"headline":"Kulturm\u00f8det f\u00e5r en ekstra dag","datePublished":"2021-03-28T11:03:50+00:00","dateModified":"2024-08-12T11:37:41+00:00","mainEntityOfPage":{"@id":"https:\/\/kunmedierne.dk\/mors\/kulturmoedet-faar-en-ekstra-dag\/"},"wordCount":1101,"commentCount":0,"publisher":{"@id":"https:\/\/kunmedierne.dk\/mors\/#organization"},"image":{"@id":"https:\/\/kunmedierne.dk\/mors\/kulturmoedet-faar-en-ekstra-dag\/#primaryimage"},"thumbnailUrl":"https:\/\/kunmedierne.dk\/mors\/wp-content\/uploads\/2021\/03\/kulturm\u00f8det-per-bille.jpg","keywords":["Kulturm\u00f8det"],"articleSection":["Kultur"],"inLanguage":"da-DK","potentialAction":[{"@type":"CommentAction","name":"Comment","target":["https:\/\/kunmedierne.dk\/mors\/kulturmoedet-faar-en-ekstra-dag\/#respond"]}]},{"@type":"WebPage","@id":"https:\/\/kunmedierne.dk\/mors\/kulturmoedet-faar-en-ekstra-dag\/","url":"https:\/\/kunmedierne.dk\/mors\/kulturmoedet-faar-en-ekstra-dag\/","name":"Kulturm\u00f8det f\u00e5r en ekstra dag - Mors","isPartOf":{"@id":"https:\/\/kunmedierne.dk\/mors\/#website"},"primaryImageOfPage":{"@id":"https:\/\/kunmedierne.dk\/mors\/kulturmoedet-faar-en-ekstra-dag\/#primaryimage"},"image":{"@id":"https:\/\/kunmedierne.dk\/mors\/kulturmoedet-faar-en-ekstra-dag\/#primaryimage"},"thumbnailUrl":"https:\/\/kunmedierne.dk\/mors\/wp-content\/uploads\/2021\/03\/kulturm\u00f8det-per-bille.jpg","datePublished":"2021-03-28T11:03:50+00:00","dateModified":"2024-08-12T11:37:41+00:00","breadcrumb":{"@id":"https:\/\/kunmedierne.dk\/mors\/kulturmoedet-faar-en-ekstra-dag\/#breadcrumb"},"inLanguage":"da-DK","potentialAction":[{"@type":"ReadAction","target":["https:\/\/kunmedierne.dk\/mors\/kulturmoedet-faar-en-ekstra-dag\/"]}]},{"@type":"ImageObject","inLanguage":"da-DK","@id":"https:\/\/kunmedierne.dk\/mors\/kulturmoedet-faar-en-ekstra-dag\/#primaryimage","url":"https:\/\/kunmedierne.dk\/mors\/wp-content\/uploads\/2021\/03\/kulturm\u00f8det-per-bille.jpg","contentUrl":"https:\/\/kunmedierne.dk\/mors\/wp-content\/uploads\/2021\/03\/kulturm\u00f8det-per-bille.jpg","width":770,"height":514,"caption":"Fra Kulturm\u00f8det 2019. Foto: Per Bille"},{"@type":"BreadcrumbList","@id":"https:\/\/kunmedierne.dk\/mors\/kulturmoedet-faar-en-ekstra-dag\/#breadcrumb","itemListElement":[{"@type":"ListItem","position":1,"name":"Hjem","item":"https:\/\/kunmedierne.dk\/mors\/"},{"@type":"ListItem","position":2,"name":"Kulturm\u00f8det f\u00e5r en ekstra dag"}]},{"@type":"WebSite","@id":"https:\/\/kunmedierne.dk\/mors\/#website","url":"https:\/\/kunmedierne.dk\/mors\/","name":"Mors","description":"et netmedie med journalistik om livet p\u00e5 Mors","publisher":{"@id":"https:\/\/kunmedierne.dk\/mors\/#organization"},"potentialAction":[{"@type":"SearchAction","target":{"@type":"EntryPoint","urlTemplate":"https:\/\/kunmedierne.dk\/mors\/?s={search_term_string}"},"query-input":{"@type":"PropertyValueSpecification","valueRequired":true,"valueName":"search_term_string"}}],"inLanguage":"da-DK"},{"@type":"Organization","@id":"https:\/\/kunmedierne.dk\/mors\/#organization","name":"Mors","url":"https:\/\/kunmedierne.dk\/mors\/","logo":{"@type":"ImageObject","inLanguage":"da-DK","@id":"https:\/\/kunmedierne.dk\/mors\/#\/schema\/logo\/image\/","url":"https:\/\/kunmedierne.dk\/mors\/wp-content\/uploads\/2024\/08\/kunmors-logo.svg","contentUrl":"https:\/\/kunmedierne.dk\/mors\/wp-content\/uploads\/2024\/08\/kunmors-logo.svg","caption":"Mors"},"image":{"@id":"https:\/\/kunmedierne.dk\/mors\/#\/schema\/logo\/image\/"}},{"@type":"Person","@id":"https:\/\/kunmedierne.dk\/mors\/#\/schema\/person\/5fe23251bf1d0abbcdc6f7896579d548","name":"David H\u00f8jmark","image":{"@type":"ImageObject","inLanguage":"da-DK","@id":"https:\/\/kunmedierne.dk\/mors\/#\/schema\/person\/image\/","url":"https:\/\/secure.gravatar.com\/avatar\/4315d6fb9ef244d729989f5f90268eb08d5bf8a3d84402f595fa194bb35784fd?s=96&d=mm&r=g","contentUrl":"https:\/\/secure.gravatar.com\/avatar\/4315d6fb9ef244d729989f5f90268eb08d5bf8a3d84402f595fa194bb35784fd?s=96&d=mm&r=g","caption":"David H\u00f8jmark"},"sameAs":["https:\/\/www.kunmedierne.dk"],"url":"https:\/\/kunmedierne.dk\/mors\/author\/david\/"}]}},"_links":{"self":[{"href":"https:\/\/kunmedierne.dk\/mors\/wp-json\/wp\/v2\/posts\/42260","targetHints":{"allow":["GET"]}}],"collection":[{"href":"https:\/\/kunmedierne.dk\/mors\/wp-json\/wp\/v2\/posts"}],"about":[{"href":"https:\/\/kunmedierne.dk\/mors\/wp-json\/wp\/v2\/types\/post"}],"author":[{"embeddable":true,"href":"https:\/\/kunmedierne.dk\/mors\/wp-json\/wp\/v2\/users\/8"}],"replies":[{"embeddable":true,"href":"https:\/\/kunmedierne.dk\/mors\/wp-json\/wp\/v2\/comments?post=42260"}],"version-history":[{"count":4,"href":"https:\/\/kunmedierne.dk\/mors\/wp-json\/wp\/v2\/posts\/42260\/revisions"}],"predecessor-version":[{"id":42328,"href":"https:\/\/kunmedierne.dk\/mors\/wp-json\/wp\/v2\/posts\/42260\/revisions\/42328"}],"wp:featuredmedia":[{"embeddable":true,"href":"https:\/\/kunmedierne.dk\/mors\/wp-json\/wp\/v2\/media\/42327"}],"wp:attachment":[{"href":"https:\/\/kunmedierne.dk\/mors\/wp-json\/wp\/v2\/media?parent=42260"}],"wp:term":[{"taxonomy":"category","embeddable":true,"href":"https:\/\/kunmedierne.dk\/mors\/wp-json\/wp\/v2\/categories?post=42260"},{"taxonomy":"post_tag","embeddable":true,"href":"https:\/\/kunmedierne.dk\/mors\/wp-json\/wp\/v2\/tags?post=42260"}],"curies":[{"name":"wp","href":"https:\/\/api.w.org\/{rel}","templated":true}]}}