{"id":42198,"date":"2021-03-26T06:11:57","date_gmt":"2021-03-26T05:11:57","guid":{"rendered":"https:\/\/kunmedierne.dk\/mors\/?p=42198"},"modified":"2024-08-12T13:37:41","modified_gmt":"2024-08-12T11:37:41","slug":"taenk-ud-af-posen-torsten-schack-pedersen","status":"publish","type":"post","link":"https:\/\/kunmedierne.dk\/mors\/taenk-ud-af-posen-torsten-schack-pedersen\/","title":{"rendered":"&#8211; T\u00e6nk ud af posen, Torsten Schack Pedersen!"},"content":{"rendered":"<p><em>Bo Fink, kandidat for Radikale Venstre ved kommunal- og regionsr\u00e5dsvalget til november, har sendt dette debatindl\u00e6g til KunMors:<\/em><\/p>\n<hr \/>\n<p><strong>MORS<\/strong>: Torsten Schack Pedersen, MF, Venstre <a href=\"https:\/\/kunmedierne.dk\/mors\/torsten-schack-radikale-veje-er-som-udgangspunkt-uransagelige\/\" target=\"_blank\" rel=\"noopener noreferrer\">vil ikke have en motortrafikvej<\/a> mellem Thisted og Aalborg. Jeg har forst\u00e5et, at Venstres trafikordf\u00f8rer Kristian Pihl Lorensen har samme holdning. N\u00e5r sagen bliver bragt op i folketingets forhandlinger i l\u00f8bet af for\u00e5ret \u2013 og det bliver den &#8211; , m\u00e5 jeg forst\u00e5 det s\u00e5ledes, at Venstre stemmer imod.<\/p>\n<p>Det h\u00e5ber jeg bliver bem\u00e6rket i Thy og p\u00e5 Mors. Personligt har jeg aldrig forst\u00e5et denne indskr\u00e6nkede holdning. Skal vi absolut age med stude nord for Limfjorden? Er det virkelig Venstres indstilling? <img loading=\"lazy\" decoding=\"async\" class=\"alignright size-full wp-image-39492\" src=\"https:\/\/kunmedierne.dk\/mors\/wp-content\/uploads\/2021\/02\/ho8-1.jpg\" alt=\"\" width=\"1400\" height=\"125\" srcset=\"https:\/\/kunmedierne.dk\/mors\/wp-content\/uploads\/2021\/02\/ho8-1.jpg 1400w, https:\/\/kunmedierne.dk\/mors\/wp-content\/uploads\/2021\/02\/ho8-1-300x27.jpg 300w, https:\/\/kunmedierne.dk\/mors\/wp-content\/uploads\/2021\/02\/ho8-1-1024x91.jpg 1024w, https:\/\/kunmedierne.dk\/mors\/wp-content\/uploads\/2021\/02\/ho8-1-768x69.jpg 768w, https:\/\/kunmedierne.dk\/mors\/wp-content\/uploads\/2021\/02\/ho8-1-600x54.jpg 600w\" sizes=\"auto, (max-width: 1400px) 100vw, 1400px\" \/><\/p>\n<p>I min optik giver det simpelthen ikke mening. Hvordan kan en motortrafikvej Thisted-Aalborg og en udbygning af A26 og rute 55 v\u00e6re hinandens mods\u00e6tninger? Det er nogle gange m\u00e6rkeligt hvad der foreg\u00e5r i venstrehjerner.<\/p>\n<p>For mig er det et B\u00e5de-Og. Ikke et Enten-Eller.<\/p>\n<p>Vi har ingen motorveje i Thy og er derfor afh\u00e6ngige af gode forbindelser til motorvejstilslutninger mange steder, men ikke kun i Herning. Bor du i Sydthy, er Herning slet ikke interessant, s\u00e5 skal du over Holstebro. Bor du i Thisted og skal til K\u00f8benhavn, skal du over Herning, men skal du til Aarhus, foresl\u00e5r google, at du k\u00f8rer over Haverslev. Skal du nordp\u00e5 til de store markeder i Norge og Sverige, skal du altid bruge motorvejstilslutningen i Aalborg.<\/p>\n<p>Men det slutter ikke her. Vi har ogs\u00e5 brug for gode og ikke mindst hurtige forbindelser til det overordnede sygehus i Aalborg. Desuden ligger den n\u00e6rmeste internationale lufthavn i Aalborg. <img loading=\"lazy\" decoding=\"async\" class=\"alignright size-full wp-image-40731\" src=\"https:\/\/kunmedierne.dk\/mors\/wp-content\/uploads\/2021\/02\/ho9.jpg\" alt=\"\" width=\"1400\" height=\"125\" srcset=\"https:\/\/kunmedierne.dk\/mors\/wp-content\/uploads\/2021\/02\/ho9.jpg 1400w, https:\/\/kunmedierne.dk\/mors\/wp-content\/uploads\/2021\/02\/ho9-300x27.jpg 300w, https:\/\/kunmedierne.dk\/mors\/wp-content\/uploads\/2021\/02\/ho9-1024x91.jpg 1024w, https:\/\/kunmedierne.dk\/mors\/wp-content\/uploads\/2021\/02\/ho9-768x69.jpg 768w, https:\/\/kunmedierne.dk\/mors\/wp-content\/uploads\/2021\/02\/ho9-600x54.jpg 600w\" sizes=\"auto, (max-width: 1400px) 100vw, 1400px\" \/><\/p>\n<p>Men heller ikke her slutter det. B\u00e5de offentlige virksomheder og det private erhvervsliv i Thy og p\u00e5 Mors beklager sig over at manglen p\u00e5 h\u00f8jt uddannet arbejdskraft, og at det udg\u00f8r alvorlige barrierer for virksomhedernes udvikling. Der ligger et stort og udbygget arbejdsmarked for h\u00f8jt uddannet arbejdskraft i Aalborg. Det er pt. lige uden for vores d\u00f8rtrin. Hvis vi med en motortrafikvej kan skubbe v\u00e6ggen bare lidt, bliver Thy og Mors en integreret del af et storbyarbejdsmarked. Men vi skal r\u00e6kke ud efter det.<\/p>\n<p>G\u00f8r vi intet, sker der intet.<\/p>\n<hr \/>\n<p><em>Har du et bidrag til den lokale debat? Send det til os p\u00e5 e-mail: debat@kunmedierne.dk\/mors. Husk at l\u00e6se korrektur inden afsendelse p\u00e5 indl\u00e6gget.<\/em><\/p>\n","protected":false},"excerpt":{"rendered":"<p>Bo Fink, kandidat for Radikale Venstre ved kommunal- og regionsr\u00e5dsvalget til november, har sendt dette debatindl\u00e6g til KunMors: MORS: Torsten Schack Pedersen, MF, Venstre vil ikke have en motortrafikvej mellem Thisted og Aalborg. Jeg har forst\u00e5et, at Venstres trafikordf\u00f8rer Kristian Pihl Lorensen har samme holdning. N\u00e5r sagen bliver bragt op i folketingets forhandlinger i l\u00f8bet [&hellip;]<\/p>\n","protected":false},"author":11,"featured_media":42155,"comment_status":"open","ping_status":"open","sticky":false,"template":"","format":"standard","meta":{"_acf_changed":false,"footnotes":""},"categories":[56],"tags":[167],"class_list":["post-42198","post","type-post","status-publish","format-standard","has-post-thumbnail","hentry","category-debat","tag-politik"],"acf":[],"yoast_head":"<!-- This site is optimized with the Yoast SEO plugin v26.8 - https:\/\/yoast.com\/product\/yoast-seo-wordpress\/ -->\n<title>- T\u00e6nk ud af posen, Torsten Schack Pedersen! - Mors<\/title>\n<meta name=\"robots\" content=\"index, follow, max-snippet:-1, max-image-preview:large, max-video-preview:-1\" \/>\n<link rel=\"canonical\" href=\"https:\/\/kunmedierne.dk\/mors\/taenk-ud-af-posen-torsten-schack-pedersen\/\" \/>\n<meta property=\"og:locale\" content=\"da_DK\" \/>\n<meta property=\"og:type\" content=\"article\" \/>\n<meta property=\"og:title\" content=\"- T\u00e6nk ud af posen, Torsten Schack Pedersen! - Mors\" \/>\n<meta property=\"og:description\" content=\"Bo Fink, kandidat for Radikale Venstre ved kommunal- og regionsr\u00e5dsvalget til november, har sendt dette debatindl\u00e6g til KunMors: MORS: Torsten Schack Pedersen, MF, Venstre vil ikke have en motortrafikvej mellem Thisted og Aalborg. Jeg har forst\u00e5et, at Venstres trafikordf\u00f8rer Kristian Pihl Lorensen har samme holdning. N\u00e5r sagen bliver bragt op i folketingets forhandlinger i l\u00f8bet [&hellip;]\" \/>\n<meta property=\"og:url\" content=\"https:\/\/kunmedierne.dk\/mors\/taenk-ud-af-posen-torsten-schack-pedersen\/\" \/>\n<meta property=\"og:site_name\" content=\"Mors\" \/>\n<meta property=\"article:published_time\" content=\"2021-03-26T05:11:57+00:00\" \/>\n<meta property=\"article:modified_time\" content=\"2024-08-12T11:37:41+00:00\" \/>\n<meta property=\"og:image\" content=\"https:\/\/kunmedierne.dk\/mors\/wp-content\/uploads\/2021\/03\/bo-fink-superlandevej.jpg\" \/>\n\t<meta property=\"og:image:width\" content=\"770\" \/>\n\t<meta property=\"og:image:height\" content=\"513\" \/>\n\t<meta property=\"og:image:type\" content=\"image\/jpeg\" \/>\n<meta name=\"author\" content=\"Debat\" \/>\n<meta name=\"twitter:card\" content=\"summary_large_image\" \/>\n<meta name=\"twitter:label1\" content=\"Skrevet af\" \/>\n\t<meta name=\"twitter:data1\" content=\"Debat\" \/>\n\t<meta name=\"twitter:label2\" content=\"Estimeret l\u00e6setid\" \/>\n\t<meta name=\"twitter:data2\" content=\"2 minutter\" \/>\n<script type=\"application\/ld+json\" class=\"yoast-schema-graph\">{\"@context\":\"https:\/\/schema.org\",\"@graph\":[{\"@type\":\"Article\",\"@id\":\"https:\/\/kunmedierne.dk\/mors\/taenk-ud-af-posen-torsten-schack-pedersen\/#article\",\"isPartOf\":{\"@id\":\"https:\/\/kunmedierne.dk\/mors\/taenk-ud-af-posen-torsten-schack-pedersen\/\"},\"author\":{\"name\":\"Debat\",\"@id\":\"https:\/\/kunmedierne.dk\/mors\/#\/schema\/person\/84c1391bce0b43b9bb3a49736bc0ad78\"},\"headline\":\"&#8211; T\u00e6nk ud af posen, Torsten Schack Pedersen!\",\"datePublished\":\"2021-03-26T05:11:57+00:00\",\"dateModified\":\"2024-08-12T11:37:41+00:00\",\"mainEntityOfPage\":{\"@id\":\"https:\/\/kunmedierne.dk\/mors\/taenk-ud-af-posen-torsten-schack-pedersen\/\"},\"wordCount\":409,\"commentCount\":0,\"publisher\":{\"@id\":\"https:\/\/kunmedierne.dk\/mors\/#organization\"},\"image\":{\"@id\":\"https:\/\/kunmedierne.dk\/mors\/taenk-ud-af-posen-torsten-schack-pedersen\/#primaryimage\"},\"thumbnailUrl\":\"https:\/\/kunmedierne.dk\/mors\/wp-content\/uploads\/2021\/03\/bo-fink-superlandevej.jpg\",\"keywords\":[\"Politik\"],\"articleSection\":[\"Debat\"],\"inLanguage\":\"da-DK\",\"potentialAction\":[{\"@type\":\"CommentAction\",\"name\":\"Comment\",\"target\":[\"https:\/\/kunmedierne.dk\/mors\/taenk-ud-af-posen-torsten-schack-pedersen\/#respond\"]}]},{\"@type\":\"WebPage\",\"@id\":\"https:\/\/kunmedierne.dk\/mors\/taenk-ud-af-posen-torsten-schack-pedersen\/\",\"url\":\"https:\/\/kunmedierne.dk\/mors\/taenk-ud-af-posen-torsten-schack-pedersen\/\",\"name\":\"- T\u00e6nk ud af posen, Torsten Schack Pedersen! - Mors\",\"isPartOf\":{\"@id\":\"https:\/\/kunmedierne.dk\/mors\/#website\"},\"primaryImageOfPage\":{\"@id\":\"https:\/\/kunmedierne.dk\/mors\/taenk-ud-af-posen-torsten-schack-pedersen\/#primaryimage\"},\"image\":{\"@id\":\"https:\/\/kunmedierne.dk\/mors\/taenk-ud-af-posen-torsten-schack-pedersen\/#primaryimage\"},\"thumbnailUrl\":\"https:\/\/kunmedierne.dk\/mors\/wp-content\/uploads\/2021\/03\/bo-fink-superlandevej.jpg\",\"datePublished\":\"2021-03-26T05:11:57+00:00\",\"dateModified\":\"2024-08-12T11:37:41+00:00\",\"breadcrumb\":{\"@id\":\"https:\/\/kunmedierne.dk\/mors\/taenk-ud-af-posen-torsten-schack-pedersen\/#breadcrumb\"},\"inLanguage\":\"da-DK\",\"potentialAction\":[{\"@type\":\"ReadAction\",\"target\":[\"https:\/\/kunmedierne.dk\/mors\/taenk-ud-af-posen-torsten-schack-pedersen\/\"]}]},{\"@type\":\"ImageObject\",\"inLanguage\":\"da-DK\",\"@id\":\"https:\/\/kunmedierne.dk\/mors\/taenk-ud-af-posen-torsten-schack-pedersen\/#primaryimage\",\"url\":\"https:\/\/kunmedierne.dk\/mors\/wp-content\/uploads\/2021\/03\/bo-fink-superlandevej.jpg\",\"contentUrl\":\"https:\/\/kunmedierne.dk\/mors\/wp-content\/uploads\/2021\/03\/bo-fink-superlandevej.jpg\",\"width\":770,\"height\":513,\"caption\":\"Bo Fink \u00f8nsker opgradering af landevej mellem Thisted og Aalborg.\"},{\"@type\":\"BreadcrumbList\",\"@id\":\"https:\/\/kunmedierne.dk\/mors\/taenk-ud-af-posen-torsten-schack-pedersen\/#breadcrumb\",\"itemListElement\":[{\"@type\":\"ListItem\",\"position\":1,\"name\":\"Hjem\",\"item\":\"https:\/\/kunmedierne.dk\/mors\/\"},{\"@type\":\"ListItem\",\"position\":2,\"name\":\"&#8211; T\u00e6nk ud af posen, Torsten Schack Pedersen!\"}]},{\"@type\":\"WebSite\",\"@id\":\"https:\/\/kunmedierne.dk\/mors\/#website\",\"url\":\"https:\/\/kunmedierne.dk\/mors\/\",\"name\":\"Mors\",\"description\":\"et netmedie med journalistik om livet p\u00e5 Mors\",\"publisher\":{\"@id\":\"https:\/\/kunmedierne.dk\/mors\/#organization\"},\"potentialAction\":[{\"@type\":\"SearchAction\",\"target\":{\"@type\":\"EntryPoint\",\"urlTemplate\":\"https:\/\/kunmedierne.dk\/mors\/?s={search_term_string}\"},\"query-input\":{\"@type\":\"PropertyValueSpecification\",\"valueRequired\":true,\"valueName\":\"search_term_string\"}}],\"inLanguage\":\"da-DK\"},{\"@type\":\"Organization\",\"@id\":\"https:\/\/kunmedierne.dk\/mors\/#organization\",\"name\":\"Mors\",\"url\":\"https:\/\/kunmedierne.dk\/mors\/\",\"logo\":{\"@type\":\"ImageObject\",\"inLanguage\":\"da-DK\",\"@id\":\"https:\/\/kunmedierne.dk\/mors\/#\/schema\/logo\/image\/\",\"url\":\"https:\/\/kunmedierne.dk\/mors\/wp-content\/uploads\/2024\/08\/kunmors-logo.svg\",\"contentUrl\":\"https:\/\/kunmedierne.dk\/mors\/wp-content\/uploads\/2024\/08\/kunmors-logo.svg\",\"caption\":\"Mors\"},\"image\":{\"@id\":\"https:\/\/kunmedierne.dk\/mors\/#\/schema\/logo\/image\/\"}},{\"@type\":\"Person\",\"@id\":\"https:\/\/kunmedierne.dk\/mors\/#\/schema\/person\/84c1391bce0b43b9bb3a49736bc0ad78\",\"name\":\"Debat\",\"image\":{\"@type\":\"ImageObject\",\"inLanguage\":\"da-DK\",\"@id\":\"https:\/\/kunmedierne.dk\/mors\/#\/schema\/person\/image\/\",\"url\":\"https:\/\/secure.gravatar.com\/avatar\/b0fb2e221d618f7c65162ab0d49c7e8a0b580c871ca03af90e42b47b4150654c?s=96&d=mm&r=g\",\"contentUrl\":\"https:\/\/secure.gravatar.com\/avatar\/b0fb2e221d618f7c65162ab0d49c7e8a0b580c871ca03af90e42b47b4150654c?s=96&d=mm&r=g\",\"caption\":\"Debat\"},\"url\":\"https:\/\/kunmedierne.dk\/mors\/author\/debat\/\"}]}<\/script>\n<!-- \/ Yoast SEO plugin. -->","yoast_head_json":{"title":"- T\u00e6nk ud af posen, Torsten Schack Pedersen! - Mors","robots":{"index":"index","follow":"follow","max-snippet":"max-snippet:-1","max-image-preview":"max-image-preview:large","max-video-preview":"max-video-preview:-1"},"canonical":"https:\/\/kunmedierne.dk\/mors\/taenk-ud-af-posen-torsten-schack-pedersen\/","og_locale":"da_DK","og_type":"article","og_title":"- T\u00e6nk ud af posen, Torsten Schack Pedersen! - Mors","og_description":"Bo Fink, kandidat for Radikale Venstre ved kommunal- og regionsr\u00e5dsvalget til november, har sendt dette debatindl\u00e6g til KunMors: MORS: Torsten Schack Pedersen, MF, Venstre vil ikke have en motortrafikvej mellem Thisted og Aalborg. Jeg har forst\u00e5et, at Venstres trafikordf\u00f8rer Kristian Pihl Lorensen har samme holdning. N\u00e5r sagen bliver bragt op i folketingets forhandlinger i l\u00f8bet [&hellip;]","og_url":"https:\/\/kunmedierne.dk\/mors\/taenk-ud-af-posen-torsten-schack-pedersen\/","og_site_name":"Mors","article_published_time":"2021-03-26T05:11:57+00:00","article_modified_time":"2024-08-12T11:37:41+00:00","og_image":[{"width":770,"height":513,"url":"https:\/\/kunmedierne.dk\/mors\/wp-content\/uploads\/2021\/03\/bo-fink-superlandevej.jpg","type":"image\/jpeg"}],"author":"Debat","twitter_card":"summary_large_image","twitter_misc":{"Skrevet af":"Debat","Estimeret l\u00e6setid":"2 minutter"},"schema":{"@context":"https:\/\/schema.org","@graph":[{"@type":"Article","@id":"https:\/\/kunmedierne.dk\/mors\/taenk-ud-af-posen-torsten-schack-pedersen\/#article","isPartOf":{"@id":"https:\/\/kunmedierne.dk\/mors\/taenk-ud-af-posen-torsten-schack-pedersen\/"},"author":{"name":"Debat","@id":"https:\/\/kunmedierne.dk\/mors\/#\/schema\/person\/84c1391bce0b43b9bb3a49736bc0ad78"},"headline":"&#8211; T\u00e6nk ud af posen, Torsten Schack Pedersen!","datePublished":"2021-03-26T05:11:57+00:00","dateModified":"2024-08-12T11:37:41+00:00","mainEntityOfPage":{"@id":"https:\/\/kunmedierne.dk\/mors\/taenk-ud-af-posen-torsten-schack-pedersen\/"},"wordCount":409,"commentCount":0,"publisher":{"@id":"https:\/\/kunmedierne.dk\/mors\/#organization"},"image":{"@id":"https:\/\/kunmedierne.dk\/mors\/taenk-ud-af-posen-torsten-schack-pedersen\/#primaryimage"},"thumbnailUrl":"https:\/\/kunmedierne.dk\/mors\/wp-content\/uploads\/2021\/03\/bo-fink-superlandevej.jpg","keywords":["Politik"],"articleSection":["Debat"],"inLanguage":"da-DK","potentialAction":[{"@type":"CommentAction","name":"Comment","target":["https:\/\/kunmedierne.dk\/mors\/taenk-ud-af-posen-torsten-schack-pedersen\/#respond"]}]},{"@type":"WebPage","@id":"https:\/\/kunmedierne.dk\/mors\/taenk-ud-af-posen-torsten-schack-pedersen\/","url":"https:\/\/kunmedierne.dk\/mors\/taenk-ud-af-posen-torsten-schack-pedersen\/","name":"- T\u00e6nk ud af posen, Torsten Schack Pedersen! - Mors","isPartOf":{"@id":"https:\/\/kunmedierne.dk\/mors\/#website"},"primaryImageOfPage":{"@id":"https:\/\/kunmedierne.dk\/mors\/taenk-ud-af-posen-torsten-schack-pedersen\/#primaryimage"},"image":{"@id":"https:\/\/kunmedierne.dk\/mors\/taenk-ud-af-posen-torsten-schack-pedersen\/#primaryimage"},"thumbnailUrl":"https:\/\/kunmedierne.dk\/mors\/wp-content\/uploads\/2021\/03\/bo-fink-superlandevej.jpg","datePublished":"2021-03-26T05:11:57+00:00","dateModified":"2024-08-12T11:37:41+00:00","breadcrumb":{"@id":"https:\/\/kunmedierne.dk\/mors\/taenk-ud-af-posen-torsten-schack-pedersen\/#breadcrumb"},"inLanguage":"da-DK","potentialAction":[{"@type":"ReadAction","target":["https:\/\/kunmedierne.dk\/mors\/taenk-ud-af-posen-torsten-schack-pedersen\/"]}]},{"@type":"ImageObject","inLanguage":"da-DK","@id":"https:\/\/kunmedierne.dk\/mors\/taenk-ud-af-posen-torsten-schack-pedersen\/#primaryimage","url":"https:\/\/kunmedierne.dk\/mors\/wp-content\/uploads\/2021\/03\/bo-fink-superlandevej.jpg","contentUrl":"https:\/\/kunmedierne.dk\/mors\/wp-content\/uploads\/2021\/03\/bo-fink-superlandevej.jpg","width":770,"height":513,"caption":"Bo Fink \u00f8nsker opgradering af landevej mellem Thisted og Aalborg."},{"@type":"BreadcrumbList","@id":"https:\/\/kunmedierne.dk\/mors\/taenk-ud-af-posen-torsten-schack-pedersen\/#breadcrumb","itemListElement":[{"@type":"ListItem","position":1,"name":"Hjem","item":"https:\/\/kunmedierne.dk\/mors\/"},{"@type":"ListItem","position":2,"name":"&#8211; T\u00e6nk ud af posen, Torsten Schack Pedersen!"}]},{"@type":"WebSite","@id":"https:\/\/kunmedierne.dk\/mors\/#website","url":"https:\/\/kunmedierne.dk\/mors\/","name":"Mors","description":"et netmedie med journalistik om livet p\u00e5 Mors","publisher":{"@id":"https:\/\/kunmedierne.dk\/mors\/#organization"},"potentialAction":[{"@type":"SearchAction","target":{"@type":"EntryPoint","urlTemplate":"https:\/\/kunmedierne.dk\/mors\/?s={search_term_string}"},"query-input":{"@type":"PropertyValueSpecification","valueRequired":true,"valueName":"search_term_string"}}],"inLanguage":"da-DK"},{"@type":"Organization","@id":"https:\/\/kunmedierne.dk\/mors\/#organization","name":"Mors","url":"https:\/\/kunmedierne.dk\/mors\/","logo":{"@type":"ImageObject","inLanguage":"da-DK","@id":"https:\/\/kunmedierne.dk\/mors\/#\/schema\/logo\/image\/","url":"https:\/\/kunmedierne.dk\/mors\/wp-content\/uploads\/2024\/08\/kunmors-logo.svg","contentUrl":"https:\/\/kunmedierne.dk\/mors\/wp-content\/uploads\/2024\/08\/kunmors-logo.svg","caption":"Mors"},"image":{"@id":"https:\/\/kunmedierne.dk\/mors\/#\/schema\/logo\/image\/"}},{"@type":"Person","@id":"https:\/\/kunmedierne.dk\/mors\/#\/schema\/person\/84c1391bce0b43b9bb3a49736bc0ad78","name":"Debat","image":{"@type":"ImageObject","inLanguage":"da-DK","@id":"https:\/\/kunmedierne.dk\/mors\/#\/schema\/person\/image\/","url":"https:\/\/secure.gravatar.com\/avatar\/b0fb2e221d618f7c65162ab0d49c7e8a0b580c871ca03af90e42b47b4150654c?s=96&d=mm&r=g","contentUrl":"https:\/\/secure.gravatar.com\/avatar\/b0fb2e221d618f7c65162ab0d49c7e8a0b580c871ca03af90e42b47b4150654c?s=96&d=mm&r=g","caption":"Debat"},"url":"https:\/\/kunmedierne.dk\/mors\/author\/debat\/"}]}},"_links":{"self":[{"href":"https:\/\/kunmedierne.dk\/mors\/wp-json\/wp\/v2\/posts\/42198","targetHints":{"allow":["GET"]}}],"collection":[{"href":"https:\/\/kunmedierne.dk\/mors\/wp-json\/wp\/v2\/posts"}],"about":[{"href":"https:\/\/kunmedierne.dk\/mors\/wp-json\/wp\/v2\/types\/post"}],"author":[{"embeddable":true,"href":"https:\/\/kunmedierne.dk\/mors\/wp-json\/wp\/v2\/users\/11"}],"replies":[{"embeddable":true,"href":"https:\/\/kunmedierne.dk\/mors\/wp-json\/wp\/v2\/comments?post=42198"}],"version-history":[{"count":1,"href":"https:\/\/kunmedierne.dk\/mors\/wp-json\/wp\/v2\/posts\/42198\/revisions"}],"predecessor-version":[{"id":42200,"href":"https:\/\/kunmedierne.dk\/mors\/wp-json\/wp\/v2\/posts\/42198\/revisions\/42200"}],"wp:featuredmedia":[{"embeddable":true,"href":"https:\/\/kunmedierne.dk\/mors\/wp-json\/wp\/v2\/media\/42155"}],"wp:attachment":[{"href":"https:\/\/kunmedierne.dk\/mors\/wp-json\/wp\/v2\/media?parent=42198"}],"wp:term":[{"taxonomy":"category","embeddable":true,"href":"https:\/\/kunmedierne.dk\/mors\/wp-json\/wp\/v2\/categories?post=42198"},{"taxonomy":"post_tag","embeddable":true,"href":"https:\/\/kunmedierne.dk\/mors\/wp-json\/wp\/v2\/tags?post=42198"}],"curies":[{"name":"wp","href":"https:\/\/api.w.org\/{rel}","templated":true}]}}