{"id":42153,"date":"2021-03-24T20:57:36","date_gmt":"2021-03-24T19:57:36","guid":{"rendered":"https:\/\/kunmedierne.dk\/mors\/?p=42153"},"modified":"2024-08-12T13:37:41","modified_gmt":"2024-08-12T11:37:41","slug":"krav-om-super-landevej-fra-thisted-til-aalborg","status":"publish","type":"post","link":"https:\/\/kunmedierne.dk\/mors\/krav-om-super-landevej-fra-thisted-til-aalborg\/","title":{"rendered":"Krav om super-landevej fra Thisted til Aalborg"},"content":{"rendered":"<p><strong>MORS\/THY<\/strong>: Det skal v\u00e6re nemmere fra borgere p\u00e5 Mors og i Thy at k\u00f8re til Aalborg.<\/p>\n<p>Det mener Bo Fink, Sundby, medlem af Radikale Venstre Thy-Mors og kandidat for partiet til s\u00e5vel kommunalbestyrelsen som regionsr\u00e5det, n\u00e5r der er valg til begge dele til november. Han vil have en super-landevej, der forbinder Thisted med Aalborg, og han f\u00e5r nu st\u00f8tte fra den radikale folketingsgruppe.<\/p>\n<p>Rasmus Helveg Petersen, transportordf\u00f8rer for Radikale Venstre p\u00e5 Christiansborg, vil tage forslaget med til de kommende infrastrukturforhandlinger, der forventes at starte senere p\u00e5 for\u00e5ret. <a href=\"https:\/\/www.fmspks.dk\/\"><img loading=\"lazy\" decoding=\"async\" class=\"alignright size-full wp-image-35528\" src=\"https:\/\/kunmedierne.dk\/mors\/wp-content\/uploads\/2020\/11\/ho4.jpg\" alt=\"\" width=\"1400\" height=\"125\" srcset=\"https:\/\/kunmedierne.dk\/mors\/wp-content\/uploads\/2020\/11\/ho4.jpg 1400w, https:\/\/kunmedierne.dk\/mors\/wp-content\/uploads\/2020\/11\/ho4-300x27.jpg 300w, https:\/\/kunmedierne.dk\/mors\/wp-content\/uploads\/2020\/11\/ho4-1024x91.jpg 1024w, https:\/\/kunmedierne.dk\/mors\/wp-content\/uploads\/2020\/11\/ho4-768x69.jpg 768w, https:\/\/kunmedierne.dk\/mors\/wp-content\/uploads\/2020\/11\/ho4-600x54.jpg 600w\" sizes=\"auto, (max-width: 1400px) 100vw, 1400px\" \/><\/a><\/p>\n<p>\u201dBorgere og virksomheder i Thy og p\u00e5 Mors har et stort behov for at f\u00e5 en bedre forbindelse til Aalborg. Det er en afg\u00f8rende politisk opgave at s\u00e6nke pendlerne og erhvervslivets transporttid til og fra Aalborg og resten af landet. Jeg mener, at det er tid til at investere i anl\u00e6ggelsen af en super-landevej, der binder Thisted og Aalborg bedre sammen, og det gl\u00e6der mig meget, at jeg ogs\u00e5 har opbakning fra Christiansborg til forslaget\u201d, udtaler Bo Fink i en pressemeddelelse fra Radikale Venstre.<\/p>\n<p>En super-landevej er ogs\u00e5 kendt som en 2+1 vej. Det er en vejtype, hvor det er tilladt at k\u00f8re 100 km\/t. En super-landevej har skiftevis en eller to k\u00f8rebaner i en given retning. Denne vejtype har som regel tre gennemg\u00e5ende k\u00f8rebaner p\u00e5 hele str\u00e6kningen, og er langt billigere end motorveje.<\/p>\n<p>I pressemeddelelsen argumenteres der for, at infrastrukturen har\u00a0afg\u00f8rende betydning for erhvervslivet.<\/p>\n<p>&#8220;N\u00e5r Thy og Mors ikke er ordentligt forbundet til motorvejsnettet, er det et problem for muligheden for at tiltr\u00e6kke kvalificeret arbejdskraft fra resten af regionen og landet,&#8221; skriver Radikale Venstre med en kommentar fra Rasmus Helveg Petersen:<\/p>\n<p>\u201dThisted har i alt for lang tid manglet en ordentlig forbindelse til Aalborg og motorvejsnettet. Det g\u00f8r det un\u00f8digt besv\u00e6rligt at v\u00e6re pendler, og det l\u00e6gger en tung d\u00e6mper p\u00e5 det store potentiale, der er ligger i erhvervslivet i Thy og p\u00e5 Mors. Jeg og den radikale folketingsgruppe bakker derfor fuldt op om Bos \u00f8nske om en super-landevej til Thisted. Vi g\u00e5r til infrastrukturforhandlinger med de andre partier p\u00e5 Christiansborg med det som krav, og vi vil k\u00e6mpe for, at det bliver prioriteret i den endelige aftale\u201d, lyder det fra partiets transportordf\u00f8rer. <a href=\"https:\/\/morsoe-begravelsesforretning.dk\/\"><img loading=\"lazy\" decoding=\"async\" class=\"alignright size-full wp-image-35519\" src=\"https:\/\/kunmedierne.dk\/mors\/wp-content\/uploads\/2020\/11\/ho5.jpg\" alt=\"\" width=\"1425\" height=\"127\" srcset=\"https:\/\/kunmedierne.dk\/mors\/wp-content\/uploads\/2020\/11\/ho5.jpg 1425w, https:\/\/kunmedierne.dk\/mors\/wp-content\/uploads\/2020\/11\/ho5-300x27.jpg 300w, https:\/\/kunmedierne.dk\/mors\/wp-content\/uploads\/2020\/11\/ho5-1024x91.jpg 1024w, https:\/\/kunmedierne.dk\/mors\/wp-content\/uploads\/2020\/11\/ho5-768x68.jpg 768w, https:\/\/kunmedierne.dk\/mors\/wp-content\/uploads\/2020\/11\/ho5-600x53.jpg 600w\" sizes=\"auto, (max-width: 1425px) 100vw, 1425px\" \/><\/a><\/p>\n<p>Radikale Venstre fort\u00e6ller, at partiet \u00f8nsker,\u00a0at finansieringen indg\u00e5r i den samlede finansiering til forhandlingerne om gr\u00f8n mobilitet.<\/p>\n<p>Det er regeringen, som indkalder til forhandlinger om fremtidens infrastruktur i hele landet. Forhandlingerne forventes at starte senere p\u00e5 for\u00e5ret.<\/p>\n","protected":false},"excerpt":{"rendered":"<p>MORS\/THY: Det skal v\u00e6re nemmere fra borgere p\u00e5 Mors og i Thy at k\u00f8re til Aalborg. Det mener Bo Fink, Sundby, medlem af Radikale Venstre Thy-Mors og kandidat for partiet til s\u00e5vel kommunalbestyrelsen som regionsr\u00e5det, n\u00e5r der er valg til begge dele til november. Han vil have en super-landevej, der forbinder Thisted med Aalborg, og [&hellip;]<\/p>\n","protected":false},"author":8,"featured_media":42155,"comment_status":"open","ping_status":"open","sticky":false,"template":"","format":"standard","meta":{"_acf_changed":false,"footnotes":""},"categories":[51],"tags":[167],"class_list":["post-42153","post","type-post","status-publish","format-standard","has-post-thumbnail","hentry","category-lokalt","tag-politik"],"acf":[],"yoast_head":"<!-- This site is optimized with the Yoast SEO plugin v26.8 - https:\/\/yoast.com\/product\/yoast-seo-wordpress\/ -->\n<title>Krav om super-landevej fra Thisted til Aalborg - Mors<\/title>\n<meta name=\"robots\" content=\"index, follow, max-snippet:-1, max-image-preview:large, max-video-preview:-1\" \/>\n<link rel=\"canonical\" href=\"https:\/\/kunmedierne.dk\/mors\/krav-om-super-landevej-fra-thisted-til-aalborg\/\" \/>\n<meta property=\"og:locale\" content=\"da_DK\" \/>\n<meta property=\"og:type\" content=\"article\" \/>\n<meta property=\"og:title\" content=\"Krav om super-landevej fra Thisted til Aalborg - Mors\" \/>\n<meta property=\"og:description\" content=\"MORS\/THY: Det skal v\u00e6re nemmere fra borgere p\u00e5 Mors og i Thy at k\u00f8re til Aalborg. Det mener Bo Fink, Sundby, medlem af Radikale Venstre Thy-Mors og kandidat for partiet til s\u00e5vel kommunalbestyrelsen som regionsr\u00e5det, n\u00e5r der er valg til begge dele til november. Han vil have en super-landevej, der forbinder Thisted med Aalborg, og [&hellip;]\" \/>\n<meta property=\"og:url\" content=\"https:\/\/kunmedierne.dk\/mors\/krav-om-super-landevej-fra-thisted-til-aalborg\/\" \/>\n<meta property=\"og:site_name\" content=\"Mors\" \/>\n<meta property=\"article:published_time\" content=\"2021-03-24T19:57:36+00:00\" \/>\n<meta property=\"article:modified_time\" content=\"2024-08-12T11:37:41+00:00\" \/>\n<meta property=\"og:image\" content=\"https:\/\/kunmedierne.dk\/mors\/wp-content\/uploads\/2021\/03\/bo-fink-superlandevej.jpg\" \/>\n\t<meta property=\"og:image:width\" content=\"770\" \/>\n\t<meta property=\"og:image:height\" content=\"513\" \/>\n\t<meta property=\"og:image:type\" content=\"image\/jpeg\" \/>\n<meta name=\"author\" content=\"David H\u00f8jmark\" \/>\n<meta name=\"twitter:card\" content=\"summary_large_image\" \/>\n<meta name=\"twitter:label1\" content=\"Skrevet af\" \/>\n\t<meta name=\"twitter:data1\" content=\"David H\u00f8jmark\" \/>\n\t<meta name=\"twitter:label2\" content=\"Estimeret l\u00e6setid\" \/>\n\t<meta name=\"twitter:data2\" content=\"2 minutter\" \/>\n<script type=\"application\/ld+json\" class=\"yoast-schema-graph\">{\"@context\":\"https:\/\/schema.org\",\"@graph\":[{\"@type\":\"Article\",\"@id\":\"https:\/\/kunmedierne.dk\/mors\/krav-om-super-landevej-fra-thisted-til-aalborg\/#article\",\"isPartOf\":{\"@id\":\"https:\/\/kunmedierne.dk\/mors\/krav-om-super-landevej-fra-thisted-til-aalborg\/\"},\"author\":{\"name\":\"David H\u00f8jmark\",\"@id\":\"https:\/\/kunmedierne.dk\/mors\/#\/schema\/person\/5fe23251bf1d0abbcdc6f7896579d548\"},\"headline\":\"Krav om super-landevej fra Thisted til Aalborg\",\"datePublished\":\"2021-03-24T19:57:36+00:00\",\"dateModified\":\"2024-08-12T11:37:41+00:00\",\"mainEntityOfPage\":{\"@id\":\"https:\/\/kunmedierne.dk\/mors\/krav-om-super-landevej-fra-thisted-til-aalborg\/\"},\"wordCount\":441,\"commentCount\":0,\"publisher\":{\"@id\":\"https:\/\/kunmedierne.dk\/mors\/#organization\"},\"image\":{\"@id\":\"https:\/\/kunmedierne.dk\/mors\/krav-om-super-landevej-fra-thisted-til-aalborg\/#primaryimage\"},\"thumbnailUrl\":\"https:\/\/kunmedierne.dk\/mors\/wp-content\/uploads\/2021\/03\/bo-fink-superlandevej.jpg\",\"keywords\":[\"Politik\"],\"articleSection\":[\"Lokalt\"],\"inLanguage\":\"da-DK\",\"potentialAction\":[{\"@type\":\"CommentAction\",\"name\":\"Comment\",\"target\":[\"https:\/\/kunmedierne.dk\/mors\/krav-om-super-landevej-fra-thisted-til-aalborg\/#respond\"]}]},{\"@type\":\"WebPage\",\"@id\":\"https:\/\/kunmedierne.dk\/mors\/krav-om-super-landevej-fra-thisted-til-aalborg\/\",\"url\":\"https:\/\/kunmedierne.dk\/mors\/krav-om-super-landevej-fra-thisted-til-aalborg\/\",\"name\":\"Krav om super-landevej fra Thisted til Aalborg - Mors\",\"isPartOf\":{\"@id\":\"https:\/\/kunmedierne.dk\/mors\/#website\"},\"primaryImageOfPage\":{\"@id\":\"https:\/\/kunmedierne.dk\/mors\/krav-om-super-landevej-fra-thisted-til-aalborg\/#primaryimage\"},\"image\":{\"@id\":\"https:\/\/kunmedierne.dk\/mors\/krav-om-super-landevej-fra-thisted-til-aalborg\/#primaryimage\"},\"thumbnailUrl\":\"https:\/\/kunmedierne.dk\/mors\/wp-content\/uploads\/2021\/03\/bo-fink-superlandevej.jpg\",\"datePublished\":\"2021-03-24T19:57:36+00:00\",\"dateModified\":\"2024-08-12T11:37:41+00:00\",\"breadcrumb\":{\"@id\":\"https:\/\/kunmedierne.dk\/mors\/krav-om-super-landevej-fra-thisted-til-aalborg\/#breadcrumb\"},\"inLanguage\":\"da-DK\",\"potentialAction\":[{\"@type\":\"ReadAction\",\"target\":[\"https:\/\/kunmedierne.dk\/mors\/krav-om-super-landevej-fra-thisted-til-aalborg\/\"]}]},{\"@type\":\"ImageObject\",\"inLanguage\":\"da-DK\",\"@id\":\"https:\/\/kunmedierne.dk\/mors\/krav-om-super-landevej-fra-thisted-til-aalborg\/#primaryimage\",\"url\":\"https:\/\/kunmedierne.dk\/mors\/wp-content\/uploads\/2021\/03\/bo-fink-superlandevej.jpg\",\"contentUrl\":\"https:\/\/kunmedierne.dk\/mors\/wp-content\/uploads\/2021\/03\/bo-fink-superlandevej.jpg\",\"width\":770,\"height\":513,\"caption\":\"Bo Fink \u00f8nsker opgradering af landevej mellem Thisted og Aalborg.\"},{\"@type\":\"BreadcrumbList\",\"@id\":\"https:\/\/kunmedierne.dk\/mors\/krav-om-super-landevej-fra-thisted-til-aalborg\/#breadcrumb\",\"itemListElement\":[{\"@type\":\"ListItem\",\"position\":1,\"name\":\"Hjem\",\"item\":\"https:\/\/kunmedierne.dk\/mors\/\"},{\"@type\":\"ListItem\",\"position\":2,\"name\":\"Krav om super-landevej fra Thisted til Aalborg\"}]},{\"@type\":\"WebSite\",\"@id\":\"https:\/\/kunmedierne.dk\/mors\/#website\",\"url\":\"https:\/\/kunmedierne.dk\/mors\/\",\"name\":\"Mors\",\"description\":\"et netmedie med journalistik om livet p\u00e5 Mors\",\"publisher\":{\"@id\":\"https:\/\/kunmedierne.dk\/mors\/#organization\"},\"potentialAction\":[{\"@type\":\"SearchAction\",\"target\":{\"@type\":\"EntryPoint\",\"urlTemplate\":\"https:\/\/kunmedierne.dk\/mors\/?s={search_term_string}\"},\"query-input\":{\"@type\":\"PropertyValueSpecification\",\"valueRequired\":true,\"valueName\":\"search_term_string\"}}],\"inLanguage\":\"da-DK\"},{\"@type\":\"Organization\",\"@id\":\"https:\/\/kunmedierne.dk\/mors\/#organization\",\"name\":\"Mors\",\"url\":\"https:\/\/kunmedierne.dk\/mors\/\",\"logo\":{\"@type\":\"ImageObject\",\"inLanguage\":\"da-DK\",\"@id\":\"https:\/\/kunmedierne.dk\/mors\/#\/schema\/logo\/image\/\",\"url\":\"https:\/\/kunmedierne.dk\/mors\/wp-content\/uploads\/2024\/08\/kunmors-logo.svg\",\"contentUrl\":\"https:\/\/kunmedierne.dk\/mors\/wp-content\/uploads\/2024\/08\/kunmors-logo.svg\",\"caption\":\"Mors\"},\"image\":{\"@id\":\"https:\/\/kunmedierne.dk\/mors\/#\/schema\/logo\/image\/\"}},{\"@type\":\"Person\",\"@id\":\"https:\/\/kunmedierne.dk\/mors\/#\/schema\/person\/5fe23251bf1d0abbcdc6f7896579d548\",\"name\":\"David H\u00f8jmark\",\"image\":{\"@type\":\"ImageObject\",\"inLanguage\":\"da-DK\",\"@id\":\"https:\/\/kunmedierne.dk\/mors\/#\/schema\/person\/image\/\",\"url\":\"https:\/\/secure.gravatar.com\/avatar\/4315d6fb9ef244d729989f5f90268eb08d5bf8a3d84402f595fa194bb35784fd?s=96&d=mm&r=g\",\"contentUrl\":\"https:\/\/secure.gravatar.com\/avatar\/4315d6fb9ef244d729989f5f90268eb08d5bf8a3d84402f595fa194bb35784fd?s=96&d=mm&r=g\",\"caption\":\"David H\u00f8jmark\"},\"sameAs\":[\"https:\/\/www.kunmedierne.dk\"],\"url\":\"https:\/\/kunmedierne.dk\/mors\/author\/david\/\"}]}<\/script>\n<!-- \/ Yoast SEO plugin. -->","yoast_head_json":{"title":"Krav om super-landevej fra Thisted til Aalborg - Mors","robots":{"index":"index","follow":"follow","max-snippet":"max-snippet:-1","max-image-preview":"max-image-preview:large","max-video-preview":"max-video-preview:-1"},"canonical":"https:\/\/kunmedierne.dk\/mors\/krav-om-super-landevej-fra-thisted-til-aalborg\/","og_locale":"da_DK","og_type":"article","og_title":"Krav om super-landevej fra Thisted til Aalborg - Mors","og_description":"MORS\/THY: Det skal v\u00e6re nemmere fra borgere p\u00e5 Mors og i Thy at k\u00f8re til Aalborg. Det mener Bo Fink, Sundby, medlem af Radikale Venstre Thy-Mors og kandidat for partiet til s\u00e5vel kommunalbestyrelsen som regionsr\u00e5det, n\u00e5r der er valg til begge dele til november. Han vil have en super-landevej, der forbinder Thisted med Aalborg, og [&hellip;]","og_url":"https:\/\/kunmedierne.dk\/mors\/krav-om-super-landevej-fra-thisted-til-aalborg\/","og_site_name":"Mors","article_published_time":"2021-03-24T19:57:36+00:00","article_modified_time":"2024-08-12T11:37:41+00:00","og_image":[{"width":770,"height":513,"url":"https:\/\/kunmedierne.dk\/mors\/wp-content\/uploads\/2021\/03\/bo-fink-superlandevej.jpg","type":"image\/jpeg"}],"author":"David H\u00f8jmark","twitter_card":"summary_large_image","twitter_misc":{"Skrevet af":"David H\u00f8jmark","Estimeret l\u00e6setid":"2 minutter"},"schema":{"@context":"https:\/\/schema.org","@graph":[{"@type":"Article","@id":"https:\/\/kunmedierne.dk\/mors\/krav-om-super-landevej-fra-thisted-til-aalborg\/#article","isPartOf":{"@id":"https:\/\/kunmedierne.dk\/mors\/krav-om-super-landevej-fra-thisted-til-aalborg\/"},"author":{"name":"David H\u00f8jmark","@id":"https:\/\/kunmedierne.dk\/mors\/#\/schema\/person\/5fe23251bf1d0abbcdc6f7896579d548"},"headline":"Krav om super-landevej fra Thisted til Aalborg","datePublished":"2021-03-24T19:57:36+00:00","dateModified":"2024-08-12T11:37:41+00:00","mainEntityOfPage":{"@id":"https:\/\/kunmedierne.dk\/mors\/krav-om-super-landevej-fra-thisted-til-aalborg\/"},"wordCount":441,"commentCount":0,"publisher":{"@id":"https:\/\/kunmedierne.dk\/mors\/#organization"},"image":{"@id":"https:\/\/kunmedierne.dk\/mors\/krav-om-super-landevej-fra-thisted-til-aalborg\/#primaryimage"},"thumbnailUrl":"https:\/\/kunmedierne.dk\/mors\/wp-content\/uploads\/2021\/03\/bo-fink-superlandevej.jpg","keywords":["Politik"],"articleSection":["Lokalt"],"inLanguage":"da-DK","potentialAction":[{"@type":"CommentAction","name":"Comment","target":["https:\/\/kunmedierne.dk\/mors\/krav-om-super-landevej-fra-thisted-til-aalborg\/#respond"]}]},{"@type":"WebPage","@id":"https:\/\/kunmedierne.dk\/mors\/krav-om-super-landevej-fra-thisted-til-aalborg\/","url":"https:\/\/kunmedierne.dk\/mors\/krav-om-super-landevej-fra-thisted-til-aalborg\/","name":"Krav om super-landevej fra Thisted til Aalborg - Mors","isPartOf":{"@id":"https:\/\/kunmedierne.dk\/mors\/#website"},"primaryImageOfPage":{"@id":"https:\/\/kunmedierne.dk\/mors\/krav-om-super-landevej-fra-thisted-til-aalborg\/#primaryimage"},"image":{"@id":"https:\/\/kunmedierne.dk\/mors\/krav-om-super-landevej-fra-thisted-til-aalborg\/#primaryimage"},"thumbnailUrl":"https:\/\/kunmedierne.dk\/mors\/wp-content\/uploads\/2021\/03\/bo-fink-superlandevej.jpg","datePublished":"2021-03-24T19:57:36+00:00","dateModified":"2024-08-12T11:37:41+00:00","breadcrumb":{"@id":"https:\/\/kunmedierne.dk\/mors\/krav-om-super-landevej-fra-thisted-til-aalborg\/#breadcrumb"},"inLanguage":"da-DK","potentialAction":[{"@type":"ReadAction","target":["https:\/\/kunmedierne.dk\/mors\/krav-om-super-landevej-fra-thisted-til-aalborg\/"]}]},{"@type":"ImageObject","inLanguage":"da-DK","@id":"https:\/\/kunmedierne.dk\/mors\/krav-om-super-landevej-fra-thisted-til-aalborg\/#primaryimage","url":"https:\/\/kunmedierne.dk\/mors\/wp-content\/uploads\/2021\/03\/bo-fink-superlandevej.jpg","contentUrl":"https:\/\/kunmedierne.dk\/mors\/wp-content\/uploads\/2021\/03\/bo-fink-superlandevej.jpg","width":770,"height":513,"caption":"Bo Fink \u00f8nsker opgradering af landevej mellem Thisted og Aalborg."},{"@type":"BreadcrumbList","@id":"https:\/\/kunmedierne.dk\/mors\/krav-om-super-landevej-fra-thisted-til-aalborg\/#breadcrumb","itemListElement":[{"@type":"ListItem","position":1,"name":"Hjem","item":"https:\/\/kunmedierne.dk\/mors\/"},{"@type":"ListItem","position":2,"name":"Krav om super-landevej fra Thisted til Aalborg"}]},{"@type":"WebSite","@id":"https:\/\/kunmedierne.dk\/mors\/#website","url":"https:\/\/kunmedierne.dk\/mors\/","name":"Mors","description":"et netmedie med journalistik om livet p\u00e5 Mors","publisher":{"@id":"https:\/\/kunmedierne.dk\/mors\/#organization"},"potentialAction":[{"@type":"SearchAction","target":{"@type":"EntryPoint","urlTemplate":"https:\/\/kunmedierne.dk\/mors\/?s={search_term_string}"},"query-input":{"@type":"PropertyValueSpecification","valueRequired":true,"valueName":"search_term_string"}}],"inLanguage":"da-DK"},{"@type":"Organization","@id":"https:\/\/kunmedierne.dk\/mors\/#organization","name":"Mors","url":"https:\/\/kunmedierne.dk\/mors\/","logo":{"@type":"ImageObject","inLanguage":"da-DK","@id":"https:\/\/kunmedierne.dk\/mors\/#\/schema\/logo\/image\/","url":"https:\/\/kunmedierne.dk\/mors\/wp-content\/uploads\/2024\/08\/kunmors-logo.svg","contentUrl":"https:\/\/kunmedierne.dk\/mors\/wp-content\/uploads\/2024\/08\/kunmors-logo.svg","caption":"Mors"},"image":{"@id":"https:\/\/kunmedierne.dk\/mors\/#\/schema\/logo\/image\/"}},{"@type":"Person","@id":"https:\/\/kunmedierne.dk\/mors\/#\/schema\/person\/5fe23251bf1d0abbcdc6f7896579d548","name":"David H\u00f8jmark","image":{"@type":"ImageObject","inLanguage":"da-DK","@id":"https:\/\/kunmedierne.dk\/mors\/#\/schema\/person\/image\/","url":"https:\/\/secure.gravatar.com\/avatar\/4315d6fb9ef244d729989f5f90268eb08d5bf8a3d84402f595fa194bb35784fd?s=96&d=mm&r=g","contentUrl":"https:\/\/secure.gravatar.com\/avatar\/4315d6fb9ef244d729989f5f90268eb08d5bf8a3d84402f595fa194bb35784fd?s=96&d=mm&r=g","caption":"David H\u00f8jmark"},"sameAs":["https:\/\/www.kunmedierne.dk"],"url":"https:\/\/kunmedierne.dk\/mors\/author\/david\/"}]}},"_links":{"self":[{"href":"https:\/\/kunmedierne.dk\/mors\/wp-json\/wp\/v2\/posts\/42153","targetHints":{"allow":["GET"]}}],"collection":[{"href":"https:\/\/kunmedierne.dk\/mors\/wp-json\/wp\/v2\/posts"}],"about":[{"href":"https:\/\/kunmedierne.dk\/mors\/wp-json\/wp\/v2\/types\/post"}],"author":[{"embeddable":true,"href":"https:\/\/kunmedierne.dk\/mors\/wp-json\/wp\/v2\/users\/8"}],"replies":[{"embeddable":true,"href":"https:\/\/kunmedierne.dk\/mors\/wp-json\/wp\/v2\/comments?post=42153"}],"version-history":[{"count":1,"href":"https:\/\/kunmedierne.dk\/mors\/wp-json\/wp\/v2\/posts\/42153\/revisions"}],"predecessor-version":[{"id":42156,"href":"https:\/\/kunmedierne.dk\/mors\/wp-json\/wp\/v2\/posts\/42153\/revisions\/42156"}],"wp:featuredmedia":[{"embeddable":true,"href":"https:\/\/kunmedierne.dk\/mors\/wp-json\/wp\/v2\/media\/42155"}],"wp:attachment":[{"href":"https:\/\/kunmedierne.dk\/mors\/wp-json\/wp\/v2\/media?parent=42153"}],"wp:term":[{"taxonomy":"category","embeddable":true,"href":"https:\/\/kunmedierne.dk\/mors\/wp-json\/wp\/v2\/categories?post=42153"},{"taxonomy":"post_tag","embeddable":true,"href":"https:\/\/kunmedierne.dk\/mors\/wp-json\/wp\/v2\/tags?post=42153"}],"curies":[{"name":"wp","href":"https:\/\/api.w.org\/{rel}","templated":true}]}}