{"id":42150,"date":"2021-03-24T19:48:22","date_gmt":"2021-03-24T18:48:22","guid":{"rendered":"https:\/\/kunmedierne.dk\/mors\/?p=42150"},"modified":"2024-08-12T13:37:41","modified_gmt":"2024-08-12T11:37:41","slug":"socialdemokratiske-partiforeninger-paa-mors-vil-samle-sig","status":"publish","type":"post","link":"https:\/\/kunmedierne.dk\/mors\/socialdemokratiske-partiforeninger-paa-mors-vil-samle-sig\/","title":{"rendered":"Socialdemokratiske partiforeninger p\u00e5 Mors vil samle sig"},"content":{"rendered":"<p><strong>MORS<\/strong>: Tre foreninger skal blive til en.<\/p>\n<p>S\u00e5dan lyder ambitionen hos Socialdemokratiet p\u00e5 Mors, som i en pressemeddelelse onsdag aften formulerer et \u00f8nske om sammenl\u00e6gning af de tre lokale partiforeninger.<\/p>\n<p>&#8220;Bestyrelserne for de tre socialdemokratiske partiforeninger p\u00e5 Mors samt F\u00e6llesledelsen for Socialdemokratiet p\u00e5 Mors har gennem et stykke tid dr\u00f8ftet en sammenl\u00e6gning af Sydmors Partiforening, Nordmors Partiforening, Nyk\u00f8bing Partiforening og F\u00e6llesledelsen til \u00e9n slagkraftig partiorganisation, som d\u00e6kker hele Mors,&#8221; hedder det i pressemeddelelsen. <a href=\"https:\/\/vester-begr.dk\"><img loading=\"lazy\" decoding=\"async\" class=\"alignright size-full wp-image-35526\" src=\"https:\/\/kunmedierne.dk\/mors\/wp-content\/uploads\/2020\/11\/ho2.jpg\" alt=\"\" width=\"1400\" height=\"125\" srcset=\"https:\/\/kunmedierne.dk\/mors\/wp-content\/uploads\/2020\/11\/ho2.jpg 1400w, https:\/\/kunmedierne.dk\/mors\/wp-content\/uploads\/2020\/11\/ho2-300x27.jpg 300w, https:\/\/kunmedierne.dk\/mors\/wp-content\/uploads\/2020\/11\/ho2-1024x91.jpg 1024w, https:\/\/kunmedierne.dk\/mors\/wp-content\/uploads\/2020\/11\/ho2-768x69.jpg 768w, https:\/\/kunmedierne.dk\/mors\/wp-content\/uploads\/2020\/11\/ho2-600x54.jpg 600w\" sizes=\"auto, (max-width: 1400px) 100vw, 1400px\" \/><\/a><\/p>\n<p>Den oplyser, at dr\u00f8ftelserne er mundet ud i et konkret forslag om nedl\u00e6ggelse af de nuv\u00e6rende partiforeninger og etablering af \u00e9n ny socialdemokratisk partiforening p\u00e5 Mors.<\/p>\n<p>&#8220;Forslaget er udtryk for et \u00f8nske om at etablere en mere enkel organisering af det socialdemokratiske partiarbejde p\u00e5 Mors. Det vil forenkle beslutningsprocesserne og mindske kommandovejene,&#8221; skriver pressemeddelelsen, der forts\u00e6tter:<\/p>\n<p>&#8220;Hvad der m\u00e5ske umiddelbart kan se ud som en centralisering af beslutningsprocessen, er i virkeligheden det modsatte. Der vil blive kortere fra bund til top i organisationen. Vi \u00f8nsker \u201den fladere\u201d ledelse, som fremmer alle medlemmers muligheder for indflydelse p\u00e5 den socialdemokratiske politik. Vi \u00f8nsker i h\u00f8jere grad at inddrage medlemmerne i gode beslutninger for hele \u00f8en.&#8221; <a href=\"http:\/\/www.limfjordsteatret.dk\/#front\"><img loading=\"lazy\" decoding=\"async\" class=\"alignright size-full wp-image-35527\" src=\"https:\/\/kunmedierne.dk\/mors\/wp-content\/uploads\/2020\/11\/ho3.jpg\" alt=\"\" width=\"1400\" height=\"125\" srcset=\"https:\/\/kunmedierne.dk\/mors\/wp-content\/uploads\/2020\/11\/ho3.jpg 1400w, https:\/\/kunmedierne.dk\/mors\/wp-content\/uploads\/2020\/11\/ho3-300x27.jpg 300w, https:\/\/kunmedierne.dk\/mors\/wp-content\/uploads\/2020\/11\/ho3-1024x91.jpg 1024w, https:\/\/kunmedierne.dk\/mors\/wp-content\/uploads\/2020\/11\/ho3-768x69.jpg 768w, https:\/\/kunmedierne.dk\/mors\/wp-content\/uploads\/2020\/11\/ho3-600x54.jpg 600w\" sizes=\"auto, (max-width: 1400px) 100vw, 1400px\" \/><\/a><\/p>\n<p>Forslaget om sammenl\u00e6gning skal dr\u00f8ftes og vedtages p\u00e5 de enkelte partiforeningers generalforsamlinger, n\u00e5r det igen bliver muligt at m\u00f8des fysisk. Herefter vil der blive en ny generalforsamling med etablering af et nyt Socialdemokratiet p\u00e5 Mors \u2013 herunder fastl\u00e6ggelse af partiets officielle navn p\u00e5 Mors.<\/p>\n","protected":false},"excerpt":{"rendered":"<p>MORS: Tre foreninger skal blive til en. S\u00e5dan lyder ambitionen hos Socialdemokratiet p\u00e5 Mors, som i en pressemeddelelse onsdag aften formulerer et \u00f8nske om sammenl\u00e6gning af de tre lokale partiforeninger. &#8220;Bestyrelserne for de tre socialdemokratiske partiforeninger p\u00e5 Mors samt F\u00e6llesledelsen for Socialdemokratiet p\u00e5 Mors har gennem et stykke tid dr\u00f8ftet en sammenl\u00e6gning af Sydmors Partiforening, [&hellip;]<\/p>\n","protected":false},"author":8,"featured_media":42151,"comment_status":"open","ping_status":"open","sticky":false,"template":"","format":"standard","meta":{"_acf_changed":false,"footnotes":""},"categories":[51],"tags":[167],"class_list":["post-42150","post","type-post","status-publish","format-standard","has-post-thumbnail","hentry","category-lokalt","tag-politik"],"acf":[],"yoast_head":"<!-- This site is optimized with the Yoast SEO plugin v26.8 - https:\/\/yoast.com\/product\/yoast-seo-wordpress\/ -->\n<title>Socialdemokratiske partiforeninger p\u00e5 Mors vil samle sig - Mors<\/title>\n<meta name=\"robots\" content=\"index, follow, max-snippet:-1, max-image-preview:large, max-video-preview:-1\" \/>\n<link rel=\"canonical\" href=\"https:\/\/kunmedierne.dk\/mors\/socialdemokratiske-partiforeninger-paa-mors-vil-samle-sig\/\" \/>\n<meta property=\"og:locale\" content=\"da_DK\" \/>\n<meta property=\"og:type\" content=\"article\" \/>\n<meta property=\"og:title\" content=\"Socialdemokratiske partiforeninger p\u00e5 Mors vil samle sig - Mors\" \/>\n<meta property=\"og:description\" content=\"MORS: Tre foreninger skal blive til en. S\u00e5dan lyder ambitionen hos Socialdemokratiet p\u00e5 Mors, som i en pressemeddelelse onsdag aften formulerer et \u00f8nske om sammenl\u00e6gning af de tre lokale partiforeninger. &#8220;Bestyrelserne for de tre socialdemokratiske partiforeninger p\u00e5 Mors samt F\u00e6llesledelsen for Socialdemokratiet p\u00e5 Mors har gennem et stykke tid dr\u00f8ftet en sammenl\u00e6gning af Sydmors Partiforening, [&hellip;]\" \/>\n<meta property=\"og:url\" content=\"https:\/\/kunmedierne.dk\/mors\/socialdemokratiske-partiforeninger-paa-mors-vil-samle-sig\/\" \/>\n<meta property=\"og:site_name\" content=\"Mors\" \/>\n<meta property=\"article:published_time\" content=\"2021-03-24T18:48:22+00:00\" \/>\n<meta property=\"article:modified_time\" content=\"2024-08-12T11:37:41+00:00\" \/>\n<meta property=\"og:image\" content=\"https:\/\/kunmedierne.dk\/mors\/wp-content\/uploads\/2021\/03\/socdem.jpg\" \/>\n\t<meta property=\"og:image:width\" content=\"770\" \/>\n\t<meta property=\"og:image:height\" content=\"512\" \/>\n\t<meta property=\"og:image:type\" content=\"image\/jpeg\" \/>\n<meta name=\"author\" content=\"David H\u00f8jmark\" \/>\n<meta name=\"twitter:card\" content=\"summary_large_image\" \/>\n<meta name=\"twitter:label1\" content=\"Skrevet af\" \/>\n\t<meta name=\"twitter:data1\" content=\"David H\u00f8jmark\" \/>\n\t<meta name=\"twitter:label2\" content=\"Estimeret l\u00e6setid\" \/>\n\t<meta name=\"twitter:data2\" content=\"1 minut\" \/>\n<script type=\"application\/ld+json\" class=\"yoast-schema-graph\">{\"@context\":\"https:\/\/schema.org\",\"@graph\":[{\"@type\":\"Article\",\"@id\":\"https:\/\/kunmedierne.dk\/mors\/socialdemokratiske-partiforeninger-paa-mors-vil-samle-sig\/#article\",\"isPartOf\":{\"@id\":\"https:\/\/kunmedierne.dk\/mors\/socialdemokratiske-partiforeninger-paa-mors-vil-samle-sig\/\"},\"author\":{\"name\":\"David H\u00f8jmark\",\"@id\":\"https:\/\/kunmedierne.dk\/mors\/#\/schema\/person\/5fe23251bf1d0abbcdc6f7896579d548\"},\"headline\":\"Socialdemokratiske partiforeninger p\u00e5 Mors vil samle sig\",\"datePublished\":\"2021-03-24T18:48:22+00:00\",\"dateModified\":\"2024-08-12T11:37:41+00:00\",\"mainEntityOfPage\":{\"@id\":\"https:\/\/kunmedierne.dk\/mors\/socialdemokratiske-partiforeninger-paa-mors-vil-samle-sig\/\"},\"wordCount\":255,\"commentCount\":0,\"publisher\":{\"@id\":\"https:\/\/kunmedierne.dk\/mors\/#organization\"},\"image\":{\"@id\":\"https:\/\/kunmedierne.dk\/mors\/socialdemokratiske-partiforeninger-paa-mors-vil-samle-sig\/#primaryimage\"},\"thumbnailUrl\":\"https:\/\/kunmedierne.dk\/mors\/wp-content\/uploads\/2021\/03\/socdem.jpg\",\"keywords\":[\"Politik\"],\"articleSection\":[\"Lokalt\"],\"inLanguage\":\"da-DK\",\"potentialAction\":[{\"@type\":\"CommentAction\",\"name\":\"Comment\",\"target\":[\"https:\/\/kunmedierne.dk\/mors\/socialdemokratiske-partiforeninger-paa-mors-vil-samle-sig\/#respond\"]}]},{\"@type\":\"WebPage\",\"@id\":\"https:\/\/kunmedierne.dk\/mors\/socialdemokratiske-partiforeninger-paa-mors-vil-samle-sig\/\",\"url\":\"https:\/\/kunmedierne.dk\/mors\/socialdemokratiske-partiforeninger-paa-mors-vil-samle-sig\/\",\"name\":\"Socialdemokratiske partiforeninger p\u00e5 Mors vil samle sig - Mors\",\"isPartOf\":{\"@id\":\"https:\/\/kunmedierne.dk\/mors\/#website\"},\"primaryImageOfPage\":{\"@id\":\"https:\/\/kunmedierne.dk\/mors\/socialdemokratiske-partiforeninger-paa-mors-vil-samle-sig\/#primaryimage\"},\"image\":{\"@id\":\"https:\/\/kunmedierne.dk\/mors\/socialdemokratiske-partiforeninger-paa-mors-vil-samle-sig\/#primaryimage\"},\"thumbnailUrl\":\"https:\/\/kunmedierne.dk\/mors\/wp-content\/uploads\/2021\/03\/socdem.jpg\",\"datePublished\":\"2021-03-24T18:48:22+00:00\",\"dateModified\":\"2024-08-12T11:37:41+00:00\",\"breadcrumb\":{\"@id\":\"https:\/\/kunmedierne.dk\/mors\/socialdemokratiske-partiforeninger-paa-mors-vil-samle-sig\/#breadcrumb\"},\"inLanguage\":\"da-DK\",\"potentialAction\":[{\"@type\":\"ReadAction\",\"target\":[\"https:\/\/kunmedierne.dk\/mors\/socialdemokratiske-partiforeninger-paa-mors-vil-samle-sig\/\"]}]},{\"@type\":\"ImageObject\",\"inLanguage\":\"da-DK\",\"@id\":\"https:\/\/kunmedierne.dk\/mors\/socialdemokratiske-partiforeninger-paa-mors-vil-samle-sig\/#primaryimage\",\"url\":\"https:\/\/kunmedierne.dk\/mors\/wp-content\/uploads\/2021\/03\/socdem.jpg\",\"contentUrl\":\"https:\/\/kunmedierne.dk\/mors\/wp-content\/uploads\/2021\/03\/socdem.jpg\",\"width\":770,\"height\":512},{\"@type\":\"BreadcrumbList\",\"@id\":\"https:\/\/kunmedierne.dk\/mors\/socialdemokratiske-partiforeninger-paa-mors-vil-samle-sig\/#breadcrumb\",\"itemListElement\":[{\"@type\":\"ListItem\",\"position\":1,\"name\":\"Hjem\",\"item\":\"https:\/\/kunmedierne.dk\/mors\/\"},{\"@type\":\"ListItem\",\"position\":2,\"name\":\"Socialdemokratiske partiforeninger p\u00e5 Mors vil samle sig\"}]},{\"@type\":\"WebSite\",\"@id\":\"https:\/\/kunmedierne.dk\/mors\/#website\",\"url\":\"https:\/\/kunmedierne.dk\/mors\/\",\"name\":\"Mors\",\"description\":\"et netmedie med journalistik om livet p\u00e5 Mors\",\"publisher\":{\"@id\":\"https:\/\/kunmedierne.dk\/mors\/#organization\"},\"potentialAction\":[{\"@type\":\"SearchAction\",\"target\":{\"@type\":\"EntryPoint\",\"urlTemplate\":\"https:\/\/kunmedierne.dk\/mors\/?s={search_term_string}\"},\"query-input\":{\"@type\":\"PropertyValueSpecification\",\"valueRequired\":true,\"valueName\":\"search_term_string\"}}],\"inLanguage\":\"da-DK\"},{\"@type\":\"Organization\",\"@id\":\"https:\/\/kunmedierne.dk\/mors\/#organization\",\"name\":\"Mors\",\"url\":\"https:\/\/kunmedierne.dk\/mors\/\",\"logo\":{\"@type\":\"ImageObject\",\"inLanguage\":\"da-DK\",\"@id\":\"https:\/\/kunmedierne.dk\/mors\/#\/schema\/logo\/image\/\",\"url\":\"https:\/\/kunmedierne.dk\/mors\/wp-content\/uploads\/2024\/08\/kunmors-logo.svg\",\"contentUrl\":\"https:\/\/kunmedierne.dk\/mors\/wp-content\/uploads\/2024\/08\/kunmors-logo.svg\",\"caption\":\"Mors\"},\"image\":{\"@id\":\"https:\/\/kunmedierne.dk\/mors\/#\/schema\/logo\/image\/\"}},{\"@type\":\"Person\",\"@id\":\"https:\/\/kunmedierne.dk\/mors\/#\/schema\/person\/5fe23251bf1d0abbcdc6f7896579d548\",\"name\":\"David H\u00f8jmark\",\"image\":{\"@type\":\"ImageObject\",\"inLanguage\":\"da-DK\",\"@id\":\"https:\/\/kunmedierne.dk\/mors\/#\/schema\/person\/image\/\",\"url\":\"https:\/\/secure.gravatar.com\/avatar\/4315d6fb9ef244d729989f5f90268eb08d5bf8a3d84402f595fa194bb35784fd?s=96&d=mm&r=g\",\"contentUrl\":\"https:\/\/secure.gravatar.com\/avatar\/4315d6fb9ef244d729989f5f90268eb08d5bf8a3d84402f595fa194bb35784fd?s=96&d=mm&r=g\",\"caption\":\"David H\u00f8jmark\"},\"sameAs\":[\"https:\/\/www.kunmedierne.dk\"],\"url\":\"https:\/\/kunmedierne.dk\/mors\/author\/david\/\"}]}<\/script>\n<!-- \/ Yoast SEO plugin. -->","yoast_head_json":{"title":"Socialdemokratiske partiforeninger p\u00e5 Mors vil samle sig - Mors","robots":{"index":"index","follow":"follow","max-snippet":"max-snippet:-1","max-image-preview":"max-image-preview:large","max-video-preview":"max-video-preview:-1"},"canonical":"https:\/\/kunmedierne.dk\/mors\/socialdemokratiske-partiforeninger-paa-mors-vil-samle-sig\/","og_locale":"da_DK","og_type":"article","og_title":"Socialdemokratiske partiforeninger p\u00e5 Mors vil samle sig - Mors","og_description":"MORS: Tre foreninger skal blive til en. S\u00e5dan lyder ambitionen hos Socialdemokratiet p\u00e5 Mors, som i en pressemeddelelse onsdag aften formulerer et \u00f8nske om sammenl\u00e6gning af de tre lokale partiforeninger. &#8220;Bestyrelserne for de tre socialdemokratiske partiforeninger p\u00e5 Mors samt F\u00e6llesledelsen for Socialdemokratiet p\u00e5 Mors har gennem et stykke tid dr\u00f8ftet en sammenl\u00e6gning af Sydmors Partiforening, [&hellip;]","og_url":"https:\/\/kunmedierne.dk\/mors\/socialdemokratiske-partiforeninger-paa-mors-vil-samle-sig\/","og_site_name":"Mors","article_published_time":"2021-03-24T18:48:22+00:00","article_modified_time":"2024-08-12T11:37:41+00:00","og_image":[{"width":770,"height":512,"url":"https:\/\/kunmedierne.dk\/mors\/wp-content\/uploads\/2021\/03\/socdem.jpg","type":"image\/jpeg"}],"author":"David H\u00f8jmark","twitter_card":"summary_large_image","twitter_misc":{"Skrevet af":"David H\u00f8jmark","Estimeret l\u00e6setid":"1 minut"},"schema":{"@context":"https:\/\/schema.org","@graph":[{"@type":"Article","@id":"https:\/\/kunmedierne.dk\/mors\/socialdemokratiske-partiforeninger-paa-mors-vil-samle-sig\/#article","isPartOf":{"@id":"https:\/\/kunmedierne.dk\/mors\/socialdemokratiske-partiforeninger-paa-mors-vil-samle-sig\/"},"author":{"name":"David H\u00f8jmark","@id":"https:\/\/kunmedierne.dk\/mors\/#\/schema\/person\/5fe23251bf1d0abbcdc6f7896579d548"},"headline":"Socialdemokratiske partiforeninger p\u00e5 Mors vil samle sig","datePublished":"2021-03-24T18:48:22+00:00","dateModified":"2024-08-12T11:37:41+00:00","mainEntityOfPage":{"@id":"https:\/\/kunmedierne.dk\/mors\/socialdemokratiske-partiforeninger-paa-mors-vil-samle-sig\/"},"wordCount":255,"commentCount":0,"publisher":{"@id":"https:\/\/kunmedierne.dk\/mors\/#organization"},"image":{"@id":"https:\/\/kunmedierne.dk\/mors\/socialdemokratiske-partiforeninger-paa-mors-vil-samle-sig\/#primaryimage"},"thumbnailUrl":"https:\/\/kunmedierne.dk\/mors\/wp-content\/uploads\/2021\/03\/socdem.jpg","keywords":["Politik"],"articleSection":["Lokalt"],"inLanguage":"da-DK","potentialAction":[{"@type":"CommentAction","name":"Comment","target":["https:\/\/kunmedierne.dk\/mors\/socialdemokratiske-partiforeninger-paa-mors-vil-samle-sig\/#respond"]}]},{"@type":"WebPage","@id":"https:\/\/kunmedierne.dk\/mors\/socialdemokratiske-partiforeninger-paa-mors-vil-samle-sig\/","url":"https:\/\/kunmedierne.dk\/mors\/socialdemokratiske-partiforeninger-paa-mors-vil-samle-sig\/","name":"Socialdemokratiske partiforeninger p\u00e5 Mors vil samle sig - Mors","isPartOf":{"@id":"https:\/\/kunmedierne.dk\/mors\/#website"},"primaryImageOfPage":{"@id":"https:\/\/kunmedierne.dk\/mors\/socialdemokratiske-partiforeninger-paa-mors-vil-samle-sig\/#primaryimage"},"image":{"@id":"https:\/\/kunmedierne.dk\/mors\/socialdemokratiske-partiforeninger-paa-mors-vil-samle-sig\/#primaryimage"},"thumbnailUrl":"https:\/\/kunmedierne.dk\/mors\/wp-content\/uploads\/2021\/03\/socdem.jpg","datePublished":"2021-03-24T18:48:22+00:00","dateModified":"2024-08-12T11:37:41+00:00","breadcrumb":{"@id":"https:\/\/kunmedierne.dk\/mors\/socialdemokratiske-partiforeninger-paa-mors-vil-samle-sig\/#breadcrumb"},"inLanguage":"da-DK","potentialAction":[{"@type":"ReadAction","target":["https:\/\/kunmedierne.dk\/mors\/socialdemokratiske-partiforeninger-paa-mors-vil-samle-sig\/"]}]},{"@type":"ImageObject","inLanguage":"da-DK","@id":"https:\/\/kunmedierne.dk\/mors\/socialdemokratiske-partiforeninger-paa-mors-vil-samle-sig\/#primaryimage","url":"https:\/\/kunmedierne.dk\/mors\/wp-content\/uploads\/2021\/03\/socdem.jpg","contentUrl":"https:\/\/kunmedierne.dk\/mors\/wp-content\/uploads\/2021\/03\/socdem.jpg","width":770,"height":512},{"@type":"BreadcrumbList","@id":"https:\/\/kunmedierne.dk\/mors\/socialdemokratiske-partiforeninger-paa-mors-vil-samle-sig\/#breadcrumb","itemListElement":[{"@type":"ListItem","position":1,"name":"Hjem","item":"https:\/\/kunmedierne.dk\/mors\/"},{"@type":"ListItem","position":2,"name":"Socialdemokratiske partiforeninger p\u00e5 Mors vil samle sig"}]},{"@type":"WebSite","@id":"https:\/\/kunmedierne.dk\/mors\/#website","url":"https:\/\/kunmedierne.dk\/mors\/","name":"Mors","description":"et netmedie med journalistik om livet p\u00e5 Mors","publisher":{"@id":"https:\/\/kunmedierne.dk\/mors\/#organization"},"potentialAction":[{"@type":"SearchAction","target":{"@type":"EntryPoint","urlTemplate":"https:\/\/kunmedierne.dk\/mors\/?s={search_term_string}"},"query-input":{"@type":"PropertyValueSpecification","valueRequired":true,"valueName":"search_term_string"}}],"inLanguage":"da-DK"},{"@type":"Organization","@id":"https:\/\/kunmedierne.dk\/mors\/#organization","name":"Mors","url":"https:\/\/kunmedierne.dk\/mors\/","logo":{"@type":"ImageObject","inLanguage":"da-DK","@id":"https:\/\/kunmedierne.dk\/mors\/#\/schema\/logo\/image\/","url":"https:\/\/kunmedierne.dk\/mors\/wp-content\/uploads\/2024\/08\/kunmors-logo.svg","contentUrl":"https:\/\/kunmedierne.dk\/mors\/wp-content\/uploads\/2024\/08\/kunmors-logo.svg","caption":"Mors"},"image":{"@id":"https:\/\/kunmedierne.dk\/mors\/#\/schema\/logo\/image\/"}},{"@type":"Person","@id":"https:\/\/kunmedierne.dk\/mors\/#\/schema\/person\/5fe23251bf1d0abbcdc6f7896579d548","name":"David H\u00f8jmark","image":{"@type":"ImageObject","inLanguage":"da-DK","@id":"https:\/\/kunmedierne.dk\/mors\/#\/schema\/person\/image\/","url":"https:\/\/secure.gravatar.com\/avatar\/4315d6fb9ef244d729989f5f90268eb08d5bf8a3d84402f595fa194bb35784fd?s=96&d=mm&r=g","contentUrl":"https:\/\/secure.gravatar.com\/avatar\/4315d6fb9ef244d729989f5f90268eb08d5bf8a3d84402f595fa194bb35784fd?s=96&d=mm&r=g","caption":"David H\u00f8jmark"},"sameAs":["https:\/\/www.kunmedierne.dk"],"url":"https:\/\/kunmedierne.dk\/mors\/author\/david\/"}]}},"_links":{"self":[{"href":"https:\/\/kunmedierne.dk\/mors\/wp-json\/wp\/v2\/posts\/42150","targetHints":{"allow":["GET"]}}],"collection":[{"href":"https:\/\/kunmedierne.dk\/mors\/wp-json\/wp\/v2\/posts"}],"about":[{"href":"https:\/\/kunmedierne.dk\/mors\/wp-json\/wp\/v2\/types\/post"}],"author":[{"embeddable":true,"href":"https:\/\/kunmedierne.dk\/mors\/wp-json\/wp\/v2\/users\/8"}],"replies":[{"embeddable":true,"href":"https:\/\/kunmedierne.dk\/mors\/wp-json\/wp\/v2\/comments?post=42150"}],"version-history":[{"count":1,"href":"https:\/\/kunmedierne.dk\/mors\/wp-json\/wp\/v2\/posts\/42150\/revisions"}],"predecessor-version":[{"id":42152,"href":"https:\/\/kunmedierne.dk\/mors\/wp-json\/wp\/v2\/posts\/42150\/revisions\/42152"}],"wp:featuredmedia":[{"embeddable":true,"href":"https:\/\/kunmedierne.dk\/mors\/wp-json\/wp\/v2\/media\/42151"}],"wp:attachment":[{"href":"https:\/\/kunmedierne.dk\/mors\/wp-json\/wp\/v2\/media?parent=42150"}],"wp:term":[{"taxonomy":"category","embeddable":true,"href":"https:\/\/kunmedierne.dk\/mors\/wp-json\/wp\/v2\/categories?post=42150"},{"taxonomy":"post_tag","embeddable":true,"href":"https:\/\/kunmedierne.dk\/mors\/wp-json\/wp\/v2\/tags?post=42150"}],"curies":[{"name":"wp","href":"https:\/\/api.w.org\/{rel}","templated":true}]}}