{"id":42060,"date":"2021-03-22T21:25:26","date_gmt":"2021-03-22T20:25:26","guid":{"rendered":"https:\/\/kunmedierne.dk\/mors\/?p=42060"},"modified":"2024-08-12T13:37:42","modified_gmt":"2024-08-12T11:37:42","slug":"viggo-vangsgaard-er-nu-officielt-spidskandidat-for-sf","status":"publish","type":"post","link":"https:\/\/kunmedierne.dk\/mors\/viggo-vangsgaard-er-nu-officielt-spidskandidat-for-sf\/","title":{"rendered":"Viggo Vangsgaard er nu officielt spidskandidat for SF"},"content":{"rendered":"<p><strong>MORS<\/strong>: P\u00e5 et virtuelt medlemsm\u00f8de mandag aften har SF Thy-Mors valgt sine spidskandidater til kommunalvalget i efter\u00e5ret. Og partiets medlem af kommunalbestyrelsen i Mors\u00f8 Kommune er nu officielt spidskandidat p\u00e5 Mors.<\/p>\n<p>Det meddeler SF Thy-Mors i en pressemeddelelse mandag aften.<\/p>\n<p>&#8220;I Mors\u00f8 Kommune har SF k\u00e6mpet for b\u00e5de b\u00f8rn, unge og \u00e6ldre samt kultur for hele \u00f8en. Det gr\u00f8nne omr\u00e5de har haft en helt central plads i SFs politik. Med Viggo i kommunalbestyrelsen vil SF k\u00e6mpe for mere naturgenopretning, sikring af rent drikkevand, gr\u00f8n transport og for at g\u00f8re Mors mere attraktiv som b\u00f8rne- og ungevenlig, herunder s\u00e6rlig opm\u00e6rksomhed p\u00e5 truede b\u00f8rnefamilier,&#8221; hedder det. <a href=\"https:\/\/www.braendselsforeningen.dk\/\"><img loading=\"lazy\" decoding=\"async\" class=\"alignright size-full wp-image-36029\" src=\"https:\/\/kunmedierne.dk\/mors\/wp-content\/uploads\/2020\/11\/Br\u00e6ndselsforeningen.jpg\" alt=\"\" width=\"1425\" height=\"127\" srcset=\"https:\/\/kunmedierne.dk\/mors\/wp-content\/uploads\/2020\/11\/Br\u00e6ndselsforeningen.jpg 1425w, https:\/\/kunmedierne.dk\/mors\/wp-content\/uploads\/2020\/11\/Br\u00e6ndselsforeningen-300x27.jpg 300w, https:\/\/kunmedierne.dk\/mors\/wp-content\/uploads\/2020\/11\/Br\u00e6ndselsforeningen-1024x91.jpg 1024w, https:\/\/kunmedierne.dk\/mors\/wp-content\/uploads\/2020\/11\/Br\u00e6ndselsforeningen-768x68.jpg 768w, https:\/\/kunmedierne.dk\/mors\/wp-content\/uploads\/2020\/11\/Br\u00e6ndselsforeningen-600x53.jpg 600w\" sizes=\"auto, (max-width: 1425px) 100vw, 1425px\" \/><\/a><\/p>\n<p>I efter\u00e5ret var Viggo Vangsgaard i mediernes s\u00f8gelys af andre \u00e5rsager end de politiske. Det kom han, da han blev beskyldt for seksuel kr\u00e6nkelse mod dav\u00e6rende partikollega i Socialdemokratiet, Pia Storm. En beskyldning, som hans tidligere parti angav som \u00e5rsagen til, at Viggo Vangsgaard i november 2019 forlod Socialdemokratiet.<\/p>\n<p>Viggo Vangsgaard truede i f\u00f8rste omgang med at anl\u00e6gge injuriesag, men endte med ikke at g\u00f8re det. Sagen bragte ham ogs\u00e5 ekstraordin\u00e6rt p\u00e5 dagsordenen hos sit nye parti og gav over for KunMors udtryk for, at en lang politisk karriere kunne v\u00e6re forbi.<\/p>\n<p>\u201cP\u00e5 nuv\u00e6rende tidspunkt har jeg ingen intentioner om at g\u00e5 ud af politik. Men hvis SF beslutter at smide mig ud, s\u00e5 tror jeg, at det bliver det sidste,&#8221; sagde han i <a href=\"https:\/\/kunmedierne.dk\/mors\/viggo-vangsgaard-det-kan-vaere-slut-i-aften\/\" target=\"_blank\" rel=\"noopener noreferrer\">oktober<\/a> &#8211; men fik sin partiforenings opbakning til at forts\u00e6tte.<\/p>\n<p>Og nu bliver det alts\u00e5 for f\u00f8rste gang som spidskandidat for SF, at han stiller op til kommunalvalget 16. november. <img loading=\"lazy\" decoding=\"async\" class=\"alignright size-full wp-image-39492\" src=\"https:\/\/kunmedierne.dk\/mors\/wp-content\/uploads\/2021\/02\/ho8-1.jpg\" alt=\"\" width=\"1400\" height=\"125\" srcset=\"https:\/\/kunmedierne.dk\/mors\/wp-content\/uploads\/2021\/02\/ho8-1.jpg 1400w, https:\/\/kunmedierne.dk\/mors\/wp-content\/uploads\/2021\/02\/ho8-1-300x27.jpg 300w, https:\/\/kunmedierne.dk\/mors\/wp-content\/uploads\/2021\/02\/ho8-1-1024x91.jpg 1024w, https:\/\/kunmedierne.dk\/mors\/wp-content\/uploads\/2021\/02\/ho8-1-768x69.jpg 768w, https:\/\/kunmedierne.dk\/mors\/wp-content\/uploads\/2021\/02\/ho8-1-600x54.jpg 600w\" sizes=\"auto, (max-width: 1400px) 100vw, 1400px\" \/><\/p>\n<p>SF Thy-Mors har p\u00e5 m\u00f8det mandag aften ogs\u00e5 valgt Morten Bo Bertelsen som spidskandidat i Thisted Kommune. Partiet oplyser desuden, at de \u00f8vrige kandidater bliver udpeget, n\u00e5r det bliver muligt at m\u00f8des igen &#8211; og at flere kandidater har meldt sig p\u00e5 banen.<\/p>\n<p>\u201dVi l\u00e6gger v\u00e6gt p\u00e5, at vores medlemmer inddrages og f\u00e5r mulighed for at p\u00e5virke beslutninger. Det er lettere, n\u00e5r vi forh\u00e5bentligt snart kan holde en generalforsamling, hvor alle har mulighed for at deltage,\u201d siger formand for SF Thy-Mors Thorkil Olesen.<\/p>\n","protected":false},"excerpt":{"rendered":"<p>MORS: P\u00e5 et virtuelt medlemsm\u00f8de mandag aften har SF Thy-Mors valgt sine spidskandidater til kommunalvalget i efter\u00e5ret. Og partiets medlem af kommunalbestyrelsen i Mors\u00f8 Kommune er nu officielt spidskandidat p\u00e5 Mors. Det meddeler SF Thy-Mors i en pressemeddelelse mandag aften. &#8220;I Mors\u00f8 Kommune har SF k\u00e6mpet for b\u00e5de b\u00f8rn, unge og \u00e6ldre samt kultur for [&hellip;]<\/p>\n","protected":false},"author":8,"featured_media":11138,"comment_status":"open","ping_status":"open","sticky":false,"template":"","format":"standard","meta":{"_acf_changed":false,"footnotes":""},"categories":[51],"tags":[167],"class_list":["post-42060","post","type-post","status-publish","format-standard","has-post-thumbnail","hentry","category-lokalt","tag-politik"],"acf":[],"yoast_head":"<!-- This site is optimized with the Yoast SEO plugin v26.8 - https:\/\/yoast.com\/product\/yoast-seo-wordpress\/ -->\n<title>Viggo Vangsgaard er nu officielt spidskandidat for SF - Mors<\/title>\n<meta name=\"robots\" content=\"index, follow, max-snippet:-1, max-image-preview:large, max-video-preview:-1\" \/>\n<link rel=\"canonical\" href=\"https:\/\/kunmedierne.dk\/mors\/viggo-vangsgaard-er-nu-officielt-spidskandidat-for-sf\/\" \/>\n<meta property=\"og:locale\" content=\"da_DK\" \/>\n<meta property=\"og:type\" content=\"article\" \/>\n<meta property=\"og:title\" content=\"Viggo Vangsgaard er nu officielt spidskandidat for SF - Mors\" \/>\n<meta property=\"og:description\" content=\"MORS: P\u00e5 et virtuelt medlemsm\u00f8de mandag aften har SF Thy-Mors valgt sine spidskandidater til kommunalvalget i efter\u00e5ret. Og partiets medlem af kommunalbestyrelsen i Mors\u00f8 Kommune er nu officielt spidskandidat p\u00e5 Mors. Det meddeler SF Thy-Mors i en pressemeddelelse mandag aften. &#8220;I Mors\u00f8 Kommune har SF k\u00e6mpet for b\u00e5de b\u00f8rn, unge og \u00e6ldre samt kultur for [&hellip;]\" \/>\n<meta property=\"og:url\" content=\"https:\/\/kunmedierne.dk\/mors\/viggo-vangsgaard-er-nu-officielt-spidskandidat-for-sf\/\" \/>\n<meta property=\"og:site_name\" content=\"Mors\" \/>\n<meta property=\"article:published_time\" content=\"2021-03-22T20:25:26+00:00\" \/>\n<meta property=\"article:modified_time\" content=\"2024-08-12T11:37:42+00:00\" \/>\n<meta property=\"og:image\" content=\"https:\/\/kunmedierne.dk\/mors\/wp-content\/uploads\/2020\/03\/200304-viggo-vangsgaard-s.jpg\" \/>\n\t<meta property=\"og:image:width\" content=\"770\" \/>\n\t<meta property=\"og:image:height\" content=\"513\" \/>\n\t<meta property=\"og:image:type\" content=\"image\/jpeg\" \/>\n<meta name=\"author\" content=\"David H\u00f8jmark\" \/>\n<meta name=\"twitter:card\" content=\"summary_large_image\" \/>\n<meta name=\"twitter:label1\" content=\"Skrevet af\" \/>\n\t<meta name=\"twitter:data1\" content=\"David H\u00f8jmark\" \/>\n\t<meta name=\"twitter:label2\" content=\"Estimeret l\u00e6setid\" \/>\n\t<meta name=\"twitter:data2\" content=\"2 minutter\" \/>\n<script type=\"application\/ld+json\" class=\"yoast-schema-graph\">{\"@context\":\"https:\/\/schema.org\",\"@graph\":[{\"@type\":\"Article\",\"@id\":\"https:\/\/kunmedierne.dk\/mors\/viggo-vangsgaard-er-nu-officielt-spidskandidat-for-sf\/#article\",\"isPartOf\":{\"@id\":\"https:\/\/kunmedierne.dk\/mors\/viggo-vangsgaard-er-nu-officielt-spidskandidat-for-sf\/\"},\"author\":{\"name\":\"David H\u00f8jmark\",\"@id\":\"https:\/\/kunmedierne.dk\/mors\/#\/schema\/person\/5fe23251bf1d0abbcdc6f7896579d548\"},\"headline\":\"Viggo Vangsgaard er nu officielt spidskandidat for SF\",\"datePublished\":\"2021-03-22T20:25:26+00:00\",\"dateModified\":\"2024-08-12T11:37:42+00:00\",\"mainEntityOfPage\":{\"@id\":\"https:\/\/kunmedierne.dk\/mors\/viggo-vangsgaard-er-nu-officielt-spidskandidat-for-sf\/\"},\"wordCount\":382,\"commentCount\":0,\"publisher\":{\"@id\":\"https:\/\/kunmedierne.dk\/mors\/#organization\"},\"image\":{\"@id\":\"https:\/\/kunmedierne.dk\/mors\/viggo-vangsgaard-er-nu-officielt-spidskandidat-for-sf\/#primaryimage\"},\"thumbnailUrl\":\"https:\/\/kunmedierne.dk\/mors\/wp-content\/uploads\/2020\/03\/200304-viggo-vangsgaard-s.jpg\",\"keywords\":[\"Politik\"],\"articleSection\":[\"Lokalt\"],\"inLanguage\":\"da-DK\",\"potentialAction\":[{\"@type\":\"CommentAction\",\"name\":\"Comment\",\"target\":[\"https:\/\/kunmedierne.dk\/mors\/viggo-vangsgaard-er-nu-officielt-spidskandidat-for-sf\/#respond\"]}]},{\"@type\":\"WebPage\",\"@id\":\"https:\/\/kunmedierne.dk\/mors\/viggo-vangsgaard-er-nu-officielt-spidskandidat-for-sf\/\",\"url\":\"https:\/\/kunmedierne.dk\/mors\/viggo-vangsgaard-er-nu-officielt-spidskandidat-for-sf\/\",\"name\":\"Viggo Vangsgaard er nu officielt spidskandidat for SF - Mors\",\"isPartOf\":{\"@id\":\"https:\/\/kunmedierne.dk\/mors\/#website\"},\"primaryImageOfPage\":{\"@id\":\"https:\/\/kunmedierne.dk\/mors\/viggo-vangsgaard-er-nu-officielt-spidskandidat-for-sf\/#primaryimage\"},\"image\":{\"@id\":\"https:\/\/kunmedierne.dk\/mors\/viggo-vangsgaard-er-nu-officielt-spidskandidat-for-sf\/#primaryimage\"},\"thumbnailUrl\":\"https:\/\/kunmedierne.dk\/mors\/wp-content\/uploads\/2020\/03\/200304-viggo-vangsgaard-s.jpg\",\"datePublished\":\"2021-03-22T20:25:26+00:00\",\"dateModified\":\"2024-08-12T11:37:42+00:00\",\"breadcrumb\":{\"@id\":\"https:\/\/kunmedierne.dk\/mors\/viggo-vangsgaard-er-nu-officielt-spidskandidat-for-sf\/#breadcrumb\"},\"inLanguage\":\"da-DK\",\"potentialAction\":[{\"@type\":\"ReadAction\",\"target\":[\"https:\/\/kunmedierne.dk\/mors\/viggo-vangsgaard-er-nu-officielt-spidskandidat-for-sf\/\"]}]},{\"@type\":\"ImageObject\",\"inLanguage\":\"da-DK\",\"@id\":\"https:\/\/kunmedierne.dk\/mors\/viggo-vangsgaard-er-nu-officielt-spidskandidat-for-sf\/#primaryimage\",\"url\":\"https:\/\/kunmedierne.dk\/mors\/wp-content\/uploads\/2020\/03\/200304-viggo-vangsgaard-s.jpg\",\"contentUrl\":\"https:\/\/kunmedierne.dk\/mors\/wp-content\/uploads\/2020\/03\/200304-viggo-vangsgaard-s.jpg\",\"width\":770,\"height\":513,\"caption\":\"Viggo Vangsgaard (SF). Foto: Per Bech\/Mors\u00f8 Kommune.\"},{\"@type\":\"BreadcrumbList\",\"@id\":\"https:\/\/kunmedierne.dk\/mors\/viggo-vangsgaard-er-nu-officielt-spidskandidat-for-sf\/#breadcrumb\",\"itemListElement\":[{\"@type\":\"ListItem\",\"position\":1,\"name\":\"Hjem\",\"item\":\"https:\/\/kunmedierne.dk\/mors\/\"},{\"@type\":\"ListItem\",\"position\":2,\"name\":\"Viggo Vangsgaard er nu officielt spidskandidat for SF\"}]},{\"@type\":\"WebSite\",\"@id\":\"https:\/\/kunmedierne.dk\/mors\/#website\",\"url\":\"https:\/\/kunmedierne.dk\/mors\/\",\"name\":\"Mors\",\"description\":\"et netmedie med journalistik om livet p\u00e5 Mors\",\"publisher\":{\"@id\":\"https:\/\/kunmedierne.dk\/mors\/#organization\"},\"potentialAction\":[{\"@type\":\"SearchAction\",\"target\":{\"@type\":\"EntryPoint\",\"urlTemplate\":\"https:\/\/kunmedierne.dk\/mors\/?s={search_term_string}\"},\"query-input\":{\"@type\":\"PropertyValueSpecification\",\"valueRequired\":true,\"valueName\":\"search_term_string\"}}],\"inLanguage\":\"da-DK\"},{\"@type\":\"Organization\",\"@id\":\"https:\/\/kunmedierne.dk\/mors\/#organization\",\"name\":\"Mors\",\"url\":\"https:\/\/kunmedierne.dk\/mors\/\",\"logo\":{\"@type\":\"ImageObject\",\"inLanguage\":\"da-DK\",\"@id\":\"https:\/\/kunmedierne.dk\/mors\/#\/schema\/logo\/image\/\",\"url\":\"https:\/\/kunmedierne.dk\/mors\/wp-content\/uploads\/2024\/08\/kunmors-logo.svg\",\"contentUrl\":\"https:\/\/kunmedierne.dk\/mors\/wp-content\/uploads\/2024\/08\/kunmors-logo.svg\",\"caption\":\"Mors\"},\"image\":{\"@id\":\"https:\/\/kunmedierne.dk\/mors\/#\/schema\/logo\/image\/\"}},{\"@type\":\"Person\",\"@id\":\"https:\/\/kunmedierne.dk\/mors\/#\/schema\/person\/5fe23251bf1d0abbcdc6f7896579d548\",\"name\":\"David H\u00f8jmark\",\"image\":{\"@type\":\"ImageObject\",\"inLanguage\":\"da-DK\",\"@id\":\"https:\/\/kunmedierne.dk\/mors\/#\/schema\/person\/image\/\",\"url\":\"https:\/\/secure.gravatar.com\/avatar\/4315d6fb9ef244d729989f5f90268eb08d5bf8a3d84402f595fa194bb35784fd?s=96&d=mm&r=g\",\"contentUrl\":\"https:\/\/secure.gravatar.com\/avatar\/4315d6fb9ef244d729989f5f90268eb08d5bf8a3d84402f595fa194bb35784fd?s=96&d=mm&r=g\",\"caption\":\"David H\u00f8jmark\"},\"sameAs\":[\"https:\/\/www.kunmedierne.dk\"],\"url\":\"https:\/\/kunmedierne.dk\/mors\/author\/david\/\"}]}<\/script>\n<!-- \/ Yoast SEO plugin. -->","yoast_head_json":{"title":"Viggo Vangsgaard er nu officielt spidskandidat for SF - Mors","robots":{"index":"index","follow":"follow","max-snippet":"max-snippet:-1","max-image-preview":"max-image-preview:large","max-video-preview":"max-video-preview:-1"},"canonical":"https:\/\/kunmedierne.dk\/mors\/viggo-vangsgaard-er-nu-officielt-spidskandidat-for-sf\/","og_locale":"da_DK","og_type":"article","og_title":"Viggo Vangsgaard er nu officielt spidskandidat for SF - Mors","og_description":"MORS: P\u00e5 et virtuelt medlemsm\u00f8de mandag aften har SF Thy-Mors valgt sine spidskandidater til kommunalvalget i efter\u00e5ret. Og partiets medlem af kommunalbestyrelsen i Mors\u00f8 Kommune er nu officielt spidskandidat p\u00e5 Mors. Det meddeler SF Thy-Mors i en pressemeddelelse mandag aften. &#8220;I Mors\u00f8 Kommune har SF k\u00e6mpet for b\u00e5de b\u00f8rn, unge og \u00e6ldre samt kultur for [&hellip;]","og_url":"https:\/\/kunmedierne.dk\/mors\/viggo-vangsgaard-er-nu-officielt-spidskandidat-for-sf\/","og_site_name":"Mors","article_published_time":"2021-03-22T20:25:26+00:00","article_modified_time":"2024-08-12T11:37:42+00:00","og_image":[{"width":770,"height":513,"url":"https:\/\/kunmedierne.dk\/mors\/wp-content\/uploads\/2020\/03\/200304-viggo-vangsgaard-s.jpg","type":"image\/jpeg"}],"author":"David H\u00f8jmark","twitter_card":"summary_large_image","twitter_misc":{"Skrevet af":"David H\u00f8jmark","Estimeret l\u00e6setid":"2 minutter"},"schema":{"@context":"https:\/\/schema.org","@graph":[{"@type":"Article","@id":"https:\/\/kunmedierne.dk\/mors\/viggo-vangsgaard-er-nu-officielt-spidskandidat-for-sf\/#article","isPartOf":{"@id":"https:\/\/kunmedierne.dk\/mors\/viggo-vangsgaard-er-nu-officielt-spidskandidat-for-sf\/"},"author":{"name":"David H\u00f8jmark","@id":"https:\/\/kunmedierne.dk\/mors\/#\/schema\/person\/5fe23251bf1d0abbcdc6f7896579d548"},"headline":"Viggo Vangsgaard er nu officielt spidskandidat for SF","datePublished":"2021-03-22T20:25:26+00:00","dateModified":"2024-08-12T11:37:42+00:00","mainEntityOfPage":{"@id":"https:\/\/kunmedierne.dk\/mors\/viggo-vangsgaard-er-nu-officielt-spidskandidat-for-sf\/"},"wordCount":382,"commentCount":0,"publisher":{"@id":"https:\/\/kunmedierne.dk\/mors\/#organization"},"image":{"@id":"https:\/\/kunmedierne.dk\/mors\/viggo-vangsgaard-er-nu-officielt-spidskandidat-for-sf\/#primaryimage"},"thumbnailUrl":"https:\/\/kunmedierne.dk\/mors\/wp-content\/uploads\/2020\/03\/200304-viggo-vangsgaard-s.jpg","keywords":["Politik"],"articleSection":["Lokalt"],"inLanguage":"da-DK","potentialAction":[{"@type":"CommentAction","name":"Comment","target":["https:\/\/kunmedierne.dk\/mors\/viggo-vangsgaard-er-nu-officielt-spidskandidat-for-sf\/#respond"]}]},{"@type":"WebPage","@id":"https:\/\/kunmedierne.dk\/mors\/viggo-vangsgaard-er-nu-officielt-spidskandidat-for-sf\/","url":"https:\/\/kunmedierne.dk\/mors\/viggo-vangsgaard-er-nu-officielt-spidskandidat-for-sf\/","name":"Viggo Vangsgaard er nu officielt spidskandidat for SF - Mors","isPartOf":{"@id":"https:\/\/kunmedierne.dk\/mors\/#website"},"primaryImageOfPage":{"@id":"https:\/\/kunmedierne.dk\/mors\/viggo-vangsgaard-er-nu-officielt-spidskandidat-for-sf\/#primaryimage"},"image":{"@id":"https:\/\/kunmedierne.dk\/mors\/viggo-vangsgaard-er-nu-officielt-spidskandidat-for-sf\/#primaryimage"},"thumbnailUrl":"https:\/\/kunmedierne.dk\/mors\/wp-content\/uploads\/2020\/03\/200304-viggo-vangsgaard-s.jpg","datePublished":"2021-03-22T20:25:26+00:00","dateModified":"2024-08-12T11:37:42+00:00","breadcrumb":{"@id":"https:\/\/kunmedierne.dk\/mors\/viggo-vangsgaard-er-nu-officielt-spidskandidat-for-sf\/#breadcrumb"},"inLanguage":"da-DK","potentialAction":[{"@type":"ReadAction","target":["https:\/\/kunmedierne.dk\/mors\/viggo-vangsgaard-er-nu-officielt-spidskandidat-for-sf\/"]}]},{"@type":"ImageObject","inLanguage":"da-DK","@id":"https:\/\/kunmedierne.dk\/mors\/viggo-vangsgaard-er-nu-officielt-spidskandidat-for-sf\/#primaryimage","url":"https:\/\/kunmedierne.dk\/mors\/wp-content\/uploads\/2020\/03\/200304-viggo-vangsgaard-s.jpg","contentUrl":"https:\/\/kunmedierne.dk\/mors\/wp-content\/uploads\/2020\/03\/200304-viggo-vangsgaard-s.jpg","width":770,"height":513,"caption":"Viggo Vangsgaard (SF). Foto: Per Bech\/Mors\u00f8 Kommune."},{"@type":"BreadcrumbList","@id":"https:\/\/kunmedierne.dk\/mors\/viggo-vangsgaard-er-nu-officielt-spidskandidat-for-sf\/#breadcrumb","itemListElement":[{"@type":"ListItem","position":1,"name":"Hjem","item":"https:\/\/kunmedierne.dk\/mors\/"},{"@type":"ListItem","position":2,"name":"Viggo Vangsgaard er nu officielt spidskandidat for SF"}]},{"@type":"WebSite","@id":"https:\/\/kunmedierne.dk\/mors\/#website","url":"https:\/\/kunmedierne.dk\/mors\/","name":"Mors","description":"et netmedie med journalistik om livet p\u00e5 Mors","publisher":{"@id":"https:\/\/kunmedierne.dk\/mors\/#organization"},"potentialAction":[{"@type":"SearchAction","target":{"@type":"EntryPoint","urlTemplate":"https:\/\/kunmedierne.dk\/mors\/?s={search_term_string}"},"query-input":{"@type":"PropertyValueSpecification","valueRequired":true,"valueName":"search_term_string"}}],"inLanguage":"da-DK"},{"@type":"Organization","@id":"https:\/\/kunmedierne.dk\/mors\/#organization","name":"Mors","url":"https:\/\/kunmedierne.dk\/mors\/","logo":{"@type":"ImageObject","inLanguage":"da-DK","@id":"https:\/\/kunmedierne.dk\/mors\/#\/schema\/logo\/image\/","url":"https:\/\/kunmedierne.dk\/mors\/wp-content\/uploads\/2024\/08\/kunmors-logo.svg","contentUrl":"https:\/\/kunmedierne.dk\/mors\/wp-content\/uploads\/2024\/08\/kunmors-logo.svg","caption":"Mors"},"image":{"@id":"https:\/\/kunmedierne.dk\/mors\/#\/schema\/logo\/image\/"}},{"@type":"Person","@id":"https:\/\/kunmedierne.dk\/mors\/#\/schema\/person\/5fe23251bf1d0abbcdc6f7896579d548","name":"David H\u00f8jmark","image":{"@type":"ImageObject","inLanguage":"da-DK","@id":"https:\/\/kunmedierne.dk\/mors\/#\/schema\/person\/image\/","url":"https:\/\/secure.gravatar.com\/avatar\/4315d6fb9ef244d729989f5f90268eb08d5bf8a3d84402f595fa194bb35784fd?s=96&d=mm&r=g","contentUrl":"https:\/\/secure.gravatar.com\/avatar\/4315d6fb9ef244d729989f5f90268eb08d5bf8a3d84402f595fa194bb35784fd?s=96&d=mm&r=g","caption":"David H\u00f8jmark"},"sameAs":["https:\/\/www.kunmedierne.dk"],"url":"https:\/\/kunmedierne.dk\/mors\/author\/david\/"}]}},"_links":{"self":[{"href":"https:\/\/kunmedierne.dk\/mors\/wp-json\/wp\/v2\/posts\/42060","targetHints":{"allow":["GET"]}}],"collection":[{"href":"https:\/\/kunmedierne.dk\/mors\/wp-json\/wp\/v2\/posts"}],"about":[{"href":"https:\/\/kunmedierne.dk\/mors\/wp-json\/wp\/v2\/types\/post"}],"author":[{"embeddable":true,"href":"https:\/\/kunmedierne.dk\/mors\/wp-json\/wp\/v2\/users\/8"}],"replies":[{"embeddable":true,"href":"https:\/\/kunmedierne.dk\/mors\/wp-json\/wp\/v2\/comments?post=42060"}],"version-history":[{"count":1,"href":"https:\/\/kunmedierne.dk\/mors\/wp-json\/wp\/v2\/posts\/42060\/revisions"}],"predecessor-version":[{"id":42061,"href":"https:\/\/kunmedierne.dk\/mors\/wp-json\/wp\/v2\/posts\/42060\/revisions\/42061"}],"wp:featuredmedia":[{"embeddable":true,"href":"https:\/\/kunmedierne.dk\/mors\/wp-json\/wp\/v2\/media\/11138"}],"wp:attachment":[{"href":"https:\/\/kunmedierne.dk\/mors\/wp-json\/wp\/v2\/media?parent=42060"}],"wp:term":[{"taxonomy":"category","embeddable":true,"href":"https:\/\/kunmedierne.dk\/mors\/wp-json\/wp\/v2\/categories?post=42060"},{"taxonomy":"post_tag","embeddable":true,"href":"https:\/\/kunmedierne.dk\/mors\/wp-json\/wp\/v2\/tags?post=42060"}],"curies":[{"name":"wp","href":"https:\/\/api.w.org\/{rel}","templated":true}]}}