{"id":4196,"date":"2020-01-31T22:25:18","date_gmt":"2020-01-31T21:25:18","guid":{"rendered":"https:\/\/kunmedierne.dk\/mors\/?p=4196"},"modified":"2024-08-12T14:07:42","modified_gmt":"2024-08-12T12:07:42","slug":"lys-i-moerket-paa-aarets-foerste-by-night","status":"publish","type":"post","link":"https:\/\/kunmedierne.dk\/mors\/lys-i-moerket-paa-aarets-foerste-by-night\/","title":{"rendered":"Lys i m\u00f8rket p\u00e5 \u00e5rets f\u00f8rste by night"},"content":{"rendered":"<p><strong>NYK\u00d8BING<\/strong>: &#8220;Det er i hvert fald ogs\u00e5 hyggeligt, det der!&#8221;<\/p>\n<p>En glad damestemme lyser op i m\u00f8rket en halv time f\u00f8r lukketid for \u00e5rets f\u00f8rste by night. Uden for Annex&#8217;Z i Nyk\u00f8bings g\u00e5gade s\u00e6tter stemmen to par f\u00f8dder i holdt, mens damen og hendes mand kigger p\u00e5 butiksfacaden, der som en rigtig butik med brugskunst naturligvis har gjort lidt ekstra ud af pyntningen.<\/p>\n<p>Der er jo ogs\u00e5 en konkurrence i gang, og i l\u00f8bet af den kommende uge vil en Facebook-afstemning afg\u00f8re, hvilken butik der var bedst til at lyse kreativt op i m\u00f8rket. Men egentlig kunne man ogs\u00e5 lave en konkurrence i at finde de gladeste kunder &#8211; og s\u00e5 ellers have sv\u00e6rt ved at beslutte sig.<\/p>\n<p>For i denne vinters sidste tur med januarm\u00f8rke bliver der summet og hygget til ud p\u00e5 aftenen &#8211; ogs\u00e5 hos dem, der endnu ikke har shoppet.<\/p>\n<p>&#8220;Vi er lige kommet fra Restaurant Limfjorden, hvor vi har v\u00e6ret ned og spise,&#8221; lyder det begejstret fra Erling Christensen, der sammen med sin kone Ulla nu har en halv time til at s\u00e6tte trumf p\u00e5 en god aften.<\/p>\n<p>Erling tager till\u00f8b til det med en m\u00e5lbevidst beslutsomhed i stemmen:<\/p>\n<p>&#8220;Nu skal vi se den nye chokoladebutik!&#8221;<\/p>\n<p>&nbsp;<\/p>\n<h4><strong>H\u00f8jt hum\u00f8r i Vild med l\u00e6kkerier<\/strong><\/h4>\n<p>Her er hum\u00f8ret ogs\u00e5 h\u00f8jt bag kassen. Ikke mindst hos indehaveren af Vild med l\u00e6kkerier, Lisbeth Overgaard, der under indpakning af en kurv med gourmetvarer puster begejstret ud.<\/p>\n<div id=\"attachment_4228\" style=\"width: 310px\" class=\"wp-caption alignright\"><img loading=\"lazy\" decoding=\"async\" aria-describedby=\"caption-attachment-4228\" class=\"size-medium wp-image-4228\" src=\"https:\/\/kunmedierne.dk\/mors\/wp-content\/uploads\/2020\/01\/200131-by-night-10-300x200.jpg\" alt=\"\" width=\"300\" height=\"200\" srcset=\"https:\/\/kunmedierne.dk\/mors\/wp-content\/uploads\/2020\/01\/200131-by-night-10-300x200.jpg 300w, https:\/\/kunmedierne.dk\/mors\/wp-content\/uploads\/2020\/01\/200131-by-night-10-768x512.jpg 768w, https:\/\/kunmedierne.dk\/mors\/wp-content\/uploads\/2020\/01\/200131-by-night-10-360x240.jpg 360w, https:\/\/kunmedierne.dk\/mors\/wp-content\/uploads\/2020\/01\/200131-by-night-10-600x400.jpg 600w, https:\/\/kunmedierne.dk\/mors\/wp-content\/uploads\/2020\/01\/200131-by-night-10.jpg 770w\" sizes=\"auto, (max-width: 300px) 100vw, 300px\" \/><p id=\"caption-attachment-4228\" class=\"wp-caption-text\">S\u00f8strene Emmy og Hanne roste Vild med l\u00e6kkerier for altid at have l\u00e6kre tilbud.<\/p><\/div>\n<p>&#8220;Den bev\u00e6gelse har jeg lavet mange gange i dag. Mindst 300 gange,&#8221; siger hun og fort\u00e6ller lidt senere KunMors om en f\u00f8rste dag p\u00e5 ny adresse langt over det forventede.<\/p>\n<p>&#8220;Det har v\u00e6ret en fantastisk dag. Den bedste dag, jeg nogensinde har haft p\u00e5 Mors,&#8221; siger hun efter mere end tre \u00e5r p\u00e5 Raadhustorvet og nu n\u00e6sten en hel dag i Algade.<\/p>\n<p>Hun gl\u00e6der sig ikke mindst over, at kunderne har taget godt imod muligheden for at s\u00e6tte sig ned og hygge med en kop kaffe, chokolade eller m\u00e5ske et glas vin. Mens KunMors er forbi, er stole og borde t\u00e6t p\u00e5 fuldt besatte, og travlheden har v\u00e6ret markant hele dagen, fort\u00e6ller Lisbeth Overgaard.<\/p>\n<p>&#8220;S\u00e5 jeg er tr\u00e6t, men saftsuseme glad,&#8221; siger hun.<\/p>\n<p>&nbsp;<\/p>\n<div id=\"attachment_4234\" style=\"width: 310px\" class=\"wp-caption alignright\"><img loading=\"lazy\" decoding=\"async\" aria-describedby=\"caption-attachment-4234\" class=\"size-medium wp-image-4234\" src=\"https:\/\/kunmedierne.dk\/mors\/wp-content\/uploads\/2020\/01\/200131-by-night-lisbeth-overgaard-vild-med-l\u00e6kkerier-1-300x200.jpg\" alt=\"\" width=\"300\" height=\"200\" srcset=\"https:\/\/kunmedierne.dk\/mors\/wp-content\/uploads\/2020\/01\/200131-by-night-lisbeth-overgaard-vild-med-l\u00e6kkerier-1-300x200.jpg 300w, https:\/\/kunmedierne.dk\/mors\/wp-content\/uploads\/2020\/01\/200131-by-night-lisbeth-overgaard-vild-med-l\u00e6kkerier-1-768x512.jpg 768w, https:\/\/kunmedierne.dk\/mors\/wp-content\/uploads\/2020\/01\/200131-by-night-lisbeth-overgaard-vild-med-l\u00e6kkerier-1-360x240.jpg 360w, https:\/\/kunmedierne.dk\/mors\/wp-content\/uploads\/2020\/01\/200131-by-night-lisbeth-overgaard-vild-med-l\u00e6kkerier-1-600x400.jpg 600w, https:\/\/kunmedierne.dk\/mors\/wp-content\/uploads\/2020\/01\/200131-by-night-lisbeth-overgaard-vild-med-l\u00e6kkerier-1.jpg 770w\" sizes=\"auto, (max-width: 300px) 100vw, 300px\" \/><p id=\"caption-attachment-4234\" class=\"wp-caption-text\">Lisbeth Overgaard meldte om en stor f\u00f8rstedag i Algade.<\/p><\/div>\n<h4>Imponeret g\u00e6st fra Viborg<\/h4>\n<p>Det er Preben Laustsen ogs\u00e5. Den rutinerede vinhandler melder om en god og ikke mindst lang dag.<\/p>\n<p>&#8220;Vi lukkede den f\u00f8rste g\u00e6st ind klokken 10 minutter i ni. Der stod en og bankede p\u00e5,&#8221; griner han og fort\u00e6ller ogs\u00e5 om en kunde, der var overrasket over at st\u00f8de p\u00e5 by night i januar.<\/p>\n<p>&#8220;Der kom en udefra. En fra Viborg. Han spurgte, hvor l\u00e6nge vi har lavet s\u00e5dan nogle arrangementer. Det er rart at h\u00f8re, for s\u00e5 g\u00f8r vi jo noget rigtigt,&#8221; siger Preben Laustsen.<\/p>\n<p>Claus S\u00f8rensen i Sportigan melder ogs\u00e5 om travlhed.<\/p>\n<p>&#8220;Det har helt sikkert v\u00e6ret en rigtig fin dag. Vi har det princip, at vi f\u00f8rst starter udsalget lidt senere, s\u00e5 vi er f\u00f8rst startet i dag. Men vi kan ikke klage over dagen, den har v\u00e6ret fin,&#8221; siger han.<\/p>\n<p>Det samme g\u00f8r Michael Hansen, indehaver af Clock Huset og formand for Mors\u00f8 Handelsstandsforening, der st\u00e5r bag by night-arrangementerne.<\/p>\n<p>&#8220;Jeg synes, det har v\u00e6ret godt. Jeg har v\u00e6ret ude p\u00e5 gaden og kigge flere gange, og der har v\u00e6ret mennesker hele tiden. De butikker, jeg har snakket med, har ogs\u00e5 v\u00e6ret tilfredse,&#8221; siger han.<\/p>\n<p>N\u00e6ste by night i Nyk\u00f8bing er 8. april. Det bliver med jazztema som supplement til butikkernes tilbud.<\/p>\n<p>&nbsp;<\/p>\n","protected":false},"excerpt":{"rendered":"<p>NYK\u00d8BING: &#8220;Det er i hvert fald ogs\u00e5 hyggeligt, det der!&#8221; En glad damestemme lyser op i m\u00f8rket en halv time f\u00f8r lukketid for \u00e5rets f\u00f8rste by night. Uden for Annex&#8217;Z i Nyk\u00f8bings g\u00e5gade s\u00e6tter stemmen to par f\u00f8dder i holdt, mens damen og hendes mand kigger p\u00e5 butiksfacaden, der som en rigtig butik med brugskunst [&hellip;]<\/p>\n","protected":false},"author":8,"featured_media":4232,"comment_status":"open","ping_status":"open","sticky":false,"template":"","format":"gallery","meta":{"_acf_changed":false,"footnotes":""},"categories":[51],"tags":[160],"class_list":["post-4196","post","type-post","status-publish","format-gallery","has-post-thumbnail","hentry","category-lokalt","tag-handel","post_format-post-format-gallery"],"acf":[],"yoast_head":"<!-- This site is optimized with the Yoast SEO plugin v26.8 - https:\/\/yoast.com\/product\/yoast-seo-wordpress\/ -->\n<title>Lys i m\u00f8rket p\u00e5 \u00e5rets f\u00f8rste by night - Mors<\/title>\n<meta name=\"robots\" content=\"index, follow, max-snippet:-1, max-image-preview:large, max-video-preview:-1\" \/>\n<link rel=\"canonical\" href=\"https:\/\/kunmedierne.dk\/mors\/lys-i-moerket-paa-aarets-foerste-by-night\/\" \/>\n<meta property=\"og:locale\" content=\"da_DK\" \/>\n<meta property=\"og:type\" content=\"article\" \/>\n<meta property=\"og:title\" content=\"Lys i m\u00f8rket p\u00e5 \u00e5rets f\u00f8rste by night - Mors\" \/>\n<meta property=\"og:description\" content=\"NYK\u00d8BING: &#8220;Det er i hvert fald ogs\u00e5 hyggeligt, det der!&#8221; En glad damestemme lyser op i m\u00f8rket en halv time f\u00f8r lukketid for \u00e5rets f\u00f8rste by night. Uden for Annex&#8217;Z i Nyk\u00f8bings g\u00e5gade s\u00e6tter stemmen to par f\u00f8dder i holdt, mens damen og hendes mand kigger p\u00e5 butiksfacaden, der som en rigtig butik med brugskunst [&hellip;]\" \/>\n<meta property=\"og:url\" content=\"https:\/\/kunmedierne.dk\/mors\/lys-i-moerket-paa-aarets-foerste-by-night\/\" \/>\n<meta property=\"og:site_name\" content=\"Mors\" \/>\n<meta property=\"article:published_time\" content=\"2020-01-31T21:25:18+00:00\" \/>\n<meta property=\"article:modified_time\" content=\"2024-08-12T12:07:42+00:00\" \/>\n<meta property=\"og:image\" content=\"https:\/\/kunmedierne.dk\/mors\/wp-content\/uploads\/2020\/01\/200131-by-night-3.jpg\" \/>\n\t<meta property=\"og:image:width\" content=\"770\" \/>\n\t<meta property=\"og:image:height\" content=\"513\" \/>\n\t<meta property=\"og:image:type\" content=\"image\/jpeg\" \/>\n<meta name=\"author\" content=\"David H\u00f8jmark\" \/>\n<meta name=\"twitter:card\" content=\"summary_large_image\" \/>\n<meta name=\"twitter:label1\" content=\"Skrevet af\" \/>\n\t<meta name=\"twitter:data1\" content=\"David H\u00f8jmark\" \/>\n\t<meta name=\"twitter:label2\" content=\"Estimeret l\u00e6setid\" \/>\n\t<meta name=\"twitter:data2\" content=\"3 minutter\" \/>\n<script type=\"application\/ld+json\" class=\"yoast-schema-graph\">{\"@context\":\"https:\/\/schema.org\",\"@graph\":[{\"@type\":\"Article\",\"@id\":\"https:\/\/kunmedierne.dk\/mors\/lys-i-moerket-paa-aarets-foerste-by-night\/#article\",\"isPartOf\":{\"@id\":\"https:\/\/kunmedierne.dk\/mors\/lys-i-moerket-paa-aarets-foerste-by-night\/\"},\"author\":{\"name\":\"David H\u00f8jmark\",\"@id\":\"https:\/\/kunmedierne.dk\/mors\/#\/schema\/person\/5fe23251bf1d0abbcdc6f7896579d548\"},\"headline\":\"Lys i m\u00f8rket p\u00e5 \u00e5rets f\u00f8rste by night\",\"datePublished\":\"2020-01-31T21:25:18+00:00\",\"dateModified\":\"2024-08-12T12:07:42+00:00\",\"mainEntityOfPage\":{\"@id\":\"https:\/\/kunmedierne.dk\/mors\/lys-i-moerket-paa-aarets-foerste-by-night\/\"},\"wordCount\":675,\"commentCount\":0,\"publisher\":{\"@id\":\"https:\/\/kunmedierne.dk\/mors\/#organization\"},\"image\":{\"@id\":\"https:\/\/kunmedierne.dk\/mors\/lys-i-moerket-paa-aarets-foerste-by-night\/#primaryimage\"},\"thumbnailUrl\":\"https:\/\/kunmedierne.dk\/mors\/wp-content\/uploads\/2020\/01\/200131-by-night-3.jpg\",\"keywords\":[\"Handel\"],\"articleSection\":[\"Lokalt\"],\"inLanguage\":\"da-DK\",\"potentialAction\":[{\"@type\":\"CommentAction\",\"name\":\"Comment\",\"target\":[\"https:\/\/kunmedierne.dk\/mors\/lys-i-moerket-paa-aarets-foerste-by-night\/#respond\"]}]},{\"@type\":\"WebPage\",\"@id\":\"https:\/\/kunmedierne.dk\/mors\/lys-i-moerket-paa-aarets-foerste-by-night\/\",\"url\":\"https:\/\/kunmedierne.dk\/mors\/lys-i-moerket-paa-aarets-foerste-by-night\/\",\"name\":\"Lys i m\u00f8rket p\u00e5 \u00e5rets f\u00f8rste by night - Mors\",\"isPartOf\":{\"@id\":\"https:\/\/kunmedierne.dk\/mors\/#website\"},\"primaryImageOfPage\":{\"@id\":\"https:\/\/kunmedierne.dk\/mors\/lys-i-moerket-paa-aarets-foerste-by-night\/#primaryimage\"},\"image\":{\"@id\":\"https:\/\/kunmedierne.dk\/mors\/lys-i-moerket-paa-aarets-foerste-by-night\/#primaryimage\"},\"thumbnailUrl\":\"https:\/\/kunmedierne.dk\/mors\/wp-content\/uploads\/2020\/01\/200131-by-night-3.jpg\",\"datePublished\":\"2020-01-31T21:25:18+00:00\",\"dateModified\":\"2024-08-12T12:07:42+00:00\",\"breadcrumb\":{\"@id\":\"https:\/\/kunmedierne.dk\/mors\/lys-i-moerket-paa-aarets-foerste-by-night\/#breadcrumb\"},\"inLanguage\":\"da-DK\",\"potentialAction\":[{\"@type\":\"ReadAction\",\"target\":[\"https:\/\/kunmedierne.dk\/mors\/lys-i-moerket-paa-aarets-foerste-by-night\/\"]}]},{\"@type\":\"ImageObject\",\"inLanguage\":\"da-DK\",\"@id\":\"https:\/\/kunmedierne.dk\/mors\/lys-i-moerket-paa-aarets-foerste-by-night\/#primaryimage\",\"url\":\"https:\/\/kunmedierne.dk\/mors\/wp-content\/uploads\/2020\/01\/200131-by-night-3.jpg\",\"contentUrl\":\"https:\/\/kunmedierne.dk\/mors\/wp-content\/uploads\/2020\/01\/200131-by-night-3.jpg\",\"width\":770,\"height\":513},{\"@type\":\"BreadcrumbList\",\"@id\":\"https:\/\/kunmedierne.dk\/mors\/lys-i-moerket-paa-aarets-foerste-by-night\/#breadcrumb\",\"itemListElement\":[{\"@type\":\"ListItem\",\"position\":1,\"name\":\"Hjem\",\"item\":\"https:\/\/kunmedierne.dk\/mors\/\"},{\"@type\":\"ListItem\",\"position\":2,\"name\":\"Lys i m\u00f8rket p\u00e5 \u00e5rets f\u00f8rste by night\"}]},{\"@type\":\"WebSite\",\"@id\":\"https:\/\/kunmedierne.dk\/mors\/#website\",\"url\":\"https:\/\/kunmedierne.dk\/mors\/\",\"name\":\"Mors\",\"description\":\"et netmedie med journalistik om livet p\u00e5 Mors\",\"publisher\":{\"@id\":\"https:\/\/kunmedierne.dk\/mors\/#organization\"},\"potentialAction\":[{\"@type\":\"SearchAction\",\"target\":{\"@type\":\"EntryPoint\",\"urlTemplate\":\"https:\/\/kunmedierne.dk\/mors\/?s={search_term_string}\"},\"query-input\":{\"@type\":\"PropertyValueSpecification\",\"valueRequired\":true,\"valueName\":\"search_term_string\"}}],\"inLanguage\":\"da-DK\"},{\"@type\":\"Organization\",\"@id\":\"https:\/\/kunmedierne.dk\/mors\/#organization\",\"name\":\"Mors\",\"url\":\"https:\/\/kunmedierne.dk\/mors\/\",\"logo\":{\"@type\":\"ImageObject\",\"inLanguage\":\"da-DK\",\"@id\":\"https:\/\/kunmedierne.dk\/mors\/#\/schema\/logo\/image\/\",\"url\":\"https:\/\/kunmedierne.dk\/mors\/wp-content\/uploads\/2024\/08\/kunmors-logo.svg\",\"contentUrl\":\"https:\/\/kunmedierne.dk\/mors\/wp-content\/uploads\/2024\/08\/kunmors-logo.svg\",\"caption\":\"Mors\"},\"image\":{\"@id\":\"https:\/\/kunmedierne.dk\/mors\/#\/schema\/logo\/image\/\"}},{\"@type\":\"Person\",\"@id\":\"https:\/\/kunmedierne.dk\/mors\/#\/schema\/person\/5fe23251bf1d0abbcdc6f7896579d548\",\"name\":\"David H\u00f8jmark\",\"image\":{\"@type\":\"ImageObject\",\"inLanguage\":\"da-DK\",\"@id\":\"https:\/\/kunmedierne.dk\/mors\/#\/schema\/person\/image\/\",\"url\":\"https:\/\/secure.gravatar.com\/avatar\/4315d6fb9ef244d729989f5f90268eb08d5bf8a3d84402f595fa194bb35784fd?s=96&d=mm&r=g\",\"contentUrl\":\"https:\/\/secure.gravatar.com\/avatar\/4315d6fb9ef244d729989f5f90268eb08d5bf8a3d84402f595fa194bb35784fd?s=96&d=mm&r=g\",\"caption\":\"David H\u00f8jmark\"},\"sameAs\":[\"https:\/\/www.kunmedierne.dk\"],\"url\":\"https:\/\/kunmedierne.dk\/mors\/author\/david\/\"}]}<\/script>\n<!-- \/ Yoast SEO plugin. -->","yoast_head_json":{"title":"Lys i m\u00f8rket p\u00e5 \u00e5rets f\u00f8rste by night - Mors","robots":{"index":"index","follow":"follow","max-snippet":"max-snippet:-1","max-image-preview":"max-image-preview:large","max-video-preview":"max-video-preview:-1"},"canonical":"https:\/\/kunmedierne.dk\/mors\/lys-i-moerket-paa-aarets-foerste-by-night\/","og_locale":"da_DK","og_type":"article","og_title":"Lys i m\u00f8rket p\u00e5 \u00e5rets f\u00f8rste by night - Mors","og_description":"NYK\u00d8BING: &#8220;Det er i hvert fald ogs\u00e5 hyggeligt, det der!&#8221; En glad damestemme lyser op i m\u00f8rket en halv time f\u00f8r lukketid for \u00e5rets f\u00f8rste by night. Uden for Annex&#8217;Z i Nyk\u00f8bings g\u00e5gade s\u00e6tter stemmen to par f\u00f8dder i holdt, mens damen og hendes mand kigger p\u00e5 butiksfacaden, der som en rigtig butik med brugskunst [&hellip;]","og_url":"https:\/\/kunmedierne.dk\/mors\/lys-i-moerket-paa-aarets-foerste-by-night\/","og_site_name":"Mors","article_published_time":"2020-01-31T21:25:18+00:00","article_modified_time":"2024-08-12T12:07:42+00:00","og_image":[{"width":770,"height":513,"url":"https:\/\/kunmedierne.dk\/mors\/wp-content\/uploads\/2020\/01\/200131-by-night-3.jpg","type":"image\/jpeg"}],"author":"David H\u00f8jmark","twitter_card":"summary_large_image","twitter_misc":{"Skrevet af":"David H\u00f8jmark","Estimeret l\u00e6setid":"3 minutter"},"schema":{"@context":"https:\/\/schema.org","@graph":[{"@type":"Article","@id":"https:\/\/kunmedierne.dk\/mors\/lys-i-moerket-paa-aarets-foerste-by-night\/#article","isPartOf":{"@id":"https:\/\/kunmedierne.dk\/mors\/lys-i-moerket-paa-aarets-foerste-by-night\/"},"author":{"name":"David H\u00f8jmark","@id":"https:\/\/kunmedierne.dk\/mors\/#\/schema\/person\/5fe23251bf1d0abbcdc6f7896579d548"},"headline":"Lys i m\u00f8rket p\u00e5 \u00e5rets f\u00f8rste by night","datePublished":"2020-01-31T21:25:18+00:00","dateModified":"2024-08-12T12:07:42+00:00","mainEntityOfPage":{"@id":"https:\/\/kunmedierne.dk\/mors\/lys-i-moerket-paa-aarets-foerste-by-night\/"},"wordCount":675,"commentCount":0,"publisher":{"@id":"https:\/\/kunmedierne.dk\/mors\/#organization"},"image":{"@id":"https:\/\/kunmedierne.dk\/mors\/lys-i-moerket-paa-aarets-foerste-by-night\/#primaryimage"},"thumbnailUrl":"https:\/\/kunmedierne.dk\/mors\/wp-content\/uploads\/2020\/01\/200131-by-night-3.jpg","keywords":["Handel"],"articleSection":["Lokalt"],"inLanguage":"da-DK","potentialAction":[{"@type":"CommentAction","name":"Comment","target":["https:\/\/kunmedierne.dk\/mors\/lys-i-moerket-paa-aarets-foerste-by-night\/#respond"]}]},{"@type":"WebPage","@id":"https:\/\/kunmedierne.dk\/mors\/lys-i-moerket-paa-aarets-foerste-by-night\/","url":"https:\/\/kunmedierne.dk\/mors\/lys-i-moerket-paa-aarets-foerste-by-night\/","name":"Lys i m\u00f8rket p\u00e5 \u00e5rets f\u00f8rste by night - Mors","isPartOf":{"@id":"https:\/\/kunmedierne.dk\/mors\/#website"},"primaryImageOfPage":{"@id":"https:\/\/kunmedierne.dk\/mors\/lys-i-moerket-paa-aarets-foerste-by-night\/#primaryimage"},"image":{"@id":"https:\/\/kunmedierne.dk\/mors\/lys-i-moerket-paa-aarets-foerste-by-night\/#primaryimage"},"thumbnailUrl":"https:\/\/kunmedierne.dk\/mors\/wp-content\/uploads\/2020\/01\/200131-by-night-3.jpg","datePublished":"2020-01-31T21:25:18+00:00","dateModified":"2024-08-12T12:07:42+00:00","breadcrumb":{"@id":"https:\/\/kunmedierne.dk\/mors\/lys-i-moerket-paa-aarets-foerste-by-night\/#breadcrumb"},"inLanguage":"da-DK","potentialAction":[{"@type":"ReadAction","target":["https:\/\/kunmedierne.dk\/mors\/lys-i-moerket-paa-aarets-foerste-by-night\/"]}]},{"@type":"ImageObject","inLanguage":"da-DK","@id":"https:\/\/kunmedierne.dk\/mors\/lys-i-moerket-paa-aarets-foerste-by-night\/#primaryimage","url":"https:\/\/kunmedierne.dk\/mors\/wp-content\/uploads\/2020\/01\/200131-by-night-3.jpg","contentUrl":"https:\/\/kunmedierne.dk\/mors\/wp-content\/uploads\/2020\/01\/200131-by-night-3.jpg","width":770,"height":513},{"@type":"BreadcrumbList","@id":"https:\/\/kunmedierne.dk\/mors\/lys-i-moerket-paa-aarets-foerste-by-night\/#breadcrumb","itemListElement":[{"@type":"ListItem","position":1,"name":"Hjem","item":"https:\/\/kunmedierne.dk\/mors\/"},{"@type":"ListItem","position":2,"name":"Lys i m\u00f8rket p\u00e5 \u00e5rets f\u00f8rste by night"}]},{"@type":"WebSite","@id":"https:\/\/kunmedierne.dk\/mors\/#website","url":"https:\/\/kunmedierne.dk\/mors\/","name":"Mors","description":"et netmedie med journalistik om livet p\u00e5 Mors","publisher":{"@id":"https:\/\/kunmedierne.dk\/mors\/#organization"},"potentialAction":[{"@type":"SearchAction","target":{"@type":"EntryPoint","urlTemplate":"https:\/\/kunmedierne.dk\/mors\/?s={search_term_string}"},"query-input":{"@type":"PropertyValueSpecification","valueRequired":true,"valueName":"search_term_string"}}],"inLanguage":"da-DK"},{"@type":"Organization","@id":"https:\/\/kunmedierne.dk\/mors\/#organization","name":"Mors","url":"https:\/\/kunmedierne.dk\/mors\/","logo":{"@type":"ImageObject","inLanguage":"da-DK","@id":"https:\/\/kunmedierne.dk\/mors\/#\/schema\/logo\/image\/","url":"https:\/\/kunmedierne.dk\/mors\/wp-content\/uploads\/2024\/08\/kunmors-logo.svg","contentUrl":"https:\/\/kunmedierne.dk\/mors\/wp-content\/uploads\/2024\/08\/kunmors-logo.svg","caption":"Mors"},"image":{"@id":"https:\/\/kunmedierne.dk\/mors\/#\/schema\/logo\/image\/"}},{"@type":"Person","@id":"https:\/\/kunmedierne.dk\/mors\/#\/schema\/person\/5fe23251bf1d0abbcdc6f7896579d548","name":"David H\u00f8jmark","image":{"@type":"ImageObject","inLanguage":"da-DK","@id":"https:\/\/kunmedierne.dk\/mors\/#\/schema\/person\/image\/","url":"https:\/\/secure.gravatar.com\/avatar\/4315d6fb9ef244d729989f5f90268eb08d5bf8a3d84402f595fa194bb35784fd?s=96&d=mm&r=g","contentUrl":"https:\/\/secure.gravatar.com\/avatar\/4315d6fb9ef244d729989f5f90268eb08d5bf8a3d84402f595fa194bb35784fd?s=96&d=mm&r=g","caption":"David H\u00f8jmark"},"sameAs":["https:\/\/www.kunmedierne.dk"],"url":"https:\/\/kunmedierne.dk\/mors\/author\/david\/"}]}},"_links":{"self":[{"href":"https:\/\/kunmedierne.dk\/mors\/wp-json\/wp\/v2\/posts\/4196","targetHints":{"allow":["GET"]}}],"collection":[{"href":"https:\/\/kunmedierne.dk\/mors\/wp-json\/wp\/v2\/posts"}],"about":[{"href":"https:\/\/kunmedierne.dk\/mors\/wp-json\/wp\/v2\/types\/post"}],"author":[{"embeddable":true,"href":"https:\/\/kunmedierne.dk\/mors\/wp-json\/wp\/v2\/users\/8"}],"replies":[{"embeddable":true,"href":"https:\/\/kunmedierne.dk\/mors\/wp-json\/wp\/v2\/comments?post=4196"}],"version-history":[{"count":5,"href":"https:\/\/kunmedierne.dk\/mors\/wp-json\/wp\/v2\/posts\/4196\/revisions"}],"predecessor-version":[{"id":4961,"href":"https:\/\/kunmedierne.dk\/mors\/wp-json\/wp\/v2\/posts\/4196\/revisions\/4961"}],"wp:featuredmedia":[{"embeddable":true,"href":"https:\/\/kunmedierne.dk\/mors\/wp-json\/wp\/v2\/media\/4232"}],"wp:attachment":[{"href":"https:\/\/kunmedierne.dk\/mors\/wp-json\/wp\/v2\/media?parent=4196"}],"wp:term":[{"taxonomy":"category","embeddable":true,"href":"https:\/\/kunmedierne.dk\/mors\/wp-json\/wp\/v2\/categories?post=4196"},{"taxonomy":"post_tag","embeddable":true,"href":"https:\/\/kunmedierne.dk\/mors\/wp-json\/wp\/v2\/tags?post=4196"}],"curies":[{"name":"wp","href":"https:\/\/api.w.org\/{rel}","templated":true}]}}