{"id":41853,"date":"2021-03-19T10:51:54","date_gmt":"2021-03-19T09:51:54","guid":{"rendered":"https:\/\/kunmedierne.dk\/mors\/?p=41853"},"modified":"2024-08-12T13:37:43","modified_gmt":"2024-08-12T11:37:43","slug":"efter-hjemsendelse-skyum-er-tilbage-paa-normal-coronadrift","status":"publish","type":"post","link":"https:\/\/kunmedierne.dk\/mors\/efter-hjemsendelse-skyum-er-tilbage-paa-normal-coronadrift\/","title":{"rendered":"Efter hjemsendelse: Skyum er tilbage p\u00e5 normal coronadrift"},"content":{"rendered":"<p><strong>SKYUM<\/strong>: &#8220;De sidste elever m\u00f8der ind over middag. Vi har ikke f\u00e5et meldinger om positive testresultater, s\u00e5 vi k\u00f8rer p\u00e5 for fuld kraft igen.&#8221;<\/p>\n<p>Svend Hagelskj\u00e6r, forstander p\u00e5 Skyum Idr\u00e6tsefterskole, har udsigt til at kunne g\u00e5 p\u00e5 weekend med mere ro i sindet <a href=\"https:\/\/kunmedierne.dk\/mors\/det-er-super-super-aergerligt\/\" target=\"_blank\" rel=\"noopener noreferrer\">end sidste fredag<\/a>. Det tilf\u00e6lde af covid-19, der for en uge siden fik skolen til at sende alle elever hjem, har vist sig at blive ved netop det ene &#8211; s\u00e5 nu er skolen igen oppe i det gear, den f\u00f8r var i.<\/p>\n<p>&#8220;Det er lykkeligt. Og vel ogs\u00e5 overraskende. Der er jo trods alt en del, som den p\u00e5g\u00e6ldende elev har v\u00e6ret t\u00e6t p\u00e5,&#8221; siger Svend Hagelskj\u00e6r.<\/p>\n<p>&#8220;Man skal v\u00e6re forsigtigt med at konkludere, at vores restriktioner og forholdsregler 100 procent har vist deres v\u00e6rd. Det kan jo ogs\u00e5 v\u00e6re andre ting, der g\u00f8r sig g\u00e6ldende &#8211; m\u00e5ske har hun ikke tendens til at smitte andre. Men under alle omst\u00e6ndigheder kan vi sige, at der ikke er noget, der tyder p\u00e5, at vi ikke har kunnet h\u00e5ndtere det. S\u00e5 det tager vi med videre,&#8221; siger han. <a href=\"https:\/\/www.fmspks.dk\/\"><img loading=\"lazy\" decoding=\"async\" class=\"alignright size-full wp-image-35528\" src=\"https:\/\/kunmedierne.dk\/mors\/wp-content\/uploads\/2020\/11\/ho4.jpg\" alt=\"\" width=\"1400\" height=\"125\" srcset=\"https:\/\/kunmedierne.dk\/mors\/wp-content\/uploads\/2020\/11\/ho4.jpg 1400w, https:\/\/kunmedierne.dk\/mors\/wp-content\/uploads\/2020\/11\/ho4-300x27.jpg 300w, https:\/\/kunmedierne.dk\/mors\/wp-content\/uploads\/2020\/11\/ho4-1024x91.jpg 1024w, https:\/\/kunmedierne.dk\/mors\/wp-content\/uploads\/2020\/11\/ho4-768x69.jpg 768w, https:\/\/kunmedierne.dk\/mors\/wp-content\/uploads\/2020\/11\/ho4-600x54.jpg 600w\" sizes=\"auto, (max-width: 1400px) 100vw, 1400px\" \/><\/a><\/p>\n<p>De sidste elever var igennem test nummer to i g\u00e5r. Her blev der ogs\u00e5 foretaget kviktest, som der altid bliver mandag og torsdag, p\u00e5 de elever, der allerede var vendt tilbage. Her slog en af dem i \u00f8vrigt ud med et positivt resultat, der s\u00e5 viste sig at v\u00e6re falsk positiv.<\/p>\n<p>&nbsp;<\/p>\n<p><strong>Fuld gang i terminspr\u00f8ver<\/strong><\/p>\n<p>Bortset fra den smittede elev, der skal v\u00e6re symptomfri i 48 timer, f\u00f8r hun kan vende tilbage, kan alle 165 elever alts\u00e5 nu genoptage deres efterskoleophold. Det er med terminspr\u00f8ver &#8211; i mandags hjemmefra, torsdag med hovedparten af eleverne p\u00e5 skolen og i n\u00e6ste uge med to terminspr\u00f8ver p\u00e5 skolen.<\/p>\n<p>Og det gl\u00e6der naturligvis forstanderen, at man efter et afbr\u00e6k p\u00e5 en uge igen kan drive efterskole som normalt &#8211; eller i hvert fald s\u00e5 normalt, som coronaen g\u00f8r det muligt.<\/p>\n<p>&#8220;Det er io det, vi er til for, s\u00e5 det er bestemt en rigtig dejlig ting at v\u00e6re i gang igen,&#8221; siger Svend Hagelskj\u00e6r.<a href=\"https:\/\/www.braendselsforeningen.dk\/\"><img loading=\"lazy\" decoding=\"async\" class=\"alignright size-full wp-image-36029\" src=\"https:\/\/kunmedierne.dk\/mors\/wp-content\/uploads\/2020\/11\/Br\u00e6ndselsforeningen.jpg\" alt=\"\" width=\"1425\" height=\"127\" srcset=\"https:\/\/kunmedierne.dk\/mors\/wp-content\/uploads\/2020\/11\/Br\u00e6ndselsforeningen.jpg 1425w, https:\/\/kunmedierne.dk\/mors\/wp-content\/uploads\/2020\/11\/Br\u00e6ndselsforeningen-300x27.jpg 300w, https:\/\/kunmedierne.dk\/mors\/wp-content\/uploads\/2020\/11\/Br\u00e6ndselsforeningen-1024x91.jpg 1024w, https:\/\/kunmedierne.dk\/mors\/wp-content\/uploads\/2020\/11\/Br\u00e6ndselsforeningen-768x68.jpg 768w, https:\/\/kunmedierne.dk\/mors\/wp-content\/uploads\/2020\/11\/Br\u00e6ndselsforeningen-600x53.jpg 600w\" sizes=\"auto, (max-width: 1425px) 100vw, 1425px\" \/><\/a><\/p>\n<p>Allerede i forbindelse med hjemsendelsen af hele holdet fortalte han, at skolen vil kigge p\u00e5 strukturen i undervisningen. N\u00e5r man var n\u00f8dt til at sende alle hjem, skyldtes det nemlig, at den smittede elev ud fra definitionen om n\u00e6rkontakt havde v\u00e6ret t\u00e6t p\u00e5 75 elever og ni l\u00e6rere. Det skyldtes blandt andet, at hun havde v\u00e6ret med p\u00e5 et stort undervisningshold med 40 elever, som p\u00e5 trods af afstand imellem sig i et tilstr\u00e6kkeligt stort lokale, blev defineret som n\u00e6rkontakt.<\/p>\n","protected":false},"excerpt":{"rendered":"<p>SKYUM: &#8220;De sidste elever m\u00f8der ind over middag. Vi har ikke f\u00e5et meldinger om positive testresultater, s\u00e5 vi k\u00f8rer p\u00e5 for fuld kraft igen.&#8221; Svend Hagelskj\u00e6r, forstander p\u00e5 Skyum Idr\u00e6tsefterskole, har udsigt til at kunne g\u00e5 p\u00e5 weekend med mere ro i sindet end sidste fredag. Det tilf\u00e6lde af covid-19, der for en uge siden [&hellip;]<\/p>\n","protected":false},"author":8,"featured_media":41854,"comment_status":"open","ping_status":"open","sticky":false,"template":"","format":"standard","meta":{"_acf_changed":false,"footnotes":""},"categories":[51],"tags":[170],"class_list":["post-41853","post","type-post","status-publish","format-standard","has-post-thumbnail","hentry","category-lokalt","tag-uddannelse"],"acf":[],"yoast_head":"<!-- This site is optimized with the Yoast SEO plugin v26.8 - https:\/\/yoast.com\/product\/yoast-seo-wordpress\/ -->\n<title>Efter hjemsendelse: Skyum er tilbage p\u00e5 normal coronadrift - Mors<\/title>\n<meta name=\"robots\" content=\"index, follow, max-snippet:-1, max-image-preview:large, max-video-preview:-1\" \/>\n<link rel=\"canonical\" href=\"https:\/\/kunmedierne.dk\/mors\/efter-hjemsendelse-skyum-er-tilbage-paa-normal-coronadrift\/\" \/>\n<meta property=\"og:locale\" content=\"da_DK\" \/>\n<meta property=\"og:type\" content=\"article\" \/>\n<meta property=\"og:title\" content=\"Efter hjemsendelse: Skyum er tilbage p\u00e5 normal coronadrift - Mors\" \/>\n<meta property=\"og:description\" content=\"SKYUM: &#8220;De sidste elever m\u00f8der ind over middag. Vi har ikke f\u00e5et meldinger om positive testresultater, s\u00e5 vi k\u00f8rer p\u00e5 for fuld kraft igen.&#8221; Svend Hagelskj\u00e6r, forstander p\u00e5 Skyum Idr\u00e6tsefterskole, har udsigt til at kunne g\u00e5 p\u00e5 weekend med mere ro i sindet end sidste fredag. Det tilf\u00e6lde af covid-19, der for en uge siden [&hellip;]\" \/>\n<meta property=\"og:url\" content=\"https:\/\/kunmedierne.dk\/mors\/efter-hjemsendelse-skyum-er-tilbage-paa-normal-coronadrift\/\" \/>\n<meta property=\"og:site_name\" content=\"Mors\" \/>\n<meta property=\"article:published_time\" content=\"2021-03-19T09:51:54+00:00\" \/>\n<meta property=\"article:modified_time\" content=\"2024-08-12T11:37:43+00:00\" \/>\n<meta property=\"og:image\" content=\"https:\/\/kunmedierne.dk\/mors\/wp-content\/uploads\/2021\/03\/skyum-termin.jpg\" \/>\n\t<meta property=\"og:image:width\" content=\"770\" \/>\n\t<meta property=\"og:image:height\" content=\"514\" \/>\n\t<meta property=\"og:image:type\" content=\"image\/jpeg\" \/>\n<meta name=\"author\" content=\"David H\u00f8jmark\" \/>\n<meta name=\"twitter:card\" content=\"summary_large_image\" \/>\n<meta name=\"twitter:label1\" content=\"Skrevet af\" \/>\n\t<meta name=\"twitter:data1\" content=\"David H\u00f8jmark\" \/>\n\t<meta name=\"twitter:label2\" content=\"Estimeret l\u00e6setid\" \/>\n\t<meta name=\"twitter:data2\" content=\"2 minutter\" \/>\n<script type=\"application\/ld+json\" class=\"yoast-schema-graph\">{\"@context\":\"https:\/\/schema.org\",\"@graph\":[{\"@type\":\"Article\",\"@id\":\"https:\/\/kunmedierne.dk\/mors\/efter-hjemsendelse-skyum-er-tilbage-paa-normal-coronadrift\/#article\",\"isPartOf\":{\"@id\":\"https:\/\/kunmedierne.dk\/mors\/efter-hjemsendelse-skyum-er-tilbage-paa-normal-coronadrift\/\"},\"author\":{\"name\":\"David H\u00f8jmark\",\"@id\":\"https:\/\/kunmedierne.dk\/mors\/#\/schema\/person\/5fe23251bf1d0abbcdc6f7896579d548\"},\"headline\":\"Efter hjemsendelse: Skyum er tilbage p\u00e5 normal coronadrift\",\"datePublished\":\"2021-03-19T09:51:54+00:00\",\"dateModified\":\"2024-08-12T11:37:43+00:00\",\"mainEntityOfPage\":{\"@id\":\"https:\/\/kunmedierne.dk\/mors\/efter-hjemsendelse-skyum-er-tilbage-paa-normal-coronadrift\/\"},\"wordCount\":466,\"commentCount\":0,\"publisher\":{\"@id\":\"https:\/\/kunmedierne.dk\/mors\/#organization\"},\"image\":{\"@id\":\"https:\/\/kunmedierne.dk\/mors\/efter-hjemsendelse-skyum-er-tilbage-paa-normal-coronadrift\/#primaryimage\"},\"thumbnailUrl\":\"https:\/\/kunmedierne.dk\/mors\/wp-content\/uploads\/2021\/03\/skyum-termin.jpg\",\"keywords\":[\"Skoler og uddannelse\"],\"articleSection\":[\"Lokalt\"],\"inLanguage\":\"da-DK\",\"potentialAction\":[{\"@type\":\"CommentAction\",\"name\":\"Comment\",\"target\":[\"https:\/\/kunmedierne.dk\/mors\/efter-hjemsendelse-skyum-er-tilbage-paa-normal-coronadrift\/#respond\"]}]},{\"@type\":\"WebPage\",\"@id\":\"https:\/\/kunmedierne.dk\/mors\/efter-hjemsendelse-skyum-er-tilbage-paa-normal-coronadrift\/\",\"url\":\"https:\/\/kunmedierne.dk\/mors\/efter-hjemsendelse-skyum-er-tilbage-paa-normal-coronadrift\/\",\"name\":\"Efter hjemsendelse: Skyum er tilbage p\u00e5 normal coronadrift - Mors\",\"isPartOf\":{\"@id\":\"https:\/\/kunmedierne.dk\/mors\/#website\"},\"primaryImageOfPage\":{\"@id\":\"https:\/\/kunmedierne.dk\/mors\/efter-hjemsendelse-skyum-er-tilbage-paa-normal-coronadrift\/#primaryimage\"},\"image\":{\"@id\":\"https:\/\/kunmedierne.dk\/mors\/efter-hjemsendelse-skyum-er-tilbage-paa-normal-coronadrift\/#primaryimage\"},\"thumbnailUrl\":\"https:\/\/kunmedierne.dk\/mors\/wp-content\/uploads\/2021\/03\/skyum-termin.jpg\",\"datePublished\":\"2021-03-19T09:51:54+00:00\",\"dateModified\":\"2024-08-12T11:37:43+00:00\",\"breadcrumb\":{\"@id\":\"https:\/\/kunmedierne.dk\/mors\/efter-hjemsendelse-skyum-er-tilbage-paa-normal-coronadrift\/#breadcrumb\"},\"inLanguage\":\"da-DK\",\"potentialAction\":[{\"@type\":\"ReadAction\",\"target\":[\"https:\/\/kunmedierne.dk\/mors\/efter-hjemsendelse-skyum-er-tilbage-paa-normal-coronadrift\/\"]}]},{\"@type\":\"ImageObject\",\"inLanguage\":\"da-DK\",\"@id\":\"https:\/\/kunmedierne.dk\/mors\/efter-hjemsendelse-skyum-er-tilbage-paa-normal-coronadrift\/#primaryimage\",\"url\":\"https:\/\/kunmedierne.dk\/mors\/wp-content\/uploads\/2021\/03\/skyum-termin.jpg\",\"contentUrl\":\"https:\/\/kunmedierne.dk\/mors\/wp-content\/uploads\/2021\/03\/skyum-termin.jpg\",\"width\":770,\"height\":514,\"caption\":\"Terminspr\u00f8verne er i fuld gang p\u00e5 Skyum Idr\u00e6tsefterskole, der igen kan tage imod sine elever. Foto: Skyum Idr\u00e6tsefterskole\"},{\"@type\":\"BreadcrumbList\",\"@id\":\"https:\/\/kunmedierne.dk\/mors\/efter-hjemsendelse-skyum-er-tilbage-paa-normal-coronadrift\/#breadcrumb\",\"itemListElement\":[{\"@type\":\"ListItem\",\"position\":1,\"name\":\"Hjem\",\"item\":\"https:\/\/kunmedierne.dk\/mors\/\"},{\"@type\":\"ListItem\",\"position\":2,\"name\":\"Efter hjemsendelse: Skyum er tilbage p\u00e5 normal coronadrift\"}]},{\"@type\":\"WebSite\",\"@id\":\"https:\/\/kunmedierne.dk\/mors\/#website\",\"url\":\"https:\/\/kunmedierne.dk\/mors\/\",\"name\":\"Mors\",\"description\":\"et netmedie med journalistik om livet p\u00e5 Mors\",\"publisher\":{\"@id\":\"https:\/\/kunmedierne.dk\/mors\/#organization\"},\"potentialAction\":[{\"@type\":\"SearchAction\",\"target\":{\"@type\":\"EntryPoint\",\"urlTemplate\":\"https:\/\/kunmedierne.dk\/mors\/?s={search_term_string}\"},\"query-input\":{\"@type\":\"PropertyValueSpecification\",\"valueRequired\":true,\"valueName\":\"search_term_string\"}}],\"inLanguage\":\"da-DK\"},{\"@type\":\"Organization\",\"@id\":\"https:\/\/kunmedierne.dk\/mors\/#organization\",\"name\":\"Mors\",\"url\":\"https:\/\/kunmedierne.dk\/mors\/\",\"logo\":{\"@type\":\"ImageObject\",\"inLanguage\":\"da-DK\",\"@id\":\"https:\/\/kunmedierne.dk\/mors\/#\/schema\/logo\/image\/\",\"url\":\"https:\/\/kunmedierne.dk\/mors\/wp-content\/uploads\/2024\/08\/kunmors-logo.svg\",\"contentUrl\":\"https:\/\/kunmedierne.dk\/mors\/wp-content\/uploads\/2024\/08\/kunmors-logo.svg\",\"caption\":\"Mors\"},\"image\":{\"@id\":\"https:\/\/kunmedierne.dk\/mors\/#\/schema\/logo\/image\/\"}},{\"@type\":\"Person\",\"@id\":\"https:\/\/kunmedierne.dk\/mors\/#\/schema\/person\/5fe23251bf1d0abbcdc6f7896579d548\",\"name\":\"David H\u00f8jmark\",\"image\":{\"@type\":\"ImageObject\",\"inLanguage\":\"da-DK\",\"@id\":\"https:\/\/kunmedierne.dk\/mors\/#\/schema\/person\/image\/\",\"url\":\"https:\/\/secure.gravatar.com\/avatar\/4315d6fb9ef244d729989f5f90268eb08d5bf8a3d84402f595fa194bb35784fd?s=96&d=mm&r=g\",\"contentUrl\":\"https:\/\/secure.gravatar.com\/avatar\/4315d6fb9ef244d729989f5f90268eb08d5bf8a3d84402f595fa194bb35784fd?s=96&d=mm&r=g\",\"caption\":\"David H\u00f8jmark\"},\"sameAs\":[\"https:\/\/www.kunmedierne.dk\"],\"url\":\"https:\/\/kunmedierne.dk\/mors\/author\/david\/\"}]}<\/script>\n<!-- \/ Yoast SEO plugin. -->","yoast_head_json":{"title":"Efter hjemsendelse: Skyum er tilbage p\u00e5 normal coronadrift - Mors","robots":{"index":"index","follow":"follow","max-snippet":"max-snippet:-1","max-image-preview":"max-image-preview:large","max-video-preview":"max-video-preview:-1"},"canonical":"https:\/\/kunmedierne.dk\/mors\/efter-hjemsendelse-skyum-er-tilbage-paa-normal-coronadrift\/","og_locale":"da_DK","og_type":"article","og_title":"Efter hjemsendelse: Skyum er tilbage p\u00e5 normal coronadrift - Mors","og_description":"SKYUM: &#8220;De sidste elever m\u00f8der ind over middag. Vi har ikke f\u00e5et meldinger om positive testresultater, s\u00e5 vi k\u00f8rer p\u00e5 for fuld kraft igen.&#8221; Svend Hagelskj\u00e6r, forstander p\u00e5 Skyum Idr\u00e6tsefterskole, har udsigt til at kunne g\u00e5 p\u00e5 weekend med mere ro i sindet end sidste fredag. Det tilf\u00e6lde af covid-19, der for en uge siden [&hellip;]","og_url":"https:\/\/kunmedierne.dk\/mors\/efter-hjemsendelse-skyum-er-tilbage-paa-normal-coronadrift\/","og_site_name":"Mors","article_published_time":"2021-03-19T09:51:54+00:00","article_modified_time":"2024-08-12T11:37:43+00:00","og_image":[{"width":770,"height":514,"url":"https:\/\/kunmedierne.dk\/mors\/wp-content\/uploads\/2021\/03\/skyum-termin.jpg","type":"image\/jpeg"}],"author":"David H\u00f8jmark","twitter_card":"summary_large_image","twitter_misc":{"Skrevet af":"David H\u00f8jmark","Estimeret l\u00e6setid":"2 minutter"},"schema":{"@context":"https:\/\/schema.org","@graph":[{"@type":"Article","@id":"https:\/\/kunmedierne.dk\/mors\/efter-hjemsendelse-skyum-er-tilbage-paa-normal-coronadrift\/#article","isPartOf":{"@id":"https:\/\/kunmedierne.dk\/mors\/efter-hjemsendelse-skyum-er-tilbage-paa-normal-coronadrift\/"},"author":{"name":"David H\u00f8jmark","@id":"https:\/\/kunmedierne.dk\/mors\/#\/schema\/person\/5fe23251bf1d0abbcdc6f7896579d548"},"headline":"Efter hjemsendelse: Skyum er tilbage p\u00e5 normal coronadrift","datePublished":"2021-03-19T09:51:54+00:00","dateModified":"2024-08-12T11:37:43+00:00","mainEntityOfPage":{"@id":"https:\/\/kunmedierne.dk\/mors\/efter-hjemsendelse-skyum-er-tilbage-paa-normal-coronadrift\/"},"wordCount":466,"commentCount":0,"publisher":{"@id":"https:\/\/kunmedierne.dk\/mors\/#organization"},"image":{"@id":"https:\/\/kunmedierne.dk\/mors\/efter-hjemsendelse-skyum-er-tilbage-paa-normal-coronadrift\/#primaryimage"},"thumbnailUrl":"https:\/\/kunmedierne.dk\/mors\/wp-content\/uploads\/2021\/03\/skyum-termin.jpg","keywords":["Skoler og uddannelse"],"articleSection":["Lokalt"],"inLanguage":"da-DK","potentialAction":[{"@type":"CommentAction","name":"Comment","target":["https:\/\/kunmedierne.dk\/mors\/efter-hjemsendelse-skyum-er-tilbage-paa-normal-coronadrift\/#respond"]}]},{"@type":"WebPage","@id":"https:\/\/kunmedierne.dk\/mors\/efter-hjemsendelse-skyum-er-tilbage-paa-normal-coronadrift\/","url":"https:\/\/kunmedierne.dk\/mors\/efter-hjemsendelse-skyum-er-tilbage-paa-normal-coronadrift\/","name":"Efter hjemsendelse: Skyum er tilbage p\u00e5 normal coronadrift - Mors","isPartOf":{"@id":"https:\/\/kunmedierne.dk\/mors\/#website"},"primaryImageOfPage":{"@id":"https:\/\/kunmedierne.dk\/mors\/efter-hjemsendelse-skyum-er-tilbage-paa-normal-coronadrift\/#primaryimage"},"image":{"@id":"https:\/\/kunmedierne.dk\/mors\/efter-hjemsendelse-skyum-er-tilbage-paa-normal-coronadrift\/#primaryimage"},"thumbnailUrl":"https:\/\/kunmedierne.dk\/mors\/wp-content\/uploads\/2021\/03\/skyum-termin.jpg","datePublished":"2021-03-19T09:51:54+00:00","dateModified":"2024-08-12T11:37:43+00:00","breadcrumb":{"@id":"https:\/\/kunmedierne.dk\/mors\/efter-hjemsendelse-skyum-er-tilbage-paa-normal-coronadrift\/#breadcrumb"},"inLanguage":"da-DK","potentialAction":[{"@type":"ReadAction","target":["https:\/\/kunmedierne.dk\/mors\/efter-hjemsendelse-skyum-er-tilbage-paa-normal-coronadrift\/"]}]},{"@type":"ImageObject","inLanguage":"da-DK","@id":"https:\/\/kunmedierne.dk\/mors\/efter-hjemsendelse-skyum-er-tilbage-paa-normal-coronadrift\/#primaryimage","url":"https:\/\/kunmedierne.dk\/mors\/wp-content\/uploads\/2021\/03\/skyum-termin.jpg","contentUrl":"https:\/\/kunmedierne.dk\/mors\/wp-content\/uploads\/2021\/03\/skyum-termin.jpg","width":770,"height":514,"caption":"Terminspr\u00f8verne er i fuld gang p\u00e5 Skyum Idr\u00e6tsefterskole, der igen kan tage imod sine elever. Foto: Skyum Idr\u00e6tsefterskole"},{"@type":"BreadcrumbList","@id":"https:\/\/kunmedierne.dk\/mors\/efter-hjemsendelse-skyum-er-tilbage-paa-normal-coronadrift\/#breadcrumb","itemListElement":[{"@type":"ListItem","position":1,"name":"Hjem","item":"https:\/\/kunmedierne.dk\/mors\/"},{"@type":"ListItem","position":2,"name":"Efter hjemsendelse: Skyum er tilbage p\u00e5 normal coronadrift"}]},{"@type":"WebSite","@id":"https:\/\/kunmedierne.dk\/mors\/#website","url":"https:\/\/kunmedierne.dk\/mors\/","name":"Mors","description":"et netmedie med journalistik om livet p\u00e5 Mors","publisher":{"@id":"https:\/\/kunmedierne.dk\/mors\/#organization"},"potentialAction":[{"@type":"SearchAction","target":{"@type":"EntryPoint","urlTemplate":"https:\/\/kunmedierne.dk\/mors\/?s={search_term_string}"},"query-input":{"@type":"PropertyValueSpecification","valueRequired":true,"valueName":"search_term_string"}}],"inLanguage":"da-DK"},{"@type":"Organization","@id":"https:\/\/kunmedierne.dk\/mors\/#organization","name":"Mors","url":"https:\/\/kunmedierne.dk\/mors\/","logo":{"@type":"ImageObject","inLanguage":"da-DK","@id":"https:\/\/kunmedierne.dk\/mors\/#\/schema\/logo\/image\/","url":"https:\/\/kunmedierne.dk\/mors\/wp-content\/uploads\/2024\/08\/kunmors-logo.svg","contentUrl":"https:\/\/kunmedierne.dk\/mors\/wp-content\/uploads\/2024\/08\/kunmors-logo.svg","caption":"Mors"},"image":{"@id":"https:\/\/kunmedierne.dk\/mors\/#\/schema\/logo\/image\/"}},{"@type":"Person","@id":"https:\/\/kunmedierne.dk\/mors\/#\/schema\/person\/5fe23251bf1d0abbcdc6f7896579d548","name":"David H\u00f8jmark","image":{"@type":"ImageObject","inLanguage":"da-DK","@id":"https:\/\/kunmedierne.dk\/mors\/#\/schema\/person\/image\/","url":"https:\/\/secure.gravatar.com\/avatar\/4315d6fb9ef244d729989f5f90268eb08d5bf8a3d84402f595fa194bb35784fd?s=96&d=mm&r=g","contentUrl":"https:\/\/secure.gravatar.com\/avatar\/4315d6fb9ef244d729989f5f90268eb08d5bf8a3d84402f595fa194bb35784fd?s=96&d=mm&r=g","caption":"David H\u00f8jmark"},"sameAs":["https:\/\/www.kunmedierne.dk"],"url":"https:\/\/kunmedierne.dk\/mors\/author\/david\/"}]}},"_links":{"self":[{"href":"https:\/\/kunmedierne.dk\/mors\/wp-json\/wp\/v2\/posts\/41853","targetHints":{"allow":["GET"]}}],"collection":[{"href":"https:\/\/kunmedierne.dk\/mors\/wp-json\/wp\/v2\/posts"}],"about":[{"href":"https:\/\/kunmedierne.dk\/mors\/wp-json\/wp\/v2\/types\/post"}],"author":[{"embeddable":true,"href":"https:\/\/kunmedierne.dk\/mors\/wp-json\/wp\/v2\/users\/8"}],"replies":[{"embeddable":true,"href":"https:\/\/kunmedierne.dk\/mors\/wp-json\/wp\/v2\/comments?post=41853"}],"version-history":[{"count":3,"href":"https:\/\/kunmedierne.dk\/mors\/wp-json\/wp\/v2\/posts\/41853\/revisions"}],"predecessor-version":[{"id":41859,"href":"https:\/\/kunmedierne.dk\/mors\/wp-json\/wp\/v2\/posts\/41853\/revisions\/41859"}],"wp:featuredmedia":[{"embeddable":true,"href":"https:\/\/kunmedierne.dk\/mors\/wp-json\/wp\/v2\/media\/41854"}],"wp:attachment":[{"href":"https:\/\/kunmedierne.dk\/mors\/wp-json\/wp\/v2\/media?parent=41853"}],"wp:term":[{"taxonomy":"category","embeddable":true,"href":"https:\/\/kunmedierne.dk\/mors\/wp-json\/wp\/v2\/categories?post=41853"},{"taxonomy":"post_tag","embeddable":true,"href":"https:\/\/kunmedierne.dk\/mors\/wp-json\/wp\/v2\/tags?post=41853"}],"curies":[{"name":"wp","href":"https:\/\/api.w.org\/{rel}","templated":true}]}}