{"id":41813,"date":"2021-03-18T17:16:53","date_gmt":"2021-03-18T16:16:53","guid":{"rendered":"https:\/\/kunmedierne.dk\/mors\/?p=41813"},"modified":"2024-08-12T13:37:43","modified_gmt":"2024-08-12T11:37:43","slug":"gymnasieelev-vil-i-kommunalbestyrelsen","status":"publish","type":"post","link":"https:\/\/kunmedierne.dk\/mors\/gymnasieelev-vil-i-kommunalbestyrelsen\/","title":{"rendered":"Gymnasieelev vil i kommunalbestyrelsen"},"content":{"rendered":"<p><strong>MORS<\/strong>: En ung morsingbo med politiske ambitioner stiller op til efter\u00e5rets kommunalvalg.<\/p>\n<p>Det er Charlotte Amalie Holm fra Sillerslev, der har sagt ja til at stille op for Venstre. Hun f\u00e5r dermed plads nummer to p\u00e5 Venstre-listen, da den er forh\u00e5ndsreserveret til Venstre Ungdom.<\/p>\n<p>Den 19-\u00e5rige gymnasieelev l\u00e6ser til dagligt i 3. g p\u00e5 STX og bor i Sillerslev. Hun er i forvejen politisk aktiv i VU og har fritidsinteresser som heste, golf og g\u00e5ture.<\/p>\n<p>&#8220;Jeg vil v\u00e6re de unges liberale taler\u00f8r i kommunalbestyrelsen i Mors\u00f8 Kommune,&#8221; lyder det fra Charlotte Amalie Holm i en pressemeddelelse fra Venstre Mors. <a href=\"https:\/\/morsoe-begravelsesforretning.dk\/\"><img loading=\"lazy\" decoding=\"async\" class=\"alignright size-full wp-image-35519\" src=\"https:\/\/kunmedierne.dk\/mors\/wp-content\/uploads\/2020\/11\/ho5.jpg\" alt=\"\" width=\"1425\" height=\"127\" srcset=\"https:\/\/kunmedierne.dk\/mors\/wp-content\/uploads\/2020\/11\/ho5.jpg 1425w, https:\/\/kunmedierne.dk\/mors\/wp-content\/uploads\/2020\/11\/ho5-300x27.jpg 300w, https:\/\/kunmedierne.dk\/mors\/wp-content\/uploads\/2020\/11\/ho5-1024x91.jpg 1024w, https:\/\/kunmedierne.dk\/mors\/wp-content\/uploads\/2020\/11\/ho5-768x68.jpg 768w, https:\/\/kunmedierne.dk\/mors\/wp-content\/uploads\/2020\/11\/ho5-600x53.jpg 600w\" sizes=\"auto, (max-width: 1425px) 100vw, 1425px\" \/><\/a><\/p>\n<p>Hun tilf\u00f8jer, at det er der brug for, hvis man skal pr\u00e6ge udviklingen p\u00e5 \u00f8en.<\/p>\n<p>&#8220;Jeg melder mig ind i kommunalpolitik, fordi jeg gerne vil v\u00e6re med til at g\u00f8re en forskel og k\u00e6mpe for Mors. S\u00e6rligt vil jeg k\u00e6mpe for, at Mors i fremtiden bliver et endnu bedre sted at v\u00e6re ung og medvirke til at g\u00f8re Mors til et mere attraktivt sted at bos\u00e6tte sig, s\u00e5 flere unge, der er flyttet fra \u00f8en for at studere, har lyst til at flytte tilbage til Mors,&#8221; siger Charlotte Amalie Holm og tilf\u00f8jer:<\/p>\n<p>&#8220;Jeg vil k\u00e6mpe for, at vi investerer i vores kommune, s\u00e5 vi kan skabe handling og resultater bag det kommunalpolitiske arbejde.&#8221;<\/p>\n<div id=\"attachment_41816\" style=\"width: 780px\" class=\"wp-caption alignright\"><img loading=\"lazy\" decoding=\"async\" aria-describedby=\"caption-attachment-41816\" class=\"size-full wp-image-41816\" src=\"https:\/\/kunmedierne.dk\/mors\/wp-content\/uploads\/2021\/03\/CA-HEB-presse.jpg\" alt=\"\" width=\"770\" height=\"513\" srcset=\"https:\/\/kunmedierne.dk\/mors\/wp-content\/uploads\/2021\/03\/CA-HEB-presse.jpg 770w, https:\/\/kunmedierne.dk\/mors\/wp-content\/uploads\/2021\/03\/CA-HEB-presse-300x200.jpg 300w, https:\/\/kunmedierne.dk\/mors\/wp-content\/uploads\/2021\/03\/CA-HEB-presse-768x512.jpg 768w, https:\/\/kunmedierne.dk\/mors\/wp-content\/uploads\/2021\/03\/CA-HEB-presse-360x240.jpg 360w, https:\/\/kunmedierne.dk\/mors\/wp-content\/uploads\/2021\/03\/CA-HEB-presse-600x400.jpg 600w\" sizes=\"auto, (max-width: 770px) 100vw, 770px\" \/><p id=\"caption-attachment-41816\" class=\"wp-caption-text\">Hans Ejner Bertelsen byder, p\u00e5 \u00e6gte coronavis, Charlotte Amalie Holm velkommen p\u00e5 Venstres hold til kommunalvalget i november. Foto: Venstre Mors<\/p><\/div>\n","protected":false},"excerpt":{"rendered":"<p>MORS: En ung morsingbo med politiske ambitioner stiller op til efter\u00e5rets kommunalvalg. Det er Charlotte Amalie Holm fra Sillerslev, der har sagt ja til at stille op for Venstre. Hun f\u00e5r dermed plads nummer to p\u00e5 Venstre-listen, da den er forh\u00e5ndsreserveret til Venstre Ungdom. Den 19-\u00e5rige gymnasieelev l\u00e6ser til dagligt i 3. g p\u00e5 STX [&hellip;]<\/p>\n","protected":false},"author":8,"featured_media":41815,"comment_status":"open","ping_status":"open","sticky":false,"template":"","format":"standard","meta":{"_acf_changed":false,"footnotes":""},"categories":[51],"tags":[167],"class_list":["post-41813","post","type-post","status-publish","format-standard","has-post-thumbnail","hentry","category-lokalt","tag-politik"],"acf":[],"yoast_head":"<!-- This site is optimized with the Yoast SEO plugin v26.8 - https:\/\/yoast.com\/product\/yoast-seo-wordpress\/ -->\n<title>Gymnasieelev vil i kommunalbestyrelsen - Mors<\/title>\n<meta name=\"robots\" content=\"index, follow, max-snippet:-1, max-image-preview:large, max-video-preview:-1\" \/>\n<link rel=\"canonical\" href=\"https:\/\/kunmedierne.dk\/mors\/gymnasieelev-vil-i-kommunalbestyrelsen\/\" \/>\n<meta property=\"og:locale\" content=\"da_DK\" \/>\n<meta property=\"og:type\" content=\"article\" \/>\n<meta property=\"og:title\" content=\"Gymnasieelev vil i kommunalbestyrelsen - Mors\" \/>\n<meta property=\"og:description\" content=\"MORS: En ung morsingbo med politiske ambitioner stiller op til efter\u00e5rets kommunalvalg. Det er Charlotte Amalie Holm fra Sillerslev, der har sagt ja til at stille op for Venstre. Hun f\u00e5r dermed plads nummer to p\u00e5 Venstre-listen, da den er forh\u00e5ndsreserveret til Venstre Ungdom. Den 19-\u00e5rige gymnasieelev l\u00e6ser til dagligt i 3. g p\u00e5 STX [&hellip;]\" \/>\n<meta property=\"og:url\" content=\"https:\/\/kunmedierne.dk\/mors\/gymnasieelev-vil-i-kommunalbestyrelsen\/\" \/>\n<meta property=\"og:site_name\" content=\"Mors\" \/>\n<meta property=\"article:published_time\" content=\"2021-03-18T16:16:53+00:00\" \/>\n<meta property=\"article:modified_time\" content=\"2024-08-12T11:37:43+00:00\" \/>\n<meta property=\"og:image\" content=\"https:\/\/kunmedierne.dk\/mors\/wp-content\/uploads\/2021\/03\/charlotte-amalie-holm.jpg\" \/>\n\t<meta property=\"og:image:width\" content=\"770\" \/>\n\t<meta property=\"og:image:height\" content=\"513\" \/>\n\t<meta property=\"og:image:type\" content=\"image\/jpeg\" \/>\n<meta name=\"author\" content=\"David H\u00f8jmark\" \/>\n<meta name=\"twitter:card\" content=\"summary_large_image\" \/>\n<meta name=\"twitter:label1\" content=\"Skrevet af\" \/>\n\t<meta name=\"twitter:data1\" content=\"David H\u00f8jmark\" \/>\n\t<meta name=\"twitter:label2\" content=\"Estimeret l\u00e6setid\" \/>\n\t<meta name=\"twitter:data2\" content=\"1 minut\" \/>\n<script type=\"application\/ld+json\" class=\"yoast-schema-graph\">{\"@context\":\"https:\/\/schema.org\",\"@graph\":[{\"@type\":\"Article\",\"@id\":\"https:\/\/kunmedierne.dk\/mors\/gymnasieelev-vil-i-kommunalbestyrelsen\/#article\",\"isPartOf\":{\"@id\":\"https:\/\/kunmedierne.dk\/mors\/gymnasieelev-vil-i-kommunalbestyrelsen\/\"},\"author\":{\"name\":\"David H\u00f8jmark\",\"@id\":\"https:\/\/kunmedierne.dk\/mors\/#\/schema\/person\/5fe23251bf1d0abbcdc6f7896579d548\"},\"headline\":\"Gymnasieelev vil i kommunalbestyrelsen\",\"datePublished\":\"2021-03-18T16:16:53+00:00\",\"dateModified\":\"2024-08-12T11:37:43+00:00\",\"mainEntityOfPage\":{\"@id\":\"https:\/\/kunmedierne.dk\/mors\/gymnasieelev-vil-i-kommunalbestyrelsen\/\"},\"wordCount\":263,\"commentCount\":0,\"publisher\":{\"@id\":\"https:\/\/kunmedierne.dk\/mors\/#organization\"},\"image\":{\"@id\":\"https:\/\/kunmedierne.dk\/mors\/gymnasieelev-vil-i-kommunalbestyrelsen\/#primaryimage\"},\"thumbnailUrl\":\"https:\/\/kunmedierne.dk\/mors\/wp-content\/uploads\/2021\/03\/charlotte-amalie-holm.jpg\",\"keywords\":[\"Politik\"],\"articleSection\":[\"Lokalt\"],\"inLanguage\":\"da-DK\",\"potentialAction\":[{\"@type\":\"CommentAction\",\"name\":\"Comment\",\"target\":[\"https:\/\/kunmedierne.dk\/mors\/gymnasieelev-vil-i-kommunalbestyrelsen\/#respond\"]}]},{\"@type\":\"WebPage\",\"@id\":\"https:\/\/kunmedierne.dk\/mors\/gymnasieelev-vil-i-kommunalbestyrelsen\/\",\"url\":\"https:\/\/kunmedierne.dk\/mors\/gymnasieelev-vil-i-kommunalbestyrelsen\/\",\"name\":\"Gymnasieelev vil i kommunalbestyrelsen - Mors\",\"isPartOf\":{\"@id\":\"https:\/\/kunmedierne.dk\/mors\/#website\"},\"primaryImageOfPage\":{\"@id\":\"https:\/\/kunmedierne.dk\/mors\/gymnasieelev-vil-i-kommunalbestyrelsen\/#primaryimage\"},\"image\":{\"@id\":\"https:\/\/kunmedierne.dk\/mors\/gymnasieelev-vil-i-kommunalbestyrelsen\/#primaryimage\"},\"thumbnailUrl\":\"https:\/\/kunmedierne.dk\/mors\/wp-content\/uploads\/2021\/03\/charlotte-amalie-holm.jpg\",\"datePublished\":\"2021-03-18T16:16:53+00:00\",\"dateModified\":\"2024-08-12T11:37:43+00:00\",\"breadcrumb\":{\"@id\":\"https:\/\/kunmedierne.dk\/mors\/gymnasieelev-vil-i-kommunalbestyrelsen\/#breadcrumb\"},\"inLanguage\":\"da-DK\",\"potentialAction\":[{\"@type\":\"ReadAction\",\"target\":[\"https:\/\/kunmedierne.dk\/mors\/gymnasieelev-vil-i-kommunalbestyrelsen\/\"]}]},{\"@type\":\"ImageObject\",\"inLanguage\":\"da-DK\",\"@id\":\"https:\/\/kunmedierne.dk\/mors\/gymnasieelev-vil-i-kommunalbestyrelsen\/#primaryimage\",\"url\":\"https:\/\/kunmedierne.dk\/mors\/wp-content\/uploads\/2021\/03\/charlotte-amalie-holm.jpg\",\"contentUrl\":\"https:\/\/kunmedierne.dk\/mors\/wp-content\/uploads\/2021\/03\/charlotte-amalie-holm.jpg\",\"width\":770,\"height\":513,\"caption\":\"Charlotte Amalie Holm g\u00e5r efter en plads i byr\u00e5dssalen fra 2022.\"},{\"@type\":\"BreadcrumbList\",\"@id\":\"https:\/\/kunmedierne.dk\/mors\/gymnasieelev-vil-i-kommunalbestyrelsen\/#breadcrumb\",\"itemListElement\":[{\"@type\":\"ListItem\",\"position\":1,\"name\":\"Hjem\",\"item\":\"https:\/\/kunmedierne.dk\/mors\/\"},{\"@type\":\"ListItem\",\"position\":2,\"name\":\"Gymnasieelev vil i kommunalbestyrelsen\"}]},{\"@type\":\"WebSite\",\"@id\":\"https:\/\/kunmedierne.dk\/mors\/#website\",\"url\":\"https:\/\/kunmedierne.dk\/mors\/\",\"name\":\"Mors\",\"description\":\"et netmedie med journalistik om livet p\u00e5 Mors\",\"publisher\":{\"@id\":\"https:\/\/kunmedierne.dk\/mors\/#organization\"},\"potentialAction\":[{\"@type\":\"SearchAction\",\"target\":{\"@type\":\"EntryPoint\",\"urlTemplate\":\"https:\/\/kunmedierne.dk\/mors\/?s={search_term_string}\"},\"query-input\":{\"@type\":\"PropertyValueSpecification\",\"valueRequired\":true,\"valueName\":\"search_term_string\"}}],\"inLanguage\":\"da-DK\"},{\"@type\":\"Organization\",\"@id\":\"https:\/\/kunmedierne.dk\/mors\/#organization\",\"name\":\"Mors\",\"url\":\"https:\/\/kunmedierne.dk\/mors\/\",\"logo\":{\"@type\":\"ImageObject\",\"inLanguage\":\"da-DK\",\"@id\":\"https:\/\/kunmedierne.dk\/mors\/#\/schema\/logo\/image\/\",\"url\":\"https:\/\/kunmedierne.dk\/mors\/wp-content\/uploads\/2024\/08\/kunmors-logo.svg\",\"contentUrl\":\"https:\/\/kunmedierne.dk\/mors\/wp-content\/uploads\/2024\/08\/kunmors-logo.svg\",\"caption\":\"Mors\"},\"image\":{\"@id\":\"https:\/\/kunmedierne.dk\/mors\/#\/schema\/logo\/image\/\"}},{\"@type\":\"Person\",\"@id\":\"https:\/\/kunmedierne.dk\/mors\/#\/schema\/person\/5fe23251bf1d0abbcdc6f7896579d548\",\"name\":\"David H\u00f8jmark\",\"image\":{\"@type\":\"ImageObject\",\"inLanguage\":\"da-DK\",\"@id\":\"https:\/\/kunmedierne.dk\/mors\/#\/schema\/person\/image\/\",\"url\":\"https:\/\/secure.gravatar.com\/avatar\/4315d6fb9ef244d729989f5f90268eb08d5bf8a3d84402f595fa194bb35784fd?s=96&d=mm&r=g\",\"contentUrl\":\"https:\/\/secure.gravatar.com\/avatar\/4315d6fb9ef244d729989f5f90268eb08d5bf8a3d84402f595fa194bb35784fd?s=96&d=mm&r=g\",\"caption\":\"David H\u00f8jmark\"},\"sameAs\":[\"https:\/\/www.kunmedierne.dk\"],\"url\":\"https:\/\/kunmedierne.dk\/mors\/author\/david\/\"}]}<\/script>\n<!-- \/ Yoast SEO plugin. -->","yoast_head_json":{"title":"Gymnasieelev vil i kommunalbestyrelsen - Mors","robots":{"index":"index","follow":"follow","max-snippet":"max-snippet:-1","max-image-preview":"max-image-preview:large","max-video-preview":"max-video-preview:-1"},"canonical":"https:\/\/kunmedierne.dk\/mors\/gymnasieelev-vil-i-kommunalbestyrelsen\/","og_locale":"da_DK","og_type":"article","og_title":"Gymnasieelev vil i kommunalbestyrelsen - Mors","og_description":"MORS: En ung morsingbo med politiske ambitioner stiller op til efter\u00e5rets kommunalvalg. Det er Charlotte Amalie Holm fra Sillerslev, der har sagt ja til at stille op for Venstre. Hun f\u00e5r dermed plads nummer to p\u00e5 Venstre-listen, da den er forh\u00e5ndsreserveret til Venstre Ungdom. Den 19-\u00e5rige gymnasieelev l\u00e6ser til dagligt i 3. g p\u00e5 STX [&hellip;]","og_url":"https:\/\/kunmedierne.dk\/mors\/gymnasieelev-vil-i-kommunalbestyrelsen\/","og_site_name":"Mors","article_published_time":"2021-03-18T16:16:53+00:00","article_modified_time":"2024-08-12T11:37:43+00:00","og_image":[{"width":770,"height":513,"url":"https:\/\/kunmedierne.dk\/mors\/wp-content\/uploads\/2021\/03\/charlotte-amalie-holm.jpg","type":"image\/jpeg"}],"author":"David H\u00f8jmark","twitter_card":"summary_large_image","twitter_misc":{"Skrevet af":"David H\u00f8jmark","Estimeret l\u00e6setid":"1 minut"},"schema":{"@context":"https:\/\/schema.org","@graph":[{"@type":"Article","@id":"https:\/\/kunmedierne.dk\/mors\/gymnasieelev-vil-i-kommunalbestyrelsen\/#article","isPartOf":{"@id":"https:\/\/kunmedierne.dk\/mors\/gymnasieelev-vil-i-kommunalbestyrelsen\/"},"author":{"name":"David H\u00f8jmark","@id":"https:\/\/kunmedierne.dk\/mors\/#\/schema\/person\/5fe23251bf1d0abbcdc6f7896579d548"},"headline":"Gymnasieelev vil i kommunalbestyrelsen","datePublished":"2021-03-18T16:16:53+00:00","dateModified":"2024-08-12T11:37:43+00:00","mainEntityOfPage":{"@id":"https:\/\/kunmedierne.dk\/mors\/gymnasieelev-vil-i-kommunalbestyrelsen\/"},"wordCount":263,"commentCount":0,"publisher":{"@id":"https:\/\/kunmedierne.dk\/mors\/#organization"},"image":{"@id":"https:\/\/kunmedierne.dk\/mors\/gymnasieelev-vil-i-kommunalbestyrelsen\/#primaryimage"},"thumbnailUrl":"https:\/\/kunmedierne.dk\/mors\/wp-content\/uploads\/2021\/03\/charlotte-amalie-holm.jpg","keywords":["Politik"],"articleSection":["Lokalt"],"inLanguage":"da-DK","potentialAction":[{"@type":"CommentAction","name":"Comment","target":["https:\/\/kunmedierne.dk\/mors\/gymnasieelev-vil-i-kommunalbestyrelsen\/#respond"]}]},{"@type":"WebPage","@id":"https:\/\/kunmedierne.dk\/mors\/gymnasieelev-vil-i-kommunalbestyrelsen\/","url":"https:\/\/kunmedierne.dk\/mors\/gymnasieelev-vil-i-kommunalbestyrelsen\/","name":"Gymnasieelev vil i kommunalbestyrelsen - Mors","isPartOf":{"@id":"https:\/\/kunmedierne.dk\/mors\/#website"},"primaryImageOfPage":{"@id":"https:\/\/kunmedierne.dk\/mors\/gymnasieelev-vil-i-kommunalbestyrelsen\/#primaryimage"},"image":{"@id":"https:\/\/kunmedierne.dk\/mors\/gymnasieelev-vil-i-kommunalbestyrelsen\/#primaryimage"},"thumbnailUrl":"https:\/\/kunmedierne.dk\/mors\/wp-content\/uploads\/2021\/03\/charlotte-amalie-holm.jpg","datePublished":"2021-03-18T16:16:53+00:00","dateModified":"2024-08-12T11:37:43+00:00","breadcrumb":{"@id":"https:\/\/kunmedierne.dk\/mors\/gymnasieelev-vil-i-kommunalbestyrelsen\/#breadcrumb"},"inLanguage":"da-DK","potentialAction":[{"@type":"ReadAction","target":["https:\/\/kunmedierne.dk\/mors\/gymnasieelev-vil-i-kommunalbestyrelsen\/"]}]},{"@type":"ImageObject","inLanguage":"da-DK","@id":"https:\/\/kunmedierne.dk\/mors\/gymnasieelev-vil-i-kommunalbestyrelsen\/#primaryimage","url":"https:\/\/kunmedierne.dk\/mors\/wp-content\/uploads\/2021\/03\/charlotte-amalie-holm.jpg","contentUrl":"https:\/\/kunmedierne.dk\/mors\/wp-content\/uploads\/2021\/03\/charlotte-amalie-holm.jpg","width":770,"height":513,"caption":"Charlotte Amalie Holm g\u00e5r efter en plads i byr\u00e5dssalen fra 2022."},{"@type":"BreadcrumbList","@id":"https:\/\/kunmedierne.dk\/mors\/gymnasieelev-vil-i-kommunalbestyrelsen\/#breadcrumb","itemListElement":[{"@type":"ListItem","position":1,"name":"Hjem","item":"https:\/\/kunmedierne.dk\/mors\/"},{"@type":"ListItem","position":2,"name":"Gymnasieelev vil i kommunalbestyrelsen"}]},{"@type":"WebSite","@id":"https:\/\/kunmedierne.dk\/mors\/#website","url":"https:\/\/kunmedierne.dk\/mors\/","name":"Mors","description":"et netmedie med journalistik om livet p\u00e5 Mors","publisher":{"@id":"https:\/\/kunmedierne.dk\/mors\/#organization"},"potentialAction":[{"@type":"SearchAction","target":{"@type":"EntryPoint","urlTemplate":"https:\/\/kunmedierne.dk\/mors\/?s={search_term_string}"},"query-input":{"@type":"PropertyValueSpecification","valueRequired":true,"valueName":"search_term_string"}}],"inLanguage":"da-DK"},{"@type":"Organization","@id":"https:\/\/kunmedierne.dk\/mors\/#organization","name":"Mors","url":"https:\/\/kunmedierne.dk\/mors\/","logo":{"@type":"ImageObject","inLanguage":"da-DK","@id":"https:\/\/kunmedierne.dk\/mors\/#\/schema\/logo\/image\/","url":"https:\/\/kunmedierne.dk\/mors\/wp-content\/uploads\/2024\/08\/kunmors-logo.svg","contentUrl":"https:\/\/kunmedierne.dk\/mors\/wp-content\/uploads\/2024\/08\/kunmors-logo.svg","caption":"Mors"},"image":{"@id":"https:\/\/kunmedierne.dk\/mors\/#\/schema\/logo\/image\/"}},{"@type":"Person","@id":"https:\/\/kunmedierne.dk\/mors\/#\/schema\/person\/5fe23251bf1d0abbcdc6f7896579d548","name":"David H\u00f8jmark","image":{"@type":"ImageObject","inLanguage":"da-DK","@id":"https:\/\/kunmedierne.dk\/mors\/#\/schema\/person\/image\/","url":"https:\/\/secure.gravatar.com\/avatar\/4315d6fb9ef244d729989f5f90268eb08d5bf8a3d84402f595fa194bb35784fd?s=96&d=mm&r=g","contentUrl":"https:\/\/secure.gravatar.com\/avatar\/4315d6fb9ef244d729989f5f90268eb08d5bf8a3d84402f595fa194bb35784fd?s=96&d=mm&r=g","caption":"David H\u00f8jmark"},"sameAs":["https:\/\/www.kunmedierne.dk"],"url":"https:\/\/kunmedierne.dk\/mors\/author\/david\/"}]}},"_links":{"self":[{"href":"https:\/\/kunmedierne.dk\/mors\/wp-json\/wp\/v2\/posts\/41813","targetHints":{"allow":["GET"]}}],"collection":[{"href":"https:\/\/kunmedierne.dk\/mors\/wp-json\/wp\/v2\/posts"}],"about":[{"href":"https:\/\/kunmedierne.dk\/mors\/wp-json\/wp\/v2\/types\/post"}],"author":[{"embeddable":true,"href":"https:\/\/kunmedierne.dk\/mors\/wp-json\/wp\/v2\/users\/8"}],"replies":[{"embeddable":true,"href":"https:\/\/kunmedierne.dk\/mors\/wp-json\/wp\/v2\/comments?post=41813"}],"version-history":[{"count":3,"href":"https:\/\/kunmedierne.dk\/mors\/wp-json\/wp\/v2\/posts\/41813\/revisions"}],"predecessor-version":[{"id":41819,"href":"https:\/\/kunmedierne.dk\/mors\/wp-json\/wp\/v2\/posts\/41813\/revisions\/41819"}],"wp:featuredmedia":[{"embeddable":true,"href":"https:\/\/kunmedierne.dk\/mors\/wp-json\/wp\/v2\/media\/41815"}],"wp:attachment":[{"href":"https:\/\/kunmedierne.dk\/mors\/wp-json\/wp\/v2\/media?parent=41813"}],"wp:term":[{"taxonomy":"category","embeddable":true,"href":"https:\/\/kunmedierne.dk\/mors\/wp-json\/wp\/v2\/categories?post=41813"},{"taxonomy":"post_tag","embeddable":true,"href":"https:\/\/kunmedierne.dk\/mors\/wp-json\/wp\/v2\/tags?post=41813"}],"curies":[{"name":"wp","href":"https:\/\/api.w.org\/{rel}","templated":true}]}}