{"id":41768,"date":"2021-03-17T17:52:55","date_gmt":"2021-03-17T16:52:55","guid":{"rendered":"https:\/\/kunmedierne.dk\/mors\/?p=41768"},"modified":"2024-08-12T13:37:43","modified_gmt":"2024-08-12T11:37:43","slug":"endnu-en-var-smittet-paa-sydvestmors-friskole","status":"publish","type":"post","link":"https:\/\/kunmedierne.dk\/mors\/endnu-en-var-smittet-paa-sydvestmors-friskole\/","title":{"rendered":"Endnu en var smittet p\u00e5 Sydvestmors Friskole"},"content":{"rendered":"<p><strong>HVIDBJERG<\/strong>: Antallet af smittede p\u00e5 den coronaramte Sydvestmors Friskole n\u00e5ede op p\u00e5 otte i alt &#8211; syv b\u00f8rn og en voksen.<\/p>\n<p>Det viste resultatet af de sidste testsvar, som ikke var n\u00e5et frem, da skoleleder Manuela St\u00f8vlb\u00e6k i g\u00e5r fortalte KunMors om \u00e5rsagen til, at <a href=\"https:\/\/kunmedierne.dk\/mors\/sydvestmors-friskole-lukket-efter-smitteudbrud\/\" target=\"_blank\" rel=\"noopener noreferrer\">skolen var lukket ned<\/a> og alle sendt hjem.<\/p>\n<p>&#8220;S\u00e5 nu h\u00e5ber vi, at det var det,&#8221; lyder det fra en skoleleder, der er lettet over, at de sidste testsvar\u00a0 ikke fortalte om endnu flere smittetilf\u00e6lde. <a href=\"https:\/\/www.fmspks.dk\/\"><img loading=\"lazy\" decoding=\"async\" class=\"alignright size-full wp-image-35528\" src=\"https:\/\/kunmedierne.dk\/mors\/wp-content\/uploads\/2020\/11\/ho4.jpg\" alt=\"\" width=\"1400\" height=\"125\" srcset=\"https:\/\/kunmedierne.dk\/mors\/wp-content\/uploads\/2020\/11\/ho4.jpg 1400w, https:\/\/kunmedierne.dk\/mors\/wp-content\/uploads\/2020\/11\/ho4-300x27.jpg 300w, https:\/\/kunmedierne.dk\/mors\/wp-content\/uploads\/2020\/11\/ho4-1024x91.jpg 1024w, https:\/\/kunmedierne.dk\/mors\/wp-content\/uploads\/2020\/11\/ho4-768x69.jpg 768w, https:\/\/kunmedierne.dk\/mors\/wp-content\/uploads\/2020\/11\/ho4-600x54.jpg 600w\" sizes=\"auto, (max-width: 1400px) 100vw, 1400px\" \/><\/a><\/p>\n<p>Situationen er nu, at alle skal igennem endnu en test. Den giver svar i weekenden, og er det med negativt resultat, kan man m\u00f8de i skole eller p\u00e5 arbejde igen mandag.<\/p>\n<p>I mellemtiden forts\u00e6tter ugen med hjemmeundervisning. Det har skolen rutine i fra tidligere, men denne gang er det med hj\u00e6lp fra for\u00e6ldre, der kigger i skoleb\u00f8gerne sammen med deres b\u00f8rn.<\/p>\n<p>&#8220;Vi har ellers v\u00e6ret online helt ned til b\u00f8rnehaveklassen. Men denne gang har vi ikke n\u00e5et at sende s\u00e5 mange tablets med hjem, s\u00e5 det er lidt p\u00e5 den gammeldags m\u00e5de,&#8221; siger Manuela St\u00f8vlb\u00e6k.<\/p>\n","protected":false},"excerpt":{"rendered":"<p>HVIDBJERG: Antallet af smittede p\u00e5 den coronaramte Sydvestmors Friskole n\u00e5ede op p\u00e5 otte i alt &#8211; syv b\u00f8rn og en voksen. Det viste resultatet af de sidste testsvar, som ikke var n\u00e5et frem, da skoleleder Manuela St\u00f8vlb\u00e6k i g\u00e5r fortalte KunMors om \u00e5rsagen til, at skolen var lukket ned og alle sendt hjem. &#8220;S\u00e5 nu [&hellip;]<\/p>\n","protected":false},"author":8,"featured_media":29604,"comment_status":"open","ping_status":"open","sticky":false,"template":"","format":"standard","meta":{"_acf_changed":false,"footnotes":""},"categories":[51],"tags":[170],"class_list":["post-41768","post","type-post","status-publish","format-standard","has-post-thumbnail","hentry","category-lokalt","tag-uddannelse"],"acf":[],"yoast_head":"<!-- This site is optimized with the Yoast SEO plugin v26.8 - https:\/\/yoast.com\/product\/yoast-seo-wordpress\/ -->\n<title>Endnu en var smittet p\u00e5 Sydvestmors Friskole - Mors<\/title>\n<meta name=\"robots\" content=\"index, follow, max-snippet:-1, max-image-preview:large, max-video-preview:-1\" \/>\n<link rel=\"canonical\" href=\"https:\/\/kunmedierne.dk\/mors\/endnu-en-var-smittet-paa-sydvestmors-friskole\/\" \/>\n<meta property=\"og:locale\" content=\"da_DK\" \/>\n<meta property=\"og:type\" content=\"article\" \/>\n<meta property=\"og:title\" content=\"Endnu en var smittet p\u00e5 Sydvestmors Friskole - Mors\" \/>\n<meta property=\"og:description\" content=\"HVIDBJERG: Antallet af smittede p\u00e5 den coronaramte Sydvestmors Friskole n\u00e5ede op p\u00e5 otte i alt &#8211; syv b\u00f8rn og en voksen. Det viste resultatet af de sidste testsvar, som ikke var n\u00e5et frem, da skoleleder Manuela St\u00f8vlb\u00e6k i g\u00e5r fortalte KunMors om \u00e5rsagen til, at skolen var lukket ned og alle sendt hjem. &#8220;S\u00e5 nu [&hellip;]\" \/>\n<meta property=\"og:url\" content=\"https:\/\/kunmedierne.dk\/mors\/endnu-en-var-smittet-paa-sydvestmors-friskole\/\" \/>\n<meta property=\"og:site_name\" content=\"Mors\" \/>\n<meta property=\"article:published_time\" content=\"2021-03-17T16:52:55+00:00\" \/>\n<meta property=\"article:modified_time\" content=\"2024-08-12T11:37:43+00:00\" \/>\n<meta property=\"og:image\" content=\"https:\/\/kunmedierne.dk\/mors\/wp-content\/uploads\/2020\/08\/200121-sydvestmors-friskole.jpg\" \/>\n\t<meta property=\"og:image:width\" content=\"770\" \/>\n\t<meta property=\"og:image:height\" content=\"513\" \/>\n\t<meta property=\"og:image:type\" content=\"image\/jpeg\" \/>\n<meta name=\"author\" content=\"David H\u00f8jmark\" \/>\n<meta name=\"twitter:card\" content=\"summary_large_image\" \/>\n<meta name=\"twitter:label1\" content=\"Skrevet af\" \/>\n\t<meta name=\"twitter:data1\" content=\"David H\u00f8jmark\" \/>\n\t<meta name=\"twitter:label2\" content=\"Estimeret l\u00e6setid\" \/>\n\t<meta name=\"twitter:data2\" content=\"1 minut\" \/>\n<script type=\"application\/ld+json\" class=\"yoast-schema-graph\">{\"@context\":\"https:\/\/schema.org\",\"@graph\":[{\"@type\":\"Article\",\"@id\":\"https:\/\/kunmedierne.dk\/mors\/endnu-en-var-smittet-paa-sydvestmors-friskole\/#article\",\"isPartOf\":{\"@id\":\"https:\/\/kunmedierne.dk\/mors\/endnu-en-var-smittet-paa-sydvestmors-friskole\/\"},\"author\":{\"name\":\"David H\u00f8jmark\",\"@id\":\"https:\/\/kunmedierne.dk\/mors\/#\/schema\/person\/5fe23251bf1d0abbcdc6f7896579d548\"},\"headline\":\"Endnu en var smittet p\u00e5 Sydvestmors Friskole\",\"datePublished\":\"2021-03-17T16:52:55+00:00\",\"dateModified\":\"2024-08-12T11:37:43+00:00\",\"mainEntityOfPage\":{\"@id\":\"https:\/\/kunmedierne.dk\/mors\/endnu-en-var-smittet-paa-sydvestmors-friskole\/\"},\"wordCount\":202,\"commentCount\":0,\"publisher\":{\"@id\":\"https:\/\/kunmedierne.dk\/mors\/#organization\"},\"image\":{\"@id\":\"https:\/\/kunmedierne.dk\/mors\/endnu-en-var-smittet-paa-sydvestmors-friskole\/#primaryimage\"},\"thumbnailUrl\":\"https:\/\/kunmedierne.dk\/mors\/wp-content\/uploads\/2020\/08\/200121-sydvestmors-friskole.jpg\",\"keywords\":[\"Skoler og uddannelse\"],\"articleSection\":[\"Lokalt\"],\"inLanguage\":\"da-DK\",\"potentialAction\":[{\"@type\":\"CommentAction\",\"name\":\"Comment\",\"target\":[\"https:\/\/kunmedierne.dk\/mors\/endnu-en-var-smittet-paa-sydvestmors-friskole\/#respond\"]}]},{\"@type\":\"WebPage\",\"@id\":\"https:\/\/kunmedierne.dk\/mors\/endnu-en-var-smittet-paa-sydvestmors-friskole\/\",\"url\":\"https:\/\/kunmedierne.dk\/mors\/endnu-en-var-smittet-paa-sydvestmors-friskole\/\",\"name\":\"Endnu en var smittet p\u00e5 Sydvestmors Friskole - Mors\",\"isPartOf\":{\"@id\":\"https:\/\/kunmedierne.dk\/mors\/#website\"},\"primaryImageOfPage\":{\"@id\":\"https:\/\/kunmedierne.dk\/mors\/endnu-en-var-smittet-paa-sydvestmors-friskole\/#primaryimage\"},\"image\":{\"@id\":\"https:\/\/kunmedierne.dk\/mors\/endnu-en-var-smittet-paa-sydvestmors-friskole\/#primaryimage\"},\"thumbnailUrl\":\"https:\/\/kunmedierne.dk\/mors\/wp-content\/uploads\/2020\/08\/200121-sydvestmors-friskole.jpg\",\"datePublished\":\"2021-03-17T16:52:55+00:00\",\"dateModified\":\"2024-08-12T11:37:43+00:00\",\"breadcrumb\":{\"@id\":\"https:\/\/kunmedierne.dk\/mors\/endnu-en-var-smittet-paa-sydvestmors-friskole\/#breadcrumb\"},\"inLanguage\":\"da-DK\",\"potentialAction\":[{\"@type\":\"ReadAction\",\"target\":[\"https:\/\/kunmedierne.dk\/mors\/endnu-en-var-smittet-paa-sydvestmors-friskole\/\"]}]},{\"@type\":\"ImageObject\",\"inLanguage\":\"da-DK\",\"@id\":\"https:\/\/kunmedierne.dk\/mors\/endnu-en-var-smittet-paa-sydvestmors-friskole\/#primaryimage\",\"url\":\"https:\/\/kunmedierne.dk\/mors\/wp-content\/uploads\/2020\/08\/200121-sydvestmors-friskole.jpg\",\"contentUrl\":\"https:\/\/kunmedierne.dk\/mors\/wp-content\/uploads\/2020\/08\/200121-sydvestmors-friskole.jpg\",\"width\":770,\"height\":513,\"caption\":\"Sydvestmors Friskole. Foto: David H\u00f8jmark\"},{\"@type\":\"BreadcrumbList\",\"@id\":\"https:\/\/kunmedierne.dk\/mors\/endnu-en-var-smittet-paa-sydvestmors-friskole\/#breadcrumb\",\"itemListElement\":[{\"@type\":\"ListItem\",\"position\":1,\"name\":\"Hjem\",\"item\":\"https:\/\/kunmedierne.dk\/mors\/\"},{\"@type\":\"ListItem\",\"position\":2,\"name\":\"Endnu en var smittet p\u00e5 Sydvestmors Friskole\"}]},{\"@type\":\"WebSite\",\"@id\":\"https:\/\/kunmedierne.dk\/mors\/#website\",\"url\":\"https:\/\/kunmedierne.dk\/mors\/\",\"name\":\"Mors\",\"description\":\"et netmedie med journalistik om livet p\u00e5 Mors\",\"publisher\":{\"@id\":\"https:\/\/kunmedierne.dk\/mors\/#organization\"},\"potentialAction\":[{\"@type\":\"SearchAction\",\"target\":{\"@type\":\"EntryPoint\",\"urlTemplate\":\"https:\/\/kunmedierne.dk\/mors\/?s={search_term_string}\"},\"query-input\":{\"@type\":\"PropertyValueSpecification\",\"valueRequired\":true,\"valueName\":\"search_term_string\"}}],\"inLanguage\":\"da-DK\"},{\"@type\":\"Organization\",\"@id\":\"https:\/\/kunmedierne.dk\/mors\/#organization\",\"name\":\"Mors\",\"url\":\"https:\/\/kunmedierne.dk\/mors\/\",\"logo\":{\"@type\":\"ImageObject\",\"inLanguage\":\"da-DK\",\"@id\":\"https:\/\/kunmedierne.dk\/mors\/#\/schema\/logo\/image\/\",\"url\":\"https:\/\/kunmedierne.dk\/mors\/wp-content\/uploads\/2024\/08\/kunmors-logo.svg\",\"contentUrl\":\"https:\/\/kunmedierne.dk\/mors\/wp-content\/uploads\/2024\/08\/kunmors-logo.svg\",\"caption\":\"Mors\"},\"image\":{\"@id\":\"https:\/\/kunmedierne.dk\/mors\/#\/schema\/logo\/image\/\"}},{\"@type\":\"Person\",\"@id\":\"https:\/\/kunmedierne.dk\/mors\/#\/schema\/person\/5fe23251bf1d0abbcdc6f7896579d548\",\"name\":\"David H\u00f8jmark\",\"image\":{\"@type\":\"ImageObject\",\"inLanguage\":\"da-DK\",\"@id\":\"https:\/\/kunmedierne.dk\/mors\/#\/schema\/person\/image\/\",\"url\":\"https:\/\/secure.gravatar.com\/avatar\/4315d6fb9ef244d729989f5f90268eb08d5bf8a3d84402f595fa194bb35784fd?s=96&d=mm&r=g\",\"contentUrl\":\"https:\/\/secure.gravatar.com\/avatar\/4315d6fb9ef244d729989f5f90268eb08d5bf8a3d84402f595fa194bb35784fd?s=96&d=mm&r=g\",\"caption\":\"David H\u00f8jmark\"},\"sameAs\":[\"https:\/\/www.kunmedierne.dk\"],\"url\":\"https:\/\/kunmedierne.dk\/mors\/author\/david\/\"}]}<\/script>\n<!-- \/ Yoast SEO plugin. -->","yoast_head_json":{"title":"Endnu en var smittet p\u00e5 Sydvestmors Friskole - Mors","robots":{"index":"index","follow":"follow","max-snippet":"max-snippet:-1","max-image-preview":"max-image-preview:large","max-video-preview":"max-video-preview:-1"},"canonical":"https:\/\/kunmedierne.dk\/mors\/endnu-en-var-smittet-paa-sydvestmors-friskole\/","og_locale":"da_DK","og_type":"article","og_title":"Endnu en var smittet p\u00e5 Sydvestmors Friskole - Mors","og_description":"HVIDBJERG: Antallet af smittede p\u00e5 den coronaramte Sydvestmors Friskole n\u00e5ede op p\u00e5 otte i alt &#8211; syv b\u00f8rn og en voksen. Det viste resultatet af de sidste testsvar, som ikke var n\u00e5et frem, da skoleleder Manuela St\u00f8vlb\u00e6k i g\u00e5r fortalte KunMors om \u00e5rsagen til, at skolen var lukket ned og alle sendt hjem. &#8220;S\u00e5 nu [&hellip;]","og_url":"https:\/\/kunmedierne.dk\/mors\/endnu-en-var-smittet-paa-sydvestmors-friskole\/","og_site_name":"Mors","article_published_time":"2021-03-17T16:52:55+00:00","article_modified_time":"2024-08-12T11:37:43+00:00","og_image":[{"width":770,"height":513,"url":"https:\/\/kunmedierne.dk\/mors\/wp-content\/uploads\/2020\/08\/200121-sydvestmors-friskole.jpg","type":"image\/jpeg"}],"author":"David H\u00f8jmark","twitter_card":"summary_large_image","twitter_misc":{"Skrevet af":"David H\u00f8jmark","Estimeret l\u00e6setid":"1 minut"},"schema":{"@context":"https:\/\/schema.org","@graph":[{"@type":"Article","@id":"https:\/\/kunmedierne.dk\/mors\/endnu-en-var-smittet-paa-sydvestmors-friskole\/#article","isPartOf":{"@id":"https:\/\/kunmedierne.dk\/mors\/endnu-en-var-smittet-paa-sydvestmors-friskole\/"},"author":{"name":"David H\u00f8jmark","@id":"https:\/\/kunmedierne.dk\/mors\/#\/schema\/person\/5fe23251bf1d0abbcdc6f7896579d548"},"headline":"Endnu en var smittet p\u00e5 Sydvestmors Friskole","datePublished":"2021-03-17T16:52:55+00:00","dateModified":"2024-08-12T11:37:43+00:00","mainEntityOfPage":{"@id":"https:\/\/kunmedierne.dk\/mors\/endnu-en-var-smittet-paa-sydvestmors-friskole\/"},"wordCount":202,"commentCount":0,"publisher":{"@id":"https:\/\/kunmedierne.dk\/mors\/#organization"},"image":{"@id":"https:\/\/kunmedierne.dk\/mors\/endnu-en-var-smittet-paa-sydvestmors-friskole\/#primaryimage"},"thumbnailUrl":"https:\/\/kunmedierne.dk\/mors\/wp-content\/uploads\/2020\/08\/200121-sydvestmors-friskole.jpg","keywords":["Skoler og uddannelse"],"articleSection":["Lokalt"],"inLanguage":"da-DK","potentialAction":[{"@type":"CommentAction","name":"Comment","target":["https:\/\/kunmedierne.dk\/mors\/endnu-en-var-smittet-paa-sydvestmors-friskole\/#respond"]}]},{"@type":"WebPage","@id":"https:\/\/kunmedierne.dk\/mors\/endnu-en-var-smittet-paa-sydvestmors-friskole\/","url":"https:\/\/kunmedierne.dk\/mors\/endnu-en-var-smittet-paa-sydvestmors-friskole\/","name":"Endnu en var smittet p\u00e5 Sydvestmors Friskole - Mors","isPartOf":{"@id":"https:\/\/kunmedierne.dk\/mors\/#website"},"primaryImageOfPage":{"@id":"https:\/\/kunmedierne.dk\/mors\/endnu-en-var-smittet-paa-sydvestmors-friskole\/#primaryimage"},"image":{"@id":"https:\/\/kunmedierne.dk\/mors\/endnu-en-var-smittet-paa-sydvestmors-friskole\/#primaryimage"},"thumbnailUrl":"https:\/\/kunmedierne.dk\/mors\/wp-content\/uploads\/2020\/08\/200121-sydvestmors-friskole.jpg","datePublished":"2021-03-17T16:52:55+00:00","dateModified":"2024-08-12T11:37:43+00:00","breadcrumb":{"@id":"https:\/\/kunmedierne.dk\/mors\/endnu-en-var-smittet-paa-sydvestmors-friskole\/#breadcrumb"},"inLanguage":"da-DK","potentialAction":[{"@type":"ReadAction","target":["https:\/\/kunmedierne.dk\/mors\/endnu-en-var-smittet-paa-sydvestmors-friskole\/"]}]},{"@type":"ImageObject","inLanguage":"da-DK","@id":"https:\/\/kunmedierne.dk\/mors\/endnu-en-var-smittet-paa-sydvestmors-friskole\/#primaryimage","url":"https:\/\/kunmedierne.dk\/mors\/wp-content\/uploads\/2020\/08\/200121-sydvestmors-friskole.jpg","contentUrl":"https:\/\/kunmedierne.dk\/mors\/wp-content\/uploads\/2020\/08\/200121-sydvestmors-friskole.jpg","width":770,"height":513,"caption":"Sydvestmors Friskole. Foto: David H\u00f8jmark"},{"@type":"BreadcrumbList","@id":"https:\/\/kunmedierne.dk\/mors\/endnu-en-var-smittet-paa-sydvestmors-friskole\/#breadcrumb","itemListElement":[{"@type":"ListItem","position":1,"name":"Hjem","item":"https:\/\/kunmedierne.dk\/mors\/"},{"@type":"ListItem","position":2,"name":"Endnu en var smittet p\u00e5 Sydvestmors Friskole"}]},{"@type":"WebSite","@id":"https:\/\/kunmedierne.dk\/mors\/#website","url":"https:\/\/kunmedierne.dk\/mors\/","name":"Mors","description":"et netmedie med journalistik om livet p\u00e5 Mors","publisher":{"@id":"https:\/\/kunmedierne.dk\/mors\/#organization"},"potentialAction":[{"@type":"SearchAction","target":{"@type":"EntryPoint","urlTemplate":"https:\/\/kunmedierne.dk\/mors\/?s={search_term_string}"},"query-input":{"@type":"PropertyValueSpecification","valueRequired":true,"valueName":"search_term_string"}}],"inLanguage":"da-DK"},{"@type":"Organization","@id":"https:\/\/kunmedierne.dk\/mors\/#organization","name":"Mors","url":"https:\/\/kunmedierne.dk\/mors\/","logo":{"@type":"ImageObject","inLanguage":"da-DK","@id":"https:\/\/kunmedierne.dk\/mors\/#\/schema\/logo\/image\/","url":"https:\/\/kunmedierne.dk\/mors\/wp-content\/uploads\/2024\/08\/kunmors-logo.svg","contentUrl":"https:\/\/kunmedierne.dk\/mors\/wp-content\/uploads\/2024\/08\/kunmors-logo.svg","caption":"Mors"},"image":{"@id":"https:\/\/kunmedierne.dk\/mors\/#\/schema\/logo\/image\/"}},{"@type":"Person","@id":"https:\/\/kunmedierne.dk\/mors\/#\/schema\/person\/5fe23251bf1d0abbcdc6f7896579d548","name":"David H\u00f8jmark","image":{"@type":"ImageObject","inLanguage":"da-DK","@id":"https:\/\/kunmedierne.dk\/mors\/#\/schema\/person\/image\/","url":"https:\/\/secure.gravatar.com\/avatar\/4315d6fb9ef244d729989f5f90268eb08d5bf8a3d84402f595fa194bb35784fd?s=96&d=mm&r=g","contentUrl":"https:\/\/secure.gravatar.com\/avatar\/4315d6fb9ef244d729989f5f90268eb08d5bf8a3d84402f595fa194bb35784fd?s=96&d=mm&r=g","caption":"David H\u00f8jmark"},"sameAs":["https:\/\/www.kunmedierne.dk"],"url":"https:\/\/kunmedierne.dk\/mors\/author\/david\/"}]}},"_links":{"self":[{"href":"https:\/\/kunmedierne.dk\/mors\/wp-json\/wp\/v2\/posts\/41768","targetHints":{"allow":["GET"]}}],"collection":[{"href":"https:\/\/kunmedierne.dk\/mors\/wp-json\/wp\/v2\/posts"}],"about":[{"href":"https:\/\/kunmedierne.dk\/mors\/wp-json\/wp\/v2\/types\/post"}],"author":[{"embeddable":true,"href":"https:\/\/kunmedierne.dk\/mors\/wp-json\/wp\/v2\/users\/8"}],"replies":[{"embeddable":true,"href":"https:\/\/kunmedierne.dk\/mors\/wp-json\/wp\/v2\/comments?post=41768"}],"version-history":[{"count":1,"href":"https:\/\/kunmedierne.dk\/mors\/wp-json\/wp\/v2\/posts\/41768\/revisions"}],"predecessor-version":[{"id":41769,"href":"https:\/\/kunmedierne.dk\/mors\/wp-json\/wp\/v2\/posts\/41768\/revisions\/41769"}],"wp:featuredmedia":[{"embeddable":true,"href":"https:\/\/kunmedierne.dk\/mors\/wp-json\/wp\/v2\/media\/29604"}],"wp:attachment":[{"href":"https:\/\/kunmedierne.dk\/mors\/wp-json\/wp\/v2\/media?parent=41768"}],"wp:term":[{"taxonomy":"category","embeddable":true,"href":"https:\/\/kunmedierne.dk\/mors\/wp-json\/wp\/v2\/categories?post=41768"},{"taxonomy":"post_tag","embeddable":true,"href":"https:\/\/kunmedierne.dk\/mors\/wp-json\/wp\/v2\/tags?post=41768"}],"curies":[{"name":"wp","href":"https:\/\/api.w.org\/{rel}","templated":true}]}}