{"id":41706,"date":"2021-03-16T11:45:43","date_gmt":"2021-03-16T10:45:43","guid":{"rendered":"https:\/\/kunmedierne.dk\/mors\/?p=41706"},"modified":"2024-08-12T13:37:44","modified_gmt":"2024-08-12T11:37:44","slug":"morsingbo-i-venstres-forretningsudvalg","status":"publish","type":"post","link":"https:\/\/kunmedierne.dk\/mors\/morsingbo-i-venstres-forretningsudvalg\/","title":{"rendered":"Morsingbo i Venstres forretningsudvalg"},"content":{"rendered":"<p><strong>VESTER ASSELS<\/strong>: En morsingbo tr\u00e6der nu ind i forretningsudvalget hos partiet Venstre.<\/p>\n<p>Det er Gunhild Olesen M\u00f8ller, rutineret politiker fra Vester Assels, der mandag aften blev valgt ind som den ene af to nordjyske repr\u00e6sentanter.<\/p>\n<p>Det erkl\u00e6rer hun sig ikke overraskende tilfreds med &#8211; med tilf\u00f8jelsen, at det med hendes position i regionsbestyrelsen i Region Nordjylland ogs\u00e5 er et naturligt skridt.<\/p>\n<p>&#8220;Det f\u00f8lger med den post, jeg var placeret p\u00e5. Jeg var n\u00e6stformand, da formanden med kort varsel tog en exit fra Venstre,&#8221; siger Gunhild Olesen M\u00f8ller, da KunMors fanger hende p\u00e5 telefonen tirsdag formiddag.<a href=\"https:\/\/www.sparnord.dk\/filialer\/nykoebing-mors\/\"><img loading=\"lazy\" decoding=\"async\" class=\"alignright size-full wp-image-35699\" src=\"https:\/\/kunmedierne.dk\/mors\/wp-content\/uploads\/2020\/11\/ho6.jpg\" alt=\"\" width=\"1400\" height=\"123\" srcset=\"https:\/\/kunmedierne.dk\/mors\/wp-content\/uploads\/2020\/11\/ho6.jpg 1400w, https:\/\/kunmedierne.dk\/mors\/wp-content\/uploads\/2020\/11\/ho6-300x26.jpg 300w, https:\/\/kunmedierne.dk\/mors\/wp-content\/uploads\/2020\/11\/ho6-1024x90.jpg 1024w, https:\/\/kunmedierne.dk\/mors\/wp-content\/uploads\/2020\/11\/ho6-768x67.jpg 768w, https:\/\/kunmedierne.dk\/mors\/wp-content\/uploads\/2020\/11\/ho6-600x53.jpg 600w\" sizes=\"auto, (max-width: 1400px) 100vw, 1400px\" \/><\/a><\/p>\n<p>&#8220;Jeg er jo ogs\u00e5 den, der har v\u00e6ret i regionens bestyrelse allerl\u00e6ngst. Jeg har v\u00e6ret med siden starten i 2006-07, og jeg har selv v\u00e6ret valgt til regionen i tre perioder og ogs\u00e5 v\u00e6ret i amtsr\u00e5det i Viborg. S\u00e5 jeg har v\u00e6ret med i det hele,&#8221; opsummerer hun.<\/p>\n<p>Med formandens exit med kort varsel henviser hun til, at Pernille Roth for en m\u00e5ned siden valgte at forlade b\u00e5de sin post og partiet i det hele taget. Sm\u00e6kket med d\u00f8ren blev blandt andet begrundet i Inger St\u00f8jbjerg-sagen og Venstres opbakning til en rigsretssag imod den tidligere minister.<\/p>\n<p><em>Pernille Roth var ude og sige, at Venstre er blevet et smallere parti, end det har v\u00e6ret tidligere. Har hun ret i det?<\/em><\/p>\n<p>&#8220;Det kan jeg virkelig ikke se. S\u00e5dan har jeg aldrig selv f\u00f8lt det i hvert fald,&#8221; siger Gunhild Olesen M\u00f8ller og henviser til sin erfaring i forskellige roller af partiet &#8211; uden at have oplevet, at der er blevet lavere til loftet. <img loading=\"lazy\" decoding=\"async\" class=\"alignright size-full wp-image-39492\" src=\"https:\/\/kunmedierne.dk\/mors\/wp-content\/uploads\/2021\/02\/ho8-1.jpg\" alt=\"\" width=\"1400\" height=\"125\" srcset=\"https:\/\/kunmedierne.dk\/mors\/wp-content\/uploads\/2021\/02\/ho8-1.jpg 1400w, https:\/\/kunmedierne.dk\/mors\/wp-content\/uploads\/2021\/02\/ho8-1-300x27.jpg 300w, https:\/\/kunmedierne.dk\/mors\/wp-content\/uploads\/2021\/02\/ho8-1-1024x91.jpg 1024w, https:\/\/kunmedierne.dk\/mors\/wp-content\/uploads\/2021\/02\/ho8-1-768x69.jpg 768w, https:\/\/kunmedierne.dk\/mors\/wp-content\/uploads\/2021\/02\/ho8-1-600x54.jpg 600w\" sizes=\"auto, (max-width: 1400px) 100vw, 1400px\" \/><\/p>\n<p>&#8220;Jeg har jo siddet i forretningsudvalget p\u00e5 Mors i 21 \u00e5r, s\u00e5 jeg har god erfaring med organisationen. Jeg er ogs\u00e5 medlem af europaudvalget i Nordjylland, hvor jeg er n\u00e6stformand. S\u00e5 p\u00e5 den m\u00e5de har jeg v\u00e6ret med i mange valgkampe og har en god erfaring p\u00e5 de omr\u00e5der,&#8221; siger hun.<\/p>\n<p><em>Og du mener ikke, at Venstre har \u00e6ndret sig i forhold til at have plads til holdninger?<\/em><\/p>\n<p>&#8220;Nej, ikke for mig at se. Jeg har ikke m\u00e6rket noget til det, det m\u00e5 jeg sige,&#8221; siger hun.<\/p>\n<p>&nbsp;<\/p>\n<p><strong>Tre perioder i regionsr\u00e5det<\/strong><\/p>\n<p>Gunhild Olesen M\u00f8ller er 71 \u00e5r og driver med sin mand en g\u00e5rd ved Vester Assels. Fra 2010 til 2014 sad hun i kommunalbestyrelsen for Mors\u00f8 Kommune, men allerede 10 \u00e5r f\u00f8r var hun tr\u00e5dt ind i politik som folkevalgt.<\/p>\n<p>I 2001 blev hun valgt ind i Viborg Amtsr\u00e5d og havde siden tre perioder i regionsr\u00e5det for Region Nordjylland. Her blev hun trods flere end 1000 personlige stemmer ikke valgt ind ved valget i 2017 og har besluttet ikke at stille op i \u00e5r.\u00a0 <a href=\"https:\/\/www.braendselsforeningen.dk\/\"><img loading=\"lazy\" decoding=\"async\" class=\"alignright size-full wp-image-36029\" src=\"https:\/\/kunmedierne.dk\/mors\/wp-content\/uploads\/2020\/11\/Br\u00e6ndselsforeningen.jpg\" alt=\"\" width=\"1425\" height=\"127\" srcset=\"https:\/\/kunmedierne.dk\/mors\/wp-content\/uploads\/2020\/11\/Br\u00e6ndselsforeningen.jpg 1425w, https:\/\/kunmedierne.dk\/mors\/wp-content\/uploads\/2020\/11\/Br\u00e6ndselsforeningen-300x27.jpg 300w, https:\/\/kunmedierne.dk\/mors\/wp-content\/uploads\/2020\/11\/Br\u00e6ndselsforeningen-1024x91.jpg 1024w, https:\/\/kunmedierne.dk\/mors\/wp-content\/uploads\/2020\/11\/Br\u00e6ndselsforeningen-768x68.jpg 768w, https:\/\/kunmedierne.dk\/mors\/wp-content\/uploads\/2020\/11\/Br\u00e6ndselsforeningen-600x53.jpg 600w\" sizes=\"auto, (max-width: 1425px) 100vw, 1425px\" \/><\/a><\/p>\n<p>Men valget til regionsr\u00e5det kommer stadig til at optage hende.<\/p>\n<p>&#8220;Vi skal jo koncentrere os om den valgkamp, der forest\u00e5r,&#8221; siger hun om de kommende m\u00e5neders arbejde og melder om en fin status i forhold til nordjyske kandidater &#8211; om end man ikke er i m\u00e5l.<\/p>\n<p>&#8220;Der er god interesse for at blive opstillet til regionsr\u00e5det rundt omkring i kommunerne. Vi er nu p\u00e5 33 kandidater, og s\u00e5 er nogen i t\u00e6nkeboks. Det \u00e6ndrer sig jo hele tiden, men vi har et m\u00e5l om at opstille 45 kandidater,&#8221; siger Gundhild Olesen M\u00f8ller.<\/p>\n","protected":false},"excerpt":{"rendered":"<p>VESTER ASSELS: En morsingbo tr\u00e6der nu ind i forretningsudvalget hos partiet Venstre. Det er Gunhild Olesen M\u00f8ller, rutineret politiker fra Vester Assels, der mandag aften blev valgt ind som den ene af to nordjyske repr\u00e6sentanter. Det erkl\u00e6rer hun sig ikke overraskende tilfreds med &#8211; med tilf\u00f8jelsen, at det med hendes position i regionsbestyrelsen i Region [&hellip;]<\/p>\n","protected":false},"author":8,"featured_media":41710,"comment_status":"open","ping_status":"open","sticky":false,"template":"","format":"standard","meta":{"_acf_changed":false,"footnotes":""},"categories":[51],"tags":[167],"class_list":["post-41706","post","type-post","status-publish","format-standard","has-post-thumbnail","hentry","category-lokalt","tag-politik"],"acf":[],"yoast_head":"<!-- This site is optimized with the Yoast SEO plugin v26.8 - https:\/\/yoast.com\/product\/yoast-seo-wordpress\/ -->\n<title>Morsingbo i Venstres forretningsudvalg - Mors<\/title>\n<meta name=\"robots\" content=\"index, follow, max-snippet:-1, max-image-preview:large, max-video-preview:-1\" \/>\n<link rel=\"canonical\" href=\"https:\/\/kunmedierne.dk\/mors\/morsingbo-i-venstres-forretningsudvalg\/\" \/>\n<meta property=\"og:locale\" content=\"da_DK\" \/>\n<meta property=\"og:type\" content=\"article\" \/>\n<meta property=\"og:title\" content=\"Morsingbo i Venstres forretningsudvalg - Mors\" \/>\n<meta property=\"og:description\" content=\"VESTER ASSELS: En morsingbo tr\u00e6der nu ind i forretningsudvalget hos partiet Venstre. Det er Gunhild Olesen M\u00f8ller, rutineret politiker fra Vester Assels, der mandag aften blev valgt ind som den ene af to nordjyske repr\u00e6sentanter. Det erkl\u00e6rer hun sig ikke overraskende tilfreds med &#8211; med tilf\u00f8jelsen, at det med hendes position i regionsbestyrelsen i Region [&hellip;]\" \/>\n<meta property=\"og:url\" content=\"https:\/\/kunmedierne.dk\/mors\/morsingbo-i-venstres-forretningsudvalg\/\" \/>\n<meta property=\"og:site_name\" content=\"Mors\" \/>\n<meta property=\"article:published_time\" content=\"2021-03-16T10:45:43+00:00\" \/>\n<meta property=\"article:modified_time\" content=\"2024-08-12T11:37:44+00:00\" \/>\n<meta property=\"og:image\" content=\"https:\/\/kunmedierne.dk\/mors\/wp-content\/uploads\/2021\/03\/gunhild-olesen-m\u00f8ller2.jpg\" \/>\n\t<meta property=\"og:image:width\" content=\"770\" \/>\n\t<meta property=\"og:image:height\" content=\"512\" \/>\n\t<meta property=\"og:image:type\" content=\"image\/jpeg\" \/>\n<meta name=\"author\" content=\"David H\u00f8jmark\" \/>\n<meta name=\"twitter:card\" content=\"summary_large_image\" \/>\n<meta name=\"twitter:label1\" content=\"Skrevet af\" \/>\n\t<meta name=\"twitter:data1\" content=\"David H\u00f8jmark\" \/>\n\t<meta name=\"twitter:label2\" content=\"Estimeret l\u00e6setid\" \/>\n\t<meta name=\"twitter:data2\" content=\"3 minutter\" \/>\n<script type=\"application\/ld+json\" class=\"yoast-schema-graph\">{\"@context\":\"https:\/\/schema.org\",\"@graph\":[{\"@type\":\"Article\",\"@id\":\"https:\/\/kunmedierne.dk\/mors\/morsingbo-i-venstres-forretningsudvalg\/#article\",\"isPartOf\":{\"@id\":\"https:\/\/kunmedierne.dk\/mors\/morsingbo-i-venstres-forretningsudvalg\/\"},\"author\":{\"name\":\"David H\u00f8jmark\",\"@id\":\"https:\/\/kunmedierne.dk\/mors\/#\/schema\/person\/5fe23251bf1d0abbcdc6f7896579d548\"},\"headline\":\"Morsingbo i Venstres forretningsudvalg\",\"datePublished\":\"2021-03-16T10:45:43+00:00\",\"dateModified\":\"2024-08-12T11:37:44+00:00\",\"mainEntityOfPage\":{\"@id\":\"https:\/\/kunmedierne.dk\/mors\/morsingbo-i-venstres-forretningsudvalg\/\"},\"wordCount\":562,\"commentCount\":0,\"publisher\":{\"@id\":\"https:\/\/kunmedierne.dk\/mors\/#organization\"},\"image\":{\"@id\":\"https:\/\/kunmedierne.dk\/mors\/morsingbo-i-venstres-forretningsudvalg\/#primaryimage\"},\"thumbnailUrl\":\"https:\/\/kunmedierne.dk\/mors\/wp-content\/uploads\/2021\/03\/gunhild-olesen-m\u00f8ller2.jpg\",\"keywords\":[\"Politik\"],\"articleSection\":[\"Lokalt\"],\"inLanguage\":\"da-DK\",\"potentialAction\":[{\"@type\":\"CommentAction\",\"name\":\"Comment\",\"target\":[\"https:\/\/kunmedierne.dk\/mors\/morsingbo-i-venstres-forretningsudvalg\/#respond\"]}]},{\"@type\":\"WebPage\",\"@id\":\"https:\/\/kunmedierne.dk\/mors\/morsingbo-i-venstres-forretningsudvalg\/\",\"url\":\"https:\/\/kunmedierne.dk\/mors\/morsingbo-i-venstres-forretningsudvalg\/\",\"name\":\"Morsingbo i Venstres forretningsudvalg - Mors\",\"isPartOf\":{\"@id\":\"https:\/\/kunmedierne.dk\/mors\/#website\"},\"primaryImageOfPage\":{\"@id\":\"https:\/\/kunmedierne.dk\/mors\/morsingbo-i-venstres-forretningsudvalg\/#primaryimage\"},\"image\":{\"@id\":\"https:\/\/kunmedierne.dk\/mors\/morsingbo-i-venstres-forretningsudvalg\/#primaryimage\"},\"thumbnailUrl\":\"https:\/\/kunmedierne.dk\/mors\/wp-content\/uploads\/2021\/03\/gunhild-olesen-m\u00f8ller2.jpg\",\"datePublished\":\"2021-03-16T10:45:43+00:00\",\"dateModified\":\"2024-08-12T11:37:44+00:00\",\"breadcrumb\":{\"@id\":\"https:\/\/kunmedierne.dk\/mors\/morsingbo-i-venstres-forretningsudvalg\/#breadcrumb\"},\"inLanguage\":\"da-DK\",\"potentialAction\":[{\"@type\":\"ReadAction\",\"target\":[\"https:\/\/kunmedierne.dk\/mors\/morsingbo-i-venstres-forretningsudvalg\/\"]}]},{\"@type\":\"ImageObject\",\"inLanguage\":\"da-DK\",\"@id\":\"https:\/\/kunmedierne.dk\/mors\/morsingbo-i-venstres-forretningsudvalg\/#primaryimage\",\"url\":\"https:\/\/kunmedierne.dk\/mors\/wp-content\/uploads\/2021\/03\/gunhild-olesen-m\u00f8ller2.jpg\",\"contentUrl\":\"https:\/\/kunmedierne.dk\/mors\/wp-content\/uploads\/2021\/03\/gunhild-olesen-m\u00f8ller2.jpg\",\"width\":770,\"height\":512,\"caption\":\"Gunhild Olesen M\u00f8ller. Foto: Ole Geerthsen\"},{\"@type\":\"BreadcrumbList\",\"@id\":\"https:\/\/kunmedierne.dk\/mors\/morsingbo-i-venstres-forretningsudvalg\/#breadcrumb\",\"itemListElement\":[{\"@type\":\"ListItem\",\"position\":1,\"name\":\"Hjem\",\"item\":\"https:\/\/kunmedierne.dk\/mors\/\"},{\"@type\":\"ListItem\",\"position\":2,\"name\":\"Morsingbo i Venstres forretningsudvalg\"}]},{\"@type\":\"WebSite\",\"@id\":\"https:\/\/kunmedierne.dk\/mors\/#website\",\"url\":\"https:\/\/kunmedierne.dk\/mors\/\",\"name\":\"Mors\",\"description\":\"et netmedie med journalistik om livet p\u00e5 Mors\",\"publisher\":{\"@id\":\"https:\/\/kunmedierne.dk\/mors\/#organization\"},\"potentialAction\":[{\"@type\":\"SearchAction\",\"target\":{\"@type\":\"EntryPoint\",\"urlTemplate\":\"https:\/\/kunmedierne.dk\/mors\/?s={search_term_string}\"},\"query-input\":{\"@type\":\"PropertyValueSpecification\",\"valueRequired\":true,\"valueName\":\"search_term_string\"}}],\"inLanguage\":\"da-DK\"},{\"@type\":\"Organization\",\"@id\":\"https:\/\/kunmedierne.dk\/mors\/#organization\",\"name\":\"Mors\",\"url\":\"https:\/\/kunmedierne.dk\/mors\/\",\"logo\":{\"@type\":\"ImageObject\",\"inLanguage\":\"da-DK\",\"@id\":\"https:\/\/kunmedierne.dk\/mors\/#\/schema\/logo\/image\/\",\"url\":\"https:\/\/kunmedierne.dk\/mors\/wp-content\/uploads\/2024\/08\/kunmors-logo.svg\",\"contentUrl\":\"https:\/\/kunmedierne.dk\/mors\/wp-content\/uploads\/2024\/08\/kunmors-logo.svg\",\"caption\":\"Mors\"},\"image\":{\"@id\":\"https:\/\/kunmedierne.dk\/mors\/#\/schema\/logo\/image\/\"}},{\"@type\":\"Person\",\"@id\":\"https:\/\/kunmedierne.dk\/mors\/#\/schema\/person\/5fe23251bf1d0abbcdc6f7896579d548\",\"name\":\"David H\u00f8jmark\",\"image\":{\"@type\":\"ImageObject\",\"inLanguage\":\"da-DK\",\"@id\":\"https:\/\/kunmedierne.dk\/mors\/#\/schema\/person\/image\/\",\"url\":\"https:\/\/secure.gravatar.com\/avatar\/4315d6fb9ef244d729989f5f90268eb08d5bf8a3d84402f595fa194bb35784fd?s=96&d=mm&r=g\",\"contentUrl\":\"https:\/\/secure.gravatar.com\/avatar\/4315d6fb9ef244d729989f5f90268eb08d5bf8a3d84402f595fa194bb35784fd?s=96&d=mm&r=g\",\"caption\":\"David H\u00f8jmark\"},\"sameAs\":[\"https:\/\/www.kunmedierne.dk\"],\"url\":\"https:\/\/kunmedierne.dk\/mors\/author\/david\/\"}]}<\/script>\n<!-- \/ Yoast SEO plugin. -->","yoast_head_json":{"title":"Morsingbo i Venstres forretningsudvalg - Mors","robots":{"index":"index","follow":"follow","max-snippet":"max-snippet:-1","max-image-preview":"max-image-preview:large","max-video-preview":"max-video-preview:-1"},"canonical":"https:\/\/kunmedierne.dk\/mors\/morsingbo-i-venstres-forretningsudvalg\/","og_locale":"da_DK","og_type":"article","og_title":"Morsingbo i Venstres forretningsudvalg - Mors","og_description":"VESTER ASSELS: En morsingbo tr\u00e6der nu ind i forretningsudvalget hos partiet Venstre. Det er Gunhild Olesen M\u00f8ller, rutineret politiker fra Vester Assels, der mandag aften blev valgt ind som den ene af to nordjyske repr\u00e6sentanter. Det erkl\u00e6rer hun sig ikke overraskende tilfreds med &#8211; med tilf\u00f8jelsen, at det med hendes position i regionsbestyrelsen i Region [&hellip;]","og_url":"https:\/\/kunmedierne.dk\/mors\/morsingbo-i-venstres-forretningsudvalg\/","og_site_name":"Mors","article_published_time":"2021-03-16T10:45:43+00:00","article_modified_time":"2024-08-12T11:37:44+00:00","og_image":[{"width":770,"height":512,"url":"https:\/\/kunmedierne.dk\/mors\/wp-content\/uploads\/2021\/03\/gunhild-olesen-m\u00f8ller2.jpg","type":"image\/jpeg"}],"author":"David H\u00f8jmark","twitter_card":"summary_large_image","twitter_misc":{"Skrevet af":"David H\u00f8jmark","Estimeret l\u00e6setid":"3 minutter"},"schema":{"@context":"https:\/\/schema.org","@graph":[{"@type":"Article","@id":"https:\/\/kunmedierne.dk\/mors\/morsingbo-i-venstres-forretningsudvalg\/#article","isPartOf":{"@id":"https:\/\/kunmedierne.dk\/mors\/morsingbo-i-venstres-forretningsudvalg\/"},"author":{"name":"David H\u00f8jmark","@id":"https:\/\/kunmedierne.dk\/mors\/#\/schema\/person\/5fe23251bf1d0abbcdc6f7896579d548"},"headline":"Morsingbo i Venstres forretningsudvalg","datePublished":"2021-03-16T10:45:43+00:00","dateModified":"2024-08-12T11:37:44+00:00","mainEntityOfPage":{"@id":"https:\/\/kunmedierne.dk\/mors\/morsingbo-i-venstres-forretningsudvalg\/"},"wordCount":562,"commentCount":0,"publisher":{"@id":"https:\/\/kunmedierne.dk\/mors\/#organization"},"image":{"@id":"https:\/\/kunmedierne.dk\/mors\/morsingbo-i-venstres-forretningsudvalg\/#primaryimage"},"thumbnailUrl":"https:\/\/kunmedierne.dk\/mors\/wp-content\/uploads\/2021\/03\/gunhild-olesen-m\u00f8ller2.jpg","keywords":["Politik"],"articleSection":["Lokalt"],"inLanguage":"da-DK","potentialAction":[{"@type":"CommentAction","name":"Comment","target":["https:\/\/kunmedierne.dk\/mors\/morsingbo-i-venstres-forretningsudvalg\/#respond"]}]},{"@type":"WebPage","@id":"https:\/\/kunmedierne.dk\/mors\/morsingbo-i-venstres-forretningsudvalg\/","url":"https:\/\/kunmedierne.dk\/mors\/morsingbo-i-venstres-forretningsudvalg\/","name":"Morsingbo i Venstres forretningsudvalg - Mors","isPartOf":{"@id":"https:\/\/kunmedierne.dk\/mors\/#website"},"primaryImageOfPage":{"@id":"https:\/\/kunmedierne.dk\/mors\/morsingbo-i-venstres-forretningsudvalg\/#primaryimage"},"image":{"@id":"https:\/\/kunmedierne.dk\/mors\/morsingbo-i-venstres-forretningsudvalg\/#primaryimage"},"thumbnailUrl":"https:\/\/kunmedierne.dk\/mors\/wp-content\/uploads\/2021\/03\/gunhild-olesen-m\u00f8ller2.jpg","datePublished":"2021-03-16T10:45:43+00:00","dateModified":"2024-08-12T11:37:44+00:00","breadcrumb":{"@id":"https:\/\/kunmedierne.dk\/mors\/morsingbo-i-venstres-forretningsudvalg\/#breadcrumb"},"inLanguage":"da-DK","potentialAction":[{"@type":"ReadAction","target":["https:\/\/kunmedierne.dk\/mors\/morsingbo-i-venstres-forretningsudvalg\/"]}]},{"@type":"ImageObject","inLanguage":"da-DK","@id":"https:\/\/kunmedierne.dk\/mors\/morsingbo-i-venstres-forretningsudvalg\/#primaryimage","url":"https:\/\/kunmedierne.dk\/mors\/wp-content\/uploads\/2021\/03\/gunhild-olesen-m\u00f8ller2.jpg","contentUrl":"https:\/\/kunmedierne.dk\/mors\/wp-content\/uploads\/2021\/03\/gunhild-olesen-m\u00f8ller2.jpg","width":770,"height":512,"caption":"Gunhild Olesen M\u00f8ller. Foto: Ole Geerthsen"},{"@type":"BreadcrumbList","@id":"https:\/\/kunmedierne.dk\/mors\/morsingbo-i-venstres-forretningsudvalg\/#breadcrumb","itemListElement":[{"@type":"ListItem","position":1,"name":"Hjem","item":"https:\/\/kunmedierne.dk\/mors\/"},{"@type":"ListItem","position":2,"name":"Morsingbo i Venstres forretningsudvalg"}]},{"@type":"WebSite","@id":"https:\/\/kunmedierne.dk\/mors\/#website","url":"https:\/\/kunmedierne.dk\/mors\/","name":"Mors","description":"et netmedie med journalistik om livet p\u00e5 Mors","publisher":{"@id":"https:\/\/kunmedierne.dk\/mors\/#organization"},"potentialAction":[{"@type":"SearchAction","target":{"@type":"EntryPoint","urlTemplate":"https:\/\/kunmedierne.dk\/mors\/?s={search_term_string}"},"query-input":{"@type":"PropertyValueSpecification","valueRequired":true,"valueName":"search_term_string"}}],"inLanguage":"da-DK"},{"@type":"Organization","@id":"https:\/\/kunmedierne.dk\/mors\/#organization","name":"Mors","url":"https:\/\/kunmedierne.dk\/mors\/","logo":{"@type":"ImageObject","inLanguage":"da-DK","@id":"https:\/\/kunmedierne.dk\/mors\/#\/schema\/logo\/image\/","url":"https:\/\/kunmedierne.dk\/mors\/wp-content\/uploads\/2024\/08\/kunmors-logo.svg","contentUrl":"https:\/\/kunmedierne.dk\/mors\/wp-content\/uploads\/2024\/08\/kunmors-logo.svg","caption":"Mors"},"image":{"@id":"https:\/\/kunmedierne.dk\/mors\/#\/schema\/logo\/image\/"}},{"@type":"Person","@id":"https:\/\/kunmedierne.dk\/mors\/#\/schema\/person\/5fe23251bf1d0abbcdc6f7896579d548","name":"David H\u00f8jmark","image":{"@type":"ImageObject","inLanguage":"da-DK","@id":"https:\/\/kunmedierne.dk\/mors\/#\/schema\/person\/image\/","url":"https:\/\/secure.gravatar.com\/avatar\/4315d6fb9ef244d729989f5f90268eb08d5bf8a3d84402f595fa194bb35784fd?s=96&d=mm&r=g","contentUrl":"https:\/\/secure.gravatar.com\/avatar\/4315d6fb9ef244d729989f5f90268eb08d5bf8a3d84402f595fa194bb35784fd?s=96&d=mm&r=g","caption":"David H\u00f8jmark"},"sameAs":["https:\/\/www.kunmedierne.dk"],"url":"https:\/\/kunmedierne.dk\/mors\/author\/david\/"}]}},"_links":{"self":[{"href":"https:\/\/kunmedierne.dk\/mors\/wp-json\/wp\/v2\/posts\/41706","targetHints":{"allow":["GET"]}}],"collection":[{"href":"https:\/\/kunmedierne.dk\/mors\/wp-json\/wp\/v2\/posts"}],"about":[{"href":"https:\/\/kunmedierne.dk\/mors\/wp-json\/wp\/v2\/types\/post"}],"author":[{"embeddable":true,"href":"https:\/\/kunmedierne.dk\/mors\/wp-json\/wp\/v2\/users\/8"}],"replies":[{"embeddable":true,"href":"https:\/\/kunmedierne.dk\/mors\/wp-json\/wp\/v2\/comments?post=41706"}],"version-history":[{"count":2,"href":"https:\/\/kunmedierne.dk\/mors\/wp-json\/wp\/v2\/posts\/41706\/revisions"}],"predecessor-version":[{"id":41714,"href":"https:\/\/kunmedierne.dk\/mors\/wp-json\/wp\/v2\/posts\/41706\/revisions\/41714"}],"wp:featuredmedia":[{"embeddable":true,"href":"https:\/\/kunmedierne.dk\/mors\/wp-json\/wp\/v2\/media\/41710"}],"wp:attachment":[{"href":"https:\/\/kunmedierne.dk\/mors\/wp-json\/wp\/v2\/media?parent=41706"}],"wp:term":[{"taxonomy":"category","embeddable":true,"href":"https:\/\/kunmedierne.dk\/mors\/wp-json\/wp\/v2\/categories?post=41706"},{"taxonomy":"post_tag","embeddable":true,"href":"https:\/\/kunmedierne.dk\/mors\/wp-json\/wp\/v2\/tags?post=41706"}],"curies":[{"name":"wp","href":"https:\/\/api.w.org\/{rel}","templated":true}]}}