{"id":41334,"date":"2021-03-09T12:01:43","date_gmt":"2021-03-09T11:01:43","guid":{"rendered":"https:\/\/kunmedierne.dk\/mors\/?p=41334"},"modified":"2024-08-12T13:37:46","modified_gmt":"2024-08-12T11:37:46","slug":"hurra-for-skoent-varieret-og-godt-landskab-paa-mors","status":"publish","type":"post","link":"https:\/\/kunmedierne.dk\/mors\/hurra-for-skoent-varieret-og-godt-landskab-paa-mors\/","title":{"rendered":"&#8211; Hurra for sk\u00f8nt, varieret og godt landskab p\u00e5 Mors"},"content":{"rendered":"<p><em>Fra Meiner N\u00f8rgaard (DF), formand for udvalget for teknik og milj\u00f8 i Mors\u00f8 Kommune, har vi modtaget:<\/em><\/p>\n<hr \/>\n<p>Kommentar til Pia Thorsen, Enhedslisten, vedr. <a href=\"https:\/\/kunmedierne.dk\/mors\/man-kan-ikke-aendre-fakta-selvom-de-generer-en\/\" target=\"_blank\" rel=\"noopener noreferrer\">l\u00e6serbrevet<\/a> om naturen p\u00e5 Mors.<\/p>\n<p>Selvf\u00f8lgelig skal fakta tages alvorligt og v\u00e6re grundlaget for det hele. Og hvad er s\u00e5 fakta i forbindelse med Naturfredningsforeningens rapport, der viser de gode, de onde og de d\u00e5rlige kommuner med hensyn til naturens ve og vel. Fakta er, at det, vi her p\u00e5 Mors kalder for vores sk\u00f8nne natur, kalder Naturfredningens rapport for landskab, og det t\u00e6ller ikke med i vurderingen af naturen. Og i forhold til det siger jeg: Hurra for at vi har noget sk\u00f8nt, varieret og godt landskab p\u00e5 Mors.<\/p>\n<p>I selvsamme rapport kan man l\u00e6se at T\u00e5rnby kommune p\u00e5 Amager indtager en flot 3. tredjeplads. T\u00e5rnby kommune best\u00e5r hovedsageligt at en enkelt st\u00f8rre by, Kastrup Lufthavn, de omkransende gr\u00f8nne arealer og et par sm\u00e5\u00f8er i \u00d8resund. Jaja, og s\u00e5 t\u00e6nker man, hvor er logikken og fornuften?<a href=\"https:\/\/www.braendselsforeningen.dk\/\"><img loading=\"lazy\" decoding=\"async\" class=\"alignright size-full wp-image-36029\" src=\"https:\/\/kunmedierne.dk\/mors\/wp-content\/uploads\/2020\/11\/Br\u00e6ndselsforeningen.jpg\" alt=\"\" width=\"1425\" height=\"127\" srcset=\"https:\/\/kunmedierne.dk\/mors\/wp-content\/uploads\/2020\/11\/Br\u00e6ndselsforeningen.jpg 1425w, https:\/\/kunmedierne.dk\/mors\/wp-content\/uploads\/2020\/11\/Br\u00e6ndselsforeningen-300x27.jpg 300w, https:\/\/kunmedierne.dk\/mors\/wp-content\/uploads\/2020\/11\/Br\u00e6ndselsforeningen-1024x91.jpg 1024w, https:\/\/kunmedierne.dk\/mors\/wp-content\/uploads\/2020\/11\/Br\u00e6ndselsforeningen-768x68.jpg 768w, https:\/\/kunmedierne.dk\/mors\/wp-content\/uploads\/2020\/11\/Br\u00e6ndselsforeningen-600x53.jpg 600w\" sizes=\"auto, (max-width: 1425px) 100vw, 1425px\" \/><\/a><\/p>\n<p>Og til dem der mener at vi ingen natur har, eller kun har d\u00e5rlig natur p\u00e5 Mors, m\u00e5 jeg sige: Sluk computeren, forlad skrivebordet, find vandreskoene frem og kom til Mors, s\u00e5 kan vi sammen opleve vores sk\u00f8nne natur.<\/p>\n<p>For selvf\u00f8lgelig skal vi passe p\u00e5 vores sk\u00f8nne natur, udvikle den og gerne skabe mere \u201cvild natur\u201dder hvor det passer ind, gerne lave flere rekreative omr\u00e5der, bla. i forbindelse med vores v\u00e5domr\u00e5deprojekter, og det skal vi g\u00f8re i f\u00e6llesskab. S\u00e5 kan vi nemlig ogs\u00e5 om 10, 20 og 30 \u00e5r sige at vi har en sk\u00f8n, mangfoldig og enest\u00e5ende natur p\u00e5 Mors.<\/p>\n<hr \/>\n<p><em>Har du et bidrag til den lokale debat? Send det til os p\u00e5 e-mail: debat@kunmedierne.dk\/mors. Husk at l\u00e6se korrektur inden afsendelse p\u00e5 indl\u00e6gget.<\/em><\/p>\n","protected":false},"excerpt":{"rendered":"<p>Fra Meiner N\u00f8rgaard (DF), formand for udvalget for teknik og milj\u00f8 i Mors\u00f8 Kommune, har vi modtaget: Kommentar til Pia Thorsen, Enhedslisten, vedr. l\u00e6serbrevet om naturen p\u00e5 Mors. Selvf\u00f8lgelig skal fakta tages alvorligt og v\u00e6re grundlaget for det hele. Og hvad er s\u00e5 fakta i forbindelse med Naturfredningsforeningens rapport, der viser de gode, de onde [&hellip;]<\/p>\n","protected":false},"author":11,"featured_media":17024,"comment_status":"open","ping_status":"open","sticky":false,"template":"","format":"standard","meta":{"_acf_changed":false,"footnotes":""},"categories":[56],"tags":[167],"class_list":["post-41334","post","type-post","status-publish","format-standard","has-post-thumbnail","hentry","category-debat","tag-politik"],"acf":[],"yoast_head":"<!-- This site is optimized with the Yoast SEO plugin v26.8 - https:\/\/yoast.com\/product\/yoast-seo-wordpress\/ -->\n<title>- Hurra for sk\u00f8nt, varieret og godt landskab p\u00e5 Mors - Mors<\/title>\n<meta name=\"robots\" content=\"index, follow, max-snippet:-1, max-image-preview:large, max-video-preview:-1\" \/>\n<link rel=\"canonical\" href=\"https:\/\/kunmedierne.dk\/mors\/hurra-for-skoent-varieret-og-godt-landskab-paa-mors\/\" \/>\n<meta property=\"og:locale\" content=\"da_DK\" \/>\n<meta property=\"og:type\" content=\"article\" \/>\n<meta property=\"og:title\" content=\"- Hurra for sk\u00f8nt, varieret og godt landskab p\u00e5 Mors - Mors\" \/>\n<meta property=\"og:description\" content=\"Fra Meiner N\u00f8rgaard (DF), formand for udvalget for teknik og milj\u00f8 i Mors\u00f8 Kommune, har vi modtaget: Kommentar til Pia Thorsen, Enhedslisten, vedr. l\u00e6serbrevet om naturen p\u00e5 Mors. Selvf\u00f8lgelig skal fakta tages alvorligt og v\u00e6re grundlaget for det hele. Og hvad er s\u00e5 fakta i forbindelse med Naturfredningsforeningens rapport, der viser de gode, de onde [&hellip;]\" \/>\n<meta property=\"og:url\" content=\"https:\/\/kunmedierne.dk\/mors\/hurra-for-skoent-varieret-og-godt-landskab-paa-mors\/\" \/>\n<meta property=\"og:site_name\" content=\"Mors\" \/>\n<meta property=\"article:published_time\" content=\"2021-03-09T11:01:43+00:00\" \/>\n<meta property=\"article:modified_time\" content=\"2024-08-12T11:37:46+00:00\" \/>\n<meta property=\"og:image\" content=\"https:\/\/kunmedierne.dk\/mors\/wp-content\/uploads\/2020\/04\/200407-meiner-n\u00f8rgaard.jpg\" \/>\n\t<meta property=\"og:image:width\" content=\"770\" \/>\n\t<meta property=\"og:image:height\" content=\"513\" \/>\n\t<meta property=\"og:image:type\" content=\"image\/jpeg\" \/>\n<meta name=\"author\" content=\"Debat\" \/>\n<meta name=\"twitter:card\" content=\"summary_large_image\" \/>\n<meta name=\"twitter:label1\" content=\"Skrevet af\" \/>\n\t<meta name=\"twitter:data1\" content=\"Debat\" \/>\n\t<meta name=\"twitter:label2\" content=\"Estimeret l\u00e6setid\" \/>\n\t<meta name=\"twitter:data2\" content=\"2 minutter\" \/>\n<script type=\"application\/ld+json\" class=\"yoast-schema-graph\">{\"@context\":\"https:\/\/schema.org\",\"@graph\":[{\"@type\":\"Article\",\"@id\":\"https:\/\/kunmedierne.dk\/mors\/hurra-for-skoent-varieret-og-godt-landskab-paa-mors\/#article\",\"isPartOf\":{\"@id\":\"https:\/\/kunmedierne.dk\/mors\/hurra-for-skoent-varieret-og-godt-landskab-paa-mors\/\"},\"author\":{\"name\":\"Debat\",\"@id\":\"https:\/\/kunmedierne.dk\/mors\/#\/schema\/person\/84c1391bce0b43b9bb3a49736bc0ad78\"},\"headline\":\"&#8211; Hurra for sk\u00f8nt, varieret og godt landskab p\u00e5 Mors\",\"datePublished\":\"2021-03-09T11:01:43+00:00\",\"dateModified\":\"2024-08-12T11:37:46+00:00\",\"mainEntityOfPage\":{\"@id\":\"https:\/\/kunmedierne.dk\/mors\/hurra-for-skoent-varieret-og-godt-landskab-paa-mors\/\"},\"wordCount\":323,\"commentCount\":0,\"publisher\":{\"@id\":\"https:\/\/kunmedierne.dk\/mors\/#organization\"},\"image\":{\"@id\":\"https:\/\/kunmedierne.dk\/mors\/hurra-for-skoent-varieret-og-godt-landskab-paa-mors\/#primaryimage\"},\"thumbnailUrl\":\"https:\/\/kunmedierne.dk\/mors\/wp-content\/uploads\/2020\/04\/200407-meiner-n\u00f8rgaard.jpg\",\"keywords\":[\"Politik\"],\"articleSection\":[\"Debat\"],\"inLanguage\":\"da-DK\",\"potentialAction\":[{\"@type\":\"CommentAction\",\"name\":\"Comment\",\"target\":[\"https:\/\/kunmedierne.dk\/mors\/hurra-for-skoent-varieret-og-godt-landskab-paa-mors\/#respond\"]}]},{\"@type\":\"WebPage\",\"@id\":\"https:\/\/kunmedierne.dk\/mors\/hurra-for-skoent-varieret-og-godt-landskab-paa-mors\/\",\"url\":\"https:\/\/kunmedierne.dk\/mors\/hurra-for-skoent-varieret-og-godt-landskab-paa-mors\/\",\"name\":\"- Hurra for sk\u00f8nt, varieret og godt landskab p\u00e5 Mors - Mors\",\"isPartOf\":{\"@id\":\"https:\/\/kunmedierne.dk\/mors\/#website\"},\"primaryImageOfPage\":{\"@id\":\"https:\/\/kunmedierne.dk\/mors\/hurra-for-skoent-varieret-og-godt-landskab-paa-mors\/#primaryimage\"},\"image\":{\"@id\":\"https:\/\/kunmedierne.dk\/mors\/hurra-for-skoent-varieret-og-godt-landskab-paa-mors\/#primaryimage\"},\"thumbnailUrl\":\"https:\/\/kunmedierne.dk\/mors\/wp-content\/uploads\/2020\/04\/200407-meiner-n\u00f8rgaard.jpg\",\"datePublished\":\"2021-03-09T11:01:43+00:00\",\"dateModified\":\"2024-08-12T11:37:46+00:00\",\"breadcrumb\":{\"@id\":\"https:\/\/kunmedierne.dk\/mors\/hurra-for-skoent-varieret-og-godt-landskab-paa-mors\/#breadcrumb\"},\"inLanguage\":\"da-DK\",\"potentialAction\":[{\"@type\":\"ReadAction\",\"target\":[\"https:\/\/kunmedierne.dk\/mors\/hurra-for-skoent-varieret-og-godt-landskab-paa-mors\/\"]}]},{\"@type\":\"ImageObject\",\"inLanguage\":\"da-DK\",\"@id\":\"https:\/\/kunmedierne.dk\/mors\/hurra-for-skoent-varieret-og-godt-landskab-paa-mors\/#primaryimage\",\"url\":\"https:\/\/kunmedierne.dk\/mors\/wp-content\/uploads\/2020\/04\/200407-meiner-n\u00f8rgaard.jpg\",\"contentUrl\":\"https:\/\/kunmedierne.dk\/mors\/wp-content\/uploads\/2020\/04\/200407-meiner-n\u00f8rgaard.jpg\",\"width\":770,\"height\":513,\"caption\":\"Meiner N\u00f8rgaard (DF). Foto: Per Bech\/Mors\u00f8 Kommune.\"},{\"@type\":\"BreadcrumbList\",\"@id\":\"https:\/\/kunmedierne.dk\/mors\/hurra-for-skoent-varieret-og-godt-landskab-paa-mors\/#breadcrumb\",\"itemListElement\":[{\"@type\":\"ListItem\",\"position\":1,\"name\":\"Hjem\",\"item\":\"https:\/\/kunmedierne.dk\/mors\/\"},{\"@type\":\"ListItem\",\"position\":2,\"name\":\"&#8211; Hurra for sk\u00f8nt, varieret og godt landskab p\u00e5 Mors\"}]},{\"@type\":\"WebSite\",\"@id\":\"https:\/\/kunmedierne.dk\/mors\/#website\",\"url\":\"https:\/\/kunmedierne.dk\/mors\/\",\"name\":\"Mors\",\"description\":\"et netmedie med journalistik om livet p\u00e5 Mors\",\"publisher\":{\"@id\":\"https:\/\/kunmedierne.dk\/mors\/#organization\"},\"potentialAction\":[{\"@type\":\"SearchAction\",\"target\":{\"@type\":\"EntryPoint\",\"urlTemplate\":\"https:\/\/kunmedierne.dk\/mors\/?s={search_term_string}\"},\"query-input\":{\"@type\":\"PropertyValueSpecification\",\"valueRequired\":true,\"valueName\":\"search_term_string\"}}],\"inLanguage\":\"da-DK\"},{\"@type\":\"Organization\",\"@id\":\"https:\/\/kunmedierne.dk\/mors\/#organization\",\"name\":\"Mors\",\"url\":\"https:\/\/kunmedierne.dk\/mors\/\",\"logo\":{\"@type\":\"ImageObject\",\"inLanguage\":\"da-DK\",\"@id\":\"https:\/\/kunmedierne.dk\/mors\/#\/schema\/logo\/image\/\",\"url\":\"https:\/\/kunmedierne.dk\/mors\/wp-content\/uploads\/2024\/08\/kunmors-logo.svg\",\"contentUrl\":\"https:\/\/kunmedierne.dk\/mors\/wp-content\/uploads\/2024\/08\/kunmors-logo.svg\",\"caption\":\"Mors\"},\"image\":{\"@id\":\"https:\/\/kunmedierne.dk\/mors\/#\/schema\/logo\/image\/\"}},{\"@type\":\"Person\",\"@id\":\"https:\/\/kunmedierne.dk\/mors\/#\/schema\/person\/84c1391bce0b43b9bb3a49736bc0ad78\",\"name\":\"Debat\",\"image\":{\"@type\":\"ImageObject\",\"inLanguage\":\"da-DK\",\"@id\":\"https:\/\/kunmedierne.dk\/mors\/#\/schema\/person\/image\/\",\"url\":\"https:\/\/secure.gravatar.com\/avatar\/b0fb2e221d618f7c65162ab0d49c7e8a0b580c871ca03af90e42b47b4150654c?s=96&d=mm&r=g\",\"contentUrl\":\"https:\/\/secure.gravatar.com\/avatar\/b0fb2e221d618f7c65162ab0d49c7e8a0b580c871ca03af90e42b47b4150654c?s=96&d=mm&r=g\",\"caption\":\"Debat\"},\"url\":\"https:\/\/kunmedierne.dk\/mors\/author\/debat\/\"}]}<\/script>\n<!-- \/ Yoast SEO plugin. -->","yoast_head_json":{"title":"- Hurra for sk\u00f8nt, varieret og godt landskab p\u00e5 Mors - Mors","robots":{"index":"index","follow":"follow","max-snippet":"max-snippet:-1","max-image-preview":"max-image-preview:large","max-video-preview":"max-video-preview:-1"},"canonical":"https:\/\/kunmedierne.dk\/mors\/hurra-for-skoent-varieret-og-godt-landskab-paa-mors\/","og_locale":"da_DK","og_type":"article","og_title":"- Hurra for sk\u00f8nt, varieret og godt landskab p\u00e5 Mors - Mors","og_description":"Fra Meiner N\u00f8rgaard (DF), formand for udvalget for teknik og milj\u00f8 i Mors\u00f8 Kommune, har vi modtaget: Kommentar til Pia Thorsen, Enhedslisten, vedr. l\u00e6serbrevet om naturen p\u00e5 Mors. Selvf\u00f8lgelig skal fakta tages alvorligt og v\u00e6re grundlaget for det hele. Og hvad er s\u00e5 fakta i forbindelse med Naturfredningsforeningens rapport, der viser de gode, de onde [&hellip;]","og_url":"https:\/\/kunmedierne.dk\/mors\/hurra-for-skoent-varieret-og-godt-landskab-paa-mors\/","og_site_name":"Mors","article_published_time":"2021-03-09T11:01:43+00:00","article_modified_time":"2024-08-12T11:37:46+00:00","og_image":[{"width":770,"height":513,"url":"https:\/\/kunmedierne.dk\/mors\/wp-content\/uploads\/2020\/04\/200407-meiner-n\u00f8rgaard.jpg","type":"image\/jpeg"}],"author":"Debat","twitter_card":"summary_large_image","twitter_misc":{"Skrevet af":"Debat","Estimeret l\u00e6setid":"2 minutter"},"schema":{"@context":"https:\/\/schema.org","@graph":[{"@type":"Article","@id":"https:\/\/kunmedierne.dk\/mors\/hurra-for-skoent-varieret-og-godt-landskab-paa-mors\/#article","isPartOf":{"@id":"https:\/\/kunmedierne.dk\/mors\/hurra-for-skoent-varieret-og-godt-landskab-paa-mors\/"},"author":{"name":"Debat","@id":"https:\/\/kunmedierne.dk\/mors\/#\/schema\/person\/84c1391bce0b43b9bb3a49736bc0ad78"},"headline":"&#8211; Hurra for sk\u00f8nt, varieret og godt landskab p\u00e5 Mors","datePublished":"2021-03-09T11:01:43+00:00","dateModified":"2024-08-12T11:37:46+00:00","mainEntityOfPage":{"@id":"https:\/\/kunmedierne.dk\/mors\/hurra-for-skoent-varieret-og-godt-landskab-paa-mors\/"},"wordCount":323,"commentCount":0,"publisher":{"@id":"https:\/\/kunmedierne.dk\/mors\/#organization"},"image":{"@id":"https:\/\/kunmedierne.dk\/mors\/hurra-for-skoent-varieret-og-godt-landskab-paa-mors\/#primaryimage"},"thumbnailUrl":"https:\/\/kunmedierne.dk\/mors\/wp-content\/uploads\/2020\/04\/200407-meiner-n\u00f8rgaard.jpg","keywords":["Politik"],"articleSection":["Debat"],"inLanguage":"da-DK","potentialAction":[{"@type":"CommentAction","name":"Comment","target":["https:\/\/kunmedierne.dk\/mors\/hurra-for-skoent-varieret-og-godt-landskab-paa-mors\/#respond"]}]},{"@type":"WebPage","@id":"https:\/\/kunmedierne.dk\/mors\/hurra-for-skoent-varieret-og-godt-landskab-paa-mors\/","url":"https:\/\/kunmedierne.dk\/mors\/hurra-for-skoent-varieret-og-godt-landskab-paa-mors\/","name":"- Hurra for sk\u00f8nt, varieret og godt landskab p\u00e5 Mors - Mors","isPartOf":{"@id":"https:\/\/kunmedierne.dk\/mors\/#website"},"primaryImageOfPage":{"@id":"https:\/\/kunmedierne.dk\/mors\/hurra-for-skoent-varieret-og-godt-landskab-paa-mors\/#primaryimage"},"image":{"@id":"https:\/\/kunmedierne.dk\/mors\/hurra-for-skoent-varieret-og-godt-landskab-paa-mors\/#primaryimage"},"thumbnailUrl":"https:\/\/kunmedierne.dk\/mors\/wp-content\/uploads\/2020\/04\/200407-meiner-n\u00f8rgaard.jpg","datePublished":"2021-03-09T11:01:43+00:00","dateModified":"2024-08-12T11:37:46+00:00","breadcrumb":{"@id":"https:\/\/kunmedierne.dk\/mors\/hurra-for-skoent-varieret-og-godt-landskab-paa-mors\/#breadcrumb"},"inLanguage":"da-DK","potentialAction":[{"@type":"ReadAction","target":["https:\/\/kunmedierne.dk\/mors\/hurra-for-skoent-varieret-og-godt-landskab-paa-mors\/"]}]},{"@type":"ImageObject","inLanguage":"da-DK","@id":"https:\/\/kunmedierne.dk\/mors\/hurra-for-skoent-varieret-og-godt-landskab-paa-mors\/#primaryimage","url":"https:\/\/kunmedierne.dk\/mors\/wp-content\/uploads\/2020\/04\/200407-meiner-n\u00f8rgaard.jpg","contentUrl":"https:\/\/kunmedierne.dk\/mors\/wp-content\/uploads\/2020\/04\/200407-meiner-n\u00f8rgaard.jpg","width":770,"height":513,"caption":"Meiner N\u00f8rgaard (DF). Foto: Per Bech\/Mors\u00f8 Kommune."},{"@type":"BreadcrumbList","@id":"https:\/\/kunmedierne.dk\/mors\/hurra-for-skoent-varieret-og-godt-landskab-paa-mors\/#breadcrumb","itemListElement":[{"@type":"ListItem","position":1,"name":"Hjem","item":"https:\/\/kunmedierne.dk\/mors\/"},{"@type":"ListItem","position":2,"name":"&#8211; Hurra for sk\u00f8nt, varieret og godt landskab p\u00e5 Mors"}]},{"@type":"WebSite","@id":"https:\/\/kunmedierne.dk\/mors\/#website","url":"https:\/\/kunmedierne.dk\/mors\/","name":"Mors","description":"et netmedie med journalistik om livet p\u00e5 Mors","publisher":{"@id":"https:\/\/kunmedierne.dk\/mors\/#organization"},"potentialAction":[{"@type":"SearchAction","target":{"@type":"EntryPoint","urlTemplate":"https:\/\/kunmedierne.dk\/mors\/?s={search_term_string}"},"query-input":{"@type":"PropertyValueSpecification","valueRequired":true,"valueName":"search_term_string"}}],"inLanguage":"da-DK"},{"@type":"Organization","@id":"https:\/\/kunmedierne.dk\/mors\/#organization","name":"Mors","url":"https:\/\/kunmedierne.dk\/mors\/","logo":{"@type":"ImageObject","inLanguage":"da-DK","@id":"https:\/\/kunmedierne.dk\/mors\/#\/schema\/logo\/image\/","url":"https:\/\/kunmedierne.dk\/mors\/wp-content\/uploads\/2024\/08\/kunmors-logo.svg","contentUrl":"https:\/\/kunmedierne.dk\/mors\/wp-content\/uploads\/2024\/08\/kunmors-logo.svg","caption":"Mors"},"image":{"@id":"https:\/\/kunmedierne.dk\/mors\/#\/schema\/logo\/image\/"}},{"@type":"Person","@id":"https:\/\/kunmedierne.dk\/mors\/#\/schema\/person\/84c1391bce0b43b9bb3a49736bc0ad78","name":"Debat","image":{"@type":"ImageObject","inLanguage":"da-DK","@id":"https:\/\/kunmedierne.dk\/mors\/#\/schema\/person\/image\/","url":"https:\/\/secure.gravatar.com\/avatar\/b0fb2e221d618f7c65162ab0d49c7e8a0b580c871ca03af90e42b47b4150654c?s=96&d=mm&r=g","contentUrl":"https:\/\/secure.gravatar.com\/avatar\/b0fb2e221d618f7c65162ab0d49c7e8a0b580c871ca03af90e42b47b4150654c?s=96&d=mm&r=g","caption":"Debat"},"url":"https:\/\/kunmedierne.dk\/mors\/author\/debat\/"}]}},"_links":{"self":[{"href":"https:\/\/kunmedierne.dk\/mors\/wp-json\/wp\/v2\/posts\/41334","targetHints":{"allow":["GET"]}}],"collection":[{"href":"https:\/\/kunmedierne.dk\/mors\/wp-json\/wp\/v2\/posts"}],"about":[{"href":"https:\/\/kunmedierne.dk\/mors\/wp-json\/wp\/v2\/types\/post"}],"author":[{"embeddable":true,"href":"https:\/\/kunmedierne.dk\/mors\/wp-json\/wp\/v2\/users\/11"}],"replies":[{"embeddable":true,"href":"https:\/\/kunmedierne.dk\/mors\/wp-json\/wp\/v2\/comments?post=41334"}],"version-history":[{"count":1,"href":"https:\/\/kunmedierne.dk\/mors\/wp-json\/wp\/v2\/posts\/41334\/revisions"}],"predecessor-version":[{"id":41335,"href":"https:\/\/kunmedierne.dk\/mors\/wp-json\/wp\/v2\/posts\/41334\/revisions\/41335"}],"wp:featuredmedia":[{"embeddable":true,"href":"https:\/\/kunmedierne.dk\/mors\/wp-json\/wp\/v2\/media\/17024"}],"wp:attachment":[{"href":"https:\/\/kunmedierne.dk\/mors\/wp-json\/wp\/v2\/media?parent=41334"}],"wp:term":[{"taxonomy":"category","embeddable":true,"href":"https:\/\/kunmedierne.dk\/mors\/wp-json\/wp\/v2\/categories?post=41334"},{"taxonomy":"post_tag","embeddable":true,"href":"https:\/\/kunmedierne.dk\/mors\/wp-json\/wp\/v2\/tags?post=41334"}],"curies":[{"name":"wp","href":"https:\/\/api.w.org\/{rel}","templated":true}]}}