{"id":41320,"date":"2021-03-09T10:50:19","date_gmt":"2021-03-09T09:50:19","guid":{"rendered":"https:\/\/kunmedierne.dk\/mors\/?p=41320"},"modified":"2024-08-12T13:37:46","modified_gmt":"2024-08-12T11:37:46","slug":"nu-venter-sundby-paa-den-endelige-afgoerelse","status":"publish","type":"post","link":"https:\/\/kunmedierne.dk\/mors\/nu-venter-sundby-paa-den-endelige-afgoerelse\/","title":{"rendered":"Nu venter Sundby p\u00e5 den endelige afg\u00f8relse"},"content":{"rendered":"<p><strong>SUNDBY<\/strong>: Afg\u00f8relsens stund er ikke mange timer ude i fremtiden for byrumsgruppen i Sundby.<\/p>\n<p>Klokken 17 i dag er der Teams-m\u00f8de for kommunalbestyrelsen i Mors\u00f8 Kommune, og p\u00e5 dagsordenen er et trafikprojekt i Sundby, der har haft et fortov i centrum.<\/p>\n<p>For et par uger siden vedtog et flertal i udvalget for teknik og milj\u00f8 en l\u00f8sning, man beskrev som en <a href=\"https:\/\/kunmedierne.dk\/mors\/flertallet-valgte-fortov-halvvejs-op-igennem-sundby\/\" target=\"_blank\" rel=\"noopener noreferrer\">kompromisl\u00f8sning<\/a> med en fortovsl\u00f8sning kombineret med en s\u00e5kaldt 2 minus 1-vej p\u00e5 en del af str\u00e6kningen p\u00e5 Sundbyvej. Seks af udvalgets syv medlemmer stemte for d\u00e9n konstruktion, mens det syvende medlem, Viggo Vangsgaard (SF), beg\u00e6rede et andet forslag i kommunalbestyrelsen. Det indeb\u00e6rer et fortov fra \u00d8st Vildsund F\u00e6rgekro og hele vejen til viadukten p\u00e5 nordsiden af Sundbyvej &#8211; kombineret med tre fartd\u00e6mpere fra Over Bakken til Minkfodercentralen. <a href=\"https:\/\/morsoe-begravelsesforretning.dk\/\"><img loading=\"lazy\" decoding=\"async\" class=\"alignright size-full wp-image-35519\" src=\"https:\/\/kunmedierne.dk\/mors\/wp-content\/uploads\/2020\/11\/ho5.jpg\" alt=\"\" width=\"1425\" height=\"127\" srcset=\"https:\/\/kunmedierne.dk\/mors\/wp-content\/uploads\/2020\/11\/ho5.jpg 1425w, https:\/\/kunmedierne.dk\/mors\/wp-content\/uploads\/2020\/11\/ho5-300x27.jpg 300w, https:\/\/kunmedierne.dk\/mors\/wp-content\/uploads\/2020\/11\/ho5-1024x91.jpg 1024w, https:\/\/kunmedierne.dk\/mors\/wp-content\/uploads\/2020\/11\/ho5-768x68.jpg 768w, https:\/\/kunmedierne.dk\/mors\/wp-content\/uploads\/2020\/11\/ho5-600x53.jpg 600w\" sizes=\"auto, (max-width: 1425px) 100vw, 1425px\" \/><\/a><\/p>\n<p>Og det er den sidste l\u00f8sning, byrumsgruppen fra Sundby \u00f8nsker sig.<\/p>\n<p>&#8220;Det er da sp\u00e6ndende at se, hvad de bliver enige om. Vi st\u00e5r bare og venter. Men vi har indsendt underskrifter fra over 100 husstande, og s\u00e5 m\u00e5 vi se, hvad der sker,&#8221; siger Erik Vejling, en af fortalerne for den fulde fortovsl\u00f8sning.<\/p>\n<p>&nbsp;<\/p>\n<p><strong>Op imod 300 underskrifter<\/strong><\/p>\n<p>Som <a href=\"https:\/\/kunmedierne.dk\/mors\/stor-del-af-sundby-bag-underskrifter-for-fortov\/\" target=\"_blank\" rel=\"noopener noreferrer\">tidligere n\u00e6vnt<\/a> har han og byrumsgruppen haft en underskriftsindsamling i gang. P\u00e5 grund af coronaen har den foreg\u00e5et p\u00e5 Facebook, og Erik Vejling vurderer, at de flere end 100 husstande, der har markeret deres opbakning, best\u00e5r af et sted mellem 200 og 300 personer, som vil have fortov hele vejen p\u00e5 nordsiden af Sundbyvej.<\/p>\n<p>&#8220;Det er en god opbakning p\u00e5 s\u00e5 kort tid. Hvis vi havde haft l\u00e6ngere tid, havde vi m\u00e5ske f\u00e5et flere, for vi har jo ikke g\u00e5et rundt, og vi har heller ikke taget telefonen og ringet til folk,&#8221; siger han og understreger, at underskrifterne i form af like-tilkendegivelser og deltagelse i kommentarfeltet p\u00e5 Facebook-gruppen er kommet p\u00e5 eget initiativ.<\/p>\n<p>&#8220;Og der er jo ogs\u00e5 mange \u00e6ldre, der ikke er p\u00e5 Facebook. S\u00e5 sent som i g\u00e5r var der nogen, der spurgte, hvordan de skulle have gjort, for de synes ogs\u00e5, at der skal v\u00e6re et fortov,&#8221; siger Erik Vejling.<\/p>\n<p>&#8220;Havde vi g\u00e5et rundt, havde vi m\u00e5ske f\u00e5et flere underskrifter, men vi er meget godt tilfredse. Det er supergod opbakning p\u00e5 s\u00e5 kort tid,&#8221; siger han.<\/p>\n<p>S\u00e5 nu venter man bare p\u00e5 afg\u00f8relsen i aften. Trafikprojektet i Sundby er det fjerde punkt ud af ni p\u00e5 dagsordenen, der formentlig vil blive fulgt med interesse, n\u00e5r optagelsen af m\u00f8det senere bliver lagt ud p\u00e5 Mors\u00f8 Kommunes hjemmeside. <a href=\"https:\/\/www.sparnord.dk\/filialer\/nykoebing-mors\/\"><img loading=\"lazy\" decoding=\"async\" class=\"alignright size-full wp-image-35699\" src=\"https:\/\/kunmedierne.dk\/mors\/wp-content\/uploads\/2020\/11\/ho6.jpg\" alt=\"\" width=\"1400\" height=\"123\" srcset=\"https:\/\/kunmedierne.dk\/mors\/wp-content\/uploads\/2020\/11\/ho6.jpg 1400w, https:\/\/kunmedierne.dk\/mors\/wp-content\/uploads\/2020\/11\/ho6-300x26.jpg 300w, https:\/\/kunmedierne.dk\/mors\/wp-content\/uploads\/2020\/11\/ho6-1024x90.jpg 1024w, https:\/\/kunmedierne.dk\/mors\/wp-content\/uploads\/2020\/11\/ho6-768x67.jpg 768w, https:\/\/kunmedierne.dk\/mors\/wp-content\/uploads\/2020\/11\/ho6-600x53.jpg 600w\" sizes=\"auto, (max-width: 1400px) 100vw, 1400px\" \/><\/a><\/p>\n<p>Erik Vejling oplyser, at byrumsgruppen uanset udfaldet vil f\u00f8lge op p\u00e5 m\u00f8det med selv at holde et m\u00f8de. Men vurderingen er, at man har sagt, hvad man vil sige om sagen, og at man har gjort det n\u00f8dvendige med indsamling af underskrifter.<\/p>\n<p>&#8220;Vi kan ikke g\u00f8re andet end at vente og se, hvad kommunalbestyrelsen g\u00f8r,&#8221; siger Erik Vejling, der g\u00f8r f\u00f8lgende status p\u00e5 stemningen i byen.<\/p>\n<p>&#8220;Vi har en k\u00e6mpe opbakning i Sundby til, at der skal v\u00e6re fortov.&#8221;<\/p>\n","protected":false},"excerpt":{"rendered":"<p>SUNDBY: Afg\u00f8relsens stund er ikke mange timer ude i fremtiden for byrumsgruppen i Sundby. Klokken 17 i dag er der Teams-m\u00f8de for kommunalbestyrelsen i Mors\u00f8 Kommune, og p\u00e5 dagsordenen er et trafikprojekt i Sundby, der har haft et fortov i centrum. For et par uger siden vedtog et flertal i udvalget for teknik og milj\u00f8 [&hellip;]<\/p>\n","protected":false},"author":8,"featured_media":41325,"comment_status":"open","ping_status":"open","sticky":false,"template":"","format":"standard","meta":{"_acf_changed":false,"footnotes":""},"categories":[51],"tags":[167],"class_list":["post-41320","post","type-post","status-publish","format-standard","has-post-thumbnail","hentry","category-lokalt","tag-politik"],"acf":[],"yoast_head":"<!-- This site is optimized with the Yoast SEO plugin v26.8 - https:\/\/yoast.com\/product\/yoast-seo-wordpress\/ -->\n<title>Nu venter Sundby p\u00e5 den endelige afg\u00f8relse - Mors<\/title>\n<meta name=\"robots\" content=\"index, follow, max-snippet:-1, max-image-preview:large, max-video-preview:-1\" \/>\n<link rel=\"canonical\" href=\"https:\/\/kunmedierne.dk\/mors\/nu-venter-sundby-paa-den-endelige-afgoerelse\/\" \/>\n<meta property=\"og:locale\" content=\"da_DK\" \/>\n<meta property=\"og:type\" content=\"article\" \/>\n<meta property=\"og:title\" content=\"Nu venter Sundby p\u00e5 den endelige afg\u00f8relse - Mors\" \/>\n<meta property=\"og:description\" content=\"SUNDBY: Afg\u00f8relsens stund er ikke mange timer ude i fremtiden for byrumsgruppen i Sundby. Klokken 17 i dag er der Teams-m\u00f8de for kommunalbestyrelsen i Mors\u00f8 Kommune, og p\u00e5 dagsordenen er et trafikprojekt i Sundby, der har haft et fortov i centrum. For et par uger siden vedtog et flertal i udvalget for teknik og milj\u00f8 [&hellip;]\" \/>\n<meta property=\"og:url\" content=\"https:\/\/kunmedierne.dk\/mors\/nu-venter-sundby-paa-den-endelige-afgoerelse\/\" \/>\n<meta property=\"og:site_name\" content=\"Mors\" \/>\n<meta property=\"article:published_time\" content=\"2021-03-09T09:50:19+00:00\" \/>\n<meta property=\"article:modified_time\" content=\"2024-08-12T11:37:46+00:00\" \/>\n<meta property=\"og:image\" content=\"https:\/\/kunmedierne.dk\/mors\/wp-content\/uploads\/2021\/03\/210309-sundbyvej.jpg\" \/>\n\t<meta property=\"og:image:width\" content=\"770\" \/>\n\t<meta property=\"og:image:height\" content=\"513\" \/>\n\t<meta property=\"og:image:type\" content=\"image\/jpeg\" \/>\n<meta name=\"author\" content=\"David H\u00f8jmark\" \/>\n<meta name=\"twitter:card\" content=\"summary_large_image\" \/>\n<meta name=\"twitter:label1\" content=\"Skrevet af\" \/>\n\t<meta name=\"twitter:data1\" content=\"David H\u00f8jmark\" \/>\n\t<meta name=\"twitter:label2\" content=\"Estimeret l\u00e6setid\" \/>\n\t<meta name=\"twitter:data2\" content=\"3 minutter\" \/>\n<script type=\"application\/ld+json\" class=\"yoast-schema-graph\">{\"@context\":\"https:\/\/schema.org\",\"@graph\":[{\"@type\":\"Article\",\"@id\":\"https:\/\/kunmedierne.dk\/mors\/nu-venter-sundby-paa-den-endelige-afgoerelse\/#article\",\"isPartOf\":{\"@id\":\"https:\/\/kunmedierne.dk\/mors\/nu-venter-sundby-paa-den-endelige-afgoerelse\/\"},\"author\":{\"name\":\"David H\u00f8jmark\",\"@id\":\"https:\/\/kunmedierne.dk\/mors\/#\/schema\/person\/5fe23251bf1d0abbcdc6f7896579d548\"},\"headline\":\"Nu venter Sundby p\u00e5 den endelige afg\u00f8relse\",\"datePublished\":\"2021-03-09T09:50:19+00:00\",\"dateModified\":\"2024-08-12T11:37:46+00:00\",\"mainEntityOfPage\":{\"@id\":\"https:\/\/kunmedierne.dk\/mors\/nu-venter-sundby-paa-den-endelige-afgoerelse\/\"},\"wordCount\":528,\"commentCount\":0,\"publisher\":{\"@id\":\"https:\/\/kunmedierne.dk\/mors\/#organization\"},\"image\":{\"@id\":\"https:\/\/kunmedierne.dk\/mors\/nu-venter-sundby-paa-den-endelige-afgoerelse\/#primaryimage\"},\"thumbnailUrl\":\"https:\/\/kunmedierne.dk\/mors\/wp-content\/uploads\/2021\/03\/210309-sundbyvej.jpg\",\"keywords\":[\"Politik\"],\"articleSection\":[\"Lokalt\"],\"inLanguage\":\"da-DK\",\"potentialAction\":[{\"@type\":\"CommentAction\",\"name\":\"Comment\",\"target\":[\"https:\/\/kunmedierne.dk\/mors\/nu-venter-sundby-paa-den-endelige-afgoerelse\/#respond\"]}]},{\"@type\":\"WebPage\",\"@id\":\"https:\/\/kunmedierne.dk\/mors\/nu-venter-sundby-paa-den-endelige-afgoerelse\/\",\"url\":\"https:\/\/kunmedierne.dk\/mors\/nu-venter-sundby-paa-den-endelige-afgoerelse\/\",\"name\":\"Nu venter Sundby p\u00e5 den endelige afg\u00f8relse - Mors\",\"isPartOf\":{\"@id\":\"https:\/\/kunmedierne.dk\/mors\/#website\"},\"primaryImageOfPage\":{\"@id\":\"https:\/\/kunmedierne.dk\/mors\/nu-venter-sundby-paa-den-endelige-afgoerelse\/#primaryimage\"},\"image\":{\"@id\":\"https:\/\/kunmedierne.dk\/mors\/nu-venter-sundby-paa-den-endelige-afgoerelse\/#primaryimage\"},\"thumbnailUrl\":\"https:\/\/kunmedierne.dk\/mors\/wp-content\/uploads\/2021\/03\/210309-sundbyvej.jpg\",\"datePublished\":\"2021-03-09T09:50:19+00:00\",\"dateModified\":\"2024-08-12T11:37:46+00:00\",\"breadcrumb\":{\"@id\":\"https:\/\/kunmedierne.dk\/mors\/nu-venter-sundby-paa-den-endelige-afgoerelse\/#breadcrumb\"},\"inLanguage\":\"da-DK\",\"potentialAction\":[{\"@type\":\"ReadAction\",\"target\":[\"https:\/\/kunmedierne.dk\/mors\/nu-venter-sundby-paa-den-endelige-afgoerelse\/\"]}]},{\"@type\":\"ImageObject\",\"inLanguage\":\"da-DK\",\"@id\":\"https:\/\/kunmedierne.dk\/mors\/nu-venter-sundby-paa-den-endelige-afgoerelse\/#primaryimage\",\"url\":\"https:\/\/kunmedierne.dk\/mors\/wp-content\/uploads\/2021\/03\/210309-sundbyvej.jpg\",\"contentUrl\":\"https:\/\/kunmedierne.dk\/mors\/wp-content\/uploads\/2021\/03\/210309-sundbyvej.jpg\",\"width\":770,\"height\":513,\"caption\":\"Kommunalbestyrelsen skal i dag tage stilling til et fortov p\u00e5 Sundbyvej. Foto: David H\u00f8jmark\"},{\"@type\":\"BreadcrumbList\",\"@id\":\"https:\/\/kunmedierne.dk\/mors\/nu-venter-sundby-paa-den-endelige-afgoerelse\/#breadcrumb\",\"itemListElement\":[{\"@type\":\"ListItem\",\"position\":1,\"name\":\"Hjem\",\"item\":\"https:\/\/kunmedierne.dk\/mors\/\"},{\"@type\":\"ListItem\",\"position\":2,\"name\":\"Nu venter Sundby p\u00e5 den endelige afg\u00f8relse\"}]},{\"@type\":\"WebSite\",\"@id\":\"https:\/\/kunmedierne.dk\/mors\/#website\",\"url\":\"https:\/\/kunmedierne.dk\/mors\/\",\"name\":\"Mors\",\"description\":\"et netmedie med journalistik om livet p\u00e5 Mors\",\"publisher\":{\"@id\":\"https:\/\/kunmedierne.dk\/mors\/#organization\"},\"potentialAction\":[{\"@type\":\"SearchAction\",\"target\":{\"@type\":\"EntryPoint\",\"urlTemplate\":\"https:\/\/kunmedierne.dk\/mors\/?s={search_term_string}\"},\"query-input\":{\"@type\":\"PropertyValueSpecification\",\"valueRequired\":true,\"valueName\":\"search_term_string\"}}],\"inLanguage\":\"da-DK\"},{\"@type\":\"Organization\",\"@id\":\"https:\/\/kunmedierne.dk\/mors\/#organization\",\"name\":\"Mors\",\"url\":\"https:\/\/kunmedierne.dk\/mors\/\",\"logo\":{\"@type\":\"ImageObject\",\"inLanguage\":\"da-DK\",\"@id\":\"https:\/\/kunmedierne.dk\/mors\/#\/schema\/logo\/image\/\",\"url\":\"https:\/\/kunmedierne.dk\/mors\/wp-content\/uploads\/2024\/08\/kunmors-logo.svg\",\"contentUrl\":\"https:\/\/kunmedierne.dk\/mors\/wp-content\/uploads\/2024\/08\/kunmors-logo.svg\",\"caption\":\"Mors\"},\"image\":{\"@id\":\"https:\/\/kunmedierne.dk\/mors\/#\/schema\/logo\/image\/\"}},{\"@type\":\"Person\",\"@id\":\"https:\/\/kunmedierne.dk\/mors\/#\/schema\/person\/5fe23251bf1d0abbcdc6f7896579d548\",\"name\":\"David H\u00f8jmark\",\"image\":{\"@type\":\"ImageObject\",\"inLanguage\":\"da-DK\",\"@id\":\"https:\/\/kunmedierne.dk\/mors\/#\/schema\/person\/image\/\",\"url\":\"https:\/\/secure.gravatar.com\/avatar\/4315d6fb9ef244d729989f5f90268eb08d5bf8a3d84402f595fa194bb35784fd?s=96&d=mm&r=g\",\"contentUrl\":\"https:\/\/secure.gravatar.com\/avatar\/4315d6fb9ef244d729989f5f90268eb08d5bf8a3d84402f595fa194bb35784fd?s=96&d=mm&r=g\",\"caption\":\"David H\u00f8jmark\"},\"sameAs\":[\"https:\/\/www.kunmedierne.dk\"],\"url\":\"https:\/\/kunmedierne.dk\/mors\/author\/david\/\"}]}<\/script>\n<!-- \/ Yoast SEO plugin. -->","yoast_head_json":{"title":"Nu venter Sundby p\u00e5 den endelige afg\u00f8relse - Mors","robots":{"index":"index","follow":"follow","max-snippet":"max-snippet:-1","max-image-preview":"max-image-preview:large","max-video-preview":"max-video-preview:-1"},"canonical":"https:\/\/kunmedierne.dk\/mors\/nu-venter-sundby-paa-den-endelige-afgoerelse\/","og_locale":"da_DK","og_type":"article","og_title":"Nu venter Sundby p\u00e5 den endelige afg\u00f8relse - Mors","og_description":"SUNDBY: Afg\u00f8relsens stund er ikke mange timer ude i fremtiden for byrumsgruppen i Sundby. Klokken 17 i dag er der Teams-m\u00f8de for kommunalbestyrelsen i Mors\u00f8 Kommune, og p\u00e5 dagsordenen er et trafikprojekt i Sundby, der har haft et fortov i centrum. For et par uger siden vedtog et flertal i udvalget for teknik og milj\u00f8 [&hellip;]","og_url":"https:\/\/kunmedierne.dk\/mors\/nu-venter-sundby-paa-den-endelige-afgoerelse\/","og_site_name":"Mors","article_published_time":"2021-03-09T09:50:19+00:00","article_modified_time":"2024-08-12T11:37:46+00:00","og_image":[{"width":770,"height":513,"url":"https:\/\/kunmedierne.dk\/mors\/wp-content\/uploads\/2021\/03\/210309-sundbyvej.jpg","type":"image\/jpeg"}],"author":"David H\u00f8jmark","twitter_card":"summary_large_image","twitter_misc":{"Skrevet af":"David H\u00f8jmark","Estimeret l\u00e6setid":"3 minutter"},"schema":{"@context":"https:\/\/schema.org","@graph":[{"@type":"Article","@id":"https:\/\/kunmedierne.dk\/mors\/nu-venter-sundby-paa-den-endelige-afgoerelse\/#article","isPartOf":{"@id":"https:\/\/kunmedierne.dk\/mors\/nu-venter-sundby-paa-den-endelige-afgoerelse\/"},"author":{"name":"David H\u00f8jmark","@id":"https:\/\/kunmedierne.dk\/mors\/#\/schema\/person\/5fe23251bf1d0abbcdc6f7896579d548"},"headline":"Nu venter Sundby p\u00e5 den endelige afg\u00f8relse","datePublished":"2021-03-09T09:50:19+00:00","dateModified":"2024-08-12T11:37:46+00:00","mainEntityOfPage":{"@id":"https:\/\/kunmedierne.dk\/mors\/nu-venter-sundby-paa-den-endelige-afgoerelse\/"},"wordCount":528,"commentCount":0,"publisher":{"@id":"https:\/\/kunmedierne.dk\/mors\/#organization"},"image":{"@id":"https:\/\/kunmedierne.dk\/mors\/nu-venter-sundby-paa-den-endelige-afgoerelse\/#primaryimage"},"thumbnailUrl":"https:\/\/kunmedierne.dk\/mors\/wp-content\/uploads\/2021\/03\/210309-sundbyvej.jpg","keywords":["Politik"],"articleSection":["Lokalt"],"inLanguage":"da-DK","potentialAction":[{"@type":"CommentAction","name":"Comment","target":["https:\/\/kunmedierne.dk\/mors\/nu-venter-sundby-paa-den-endelige-afgoerelse\/#respond"]}]},{"@type":"WebPage","@id":"https:\/\/kunmedierne.dk\/mors\/nu-venter-sundby-paa-den-endelige-afgoerelse\/","url":"https:\/\/kunmedierne.dk\/mors\/nu-venter-sundby-paa-den-endelige-afgoerelse\/","name":"Nu venter Sundby p\u00e5 den endelige afg\u00f8relse - Mors","isPartOf":{"@id":"https:\/\/kunmedierne.dk\/mors\/#website"},"primaryImageOfPage":{"@id":"https:\/\/kunmedierne.dk\/mors\/nu-venter-sundby-paa-den-endelige-afgoerelse\/#primaryimage"},"image":{"@id":"https:\/\/kunmedierne.dk\/mors\/nu-venter-sundby-paa-den-endelige-afgoerelse\/#primaryimage"},"thumbnailUrl":"https:\/\/kunmedierne.dk\/mors\/wp-content\/uploads\/2021\/03\/210309-sundbyvej.jpg","datePublished":"2021-03-09T09:50:19+00:00","dateModified":"2024-08-12T11:37:46+00:00","breadcrumb":{"@id":"https:\/\/kunmedierne.dk\/mors\/nu-venter-sundby-paa-den-endelige-afgoerelse\/#breadcrumb"},"inLanguage":"da-DK","potentialAction":[{"@type":"ReadAction","target":["https:\/\/kunmedierne.dk\/mors\/nu-venter-sundby-paa-den-endelige-afgoerelse\/"]}]},{"@type":"ImageObject","inLanguage":"da-DK","@id":"https:\/\/kunmedierne.dk\/mors\/nu-venter-sundby-paa-den-endelige-afgoerelse\/#primaryimage","url":"https:\/\/kunmedierne.dk\/mors\/wp-content\/uploads\/2021\/03\/210309-sundbyvej.jpg","contentUrl":"https:\/\/kunmedierne.dk\/mors\/wp-content\/uploads\/2021\/03\/210309-sundbyvej.jpg","width":770,"height":513,"caption":"Kommunalbestyrelsen skal i dag tage stilling til et fortov p\u00e5 Sundbyvej. Foto: David H\u00f8jmark"},{"@type":"BreadcrumbList","@id":"https:\/\/kunmedierne.dk\/mors\/nu-venter-sundby-paa-den-endelige-afgoerelse\/#breadcrumb","itemListElement":[{"@type":"ListItem","position":1,"name":"Hjem","item":"https:\/\/kunmedierne.dk\/mors\/"},{"@type":"ListItem","position":2,"name":"Nu venter Sundby p\u00e5 den endelige afg\u00f8relse"}]},{"@type":"WebSite","@id":"https:\/\/kunmedierne.dk\/mors\/#website","url":"https:\/\/kunmedierne.dk\/mors\/","name":"Mors","description":"et netmedie med journalistik om livet p\u00e5 Mors","publisher":{"@id":"https:\/\/kunmedierne.dk\/mors\/#organization"},"potentialAction":[{"@type":"SearchAction","target":{"@type":"EntryPoint","urlTemplate":"https:\/\/kunmedierne.dk\/mors\/?s={search_term_string}"},"query-input":{"@type":"PropertyValueSpecification","valueRequired":true,"valueName":"search_term_string"}}],"inLanguage":"da-DK"},{"@type":"Organization","@id":"https:\/\/kunmedierne.dk\/mors\/#organization","name":"Mors","url":"https:\/\/kunmedierne.dk\/mors\/","logo":{"@type":"ImageObject","inLanguage":"da-DK","@id":"https:\/\/kunmedierne.dk\/mors\/#\/schema\/logo\/image\/","url":"https:\/\/kunmedierne.dk\/mors\/wp-content\/uploads\/2024\/08\/kunmors-logo.svg","contentUrl":"https:\/\/kunmedierne.dk\/mors\/wp-content\/uploads\/2024\/08\/kunmors-logo.svg","caption":"Mors"},"image":{"@id":"https:\/\/kunmedierne.dk\/mors\/#\/schema\/logo\/image\/"}},{"@type":"Person","@id":"https:\/\/kunmedierne.dk\/mors\/#\/schema\/person\/5fe23251bf1d0abbcdc6f7896579d548","name":"David H\u00f8jmark","image":{"@type":"ImageObject","inLanguage":"da-DK","@id":"https:\/\/kunmedierne.dk\/mors\/#\/schema\/person\/image\/","url":"https:\/\/secure.gravatar.com\/avatar\/4315d6fb9ef244d729989f5f90268eb08d5bf8a3d84402f595fa194bb35784fd?s=96&d=mm&r=g","contentUrl":"https:\/\/secure.gravatar.com\/avatar\/4315d6fb9ef244d729989f5f90268eb08d5bf8a3d84402f595fa194bb35784fd?s=96&d=mm&r=g","caption":"David H\u00f8jmark"},"sameAs":["https:\/\/www.kunmedierne.dk"],"url":"https:\/\/kunmedierne.dk\/mors\/author\/david\/"}]}},"_links":{"self":[{"href":"https:\/\/kunmedierne.dk\/mors\/wp-json\/wp\/v2\/posts\/41320","targetHints":{"allow":["GET"]}}],"collection":[{"href":"https:\/\/kunmedierne.dk\/mors\/wp-json\/wp\/v2\/posts"}],"about":[{"href":"https:\/\/kunmedierne.dk\/mors\/wp-json\/wp\/v2\/types\/post"}],"author":[{"embeddable":true,"href":"https:\/\/kunmedierne.dk\/mors\/wp-json\/wp\/v2\/users\/8"}],"replies":[{"embeddable":true,"href":"https:\/\/kunmedierne.dk\/mors\/wp-json\/wp\/v2\/comments?post=41320"}],"version-history":[{"count":3,"href":"https:\/\/kunmedierne.dk\/mors\/wp-json\/wp\/v2\/posts\/41320\/revisions"}],"predecessor-version":[{"id":41327,"href":"https:\/\/kunmedierne.dk\/mors\/wp-json\/wp\/v2\/posts\/41320\/revisions\/41327"}],"wp:featuredmedia":[{"embeddable":true,"href":"https:\/\/kunmedierne.dk\/mors\/wp-json\/wp\/v2\/media\/41325"}],"wp:attachment":[{"href":"https:\/\/kunmedierne.dk\/mors\/wp-json\/wp\/v2\/media?parent=41320"}],"wp:term":[{"taxonomy":"category","embeddable":true,"href":"https:\/\/kunmedierne.dk\/mors\/wp-json\/wp\/v2\/categories?post=41320"},{"taxonomy":"post_tag","embeddable":true,"href":"https:\/\/kunmedierne.dk\/mors\/wp-json\/wp\/v2\/tags?post=41320"}],"curies":[{"name":"wp","href":"https:\/\/api.w.org\/{rel}","templated":true}]}}