{"id":41051,"date":"2021-03-04T11:32:15","date_gmt":"2021-03-04T10:32:15","guid":{"rendered":"https:\/\/kunmedierne.dk\/mors\/?p=41051"},"modified":"2024-08-12T13:37:47","modified_gmt":"2024-08-12T11:37:47","slug":"udvalgsformand-sikke-noget-vaas","status":"publish","type":"post","link":"https:\/\/kunmedierne.dk\/mors\/udvalgsformand-sikke-noget-vaas\/","title":{"rendered":"Udvalgsformand: &#8211; Sikke noget v\u00e5s"},"content":{"rendered":"<p><em>Fra Meiner N\u00f8rgaard (DF), formand for udvalget for teknik og milj\u00f8 i Mors\u00f8 Kommune, har vi modtaget:<\/em><\/p>\n<hr \/>\n<p><strong>SUNDBY<\/strong>: Der har v\u00e6ret en del skriverier om trafikprojektet i Sundby.<\/p>\n<p>Det er s\u00e5dan at der i forbindelse med vedtagelsen af kommunens budget for 2018 blev afsat 800.000 kr. til fortov i Sundby. I landsbyfornyelsesprogrammet for Sundby blev der, aftalt mellem borgergruppen fra Sundby og kommunen, afsat 900.000 kr. til infrastruktur, herunder fortov og trafiksikkerhed. Ud af de 900.000 er der, efter aftale, afsat 200.000 kr. til forsk\u00f8nnelse af pladsen foran forsamlingshuset. Dermed er der samlet 1,5 mio. kr. til de f\u00f8rn\u00e6vnte trafikale foranstaltninger. <a href=\"https:\/\/www.fmspks.dk\/\"><img loading=\"lazy\" decoding=\"async\" class=\"alignright size-full wp-image-35528\" src=\"https:\/\/kunmedierne.dk\/mors\/wp-content\/uploads\/2020\/11\/ho4.jpg\" alt=\"\" width=\"1400\" height=\"125\" srcset=\"https:\/\/kunmedierne.dk\/mors\/wp-content\/uploads\/2020\/11\/ho4.jpg 1400w, https:\/\/kunmedierne.dk\/mors\/wp-content\/uploads\/2020\/11\/ho4-300x27.jpg 300w, https:\/\/kunmedierne.dk\/mors\/wp-content\/uploads\/2020\/11\/ho4-1024x91.jpg 1024w, https:\/\/kunmedierne.dk\/mors\/wp-content\/uploads\/2020\/11\/ho4-768x69.jpg 768w, https:\/\/kunmedierne.dk\/mors\/wp-content\/uploads\/2020\/11\/ho4-600x54.jpg 600w\" sizes=\"auto, (max-width: 1400px) 100vw, 1400px\" \/><\/a><\/p>\n<p>Prioriteringerne i landsbyfornyelsesprogrammet for Sundby med hensyn til infrastruktur og trafiksikkerhed, ogs\u00e5 for de bl\u00f8de trafikanter(g\u00e5ende og cyklister) er sket fuldst\u00e6ndig ud fra de samme kriterier som landsbyfornyelsesprogrammerne for de \u00f8vrige landsbyer p\u00e5 Mors.<\/p>\n<p>Et flertal i Udvalget for Teknik og Milj\u00f8 har nu vedtaget et forslag der stemmer overens med ovenst\u00e5ende. Fortov(bedre forhold for de g\u00e5ende) og en s\u00e5kaldt \u201c2 &#8211; 1 afstribning\u201d p\u00e5 vejen(trafiksikkerhed for cyklisterne) og de \u00f8nskede fartd\u00e6mpende foranstaltninger.<\/p>\n<p>Der regnes i \u00f8jeblikket p\u00e5 livet l\u00f8s, for pr\u00e6cist at finde ud af hvor meget pengene r\u00e6kker til. Jeg er sikker p\u00e5 at vi inden den endelige vedtagelse i Kommunalbestyrelsen p\u00e5 tirsdag n\u00e5r frem til en l\u00f8sning, som mange kan se det acceptable i. Hvad der fremover kan\/skal g\u00f8res p\u00e5 den resterende del af Sundbyvej, indg\u00e5r selvf\u00f8lgelig i de fremtidige overvejelser, n\u00e5r der l\u00f8bende ses p\u00e5 trafiksikkerhed. <a href=\"https:\/\/morsoe-begravelsesforretning.dk\/\"><img loading=\"lazy\" decoding=\"async\" class=\"alignright size-full wp-image-35519\" src=\"https:\/\/kunmedierne.dk\/mors\/wp-content\/uploads\/2020\/11\/ho5.jpg\" alt=\"\" width=\"1425\" height=\"127\" srcset=\"https:\/\/kunmedierne.dk\/mors\/wp-content\/uploads\/2020\/11\/ho5.jpg 1425w, https:\/\/kunmedierne.dk\/mors\/wp-content\/uploads\/2020\/11\/ho5-300x27.jpg 300w, https:\/\/kunmedierne.dk\/mors\/wp-content\/uploads\/2020\/11\/ho5-1024x91.jpg 1024w, https:\/\/kunmedierne.dk\/mors\/wp-content\/uploads\/2020\/11\/ho5-768x68.jpg 768w, https:\/\/kunmedierne.dk\/mors\/wp-content\/uploads\/2020\/11\/ho5-600x53.jpg 600w\" sizes=\"auto, (max-width: 1425px) 100vw, 1425px\" \/><\/a><\/p>\n<p>Der har v\u00e6ret mange tilkendegivelser i denne sag. Jeg kan l\u00e6se at Bo Fink, de Radikale, skriver at vi, efter at han selv har analyseret dem, slet ikke beh\u00f8ver at tage h\u00f8ringssvarene fra de borgere der ikke \u00f8nsker fortov hele vejen, alvorligt. Sikke noget v\u00e5s. Det kan godt v\u00e6re at Bo Fink mener at han selv er i en position, hvor han kan v\u00e6lge og vrage mellem de forskellige h\u00f8ringssvar, alt efter hvad der passer bedst. Men s\u00e5dan foreg\u00e5r det ikke i et politisk udvalg, alle dokumenter i en sag bliver selvf\u00f8lgelig behandlet ud fra de samme objektive kriterier.<\/p>\n<p>I Dansk Folkeparti ser vi frem til at denne sag finder sin l\u00f8sning, og jeg b\u00e5de h\u00e5ber og opfordrer til at det gode samarbejde mellem borgergruppen fra Sundby og Mors\u00f8 Kommune, forts\u00e6tter fremover, da samarbejdet er grundstenen i at finde de bedste l\u00f8sninger for lokalbefolkningen.<\/p>\n<hr \/>\n<p><em>Har du et bidrag til den lokale debat? Send det til os p\u00e5 e-mail: debat@kunmedierne.dk\/mors. Husk at l\u00e6se korrektur inden afsendelse p\u00e5 indl\u00e6gget.<\/em><\/p>\n","protected":false},"excerpt":{"rendered":"<p>Fra Meiner N\u00f8rgaard (DF), formand for udvalget for teknik og milj\u00f8 i Mors\u00f8 Kommune, har vi modtaget: SUNDBY: Der har v\u00e6ret en del skriverier om trafikprojektet i Sundby. Det er s\u00e5dan at der i forbindelse med vedtagelsen af kommunens budget for 2018 blev afsat 800.000 kr. til fortov i Sundby. I landsbyfornyelsesprogrammet for Sundby blev [&hellip;]<\/p>\n","protected":false},"author":11,"featured_media":17024,"comment_status":"open","ping_status":"open","sticky":false,"template":"","format":"standard","meta":{"_acf_changed":false,"footnotes":""},"categories":[56],"tags":[167],"class_list":["post-41051","post","type-post","status-publish","format-standard","has-post-thumbnail","hentry","category-debat","tag-politik"],"acf":[],"yoast_head":"<!-- This site is optimized with the Yoast SEO plugin v26.8 - https:\/\/yoast.com\/product\/yoast-seo-wordpress\/ -->\n<title>Udvalgsformand: - Sikke noget v\u00e5s - Mors<\/title>\n<meta name=\"robots\" content=\"index, follow, max-snippet:-1, max-image-preview:large, max-video-preview:-1\" \/>\n<link rel=\"canonical\" href=\"https:\/\/kunmedierne.dk\/mors\/udvalgsformand-sikke-noget-vaas\/\" \/>\n<meta property=\"og:locale\" content=\"da_DK\" \/>\n<meta property=\"og:type\" content=\"article\" \/>\n<meta property=\"og:title\" content=\"Udvalgsformand: - Sikke noget v\u00e5s - Mors\" \/>\n<meta property=\"og:description\" content=\"Fra Meiner N\u00f8rgaard (DF), formand for udvalget for teknik og milj\u00f8 i Mors\u00f8 Kommune, har vi modtaget: SUNDBY: Der har v\u00e6ret en del skriverier om trafikprojektet i Sundby. Det er s\u00e5dan at der i forbindelse med vedtagelsen af kommunens budget for 2018 blev afsat 800.000 kr. til fortov i Sundby. I landsbyfornyelsesprogrammet for Sundby blev [&hellip;]\" \/>\n<meta property=\"og:url\" content=\"https:\/\/kunmedierne.dk\/mors\/udvalgsformand-sikke-noget-vaas\/\" \/>\n<meta property=\"og:site_name\" content=\"Mors\" \/>\n<meta property=\"article:published_time\" content=\"2021-03-04T10:32:15+00:00\" \/>\n<meta property=\"article:modified_time\" content=\"2024-08-12T11:37:47+00:00\" \/>\n<meta property=\"og:image\" content=\"https:\/\/kunmedierne.dk\/mors\/wp-content\/uploads\/2020\/04\/200407-meiner-n\u00f8rgaard.jpg\" \/>\n\t<meta property=\"og:image:width\" content=\"770\" \/>\n\t<meta property=\"og:image:height\" content=\"513\" \/>\n\t<meta property=\"og:image:type\" content=\"image\/jpeg\" \/>\n<meta name=\"author\" content=\"Debat\" \/>\n<meta name=\"twitter:card\" content=\"summary_large_image\" \/>\n<meta name=\"twitter:label1\" content=\"Skrevet af\" \/>\n\t<meta name=\"twitter:data1\" content=\"Debat\" \/>\n\t<meta name=\"twitter:label2\" content=\"Estimeret l\u00e6setid\" \/>\n\t<meta name=\"twitter:data2\" content=\"2 minutter\" \/>\n<script type=\"application\/ld+json\" class=\"yoast-schema-graph\">{\"@context\":\"https:\/\/schema.org\",\"@graph\":[{\"@type\":\"Article\",\"@id\":\"https:\/\/kunmedierne.dk\/mors\/udvalgsformand-sikke-noget-vaas\/#article\",\"isPartOf\":{\"@id\":\"https:\/\/kunmedierne.dk\/mors\/udvalgsformand-sikke-noget-vaas\/\"},\"author\":{\"name\":\"Debat\",\"@id\":\"https:\/\/kunmedierne.dk\/mors\/#\/schema\/person\/84c1391bce0b43b9bb3a49736bc0ad78\"},\"headline\":\"Udvalgsformand: &#8211; Sikke noget v\u00e5s\",\"datePublished\":\"2021-03-04T10:32:15+00:00\",\"dateModified\":\"2024-08-12T11:37:47+00:00\",\"mainEntityOfPage\":{\"@id\":\"https:\/\/kunmedierne.dk\/mors\/udvalgsformand-sikke-noget-vaas\/\"},\"wordCount\":454,\"commentCount\":0,\"publisher\":{\"@id\":\"https:\/\/kunmedierne.dk\/mors\/#organization\"},\"image\":{\"@id\":\"https:\/\/kunmedierne.dk\/mors\/udvalgsformand-sikke-noget-vaas\/#primaryimage\"},\"thumbnailUrl\":\"https:\/\/kunmedierne.dk\/mors\/wp-content\/uploads\/2020\/04\/200407-meiner-n\u00f8rgaard.jpg\",\"keywords\":[\"Politik\"],\"articleSection\":[\"Debat\"],\"inLanguage\":\"da-DK\",\"potentialAction\":[{\"@type\":\"CommentAction\",\"name\":\"Comment\",\"target\":[\"https:\/\/kunmedierne.dk\/mors\/udvalgsformand-sikke-noget-vaas\/#respond\"]}]},{\"@type\":\"WebPage\",\"@id\":\"https:\/\/kunmedierne.dk\/mors\/udvalgsformand-sikke-noget-vaas\/\",\"url\":\"https:\/\/kunmedierne.dk\/mors\/udvalgsformand-sikke-noget-vaas\/\",\"name\":\"Udvalgsformand: - Sikke noget v\u00e5s - Mors\",\"isPartOf\":{\"@id\":\"https:\/\/kunmedierne.dk\/mors\/#website\"},\"primaryImageOfPage\":{\"@id\":\"https:\/\/kunmedierne.dk\/mors\/udvalgsformand-sikke-noget-vaas\/#primaryimage\"},\"image\":{\"@id\":\"https:\/\/kunmedierne.dk\/mors\/udvalgsformand-sikke-noget-vaas\/#primaryimage\"},\"thumbnailUrl\":\"https:\/\/kunmedierne.dk\/mors\/wp-content\/uploads\/2020\/04\/200407-meiner-n\u00f8rgaard.jpg\",\"datePublished\":\"2021-03-04T10:32:15+00:00\",\"dateModified\":\"2024-08-12T11:37:47+00:00\",\"breadcrumb\":{\"@id\":\"https:\/\/kunmedierne.dk\/mors\/udvalgsformand-sikke-noget-vaas\/#breadcrumb\"},\"inLanguage\":\"da-DK\",\"potentialAction\":[{\"@type\":\"ReadAction\",\"target\":[\"https:\/\/kunmedierne.dk\/mors\/udvalgsformand-sikke-noget-vaas\/\"]}]},{\"@type\":\"ImageObject\",\"inLanguage\":\"da-DK\",\"@id\":\"https:\/\/kunmedierne.dk\/mors\/udvalgsformand-sikke-noget-vaas\/#primaryimage\",\"url\":\"https:\/\/kunmedierne.dk\/mors\/wp-content\/uploads\/2020\/04\/200407-meiner-n\u00f8rgaard.jpg\",\"contentUrl\":\"https:\/\/kunmedierne.dk\/mors\/wp-content\/uploads\/2020\/04\/200407-meiner-n\u00f8rgaard.jpg\",\"width\":770,\"height\":513,\"caption\":\"Meiner N\u00f8rgaard (DF). Foto: Per Bech\/Mors\u00f8 Kommune.\"},{\"@type\":\"BreadcrumbList\",\"@id\":\"https:\/\/kunmedierne.dk\/mors\/udvalgsformand-sikke-noget-vaas\/#breadcrumb\",\"itemListElement\":[{\"@type\":\"ListItem\",\"position\":1,\"name\":\"Hjem\",\"item\":\"https:\/\/kunmedierne.dk\/mors\/\"},{\"@type\":\"ListItem\",\"position\":2,\"name\":\"Udvalgsformand: &#8211; Sikke noget v\u00e5s\"}]},{\"@type\":\"WebSite\",\"@id\":\"https:\/\/kunmedierne.dk\/mors\/#website\",\"url\":\"https:\/\/kunmedierne.dk\/mors\/\",\"name\":\"Mors\",\"description\":\"et netmedie med journalistik om livet p\u00e5 Mors\",\"publisher\":{\"@id\":\"https:\/\/kunmedierne.dk\/mors\/#organization\"},\"potentialAction\":[{\"@type\":\"SearchAction\",\"target\":{\"@type\":\"EntryPoint\",\"urlTemplate\":\"https:\/\/kunmedierne.dk\/mors\/?s={search_term_string}\"},\"query-input\":{\"@type\":\"PropertyValueSpecification\",\"valueRequired\":true,\"valueName\":\"search_term_string\"}}],\"inLanguage\":\"da-DK\"},{\"@type\":\"Organization\",\"@id\":\"https:\/\/kunmedierne.dk\/mors\/#organization\",\"name\":\"Mors\",\"url\":\"https:\/\/kunmedierne.dk\/mors\/\",\"logo\":{\"@type\":\"ImageObject\",\"inLanguage\":\"da-DK\",\"@id\":\"https:\/\/kunmedierne.dk\/mors\/#\/schema\/logo\/image\/\",\"url\":\"https:\/\/kunmedierne.dk\/mors\/wp-content\/uploads\/2024\/08\/kunmors-logo.svg\",\"contentUrl\":\"https:\/\/kunmedierne.dk\/mors\/wp-content\/uploads\/2024\/08\/kunmors-logo.svg\",\"caption\":\"Mors\"},\"image\":{\"@id\":\"https:\/\/kunmedierne.dk\/mors\/#\/schema\/logo\/image\/\"}},{\"@type\":\"Person\",\"@id\":\"https:\/\/kunmedierne.dk\/mors\/#\/schema\/person\/84c1391bce0b43b9bb3a49736bc0ad78\",\"name\":\"Debat\",\"image\":{\"@type\":\"ImageObject\",\"inLanguage\":\"da-DK\",\"@id\":\"https:\/\/kunmedierne.dk\/mors\/#\/schema\/person\/image\/\",\"url\":\"https:\/\/secure.gravatar.com\/avatar\/b0fb2e221d618f7c65162ab0d49c7e8a0b580c871ca03af90e42b47b4150654c?s=96&d=mm&r=g\",\"contentUrl\":\"https:\/\/secure.gravatar.com\/avatar\/b0fb2e221d618f7c65162ab0d49c7e8a0b580c871ca03af90e42b47b4150654c?s=96&d=mm&r=g\",\"caption\":\"Debat\"},\"url\":\"https:\/\/kunmedierne.dk\/mors\/author\/debat\/\"}]}<\/script>\n<!-- \/ Yoast SEO plugin. -->","yoast_head_json":{"title":"Udvalgsformand: - Sikke noget v\u00e5s - Mors","robots":{"index":"index","follow":"follow","max-snippet":"max-snippet:-1","max-image-preview":"max-image-preview:large","max-video-preview":"max-video-preview:-1"},"canonical":"https:\/\/kunmedierne.dk\/mors\/udvalgsformand-sikke-noget-vaas\/","og_locale":"da_DK","og_type":"article","og_title":"Udvalgsformand: - Sikke noget v\u00e5s - Mors","og_description":"Fra Meiner N\u00f8rgaard (DF), formand for udvalget for teknik og milj\u00f8 i Mors\u00f8 Kommune, har vi modtaget: SUNDBY: Der har v\u00e6ret en del skriverier om trafikprojektet i Sundby. Det er s\u00e5dan at der i forbindelse med vedtagelsen af kommunens budget for 2018 blev afsat 800.000 kr. til fortov i Sundby. I landsbyfornyelsesprogrammet for Sundby blev [&hellip;]","og_url":"https:\/\/kunmedierne.dk\/mors\/udvalgsformand-sikke-noget-vaas\/","og_site_name":"Mors","article_published_time":"2021-03-04T10:32:15+00:00","article_modified_time":"2024-08-12T11:37:47+00:00","og_image":[{"width":770,"height":513,"url":"https:\/\/kunmedierne.dk\/mors\/wp-content\/uploads\/2020\/04\/200407-meiner-n\u00f8rgaard.jpg","type":"image\/jpeg"}],"author":"Debat","twitter_card":"summary_large_image","twitter_misc":{"Skrevet af":"Debat","Estimeret l\u00e6setid":"2 minutter"},"schema":{"@context":"https:\/\/schema.org","@graph":[{"@type":"Article","@id":"https:\/\/kunmedierne.dk\/mors\/udvalgsformand-sikke-noget-vaas\/#article","isPartOf":{"@id":"https:\/\/kunmedierne.dk\/mors\/udvalgsformand-sikke-noget-vaas\/"},"author":{"name":"Debat","@id":"https:\/\/kunmedierne.dk\/mors\/#\/schema\/person\/84c1391bce0b43b9bb3a49736bc0ad78"},"headline":"Udvalgsformand: &#8211; Sikke noget v\u00e5s","datePublished":"2021-03-04T10:32:15+00:00","dateModified":"2024-08-12T11:37:47+00:00","mainEntityOfPage":{"@id":"https:\/\/kunmedierne.dk\/mors\/udvalgsformand-sikke-noget-vaas\/"},"wordCount":454,"commentCount":0,"publisher":{"@id":"https:\/\/kunmedierne.dk\/mors\/#organization"},"image":{"@id":"https:\/\/kunmedierne.dk\/mors\/udvalgsformand-sikke-noget-vaas\/#primaryimage"},"thumbnailUrl":"https:\/\/kunmedierne.dk\/mors\/wp-content\/uploads\/2020\/04\/200407-meiner-n\u00f8rgaard.jpg","keywords":["Politik"],"articleSection":["Debat"],"inLanguage":"da-DK","potentialAction":[{"@type":"CommentAction","name":"Comment","target":["https:\/\/kunmedierne.dk\/mors\/udvalgsformand-sikke-noget-vaas\/#respond"]}]},{"@type":"WebPage","@id":"https:\/\/kunmedierne.dk\/mors\/udvalgsformand-sikke-noget-vaas\/","url":"https:\/\/kunmedierne.dk\/mors\/udvalgsformand-sikke-noget-vaas\/","name":"Udvalgsformand: - Sikke noget v\u00e5s - Mors","isPartOf":{"@id":"https:\/\/kunmedierne.dk\/mors\/#website"},"primaryImageOfPage":{"@id":"https:\/\/kunmedierne.dk\/mors\/udvalgsformand-sikke-noget-vaas\/#primaryimage"},"image":{"@id":"https:\/\/kunmedierne.dk\/mors\/udvalgsformand-sikke-noget-vaas\/#primaryimage"},"thumbnailUrl":"https:\/\/kunmedierne.dk\/mors\/wp-content\/uploads\/2020\/04\/200407-meiner-n\u00f8rgaard.jpg","datePublished":"2021-03-04T10:32:15+00:00","dateModified":"2024-08-12T11:37:47+00:00","breadcrumb":{"@id":"https:\/\/kunmedierne.dk\/mors\/udvalgsformand-sikke-noget-vaas\/#breadcrumb"},"inLanguage":"da-DK","potentialAction":[{"@type":"ReadAction","target":["https:\/\/kunmedierne.dk\/mors\/udvalgsformand-sikke-noget-vaas\/"]}]},{"@type":"ImageObject","inLanguage":"da-DK","@id":"https:\/\/kunmedierne.dk\/mors\/udvalgsformand-sikke-noget-vaas\/#primaryimage","url":"https:\/\/kunmedierne.dk\/mors\/wp-content\/uploads\/2020\/04\/200407-meiner-n\u00f8rgaard.jpg","contentUrl":"https:\/\/kunmedierne.dk\/mors\/wp-content\/uploads\/2020\/04\/200407-meiner-n\u00f8rgaard.jpg","width":770,"height":513,"caption":"Meiner N\u00f8rgaard (DF). Foto: Per Bech\/Mors\u00f8 Kommune."},{"@type":"BreadcrumbList","@id":"https:\/\/kunmedierne.dk\/mors\/udvalgsformand-sikke-noget-vaas\/#breadcrumb","itemListElement":[{"@type":"ListItem","position":1,"name":"Hjem","item":"https:\/\/kunmedierne.dk\/mors\/"},{"@type":"ListItem","position":2,"name":"Udvalgsformand: &#8211; Sikke noget v\u00e5s"}]},{"@type":"WebSite","@id":"https:\/\/kunmedierne.dk\/mors\/#website","url":"https:\/\/kunmedierne.dk\/mors\/","name":"Mors","description":"et netmedie med journalistik om livet p\u00e5 Mors","publisher":{"@id":"https:\/\/kunmedierne.dk\/mors\/#organization"},"potentialAction":[{"@type":"SearchAction","target":{"@type":"EntryPoint","urlTemplate":"https:\/\/kunmedierne.dk\/mors\/?s={search_term_string}"},"query-input":{"@type":"PropertyValueSpecification","valueRequired":true,"valueName":"search_term_string"}}],"inLanguage":"da-DK"},{"@type":"Organization","@id":"https:\/\/kunmedierne.dk\/mors\/#organization","name":"Mors","url":"https:\/\/kunmedierne.dk\/mors\/","logo":{"@type":"ImageObject","inLanguage":"da-DK","@id":"https:\/\/kunmedierne.dk\/mors\/#\/schema\/logo\/image\/","url":"https:\/\/kunmedierne.dk\/mors\/wp-content\/uploads\/2024\/08\/kunmors-logo.svg","contentUrl":"https:\/\/kunmedierne.dk\/mors\/wp-content\/uploads\/2024\/08\/kunmors-logo.svg","caption":"Mors"},"image":{"@id":"https:\/\/kunmedierne.dk\/mors\/#\/schema\/logo\/image\/"}},{"@type":"Person","@id":"https:\/\/kunmedierne.dk\/mors\/#\/schema\/person\/84c1391bce0b43b9bb3a49736bc0ad78","name":"Debat","image":{"@type":"ImageObject","inLanguage":"da-DK","@id":"https:\/\/kunmedierne.dk\/mors\/#\/schema\/person\/image\/","url":"https:\/\/secure.gravatar.com\/avatar\/b0fb2e221d618f7c65162ab0d49c7e8a0b580c871ca03af90e42b47b4150654c?s=96&d=mm&r=g","contentUrl":"https:\/\/secure.gravatar.com\/avatar\/b0fb2e221d618f7c65162ab0d49c7e8a0b580c871ca03af90e42b47b4150654c?s=96&d=mm&r=g","caption":"Debat"},"url":"https:\/\/kunmedierne.dk\/mors\/author\/debat\/"}]}},"_links":{"self":[{"href":"https:\/\/kunmedierne.dk\/mors\/wp-json\/wp\/v2\/posts\/41051","targetHints":{"allow":["GET"]}}],"collection":[{"href":"https:\/\/kunmedierne.dk\/mors\/wp-json\/wp\/v2\/posts"}],"about":[{"href":"https:\/\/kunmedierne.dk\/mors\/wp-json\/wp\/v2\/types\/post"}],"author":[{"embeddable":true,"href":"https:\/\/kunmedierne.dk\/mors\/wp-json\/wp\/v2\/users\/11"}],"replies":[{"embeddable":true,"href":"https:\/\/kunmedierne.dk\/mors\/wp-json\/wp\/v2\/comments?post=41051"}],"version-history":[{"count":2,"href":"https:\/\/kunmedierne.dk\/mors\/wp-json\/wp\/v2\/posts\/41051\/revisions"}],"predecessor-version":[{"id":41247,"href":"https:\/\/kunmedierne.dk\/mors\/wp-json\/wp\/v2\/posts\/41051\/revisions\/41247"}],"wp:featuredmedia":[{"embeddable":true,"href":"https:\/\/kunmedierne.dk\/mors\/wp-json\/wp\/v2\/media\/17024"}],"wp:attachment":[{"href":"https:\/\/kunmedierne.dk\/mors\/wp-json\/wp\/v2\/media?parent=41051"}],"wp:term":[{"taxonomy":"category","embeddable":true,"href":"https:\/\/kunmedierne.dk\/mors\/wp-json\/wp\/v2\/categories?post=41051"},{"taxonomy":"post_tag","embeddable":true,"href":"https:\/\/kunmedierne.dk\/mors\/wp-json\/wp\/v2\/tags?post=41051"}],"curies":[{"name":"wp","href":"https:\/\/api.w.org\/{rel}","templated":true}]}}