{"id":40635,"date":"2021-02-26T16:32:48","date_gmt":"2021-02-26T15:32:48","guid":{"rendered":"https:\/\/kunmedierne.dk\/mors\/?p=40635"},"modified":"2024-08-12T13:37:48","modified_gmt":"2024-08-12T11:37:48","slug":"vi-har-kun-et-sted-at-klage-og-det-er-hos-kommunen","status":"publish","type":"post","link":"https:\/\/kunmedierne.dk\/mors\/vi-har-kun-et-sted-at-klage-og-det-er-hos-kommunen\/","title":{"rendered":"&#8211; Vi har kun \u00e9t sted at klage, og det er hos kommunen"},"content":{"rendered":"<p><strong>SUNDBY<\/strong>: En politisk beslutning er truffet i et af de kommunale udvalg &#8211; og alt tyder p\u00e5, at det kompromis, som et flertal i udvalget for teknik og milj\u00f8 n\u00e5ede frem til i onsdags, cementerer fremtiden for et fortov i Sundby.<\/p>\n<p>Men det betyder ikke, at forestillingen er forbi. Og det betyder slet ikke, at der er begejstring uden for de kommunalpolitiske cirkler.<\/p>\n<p>I Sundby har i hvert fald byrumsgruppen, der har arbejdet med sagen i \u00e5revis, ikke t\u00e6nkt sig at lade den falde uden et pip. Et af medlemmerne, Erik Vejling, lader forst\u00e5, at man er helt uforst\u00e5ende over for udvalgets beslutning. <a href=\"https:\/\/www.sparnord.dk\/filialer\/nykoebing-mors\/\"><img loading=\"lazy\" decoding=\"async\" class=\"alignright size-full wp-image-35699\" src=\"https:\/\/kunmedierne.dk\/mors\/wp-content\/uploads\/2020\/11\/ho6.jpg\" alt=\"\" width=\"1400\" height=\"123\" srcset=\"https:\/\/kunmedierne.dk\/mors\/wp-content\/uploads\/2020\/11\/ho6.jpg 1400w, https:\/\/kunmedierne.dk\/mors\/wp-content\/uploads\/2020\/11\/ho6-300x26.jpg 300w, https:\/\/kunmedierne.dk\/mors\/wp-content\/uploads\/2020\/11\/ho6-1024x90.jpg 1024w, https:\/\/kunmedierne.dk\/mors\/wp-content\/uploads\/2020\/11\/ho6-768x67.jpg 768w, https:\/\/kunmedierne.dk\/mors\/wp-content\/uploads\/2020\/11\/ho6-600x53.jpg 600w\" sizes=\"auto, (max-width: 1400px) 100vw, 1400px\" \/><\/a><\/p>\n<p>&#8220;Is\u00e6r n\u00e5r vi har f\u00e5et at vide b\u00e5de fra Venstre og Socialdemokratiet, at de selvf\u00f8lgelig ville stemme for, at de 1,5 millioner kroner skulle bruges p\u00e5 fortov op til Over Bakken &#8211; og s\u00e5 lige n\u00f8jagtig p\u00e5 udvalgsm\u00f8det laver det om og stemmer for noget andet, end man havde givet tilsagn om. Det forst\u00e5r vi ikke,&#8221; siger han.<\/p>\n<p>Erik Vejling henviser ikke mindst til Venstre-politikeren Henrik Jensen, der inden udvalgsm\u00f8det, blandt andet p\u00e5 <a href=\"https:\/\/kunmedierne.dk\/mors\/foer-udvalgsmoede-om-fortov-i-sundby-jeg-holder-fast-i-vores-beslutning-fra-oktober\/\" target=\"_blank\" rel=\"noopener noreferrer\">KunMors<\/a>, gav udtryk for, at politikerne skulle lytte til borgernes \u00f8nske om et fortov.<\/p>\n<p>&#8220;Henrik Jensen skrev jo ogs\u00e5 p\u00e5 Sundbys Facebook-side, at han st\u00f8ttede det &#8211; og det forventede han ogs\u00e5, at hele Venstre-gruppen ville g\u00f8re. Og jeg fik en opringning fra en person, jeg ikke vil navngive, der sagde, at det skulle vi ikke v\u00e6re nerv\u00f8se for &#8211; Venstre ville selvf\u00f8lgelig st\u00f8tte et fortov til 1,5 millioner op til Over Bakken. S\u00e5 tror man jo, at det er rigtigt,&#8221; siger Erik Vejling.<\/p>\n<p>&#8220;Og vi fik samme meldinger om, at hele den socialdemokratiske gruppe ville anbefale det ogs\u00e5 &#8211; inklusive Jakob Kortb\u00e6k,&#8221; siger han om det socialedemokratiske medlem af udvalget for teknik og milj\u00f8. <a href=\"https:\/\/morsoe-begravelsesforretning.dk\/\"><img loading=\"lazy\" decoding=\"async\" class=\"alignright size-full wp-image-35519\" src=\"https:\/\/kunmedierne.dk\/mors\/wp-content\/uploads\/2020\/11\/ho5.jpg\" alt=\"\" width=\"1425\" height=\"127\" srcset=\"https:\/\/kunmedierne.dk\/mors\/wp-content\/uploads\/2020\/11\/ho5.jpg 1425w, https:\/\/kunmedierne.dk\/mors\/wp-content\/uploads\/2020\/11\/ho5-300x27.jpg 300w, https:\/\/kunmedierne.dk\/mors\/wp-content\/uploads\/2020\/11\/ho5-1024x91.jpg 1024w, https:\/\/kunmedierne.dk\/mors\/wp-content\/uploads\/2020\/11\/ho5-768x68.jpg 768w, https:\/\/kunmedierne.dk\/mors\/wp-content\/uploads\/2020\/11\/ho5-600x53.jpg 600w\" sizes=\"auto, (max-width: 1425px) 100vw, 1425px\" \/><\/a><\/p>\n<p>&#8220;Og s\u00e5 l\u00e6ser nu vi nu i referatet, at det kun er til Udsigten. At man asfalterer til Udsigten og tager 2 minus 1-vej ned til kroen. Og det forst\u00e5r vi jo slet ikke,&#8221; siger Erik Vejling.<\/p>\n<p>Han mener, at pengene p\u00e5 trafikprojektet nu st\u00e5r til at blive brugt forkert og uddyber, at vejen fra Vildsund F\u00e6rgekro til NCC&#8217;s tidligere anl\u00e6g er den mindst farlige p\u00e5 hele Sundbyvej og derfor slet ikke har brug for en 2 minus 1-vej.<\/p>\n<p>&#8220;Der er bred vej, udsigt og det hele &#8211; og s\u00e5 bruger man nogle af de 700.000 kroner, som vi kunne have brugt p\u00e5 noget andet, p\u00e5 noget, som ikke er n\u00f8dvendigt,&#8221; siger han.<\/p>\n<p>&nbsp;<\/p>\n<p><strong>Samarbejdet er oph\u00f8rt<\/strong><\/p>\n<p>Erik Vejling henviser ogs\u00e5 til indholdet i <a href=\"https:\/\/www.mors.dk\/media\/3112\/sundby-program-april-2017.pdf\" target=\"_blank\" rel=\"noopener noreferrer\">Sundby Omr\u00e5defornyelse<\/a> fra 2017 &#8211; et program som en anden sundbyborger, Bo Fink, ogs\u00e5 har bragt p\u00e5 banen i <a href=\"https:\/\/kunmedierne.dk\/mors\/direktoer-for-teknik-og-miljoe-under-beskydning-fra-sundby\/\" target=\"_blank\" rel=\"noopener noreferrer\">denne artikel<\/a>. Og lige som Bo Fink sk\u00e6lder Erik Vejling ud over forl\u00f8bet og kan ikke f\u00e5 det til at passe med de formulerede intentioner om indflydelse til den lokale arbejdsgruppe og et forpligtende samarbejde mellem den og kommunen.<\/p>\n<p>&#8220;Det har vi jo ikke haft. Jo, vi har haft det indtil nu &#8211; men nu er det bare oph\u00f8rt. Som borgmesteren mange gange siger: &#8216;Sammen er vi bedst.&#8217; Og det synes han jo nok, n\u00e5r bare de bestemmer. S\u00e5 er det nemt med et samarbejde,&#8221; siger Erik Vejling. <a href=\"https:\/\/www.braendselsforeningen.dk\/\"><img loading=\"lazy\" decoding=\"async\" class=\"alignright size-full wp-image-36029\" src=\"https:\/\/kunmedierne.dk\/mors\/wp-content\/uploads\/2020\/11\/Br\u00e6ndselsforeningen.jpg\" alt=\"\" width=\"1425\" height=\"127\" srcset=\"https:\/\/kunmedierne.dk\/mors\/wp-content\/uploads\/2020\/11\/Br\u00e6ndselsforeningen.jpg 1425w, https:\/\/kunmedierne.dk\/mors\/wp-content\/uploads\/2020\/11\/Br\u00e6ndselsforeningen-300x27.jpg 300w, https:\/\/kunmedierne.dk\/mors\/wp-content\/uploads\/2020\/11\/Br\u00e6ndselsforeningen-1024x91.jpg 1024w, https:\/\/kunmedierne.dk\/mors\/wp-content\/uploads\/2020\/11\/Br\u00e6ndselsforeningen-768x68.jpg 768w, https:\/\/kunmedierne.dk\/mors\/wp-content\/uploads\/2020\/11\/Br\u00e6ndselsforeningen-600x53.jpg 600w\" sizes=\"auto, (max-width: 1425px) 100vw, 1425px\" \/><\/a><\/p>\n<p>Han oplyser, at byrumsgruppens n\u00e6ste skridt ikke er besluttet endnu. Men l\u00f8rdag skal gruppen igen m\u00f8des virtuelt, og han er selv fortaler for, at man fors\u00f8ger at samle underskrifter, som kan afleveres, inden det \u00e6ndringsforslag, <a href=\"https:\/\/kunmedierne.dk\/mors\/viggo-vangsgaard-vi-har-lovet-fortov-i-to-valgkampe\/\" target=\"_blank\" rel=\"noopener noreferrer\">Viggo Vangsgaard<\/a> (SF) har beg\u00e6ret i kommunalbestyrelsen bliver behandlet 9. marts.<\/p>\n<p>&#8220;Det er nok det eneste, vi kan g\u00f8re: At appellere til kommunalbestyrelsen om at komme til fornuft. Og s\u00e5 pr\u00f8ve at samle underskrifter. Det ved jeg ikke, om vi skal, for det skal vi f\u00f8rst vedtage i morgen, men efter min mening er det nok det eneste at pr\u00f8ve,&#8221; siger han.<\/p>\n<p>&#8220;Vi kan ikke g\u00e5 til en advokat og sige, at vi vil klage. Vi har kun \u00e9t sted at klage, og det er hos kommunen. Og hvis det s\u00e5 bliver s\u00e5dan, er der jo valg til efter\u00e5ret, og s\u00e5 m\u00e5 hver person g\u00f8re op med sig selv, hvem de vil stemme p\u00e5,&#8221; tilf\u00f8jer han.<\/p>\n<p>KunMors har kontaktet de to n\u00e6vnte medlemmer af udvalget for teknik og milj\u00f8, Henrik Jensen (V) og Jakob Kortb\u00e6k (S), for en kommentar til kritikken af dem. Den kan du l\u00e6se <a href=\"https:\/\/kunmedierne.dk\/mors\/politikere-under-beskydning-det-var-et-kompromis\/\" target=\"_blank\" rel=\"noopener noreferrer\">her<\/a>.<\/p>\n","protected":false},"excerpt":{"rendered":"<p>SUNDBY: En politisk beslutning er truffet i et af de kommunale udvalg &#8211; og alt tyder p\u00e5, at det kompromis, som et flertal i udvalget for teknik og milj\u00f8 n\u00e5ede frem til i onsdags, cementerer fremtiden for et fortov i Sundby. Men det betyder ikke, at forestillingen er forbi. Og det betyder slet ikke, at [&hellip;]<\/p>\n","protected":false},"author":8,"featured_media":40165,"comment_status":"open","ping_status":"open","sticky":false,"template":"","format":"standard","meta":{"_acf_changed":false,"footnotes":""},"categories":[51],"tags":[167],"class_list":["post-40635","post","type-post","status-publish","format-standard","has-post-thumbnail","hentry","category-lokalt","tag-politik"],"acf":[],"yoast_head":"<!-- This site is optimized with the Yoast SEO plugin v26.8 - https:\/\/yoast.com\/product\/yoast-seo-wordpress\/ -->\n<title>- Vi har kun \u00e9t sted at klage, og det er hos kommunen - Mors<\/title>\n<meta name=\"robots\" content=\"index, follow, max-snippet:-1, max-image-preview:large, max-video-preview:-1\" \/>\n<link rel=\"canonical\" href=\"https:\/\/kunmedierne.dk\/mors\/vi-har-kun-et-sted-at-klage-og-det-er-hos-kommunen\/\" \/>\n<meta property=\"og:locale\" content=\"da_DK\" \/>\n<meta property=\"og:type\" content=\"article\" \/>\n<meta property=\"og:title\" content=\"- Vi har kun \u00e9t sted at klage, og det er hos kommunen - Mors\" \/>\n<meta property=\"og:description\" content=\"SUNDBY: En politisk beslutning er truffet i et af de kommunale udvalg &#8211; og alt tyder p\u00e5, at det kompromis, som et flertal i udvalget for teknik og milj\u00f8 n\u00e5ede frem til i onsdags, cementerer fremtiden for et fortov i Sundby. Men det betyder ikke, at forestillingen er forbi. Og det betyder slet ikke, at [&hellip;]\" \/>\n<meta property=\"og:url\" content=\"https:\/\/kunmedierne.dk\/mors\/vi-har-kun-et-sted-at-klage-og-det-er-hos-kommunen\/\" \/>\n<meta property=\"og:site_name\" content=\"Mors\" \/>\n<meta property=\"article:published_time\" content=\"2021-02-26T15:32:48+00:00\" \/>\n<meta property=\"article:modified_time\" content=\"2024-08-12T11:37:48+00:00\" \/>\n<meta property=\"og:image\" content=\"https:\/\/kunmedierne.dk\/mors\/wp-content\/uploads\/2021\/02\/210217-sundby.jpg\" \/>\n\t<meta property=\"og:image:width\" content=\"770\" \/>\n\t<meta property=\"og:image:height\" content=\"513\" \/>\n\t<meta property=\"og:image:type\" content=\"image\/jpeg\" \/>\n<meta name=\"author\" content=\"David H\u00f8jmark\" \/>\n<meta name=\"twitter:card\" content=\"summary_large_image\" \/>\n<meta name=\"twitter:label1\" content=\"Skrevet af\" \/>\n\t<meta name=\"twitter:data1\" content=\"David H\u00f8jmark\" \/>\n\t<meta name=\"twitter:label2\" content=\"Estimeret l\u00e6setid\" \/>\n\t<meta name=\"twitter:data2\" content=\"4 minutter\" \/>\n<script type=\"application\/ld+json\" class=\"yoast-schema-graph\">{\"@context\":\"https:\/\/schema.org\",\"@graph\":[{\"@type\":\"Article\",\"@id\":\"https:\/\/kunmedierne.dk\/mors\/vi-har-kun-et-sted-at-klage-og-det-er-hos-kommunen\/#article\",\"isPartOf\":{\"@id\":\"https:\/\/kunmedierne.dk\/mors\/vi-har-kun-et-sted-at-klage-og-det-er-hos-kommunen\/\"},\"author\":{\"name\":\"David H\u00f8jmark\",\"@id\":\"https:\/\/kunmedierne.dk\/mors\/#\/schema\/person\/5fe23251bf1d0abbcdc6f7896579d548\"},\"headline\":\"&#8211; Vi har kun \u00e9t sted at klage, og det er hos kommunen\",\"datePublished\":\"2021-02-26T15:32:48+00:00\",\"dateModified\":\"2024-08-12T11:37:48+00:00\",\"mainEntityOfPage\":{\"@id\":\"https:\/\/kunmedierne.dk\/mors\/vi-har-kun-et-sted-at-klage-og-det-er-hos-kommunen\/\"},\"wordCount\":758,\"commentCount\":0,\"publisher\":{\"@id\":\"https:\/\/kunmedierne.dk\/mors\/#organization\"},\"image\":{\"@id\":\"https:\/\/kunmedierne.dk\/mors\/vi-har-kun-et-sted-at-klage-og-det-er-hos-kommunen\/#primaryimage\"},\"thumbnailUrl\":\"https:\/\/kunmedierne.dk\/mors\/wp-content\/uploads\/2021\/02\/210217-sundby.jpg\",\"keywords\":[\"Politik\"],\"articleSection\":[\"Lokalt\"],\"inLanguage\":\"da-DK\",\"potentialAction\":[{\"@type\":\"CommentAction\",\"name\":\"Comment\",\"target\":[\"https:\/\/kunmedierne.dk\/mors\/vi-har-kun-et-sted-at-klage-og-det-er-hos-kommunen\/#respond\"]}]},{\"@type\":\"WebPage\",\"@id\":\"https:\/\/kunmedierne.dk\/mors\/vi-har-kun-et-sted-at-klage-og-det-er-hos-kommunen\/\",\"url\":\"https:\/\/kunmedierne.dk\/mors\/vi-har-kun-et-sted-at-klage-og-det-er-hos-kommunen\/\",\"name\":\"- Vi har kun \u00e9t sted at klage, og det er hos kommunen - Mors\",\"isPartOf\":{\"@id\":\"https:\/\/kunmedierne.dk\/mors\/#website\"},\"primaryImageOfPage\":{\"@id\":\"https:\/\/kunmedierne.dk\/mors\/vi-har-kun-et-sted-at-klage-og-det-er-hos-kommunen\/#primaryimage\"},\"image\":{\"@id\":\"https:\/\/kunmedierne.dk\/mors\/vi-har-kun-et-sted-at-klage-og-det-er-hos-kommunen\/#primaryimage\"},\"thumbnailUrl\":\"https:\/\/kunmedierne.dk\/mors\/wp-content\/uploads\/2021\/02\/210217-sundby.jpg\",\"datePublished\":\"2021-02-26T15:32:48+00:00\",\"dateModified\":\"2024-08-12T11:37:48+00:00\",\"breadcrumb\":{\"@id\":\"https:\/\/kunmedierne.dk\/mors\/vi-har-kun-et-sted-at-klage-og-det-er-hos-kommunen\/#breadcrumb\"},\"inLanguage\":\"da-DK\",\"potentialAction\":[{\"@type\":\"ReadAction\",\"target\":[\"https:\/\/kunmedierne.dk\/mors\/vi-har-kun-et-sted-at-klage-og-det-er-hos-kommunen\/\"]}]},{\"@type\":\"ImageObject\",\"inLanguage\":\"da-DK\",\"@id\":\"https:\/\/kunmedierne.dk\/mors\/vi-har-kun-et-sted-at-klage-og-det-er-hos-kommunen\/#primaryimage\",\"url\":\"https:\/\/kunmedierne.dk\/mors\/wp-content\/uploads\/2021\/02\/210217-sundby.jpg\",\"contentUrl\":\"https:\/\/kunmedierne.dk\/mors\/wp-content\/uploads\/2021\/02\/210217-sundby.jpg\",\"width\":770,\"height\":513,\"caption\":\"Denne vej i Sundby er til debat. Foto: David H\u00f8jmark\"},{\"@type\":\"BreadcrumbList\",\"@id\":\"https:\/\/kunmedierne.dk\/mors\/vi-har-kun-et-sted-at-klage-og-det-er-hos-kommunen\/#breadcrumb\",\"itemListElement\":[{\"@type\":\"ListItem\",\"position\":1,\"name\":\"Hjem\",\"item\":\"https:\/\/kunmedierne.dk\/mors\/\"},{\"@type\":\"ListItem\",\"position\":2,\"name\":\"&#8211; Vi har kun \u00e9t sted at klage, og det er hos kommunen\"}]},{\"@type\":\"WebSite\",\"@id\":\"https:\/\/kunmedierne.dk\/mors\/#website\",\"url\":\"https:\/\/kunmedierne.dk\/mors\/\",\"name\":\"Mors\",\"description\":\"et netmedie med journalistik om livet p\u00e5 Mors\",\"publisher\":{\"@id\":\"https:\/\/kunmedierne.dk\/mors\/#organization\"},\"potentialAction\":[{\"@type\":\"SearchAction\",\"target\":{\"@type\":\"EntryPoint\",\"urlTemplate\":\"https:\/\/kunmedierne.dk\/mors\/?s={search_term_string}\"},\"query-input\":{\"@type\":\"PropertyValueSpecification\",\"valueRequired\":true,\"valueName\":\"search_term_string\"}}],\"inLanguage\":\"da-DK\"},{\"@type\":\"Organization\",\"@id\":\"https:\/\/kunmedierne.dk\/mors\/#organization\",\"name\":\"Mors\",\"url\":\"https:\/\/kunmedierne.dk\/mors\/\",\"logo\":{\"@type\":\"ImageObject\",\"inLanguage\":\"da-DK\",\"@id\":\"https:\/\/kunmedierne.dk\/mors\/#\/schema\/logo\/image\/\",\"url\":\"https:\/\/kunmedierne.dk\/mors\/wp-content\/uploads\/2024\/08\/kunmors-logo.svg\",\"contentUrl\":\"https:\/\/kunmedierne.dk\/mors\/wp-content\/uploads\/2024\/08\/kunmors-logo.svg\",\"caption\":\"Mors\"},\"image\":{\"@id\":\"https:\/\/kunmedierne.dk\/mors\/#\/schema\/logo\/image\/\"}},{\"@type\":\"Person\",\"@id\":\"https:\/\/kunmedierne.dk\/mors\/#\/schema\/person\/5fe23251bf1d0abbcdc6f7896579d548\",\"name\":\"David H\u00f8jmark\",\"image\":{\"@type\":\"ImageObject\",\"inLanguage\":\"da-DK\",\"@id\":\"https:\/\/kunmedierne.dk\/mors\/#\/schema\/person\/image\/\",\"url\":\"https:\/\/secure.gravatar.com\/avatar\/4315d6fb9ef244d729989f5f90268eb08d5bf8a3d84402f595fa194bb35784fd?s=96&d=mm&r=g\",\"contentUrl\":\"https:\/\/secure.gravatar.com\/avatar\/4315d6fb9ef244d729989f5f90268eb08d5bf8a3d84402f595fa194bb35784fd?s=96&d=mm&r=g\",\"caption\":\"David H\u00f8jmark\"},\"sameAs\":[\"https:\/\/www.kunmedierne.dk\"],\"url\":\"https:\/\/kunmedierne.dk\/mors\/author\/david\/\"}]}<\/script>\n<!-- \/ Yoast SEO plugin. -->","yoast_head_json":{"title":"- Vi har kun \u00e9t sted at klage, og det er hos kommunen - Mors","robots":{"index":"index","follow":"follow","max-snippet":"max-snippet:-1","max-image-preview":"max-image-preview:large","max-video-preview":"max-video-preview:-1"},"canonical":"https:\/\/kunmedierne.dk\/mors\/vi-har-kun-et-sted-at-klage-og-det-er-hos-kommunen\/","og_locale":"da_DK","og_type":"article","og_title":"- Vi har kun \u00e9t sted at klage, og det er hos kommunen - Mors","og_description":"SUNDBY: En politisk beslutning er truffet i et af de kommunale udvalg &#8211; og alt tyder p\u00e5, at det kompromis, som et flertal i udvalget for teknik og milj\u00f8 n\u00e5ede frem til i onsdags, cementerer fremtiden for et fortov i Sundby. Men det betyder ikke, at forestillingen er forbi. Og det betyder slet ikke, at [&hellip;]","og_url":"https:\/\/kunmedierne.dk\/mors\/vi-har-kun-et-sted-at-klage-og-det-er-hos-kommunen\/","og_site_name":"Mors","article_published_time":"2021-02-26T15:32:48+00:00","article_modified_time":"2024-08-12T11:37:48+00:00","og_image":[{"width":770,"height":513,"url":"https:\/\/kunmedierne.dk\/mors\/wp-content\/uploads\/2021\/02\/210217-sundby.jpg","type":"image\/jpeg"}],"author":"David H\u00f8jmark","twitter_card":"summary_large_image","twitter_misc":{"Skrevet af":"David H\u00f8jmark","Estimeret l\u00e6setid":"4 minutter"},"schema":{"@context":"https:\/\/schema.org","@graph":[{"@type":"Article","@id":"https:\/\/kunmedierne.dk\/mors\/vi-har-kun-et-sted-at-klage-og-det-er-hos-kommunen\/#article","isPartOf":{"@id":"https:\/\/kunmedierne.dk\/mors\/vi-har-kun-et-sted-at-klage-og-det-er-hos-kommunen\/"},"author":{"name":"David H\u00f8jmark","@id":"https:\/\/kunmedierne.dk\/mors\/#\/schema\/person\/5fe23251bf1d0abbcdc6f7896579d548"},"headline":"&#8211; Vi har kun \u00e9t sted at klage, og det er hos kommunen","datePublished":"2021-02-26T15:32:48+00:00","dateModified":"2024-08-12T11:37:48+00:00","mainEntityOfPage":{"@id":"https:\/\/kunmedierne.dk\/mors\/vi-har-kun-et-sted-at-klage-og-det-er-hos-kommunen\/"},"wordCount":758,"commentCount":0,"publisher":{"@id":"https:\/\/kunmedierne.dk\/mors\/#organization"},"image":{"@id":"https:\/\/kunmedierne.dk\/mors\/vi-har-kun-et-sted-at-klage-og-det-er-hos-kommunen\/#primaryimage"},"thumbnailUrl":"https:\/\/kunmedierne.dk\/mors\/wp-content\/uploads\/2021\/02\/210217-sundby.jpg","keywords":["Politik"],"articleSection":["Lokalt"],"inLanguage":"da-DK","potentialAction":[{"@type":"CommentAction","name":"Comment","target":["https:\/\/kunmedierne.dk\/mors\/vi-har-kun-et-sted-at-klage-og-det-er-hos-kommunen\/#respond"]}]},{"@type":"WebPage","@id":"https:\/\/kunmedierne.dk\/mors\/vi-har-kun-et-sted-at-klage-og-det-er-hos-kommunen\/","url":"https:\/\/kunmedierne.dk\/mors\/vi-har-kun-et-sted-at-klage-og-det-er-hos-kommunen\/","name":"- Vi har kun \u00e9t sted at klage, og det er hos kommunen - Mors","isPartOf":{"@id":"https:\/\/kunmedierne.dk\/mors\/#website"},"primaryImageOfPage":{"@id":"https:\/\/kunmedierne.dk\/mors\/vi-har-kun-et-sted-at-klage-og-det-er-hos-kommunen\/#primaryimage"},"image":{"@id":"https:\/\/kunmedierne.dk\/mors\/vi-har-kun-et-sted-at-klage-og-det-er-hos-kommunen\/#primaryimage"},"thumbnailUrl":"https:\/\/kunmedierne.dk\/mors\/wp-content\/uploads\/2021\/02\/210217-sundby.jpg","datePublished":"2021-02-26T15:32:48+00:00","dateModified":"2024-08-12T11:37:48+00:00","breadcrumb":{"@id":"https:\/\/kunmedierne.dk\/mors\/vi-har-kun-et-sted-at-klage-og-det-er-hos-kommunen\/#breadcrumb"},"inLanguage":"da-DK","potentialAction":[{"@type":"ReadAction","target":["https:\/\/kunmedierne.dk\/mors\/vi-har-kun-et-sted-at-klage-og-det-er-hos-kommunen\/"]}]},{"@type":"ImageObject","inLanguage":"da-DK","@id":"https:\/\/kunmedierne.dk\/mors\/vi-har-kun-et-sted-at-klage-og-det-er-hos-kommunen\/#primaryimage","url":"https:\/\/kunmedierne.dk\/mors\/wp-content\/uploads\/2021\/02\/210217-sundby.jpg","contentUrl":"https:\/\/kunmedierne.dk\/mors\/wp-content\/uploads\/2021\/02\/210217-sundby.jpg","width":770,"height":513,"caption":"Denne vej i Sundby er til debat. Foto: David H\u00f8jmark"},{"@type":"BreadcrumbList","@id":"https:\/\/kunmedierne.dk\/mors\/vi-har-kun-et-sted-at-klage-og-det-er-hos-kommunen\/#breadcrumb","itemListElement":[{"@type":"ListItem","position":1,"name":"Hjem","item":"https:\/\/kunmedierne.dk\/mors\/"},{"@type":"ListItem","position":2,"name":"&#8211; Vi har kun \u00e9t sted at klage, og det er hos kommunen"}]},{"@type":"WebSite","@id":"https:\/\/kunmedierne.dk\/mors\/#website","url":"https:\/\/kunmedierne.dk\/mors\/","name":"Mors","description":"et netmedie med journalistik om livet p\u00e5 Mors","publisher":{"@id":"https:\/\/kunmedierne.dk\/mors\/#organization"},"potentialAction":[{"@type":"SearchAction","target":{"@type":"EntryPoint","urlTemplate":"https:\/\/kunmedierne.dk\/mors\/?s={search_term_string}"},"query-input":{"@type":"PropertyValueSpecification","valueRequired":true,"valueName":"search_term_string"}}],"inLanguage":"da-DK"},{"@type":"Organization","@id":"https:\/\/kunmedierne.dk\/mors\/#organization","name":"Mors","url":"https:\/\/kunmedierne.dk\/mors\/","logo":{"@type":"ImageObject","inLanguage":"da-DK","@id":"https:\/\/kunmedierne.dk\/mors\/#\/schema\/logo\/image\/","url":"https:\/\/kunmedierne.dk\/mors\/wp-content\/uploads\/2024\/08\/kunmors-logo.svg","contentUrl":"https:\/\/kunmedierne.dk\/mors\/wp-content\/uploads\/2024\/08\/kunmors-logo.svg","caption":"Mors"},"image":{"@id":"https:\/\/kunmedierne.dk\/mors\/#\/schema\/logo\/image\/"}},{"@type":"Person","@id":"https:\/\/kunmedierne.dk\/mors\/#\/schema\/person\/5fe23251bf1d0abbcdc6f7896579d548","name":"David H\u00f8jmark","image":{"@type":"ImageObject","inLanguage":"da-DK","@id":"https:\/\/kunmedierne.dk\/mors\/#\/schema\/person\/image\/","url":"https:\/\/secure.gravatar.com\/avatar\/4315d6fb9ef244d729989f5f90268eb08d5bf8a3d84402f595fa194bb35784fd?s=96&d=mm&r=g","contentUrl":"https:\/\/secure.gravatar.com\/avatar\/4315d6fb9ef244d729989f5f90268eb08d5bf8a3d84402f595fa194bb35784fd?s=96&d=mm&r=g","caption":"David H\u00f8jmark"},"sameAs":["https:\/\/www.kunmedierne.dk"],"url":"https:\/\/kunmedierne.dk\/mors\/author\/david\/"}]}},"_links":{"self":[{"href":"https:\/\/kunmedierne.dk\/mors\/wp-json\/wp\/v2\/posts\/40635","targetHints":{"allow":["GET"]}}],"collection":[{"href":"https:\/\/kunmedierne.dk\/mors\/wp-json\/wp\/v2\/posts"}],"about":[{"href":"https:\/\/kunmedierne.dk\/mors\/wp-json\/wp\/v2\/types\/post"}],"author":[{"embeddable":true,"href":"https:\/\/kunmedierne.dk\/mors\/wp-json\/wp\/v2\/users\/8"}],"replies":[{"embeddable":true,"href":"https:\/\/kunmedierne.dk\/mors\/wp-json\/wp\/v2\/comments?post=40635"}],"version-history":[{"count":7,"href":"https:\/\/kunmedierne.dk\/mors\/wp-json\/wp\/v2\/posts\/40635\/revisions"}],"predecessor-version":[{"id":40666,"href":"https:\/\/kunmedierne.dk\/mors\/wp-json\/wp\/v2\/posts\/40635\/revisions\/40666"}],"wp:featuredmedia":[{"embeddable":true,"href":"https:\/\/kunmedierne.dk\/mors\/wp-json\/wp\/v2\/media\/40165"}],"wp:attachment":[{"href":"https:\/\/kunmedierne.dk\/mors\/wp-json\/wp\/v2\/media?parent=40635"}],"wp:term":[{"taxonomy":"category","embeddable":true,"href":"https:\/\/kunmedierne.dk\/mors\/wp-json\/wp\/v2\/categories?post=40635"},{"taxonomy":"post_tag","embeddable":true,"href":"https:\/\/kunmedierne.dk\/mors\/wp-json\/wp\/v2\/tags?post=40635"}],"curies":[{"name":"wp","href":"https:\/\/api.w.org\/{rel}","templated":true}]}}