{"id":40507,"date":"2021-02-24T17:18:01","date_gmt":"2021-02-24T16:18:01","guid":{"rendered":"https:\/\/kunmedierne.dk\/mors\/?p=40507"},"modified":"2024-08-12T13:37:49","modified_gmt":"2024-08-12T11:37:49","slug":"viggo-vangsgaard-vi-har-lovet-fortov-i-to-valgkampe","status":"publish","type":"post","link":"https:\/\/kunmedierne.dk\/mors\/viggo-vangsgaard-vi-har-lovet-fortov-i-to-valgkampe\/","title":{"rendered":"Viggo Vangsgaard: &#8211; Vi har lovet fortov i to valgkampe"},"content":{"rendered":"<p><strong>SUNDBY<\/strong>: &#8220;Vi skal st\u00e5 fast p\u00e5 det, vi har lovet,&#8221; lyder det fra den ene.<\/p>\n<p>&#8220;Det er ren valgkamp,&#8221; svarer den anden.<\/p>\n<p>1. viceborgmester Viggo Vangsgaard (SF) og 2. viceborgmester Meiner N\u00f8rgaard (DF) er om ikke p\u00e5 kollisionskurs omkring et trafikprojekt i Sundby, s\u00e5 i hvert fald s\u00e5 uenige om den politiske beslutning, at fortovet nu f\u00e5r en ekstra omgang i den politiske manege.<\/p>\n<p>For <a href=\"https:\/\/kunmedierne.dk\/mors\/flertallet-valgte-fortov-halvvejs-op-igennem-sundby\/\" target=\"_blank\" rel=\"noopener noreferrer\">dagens beslutning<\/a> i udvalget fra teknik og milj\u00f8 var ikke enstemmig. Seks af de syv medlemmer sagde ja til et kompromis, der blandt andet indeb\u00e6rer fortov kombineret med en 2 minus 1-vej p\u00e5 den farligste del af str\u00e6kningen p\u00e5 Sundbyvej.\u00a0Viggo Vangsgaard gik som den eneste imod og stillede et \u00e6ndringsforslag, som han nu vil have kommunalbestyrelsen til at forholde sig til. <a href=\"https:\/\/www.fmspks.dk\/\"><img loading=\"lazy\" decoding=\"async\" class=\"alignright size-full wp-image-35528\" src=\"https:\/\/kunmedierne.dk\/mors\/wp-content\/uploads\/2020\/11\/ho4.jpg\" alt=\"\" width=\"1400\" height=\"125\" srcset=\"https:\/\/kunmedierne.dk\/mors\/wp-content\/uploads\/2020\/11\/ho4.jpg 1400w, https:\/\/kunmedierne.dk\/mors\/wp-content\/uploads\/2020\/11\/ho4-300x27.jpg 300w, https:\/\/kunmedierne.dk\/mors\/wp-content\/uploads\/2020\/11\/ho4-1024x91.jpg 1024w, https:\/\/kunmedierne.dk\/mors\/wp-content\/uploads\/2020\/11\/ho4-768x69.jpg 768w, https:\/\/kunmedierne.dk\/mors\/wp-content\/uploads\/2020\/11\/ho4-600x54.jpg 600w\" sizes=\"auto, (max-width: 1400px) 100vw, 1400px\" \/><\/a><\/p>\n<p>Forslaget f\u00f8lger byrumsgruppen i Sundby, som har \u00f8nsket et fortov p\u00e5 hele str\u00e6kningen. Viggo Vangsgaard foresl\u00e5r b\u00e5de det og blandt andet etablering af tre fartd\u00e6mpere.<\/p>\n<p>Og i forhold til den fulde str\u00e6kning p\u00e5 fortovet henviser han til tidligere l\u00f8fter.<\/p>\n<p>&#8220;Det er det, der er blevet lovet i faktisk to valgkampe. N\u00e5r der har v\u00e6ret valgm\u00f8der i Sundby, har vi st\u00e5et p\u00e5 nakken af hinanden for at love, at der selvf\u00f8lgelig ville blive fortov &#8211; og at der selvf\u00f8lgelig ville blive sikring af de bl\u00f8de trafikanter,&#8221; siger Viggo Vangsgaard.<\/p>\n<p>&#8220;S\u00e5 jeg st\u00e5r selvf\u00f8lgelig fast p\u00e5, at det er det, de skal have,&#8221; tilf\u00f8jer han.<\/p>\n<p>&nbsp;<\/p>\n<p><strong>Ikke v\u00e6gt p\u00e5 indsigelser<\/strong><\/p>\n<p>En af \u00e5rsagerne til det kompromis, flertallet i udvalget for teknik og milj\u00f8 vedtog, er hensyn til de h\u00f8ringssvar, sagen har f\u00f8rt til. Viggo Vangsgaard medgiver, at de er indkommet, men han till\u00e6gger dem ikke afg\u00f8rende betydning.<\/p>\n<p>&#8220;Der har v\u00e6ret nogle indvendinger fra nogle af dem, der bor p\u00e5 Sundbyvej. Og det er rigtigt, at de bliver p\u00e5lagt at st\u00e5 for vintervedligeholdelse. Men det er s\u00e5 f\u00e5,&#8221; siger han og l\u00e6gger v\u00e6gt p\u00e5, at en del af h\u00f8ringssvarene er fra andre adresser end p\u00e5 Sundbyvej.<\/p>\n<p>&#8220;Det er endda fra nogle, der bor langt v\u00e6k, s\u00e5 dem kan jeg alts\u00e5 ikke tage s\u00e6rligt h\u00f8jtideligt,&#8221; siger han. <a href=\"https:\/\/morsoe-begravelsesforretning.dk\/\"><img loading=\"lazy\" decoding=\"async\" class=\"alignright size-full wp-image-35519\" src=\"https:\/\/kunmedierne.dk\/mors\/wp-content\/uploads\/2020\/11\/ho5.jpg\" alt=\"\" width=\"1425\" height=\"127\" srcset=\"https:\/\/kunmedierne.dk\/mors\/wp-content\/uploads\/2020\/11\/ho5.jpg 1425w, https:\/\/kunmedierne.dk\/mors\/wp-content\/uploads\/2020\/11\/ho5-300x27.jpg 300w, https:\/\/kunmedierne.dk\/mors\/wp-content\/uploads\/2020\/11\/ho5-1024x91.jpg 1024w, https:\/\/kunmedierne.dk\/mors\/wp-content\/uploads\/2020\/11\/ho5-768x68.jpg 768w, https:\/\/kunmedierne.dk\/mors\/wp-content\/uploads\/2020\/11\/ho5-600x53.jpg 600w\" sizes=\"auto, (max-width: 1425px) 100vw, 1425px\" \/><\/a><\/p>\n<p>Viggo Vangsgaard understreger dog, at det f\u00f8rst og fremmest er de politiske budskaber fra tidligere valgkampe, der er \u00e5rsag til hans \u00e6ndringsforslag.<\/p>\n<p>&#8220;Og nu har vi midlerne til at g\u00f8re det. S\u00e5 skylder vi ogs\u00e5 borgerne fra Sundby, at vi g\u00f8r det f\u00e6rdigt. Efterf\u00f8lgende kan vi s\u00e5 se, om det har hjulpet, hvad vi har gjort. Og har det ikke det, er vi n\u00f8dt til at lave 2 minus 1-vej igennem hele Sundby,&#8221; siger han.<\/p>\n<p>&nbsp;<\/p>\n<p><strong>En gratis omgang valgkamp<\/strong><\/p>\n<p>Det v\u00e6kker dog ikke begejstring hos 2. viceborgmester og formand for udvalget for teknik og milj\u00f8, Meiner N\u00f8rgaard (DF).<\/p>\n<p>&#8220;Det er en typisk Viggo at ville bruge flere penge, end vi har. Det er jo valgkamp fra hans side, og det kommer, hver gang der skal v\u00e6re kommunalvalg. S\u00e5 det kan jeg ikke kommentere p\u00e5 andre m\u00e5der end det,&#8221; siger han om \u00e6ndringsforslaget, inden han ogs\u00e5 kritiserer finansieringen af det.<\/p>\n<p>&#8220;Han vil bruge 1,9 millioner kroner fra infrastrukturpuljen, men uden at sige, hvilke forslag derfra han s\u00e5 vil pille ud. S\u00e5 det er jo egentlig lidt en gratis omgang for ham,&#8221; siger Meiner N\u00f8rgaard.<\/p>\n<p>Viggo Vangsgaard svarer, at pengene ganske rigtigt skal findes via infrastrukturpuljen, men at situationen netop nu er s\u00e5 gunstig, at det ogs\u00e5 er muligt. <a href=\"https:\/\/www.sparnord.dk\/filialer\/nykoebing-mors\/\"><img loading=\"lazy\" decoding=\"async\" class=\"alignright size-full wp-image-35699\" src=\"https:\/\/kunmedierne.dk\/mors\/wp-content\/uploads\/2020\/11\/ho6.jpg\" alt=\"\" width=\"1400\" height=\"123\" srcset=\"https:\/\/kunmedierne.dk\/mors\/wp-content\/uploads\/2020\/11\/ho6.jpg 1400w, https:\/\/kunmedierne.dk\/mors\/wp-content\/uploads\/2020\/11\/ho6-300x26.jpg 300w, https:\/\/kunmedierne.dk\/mors\/wp-content\/uploads\/2020\/11\/ho6-1024x90.jpg 1024w, https:\/\/kunmedierne.dk\/mors\/wp-content\/uploads\/2020\/11\/ho6-768x67.jpg 768w, https:\/\/kunmedierne.dk\/mors\/wp-content\/uploads\/2020\/11\/ho6-600x53.jpg 600w\" sizes=\"auto, (max-width: 1400px) 100vw, 1400px\" \/><\/a><\/p>\n<p>&#8220;Vi har faktisk sparet mange penge p\u00e5 asfalt, fordi vi har f\u00e5et betydeligt bedre tilbud p\u00e5 asfalt, end vi havde forventet. Derfor er der flere penge til asfalt, end vi har beregnet. Og derfor kan vi godt bruge nogle af dem til det her,&#8221; siger han og kommenterer Meiner N\u00f8rgaards p\u00e5stand om at f\u00f8re valgkamp:<\/p>\n<p>&#8220;Det er jo tidligere valgkampe. Og op til et nyt valg er man jo n\u00f8dt til at sige, at man selvf\u00f8lgelig overholder det, man har lovet tidligere. Det var godt nok for et andet parti, men det var personligt, at jeg lovede, at jeg gik ind for det,&#8221; siger Viggo Vangsgaard.<\/p>\n<p>&#8220;Der vil ogs\u00e5 v\u00e6re nogle i den socialdemokratiske gruppe, der vil sige, at jeg har gjort det. Der vil i hvert fald v\u00e6re nogle af socialdemokraterne i Sundby, der vil sige det,&#8221; siger han.<\/p>\n<p>&nbsp;<\/p>\n<p><strong>Skal lytte til indsigelser<\/strong><\/p>\n<p>En af dem kunne v\u00e6re Erik Vejling, der har siddet 12 \u00e5r i kommunalbestyrelsen for Socialdemokratiet &#8211; og som ogs\u00e5 har v\u00e6ret p\u00e5 banen med <a href=\"https:\/\/kunmedierne.dk\/mors\/det-vil-skabe-nogle-utrolig-farlige-situationer\/\" target=\"_blank\" rel=\"noopener noreferrer\">kritik af udvalgets slingrekurs<\/a> i forhold til beslutningen om fortovet i Sundby.<\/p>\n<p>Erik Vejling sidder ogs\u00e5 i byrumsgruppen, som KunMors arbejder p\u00e5 at f\u00f8lger op med en kommentar fra. Meiner N\u00f8rgaard har en forventning om, at gruppen n\u00e6ppe til fulde bifalder dagens beslutning.<\/p>\n<p>&#8220;Jeg tror m\u00e5ske godt, de kunne have \u00f8nsket sig noget mere fortov. Men det her er jo et kompromis for at tilfredsstille st\u00f8rsteparten. Og jeg synes ogs\u00e5, at vi b\u00f8r h\u00f8re efter de indsigelser, der er kommet. N\u00e5r dem, der bor p\u00e5 vejen, absolut ikke vil have et fortov, er det ogs\u00e5 en del af det at v\u00e6re et politisk udvalg at lytte til indsigelserne,&#8221; siger han. <a href=\"https:\/\/www.braendselsforeningen.dk\/\"><img loading=\"lazy\" decoding=\"async\" class=\"alignright size-full wp-image-36029\" src=\"https:\/\/kunmedierne.dk\/mors\/wp-content\/uploads\/2020\/11\/Br\u00e6ndselsforeningen.jpg\" alt=\"\" width=\"1425\" height=\"127\" srcset=\"https:\/\/kunmedierne.dk\/mors\/wp-content\/uploads\/2020\/11\/Br\u00e6ndselsforeningen.jpg 1425w, https:\/\/kunmedierne.dk\/mors\/wp-content\/uploads\/2020\/11\/Br\u00e6ndselsforeningen-300x27.jpg 300w, https:\/\/kunmedierne.dk\/mors\/wp-content\/uploads\/2020\/11\/Br\u00e6ndselsforeningen-1024x91.jpg 1024w, https:\/\/kunmedierne.dk\/mors\/wp-content\/uploads\/2020\/11\/Br\u00e6ndselsforeningen-768x68.jpg 768w, https:\/\/kunmedierne.dk\/mors\/wp-content\/uploads\/2020\/11\/Br\u00e6ndselsforeningen-600x53.jpg 600w\" sizes=\"auto, (max-width: 1425px) 100vw, 1425px\" \/><\/a><\/p>\n<p>&nbsp;<\/p>\n<blockquote>\n<h2>FAKTA<\/h2>\n<h5>Udvalget for teknik og milj\u00f8 i Mors\u00f8 Kommune best\u00e5r af:<\/h5>\n<h5>Formand Meiner N\u00f8rgaard (DF), n\u00e6stformand Ansgar Nygaard (V), Anja Birch Als\u00f8er (V), Peter Lilleb\u00e6k (V), Henrik Jensen (V), Jakob Kortb\u00e6k (S) og Viggo Vangsgaard (SF).<\/h5>\n<\/blockquote>\n","protected":false},"excerpt":{"rendered":"<p>SUNDBY: &#8220;Vi skal st\u00e5 fast p\u00e5 det, vi har lovet,&#8221; lyder det fra den ene. &#8220;Det er ren valgkamp,&#8221; svarer den anden. 1. viceborgmester Viggo Vangsgaard (SF) og 2. viceborgmester Meiner N\u00f8rgaard (DF) er om ikke p\u00e5 kollisionskurs omkring et trafikprojekt i Sundby, s\u00e5 i hvert fald s\u00e5 uenige om den politiske beslutning, at fortovet [&hellip;]<\/p>\n","protected":false},"author":8,"featured_media":40510,"comment_status":"open","ping_status":"open","sticky":false,"template":"","format":"standard","meta":{"_acf_changed":false,"footnotes":""},"categories":[51],"tags":[167],"class_list":["post-40507","post","type-post","status-publish","format-standard","has-post-thumbnail","hentry","category-lokalt","tag-politik"],"acf":[],"yoast_head":"<!-- This site is optimized with the Yoast SEO plugin v26.8 - https:\/\/yoast.com\/product\/yoast-seo-wordpress\/ -->\n<title>Viggo Vangsgaard: - Vi har lovet fortov i to valgkampe - Mors<\/title>\n<meta name=\"robots\" content=\"index, follow, max-snippet:-1, max-image-preview:large, max-video-preview:-1\" \/>\n<link rel=\"canonical\" href=\"https:\/\/kunmedierne.dk\/mors\/viggo-vangsgaard-vi-har-lovet-fortov-i-to-valgkampe\/\" \/>\n<meta property=\"og:locale\" content=\"da_DK\" \/>\n<meta property=\"og:type\" content=\"article\" \/>\n<meta property=\"og:title\" content=\"Viggo Vangsgaard: - Vi har lovet fortov i to valgkampe - Mors\" \/>\n<meta property=\"og:description\" content=\"SUNDBY: &#8220;Vi skal st\u00e5 fast p\u00e5 det, vi har lovet,&#8221; lyder det fra den ene. &#8220;Det er ren valgkamp,&#8221; svarer den anden. 1. viceborgmester Viggo Vangsgaard (SF) og 2. viceborgmester Meiner N\u00f8rgaard (DF) er om ikke p\u00e5 kollisionskurs omkring et trafikprojekt i Sundby, s\u00e5 i hvert fald s\u00e5 uenige om den politiske beslutning, at fortovet [&hellip;]\" \/>\n<meta property=\"og:url\" content=\"https:\/\/kunmedierne.dk\/mors\/viggo-vangsgaard-vi-har-lovet-fortov-i-to-valgkampe\/\" \/>\n<meta property=\"og:site_name\" content=\"Mors\" \/>\n<meta property=\"article:published_time\" content=\"2021-02-24T16:18:01+00:00\" \/>\n<meta property=\"article:modified_time\" content=\"2024-08-12T11:37:49+00:00\" \/>\n<meta property=\"og:image\" content=\"https:\/\/kunmedierne.dk\/mors\/wp-content\/uploads\/2021\/02\/sundby2.jpg\" \/>\n\t<meta property=\"og:image:width\" content=\"770\" \/>\n\t<meta property=\"og:image:height\" content=\"513\" \/>\n\t<meta property=\"og:image:type\" content=\"image\/jpeg\" \/>\n<meta name=\"author\" content=\"David H\u00f8jmark\" \/>\n<meta name=\"twitter:card\" content=\"summary_large_image\" \/>\n<meta name=\"twitter:label1\" content=\"Skrevet af\" \/>\n\t<meta name=\"twitter:data1\" content=\"David H\u00f8jmark\" \/>\n\t<meta name=\"twitter:label2\" content=\"Estimeret l\u00e6setid\" \/>\n\t<meta name=\"twitter:data2\" content=\"5 minutter\" \/>\n<script type=\"application\/ld+json\" class=\"yoast-schema-graph\">{\"@context\":\"https:\/\/schema.org\",\"@graph\":[{\"@type\":\"Article\",\"@id\":\"https:\/\/kunmedierne.dk\/mors\/viggo-vangsgaard-vi-har-lovet-fortov-i-to-valgkampe\/#article\",\"isPartOf\":{\"@id\":\"https:\/\/kunmedierne.dk\/mors\/viggo-vangsgaard-vi-har-lovet-fortov-i-to-valgkampe\/\"},\"author\":{\"name\":\"David H\u00f8jmark\",\"@id\":\"https:\/\/kunmedierne.dk\/mors\/#\/schema\/person\/5fe23251bf1d0abbcdc6f7896579d548\"},\"headline\":\"Viggo Vangsgaard: &#8211; Vi har lovet fortov i to valgkampe\",\"datePublished\":\"2021-02-24T16:18:01+00:00\",\"dateModified\":\"2024-08-12T11:37:49+00:00\",\"mainEntityOfPage\":{\"@id\":\"https:\/\/kunmedierne.dk\/mors\/viggo-vangsgaard-vi-har-lovet-fortov-i-to-valgkampe\/\"},\"wordCount\":938,\"commentCount\":0,\"publisher\":{\"@id\":\"https:\/\/kunmedierne.dk\/mors\/#organization\"},\"image\":{\"@id\":\"https:\/\/kunmedierne.dk\/mors\/viggo-vangsgaard-vi-har-lovet-fortov-i-to-valgkampe\/#primaryimage\"},\"thumbnailUrl\":\"https:\/\/kunmedierne.dk\/mors\/wp-content\/uploads\/2021\/02\/sundby2.jpg\",\"keywords\":[\"Politik\"],\"articleSection\":[\"Lokalt\"],\"inLanguage\":\"da-DK\",\"potentialAction\":[{\"@type\":\"CommentAction\",\"name\":\"Comment\",\"target\":[\"https:\/\/kunmedierne.dk\/mors\/viggo-vangsgaard-vi-har-lovet-fortov-i-to-valgkampe\/#respond\"]}]},{\"@type\":\"WebPage\",\"@id\":\"https:\/\/kunmedierne.dk\/mors\/viggo-vangsgaard-vi-har-lovet-fortov-i-to-valgkampe\/\",\"url\":\"https:\/\/kunmedierne.dk\/mors\/viggo-vangsgaard-vi-har-lovet-fortov-i-to-valgkampe\/\",\"name\":\"Viggo Vangsgaard: - Vi har lovet fortov i to valgkampe - Mors\",\"isPartOf\":{\"@id\":\"https:\/\/kunmedierne.dk\/mors\/#website\"},\"primaryImageOfPage\":{\"@id\":\"https:\/\/kunmedierne.dk\/mors\/viggo-vangsgaard-vi-har-lovet-fortov-i-to-valgkampe\/#primaryimage\"},\"image\":{\"@id\":\"https:\/\/kunmedierne.dk\/mors\/viggo-vangsgaard-vi-har-lovet-fortov-i-to-valgkampe\/#primaryimage\"},\"thumbnailUrl\":\"https:\/\/kunmedierne.dk\/mors\/wp-content\/uploads\/2021\/02\/sundby2.jpg\",\"datePublished\":\"2021-02-24T16:18:01+00:00\",\"dateModified\":\"2024-08-12T11:37:49+00:00\",\"breadcrumb\":{\"@id\":\"https:\/\/kunmedierne.dk\/mors\/viggo-vangsgaard-vi-har-lovet-fortov-i-to-valgkampe\/#breadcrumb\"},\"inLanguage\":\"da-DK\",\"potentialAction\":[{\"@type\":\"ReadAction\",\"target\":[\"https:\/\/kunmedierne.dk\/mors\/viggo-vangsgaard-vi-har-lovet-fortov-i-to-valgkampe\/\"]}]},{\"@type\":\"ImageObject\",\"inLanguage\":\"da-DK\",\"@id\":\"https:\/\/kunmedierne.dk\/mors\/viggo-vangsgaard-vi-har-lovet-fortov-i-to-valgkampe\/#primaryimage\",\"url\":\"https:\/\/kunmedierne.dk\/mors\/wp-content\/uploads\/2021\/02\/sundby2.jpg\",\"contentUrl\":\"https:\/\/kunmedierne.dk\/mors\/wp-content\/uploads\/2021\/02\/sundby2.jpg\",\"width\":770,\"height\":513,\"caption\":\"Kommunens to viceborgmestre, Viggo Vangsgaard (tv.) og Meiner N\u00f8rgaard (th.) ser forskelligt p\u00e5 trafikprojekt i Sundby. Foto: Per Bech\/Mors\u00f8 Kommune\"},{\"@type\":\"BreadcrumbList\",\"@id\":\"https:\/\/kunmedierne.dk\/mors\/viggo-vangsgaard-vi-har-lovet-fortov-i-to-valgkampe\/#breadcrumb\",\"itemListElement\":[{\"@type\":\"ListItem\",\"position\":1,\"name\":\"Hjem\",\"item\":\"https:\/\/kunmedierne.dk\/mors\/\"},{\"@type\":\"ListItem\",\"position\":2,\"name\":\"Viggo Vangsgaard: &#8211; Vi har lovet fortov i to valgkampe\"}]},{\"@type\":\"WebSite\",\"@id\":\"https:\/\/kunmedierne.dk\/mors\/#website\",\"url\":\"https:\/\/kunmedierne.dk\/mors\/\",\"name\":\"Mors\",\"description\":\"et netmedie med journalistik om livet p\u00e5 Mors\",\"publisher\":{\"@id\":\"https:\/\/kunmedierne.dk\/mors\/#organization\"},\"potentialAction\":[{\"@type\":\"SearchAction\",\"target\":{\"@type\":\"EntryPoint\",\"urlTemplate\":\"https:\/\/kunmedierne.dk\/mors\/?s={search_term_string}\"},\"query-input\":{\"@type\":\"PropertyValueSpecification\",\"valueRequired\":true,\"valueName\":\"search_term_string\"}}],\"inLanguage\":\"da-DK\"},{\"@type\":\"Organization\",\"@id\":\"https:\/\/kunmedierne.dk\/mors\/#organization\",\"name\":\"Mors\",\"url\":\"https:\/\/kunmedierne.dk\/mors\/\",\"logo\":{\"@type\":\"ImageObject\",\"inLanguage\":\"da-DK\",\"@id\":\"https:\/\/kunmedierne.dk\/mors\/#\/schema\/logo\/image\/\",\"url\":\"https:\/\/kunmedierne.dk\/mors\/wp-content\/uploads\/2024\/08\/kunmors-logo.svg\",\"contentUrl\":\"https:\/\/kunmedierne.dk\/mors\/wp-content\/uploads\/2024\/08\/kunmors-logo.svg\",\"caption\":\"Mors\"},\"image\":{\"@id\":\"https:\/\/kunmedierne.dk\/mors\/#\/schema\/logo\/image\/\"}},{\"@type\":\"Person\",\"@id\":\"https:\/\/kunmedierne.dk\/mors\/#\/schema\/person\/5fe23251bf1d0abbcdc6f7896579d548\",\"name\":\"David H\u00f8jmark\",\"image\":{\"@type\":\"ImageObject\",\"inLanguage\":\"da-DK\",\"@id\":\"https:\/\/kunmedierne.dk\/mors\/#\/schema\/person\/image\/\",\"url\":\"https:\/\/secure.gravatar.com\/avatar\/4315d6fb9ef244d729989f5f90268eb08d5bf8a3d84402f595fa194bb35784fd?s=96&d=mm&r=g\",\"contentUrl\":\"https:\/\/secure.gravatar.com\/avatar\/4315d6fb9ef244d729989f5f90268eb08d5bf8a3d84402f595fa194bb35784fd?s=96&d=mm&r=g\",\"caption\":\"David H\u00f8jmark\"},\"sameAs\":[\"https:\/\/www.kunmedierne.dk\"],\"url\":\"https:\/\/kunmedierne.dk\/mors\/author\/david\/\"}]}<\/script>\n<!-- \/ Yoast SEO plugin. -->","yoast_head_json":{"title":"Viggo Vangsgaard: - Vi har lovet fortov i to valgkampe - Mors","robots":{"index":"index","follow":"follow","max-snippet":"max-snippet:-1","max-image-preview":"max-image-preview:large","max-video-preview":"max-video-preview:-1"},"canonical":"https:\/\/kunmedierne.dk\/mors\/viggo-vangsgaard-vi-har-lovet-fortov-i-to-valgkampe\/","og_locale":"da_DK","og_type":"article","og_title":"Viggo Vangsgaard: - Vi har lovet fortov i to valgkampe - Mors","og_description":"SUNDBY: &#8220;Vi skal st\u00e5 fast p\u00e5 det, vi har lovet,&#8221; lyder det fra den ene. &#8220;Det er ren valgkamp,&#8221; svarer den anden. 1. viceborgmester Viggo Vangsgaard (SF) og 2. viceborgmester Meiner N\u00f8rgaard (DF) er om ikke p\u00e5 kollisionskurs omkring et trafikprojekt i Sundby, s\u00e5 i hvert fald s\u00e5 uenige om den politiske beslutning, at fortovet [&hellip;]","og_url":"https:\/\/kunmedierne.dk\/mors\/viggo-vangsgaard-vi-har-lovet-fortov-i-to-valgkampe\/","og_site_name":"Mors","article_published_time":"2021-02-24T16:18:01+00:00","article_modified_time":"2024-08-12T11:37:49+00:00","og_image":[{"width":770,"height":513,"url":"https:\/\/kunmedierne.dk\/mors\/wp-content\/uploads\/2021\/02\/sundby2.jpg","type":"image\/jpeg"}],"author":"David H\u00f8jmark","twitter_card":"summary_large_image","twitter_misc":{"Skrevet af":"David H\u00f8jmark","Estimeret l\u00e6setid":"5 minutter"},"schema":{"@context":"https:\/\/schema.org","@graph":[{"@type":"Article","@id":"https:\/\/kunmedierne.dk\/mors\/viggo-vangsgaard-vi-har-lovet-fortov-i-to-valgkampe\/#article","isPartOf":{"@id":"https:\/\/kunmedierne.dk\/mors\/viggo-vangsgaard-vi-har-lovet-fortov-i-to-valgkampe\/"},"author":{"name":"David H\u00f8jmark","@id":"https:\/\/kunmedierne.dk\/mors\/#\/schema\/person\/5fe23251bf1d0abbcdc6f7896579d548"},"headline":"Viggo Vangsgaard: &#8211; Vi har lovet fortov i to valgkampe","datePublished":"2021-02-24T16:18:01+00:00","dateModified":"2024-08-12T11:37:49+00:00","mainEntityOfPage":{"@id":"https:\/\/kunmedierne.dk\/mors\/viggo-vangsgaard-vi-har-lovet-fortov-i-to-valgkampe\/"},"wordCount":938,"commentCount":0,"publisher":{"@id":"https:\/\/kunmedierne.dk\/mors\/#organization"},"image":{"@id":"https:\/\/kunmedierne.dk\/mors\/viggo-vangsgaard-vi-har-lovet-fortov-i-to-valgkampe\/#primaryimage"},"thumbnailUrl":"https:\/\/kunmedierne.dk\/mors\/wp-content\/uploads\/2021\/02\/sundby2.jpg","keywords":["Politik"],"articleSection":["Lokalt"],"inLanguage":"da-DK","potentialAction":[{"@type":"CommentAction","name":"Comment","target":["https:\/\/kunmedierne.dk\/mors\/viggo-vangsgaard-vi-har-lovet-fortov-i-to-valgkampe\/#respond"]}]},{"@type":"WebPage","@id":"https:\/\/kunmedierne.dk\/mors\/viggo-vangsgaard-vi-har-lovet-fortov-i-to-valgkampe\/","url":"https:\/\/kunmedierne.dk\/mors\/viggo-vangsgaard-vi-har-lovet-fortov-i-to-valgkampe\/","name":"Viggo Vangsgaard: - Vi har lovet fortov i to valgkampe - Mors","isPartOf":{"@id":"https:\/\/kunmedierne.dk\/mors\/#website"},"primaryImageOfPage":{"@id":"https:\/\/kunmedierne.dk\/mors\/viggo-vangsgaard-vi-har-lovet-fortov-i-to-valgkampe\/#primaryimage"},"image":{"@id":"https:\/\/kunmedierne.dk\/mors\/viggo-vangsgaard-vi-har-lovet-fortov-i-to-valgkampe\/#primaryimage"},"thumbnailUrl":"https:\/\/kunmedierne.dk\/mors\/wp-content\/uploads\/2021\/02\/sundby2.jpg","datePublished":"2021-02-24T16:18:01+00:00","dateModified":"2024-08-12T11:37:49+00:00","breadcrumb":{"@id":"https:\/\/kunmedierne.dk\/mors\/viggo-vangsgaard-vi-har-lovet-fortov-i-to-valgkampe\/#breadcrumb"},"inLanguage":"da-DK","potentialAction":[{"@type":"ReadAction","target":["https:\/\/kunmedierne.dk\/mors\/viggo-vangsgaard-vi-har-lovet-fortov-i-to-valgkampe\/"]}]},{"@type":"ImageObject","inLanguage":"da-DK","@id":"https:\/\/kunmedierne.dk\/mors\/viggo-vangsgaard-vi-har-lovet-fortov-i-to-valgkampe\/#primaryimage","url":"https:\/\/kunmedierne.dk\/mors\/wp-content\/uploads\/2021\/02\/sundby2.jpg","contentUrl":"https:\/\/kunmedierne.dk\/mors\/wp-content\/uploads\/2021\/02\/sundby2.jpg","width":770,"height":513,"caption":"Kommunens to viceborgmestre, Viggo Vangsgaard (tv.) og Meiner N\u00f8rgaard (th.) ser forskelligt p\u00e5 trafikprojekt i Sundby. Foto: Per Bech\/Mors\u00f8 Kommune"},{"@type":"BreadcrumbList","@id":"https:\/\/kunmedierne.dk\/mors\/viggo-vangsgaard-vi-har-lovet-fortov-i-to-valgkampe\/#breadcrumb","itemListElement":[{"@type":"ListItem","position":1,"name":"Hjem","item":"https:\/\/kunmedierne.dk\/mors\/"},{"@type":"ListItem","position":2,"name":"Viggo Vangsgaard: &#8211; Vi har lovet fortov i to valgkampe"}]},{"@type":"WebSite","@id":"https:\/\/kunmedierne.dk\/mors\/#website","url":"https:\/\/kunmedierne.dk\/mors\/","name":"Mors","description":"et netmedie med journalistik om livet p\u00e5 Mors","publisher":{"@id":"https:\/\/kunmedierne.dk\/mors\/#organization"},"potentialAction":[{"@type":"SearchAction","target":{"@type":"EntryPoint","urlTemplate":"https:\/\/kunmedierne.dk\/mors\/?s={search_term_string}"},"query-input":{"@type":"PropertyValueSpecification","valueRequired":true,"valueName":"search_term_string"}}],"inLanguage":"da-DK"},{"@type":"Organization","@id":"https:\/\/kunmedierne.dk\/mors\/#organization","name":"Mors","url":"https:\/\/kunmedierne.dk\/mors\/","logo":{"@type":"ImageObject","inLanguage":"da-DK","@id":"https:\/\/kunmedierne.dk\/mors\/#\/schema\/logo\/image\/","url":"https:\/\/kunmedierne.dk\/mors\/wp-content\/uploads\/2024\/08\/kunmors-logo.svg","contentUrl":"https:\/\/kunmedierne.dk\/mors\/wp-content\/uploads\/2024\/08\/kunmors-logo.svg","caption":"Mors"},"image":{"@id":"https:\/\/kunmedierne.dk\/mors\/#\/schema\/logo\/image\/"}},{"@type":"Person","@id":"https:\/\/kunmedierne.dk\/mors\/#\/schema\/person\/5fe23251bf1d0abbcdc6f7896579d548","name":"David H\u00f8jmark","image":{"@type":"ImageObject","inLanguage":"da-DK","@id":"https:\/\/kunmedierne.dk\/mors\/#\/schema\/person\/image\/","url":"https:\/\/secure.gravatar.com\/avatar\/4315d6fb9ef244d729989f5f90268eb08d5bf8a3d84402f595fa194bb35784fd?s=96&d=mm&r=g","contentUrl":"https:\/\/secure.gravatar.com\/avatar\/4315d6fb9ef244d729989f5f90268eb08d5bf8a3d84402f595fa194bb35784fd?s=96&d=mm&r=g","caption":"David H\u00f8jmark"},"sameAs":["https:\/\/www.kunmedierne.dk"],"url":"https:\/\/kunmedierne.dk\/mors\/author\/david\/"}]}},"_links":{"self":[{"href":"https:\/\/kunmedierne.dk\/mors\/wp-json\/wp\/v2\/posts\/40507","targetHints":{"allow":["GET"]}}],"collection":[{"href":"https:\/\/kunmedierne.dk\/mors\/wp-json\/wp\/v2\/posts"}],"about":[{"href":"https:\/\/kunmedierne.dk\/mors\/wp-json\/wp\/v2\/types\/post"}],"author":[{"embeddable":true,"href":"https:\/\/kunmedierne.dk\/mors\/wp-json\/wp\/v2\/users\/8"}],"replies":[{"embeddable":true,"href":"https:\/\/kunmedierne.dk\/mors\/wp-json\/wp\/v2\/comments?post=40507"}],"version-history":[{"count":2,"href":"https:\/\/kunmedierne.dk\/mors\/wp-json\/wp\/v2\/posts\/40507\/revisions"}],"predecessor-version":[{"id":40511,"href":"https:\/\/kunmedierne.dk\/mors\/wp-json\/wp\/v2\/posts\/40507\/revisions\/40511"}],"wp:featuredmedia":[{"embeddable":true,"href":"https:\/\/kunmedierne.dk\/mors\/wp-json\/wp\/v2\/media\/40510"}],"wp:attachment":[{"href":"https:\/\/kunmedierne.dk\/mors\/wp-json\/wp\/v2\/media?parent=40507"}],"wp:term":[{"taxonomy":"category","embeddable":true,"href":"https:\/\/kunmedierne.dk\/mors\/wp-json\/wp\/v2\/categories?post=40507"},{"taxonomy":"post_tag","embeddable":true,"href":"https:\/\/kunmedierne.dk\/mors\/wp-json\/wp\/v2\/tags?post=40507"}],"curies":[{"name":"wp","href":"https:\/\/api.w.org\/{rel}","templated":true}]}}